{"id":220,"date":"2022-01-31T05:00:58","date_gmt":"2022-01-31T03:00:58","guid":{"rendered":"https:\/\/diarieducacio.cat\/espiral\/?p=220"},"modified":"2024-05-13T17:31:19","modified_gmt":"2024-05-13T15:31:19","slug":"una-educacio-natural-un-aprenentatge-a-la-natura","status":"publish","type":"post","link":"https:\/\/diarieducacio.cat\/espiral\/2022\/01\/31\/una-educacio-natural-un-aprenentatge-a-la-natura\/","title":{"rendered":"Una educaci\u00f3 natural, un aprenentatge a la natura"},"content":{"rendered":"<p>On ha quedat all\u00f2 natural de l&#8217;aprenentatge en un sistema que mesura, avalua, comptabilitza, vigila, reprimeix, obliga i connecta virtualment tot un contingut a trav\u00e9s d&#8217;unes mat\u00e8ries i sota el paraigua d&#8217;un curr\u00edculum?<\/p>\n<p>Quin paper compleix realment una aula i el seu professor entre quatre parets, una pantalla interactiva i multitud de material prefabricat i fungible, en relaci\u00f3 amb el vincle amb el nostre planeta i la interacci\u00f3 que tenim amb ell?<\/p>\n<h6 style=\"text-align: right\">\u00abNo hi ha un planeta B, no hi ha un planeta bla, bla, bla\u00bb Greta Thunberg<\/h6>\n<p>&nbsp;<\/p>\n<p>Avui, la neuroci\u00e8ncia i altres disciplines cient\u00edfiques ens donen una resposta clara de com apr\u00e8n el cervell i de com no hi ha res m\u00e9s natural que l&#8217;aprenentatge a trav\u00e9s del joc. \u00c9s m\u00e9s, res no caracteritza m\u00e9s els \u00e9ssers humans en relaci\u00f3 amb altres animals, que la seva capacitat per aprendre i transmetre aquest aprenentatge. La pregunta, una altra m\u00e9s per portar-te a la reflexi\u00f3, seria el qu\u00e8, el perqu\u00e8 i el com aprendre?<\/p>\n<h6 style=\"text-align: right\">\u00ab&#8230;ens trobem a les portes d&#8217;una cultura nova, d&#8217;una cultura basada en el cervell\u00bb Francisco Mora<\/h6>\n<p>&nbsp;<\/p>\n<p>No hi ha millor manera de reflexionar que generar preguntes. Les plantejades, sense \u00e0nim de buscar el conflicte, sigui amb l&#8217;avaluaci\u00f3, les notes o la tecnologia, nom\u00e9s pretenen posar sobre la mirada del lector o la lectora, sobre un q\u00fcestionament que t\u00e9 a veure amb l&#8217;educaci\u00f3. I \u00e9s que, sense voler estem, vulguem o no, involucrats en un canvi de paradigma en l&#8217;educaci\u00f3 i en aquest cobra, cada cop m\u00e9s import\u00e0ncia, processos naturals d&#8217;aprenentatge i ambients naturals com a contextos per a aquest.<\/p>\n<h6 style=\"text-align: right\">\u00abEl joc \u00e9s l&#8217;activitat per excel\u00b7l\u00e8ncia a trav\u00e9s de la qual aprenen els nens moguts per la sorpresa (\u2026) en qu\u00e8 els nens poden donar curs a la seva curiositat. En definitiva, aprendre des de dins cap a fora\u00bb Catherine L\u00b4Ecuyer<\/h6>\n<p>&nbsp;<\/p>\n<p>Segurament recordis que, fa tan sols uns mesos, vam poder veure a tots els mitjans de comunicaci\u00f3 com pol\u00edtics de grans i petits pa\u00efsos, aix\u00ed com activistes d&#8217;un i altre costat del m\u00f3n, unien les seves veus amb demandes, exig\u00e8ncies, promeses i compromisos amb quals aconseguir un canvi de rumb en la lluita contra el canvi clim\u00e0tic. Hem pogut ser part\u00edcips de la il\u00b7lusi\u00f3 i esperan\u00e7a, aix\u00ed com de la frustraci\u00f3 i decepci\u00f3, en base a la interpretaci\u00f3 que cada persona feia dels objectius assolits per part de l&#8217;anomenada cimera COP26. \u2014I ara ve el d\u00e9j\u00e1 vu\u2014 I \u00e9s que, sense voler estem, vulguem o no, involucrats en un canvi de paradigma social on el medi ambient i la natura, cada cop t\u00e9 m\u00e9s import\u00e0ncia.<\/p>\n<h6 style=\"text-align: right\">\u00abSi hagu\u00e9s de triar una paraula per definir el moment social triaria CANVI (\u2026) L&#8217;escola que vull amb ulls de societat \u00e9s una escola que prepari per al CANVI\u00bb Mar Romera<\/h6>\n<p>&nbsp;<\/p>\n<p>Sigui com sigui, totes aquestes q\u00fcestions que plantejo, aix\u00ed com aquests canvis de paradigma social i educatiu, entre d&#8217;altres, pensem en la import\u00e0ncia d&#8217;una educaci\u00f3 natural on l&#8217;aprenentatge es desenvolupi tenint en compte la natura.<\/p>\n<p>Des de l&#8217;\u00e8poca industrial arrosseguem un enfocament educatiu, social, pol\u00edtic i de qualsevol altra \u00edndole, que ens ha anat separant, a poc a poc, de la nostra natura com a \u00e9ssers vius, del nostre vincle amb all\u00f2 natural i amb la natura mateixa. Ens hem submergit en un desafiament d&#8217;experi\u00e8ncies gens naturals, que influeixen en nosaltres i que fan que visquem i aprenguem al paraigua d&#8217;una societat on el silenci, la quietud i la foscor s\u00f3n les p\u00e8rdues m\u00e9s notables de la nostra condici\u00f3 com a \u00e9ssers vius.<\/p>\n<h6 style=\"text-align: right\">\u00abSi seguim per aquest cam\u00ed de desinter\u00e8s i desconnexi\u00f3 de la natura, en un moment de creixent p\u00e8rdua de la biodiversitat i escalfament global catastr\u00f2fic, les conseq\u00fc\u00e8ncies del nostre analfabetisme ecol\u00f2gic seran encara m\u00e9s perilloses\u00bb\u00a0Lucy Jones<\/h6>\n<p>&nbsp;<\/p>\n<p>Ara, i despr\u00e9s de l&#8217;aparici\u00f3 d&#8217;un virus que ens va deixar en \u201cescac\u201d fent-nos reflexionar al voltant de com som d\u2019insignificants per a la natura i el molt que la necessitem, tenim l&#8217;oportunitat de redirigir, recolzats per les \u00faltimes investigacions cient\u00edfiques, el nostre rumb davant del canvi de paradigma educatiu i social que s&#8217;est\u00e0 gestant. I per aix\u00f2 necessitem revaloritzar el que \u00e9s realment important en l&#8217;educaci\u00f3, que no s\u00f3n els coneixements a\u00efllats i segmentats, sin\u00f3 la seva integraci\u00f3 en un context natural. Necessitem valorar i estendre la import\u00e0ncia de les mat\u00e8ries oblidades, l&#8217;educaci\u00f3 f\u00edsica, la m\u00fasica i les arts, al mateix nivell que les ci\u00e8ncies, les matem\u00e0tiques o les lleng\u00fces. Necessitem que l&#8217;aula trenqui les barreres, els murs i les parets, formant part indispensable del coneixement, l&#8217;exterior, el carrer, el barri, les fam\u00edlies i, especialment, la natura.<\/p>\n<h6 style=\"text-align: right\">\u00abL&#8217;escola est\u00e0 canviant, i nosaltres, mestres, hem de convidar a les fam\u00edlies a formar part d&#8217;aquest canvi i ensenyar-los qu\u00e8 fem diferent\u00bb Francesc Vicent Nogales Sancho<\/h6>\n<p>&nbsp;<\/p>\n<p>I s\u00ed, tamb\u00e9 ha de ser-hi present la tecnologia en suport a la natura. Perqu\u00e8 no consisteix en una lluita \u201ctecnologia vs natura\u201d, sin\u00f3 en la recerca d&#8217;un equilibri on una es recolzi en l&#8217;altra, per\u00f2 sempre tenint en compte les necessitats veritables dels nens i nenes en funci\u00f3 del seu desenvolupament neurobiol\u00f2gic.<\/p>\n<p>Necessitem que, en l&#8217;aprenentatge, prevalgui l&#8217;exposici\u00f3 a la llum solar, la manipulaci\u00f3 i l&#8217;experimentaci\u00f3, especialment a l&#8217;etapa prim\u00e0ria per, posteriorment i una vegada les connexions neuronals estiguin completes per enfrontar-s&#8217;hi, s&#8217;hi incorpori l&#8217;\u00fas responsable de la tecnologia com a suport per a una vida m\u00e9s segura davant del seu \u00fas, que no ab\u00fas. Ens cal refor\u00e7ar, en primer lloc, la construcci\u00f3 d&#8217;una identitat ferma, d&#8217;un \u201cjo\u201d biol\u00f2gic i natural, per despr\u00e9s configurar un \u201cjo\u201d virtual, conscient i controlat<\/p>\n<h6 style=\"text-align: right\">\u00abHem creat un entorn per al qual no estem preparats, i hem comen\u00e7at a patir les conseq\u00fc\u00e8ncies. No nom\u00e9s nosaltres, sin\u00f3 tamb\u00e9 tot el nostre medi ambient\u00bb Guillermo C\u00e1novas<\/h6>\n<p>&nbsp;<\/p>\n<p>Per aix\u00f2\u2026 i si exigim una educaci\u00f3 natural l&#8217;aprenentatge de la qual es realitzi tenint present la natura?<\/p>\n<hr \/>\n<h5><strong>Bibliografia<\/strong><\/h5>\n<ul>\n<li>Catherine L \u0301Ecuyer. (2014). <em>Educar en el asombro<\/em>. Barcelona: Plataforma actual, pp. 75-79<\/li>\n<li>Francesc Vicent Nogales Sancho (2020). <em>Escuela y familia: Misi\u00f3n <span style=\"text-decoration: line-through\">Im<\/span><\/em> Madrid: Ediciones Khaf, pp. 14<\/li>\n<li>Francisco Mora (2013). <em>Neuroeducaci\u00f3n. Solo se puede aprender aquello que se ama<\/em>. Madrid: Alianza, pp. 19<\/li>\n<li>Guillermo C\u00e1novas (2015). <em>Cari\u00f1o he conectado a los ni\u00f1os.<\/em> Bilbao: Ediciones Mensajero, pp. 230-231<\/li>\n<li>Greta Thunberg (2021) Entrevista para el programa \u201cSalvados\u201d de La Sexta. Recuperado de: <a href=\"https:\/\/www.lasexta.com\/temas\/salvados_greta-1\">https:\/\/www.lasexta.com\/temas\/salvados_greta-1<\/a><\/li>\n<li>Lucy Jones (2021). <em>Perdiendo el Ed\u00e9n. Por qu\u00e9 necesitamos estar en contacto con la naturaleza. <\/em>Barcelona: Gatopardo Ediciones, pp. 72<\/li>\n<li>Mar Romera (2019). <em>La escuela que quiero. <\/em>Barcelona: Destino, pp. 95-97<\/li>\n<\/ul>\n","protected":false},"excerpt":{"rendered":"<p>On ha quedat all\u00f2 natural de l&#8217;aprenentatge en un sistema que mesura, avalua, comptabilitza, vigila, reprimeix, obliga i connecta virtualment tot un contingut a trav\u00e9s d&#8217;unes mat\u00e8ries i sota el paraigua d&#8217;un curr\u00edculum? Quin paper compleix realment una aula i el seu professor entre quatre parets, una pantalla interactiva i multitud de material prefabricat i<\/p>\n","protected":false},"author":513,"featured_media":221,"comment_status":"open","ping_status":"closed","sticky":false,"template":"","format":"standard","meta":{"footnotes":""},"categories":[2],"tags":[125],"tipo":[143],"class_list":{"0":"post-220","1":"post","2":"type-post","3":"status-publish","4":"format-standard","5":"has-post-thumbnail","7":"category-general","8":"tag-educacio-natural","9":"tipo-opinio"},"yoast_head":"<!-- This site is optimized with the Yoast SEO plugin v27.5 - https:\/\/yoast.com\/product\/yoast-seo-wordpress\/ -->\n<title>Una educaci\u00f3 natural, un aprenentatge a la natura - Espiral, educaci\u00f3n y tecnolog\u00eda<\/title>\n<meta name=\"robots\" content=\"index, follow, max-snippet:-1, max-image-preview:large, max-video-preview:-1\" \/>\n<link rel=\"canonical\" href=\"https:\/\/diarieducacio.cat\/espiral\/2022\/01\/31\/una-educacio-natural-un-aprenentatge-a-la-natura\/\" \/>\n<meta property=\"og:locale\" content=\"ca_ES\" \/>\n<meta property=\"og:type\" content=\"article\" \/>\n<meta property=\"og:title\" content=\"Una educaci\u00f3 natural, un aprenentatge a la natura - Espiral, educaci\u00f3n y tecnolog\u00eda\" \/>\n<meta property=\"og:description\" content=\"On ha quedat all\u00f2 natural de l&#8217;aprenentatge en un sistema que mesura, avalua, comptabilitza, vigila, reprimeix, obliga i connecta virtualment tot un contingut a trav\u00e9s d&#8217;unes mat\u00e8ries i sota el paraigua d&#8217;un curr\u00edculum? Quin paper compleix realment una aula i el seu professor entre quatre parets, una pantalla interactiva i multitud de material prefabricat i\" \/>\n<meta property=\"og:url\" content=\"https:\/\/diarieducacio.cat\/espiral\/2022\/01\/31\/una-educacio-natural-un-aprenentatge-a-la-natura\/\" \/>\n<meta property=\"og:site_name\" content=\"Espiral, educaci\u00f3n y tecnolog\u00eda\" \/>\n<meta property=\"article:publisher\" content=\"https:\/\/www.facebook.com\/diarieducacio\/\" \/>\n<meta property=\"article:published_time\" content=\"2022-01-31T03:00:58+00:00\" \/>\n<meta property=\"article:modified_time\" content=\"2024-05-13T15:31:19+00:00\" \/>\n<meta property=\"og:image\" content=\"https:\/\/diarieducacio.cat\/espiral\/wp-content\/uploads\/sites\/30\/2022\/01\/4b45eb72-cfb9-4bc7-9abb-b9672ef4d041.jpg\" \/>\n\t<meta property=\"og:image:width\" content=\"1254\" \/>\n\t<meta property=\"og:image:height\" content=\"836\" \/>\n\t<meta property=\"og:image:type\" content=\"image\/jpeg\" \/>\n<meta name=\"author\" content=\"Heriberto Herr\u00e1ez G\u00f3mez\" \/>\n<meta name=\"twitter:card\" content=\"summary_large_image\" \/>\n<meta name=\"twitter:creator\" content=\"@DiariEducacio\" \/>\n<meta name=\"twitter:site\" content=\"@DiariEducacio\" \/>\n<meta name=\"twitter:label1\" content=\"Escrit per\" \/>\n\t<meta name=\"twitter:data1\" content=\"Heriberto Herr\u00e1ez G\u00f3mez\" \/>\n\t<meta name=\"twitter:label2\" content=\"Temps estimat de lectura\" \/>\n\t<meta name=\"twitter:data2\" content=\"6 minuts\" \/>\n<script type=\"application\/ld+json\" class=\"yoast-schema-graph\">{\"@context\":\"https:\\\/\\\/schema.org\",\"@graph\":[{\"@type\":\"Article\",\"@id\":\"https:\\\/\\\/diarieducacio.cat\\\/espiral\\\/2022\\\/01\\\/31\\\/una-educacio-natural-un-aprenentatge-a-la-natura\\\/#article\",\"isPartOf\":{\"@id\":\"https:\\\/\\\/diarieducacio.cat\\\/espiral\\\/2022\\\/01\\\/31\\\/una-educacio-natural-un-aprenentatge-a-la-natura\\\/\"},\"author\":{\"name\":\"Heriberto Herr\u00e1ez G\u00f3mez\",\"@id\":\"https:\\\/\\\/diarieducacio.cat\\\/espiral\\\/#\\\/schema\\\/person\\\/dabf15034ec256b37ccce39d03a4852a\"},\"headline\":\"Una educaci\u00f3 natural, un aprenentatge a la natura\",\"datePublished\":\"2022-01-31T03:00:58+00:00\",\"dateModified\":\"2024-05-13T15:31:19+00:00\",\"mainEntityOfPage\":{\"@id\":\"https:\\\/\\\/diarieducacio.cat\\\/espiral\\\/2022\\\/01\\\/31\\\/una-educacio-natural-un-aprenentatge-a-la-natura\\\/\"},\"wordCount\":1191,\"commentCount\":0,\"image\":{\"@id\":\"https:\\\/\\\/diarieducacio.cat\\\/espiral\\\/2022\\\/01\\\/31\\\/una-educacio-natural-un-aprenentatge-a-la-natura\\\/#primaryimage\"},\"thumbnailUrl\":\"https:\\\/\\\/diarieducacio.cat\\\/espiral\\\/wp-content\\\/uploads\\\/sites\\\/30\\\/2022\\\/01\\\/4b45eb72-cfb9-4bc7-9abb-b9672ef4d041.jpg\",\"keywords\":[\"educaci\u00f3 natural\"],\"articleSection\":[\"General\"],\"inLanguage\":\"ca\",\"potentialAction\":[{\"@type\":\"CommentAction\",\"name\":\"Comment\",\"target\":[\"https:\\\/\\\/diarieducacio.cat\\\/espiral\\\/2022\\\/01\\\/31\\\/una-educacio-natural-un-aprenentatge-a-la-natura\\\/#respond\"]}]},{\"@type\":\"WebPage\",\"@id\":\"https:\\\/\\\/diarieducacio.cat\\\/espiral\\\/2022\\\/01\\\/31\\\/una-educacio-natural-un-aprenentatge-a-la-natura\\\/\",\"url\":\"https:\\\/\\\/diarieducacio.cat\\\/espiral\\\/2022\\\/01\\\/31\\\/una-educacio-natural-un-aprenentatge-a-la-natura\\\/\",\"name\":\"Una educaci\u00f3 natural, un aprenentatge a la natura - Espiral, educaci\u00f3n y tecnolog\u00eda\",\"isPartOf\":{\"@id\":\"https:\\\/\\\/diarieducacio.cat\\\/espiral\\\/#website\"},\"primaryImageOfPage\":{\"@id\":\"https:\\\/\\\/diarieducacio.cat\\\/espiral\\\/2022\\\/01\\\/31\\\/una-educacio-natural-un-aprenentatge-a-la-natura\\\/#primaryimage\"},\"image\":{\"@id\":\"https:\\\/\\\/diarieducacio.cat\\\/espiral\\\/2022\\\/01\\\/31\\\/una-educacio-natural-un-aprenentatge-a-la-natura\\\/#primaryimage\"},\"thumbnailUrl\":\"https:\\\/\\\/diarieducacio.cat\\\/espiral\\\/wp-content\\\/uploads\\\/sites\\\/30\\\/2022\\\/01\\\/4b45eb72-cfb9-4bc7-9abb-b9672ef4d041.jpg\",\"datePublished\":\"2022-01-31T03:00:58+00:00\",\"dateModified\":\"2024-05-13T15:31:19+00:00\",\"author\":{\"@id\":\"https:\\\/\\\/diarieducacio.cat\\\/espiral\\\/#\\\/schema\\\/person\\\/dabf15034ec256b37ccce39d03a4852a\"},\"breadcrumb\":{\"@id\":\"https:\\\/\\\/diarieducacio.cat\\\/espiral\\\/2022\\\/01\\\/31\\\/una-educacio-natural-un-aprenentatge-a-la-natura\\\/#breadcrumb\"},\"inLanguage\":\"ca\",\"potentialAction\":[{\"@type\":\"ReadAction\",\"target\":[\"https:\\\/\\\/diarieducacio.cat\\\/espiral\\\/2022\\\/01\\\/31\\\/una-educacio-natural-un-aprenentatge-a-la-natura\\\/\"]}]},{\"@type\":\"ImageObject\",\"inLanguage\":\"ca\",\"@id\":\"https:\\\/\\\/diarieducacio.cat\\\/espiral\\\/2022\\\/01\\\/31\\\/una-educacio-natural-un-aprenentatge-a-la-natura\\\/#primaryimage\",\"url\":\"https:\\\/\\\/diarieducacio.cat\\\/espiral\\\/wp-content\\\/uploads\\\/sites\\\/30\\\/2022\\\/01\\\/4b45eb72-cfb9-4bc7-9abb-b9672ef4d041.jpg\",\"contentUrl\":\"https:\\\/\\\/diarieducacio.cat\\\/espiral\\\/wp-content\\\/uploads\\\/sites\\\/30\\\/2022\\\/01\\\/4b45eb72-cfb9-4bc7-9abb-b9672ef4d041.jpg\",\"width\":1254,\"height\":836},{\"@type\":\"BreadcrumbList\",\"@id\":\"https:\\\/\\\/diarieducacio.cat\\\/espiral\\\/2022\\\/01\\\/31\\\/una-educacio-natural-un-aprenentatge-a-la-natura\\\/#breadcrumb\",\"itemListElement\":[{\"@type\":\"ListItem\",\"position\":1,\"name\":\"Inici\",\"item\":\"https:\\\/\\\/diarieducacio.cat\\\/espiral\\\/\"},{\"@type\":\"ListItem\",\"position\":2,\"name\":\"Una educaci\u00f3 natural, un aprenentatge a la natura\"}]},{\"@type\":\"WebSite\",\"@id\":\"https:\\\/\\\/diarieducacio.cat\\\/espiral\\\/#website\",\"url\":\"https:\\\/\\\/diarieducacio.cat\\\/espiral\\\/\",\"name\":\"Espiral, educaci\u00f3n y tecnolog\u00eda\",\"description\":\"Un blog de El Diari de l&#039;Educaci\u00f3\",\"potentialAction\":[{\"@type\":\"SearchAction\",\"target\":{\"@type\":\"EntryPoint\",\"urlTemplate\":\"https:\\\/\\\/diarieducacio.cat\\\/espiral\\\/?s={search_term_string}\"},\"query-input\":{\"@type\":\"PropertyValueSpecification\",\"valueRequired\":true,\"valueName\":\"search_term_string\"}}],\"inLanguage\":\"ca\"},{\"@type\":\"Person\",\"@id\":\"https:\\\/\\\/diarieducacio.cat\\\/espiral\\\/#\\\/schema\\\/person\\\/dabf15034ec256b37ccce39d03a4852a\",\"name\":\"Heriberto Herr\u00e1ez G\u00f3mez\",\"image\":{\"@type\":\"ImageObject\",\"inLanguage\":\"ca\",\"@id\":\"https:\\\/\\\/secure.gravatar.com\\\/avatar\\\/1f536b99527737c55d78d603f1d0da1479eaf5e9847a64cdbcbbcc8c3f37f058?s=96&d=mm&r=g\",\"url\":\"https:\\\/\\\/secure.gravatar.com\\\/avatar\\\/1f536b99527737c55d78d603f1d0da1479eaf5e9847a64cdbcbbcc8c3f37f058?s=96&d=mm&r=g\",\"contentUrl\":\"https:\\\/\\\/secure.gravatar.com\\\/avatar\\\/1f536b99527737c55d78d603f1d0da1479eaf5e9847a64cdbcbbcc8c3f37f058?s=96&d=mm&r=g\",\"caption\":\"Heriberto Herr\u00e1ez G\u00f3mez\"},\"url\":\"https:\\\/\\\/diarieducacio.cat\\\/espiral\\\/author\\\/heriberto\\\/\"}]}<\/script>\n<!-- \/ Yoast SEO plugin. -->","yoast_head_json":{"title":"Una educaci\u00f3 natural, un aprenentatge a la natura - Espiral, educaci\u00f3n y tecnolog\u00eda","robots":{"index":"index","follow":"follow","max-snippet":"max-snippet:-1","max-image-preview":"max-image-preview:large","max-video-preview":"max-video-preview:-1"},"canonical":"https:\/\/diarieducacio.cat\/espiral\/2022\/01\/31\/una-educacio-natural-un-aprenentatge-a-la-natura\/","og_locale":"ca_ES","og_type":"article","og_title":"Una educaci\u00f3 natural, un aprenentatge a la natura - Espiral, educaci\u00f3n y tecnolog\u00eda","og_description":"On ha quedat all\u00f2 natural de l&#8217;aprenentatge en un sistema que mesura, avalua, comptabilitza, vigila, reprimeix, obliga i connecta virtualment tot un contingut a trav\u00e9s d&#8217;unes mat\u00e8ries i sota el paraigua d&#8217;un curr\u00edculum? Quin paper compleix realment una aula i el seu professor entre quatre parets, una pantalla interactiva i multitud de material prefabricat i","og_url":"https:\/\/diarieducacio.cat\/espiral\/2022\/01\/31\/una-educacio-natural-un-aprenentatge-a-la-natura\/","og_site_name":"Espiral, educaci\u00f3n y tecnolog\u00eda","article_publisher":"https:\/\/www.facebook.com\/diarieducacio\/","article_published_time":"2022-01-31T03:00:58+00:00","article_modified_time":"2024-05-13T15:31:19+00:00","og_image":[{"width":1254,"height":836,"url":"https:\/\/diarieducacio.cat\/espiral\/wp-content\/uploads\/sites\/30\/2022\/01\/4b45eb72-cfb9-4bc7-9abb-b9672ef4d041.jpg","type":"image\/jpeg"}],"author":"Heriberto Herr\u00e1ez G\u00f3mez","twitter_card":"summary_large_image","twitter_creator":"@DiariEducacio","twitter_site":"@DiariEducacio","twitter_misc":{"Escrit per":"Heriberto Herr\u00e1ez G\u00f3mez","Temps estimat de lectura":"6 minuts"},"schema":{"@context":"https:\/\/schema.org","@graph":[{"@type":"Article","@id":"https:\/\/diarieducacio.cat\/espiral\/2022\/01\/31\/una-educacio-natural-un-aprenentatge-a-la-natura\/#article","isPartOf":{"@id":"https:\/\/diarieducacio.cat\/espiral\/2022\/01\/31\/una-educacio-natural-un-aprenentatge-a-la-natura\/"},"author":{"name":"Heriberto Herr\u00e1ez G\u00f3mez","@id":"https:\/\/diarieducacio.cat\/espiral\/#\/schema\/person\/dabf15034ec256b37ccce39d03a4852a"},"headline":"Una educaci\u00f3 natural, un aprenentatge a la natura","datePublished":"2022-01-31T03:00:58+00:00","dateModified":"2024-05-13T15:31:19+00:00","mainEntityOfPage":{"@id":"https:\/\/diarieducacio.cat\/espiral\/2022\/01\/31\/una-educacio-natural-un-aprenentatge-a-la-natura\/"},"wordCount":1191,"commentCount":0,"image":{"@id":"https:\/\/diarieducacio.cat\/espiral\/2022\/01\/31\/una-educacio-natural-un-aprenentatge-a-la-natura\/#primaryimage"},"thumbnailUrl":"https:\/\/diarieducacio.cat\/espiral\/wp-content\/uploads\/sites\/30\/2022\/01\/4b45eb72-cfb9-4bc7-9abb-b9672ef4d041.jpg","keywords":["educaci\u00f3 natural"],"articleSection":["General"],"inLanguage":"ca","potentialAction":[{"@type":"CommentAction","name":"Comment","target":["https:\/\/diarieducacio.cat\/espiral\/2022\/01\/31\/una-educacio-natural-un-aprenentatge-a-la-natura\/#respond"]}]},{"@type":"WebPage","@id":"https:\/\/diarieducacio.cat\/espiral\/2022\/01\/31\/una-educacio-natural-un-aprenentatge-a-la-natura\/","url":"https:\/\/diarieducacio.cat\/espiral\/2022\/01\/31\/una-educacio-natural-un-aprenentatge-a-la-natura\/","name":"Una educaci\u00f3 natural, un aprenentatge a la natura - Espiral, educaci\u00f3n y tecnolog\u00eda","isPartOf":{"@id":"https:\/\/diarieducacio.cat\/espiral\/#website"},"primaryImageOfPage":{"@id":"https:\/\/diarieducacio.cat\/espiral\/2022\/01\/31\/una-educacio-natural-un-aprenentatge-a-la-natura\/#primaryimage"},"image":{"@id":"https:\/\/diarieducacio.cat\/espiral\/2022\/01\/31\/una-educacio-natural-un-aprenentatge-a-la-natura\/#primaryimage"},"thumbnailUrl":"https:\/\/diarieducacio.cat\/espiral\/wp-content\/uploads\/sites\/30\/2022\/01\/4b45eb72-cfb9-4bc7-9abb-b9672ef4d041.jpg","datePublished":"2022-01-31T03:00:58+00:00","dateModified":"2024-05-13T15:31:19+00:00","author":{"@id":"https:\/\/diarieducacio.cat\/espiral\/#\/schema\/person\/dabf15034ec256b37ccce39d03a4852a"},"breadcrumb":{"@id":"https:\/\/diarieducacio.cat\/espiral\/2022\/01\/31\/una-educacio-natural-un-aprenentatge-a-la-natura\/#breadcrumb"},"inLanguage":"ca","potentialAction":[{"@type":"ReadAction","target":["https:\/\/diarieducacio.cat\/espiral\/2022\/01\/31\/una-educacio-natural-un-aprenentatge-a-la-natura\/"]}]},{"@type":"ImageObject","inLanguage":"ca","@id":"https:\/\/diarieducacio.cat\/espiral\/2022\/01\/31\/una-educacio-natural-un-aprenentatge-a-la-natura\/#primaryimage","url":"https:\/\/diarieducacio.cat\/espiral\/wp-content\/uploads\/sites\/30\/2022\/01\/4b45eb72-cfb9-4bc7-9abb-b9672ef4d041.jpg","contentUrl":"https:\/\/diarieducacio.cat\/espiral\/wp-content\/uploads\/sites\/30\/2022\/01\/4b45eb72-cfb9-4bc7-9abb-b9672ef4d041.jpg","width":1254,"height":836},{"@type":"BreadcrumbList","@id":"https:\/\/diarieducacio.cat\/espiral\/2022\/01\/31\/una-educacio-natural-un-aprenentatge-a-la-natura\/#breadcrumb","itemListElement":[{"@type":"ListItem","position":1,"name":"Inici","item":"https:\/\/diarieducacio.cat\/espiral\/"},{"@type":"ListItem","position":2,"name":"Una educaci\u00f3 natural, un aprenentatge a la natura"}]},{"@type":"WebSite","@id":"https:\/\/diarieducacio.cat\/espiral\/#website","url":"https:\/\/diarieducacio.cat\/espiral\/","name":"Espiral, educaci\u00f3n y tecnolog\u00eda","description":"Un blog de El Diari de l&#039;Educaci\u00f3","potentialAction":[{"@type":"SearchAction","target":{"@type":"EntryPoint","urlTemplate":"https:\/\/diarieducacio.cat\/espiral\/?s={search_term_string}"},"query-input":{"@type":"PropertyValueSpecification","valueRequired":true,"valueName":"search_term_string"}}],"inLanguage":"ca"},{"@type":"Person","@id":"https:\/\/diarieducacio.cat\/espiral\/#\/schema\/person\/dabf15034ec256b37ccce39d03a4852a","name":"Heriberto Herr\u00e1ez G\u00f3mez","image":{"@type":"ImageObject","inLanguage":"ca","@id":"https:\/\/secure.gravatar.com\/avatar\/1f536b99527737c55d78d603f1d0da1479eaf5e9847a64cdbcbbcc8c3f37f058?s=96&d=mm&r=g","url":"https:\/\/secure.gravatar.com\/avatar\/1f536b99527737c55d78d603f1d0da1479eaf5e9847a64cdbcbbcc8c3f37f058?s=96&d=mm&r=g","contentUrl":"https:\/\/secure.gravatar.com\/avatar\/1f536b99527737c55d78d603f1d0da1479eaf5e9847a64cdbcbbcc8c3f37f058?s=96&d=mm&r=g","caption":"Heriberto Herr\u00e1ez G\u00f3mez"},"url":"https:\/\/diarieducacio.cat\/espiral\/author\/heriberto\/"}]}},"_links":{"self":[{"href":"https:\/\/diarieducacio.cat\/espiral\/wp-json\/wp\/v2\/posts\/220","targetHints":{"allow":["GET"]}}],"collection":[{"href":"https:\/\/diarieducacio.cat\/espiral\/wp-json\/wp\/v2\/posts"}],"about":[{"href":"https:\/\/diarieducacio.cat\/espiral\/wp-json\/wp\/v2\/types\/post"}],"author":[{"embeddable":true,"href":"https:\/\/diarieducacio.cat\/espiral\/wp-json\/wp\/v2\/users\/513"}],"replies":[{"embeddable":true,"href":"https:\/\/diarieducacio.cat\/espiral\/wp-json\/wp\/v2\/comments?post=220"}],"version-history":[{"count":1,"href":"https:\/\/diarieducacio.cat\/espiral\/wp-json\/wp\/v2\/posts\/220\/revisions"}],"predecessor-version":[{"id":1864,"href":"https:\/\/diarieducacio.cat\/espiral\/wp-json\/wp\/v2\/posts\/220\/revisions\/1864"}],"wp:featuredmedia":[{"embeddable":true,"href":"https:\/\/diarieducacio.cat\/espiral\/wp-json\/wp\/v2\/media\/221"}],"wp:attachment":[{"href":"https:\/\/diarieducacio.cat\/espiral\/wp-json\/wp\/v2\/media?parent=220"}],"wp:term":[{"taxonomy":"category","embeddable":true,"href":"https:\/\/diarieducacio.cat\/espiral\/wp-json\/wp\/v2\/categories?post=220"},{"taxonomy":"post_tag","embeddable":true,"href":"https:\/\/diarieducacio.cat\/espiral\/wp-json\/wp\/v2\/tags?post=220"},{"taxonomy":"tipo","embeddable":true,"href":"https:\/\/diarieducacio.cat\/espiral\/wp-json\/wp\/v2\/tipo?post=220"}],"curies":[{"name":"wp","href":"https:\/\/api.w.org\/{rel}","templated":true}]}}