{"id":232,"date":"2022-04-13T05:00:20","date_gmt":"2022-04-13T03:00:20","guid":{"rendered":"https:\/\/diarieducacio.cat\/espiral\/?p=232"},"modified":"2024-05-13T17:31:19","modified_gmt":"2024-05-13T15:31:19","slug":"families-3-0","status":"publish","type":"post","link":"https:\/\/diarieducacio.cat\/espiral\/2022\/04\/13\/families-3-0\/","title":{"rendered":"Fam\u00edlies 3.0"},"content":{"rendered":"<p>Ja fa un temps que, a banda del meu treball com a educadora a secund\u00e0ria i batxillerat, dedico altres moments a la formaci\u00f3 del professorat. Per mi sempre ha estat agradable compartir coneixements i experi\u00e8ncies amb els meus iguals i ajudar a la formaci\u00f3 en tecnologies als companys, tant del meu centre com de fora. Per aix\u00f2 vaig acceptar la coordinaci\u00f3 TIC del meu col\u00b7legi i em vaig preparar com a <em>trainer<\/em>.<\/p>\n<p>Tot i aix\u00ed, alguna cosa nova va sorgir com a proposta pel nostre equip i es va convertir en repte: la formaci\u00f3 TIC de les fam\u00edlies del centre.<\/p>\n<p>En un principi, res no hauria d\u2019haver estat excessivament diferent a una formaci\u00f3 d&#8217;adults habitual, exceptuant uns quants obstacles a tenir en compte.<\/p>\n<p>El nivell de coneixement i \u00fas de les tecnologies de la comunicaci\u00f3 varia molt\u00edssim depenent del nivell econ\u00f2mic i social de les persones, aix\u00ed com de la seva formaci\u00f3 i exercici professional. Sent el meu centre un lloc plural i divers, ens est\u00e0vem <em>enfrontant<\/em> a diversos tipus d&#8217;adults: els que treballen di\u00e0riament amb la tecnologia m\u00f2bil, professionals de xarxes, persones que usen el m\u00f2bil de manera habitual per\u00f2 amb usos molt concrets, i d&#8217;altres que, malgrat tenir dispositius a casa, depenen dels seus fills per funcionar-hi. Tot un ventall variat de possibilitats! I, a sobre, la nostra pand\u00e8mia que ens ha obligat a romandre llargues temporades allunyats els uns dels altres, impedint el contacte presencial fora de la bombolla de conviv\u00e8ncia.<\/p>\n<p>Tot i aix\u00ed, les fam\u00edlies dels nostres alumnes saben que cal con\u00e8ixer un m\u00ednim de tecnologia per tenir una idea de com est\u00e0 evolucionant el m\u00f3n i, sobretot, com ho fan els seus fills, dins i fora de l&#8217;ambient escolar.<\/p>\n<p>Es va pensar iniciar un primer contacte amb les fam\u00edlies per rebre idees i propostes, i comprovar si hi havia inter\u00e8s per part seva. Un cop recopilades les dades i veient que realment compt\u00e0vem amb un ampli sector de fam\u00edlies receptives, vam imaginar com podr\u00edem fer una formaci\u00f3 as\u00edncrona adient.<\/p>\n<blockquote><p>Ens est\u00e0vem &#8216;enfrontant&#8217; a diversos tipus d&#8217;adults: des dels que treballen di\u00e0riament amb la tecnologia m\u00f2bil fins als que, malgrat tenir dispositius a casa, depenen dels seus fills per funcionar-hi<\/p><\/blockquote>\n<p>Ens vam decidir per l&#8217;assincronia fixant-nos en els diferents horaris de treball, les diferents c\u00e0rregues familiars i pensant que el m\u00e9s l\u00f2gic era permetre&#8217;ls accedir a materials i exercitaci\u00f3 quan volguessin i les vegades que ho necessitessin. Calia tenir en compte tamb\u00e9 la disparitat de dispositius: tenim fam\u00edlies que nom\u00e9s disposen de m\u00f2bils, algunes que nom\u00e9s tenen una tauleta per a tothom, altres que tenen diversos dispositius de tota mena. I cal pensar que, encara que el funcionament de les aplicacions b\u00e0siques \u00e9s el mateix en general, a vegades no presenten el mateix aspecte ni les opcions es troben als mateixos llocs.<\/p>\n<p>Val a dir, amb admiraci\u00f3, que les fam\u00edlies tenen desitjos d&#8217;aprendre i, sobretot, d&#8217;ajudar els seus fills tant com sigui possible. No nom\u00e9s van demanar formaci\u00f3 en les eines m\u00e9s habituals que els poden ser d&#8217;utilitat (correu electr\u00f2nic, documents <em>on line<\/em>, calendaris, organitzaci\u00f3 de documents, videoconfer\u00e8ncies\u2026) sin\u00f3 que van recalcar la necessitat de formaci\u00f3 en seguretat en la navegaci\u00f3, identitat digital, privadesa, <em>netiqueta<\/em>, <em>ciberbulliyng<\/em> i altres problemes relacionats amb l\u2019\u00fas d\u2019Internet i xarxes socials per part dels fills. Els pares necessiten saber a qu\u00e8 s&#8217;enfronten, quins problemes hi poden trobar i quins tipus de solucions hi ha.<\/p>\n<p>Vam optar per un model de comunicaci\u00f3 via <em>newsletter<\/em> amb enviament fix paral\u00b7lel i enlla\u00e7at a un canal de Youtube on tinguessin acc\u00e9s a videotutorials preparats per l&#8217;equip, curts i pr\u00e0ctics, i a una selecci\u00f3 de v\u00eddeos i enlla\u00e7os educatius triats especialment per a les parts m\u00e9s te\u00f2riques. El <em>feedback<\/em> es realitza sovint, per si cal anar variant temes o metodologia segons les necessitats. Per descomptat, es dona opci\u00f3 a videoconfer\u00e8ncia per a qui requereix resoldre q\u00fcestions concretes. Tamb\u00e9 hem comen\u00e7at a treballar en diferents nivells de formaci\u00f3, per cobrir m\u00e9s necessitats o inquietuds.<\/p>\n<p>Aquest \u00e9s el nostre segon any en aquesta magn\u00edfica experi\u00e8ncia. \u00c9s dif\u00edcil treballar amb la no presencialitat i amb un tipus de relaci\u00f3 professor-alumne tan especial, per\u00f2 crec que cal ajudar a cobrir aquest forat a les nostres escoles i viure el sentit integral de la formaci\u00f3, la de tots. D&#8217;aquesta manera, no nom\u00e9s \u00e9s l&#8217;escola, sin\u00f3 la comunitat la que mostra el desig que les TIC s&#8217;integrin com a eina d&#8217;aprenentatge segura i efectiva per als nostres menors.<\/p>\n","protected":false},"excerpt":{"rendered":"<p>Ja fa un temps que, a banda del meu treball com a educadora a secund\u00e0ria i batxillerat, dedico altres moments a la formaci\u00f3 del professorat. Per mi sempre ha estat agradable compartir coneixements i experi\u00e8ncies amb els meus iguals i ajudar a la formaci\u00f3 en tecnologies als companys, tant del meu centre com de fora.<\/p>\n","protected":false},"author":514,"featured_media":235,"comment_status":"open","ping_status":"closed","sticky":false,"template":"","format":"standard","meta":{"footnotes":""},"categories":[2],"tags":[],"tipo":[143],"class_list":{"0":"post-232","1":"post","2":"type-post","3":"status-publish","4":"format-standard","5":"has-post-thumbnail","7":"category-general","8":"tipo-opinio"},"yoast_head":"<!-- This site is optimized with the Yoast SEO plugin v27.5 - https:\/\/yoast.com\/product\/yoast-seo-wordpress\/ -->\n<title>Fam\u00edlies 3.0 - Espiral, educaci\u00f3n y tecnolog\u00eda<\/title>\n<meta name=\"robots\" content=\"index, follow, max-snippet:-1, max-image-preview:large, max-video-preview:-1\" \/>\n<link rel=\"canonical\" href=\"https:\/\/diarieducacio.cat\/espiral\/2022\/04\/13\/families-3-0\/\" \/>\n<meta property=\"og:locale\" content=\"ca_ES\" \/>\n<meta property=\"og:type\" content=\"article\" \/>\n<meta property=\"og:title\" content=\"Fam\u00edlies 3.0 - Espiral, educaci\u00f3n y tecnolog\u00eda\" \/>\n<meta property=\"og:description\" content=\"Ja fa un temps que, a banda del meu treball com a educadora a secund\u00e0ria i batxillerat, dedico altres moments a la formaci\u00f3 del professorat. Per mi sempre ha estat agradable compartir coneixements i experi\u00e8ncies amb els meus iguals i ajudar a la formaci\u00f3 en tecnologies als companys, tant del meu centre com de fora.\" \/>\n<meta property=\"og:url\" content=\"https:\/\/diarieducacio.cat\/espiral\/2022\/04\/13\/families-3-0\/\" \/>\n<meta property=\"og:site_name\" content=\"Espiral, educaci\u00f3n y tecnolog\u00eda\" \/>\n<meta property=\"article:publisher\" content=\"https:\/\/www.facebook.com\/diarieducacio\/\" \/>\n<meta property=\"article:published_time\" content=\"2022-04-13T03:00:20+00:00\" \/>\n<meta property=\"article:modified_time\" content=\"2024-05-13T15:31:19+00:00\" \/>\n<meta property=\"og:image\" content=\"https:\/\/diarieducacio.cat\/espiral\/wp-content\/uploads\/sites\/30\/2022\/04\/piqsels.com-id-zkhgz-1-scaled-1.jpg\" \/>\n\t<meta property=\"og:image:width\" content=\"2560\" \/>\n\t<meta property=\"og:image:height\" content=\"1708\" \/>\n\t<meta property=\"og:image:type\" content=\"image\/jpeg\" \/>\n<meta name=\"author\" content=\"Isabel Ruiz P\u00e9rez\" \/>\n<meta name=\"twitter:card\" content=\"summary_large_image\" \/>\n<meta name=\"twitter:creator\" content=\"@DiariEducacio\" \/>\n<meta name=\"twitter:site\" content=\"@DiariEducacio\" \/>\n<meta name=\"twitter:label1\" content=\"Escrit per\" \/>\n\t<meta name=\"twitter:data1\" content=\"Isabel Ruiz P\u00e9rez\" \/>\n\t<meta name=\"twitter:label2\" content=\"Temps estimat de lectura\" \/>\n\t<meta name=\"twitter:data2\" content=\"4 minuts\" \/>\n<script type=\"application\/ld+json\" class=\"yoast-schema-graph\">{\"@context\":\"https:\\\/\\\/schema.org\",\"@graph\":[{\"@type\":\"Article\",\"@id\":\"https:\\\/\\\/diarieducacio.cat\\\/espiral\\\/2022\\\/04\\\/13\\\/families-3-0\\\/#article\",\"isPartOf\":{\"@id\":\"https:\\\/\\\/diarieducacio.cat\\\/espiral\\\/2022\\\/04\\\/13\\\/families-3-0\\\/\"},\"author\":{\"name\":\"Isabel Ruiz P\u00e9rez\",\"@id\":\"https:\\\/\\\/diarieducacio.cat\\\/espiral\\\/#\\\/schema\\\/person\\\/793a4990acdc89c91ab0b186548786b9\"},\"headline\":\"Fam\u00edlies 3.0\",\"datePublished\":\"2022-04-13T03:00:20+00:00\",\"dateModified\":\"2024-05-13T15:31:19+00:00\",\"mainEntityOfPage\":{\"@id\":\"https:\\\/\\\/diarieducacio.cat\\\/espiral\\\/2022\\\/04\\\/13\\\/families-3-0\\\/\"},\"wordCount\":811,\"commentCount\":0,\"image\":{\"@id\":\"https:\\\/\\\/diarieducacio.cat\\\/espiral\\\/2022\\\/04\\\/13\\\/families-3-0\\\/#primaryimage\"},\"thumbnailUrl\":\"https:\\\/\\\/diarieducacio.cat\\\/espiral\\\/wp-content\\\/uploads\\\/sites\\\/30\\\/2022\\\/04\\\/piqsels.com-id-zkhgz-1-scaled-1.jpg\",\"articleSection\":[\"General\"],\"inLanguage\":\"ca\",\"potentialAction\":[{\"@type\":\"CommentAction\",\"name\":\"Comment\",\"target\":[\"https:\\\/\\\/diarieducacio.cat\\\/espiral\\\/2022\\\/04\\\/13\\\/families-3-0\\\/#respond\"]}]},{\"@type\":\"WebPage\",\"@id\":\"https:\\\/\\\/diarieducacio.cat\\\/espiral\\\/2022\\\/04\\\/13\\\/families-3-0\\\/\",\"url\":\"https:\\\/\\\/diarieducacio.cat\\\/espiral\\\/2022\\\/04\\\/13\\\/families-3-0\\\/\",\"name\":\"Fam\u00edlies 3.0 - Espiral, educaci\u00f3n y tecnolog\u00eda\",\"isPartOf\":{\"@id\":\"https:\\\/\\\/diarieducacio.cat\\\/espiral\\\/#website\"},\"primaryImageOfPage\":{\"@id\":\"https:\\\/\\\/diarieducacio.cat\\\/espiral\\\/2022\\\/04\\\/13\\\/families-3-0\\\/#primaryimage\"},\"image\":{\"@id\":\"https:\\\/\\\/diarieducacio.cat\\\/espiral\\\/2022\\\/04\\\/13\\\/families-3-0\\\/#primaryimage\"},\"thumbnailUrl\":\"https:\\\/\\\/diarieducacio.cat\\\/espiral\\\/wp-content\\\/uploads\\\/sites\\\/30\\\/2022\\\/04\\\/piqsels.com-id-zkhgz-1-scaled-1.jpg\",\"datePublished\":\"2022-04-13T03:00:20+00:00\",\"dateModified\":\"2024-05-13T15:31:19+00:00\",\"author\":{\"@id\":\"https:\\\/\\\/diarieducacio.cat\\\/espiral\\\/#\\\/schema\\\/person\\\/793a4990acdc89c91ab0b186548786b9\"},\"breadcrumb\":{\"@id\":\"https:\\\/\\\/diarieducacio.cat\\\/espiral\\\/2022\\\/04\\\/13\\\/families-3-0\\\/#breadcrumb\"},\"inLanguage\":\"ca\",\"potentialAction\":[{\"@type\":\"ReadAction\",\"target\":[\"https:\\\/\\\/diarieducacio.cat\\\/espiral\\\/2022\\\/04\\\/13\\\/families-3-0\\\/\"]}]},{\"@type\":\"ImageObject\",\"inLanguage\":\"ca\",\"@id\":\"https:\\\/\\\/diarieducacio.cat\\\/espiral\\\/2022\\\/04\\\/13\\\/families-3-0\\\/#primaryimage\",\"url\":\"https:\\\/\\\/diarieducacio.cat\\\/espiral\\\/wp-content\\\/uploads\\\/sites\\\/30\\\/2022\\\/04\\\/piqsels.com-id-zkhgz-1-scaled-1.jpg\",\"contentUrl\":\"https:\\\/\\\/diarieducacio.cat\\\/espiral\\\/wp-content\\\/uploads\\\/sites\\\/30\\\/2022\\\/04\\\/piqsels.com-id-zkhgz-1-scaled-1.jpg\",\"width\":2560,\"height\":1708,\"caption\":\"Foto: piqsels.com\"},{\"@type\":\"BreadcrumbList\",\"@id\":\"https:\\\/\\\/diarieducacio.cat\\\/espiral\\\/2022\\\/04\\\/13\\\/families-3-0\\\/#breadcrumb\",\"itemListElement\":[{\"@type\":\"ListItem\",\"position\":1,\"name\":\"Inici\",\"item\":\"https:\\\/\\\/diarieducacio.cat\\\/espiral\\\/\"},{\"@type\":\"ListItem\",\"position\":2,\"name\":\"Fam\u00edlies 3.0\"}]},{\"@type\":\"WebSite\",\"@id\":\"https:\\\/\\\/diarieducacio.cat\\\/espiral\\\/#website\",\"url\":\"https:\\\/\\\/diarieducacio.cat\\\/espiral\\\/\",\"name\":\"Espiral, educaci\u00f3n y tecnolog\u00eda\",\"description\":\"Un blog de El Diari de l&#039;Educaci\u00f3\",\"potentialAction\":[{\"@type\":\"SearchAction\",\"target\":{\"@type\":\"EntryPoint\",\"urlTemplate\":\"https:\\\/\\\/diarieducacio.cat\\\/espiral\\\/?s={search_term_string}\"},\"query-input\":{\"@type\":\"PropertyValueSpecification\",\"valueRequired\":true,\"valueName\":\"search_term_string\"}}],\"inLanguage\":\"ca\"},{\"@type\":\"Person\",\"@id\":\"https:\\\/\\\/diarieducacio.cat\\\/espiral\\\/#\\\/schema\\\/person\\\/793a4990acdc89c91ab0b186548786b9\",\"name\":\"Isabel Ruiz P\u00e9rez\",\"image\":{\"@type\":\"ImageObject\",\"inLanguage\":\"ca\",\"@id\":\"https:\\\/\\\/secure.gravatar.com\\\/avatar\\\/60cd73e3f32bd70ccb916f9bc3650cbb4f12b82d8a6eb68838137b51cc62247a?s=96&d=mm&r=g\",\"url\":\"https:\\\/\\\/secure.gravatar.com\\\/avatar\\\/60cd73e3f32bd70ccb916f9bc3650cbb4f12b82d8a6eb68838137b51cc62247a?s=96&d=mm&r=g\",\"contentUrl\":\"https:\\\/\\\/secure.gravatar.com\\\/avatar\\\/60cd73e3f32bd70ccb916f9bc3650cbb4f12b82d8a6eb68838137b51cc62247a?s=96&d=mm&r=g\",\"caption\":\"Isabel Ruiz P\u00e9rez\"},\"url\":\"https:\\\/\\\/diarieducacio.cat\\\/espiral\\\/author\\\/iruizperez\\\/\"}]}<\/script>\n<!-- \/ Yoast SEO plugin. -->","yoast_head_json":{"title":"Fam\u00edlies 3.0 - Espiral, educaci\u00f3n y tecnolog\u00eda","robots":{"index":"index","follow":"follow","max-snippet":"max-snippet:-1","max-image-preview":"max-image-preview:large","max-video-preview":"max-video-preview:-1"},"canonical":"https:\/\/diarieducacio.cat\/espiral\/2022\/04\/13\/families-3-0\/","og_locale":"ca_ES","og_type":"article","og_title":"Fam\u00edlies 3.0 - Espiral, educaci\u00f3n y tecnolog\u00eda","og_description":"Ja fa un temps que, a banda del meu treball com a educadora a secund\u00e0ria i batxillerat, dedico altres moments a la formaci\u00f3 del professorat. Per mi sempre ha estat agradable compartir coneixements i experi\u00e8ncies amb els meus iguals i ajudar a la formaci\u00f3 en tecnologies als companys, tant del meu centre com de fora.","og_url":"https:\/\/diarieducacio.cat\/espiral\/2022\/04\/13\/families-3-0\/","og_site_name":"Espiral, educaci\u00f3n y tecnolog\u00eda","article_publisher":"https:\/\/www.facebook.com\/diarieducacio\/","article_published_time":"2022-04-13T03:00:20+00:00","article_modified_time":"2024-05-13T15:31:19+00:00","og_image":[{"width":2560,"height":1708,"url":"https:\/\/diarieducacio.cat\/espiral\/wp-content\/uploads\/sites\/30\/2022\/04\/piqsels.com-id-zkhgz-1-scaled-1.jpg","type":"image\/jpeg"}],"author":"Isabel Ruiz P\u00e9rez","twitter_card":"summary_large_image","twitter_creator":"@DiariEducacio","twitter_site":"@DiariEducacio","twitter_misc":{"Escrit per":"Isabel Ruiz P\u00e9rez","Temps estimat de lectura":"4 minuts"},"schema":{"@context":"https:\/\/schema.org","@graph":[{"@type":"Article","@id":"https:\/\/diarieducacio.cat\/espiral\/2022\/04\/13\/families-3-0\/#article","isPartOf":{"@id":"https:\/\/diarieducacio.cat\/espiral\/2022\/04\/13\/families-3-0\/"},"author":{"name":"Isabel Ruiz P\u00e9rez","@id":"https:\/\/diarieducacio.cat\/espiral\/#\/schema\/person\/793a4990acdc89c91ab0b186548786b9"},"headline":"Fam\u00edlies 3.0","datePublished":"2022-04-13T03:00:20+00:00","dateModified":"2024-05-13T15:31:19+00:00","mainEntityOfPage":{"@id":"https:\/\/diarieducacio.cat\/espiral\/2022\/04\/13\/families-3-0\/"},"wordCount":811,"commentCount":0,"image":{"@id":"https:\/\/diarieducacio.cat\/espiral\/2022\/04\/13\/families-3-0\/#primaryimage"},"thumbnailUrl":"https:\/\/diarieducacio.cat\/espiral\/wp-content\/uploads\/sites\/30\/2022\/04\/piqsels.com-id-zkhgz-1-scaled-1.jpg","articleSection":["General"],"inLanguage":"ca","potentialAction":[{"@type":"CommentAction","name":"Comment","target":["https:\/\/diarieducacio.cat\/espiral\/2022\/04\/13\/families-3-0\/#respond"]}]},{"@type":"WebPage","@id":"https:\/\/diarieducacio.cat\/espiral\/2022\/04\/13\/families-3-0\/","url":"https:\/\/diarieducacio.cat\/espiral\/2022\/04\/13\/families-3-0\/","name":"Fam\u00edlies 3.0 - Espiral, educaci\u00f3n y tecnolog\u00eda","isPartOf":{"@id":"https:\/\/diarieducacio.cat\/espiral\/#website"},"primaryImageOfPage":{"@id":"https:\/\/diarieducacio.cat\/espiral\/2022\/04\/13\/families-3-0\/#primaryimage"},"image":{"@id":"https:\/\/diarieducacio.cat\/espiral\/2022\/04\/13\/families-3-0\/#primaryimage"},"thumbnailUrl":"https:\/\/diarieducacio.cat\/espiral\/wp-content\/uploads\/sites\/30\/2022\/04\/piqsels.com-id-zkhgz-1-scaled-1.jpg","datePublished":"2022-04-13T03:00:20+00:00","dateModified":"2024-05-13T15:31:19+00:00","author":{"@id":"https:\/\/diarieducacio.cat\/espiral\/#\/schema\/person\/793a4990acdc89c91ab0b186548786b9"},"breadcrumb":{"@id":"https:\/\/diarieducacio.cat\/espiral\/2022\/04\/13\/families-3-0\/#breadcrumb"},"inLanguage":"ca","potentialAction":[{"@type":"ReadAction","target":["https:\/\/diarieducacio.cat\/espiral\/2022\/04\/13\/families-3-0\/"]}]},{"@type":"ImageObject","inLanguage":"ca","@id":"https:\/\/diarieducacio.cat\/espiral\/2022\/04\/13\/families-3-0\/#primaryimage","url":"https:\/\/diarieducacio.cat\/espiral\/wp-content\/uploads\/sites\/30\/2022\/04\/piqsels.com-id-zkhgz-1-scaled-1.jpg","contentUrl":"https:\/\/diarieducacio.cat\/espiral\/wp-content\/uploads\/sites\/30\/2022\/04\/piqsels.com-id-zkhgz-1-scaled-1.jpg","width":2560,"height":1708,"caption":"Foto: piqsels.com"},{"@type":"BreadcrumbList","@id":"https:\/\/diarieducacio.cat\/espiral\/2022\/04\/13\/families-3-0\/#breadcrumb","itemListElement":[{"@type":"ListItem","position":1,"name":"Inici","item":"https:\/\/diarieducacio.cat\/espiral\/"},{"@type":"ListItem","position":2,"name":"Fam\u00edlies 3.0"}]},{"@type":"WebSite","@id":"https:\/\/diarieducacio.cat\/espiral\/#website","url":"https:\/\/diarieducacio.cat\/espiral\/","name":"Espiral, educaci\u00f3n y tecnolog\u00eda","description":"Un blog de El Diari de l&#039;Educaci\u00f3","potentialAction":[{"@type":"SearchAction","target":{"@type":"EntryPoint","urlTemplate":"https:\/\/diarieducacio.cat\/espiral\/?s={search_term_string}"},"query-input":{"@type":"PropertyValueSpecification","valueRequired":true,"valueName":"search_term_string"}}],"inLanguage":"ca"},{"@type":"Person","@id":"https:\/\/diarieducacio.cat\/espiral\/#\/schema\/person\/793a4990acdc89c91ab0b186548786b9","name":"Isabel Ruiz P\u00e9rez","image":{"@type":"ImageObject","inLanguage":"ca","@id":"https:\/\/secure.gravatar.com\/avatar\/60cd73e3f32bd70ccb916f9bc3650cbb4f12b82d8a6eb68838137b51cc62247a?s=96&d=mm&r=g","url":"https:\/\/secure.gravatar.com\/avatar\/60cd73e3f32bd70ccb916f9bc3650cbb4f12b82d8a6eb68838137b51cc62247a?s=96&d=mm&r=g","contentUrl":"https:\/\/secure.gravatar.com\/avatar\/60cd73e3f32bd70ccb916f9bc3650cbb4f12b82d8a6eb68838137b51cc62247a?s=96&d=mm&r=g","caption":"Isabel Ruiz P\u00e9rez"},"url":"https:\/\/diarieducacio.cat\/espiral\/author\/iruizperez\/"}]}},"_links":{"self":[{"href":"https:\/\/diarieducacio.cat\/espiral\/wp-json\/wp\/v2\/posts\/232","targetHints":{"allow":["GET"]}}],"collection":[{"href":"https:\/\/diarieducacio.cat\/espiral\/wp-json\/wp\/v2\/posts"}],"about":[{"href":"https:\/\/diarieducacio.cat\/espiral\/wp-json\/wp\/v2\/types\/post"}],"author":[{"embeddable":true,"href":"https:\/\/diarieducacio.cat\/espiral\/wp-json\/wp\/v2\/users\/514"}],"replies":[{"embeddable":true,"href":"https:\/\/diarieducacio.cat\/espiral\/wp-json\/wp\/v2\/comments?post=232"}],"version-history":[{"count":1,"href":"https:\/\/diarieducacio.cat\/espiral\/wp-json\/wp\/v2\/posts\/232\/revisions"}],"predecessor-version":[{"id":1865,"href":"https:\/\/diarieducacio.cat\/espiral\/wp-json\/wp\/v2\/posts\/232\/revisions\/1865"}],"wp:featuredmedia":[{"embeddable":true,"href":"https:\/\/diarieducacio.cat\/espiral\/wp-json\/wp\/v2\/media\/235"}],"wp:attachment":[{"href":"https:\/\/diarieducacio.cat\/espiral\/wp-json\/wp\/v2\/media?parent=232"}],"wp:term":[{"taxonomy":"category","embeddable":true,"href":"https:\/\/diarieducacio.cat\/espiral\/wp-json\/wp\/v2\/categories?post=232"},{"taxonomy":"post_tag","embeddable":true,"href":"https:\/\/diarieducacio.cat\/espiral\/wp-json\/wp\/v2\/tags?post=232"},{"taxonomy":"tipo","embeddable":true,"href":"https:\/\/diarieducacio.cat\/espiral\/wp-json\/wp\/v2\/tipo?post=232"}],"curies":[{"name":"wp","href":"https:\/\/api.w.org\/{rel}","templated":true}]}}