{"id":249,"date":"2022-06-27T23:50:51","date_gmt":"2022-06-27T21:50:51","guid":{"rendered":"https:\/\/diarieducacio.cat\/espiral\/?p=249"},"modified":"2024-05-13T17:31:19","modified_gmt":"2024-05-13T15:31:19","slug":"coordenades-per-a-leducacio-inclusiva","status":"publish","type":"post","link":"https:\/\/diarieducacio.cat\/espiral\/2022\/06\/27\/coordenades-per-a-leducacio-inclusiva\/","title":{"rendered":"Coordenades per a l\u2019educaci\u00f3 inclusiva"},"content":{"rendered":"<p>Segons Mel Ainscow, \u201cl\u2019educaci\u00f3 inclusiva no \u00e9s una meta, \u00e9s un proc\u00e9s de canvi i innovaci\u00f3 continu que dona resposta a una realitat canviant on sempre hi haur\u00e0 nous factors i capacitat de millora\u201d. El primer pas per rec\u00f3rrer un cam\u00ed sempre \u00e9s reflexionar sobre cap a on caminem.<\/p>\n<p>Fa temps que els professors sabem que aprendre \u00e9s emocionant (potser per aix\u00f2 hem escollit aquesta professi\u00f3) i que sense emoci\u00f3 no hi ha aprenentatge. Malgrat ser conscient d\u2019aix\u00f2, quan llegeixo que la doctora Immordino-Yang afirma que neurol\u00f2gicament \u00e9s impossible crear records, elaborar pensaments complexos ni aprendre sense emoci\u00f3, connecto amb una certesa que m\u2019ha quedat dels anys que he estat tutora a diferents nivells educatius: \u00e9s necessari crear un clima a l\u2019aula que generi seguretat emocional en l\u2019alumnat, perqu\u00e8 quan el cervell se sent segur \u00e9s quan apr\u00e8n.<\/p>\n<p>Possiblement, una de les millors maneres d\u2019aconseguir-ho \u00e9s oferint una proposta metodol\u00f2gica variada i flexible. Aprendre de diferents formes fa que els nens se sentin contents; estimular-los a que s\u2019ajudin genera un clima especial i quan els convides a que connectin aprenentatges que els importen, els agraden o els provoquen curiositat, l\u2019aula s\u2019omple d\u2019energia.<\/p>\n<p>Seguint amb aquesta idea, tenim alumnes distints i cadascun apr\u00e8n a la seva manera. \u00c9s per aix\u00f2 que la personalitzaci\u00f3 de l\u2019aprenentatge per atendre la diversitat d\u2019alumnes \u00e9s el gran repte que fa que ensenyar tamb\u00e9 sigui emocionant.<\/p>\n<p>D\u2019acord amb el model HEART in MIND de Lorea Mart\u00ednez (2021), perqu\u00e8 els nostres alumnes desenvolupin una mentalitat acad\u00e8mica positiva necessiten una s\u00e8rie de creences que influiran en les seves expectatives, en la percepci\u00f3 d\u2019ells mateixos com a estudiants i en que siguin capa\u00e7os de perseverar en el seu aprenentatge:<\/p>\n<ul>\n<li>Creure que pertanyen a l\u2019escola, i per tant que se sentin autoritzats a participar, establir relacions positives i sentir-se tractats amb equitat.<\/li>\n<li>Creure en el valor del treball i en les possibilitats de la cooperaci\u00f3 amb altres persones.<\/li>\n<li>Creure que l\u2019esfor\u00e7 contribuir\u00e0 a una m\u00e9s gran compet\u00e8ncia personal i al seu desenvolupament.<\/li>\n<li>Sentir-se aut\u00f2noms i capa\u00e7os de triomfar.<\/li>\n<\/ul>\n<p>Si analitzem aquests quatre punts, hi podem trobar les 3 \u201cP\u201d de l\u2019educaci\u00f3 inclusiva: perten\u00e8ncia, participaci\u00f3 i progr\u00e9s, tot encaixa.<\/p>\n<p>Aconseguir una educaci\u00f3 inclusiva \u00e9s un proc\u00e9s al qual els centres educatius s\u2019han d\u2019enfrontar conjuntament, perqu\u00e8 suposa crear una comunitat educativa que col\u00b7labori per a reduir les barreres que qualsevol persona del centre pugui trobar per aprendre i sentir-se part\u00edcip, ja siguin emocionals, f\u00edsiques, sensorials o cognitives. En paraules de Tony Booth, el gran repte de l\u2019educaci\u00f3 inclusiva \u201c\u00e9s portar els valors inclusius a l\u2019acci\u00f3\u201d. Per\u00f2, com podem saber els docents si ho estem aconseguint? I com podem portar-ho a terme?<\/p>\n<p>La primera vegada que vaig entendre en qu\u00e8 consistia el Disseny Universal per a l\u2019Aprenentatge (DUA) va ser despr\u00e9s d\u2019escoltar l\u2019Ainara Zubillaga. \u201cEs tracta de dissenyar situacions d\u2019aprenentatge de forma tan flexible que tothom pugui aprendre. Pots programar-ho abans de con\u00e8ixer el grup, no caldran adaptacions curriculars posteriors\u201d. Quan despr\u00e9s vaig poder llegir el marc de pautes DUA per flexibilitzar el curr\u00edculum em vaig quedar encara m\u00e9s admirada. \u00c9s un marc complet, coherent i a la vegada no tan complicat de portar a l\u2019aula.<\/p>\n<blockquote><p>Quan vaig poder llegir el marc de pautes DUA per flexibilitzar el curr\u00edculum em vaig quedar admirada: \u00e9s un marc complet, coherent i a la vegada no tan complicat de portar a l\u2019aula<\/p><\/blockquote>\n<p>El DUA est\u00e0 basat en 3 principis, que es relacionen amb la forma d\u2019aprendre de les persones, i les 3 \u00e0rees neuronals implicades en aquest proc\u00e9s: les xarxes afectives que donen sentit i motiven l\u2019aprenentatge, les xarxes de reconeixement que faciliten l\u2019acc\u00e9s a la informaci\u00f3, i per tant que ens permeten construir el coneixement, i les xarxes estrat\u00e8giques que ens permeten aprendre a aprendre i generar les nostres pr\u00f2pies estrat\u00e8gies. Cadascun d\u2019aquests principis compta amb 3 pautes per assolir-los. S\u00f3n 3 principis, 9 pautes i <a href=\"https:\/\/docs.google.com\/spreadsheets\/d\/17W4xa9Q-sMKhmNpAx9FbKDeAd9lWADWAOMtY8aBhM_I\/edit#gid=0\">33 recomanacions<\/a> per reflexionar sobre com dissenyem els processos d\u2019aula perqu\u00e8 els alumnes aprenguin.<\/p>\n<p>33 coses noves per fer a l\u2019aula? No. I aix\u00f2 \u00e9s el que em va sorprendre: moltes d\u2019aquestes coses les portem fent fa temps i, a m\u00e9s, molt b\u00e9. Algunes s\u00f3n principis pedag\u00f2gics que hem assumit des de la nostra formaci\u00f3, altres pautes han arribat de la m\u00e0 de les metodologies actives, altres ens les han dictat l\u2019experi\u00e8ncia, les evid\u00e8ncies i l\u2019observaci\u00f3 de com se senten b\u00e9 els alumnes aprenent. I altres, que ens proposem posar en marxa a partir d\u2019ara, ens ajudaran a reduir barreres per a l\u2019aprenentatge i aix\u00f2 contribuir\u00e0 a que tothom aprengui m\u00e9s i millor.<\/p>\n<p>S\u00f3n 33 idees perqu\u00e8 els nostres alumnes accedeixin sense problema a la informaci\u00f3, perqu\u00e8 construeixin els seu coneixement i facin un proc\u00e9s d\u2019internalitzaci\u00f3 que els permeti ser cada vegada m\u00e9s aut\u00f2noms i autoregulats en el seu aprenentatge. L\u2019objectiu \u00e9s que tot l\u2019alumnat aprengui i que se senti vinculat i capa\u00e7.<\/p>\n","protected":false},"excerpt":{"rendered":"<p>Segons Mel Ainscow, \u201cl\u2019educaci\u00f3 inclusiva no \u00e9s una meta, \u00e9s un proc\u00e9s de canvi i innovaci\u00f3 continu que dona resposta a una realitat canviant on sempre hi haur\u00e0 nous factors i capacitat de millora\u201d. El primer pas per rec\u00f3rrer un cam\u00ed sempre \u00e9s reflexionar sobre cap a on caminem. Fa temps que els professors sabem<\/p>\n","protected":false},"author":516,"featured_media":250,"comment_status":"open","ping_status":"closed","sticky":false,"template":"","format":"standard","meta":{"footnotes":""},"categories":[2],"tags":[110],"tipo":[143],"class_list":{"0":"post-249","1":"post","2":"type-post","3":"status-publish","4":"format-standard","5":"has-post-thumbnail","7":"category-general","8":"tag-dua-incluscio-tecnologia","9":"tipo-opinio"},"yoast_head":"<!-- This site is optimized with the Yoast SEO plugin v27.5 - https:\/\/yoast.com\/product\/yoast-seo-wordpress\/ -->\n<title>Coordenades per a l\u2019educaci\u00f3 inclusiva - Espiral, educaci\u00f3n y tecnolog\u00eda<\/title>\n<meta name=\"robots\" content=\"index, follow, max-snippet:-1, max-image-preview:large, max-video-preview:-1\" \/>\n<link rel=\"canonical\" href=\"https:\/\/diarieducacio.cat\/espiral\/2022\/06\/27\/coordenades-per-a-leducacio-inclusiva\/\" \/>\n<meta property=\"og:locale\" content=\"ca_ES\" \/>\n<meta property=\"og:type\" content=\"article\" \/>\n<meta property=\"og:title\" content=\"Coordenades per a l\u2019educaci\u00f3 inclusiva - Espiral, educaci\u00f3n y tecnolog\u00eda\" \/>\n<meta property=\"og:description\" content=\"Segons Mel Ainscow, \u201cl\u2019educaci\u00f3 inclusiva no \u00e9s una meta, \u00e9s un proc\u00e9s de canvi i innovaci\u00f3 continu que dona resposta a una realitat canviant on sempre hi haur\u00e0 nous factors i capacitat de millora\u201d. El primer pas per rec\u00f3rrer un cam\u00ed sempre \u00e9s reflexionar sobre cap a on caminem. Fa temps que els professors sabem\" \/>\n<meta property=\"og:url\" content=\"https:\/\/diarieducacio.cat\/espiral\/2022\/06\/27\/coordenades-per-a-leducacio-inclusiva\/\" \/>\n<meta property=\"og:site_name\" content=\"Espiral, educaci\u00f3n y tecnolog\u00eda\" \/>\n<meta property=\"article:publisher\" content=\"https:\/\/www.facebook.com\/diarieducacio\/\" \/>\n<meta property=\"article:published_time\" content=\"2022-06-27T21:50:51+00:00\" \/>\n<meta property=\"article:modified_time\" content=\"2024-05-13T15:31:19+00:00\" \/>\n<meta property=\"og:image\" content=\"https:\/\/diarieducacio.cat\/espiral\/wp-content\/uploads\/sites\/30\/2022\/06\/P1160681-1-scaled-1.jpg\" \/>\n\t<meta property=\"og:image:width\" content=\"2560\" \/>\n\t<meta property=\"og:image:height\" content=\"1612\" \/>\n\t<meta property=\"og:image:type\" content=\"image\/jpeg\" \/>\n<meta name=\"author\" content=\"Ana Municio\" \/>\n<meta name=\"twitter:card\" content=\"summary_large_image\" \/>\n<meta name=\"twitter:creator\" content=\"@DiariEducacio\" \/>\n<meta name=\"twitter:site\" content=\"@DiariEducacio\" \/>\n<meta name=\"twitter:label1\" content=\"Escrit per\" \/>\n\t<meta name=\"twitter:data1\" content=\"Ana Municio\" \/>\n\t<meta name=\"twitter:label2\" content=\"Temps estimat de lectura\" \/>\n\t<meta name=\"twitter:data2\" content=\"4 minuts\" \/>\n<script type=\"application\/ld+json\" class=\"yoast-schema-graph\">{\"@context\":\"https:\\\/\\\/schema.org\",\"@graph\":[{\"@type\":\"Article\",\"@id\":\"https:\\\/\\\/diarieducacio.cat\\\/espiral\\\/2022\\\/06\\\/27\\\/coordenades-per-a-leducacio-inclusiva\\\/#article\",\"isPartOf\":{\"@id\":\"https:\\\/\\\/diarieducacio.cat\\\/espiral\\\/2022\\\/06\\\/27\\\/coordenades-per-a-leducacio-inclusiva\\\/\"},\"author\":{\"name\":\"Ana Municio\",\"@id\":\"https:\\\/\\\/diarieducacio.cat\\\/espiral\\\/#\\\/schema\\\/person\\\/0d3154dc5efef016191266268551d1fc\"},\"headline\":\"Coordenades per a l\u2019educaci\u00f3 inclusiva\",\"datePublished\":\"2022-06-27T21:50:51+00:00\",\"dateModified\":\"2024-05-13T15:31:19+00:00\",\"mainEntityOfPage\":{\"@id\":\"https:\\\/\\\/diarieducacio.cat\\\/espiral\\\/2022\\\/06\\\/27\\\/coordenades-per-a-leducacio-inclusiva\\\/\"},\"wordCount\":883,\"commentCount\":0,\"image\":{\"@id\":\"https:\\\/\\\/diarieducacio.cat\\\/espiral\\\/2022\\\/06\\\/27\\\/coordenades-per-a-leducacio-inclusiva\\\/#primaryimage\"},\"thumbnailUrl\":\"https:\\\/\\\/diarieducacio.cat\\\/espiral\\\/wp-content\\\/uploads\\\/sites\\\/30\\\/2022\\\/06\\\/P1160681-1-scaled-1.jpg\",\"keywords\":[\"#DUA #inclusci\u00f3 #tecnologia\"],\"articleSection\":[\"General\"],\"inLanguage\":\"ca\",\"potentialAction\":[{\"@type\":\"CommentAction\",\"name\":\"Comment\",\"target\":[\"https:\\\/\\\/diarieducacio.cat\\\/espiral\\\/2022\\\/06\\\/27\\\/coordenades-per-a-leducacio-inclusiva\\\/#respond\"]}]},{\"@type\":\"WebPage\",\"@id\":\"https:\\\/\\\/diarieducacio.cat\\\/espiral\\\/2022\\\/06\\\/27\\\/coordenades-per-a-leducacio-inclusiva\\\/\",\"url\":\"https:\\\/\\\/diarieducacio.cat\\\/espiral\\\/2022\\\/06\\\/27\\\/coordenades-per-a-leducacio-inclusiva\\\/\",\"name\":\"Coordenades per a l\u2019educaci\u00f3 inclusiva - Espiral, educaci\u00f3n y tecnolog\u00eda\",\"isPartOf\":{\"@id\":\"https:\\\/\\\/diarieducacio.cat\\\/espiral\\\/#website\"},\"primaryImageOfPage\":{\"@id\":\"https:\\\/\\\/diarieducacio.cat\\\/espiral\\\/2022\\\/06\\\/27\\\/coordenades-per-a-leducacio-inclusiva\\\/#primaryimage\"},\"image\":{\"@id\":\"https:\\\/\\\/diarieducacio.cat\\\/espiral\\\/2022\\\/06\\\/27\\\/coordenades-per-a-leducacio-inclusiva\\\/#primaryimage\"},\"thumbnailUrl\":\"https:\\\/\\\/diarieducacio.cat\\\/espiral\\\/wp-content\\\/uploads\\\/sites\\\/30\\\/2022\\\/06\\\/P1160681-1-scaled-1.jpg\",\"datePublished\":\"2022-06-27T21:50:51+00:00\",\"dateModified\":\"2024-05-13T15:31:19+00:00\",\"author\":{\"@id\":\"https:\\\/\\\/diarieducacio.cat\\\/espiral\\\/#\\\/schema\\\/person\\\/0d3154dc5efef016191266268551d1fc\"},\"breadcrumb\":{\"@id\":\"https:\\\/\\\/diarieducacio.cat\\\/espiral\\\/2022\\\/06\\\/27\\\/coordenades-per-a-leducacio-inclusiva\\\/#breadcrumb\"},\"inLanguage\":\"ca\",\"potentialAction\":[{\"@type\":\"ReadAction\",\"target\":[\"https:\\\/\\\/diarieducacio.cat\\\/espiral\\\/2022\\\/06\\\/27\\\/coordenades-per-a-leducacio-inclusiva\\\/\"]}]},{\"@type\":\"ImageObject\",\"inLanguage\":\"ca\",\"@id\":\"https:\\\/\\\/diarieducacio.cat\\\/espiral\\\/2022\\\/06\\\/27\\\/coordenades-per-a-leducacio-inclusiva\\\/#primaryimage\",\"url\":\"https:\\\/\\\/diarieducacio.cat\\\/espiral\\\/wp-content\\\/uploads\\\/sites\\\/30\\\/2022\\\/06\\\/P1160681-1-scaled-1.jpg\",\"contentUrl\":\"https:\\\/\\\/diarieducacio.cat\\\/espiral\\\/wp-content\\\/uploads\\\/sites\\\/30\\\/2022\\\/06\\\/P1160681-1-scaled-1.jpg\",\"width\":2560,\"height\":1612,\"caption\":\"Fotograf\u00eda de Javier Olivares\"},{\"@type\":\"BreadcrumbList\",\"@id\":\"https:\\\/\\\/diarieducacio.cat\\\/espiral\\\/2022\\\/06\\\/27\\\/coordenades-per-a-leducacio-inclusiva\\\/#breadcrumb\",\"itemListElement\":[{\"@type\":\"ListItem\",\"position\":1,\"name\":\"Inici\",\"item\":\"https:\\\/\\\/diarieducacio.cat\\\/espiral\\\/\"},{\"@type\":\"ListItem\",\"position\":2,\"name\":\"Coordenades per a l\u2019educaci\u00f3 inclusiva\"}]},{\"@type\":\"WebSite\",\"@id\":\"https:\\\/\\\/diarieducacio.cat\\\/espiral\\\/#website\",\"url\":\"https:\\\/\\\/diarieducacio.cat\\\/espiral\\\/\",\"name\":\"Espiral, educaci\u00f3n y tecnolog\u00eda\",\"description\":\"Un blog de El Diari de l&#039;Educaci\u00f3\",\"potentialAction\":[{\"@type\":\"SearchAction\",\"target\":{\"@type\":\"EntryPoint\",\"urlTemplate\":\"https:\\\/\\\/diarieducacio.cat\\\/espiral\\\/?s={search_term_string}\"},\"query-input\":{\"@type\":\"PropertyValueSpecification\",\"valueRequired\":true,\"valueName\":\"search_term_string\"}}],\"inLanguage\":\"ca\"},{\"@type\":\"Person\",\"@id\":\"https:\\\/\\\/diarieducacio.cat\\\/espiral\\\/#\\\/schema\\\/person\\\/0d3154dc5efef016191266268551d1fc\",\"name\":\"Ana Municio\",\"image\":{\"@type\":\"ImageObject\",\"inLanguage\":\"ca\",\"@id\":\"https:\\\/\\\/secure.gravatar.com\\\/avatar\\\/8e810d9ca378ff10e3620b1a5e3781e8a07f11ae5677cfda6ff8ca14d247f9b8?s=96&d=mm&r=g\",\"url\":\"https:\\\/\\\/secure.gravatar.com\\\/avatar\\\/8e810d9ca378ff10e3620b1a5e3781e8a07f11ae5677cfda6ff8ca14d247f9b8?s=96&d=mm&r=g\",\"contentUrl\":\"https:\\\/\\\/secure.gravatar.com\\\/avatar\\\/8e810d9ca378ff10e3620b1a5e3781e8a07f11ae5677cfda6ff8ca14d247f9b8?s=96&d=mm&r=g\",\"caption\":\"Ana Municio\"},\"url\":\"https:\\\/\\\/diarieducacio.cat\\\/espiral\\\/author\\\/anamunicio\\\/\"}]}<\/script>\n<!-- \/ Yoast SEO plugin. -->","yoast_head_json":{"title":"Coordenades per a l\u2019educaci\u00f3 inclusiva - Espiral, educaci\u00f3n y tecnolog\u00eda","robots":{"index":"index","follow":"follow","max-snippet":"max-snippet:-1","max-image-preview":"max-image-preview:large","max-video-preview":"max-video-preview:-1"},"canonical":"https:\/\/diarieducacio.cat\/espiral\/2022\/06\/27\/coordenades-per-a-leducacio-inclusiva\/","og_locale":"ca_ES","og_type":"article","og_title":"Coordenades per a l\u2019educaci\u00f3 inclusiva - Espiral, educaci\u00f3n y tecnolog\u00eda","og_description":"Segons Mel Ainscow, \u201cl\u2019educaci\u00f3 inclusiva no \u00e9s una meta, \u00e9s un proc\u00e9s de canvi i innovaci\u00f3 continu que dona resposta a una realitat canviant on sempre hi haur\u00e0 nous factors i capacitat de millora\u201d. El primer pas per rec\u00f3rrer un cam\u00ed sempre \u00e9s reflexionar sobre cap a on caminem. Fa temps que els professors sabem","og_url":"https:\/\/diarieducacio.cat\/espiral\/2022\/06\/27\/coordenades-per-a-leducacio-inclusiva\/","og_site_name":"Espiral, educaci\u00f3n y tecnolog\u00eda","article_publisher":"https:\/\/www.facebook.com\/diarieducacio\/","article_published_time":"2022-06-27T21:50:51+00:00","article_modified_time":"2024-05-13T15:31:19+00:00","og_image":[{"width":2560,"height":1612,"url":"https:\/\/diarieducacio.cat\/espiral\/wp-content\/uploads\/sites\/30\/2022\/06\/P1160681-1-scaled-1.jpg","type":"image\/jpeg"}],"author":"Ana Municio","twitter_card":"summary_large_image","twitter_creator":"@DiariEducacio","twitter_site":"@DiariEducacio","twitter_misc":{"Escrit per":"Ana Municio","Temps estimat de lectura":"4 minuts"},"schema":{"@context":"https:\/\/schema.org","@graph":[{"@type":"Article","@id":"https:\/\/diarieducacio.cat\/espiral\/2022\/06\/27\/coordenades-per-a-leducacio-inclusiva\/#article","isPartOf":{"@id":"https:\/\/diarieducacio.cat\/espiral\/2022\/06\/27\/coordenades-per-a-leducacio-inclusiva\/"},"author":{"name":"Ana Municio","@id":"https:\/\/diarieducacio.cat\/espiral\/#\/schema\/person\/0d3154dc5efef016191266268551d1fc"},"headline":"Coordenades per a l\u2019educaci\u00f3 inclusiva","datePublished":"2022-06-27T21:50:51+00:00","dateModified":"2024-05-13T15:31:19+00:00","mainEntityOfPage":{"@id":"https:\/\/diarieducacio.cat\/espiral\/2022\/06\/27\/coordenades-per-a-leducacio-inclusiva\/"},"wordCount":883,"commentCount":0,"image":{"@id":"https:\/\/diarieducacio.cat\/espiral\/2022\/06\/27\/coordenades-per-a-leducacio-inclusiva\/#primaryimage"},"thumbnailUrl":"https:\/\/diarieducacio.cat\/espiral\/wp-content\/uploads\/sites\/30\/2022\/06\/P1160681-1-scaled-1.jpg","keywords":["#DUA #inclusci\u00f3 #tecnologia"],"articleSection":["General"],"inLanguage":"ca","potentialAction":[{"@type":"CommentAction","name":"Comment","target":["https:\/\/diarieducacio.cat\/espiral\/2022\/06\/27\/coordenades-per-a-leducacio-inclusiva\/#respond"]}]},{"@type":"WebPage","@id":"https:\/\/diarieducacio.cat\/espiral\/2022\/06\/27\/coordenades-per-a-leducacio-inclusiva\/","url":"https:\/\/diarieducacio.cat\/espiral\/2022\/06\/27\/coordenades-per-a-leducacio-inclusiva\/","name":"Coordenades per a l\u2019educaci\u00f3 inclusiva - Espiral, educaci\u00f3n y tecnolog\u00eda","isPartOf":{"@id":"https:\/\/diarieducacio.cat\/espiral\/#website"},"primaryImageOfPage":{"@id":"https:\/\/diarieducacio.cat\/espiral\/2022\/06\/27\/coordenades-per-a-leducacio-inclusiva\/#primaryimage"},"image":{"@id":"https:\/\/diarieducacio.cat\/espiral\/2022\/06\/27\/coordenades-per-a-leducacio-inclusiva\/#primaryimage"},"thumbnailUrl":"https:\/\/diarieducacio.cat\/espiral\/wp-content\/uploads\/sites\/30\/2022\/06\/P1160681-1-scaled-1.jpg","datePublished":"2022-06-27T21:50:51+00:00","dateModified":"2024-05-13T15:31:19+00:00","author":{"@id":"https:\/\/diarieducacio.cat\/espiral\/#\/schema\/person\/0d3154dc5efef016191266268551d1fc"},"breadcrumb":{"@id":"https:\/\/diarieducacio.cat\/espiral\/2022\/06\/27\/coordenades-per-a-leducacio-inclusiva\/#breadcrumb"},"inLanguage":"ca","potentialAction":[{"@type":"ReadAction","target":["https:\/\/diarieducacio.cat\/espiral\/2022\/06\/27\/coordenades-per-a-leducacio-inclusiva\/"]}]},{"@type":"ImageObject","inLanguage":"ca","@id":"https:\/\/diarieducacio.cat\/espiral\/2022\/06\/27\/coordenades-per-a-leducacio-inclusiva\/#primaryimage","url":"https:\/\/diarieducacio.cat\/espiral\/wp-content\/uploads\/sites\/30\/2022\/06\/P1160681-1-scaled-1.jpg","contentUrl":"https:\/\/diarieducacio.cat\/espiral\/wp-content\/uploads\/sites\/30\/2022\/06\/P1160681-1-scaled-1.jpg","width":2560,"height":1612,"caption":"Fotograf\u00eda de Javier Olivares"},{"@type":"BreadcrumbList","@id":"https:\/\/diarieducacio.cat\/espiral\/2022\/06\/27\/coordenades-per-a-leducacio-inclusiva\/#breadcrumb","itemListElement":[{"@type":"ListItem","position":1,"name":"Inici","item":"https:\/\/diarieducacio.cat\/espiral\/"},{"@type":"ListItem","position":2,"name":"Coordenades per a l\u2019educaci\u00f3 inclusiva"}]},{"@type":"WebSite","@id":"https:\/\/diarieducacio.cat\/espiral\/#website","url":"https:\/\/diarieducacio.cat\/espiral\/","name":"Espiral, educaci\u00f3n y tecnolog\u00eda","description":"Un blog de El Diari de l&#039;Educaci\u00f3","potentialAction":[{"@type":"SearchAction","target":{"@type":"EntryPoint","urlTemplate":"https:\/\/diarieducacio.cat\/espiral\/?s={search_term_string}"},"query-input":{"@type":"PropertyValueSpecification","valueRequired":true,"valueName":"search_term_string"}}],"inLanguage":"ca"},{"@type":"Person","@id":"https:\/\/diarieducacio.cat\/espiral\/#\/schema\/person\/0d3154dc5efef016191266268551d1fc","name":"Ana Municio","image":{"@type":"ImageObject","inLanguage":"ca","@id":"https:\/\/secure.gravatar.com\/avatar\/8e810d9ca378ff10e3620b1a5e3781e8a07f11ae5677cfda6ff8ca14d247f9b8?s=96&d=mm&r=g","url":"https:\/\/secure.gravatar.com\/avatar\/8e810d9ca378ff10e3620b1a5e3781e8a07f11ae5677cfda6ff8ca14d247f9b8?s=96&d=mm&r=g","contentUrl":"https:\/\/secure.gravatar.com\/avatar\/8e810d9ca378ff10e3620b1a5e3781e8a07f11ae5677cfda6ff8ca14d247f9b8?s=96&d=mm&r=g","caption":"Ana Municio"},"url":"https:\/\/diarieducacio.cat\/espiral\/author\/anamunicio\/"}]}},"_links":{"self":[{"href":"https:\/\/diarieducacio.cat\/espiral\/wp-json\/wp\/v2\/posts\/249","targetHints":{"allow":["GET"]}}],"collection":[{"href":"https:\/\/diarieducacio.cat\/espiral\/wp-json\/wp\/v2\/posts"}],"about":[{"href":"https:\/\/diarieducacio.cat\/espiral\/wp-json\/wp\/v2\/types\/post"}],"author":[{"embeddable":true,"href":"https:\/\/diarieducacio.cat\/espiral\/wp-json\/wp\/v2\/users\/516"}],"replies":[{"embeddable":true,"href":"https:\/\/diarieducacio.cat\/espiral\/wp-json\/wp\/v2\/comments?post=249"}],"version-history":[{"count":1,"href":"https:\/\/diarieducacio.cat\/espiral\/wp-json\/wp\/v2\/posts\/249\/revisions"}],"predecessor-version":[{"id":1867,"href":"https:\/\/diarieducacio.cat\/espiral\/wp-json\/wp\/v2\/posts\/249\/revisions\/1867"}],"wp:featuredmedia":[{"embeddable":true,"href":"https:\/\/diarieducacio.cat\/espiral\/wp-json\/wp\/v2\/media\/250"}],"wp:attachment":[{"href":"https:\/\/diarieducacio.cat\/espiral\/wp-json\/wp\/v2\/media?parent=249"}],"wp:term":[{"taxonomy":"category","embeddable":true,"href":"https:\/\/diarieducacio.cat\/espiral\/wp-json\/wp\/v2\/categories?post=249"},{"taxonomy":"post_tag","embeddable":true,"href":"https:\/\/diarieducacio.cat\/espiral\/wp-json\/wp\/v2\/tags?post=249"},{"taxonomy":"tipo","embeddable":true,"href":"https:\/\/diarieducacio.cat\/espiral\/wp-json\/wp\/v2\/tipo?post=249"}],"curies":[{"name":"wp","href":"https:\/\/api.w.org\/{rel}","templated":true}]}}