{"id":259,"date":"2022-10-19T08:42:00","date_gmt":"2022-10-19T06:42:00","guid":{"rendered":"https:\/\/diarieducacio.cat\/espiral\/?p=259"},"modified":"2024-05-13T17:31:20","modified_gmt":"2024-05-13T15:31:20","slug":"leducacio-en-centres-penitenciaris","status":"publish","type":"post","link":"https:\/\/diarieducacio.cat\/espiral\/2022\/10\/19\/leducacio-en-centres-penitenciaris\/","title":{"rendered":"L&#8217;educaci\u00f3 en centres penitenciaris"},"content":{"rendered":"<p>La meva experi\u00e8ncia amb els centres educatius penitenciaris va comen\u00e7ar l\u2019estiu de 2019, durant la temuda i esperada assignaci\u00f3 de vacants de juliol. Despr\u00e9s de comprovar la llista amb el nerviosisme caracter\u00edstic, vaig descobrir que durant el curs 2019\/2020 ensenyaria Geografia i Hist\u00f2ria al CEPA (Centro de Educaci\u00f3n para Personas Adultas) Alonso Quijano del Centre Penitenciari Madrid III, a Valdemoro.<\/p>\n<p>\u00c9s freq\u00fcent que desperti molta curiositat entre els companys que un professor imparteixi classes en aquest tipus de centres. Sempre surt el tema a la conversa, es formulen les mateixes preguntes, totes relacionades amb el tema de la seguretat. I \u00e9s precisament per aix\u00f2 que estic escrivint aquest post: per dissipar els dubtes i pors (en especial els relacionats amb la seguretat) que se li plantegen a un docent a l\u2019hora de treballar en un centre penitenciari. B\u00e0sicament, \u00e9s el tipus de post que m\u2019hauria agradat llegir l\u2019estiu de 2019.<\/p>\n<p>En primer lloc, s\u2019ha de destacar que les persones que acudeixen a les escoles dels centres penitenciaris s\u00f3n iguals que les que van als CEPA del carrer. Volen aconseguir el seu graduat de l\u2019ESO, superar la prova d\u2019acc\u00e9s de la UNED per a m\u00e9s grans de 25, aprendre espanyol o, com tristament encara passa en aquest pa\u00eds, alfabetitzar-se. Tot i que tamb\u00e9 molts comencen els estudis per reduir les seves condemnes mitjan\u00e7ant informes favorables de bona conducta, que reben en treure qualificacions positives o obtenir titulacions. Per aquest motiu, no acostuma a haver problemes de comportament a les aules ni cap tipus de conflicte que requereixi la vigil\u00e0ncia d\u2019un funcionari de presons. A m\u00e9s, els alumnes solen valorar molt\u00edssim el que l\u2019escola els pot aportar, no nom\u00e9s pel que fa a coneixements, sin\u00f3 tamb\u00e9 en creixement personal, suposant per a ells una via d\u2019escapament i un oasi en el seu dia a dia.<\/p>\n<p>Una altra de les preguntes que els docents acostumem a formular-nos abans d\u2019exercir la nostra professi\u00f3 a una pres\u00f3 \u00e9s sobre la pres\u00e8ncia de professores en aquest tipus de centres, en especial els masculins. A Valdemoro, el claustre estava format per dotze docents, dels quals sis eren dones de distintes edats. I el centre de Madrid III \u00e9s una pres\u00f3 exclusivament masculina. Durant la meva estada al CEPA Alonso Quijano vaig poder comprovar que les meves companyes no van tenir ni un sol problema amb els seus alumnes, que les tractaven amb el mateix respecte i educaci\u00f3 que als homes. I, pel que la cap d\u2019estudis i la secret\u00e0ria del CEPA, em van explicar (ambdues amb una \u00e0mplia traject\u00f2ria com a docents a centres penitenciaris) que \u00e9s molt estrany que una professora tingui qualsevol problema amb els alumnes per ser dona, almenys en aquest centre i en aquesta escola, perqu\u00e8 aquest tipus de faltes s\u00f3n tractades amb severitat des de l\u2019equip directiu. L\u2019alumne \u00e9s expulsat de l\u2019escola, amonestat i se li prohibeix tornar.<\/p>\n<p>Ben mirat, parlant de possibles incidents, podria afirmar amb rotunditat que he viscut m\u00e9s faltes de respecte i baralles als instituts que durant la meva estada al CEPA Alonso Quijano de Valdemoro.<\/p>\n<p>Mentiria si digu\u00e9s que el primer contacte amb els alumnes no va resultat intimidatori, ja que desconeixes completament per qu\u00e8 estan all\u00e0 o qu\u00e8 han fet, per\u00f2 resulta inevitable preguntar-s\u2019ho de vegades. Tanmateix, a poc a poc comences a no pensar-hi, a no fer-te aquestes preguntes; s\u00f3n alumnes i el teu deure \u00e9s fer-los classe. De fet, escrivint aquestes l\u00ednies m\u2019ha vingut a la mem\u00f2ria el primer consell que el director de l\u2019escola em va donar just abans de comen\u00e7ar les classes. Dels molts que vaig rebre de la seva part i de part dels meus companys m\u00e9s veterans, va ser sens dubte un dels m\u00e9s \u00fatils: sempre \u00e9s millor no saber qu\u00e8 han fet perqu\u00e8, encara que intentis ser imparcial, aquest coneixement pot afectar de manera negativa i condicionar el teu tracte amb l\u2019alumne. I fou un consell que vaig intentar seguir rigorosament durant els dos cursos que vaig romandre all\u00e0.<\/p>\n<blockquote><p>La dificultat m\u00e9s gran en aquest tipus de centres \u00e9s la mateixa de totes les escoles d&#8217;adults (l\u2019abandonament dels estudis), mentre que un dels aspectes m\u00e9s frustrants \u00e9s no poder incloure les TIC a l&#8217;aula<\/p><\/blockquote>\n<p>La dificultat m\u00e9s gran que un professor o professora es trobar\u00e0 en aquest tipus de centres \u00e9s la mateixa amb la que topen tots els docents de tots els CEPA: l\u2019abandonament dels estudis, que en el cas dels centres penitenciaris est\u00e0 molt aguditzat davant la perspectiva d\u2019una condemna llarga. Aquest tipus d\u2019alumnes considera que t\u00e9 temps de sobra per completar els seus estudis a la pres\u00f3, per tant davant qualsevol frustraci\u00f3 \u00e9s com\u00fa que deixin d\u2019acudir a l\u2019escola i decideixin intentar-ho m\u00e9s endavant.<\/p>\n<p>Ara centrem-nos en la pr\u00e0ctica docent pr\u00f2piament. El nivell dels alumnes podria considerar-se m\u00e9s baix del que podr\u00edem trobar fora, per\u00f2, com succeeix en altres CEPA, hi ha una infinitat de situacions diferents entre l\u2019alumnat: des de l\u2019alumne d\u2019edat avan\u00e7ada que va estudiar per darrera vegada fa d\u00e8cades al noi que acaba d\u2019abandonar l\u2019ensenyament obligatori i vol continuar amb els seus estudis.<\/p>\n<p>Un altre dels aspectes m\u00e9s frustrants \u00e9s no poder incloure les TIC a l\u2019aula. Considero que l\u2019\u00fas de tecnologia \u00e9s indispensable actualment, sense menysprear els vells i consolidats m\u00e8todes d\u2019aprenentatge. Per\u00f2 en els centres penitenciaris espanyols (al contrari del que passa en alguns altres pa\u00efsos de la Uni\u00f3 Europea) est\u00e0 prohibit l\u2019\u00fas d\u2019internet, fins i tot en els \u00e0mbits acad\u00e8mics. Aix\u00f2 limita molt els recursos utilitzats o les activitats que els docents poden proposar als alumnes. Tot i que la dotaci\u00f3 de les aules inclou un PC amb projector i, fins i tot, una de les aules compta amb una pissarra digital, l\u2019esc\u00e0s \u00fas de les TIC en la metodologia docent provoca un inevitable retorn al passat.<\/p>\n<p>Per finalitzar, despr\u00e9s de diversos anys a la doc\u00e8ncia, considero que tothom que desitgi considerar-se bon professional de l\u2019educaci\u00f3 hauria d\u2019experimentar el treball en totes les modalitats que ofereix aquest m\u00f3n. I una de les m\u00e9s interessants, per les grans difer\u00e8ncies amb les altres, \u00e9s l\u2019educaci\u00f3 en un centre penitenciari. \u00c9s una experi\u00e8ncia molt gratificant i did\u00e0ctica, que ajuda el docent a afrontar reptes molt diferents als que est\u00e0 acostumat. L\u2019estada en el centre penitenciari de Madrid III em va permetre humanitzar aquests alumnes, con\u00e8ixer-los b\u00e9 i descobrir que, rere els barrots i les condemnes, s\u00f3n persones igual que les altres. Persones que han com\u00e8s errors dels qu\u00e8 en s\u00f3n conscients, dels que es poden penedir en major o menor grau, per\u00f2 que desitgen canviar les seves vides, no tornar a repetir els errors del passat i, per suposat, mai tornar a estar tancats entre quatre parets. I crec fermament que aix\u00f2 nom\u00e9s es pot aconseguir gr\u00e0cies a una bona educaci\u00f3, administrada per un bon docent que estimi la seva feina.<\/p>\n","protected":false},"excerpt":{"rendered":"<p>La meva experi\u00e8ncia amb els centres educatius penitenciaris va comen\u00e7ar l\u2019estiu de 2019, durant la temuda i esperada assignaci\u00f3 de vacants de juliol. Despr\u00e9s de comprovar la llista amb el nerviosisme caracter\u00edstic, vaig descobrir que durant el curs 2019\/2020 ensenyaria Geografia i Hist\u00f2ria al CEPA (Centro de Educaci\u00f3n para Personas Adultas) Alonso Quijano del Centre<\/p>\n","protected":false},"author":517,"featured_media":1813,"comment_status":"open","ping_status":"closed","sticky":false,"template":"","format":"standard","meta":{"footnotes":""},"categories":[2],"tags":[132],"tipo":[143],"class_list":{"0":"post-259","1":"post","2":"type-post","3":"status-publish","4":"format-standard","5":"has-post-thumbnail","7":"category-general","8":"tag-educacio-dadults","9":"tipo-opinio"},"yoast_head":"<!-- This site is optimized with the Yoast SEO plugin v27.5 - https:\/\/yoast.com\/product\/yoast-seo-wordpress\/ -->\n<title>L&#039;educaci\u00f3 en centres penitenciaris - Espiral, educaci\u00f3n y tecnolog\u00eda<\/title>\n<meta name=\"robots\" content=\"index, follow, max-snippet:-1, max-image-preview:large, max-video-preview:-1\" \/>\n<link rel=\"canonical\" href=\"https:\/\/diarieducacio.cat\/espiral\/2022\/10\/19\/leducacio-en-centres-penitenciaris\/\" \/>\n<meta property=\"og:locale\" content=\"ca_ES\" \/>\n<meta property=\"og:type\" content=\"article\" \/>\n<meta property=\"og:title\" content=\"L&#039;educaci\u00f3 en centres penitenciaris - Espiral, educaci\u00f3n y tecnolog\u00eda\" \/>\n<meta property=\"og:description\" content=\"La meva experi\u00e8ncia amb els centres educatius penitenciaris va comen\u00e7ar l\u2019estiu de 2019, durant la temuda i esperada assignaci\u00f3 de vacants de juliol. Despr\u00e9s de comprovar la llista amb el nerviosisme caracter\u00edstic, vaig descobrir que durant el curs 2019\/2020 ensenyaria Geografia i Hist\u00f2ria al CEPA (Centro de Educaci\u00f3n para Personas Adultas) Alonso Quijano del Centre\" \/>\n<meta property=\"og:url\" content=\"https:\/\/diarieducacio.cat\/espiral\/2022\/10\/19\/leducacio-en-centres-penitenciaris\/\" \/>\n<meta property=\"og:site_name\" content=\"Espiral, educaci\u00f3n y tecnolog\u00eda\" \/>\n<meta property=\"article:publisher\" content=\"https:\/\/www.facebook.com\/diarieducacio\/\" \/>\n<meta property=\"article:published_time\" content=\"2022-10-19T06:42:00+00:00\" \/>\n<meta property=\"article:modified_time\" content=\"2024-05-13T15:31:20+00:00\" \/>\n<meta property=\"og:image\" content=\"https:\/\/diarieducacio.cat\/espiral\/wp-content\/uploads\/sites\/30\/2022\/10\/preso-scaled-1.jpg\" \/>\n\t<meta property=\"og:image:width\" content=\"2560\" \/>\n\t<meta property=\"og:image:height\" content=\"1843\" \/>\n\t<meta property=\"og:image:type\" content=\"image\/jpeg\" \/>\n<meta name=\"author\" content=\"Enrique Hern\u00e1ndez-Monta\u00f1o Mancebo\" \/>\n<meta name=\"twitter:card\" content=\"summary_large_image\" \/>\n<meta name=\"twitter:creator\" content=\"@DiariEducacio\" \/>\n<meta name=\"twitter:site\" content=\"@DiariEducacio\" \/>\n<meta name=\"twitter:label1\" content=\"Escrit per\" \/>\n\t<meta name=\"twitter:data1\" content=\"Enrique Hern\u00e1ndez-Monta\u00f1o Mancebo\" \/>\n\t<meta name=\"twitter:label2\" content=\"Temps estimat de lectura\" \/>\n\t<meta name=\"twitter:data2\" content=\"6 minuts\" \/>\n<script type=\"application\/ld+json\" class=\"yoast-schema-graph\">{\"@context\":\"https:\\\/\\\/schema.org\",\"@graph\":[{\"@type\":\"Article\",\"@id\":\"https:\\\/\\\/diarieducacio.cat\\\/espiral\\\/2022\\\/10\\\/19\\\/leducacio-en-centres-penitenciaris\\\/#article\",\"isPartOf\":{\"@id\":\"https:\\\/\\\/diarieducacio.cat\\\/espiral\\\/2022\\\/10\\\/19\\\/leducacio-en-centres-penitenciaris\\\/\"},\"author\":{\"name\":\"Enrique Hern\u00e1ndez-Monta\u00f1o Mancebo\",\"@id\":\"https:\\\/\\\/diarieducacio.cat\\\/espiral\\\/#\\\/schema\\\/person\\\/d9f496ee05e66522e2319f264c95a097\"},\"headline\":\"L&#8217;educaci\u00f3 en centres penitenciaris\",\"datePublished\":\"2022-10-19T06:42:00+00:00\",\"dateModified\":\"2024-05-13T15:31:20+00:00\",\"mainEntityOfPage\":{\"@id\":\"https:\\\/\\\/diarieducacio.cat\\\/espiral\\\/2022\\\/10\\\/19\\\/leducacio-en-centres-penitenciaris\\\/\"},\"wordCount\":1228,\"commentCount\":1,\"image\":{\"@id\":\"https:\\\/\\\/diarieducacio.cat\\\/espiral\\\/2022\\\/10\\\/19\\\/leducacio-en-centres-penitenciaris\\\/#primaryimage\"},\"thumbnailUrl\":\"https:\\\/\\\/diarieducacio.cat\\\/espiral\\\/wp-content\\\/uploads\\\/sites\\\/30\\\/2022\\\/10\\\/preso-scaled-1.jpg\",\"keywords\":[\"educaci\u00f3 d'adults\"],\"articleSection\":[\"General\"],\"inLanguage\":\"ca\",\"potentialAction\":[{\"@type\":\"CommentAction\",\"name\":\"Comment\",\"target\":[\"https:\\\/\\\/diarieducacio.cat\\\/espiral\\\/2022\\\/10\\\/19\\\/leducacio-en-centres-penitenciaris\\\/#respond\"]}]},{\"@type\":\"WebPage\",\"@id\":\"https:\\\/\\\/diarieducacio.cat\\\/espiral\\\/2022\\\/10\\\/19\\\/leducacio-en-centres-penitenciaris\\\/\",\"url\":\"https:\\\/\\\/diarieducacio.cat\\\/espiral\\\/2022\\\/10\\\/19\\\/leducacio-en-centres-penitenciaris\\\/\",\"name\":\"L'educaci\u00f3 en centres penitenciaris - Espiral, educaci\u00f3n y tecnolog\u00eda\",\"isPartOf\":{\"@id\":\"https:\\\/\\\/diarieducacio.cat\\\/espiral\\\/#website\"},\"primaryImageOfPage\":{\"@id\":\"https:\\\/\\\/diarieducacio.cat\\\/espiral\\\/2022\\\/10\\\/19\\\/leducacio-en-centres-penitenciaris\\\/#primaryimage\"},\"image\":{\"@id\":\"https:\\\/\\\/diarieducacio.cat\\\/espiral\\\/2022\\\/10\\\/19\\\/leducacio-en-centres-penitenciaris\\\/#primaryimage\"},\"thumbnailUrl\":\"https:\\\/\\\/diarieducacio.cat\\\/espiral\\\/wp-content\\\/uploads\\\/sites\\\/30\\\/2022\\\/10\\\/preso-scaled-1.jpg\",\"datePublished\":\"2022-10-19T06:42:00+00:00\",\"dateModified\":\"2024-05-13T15:31:20+00:00\",\"author\":{\"@id\":\"https:\\\/\\\/diarieducacio.cat\\\/espiral\\\/#\\\/schema\\\/person\\\/d9f496ee05e66522e2319f264c95a097\"},\"breadcrumb\":{\"@id\":\"https:\\\/\\\/diarieducacio.cat\\\/espiral\\\/2022\\\/10\\\/19\\\/leducacio-en-centres-penitenciaris\\\/#breadcrumb\"},\"inLanguage\":\"ca\",\"potentialAction\":[{\"@type\":\"ReadAction\",\"target\":[\"https:\\\/\\\/diarieducacio.cat\\\/espiral\\\/2022\\\/10\\\/19\\\/leducacio-en-centres-penitenciaris\\\/\"]}]},{\"@type\":\"ImageObject\",\"inLanguage\":\"ca\",\"@id\":\"https:\\\/\\\/diarieducacio.cat\\\/espiral\\\/2022\\\/10\\\/19\\\/leducacio-en-centres-penitenciaris\\\/#primaryimage\",\"url\":\"https:\\\/\\\/diarieducacio.cat\\\/espiral\\\/wp-content\\\/uploads\\\/sites\\\/30\\\/2022\\\/10\\\/preso-scaled-1.jpg\",\"contentUrl\":\"https:\\\/\\\/diarieducacio.cat\\\/espiral\\\/wp-content\\\/uploads\\\/sites\\\/30\\\/2022\\\/10\\\/preso-scaled-1.jpg\",\"width\":2560,\"height\":1843,\"caption\":\"CEPA Alonso Quijano del Centre Penitenciari Madrid III\"},{\"@type\":\"BreadcrumbList\",\"@id\":\"https:\\\/\\\/diarieducacio.cat\\\/espiral\\\/2022\\\/10\\\/19\\\/leducacio-en-centres-penitenciaris\\\/#breadcrumb\",\"itemListElement\":[{\"@type\":\"ListItem\",\"position\":1,\"name\":\"Inici\",\"item\":\"https:\\\/\\\/diarieducacio.cat\\\/espiral\\\/\"},{\"@type\":\"ListItem\",\"position\":2,\"name\":\"L&#8217;educaci\u00f3 en centres penitenciaris\"}]},{\"@type\":\"WebSite\",\"@id\":\"https:\\\/\\\/diarieducacio.cat\\\/espiral\\\/#website\",\"url\":\"https:\\\/\\\/diarieducacio.cat\\\/espiral\\\/\",\"name\":\"Espiral, educaci\u00f3n y tecnolog\u00eda\",\"description\":\"Un blog de El Diari de l&#039;Educaci\u00f3\",\"potentialAction\":[{\"@type\":\"SearchAction\",\"target\":{\"@type\":\"EntryPoint\",\"urlTemplate\":\"https:\\\/\\\/diarieducacio.cat\\\/espiral\\\/?s={search_term_string}\"},\"query-input\":{\"@type\":\"PropertyValueSpecification\",\"valueRequired\":true,\"valueName\":\"search_term_string\"}}],\"inLanguage\":\"ca\"},{\"@type\":\"Person\",\"@id\":\"https:\\\/\\\/diarieducacio.cat\\\/espiral\\\/#\\\/schema\\\/person\\\/d9f496ee05e66522e2319f264c95a097\",\"name\":\"Enrique Hern\u00e1ndez-Monta\u00f1o Mancebo\",\"image\":{\"@type\":\"ImageObject\",\"inLanguage\":\"ca\",\"@id\":\"https:\\\/\\\/secure.gravatar.com\\\/avatar\\\/c50493a463a97e491ce1d41a8e1aa41106e49562776cfee7fb928987d54c3d07?s=96&d=mm&r=g\",\"url\":\"https:\\\/\\\/secure.gravatar.com\\\/avatar\\\/c50493a463a97e491ce1d41a8e1aa41106e49562776cfee7fb928987d54c3d07?s=96&d=mm&r=g\",\"contentUrl\":\"https:\\\/\\\/secure.gravatar.com\\\/avatar\\\/c50493a463a97e491ce1d41a8e1aa41106e49562776cfee7fb928987d54c3d07?s=96&d=mm&r=g\",\"caption\":\"Enrique Hern\u00e1ndez-Monta\u00f1o Mancebo\"},\"url\":\"https:\\\/\\\/diarieducacio.cat\\\/espiral\\\/author\\\/ehernandezmontano\\\/\"}]}<\/script>\n<!-- \/ Yoast SEO plugin. -->","yoast_head_json":{"title":"L'educaci\u00f3 en centres penitenciaris - Espiral, educaci\u00f3n y tecnolog\u00eda","robots":{"index":"index","follow":"follow","max-snippet":"max-snippet:-1","max-image-preview":"max-image-preview:large","max-video-preview":"max-video-preview:-1"},"canonical":"https:\/\/diarieducacio.cat\/espiral\/2022\/10\/19\/leducacio-en-centres-penitenciaris\/","og_locale":"ca_ES","og_type":"article","og_title":"L'educaci\u00f3 en centres penitenciaris - Espiral, educaci\u00f3n y tecnolog\u00eda","og_description":"La meva experi\u00e8ncia amb els centres educatius penitenciaris va comen\u00e7ar l\u2019estiu de 2019, durant la temuda i esperada assignaci\u00f3 de vacants de juliol. Despr\u00e9s de comprovar la llista amb el nerviosisme caracter\u00edstic, vaig descobrir que durant el curs 2019\/2020 ensenyaria Geografia i Hist\u00f2ria al CEPA (Centro de Educaci\u00f3n para Personas Adultas) Alonso Quijano del Centre","og_url":"https:\/\/diarieducacio.cat\/espiral\/2022\/10\/19\/leducacio-en-centres-penitenciaris\/","og_site_name":"Espiral, educaci\u00f3n y tecnolog\u00eda","article_publisher":"https:\/\/www.facebook.com\/diarieducacio\/","article_published_time":"2022-10-19T06:42:00+00:00","article_modified_time":"2024-05-13T15:31:20+00:00","og_image":[{"width":2560,"height":1843,"url":"https:\/\/diarieducacio.cat\/espiral\/wp-content\/uploads\/sites\/30\/2022\/10\/preso-scaled-1.jpg","type":"image\/jpeg"}],"author":"Enrique Hern\u00e1ndez-Monta\u00f1o Mancebo","twitter_card":"summary_large_image","twitter_creator":"@DiariEducacio","twitter_site":"@DiariEducacio","twitter_misc":{"Escrit per":"Enrique Hern\u00e1ndez-Monta\u00f1o Mancebo","Temps estimat de lectura":"6 minuts"},"schema":{"@context":"https:\/\/schema.org","@graph":[{"@type":"Article","@id":"https:\/\/diarieducacio.cat\/espiral\/2022\/10\/19\/leducacio-en-centres-penitenciaris\/#article","isPartOf":{"@id":"https:\/\/diarieducacio.cat\/espiral\/2022\/10\/19\/leducacio-en-centres-penitenciaris\/"},"author":{"name":"Enrique Hern\u00e1ndez-Monta\u00f1o Mancebo","@id":"https:\/\/diarieducacio.cat\/espiral\/#\/schema\/person\/d9f496ee05e66522e2319f264c95a097"},"headline":"L&#8217;educaci\u00f3 en centres penitenciaris","datePublished":"2022-10-19T06:42:00+00:00","dateModified":"2024-05-13T15:31:20+00:00","mainEntityOfPage":{"@id":"https:\/\/diarieducacio.cat\/espiral\/2022\/10\/19\/leducacio-en-centres-penitenciaris\/"},"wordCount":1228,"commentCount":1,"image":{"@id":"https:\/\/diarieducacio.cat\/espiral\/2022\/10\/19\/leducacio-en-centres-penitenciaris\/#primaryimage"},"thumbnailUrl":"https:\/\/diarieducacio.cat\/espiral\/wp-content\/uploads\/sites\/30\/2022\/10\/preso-scaled-1.jpg","keywords":["educaci\u00f3 d'adults"],"articleSection":["General"],"inLanguage":"ca","potentialAction":[{"@type":"CommentAction","name":"Comment","target":["https:\/\/diarieducacio.cat\/espiral\/2022\/10\/19\/leducacio-en-centres-penitenciaris\/#respond"]}]},{"@type":"WebPage","@id":"https:\/\/diarieducacio.cat\/espiral\/2022\/10\/19\/leducacio-en-centres-penitenciaris\/","url":"https:\/\/diarieducacio.cat\/espiral\/2022\/10\/19\/leducacio-en-centres-penitenciaris\/","name":"L'educaci\u00f3 en centres penitenciaris - Espiral, educaci\u00f3n y tecnolog\u00eda","isPartOf":{"@id":"https:\/\/diarieducacio.cat\/espiral\/#website"},"primaryImageOfPage":{"@id":"https:\/\/diarieducacio.cat\/espiral\/2022\/10\/19\/leducacio-en-centres-penitenciaris\/#primaryimage"},"image":{"@id":"https:\/\/diarieducacio.cat\/espiral\/2022\/10\/19\/leducacio-en-centres-penitenciaris\/#primaryimage"},"thumbnailUrl":"https:\/\/diarieducacio.cat\/espiral\/wp-content\/uploads\/sites\/30\/2022\/10\/preso-scaled-1.jpg","datePublished":"2022-10-19T06:42:00+00:00","dateModified":"2024-05-13T15:31:20+00:00","author":{"@id":"https:\/\/diarieducacio.cat\/espiral\/#\/schema\/person\/d9f496ee05e66522e2319f264c95a097"},"breadcrumb":{"@id":"https:\/\/diarieducacio.cat\/espiral\/2022\/10\/19\/leducacio-en-centres-penitenciaris\/#breadcrumb"},"inLanguage":"ca","potentialAction":[{"@type":"ReadAction","target":["https:\/\/diarieducacio.cat\/espiral\/2022\/10\/19\/leducacio-en-centres-penitenciaris\/"]}]},{"@type":"ImageObject","inLanguage":"ca","@id":"https:\/\/diarieducacio.cat\/espiral\/2022\/10\/19\/leducacio-en-centres-penitenciaris\/#primaryimage","url":"https:\/\/diarieducacio.cat\/espiral\/wp-content\/uploads\/sites\/30\/2022\/10\/preso-scaled-1.jpg","contentUrl":"https:\/\/diarieducacio.cat\/espiral\/wp-content\/uploads\/sites\/30\/2022\/10\/preso-scaled-1.jpg","width":2560,"height":1843,"caption":"CEPA Alonso Quijano del Centre Penitenciari Madrid III"},{"@type":"BreadcrumbList","@id":"https:\/\/diarieducacio.cat\/espiral\/2022\/10\/19\/leducacio-en-centres-penitenciaris\/#breadcrumb","itemListElement":[{"@type":"ListItem","position":1,"name":"Inici","item":"https:\/\/diarieducacio.cat\/espiral\/"},{"@type":"ListItem","position":2,"name":"L&#8217;educaci\u00f3 en centres penitenciaris"}]},{"@type":"WebSite","@id":"https:\/\/diarieducacio.cat\/espiral\/#website","url":"https:\/\/diarieducacio.cat\/espiral\/","name":"Espiral, educaci\u00f3n y tecnolog\u00eda","description":"Un blog de El Diari de l&#039;Educaci\u00f3","potentialAction":[{"@type":"SearchAction","target":{"@type":"EntryPoint","urlTemplate":"https:\/\/diarieducacio.cat\/espiral\/?s={search_term_string}"},"query-input":{"@type":"PropertyValueSpecification","valueRequired":true,"valueName":"search_term_string"}}],"inLanguage":"ca"},{"@type":"Person","@id":"https:\/\/diarieducacio.cat\/espiral\/#\/schema\/person\/d9f496ee05e66522e2319f264c95a097","name":"Enrique Hern\u00e1ndez-Monta\u00f1o Mancebo","image":{"@type":"ImageObject","inLanguage":"ca","@id":"https:\/\/secure.gravatar.com\/avatar\/c50493a463a97e491ce1d41a8e1aa41106e49562776cfee7fb928987d54c3d07?s=96&d=mm&r=g","url":"https:\/\/secure.gravatar.com\/avatar\/c50493a463a97e491ce1d41a8e1aa41106e49562776cfee7fb928987d54c3d07?s=96&d=mm&r=g","contentUrl":"https:\/\/secure.gravatar.com\/avatar\/c50493a463a97e491ce1d41a8e1aa41106e49562776cfee7fb928987d54c3d07?s=96&d=mm&r=g","caption":"Enrique Hern\u00e1ndez-Monta\u00f1o Mancebo"},"url":"https:\/\/diarieducacio.cat\/espiral\/author\/ehernandezmontano\/"}]}},"_links":{"self":[{"href":"https:\/\/diarieducacio.cat\/espiral\/wp-json\/wp\/v2\/posts\/259","targetHints":{"allow":["GET"]}}],"collection":[{"href":"https:\/\/diarieducacio.cat\/espiral\/wp-json\/wp\/v2\/posts"}],"about":[{"href":"https:\/\/diarieducacio.cat\/espiral\/wp-json\/wp\/v2\/types\/post"}],"author":[{"embeddable":true,"href":"https:\/\/diarieducacio.cat\/espiral\/wp-json\/wp\/v2\/users\/517"}],"replies":[{"embeddable":true,"href":"https:\/\/diarieducacio.cat\/espiral\/wp-json\/wp\/v2\/comments?post=259"}],"version-history":[{"count":1,"href":"https:\/\/diarieducacio.cat\/espiral\/wp-json\/wp\/v2\/posts\/259\/revisions"}],"predecessor-version":[{"id":1868,"href":"https:\/\/diarieducacio.cat\/espiral\/wp-json\/wp\/v2\/posts\/259\/revisions\/1868"}],"wp:featuredmedia":[{"embeddable":true,"href":"https:\/\/diarieducacio.cat\/espiral\/wp-json\/wp\/v2\/media\/1813"}],"wp:attachment":[{"href":"https:\/\/diarieducacio.cat\/espiral\/wp-json\/wp\/v2\/media?parent=259"}],"wp:term":[{"taxonomy":"category","embeddable":true,"href":"https:\/\/diarieducacio.cat\/espiral\/wp-json\/wp\/v2\/categories?post=259"},{"taxonomy":"post_tag","embeddable":true,"href":"https:\/\/diarieducacio.cat\/espiral\/wp-json\/wp\/v2\/tags?post=259"},{"taxonomy":"tipo","embeddable":true,"href":"https:\/\/diarieducacio.cat\/espiral\/wp-json\/wp\/v2\/tipo?post=259"}],"curies":[{"name":"wp","href":"https:\/\/api.w.org\/{rel}","templated":true}]}}