{"id":277,"date":"2023-02-23T01:04:09","date_gmt":"2023-02-22T23:04:09","guid":{"rendered":"https:\/\/diarieducacio.cat\/espiral\/?p=277"},"modified":"2024-05-13T17:31:20","modified_gmt":"2024-05-13T15:31:20","slug":"educacio-dadults-una-segona-oportunitat","status":"publish","type":"post","link":"https:\/\/diarieducacio.cat\/espiral\/2023\/02\/23\/educacio-dadults-una-segona-oportunitat\/","title":{"rendered":"Educaci\u00f3 d&#8217;adults: Una segona oportunitat"},"content":{"rendered":"<p>Vaig estudiar Magisteri a Sevilla i em va tocar fer les pr\u00e0ctiques a una escola d\u2019adults. Jo volia fer-les a un col\u00b7legi amb nens petits, per\u00f2 no va poder ser aix\u00ed. Vaig estar a gust durant el mes i mig que hi vaig anar, per\u00f2 no va ser una experi\u00e8ncia que marqu\u00e9s la meva vida.<\/p>\n<p>Passats els anys vaig aconseguir ser mestra d\u2019Educaci\u00f3 Infantil i despr\u00e9s d\u2019Educaci\u00f3 Prim\u00e0ria. Sempre m\u2019ha agradat la did\u00e0ctica de les matem\u00e0tiques i tamb\u00e9 aplicar nous m\u00e8todes com el m\u00e8tode ABN. Utilitzava regletes de Cuisenaire a tots els cursos. Mai em va agradar la frase \u201caqu\u00ed sempre s\u2019ha fet aix\u00ed\u201d i estava reciclant-me cont\u00ednuament. Entenc que els alumnes del 2000 no tenen res a veure amb els del 2023 i, per tant, no podem seguir fent les mateixes coses ni aplicant la mateixa metodologia a les classes. Per aquest motiu es necessita formaci\u00f3 cont\u00ednua per part dels docents.<\/p>\n<p>Sempre m\u2019ha agradat canviar i no estar molt temps al mateix lloc. S\u2019apr\u00e8n m\u00e9s sortint de la zona de confort. M\u2019agrada renovar-me i quan va sorgir l\u2019oportunitat de fer el salt a l\u2019Educaci\u00f3 d\u2019Adults no ho vaig dubtar.<\/p>\n<p>Aix\u00f2 s\u00ed que va ser un gran salt. Recordava les meves pr\u00e0ctiques, per\u00f2 aix\u00f2 era diferent, potser perqu\u00e8 aqu\u00ed ja era tutora, jo organitzava la classe i a m\u00e9s ja comptava amb una experi\u00e8ncia que abans no tenia.<\/p>\n<p>El principal problema amb qu\u00e8 em vaig trobar \u00e9s la falta de materials per a alumnes adults quan es tracta d\u2019aprendre a llegir i escriure. S\u2019utilitzen fitxes i cartilles de lectura amb il\u00b7lustracions infantils amb les quals ells no se senten identificats. Hi ha molt material per treballar la mem\u00f2ria, per\u00f2 poc per ensenyar a llegir i a escriure. Per aix\u00f2 els mestres tenim un gran repte per davant, elaborar materials de lectoescriptura per a persones adultes i per als que no parlen espanyol i tampoc saben escriure en el seu idioma.<\/p>\n<p>En una classe d\u2019adults, com a qualsevol altra etapa, hi ha diferents nivells. El repte est\u00e0 en atendre la individualitat de cadasc\u00fa. Per aix\u00f2 s\u2019imposa la fabricaci\u00f3 de materials adaptats.<\/p>\n<p>Als alumnes adults m\u00e9s grans (m\u00e9s de 60 anys) els costa canviar la metodologia i prefereixen seguir aprenent com ho feien quan eren nens, per\u00f2 s\u2019emocionen quan s\u2019introdueixen les tauletes en la din\u00e0mica de la classe i els monitors interactius. Ells es veuen m\u00e9s integrats en el m\u00f3n actual.<\/p>\n<p>Despr\u00e9s vaig accedir a l\u2019equip directiu i si el fet de canviar d\u2019una escola de nen a una d\u2019adults era un repte, ara el desafiament era m\u00e9s gran perqu\u00e8 aix\u00f2 s\u00ed que era quelcom desconegut i diferent a tot el que jo havia fet fins llavors.<\/p>\n<p>La direcci\u00f3 d\u2019un CEPA (Centre d&#8217;ensenyament per a adults) implica atendre un ventall m\u00e9s ampli de sectors. Per una banda el sector alumnes; per l\u2019altra el de professors, i en tercer lloc el sector de l\u2019Administraci\u00f3. \u00c9s necessari envoltar-se d\u2019un bon equip per superar les dificultats del dia a dia.<\/p>\n<p>Respecte als alumnes, l\u2019absentisme \u00e9s el principal escull al qual ens enfrontem. La gran particularitat de l\u2019alumnat en aquesta etapa educativa \u00e9s que t\u00e9 una fam\u00edlia a atendre, una feina que no pot rebutjar i temporalment molts han de deixar de venir a les classes, motiu pel qual l\u2019assist\u00e8ncia al CEPA passa a un segon pla de les seves vides. El professorat ha d\u2019estar atent perqu\u00e8 en els moments de debilitat se sentin acompanyats i aconsegueixin acabar amb \u00e8xit l\u2019ESO i continu\u00efn amb els seus estudis m\u00e9s endavant.<\/p>\n<blockquote><p>La gran particularitat de l\u2019alumnat en aquesta etapa educativa \u00e9s que t\u00e9 una fam\u00edlia a atendre, una feina que no pot rebutjar i temporalment molts han de deixar de venir a les classes<\/p><\/blockquote>\n<p>Els professors s\u00f3n un altre focus d\u2019atenci\u00f3 per part de la direcci\u00f3 del centre. Els docents han de tenir la formaci\u00f3 i la motivaci\u00f3 necess\u00e0ries per atendre aquest tipus d\u2019alumnat que t\u00e9 unes necessitats molt diferents de alumnes d\u2019un institut o d\u2019un col\u00b7legi, tot i que l\u2019objectiu sigui que aprenguin mat\u00e8ries curriculars i passin un examen. Cal preocupar-se del benestar emocional dels alumnes, crear un ambient d\u2019afecte i confian\u00e7a que els permeti participar en diferents activitats dintre del grup i en les que s\u2019organitzin al CEPA. A m\u00e9s, molts professors arriben dels col\u00b7legis i instituts sense saber qu\u00e8 \u00e9s l\u2019Educaci\u00f3 d\u2019Adults, fet que fa imprescindible la formaci\u00f3 en aquesta etapa.<\/p>\n<p>Al setembre s\u2019oferta un curs d\u2019una setmana, per\u00f2 aix\u00f2 no \u00e9s suficient. Es necessita una oferta m\u00e9s \u00e0mplia de cursos per modernitzar les t\u00e8cniques i metodologies noves i aix\u00ed atendre d\u2019una manera satisfact\u00f2ria les demandes d\u2019aquests alumnes. Des de la direcci\u00f3 del centre s\u2019ha de facilitar al professorat all\u00f2 que necessiti perqu\u00e8 se senti motivat i pugui exercir la seva feina de la millor forma possible.<\/p>\n<p>L\u2019altre gran focus d\u2019atenci\u00f3 per part de la direcci\u00f3 del CEPA \u00e9s l\u2019Administraci\u00f3. Gran part del temps est\u00e0 dedicat a la burocr\u00e0cia, a emplenar papers. Aix\u00f2 fa que el temps que hauria de dedicar a programar, a crear materials, a interessar-se pels seus alumnes, es dediqui a tasques administratives. S\u2019hauria d\u2019agilitzar d\u2019alguna manera aquesta feina.<\/p>\n<p>Si em preguntessin com seria un CEPA ideal, diria que un en el qual les classes no estiguessin massificades per poder atendre les individualitats de cada alumne. Amb alumnes de moltes nacionalitats, de totes les edats i g\u00e8neres. On tinguessin cabuda totes les ideologies, tant pol\u00edtiques com religioses. Tamb\u00e9 tindria tots els ensenyaments des d\u2019inicials fins a l\u2019acc\u00e9s a la Universitat, amb ESO i FP B\u00e0sica, passant per ensenyaments oberts com angl\u00e8s o inform\u00e0tica des de nivell zero.<\/p>\n<p>Un CEPA ideal tamb\u00e9 tindria professors motivats organitzant activitats dins i fora del centre, utilitzant les tecnologies a les seves classes i fent activitats l\u00fadiques perqu\u00e8 els alumnes se sentin motivats i amb ganes d\u2019aprendre, i participarien en totes les activitats proposades i aportarien idees per millorar el centre.<\/p>\n<p>Segons la meva reflexi\u00f3, crec que el meu CEPA Cultural Moratalaz \u00e9s un CEPA ideal. Hem de millorar \u201calguna cosa\u201d per\u00f2 entre tots anem aconseguint que sigui el lloc perfecte per tenir una segona oportunitat en els estudis i ser el lloc on tenir una bona educaci\u00f3 al llarg de la vida.<\/p>\n","protected":false},"excerpt":{"rendered":"<p>Vaig estudiar Magisteri a Sevilla i em va tocar fer les pr\u00e0ctiques a una escola d\u2019adults. Jo volia fer-les a un col\u00b7legi amb nens petits, per\u00f2 no va poder ser aix\u00ed. Vaig estar a gust durant el mes i mig que hi vaig anar, per\u00f2 no va ser una experi\u00e8ncia que marqu\u00e9s la meva vida.<\/p>\n","protected":false},"author":519,"featured_media":278,"comment_status":"open","ping_status":"closed","sticky":false,"template":"","format":"standard","meta":{"footnotes":""},"categories":[2],"tags":[132],"tipo":[143],"class_list":{"0":"post-277","1":"post","2":"type-post","3":"status-publish","4":"format-standard","5":"has-post-thumbnail","7":"category-general","8":"tag-educacio-dadults","9":"tipo-opinio"},"yoast_head":"<!-- This site is optimized with the Yoast SEO plugin v27.5 - https:\/\/yoast.com\/product\/yoast-seo-wordpress\/ -->\n<title>Educaci\u00f3 d&#039;adults: Una segona oportunitat - Espiral, educaci\u00f3n y tecnolog\u00eda<\/title>\n<meta name=\"robots\" content=\"index, follow, max-snippet:-1, max-image-preview:large, max-video-preview:-1\" \/>\n<link rel=\"canonical\" href=\"https:\/\/diarieducacio.cat\/espiral\/2023\/02\/23\/educacio-dadults-una-segona-oportunitat\/\" \/>\n<meta property=\"og:locale\" content=\"ca_ES\" \/>\n<meta property=\"og:type\" content=\"article\" \/>\n<meta property=\"og:title\" content=\"Educaci\u00f3 d&#039;adults: Una segona oportunitat - Espiral, educaci\u00f3n y tecnolog\u00eda\" \/>\n<meta property=\"og:description\" content=\"Vaig estudiar Magisteri a Sevilla i em va tocar fer les pr\u00e0ctiques a una escola d\u2019adults. Jo volia fer-les a un col\u00b7legi amb nens petits, per\u00f2 no va poder ser aix\u00ed. Vaig estar a gust durant el mes i mig que hi vaig anar, per\u00f2 no va ser una experi\u00e8ncia que marqu\u00e9s la meva vida.\" \/>\n<meta property=\"og:url\" content=\"https:\/\/diarieducacio.cat\/espiral\/2023\/02\/23\/educacio-dadults-una-segona-oportunitat\/\" \/>\n<meta property=\"og:site_name\" content=\"Espiral, educaci\u00f3n y tecnolog\u00eda\" \/>\n<meta property=\"article:publisher\" content=\"https:\/\/www.facebook.com\/diarieducacio\/\" \/>\n<meta property=\"article:published_time\" content=\"2023-02-22T23:04:09+00:00\" \/>\n<meta property=\"article:modified_time\" content=\"2024-05-13T15:31:20+00:00\" \/>\n<meta property=\"og:image\" content=\"https:\/\/diarieducacio.cat\/espiral\/wp-content\/uploads\/sites\/30\/2023\/02\/WhatsApp-Image-2023-01-11-at-10.57.28-1.jpg\" \/>\n\t<meta property=\"og:image:width\" content=\"1200\" \/>\n\t<meta property=\"og:image:height\" content=\"898\" \/>\n\t<meta property=\"og:image:type\" content=\"image\/jpeg\" \/>\n<meta name=\"author\" content=\"Isabel Pizarro\" \/>\n<meta name=\"twitter:card\" content=\"summary_large_image\" \/>\n<meta name=\"twitter:creator\" content=\"@DiariEducacio\" \/>\n<meta name=\"twitter:site\" content=\"@DiariEducacio\" \/>\n<meta name=\"twitter:label1\" content=\"Escrit per\" \/>\n\t<meta name=\"twitter:data1\" content=\"Isabel Pizarro\" \/>\n\t<meta name=\"twitter:label2\" content=\"Temps estimat de lectura\" \/>\n\t<meta name=\"twitter:data2\" content=\"6 minuts\" \/>\n<script type=\"application\/ld+json\" class=\"yoast-schema-graph\">{\"@context\":\"https:\\\/\\\/schema.org\",\"@graph\":[{\"@type\":\"Article\",\"@id\":\"https:\\\/\\\/diarieducacio.cat\\\/espiral\\\/2023\\\/02\\\/23\\\/educacio-dadults-una-segona-oportunitat\\\/#article\",\"isPartOf\":{\"@id\":\"https:\\\/\\\/diarieducacio.cat\\\/espiral\\\/2023\\\/02\\\/23\\\/educacio-dadults-una-segona-oportunitat\\\/\"},\"author\":{\"name\":\"Isabel Pizarro\",\"@id\":\"https:\\\/\\\/diarieducacio.cat\\\/espiral\\\/#\\\/schema\\\/person\\\/673a3df546962cf842511b0b0a530913\"},\"headline\":\"Educaci\u00f3 d&#8217;adults: Una segona oportunitat\",\"datePublished\":\"2023-02-22T23:04:09+00:00\",\"dateModified\":\"2024-05-13T15:31:20+00:00\",\"mainEntityOfPage\":{\"@id\":\"https:\\\/\\\/diarieducacio.cat\\\/espiral\\\/2023\\\/02\\\/23\\\/educacio-dadults-una-segona-oportunitat\\\/\"},\"wordCount\":1133,\"commentCount\":0,\"image\":{\"@id\":\"https:\\\/\\\/diarieducacio.cat\\\/espiral\\\/2023\\\/02\\\/23\\\/educacio-dadults-una-segona-oportunitat\\\/#primaryimage\"},\"thumbnailUrl\":\"https:\\\/\\\/diarieducacio.cat\\\/espiral\\\/wp-content\\\/uploads\\\/sites\\\/30\\\/2023\\\/02\\\/WhatsApp-Image-2023-01-11-at-10.57.28-1.jpg\",\"keywords\":[\"educaci\u00f3 d'adults\"],\"articleSection\":[\"General\"],\"inLanguage\":\"ca\",\"potentialAction\":[{\"@type\":\"CommentAction\",\"name\":\"Comment\",\"target\":[\"https:\\\/\\\/diarieducacio.cat\\\/espiral\\\/2023\\\/02\\\/23\\\/educacio-dadults-una-segona-oportunitat\\\/#respond\"]}]},{\"@type\":\"WebPage\",\"@id\":\"https:\\\/\\\/diarieducacio.cat\\\/espiral\\\/2023\\\/02\\\/23\\\/educacio-dadults-una-segona-oportunitat\\\/\",\"url\":\"https:\\\/\\\/diarieducacio.cat\\\/espiral\\\/2023\\\/02\\\/23\\\/educacio-dadults-una-segona-oportunitat\\\/\",\"name\":\"Educaci\u00f3 d'adults: Una segona oportunitat - Espiral, educaci\u00f3n y tecnolog\u00eda\",\"isPartOf\":{\"@id\":\"https:\\\/\\\/diarieducacio.cat\\\/espiral\\\/#website\"},\"primaryImageOfPage\":{\"@id\":\"https:\\\/\\\/diarieducacio.cat\\\/espiral\\\/2023\\\/02\\\/23\\\/educacio-dadults-una-segona-oportunitat\\\/#primaryimage\"},\"image\":{\"@id\":\"https:\\\/\\\/diarieducacio.cat\\\/espiral\\\/2023\\\/02\\\/23\\\/educacio-dadults-una-segona-oportunitat\\\/#primaryimage\"},\"thumbnailUrl\":\"https:\\\/\\\/diarieducacio.cat\\\/espiral\\\/wp-content\\\/uploads\\\/sites\\\/30\\\/2023\\\/02\\\/WhatsApp-Image-2023-01-11-at-10.57.28-1.jpg\",\"datePublished\":\"2023-02-22T23:04:09+00:00\",\"dateModified\":\"2024-05-13T15:31:20+00:00\",\"author\":{\"@id\":\"https:\\\/\\\/diarieducacio.cat\\\/espiral\\\/#\\\/schema\\\/person\\\/673a3df546962cf842511b0b0a530913\"},\"breadcrumb\":{\"@id\":\"https:\\\/\\\/diarieducacio.cat\\\/espiral\\\/2023\\\/02\\\/23\\\/educacio-dadults-una-segona-oportunitat\\\/#breadcrumb\"},\"inLanguage\":\"ca\",\"potentialAction\":[{\"@type\":\"ReadAction\",\"target\":[\"https:\\\/\\\/diarieducacio.cat\\\/espiral\\\/2023\\\/02\\\/23\\\/educacio-dadults-una-segona-oportunitat\\\/\"]}]},{\"@type\":\"ImageObject\",\"inLanguage\":\"ca\",\"@id\":\"https:\\\/\\\/diarieducacio.cat\\\/espiral\\\/2023\\\/02\\\/23\\\/educacio-dadults-una-segona-oportunitat\\\/#primaryimage\",\"url\":\"https:\\\/\\\/diarieducacio.cat\\\/espiral\\\/wp-content\\\/uploads\\\/sites\\\/30\\\/2023\\\/02\\\/WhatsApp-Image-2023-01-11-at-10.57.28-1.jpg\",\"contentUrl\":\"https:\\\/\\\/diarieducacio.cat\\\/espiral\\\/wp-content\\\/uploads\\\/sites\\\/30\\\/2023\\\/02\\\/WhatsApp-Image-2023-01-11-at-10.57.28-1.jpg\",\"width\":1200,\"height\":898},{\"@type\":\"BreadcrumbList\",\"@id\":\"https:\\\/\\\/diarieducacio.cat\\\/espiral\\\/2023\\\/02\\\/23\\\/educacio-dadults-una-segona-oportunitat\\\/#breadcrumb\",\"itemListElement\":[{\"@type\":\"ListItem\",\"position\":1,\"name\":\"Inici\",\"item\":\"https:\\\/\\\/diarieducacio.cat\\\/espiral\\\/\"},{\"@type\":\"ListItem\",\"position\":2,\"name\":\"Educaci\u00f3 d&#8217;adults: Una segona oportunitat\"}]},{\"@type\":\"WebSite\",\"@id\":\"https:\\\/\\\/diarieducacio.cat\\\/espiral\\\/#website\",\"url\":\"https:\\\/\\\/diarieducacio.cat\\\/espiral\\\/\",\"name\":\"Espiral, educaci\u00f3n y tecnolog\u00eda\",\"description\":\"Un blog de El Diari de l&#039;Educaci\u00f3\",\"potentialAction\":[{\"@type\":\"SearchAction\",\"target\":{\"@type\":\"EntryPoint\",\"urlTemplate\":\"https:\\\/\\\/diarieducacio.cat\\\/espiral\\\/?s={search_term_string}\"},\"query-input\":{\"@type\":\"PropertyValueSpecification\",\"valueRequired\":true,\"valueName\":\"search_term_string\"}}],\"inLanguage\":\"ca\"},{\"@type\":\"Person\",\"@id\":\"https:\\\/\\\/diarieducacio.cat\\\/espiral\\\/#\\\/schema\\\/person\\\/673a3df546962cf842511b0b0a530913\",\"name\":\"Isabel Pizarro\",\"image\":{\"@type\":\"ImageObject\",\"inLanguage\":\"ca\",\"@id\":\"https:\\\/\\\/secure.gravatar.com\\\/avatar\\\/d07969041a9bf7dcc517859aabb2f7a0e28e6b29f32e81f3237035faded89de9?s=96&d=mm&r=g\",\"url\":\"https:\\\/\\\/secure.gravatar.com\\\/avatar\\\/d07969041a9bf7dcc517859aabb2f7a0e28e6b29f32e81f3237035faded89de9?s=96&d=mm&r=g\",\"contentUrl\":\"https:\\\/\\\/secure.gravatar.com\\\/avatar\\\/d07969041a9bf7dcc517859aabb2f7a0e28e6b29f32e81f3237035faded89de9?s=96&d=mm&r=g\",\"caption\":\"Isabel Pizarro\"},\"url\":\"https:\\\/\\\/diarieducacio.cat\\\/espiral\\\/author\\\/ipizarro\\\/\"}]}<\/script>\n<!-- \/ Yoast SEO plugin. -->","yoast_head_json":{"title":"Educaci\u00f3 d'adults: Una segona oportunitat - Espiral, educaci\u00f3n y tecnolog\u00eda","robots":{"index":"index","follow":"follow","max-snippet":"max-snippet:-1","max-image-preview":"max-image-preview:large","max-video-preview":"max-video-preview:-1"},"canonical":"https:\/\/diarieducacio.cat\/espiral\/2023\/02\/23\/educacio-dadults-una-segona-oportunitat\/","og_locale":"ca_ES","og_type":"article","og_title":"Educaci\u00f3 d'adults: Una segona oportunitat - Espiral, educaci\u00f3n y tecnolog\u00eda","og_description":"Vaig estudiar Magisteri a Sevilla i em va tocar fer les pr\u00e0ctiques a una escola d\u2019adults. Jo volia fer-les a un col\u00b7legi amb nens petits, per\u00f2 no va poder ser aix\u00ed. Vaig estar a gust durant el mes i mig que hi vaig anar, per\u00f2 no va ser una experi\u00e8ncia que marqu\u00e9s la meva vida.","og_url":"https:\/\/diarieducacio.cat\/espiral\/2023\/02\/23\/educacio-dadults-una-segona-oportunitat\/","og_site_name":"Espiral, educaci\u00f3n y tecnolog\u00eda","article_publisher":"https:\/\/www.facebook.com\/diarieducacio\/","article_published_time":"2023-02-22T23:04:09+00:00","article_modified_time":"2024-05-13T15:31:20+00:00","og_image":[{"width":1200,"height":898,"url":"https:\/\/diarieducacio.cat\/espiral\/wp-content\/uploads\/sites\/30\/2023\/02\/WhatsApp-Image-2023-01-11-at-10.57.28-1.jpg","type":"image\/jpeg"}],"author":"Isabel Pizarro","twitter_card":"summary_large_image","twitter_creator":"@DiariEducacio","twitter_site":"@DiariEducacio","twitter_misc":{"Escrit per":"Isabel Pizarro","Temps estimat de lectura":"6 minuts"},"schema":{"@context":"https:\/\/schema.org","@graph":[{"@type":"Article","@id":"https:\/\/diarieducacio.cat\/espiral\/2023\/02\/23\/educacio-dadults-una-segona-oportunitat\/#article","isPartOf":{"@id":"https:\/\/diarieducacio.cat\/espiral\/2023\/02\/23\/educacio-dadults-una-segona-oportunitat\/"},"author":{"name":"Isabel Pizarro","@id":"https:\/\/diarieducacio.cat\/espiral\/#\/schema\/person\/673a3df546962cf842511b0b0a530913"},"headline":"Educaci\u00f3 d&#8217;adults: Una segona oportunitat","datePublished":"2023-02-22T23:04:09+00:00","dateModified":"2024-05-13T15:31:20+00:00","mainEntityOfPage":{"@id":"https:\/\/diarieducacio.cat\/espiral\/2023\/02\/23\/educacio-dadults-una-segona-oportunitat\/"},"wordCount":1133,"commentCount":0,"image":{"@id":"https:\/\/diarieducacio.cat\/espiral\/2023\/02\/23\/educacio-dadults-una-segona-oportunitat\/#primaryimage"},"thumbnailUrl":"https:\/\/diarieducacio.cat\/espiral\/wp-content\/uploads\/sites\/30\/2023\/02\/WhatsApp-Image-2023-01-11-at-10.57.28-1.jpg","keywords":["educaci\u00f3 d'adults"],"articleSection":["General"],"inLanguage":"ca","potentialAction":[{"@type":"CommentAction","name":"Comment","target":["https:\/\/diarieducacio.cat\/espiral\/2023\/02\/23\/educacio-dadults-una-segona-oportunitat\/#respond"]}]},{"@type":"WebPage","@id":"https:\/\/diarieducacio.cat\/espiral\/2023\/02\/23\/educacio-dadults-una-segona-oportunitat\/","url":"https:\/\/diarieducacio.cat\/espiral\/2023\/02\/23\/educacio-dadults-una-segona-oportunitat\/","name":"Educaci\u00f3 d'adults: Una segona oportunitat - Espiral, educaci\u00f3n y tecnolog\u00eda","isPartOf":{"@id":"https:\/\/diarieducacio.cat\/espiral\/#website"},"primaryImageOfPage":{"@id":"https:\/\/diarieducacio.cat\/espiral\/2023\/02\/23\/educacio-dadults-una-segona-oportunitat\/#primaryimage"},"image":{"@id":"https:\/\/diarieducacio.cat\/espiral\/2023\/02\/23\/educacio-dadults-una-segona-oportunitat\/#primaryimage"},"thumbnailUrl":"https:\/\/diarieducacio.cat\/espiral\/wp-content\/uploads\/sites\/30\/2023\/02\/WhatsApp-Image-2023-01-11-at-10.57.28-1.jpg","datePublished":"2023-02-22T23:04:09+00:00","dateModified":"2024-05-13T15:31:20+00:00","author":{"@id":"https:\/\/diarieducacio.cat\/espiral\/#\/schema\/person\/673a3df546962cf842511b0b0a530913"},"breadcrumb":{"@id":"https:\/\/diarieducacio.cat\/espiral\/2023\/02\/23\/educacio-dadults-una-segona-oportunitat\/#breadcrumb"},"inLanguage":"ca","potentialAction":[{"@type":"ReadAction","target":["https:\/\/diarieducacio.cat\/espiral\/2023\/02\/23\/educacio-dadults-una-segona-oportunitat\/"]}]},{"@type":"ImageObject","inLanguage":"ca","@id":"https:\/\/diarieducacio.cat\/espiral\/2023\/02\/23\/educacio-dadults-una-segona-oportunitat\/#primaryimage","url":"https:\/\/diarieducacio.cat\/espiral\/wp-content\/uploads\/sites\/30\/2023\/02\/WhatsApp-Image-2023-01-11-at-10.57.28-1.jpg","contentUrl":"https:\/\/diarieducacio.cat\/espiral\/wp-content\/uploads\/sites\/30\/2023\/02\/WhatsApp-Image-2023-01-11-at-10.57.28-1.jpg","width":1200,"height":898},{"@type":"BreadcrumbList","@id":"https:\/\/diarieducacio.cat\/espiral\/2023\/02\/23\/educacio-dadults-una-segona-oportunitat\/#breadcrumb","itemListElement":[{"@type":"ListItem","position":1,"name":"Inici","item":"https:\/\/diarieducacio.cat\/espiral\/"},{"@type":"ListItem","position":2,"name":"Educaci\u00f3 d&#8217;adults: Una segona oportunitat"}]},{"@type":"WebSite","@id":"https:\/\/diarieducacio.cat\/espiral\/#website","url":"https:\/\/diarieducacio.cat\/espiral\/","name":"Espiral, educaci\u00f3n y tecnolog\u00eda","description":"Un blog de El Diari de l&#039;Educaci\u00f3","potentialAction":[{"@type":"SearchAction","target":{"@type":"EntryPoint","urlTemplate":"https:\/\/diarieducacio.cat\/espiral\/?s={search_term_string}"},"query-input":{"@type":"PropertyValueSpecification","valueRequired":true,"valueName":"search_term_string"}}],"inLanguage":"ca"},{"@type":"Person","@id":"https:\/\/diarieducacio.cat\/espiral\/#\/schema\/person\/673a3df546962cf842511b0b0a530913","name":"Isabel Pizarro","image":{"@type":"ImageObject","inLanguage":"ca","@id":"https:\/\/secure.gravatar.com\/avatar\/d07969041a9bf7dcc517859aabb2f7a0e28e6b29f32e81f3237035faded89de9?s=96&d=mm&r=g","url":"https:\/\/secure.gravatar.com\/avatar\/d07969041a9bf7dcc517859aabb2f7a0e28e6b29f32e81f3237035faded89de9?s=96&d=mm&r=g","contentUrl":"https:\/\/secure.gravatar.com\/avatar\/d07969041a9bf7dcc517859aabb2f7a0e28e6b29f32e81f3237035faded89de9?s=96&d=mm&r=g","caption":"Isabel Pizarro"},"url":"https:\/\/diarieducacio.cat\/espiral\/author\/ipizarro\/"}]}},"_links":{"self":[{"href":"https:\/\/diarieducacio.cat\/espiral\/wp-json\/wp\/v2\/posts\/277","targetHints":{"allow":["GET"]}}],"collection":[{"href":"https:\/\/diarieducacio.cat\/espiral\/wp-json\/wp\/v2\/posts"}],"about":[{"href":"https:\/\/diarieducacio.cat\/espiral\/wp-json\/wp\/v2\/types\/post"}],"author":[{"embeddable":true,"href":"https:\/\/diarieducacio.cat\/espiral\/wp-json\/wp\/v2\/users\/519"}],"replies":[{"embeddable":true,"href":"https:\/\/diarieducacio.cat\/espiral\/wp-json\/wp\/v2\/comments?post=277"}],"version-history":[{"count":1,"href":"https:\/\/diarieducacio.cat\/espiral\/wp-json\/wp\/v2\/posts\/277\/revisions"}],"predecessor-version":[{"id":1870,"href":"https:\/\/diarieducacio.cat\/espiral\/wp-json\/wp\/v2\/posts\/277\/revisions\/1870"}],"wp:featuredmedia":[{"embeddable":true,"href":"https:\/\/diarieducacio.cat\/espiral\/wp-json\/wp\/v2\/media\/278"}],"wp:attachment":[{"href":"https:\/\/diarieducacio.cat\/espiral\/wp-json\/wp\/v2\/media?parent=277"}],"wp:term":[{"taxonomy":"category","embeddable":true,"href":"https:\/\/diarieducacio.cat\/espiral\/wp-json\/wp\/v2\/categories?post=277"},{"taxonomy":"post_tag","embeddable":true,"href":"https:\/\/diarieducacio.cat\/espiral\/wp-json\/wp\/v2\/tags?post=277"},{"taxonomy":"tipo","embeddable":true,"href":"https:\/\/diarieducacio.cat\/espiral\/wp-json\/wp\/v2\/tipo?post=277"}],"curies":[{"name":"wp","href":"https:\/\/api.w.org\/{rel}","templated":true}]}}