{"id":289,"date":"2023-04-18T06:00:32","date_gmt":"2023-04-18T04:00:32","guid":{"rendered":"https:\/\/diarieducacio.cat\/espiral\/?p=289"},"modified":"2024-05-13T17:31:20","modified_gmt":"2024-05-13T15:31:20","slug":"una-girafa-a-laula-curiositat","status":"publish","type":"post","link":"https:\/\/diarieducacio.cat\/espiral\/2023\/04\/18\/una-girafa-a-laula-curiositat\/","title":{"rendered":"Una girafa a l&#8217;aula: curiositat&#8230;"},"content":{"rendered":"<p>Fa uns cursos que, gr\u00e0cies a un projecte que realitzem cada any a religi\u00f3, vaig descobrir el valor que t\u00e9 per al nostre alumnat tenir una petita mascota a l\u2019aula.<\/p>\n<p>I segur que estareu pensant\u2026 Una girafa \u00e9s una petita mascota? Clarament el t\u00edtol \u00e9s una crida d\u2019atenci\u00f3 i sobretot una afirmaci\u00f3 del gran Francisco Mora. Francisco Mora \u00e9s doctor en Medicina i Neuroci\u00e8ncia, catedr\u00e0tic de Fisiologia Humana i professor de la Universidad Complutense de Madrid i Iowa, als Estats Units, a m\u00e9s d\u2019un referent internacional en el camp de la Neuroeducaci\u00f3 i autor de nombroses publicacions cient\u00edfiques.<\/p>\n<p>En moltes de les seves xerrades ens explica que la neuroeducaci\u00f3 \u00e9s una nova visi\u00f3 de l\u2019ensenyament basada en la neuroci\u00e8ncia, l\u2019objectiu de la qual \u00e9s ajudar el professorat a con\u00e8ixer i entendre com aprenem per, d\u2019aquesta manera, poder ensenyar i aprendre millor. I no es tracta nom\u00e9s d\u2019ensenyar d\u2019una forma m\u00e9s eficient per potenciar el talent de l\u2019alumnat, sin\u00f3 tamb\u00e9 de ser capa\u00e7os de detectar necessitats en l\u2019alumne que li dificulten la lectura, la comprensi\u00f3, la memoritzaci\u00f3 o l\u2019aprenentatge. En les seves pr\u00f2pies paraules: \u201cIntentar ensenyar sense con\u00e8ixer com funciona el cervell aviat ser\u00e0 com dissenyar un guant sense mai abans haver vist una m\u00e0\u201d.<\/p>\n<blockquote><p>Cal que els professors i mestres tractem de despertar permanentment la curiositat dels estudiants, fomentant les seves ganes d\u2019aprendre<\/p><\/blockquote>\n<p>En molts f\u00f2rums ell ens planteja aquesta pregunta: Qu\u00e8 passaria si, durant una classe, apareix una girafa? Seguirien els alumnes prestant atenci\u00f3? La resposta sembla, sens dubte, ben clara. La girafa trencaria els esquemes de la monotonia perqu\u00e8 constitueix quelcom diferent, cosa que sobresurt de l\u2019entorn. R\u00e0pidament, es despertar\u00e0 la curiositat dels alumnes. I amb aix\u00f2, l\u2019emoci\u00f3. I amb l\u2019emoci\u00f3 s\u2019obre la finestra de l\u2019atenci\u00f3, requisit imprescindible per a la creaci\u00f3 de coneixement. El temps d\u2019aprendre i memoritzar \u201cperqu\u00e8 s\u00ed\u201d, o \u201cperqu\u00e8 entra a l\u2019examen\u201d ha quedat enrere. Cal que els professors i mestres tractem de despertar permanentment la curiositat dels estudiants, fomentant les seves ganes d\u2019aprendre.<\/p>\n<p>I aqu\u00ed entra directament la meva proposta. Les meves preguntes s\u00f3n similars: qu\u00e8 passa quan portem, per exemple, una tortuga a l\u2019aula? O quan portem cucs de seda, quan muntem un terrari a l\u2019aula o, fins i tot, quan tenim insectes pal? Doncs, efectivament, les <strong>ganes d\u2019aprendre augmenten exponencialment en molts aspectes<\/strong>.<\/p>\n<p>D\u2019una banda, podem descobrir i veure en viu i en directe el cicle de la vida, d\u2019una manera molt m\u00e9s enriquidora que el que es pot trobar en un llibre de text. Ens fem m\u00e9s responsables, descobrim que tots els \u00e9ssers vius necessiten cures i nosaltres per petits que siguem els les podem oferir. Ens sensibilitzem amb l\u2019entorn. Treballem en equip i ens repartim les tasques. Perdem la por a petits insectes o animals. Aprofitem el nostre meravell\u00f3s entorn per buscar-los el menjar i alimentar-los.<\/p>\n<blockquote><p>Con\u00e8ixer com funciona el cervell, sens dubte, ens ajudar\u00e0 a innovar i millorar l\u2019ensenyament<\/p><\/blockquote>\n<p>I per \u00faltim, relacionem la vida amb el que passa a l\u2019aula de manera que, igual que en el nostre dia a dia, en arribar a classe tenim alguna sorpresa, un nou naixement, un insecte que creix i muta, un que se\u2019ns ha escapat, excrements per netejar o aigua per canviar.<\/p>\n<p>Les cares de l\u2019alumnat, i fins i tot la dels docents, s\u00f3n un gran reflex d\u2019aquesta EMOCI\u00d3 que genera CURIOSITAT, MEM\u00d2RIA i, per descomptat, APRENENTATGES DURADORS.<\/p>\n<p>Acabo recordant que el cervell nom\u00e9s apr\u00e8n si hi ha emoci\u00f3, o, com a mi m\u2019agrada dir, \u201cemociona el teu alumnat i aprendr\u00e0\u201d. Con\u00e8ixer com funciona el cervell, sens dubte, ens ajudar\u00e0 a innovar i millorar l\u2019ensenyament. El que considero absolutament necessari en els temps que vivim.<\/p>\n<p>I, com s\u2019acostuma a dir, una imatge val m\u00e9s que mil paraules.<\/p>\n","protected":false},"excerpt":{"rendered":"<p>Fa uns cursos que, gr\u00e0cies a un projecte que realitzem cada any a religi\u00f3, vaig descobrir el valor que t\u00e9 per al nostre alumnat tenir una petita mascota a l\u2019aula. I segur que estareu pensant\u2026 Una girafa \u00e9s una petita mascota? Clarament el t\u00edtol \u00e9s una crida d\u2019atenci\u00f3 i sobretot una afirmaci\u00f3 del gran Francisco<\/p>\n","protected":false},"author":507,"featured_media":290,"comment_status":"open","ping_status":"closed","sticky":false,"template":"","format":"standard","meta":{"footnotes":""},"categories":[2],"tags":[97,135],"tipo":[143],"class_list":{"0":"post-289","1":"post","2":"type-post","3":"status-publish","4":"format-standard","5":"has-post-thumbnail","7":"category-general","8":"tag-educacio","9":"tag-alumnes","10":"tipo-opinio"},"yoast_head":"<!-- This site is optimized with the Yoast SEO plugin v27.5 - https:\/\/yoast.com\/product\/yoast-seo-wordpress\/ -->\n<title>Una girafa a l&#039;aula: curiositat... - Espiral, educaci\u00f3n y tecnolog\u00eda<\/title>\n<meta name=\"robots\" content=\"index, follow, max-snippet:-1, max-image-preview:large, max-video-preview:-1\" \/>\n<link rel=\"canonical\" href=\"https:\/\/diarieducacio.cat\/espiral\/2023\/04\/18\/una-girafa-a-laula-curiositat\/\" \/>\n<meta property=\"og:locale\" content=\"ca_ES\" \/>\n<meta property=\"og:type\" content=\"article\" \/>\n<meta property=\"og:title\" content=\"Una girafa a l&#039;aula: curiositat... - Espiral, educaci\u00f3n y tecnolog\u00eda\" \/>\n<meta property=\"og:description\" content=\"Fa uns cursos que, gr\u00e0cies a un projecte que realitzem cada any a religi\u00f3, vaig descobrir el valor que t\u00e9 per al nostre alumnat tenir una petita mascota a l\u2019aula. I segur que estareu pensant\u2026 Una girafa \u00e9s una petita mascota? Clarament el t\u00edtol \u00e9s una crida d\u2019atenci\u00f3 i sobretot una afirmaci\u00f3 del gran Francisco\" \/>\n<meta property=\"og:url\" content=\"https:\/\/diarieducacio.cat\/espiral\/2023\/04\/18\/una-girafa-a-laula-curiositat\/\" \/>\n<meta property=\"og:site_name\" content=\"Espiral, educaci\u00f3n y tecnolog\u00eda\" \/>\n<meta property=\"article:publisher\" content=\"https:\/\/www.facebook.com\/diarieducacio\/\" \/>\n<meta property=\"article:published_time\" content=\"2023-04-18T04:00:32+00:00\" \/>\n<meta property=\"article:modified_time\" content=\"2024-05-13T15:31:20+00:00\" \/>\n<meta property=\"og:image\" content=\"https:\/\/diarieducacio.cat\/espiral\/wp-content\/uploads\/sites\/30\/2023\/04\/WhatsApp-Image-2023-04-14-at-14.13.14.jpeg\" \/>\n\t<meta property=\"og:image:width\" content=\"960\" \/>\n\t<meta property=\"og:image:height\" content=\"720\" \/>\n\t<meta property=\"og:image:type\" content=\"image\/jpeg\" \/>\n<meta name=\"author\" content=\"Elisa Beltr\u00e1n Garc\u00eda\" \/>\n<meta name=\"twitter:card\" content=\"summary_large_image\" \/>\n<meta name=\"twitter:creator\" content=\"@DiariEducacio\" \/>\n<meta name=\"twitter:site\" content=\"@DiariEducacio\" \/>\n<meta name=\"twitter:label1\" content=\"Escrit per\" \/>\n\t<meta name=\"twitter:data1\" content=\"Elisa Beltr\u00e1n Garc\u00eda\" \/>\n\t<meta name=\"twitter:label2\" content=\"Temps estimat de lectura\" \/>\n\t<meta name=\"twitter:data2\" content=\"3 minuts\" \/>\n<script type=\"application\/ld+json\" class=\"yoast-schema-graph\">{\"@context\":\"https:\\\/\\\/schema.org\",\"@graph\":[{\"@type\":\"Article\",\"@id\":\"https:\\\/\\\/diarieducacio.cat\\\/espiral\\\/2023\\\/04\\\/18\\\/una-girafa-a-laula-curiositat\\\/#article\",\"isPartOf\":{\"@id\":\"https:\\\/\\\/diarieducacio.cat\\\/espiral\\\/2023\\\/04\\\/18\\\/una-girafa-a-laula-curiositat\\\/\"},\"author\":{\"name\":\"Elisa Beltr\u00e1n Garc\u00eda\",\"@id\":\"https:\\\/\\\/diarieducacio.cat\\\/espiral\\\/#\\\/schema\\\/person\\\/b059b8996146b52c84970f902d0e2339\"},\"headline\":\"Una girafa a l&#8217;aula: curiositat&#8230;\",\"datePublished\":\"2023-04-18T04:00:32+00:00\",\"dateModified\":\"2024-05-13T15:31:20+00:00\",\"mainEntityOfPage\":{\"@id\":\"https:\\\/\\\/diarieducacio.cat\\\/espiral\\\/2023\\\/04\\\/18\\\/una-girafa-a-laula-curiositat\\\/\"},\"wordCount\":683,\"commentCount\":0,\"image\":{\"@id\":\"https:\\\/\\\/diarieducacio.cat\\\/espiral\\\/2023\\\/04\\\/18\\\/una-girafa-a-laula-curiositat\\\/#primaryimage\"},\"thumbnailUrl\":\"https:\\\/\\\/diarieducacio.cat\\\/espiral\\\/wp-content\\\/uploads\\\/sites\\\/30\\\/2023\\\/04\\\/WhatsApp-Image-2023-04-14-at-14.13.14.jpeg\",\"keywords\":[\"#educaci\u00f3\",\"alumnes\"],\"articleSection\":[\"General\"],\"inLanguage\":\"ca\",\"potentialAction\":[{\"@type\":\"CommentAction\",\"name\":\"Comment\",\"target\":[\"https:\\\/\\\/diarieducacio.cat\\\/espiral\\\/2023\\\/04\\\/18\\\/una-girafa-a-laula-curiositat\\\/#respond\"]}]},{\"@type\":\"WebPage\",\"@id\":\"https:\\\/\\\/diarieducacio.cat\\\/espiral\\\/2023\\\/04\\\/18\\\/una-girafa-a-laula-curiositat\\\/\",\"url\":\"https:\\\/\\\/diarieducacio.cat\\\/espiral\\\/2023\\\/04\\\/18\\\/una-girafa-a-laula-curiositat\\\/\",\"name\":\"Una girafa a l'aula: curiositat... - Espiral, educaci\u00f3n y tecnolog\u00eda\",\"isPartOf\":{\"@id\":\"https:\\\/\\\/diarieducacio.cat\\\/espiral\\\/#website\"},\"primaryImageOfPage\":{\"@id\":\"https:\\\/\\\/diarieducacio.cat\\\/espiral\\\/2023\\\/04\\\/18\\\/una-girafa-a-laula-curiositat\\\/#primaryimage\"},\"image\":{\"@id\":\"https:\\\/\\\/diarieducacio.cat\\\/espiral\\\/2023\\\/04\\\/18\\\/una-girafa-a-laula-curiositat\\\/#primaryimage\"},\"thumbnailUrl\":\"https:\\\/\\\/diarieducacio.cat\\\/espiral\\\/wp-content\\\/uploads\\\/sites\\\/30\\\/2023\\\/04\\\/WhatsApp-Image-2023-04-14-at-14.13.14.jpeg\",\"datePublished\":\"2023-04-18T04:00:32+00:00\",\"dateModified\":\"2024-05-13T15:31:20+00:00\",\"author\":{\"@id\":\"https:\\\/\\\/diarieducacio.cat\\\/espiral\\\/#\\\/schema\\\/person\\\/b059b8996146b52c84970f902d0e2339\"},\"breadcrumb\":{\"@id\":\"https:\\\/\\\/diarieducacio.cat\\\/espiral\\\/2023\\\/04\\\/18\\\/una-girafa-a-laula-curiositat\\\/#breadcrumb\"},\"inLanguage\":\"ca\",\"potentialAction\":[{\"@type\":\"ReadAction\",\"target\":[\"https:\\\/\\\/diarieducacio.cat\\\/espiral\\\/2023\\\/04\\\/18\\\/una-girafa-a-laula-curiositat\\\/\"]}]},{\"@type\":\"ImageObject\",\"inLanguage\":\"ca\",\"@id\":\"https:\\\/\\\/diarieducacio.cat\\\/espiral\\\/2023\\\/04\\\/18\\\/una-girafa-a-laula-curiositat\\\/#primaryimage\",\"url\":\"https:\\\/\\\/diarieducacio.cat\\\/espiral\\\/wp-content\\\/uploads\\\/sites\\\/30\\\/2023\\\/04\\\/WhatsApp-Image-2023-04-14-at-14.13.14.jpeg\",\"contentUrl\":\"https:\\\/\\\/diarieducacio.cat\\\/espiral\\\/wp-content\\\/uploads\\\/sites\\\/30\\\/2023\\\/04\\\/WhatsApp-Image-2023-04-14-at-14.13.14.jpeg\",\"width\":960,\"height\":720,\"caption\":\"Foto cedida per l'autora\"},{\"@type\":\"BreadcrumbList\",\"@id\":\"https:\\\/\\\/diarieducacio.cat\\\/espiral\\\/2023\\\/04\\\/18\\\/una-girafa-a-laula-curiositat\\\/#breadcrumb\",\"itemListElement\":[{\"@type\":\"ListItem\",\"position\":1,\"name\":\"Inici\",\"item\":\"https:\\\/\\\/diarieducacio.cat\\\/espiral\\\/\"},{\"@type\":\"ListItem\",\"position\":2,\"name\":\"Una girafa a l&#8217;aula: curiositat&#8230;\"}]},{\"@type\":\"WebSite\",\"@id\":\"https:\\\/\\\/diarieducacio.cat\\\/espiral\\\/#website\",\"url\":\"https:\\\/\\\/diarieducacio.cat\\\/espiral\\\/\",\"name\":\"Espiral, educaci\u00f3n y tecnolog\u00eda\",\"description\":\"Un blog de El Diari de l&#039;Educaci\u00f3\",\"potentialAction\":[{\"@type\":\"SearchAction\",\"target\":{\"@type\":\"EntryPoint\",\"urlTemplate\":\"https:\\\/\\\/diarieducacio.cat\\\/espiral\\\/?s={search_term_string}\"},\"query-input\":{\"@type\":\"PropertyValueSpecification\",\"valueRequired\":true,\"valueName\":\"search_term_string\"}}],\"inLanguage\":\"ca\"},{\"@type\":\"Person\",\"@id\":\"https:\\\/\\\/diarieducacio.cat\\\/espiral\\\/#\\\/schema\\\/person\\\/b059b8996146b52c84970f902d0e2339\",\"name\":\"Elisa Beltr\u00e1n Garc\u00eda\",\"image\":{\"@type\":\"ImageObject\",\"inLanguage\":\"ca\",\"@id\":\"https:\\\/\\\/secure.gravatar.com\\\/avatar\\\/4ec92a0bf4d799714559571e995dc1d0ad15a39eeb018a3f7bca173934a261d6?s=96&d=mm&r=g\",\"url\":\"https:\\\/\\\/secure.gravatar.com\\\/avatar\\\/4ec92a0bf4d799714559571e995dc1d0ad15a39eeb018a3f7bca173934a261d6?s=96&d=mm&r=g\",\"contentUrl\":\"https:\\\/\\\/secure.gravatar.com\\\/avatar\\\/4ec92a0bf4d799714559571e995dc1d0ad15a39eeb018a3f7bca173934a261d6?s=96&d=mm&r=g\",\"caption\":\"Elisa Beltr\u00e1n Garc\u00eda\"},\"url\":\"https:\\\/\\\/diarieducacio.cat\\\/espiral\\\/author\\\/ebeltran\\\/\"}]}<\/script>\n<!-- \/ Yoast SEO plugin. -->","yoast_head_json":{"title":"Una girafa a l'aula: curiositat... - Espiral, educaci\u00f3n y tecnolog\u00eda","robots":{"index":"index","follow":"follow","max-snippet":"max-snippet:-1","max-image-preview":"max-image-preview:large","max-video-preview":"max-video-preview:-1"},"canonical":"https:\/\/diarieducacio.cat\/espiral\/2023\/04\/18\/una-girafa-a-laula-curiositat\/","og_locale":"ca_ES","og_type":"article","og_title":"Una girafa a l'aula: curiositat... - Espiral, educaci\u00f3n y tecnolog\u00eda","og_description":"Fa uns cursos que, gr\u00e0cies a un projecte que realitzem cada any a religi\u00f3, vaig descobrir el valor que t\u00e9 per al nostre alumnat tenir una petita mascota a l\u2019aula. I segur que estareu pensant\u2026 Una girafa \u00e9s una petita mascota? Clarament el t\u00edtol \u00e9s una crida d\u2019atenci\u00f3 i sobretot una afirmaci\u00f3 del gran Francisco","og_url":"https:\/\/diarieducacio.cat\/espiral\/2023\/04\/18\/una-girafa-a-laula-curiositat\/","og_site_name":"Espiral, educaci\u00f3n y tecnolog\u00eda","article_publisher":"https:\/\/www.facebook.com\/diarieducacio\/","article_published_time":"2023-04-18T04:00:32+00:00","article_modified_time":"2024-05-13T15:31:20+00:00","og_image":[{"width":960,"height":720,"url":"https:\/\/diarieducacio.cat\/espiral\/wp-content\/uploads\/sites\/30\/2023\/04\/WhatsApp-Image-2023-04-14-at-14.13.14.jpeg","type":"image\/jpeg"}],"author":"Elisa Beltr\u00e1n Garc\u00eda","twitter_card":"summary_large_image","twitter_creator":"@DiariEducacio","twitter_site":"@DiariEducacio","twitter_misc":{"Escrit per":"Elisa Beltr\u00e1n Garc\u00eda","Temps estimat de lectura":"3 minuts"},"schema":{"@context":"https:\/\/schema.org","@graph":[{"@type":"Article","@id":"https:\/\/diarieducacio.cat\/espiral\/2023\/04\/18\/una-girafa-a-laula-curiositat\/#article","isPartOf":{"@id":"https:\/\/diarieducacio.cat\/espiral\/2023\/04\/18\/una-girafa-a-laula-curiositat\/"},"author":{"name":"Elisa Beltr\u00e1n Garc\u00eda","@id":"https:\/\/diarieducacio.cat\/espiral\/#\/schema\/person\/b059b8996146b52c84970f902d0e2339"},"headline":"Una girafa a l&#8217;aula: curiositat&#8230;","datePublished":"2023-04-18T04:00:32+00:00","dateModified":"2024-05-13T15:31:20+00:00","mainEntityOfPage":{"@id":"https:\/\/diarieducacio.cat\/espiral\/2023\/04\/18\/una-girafa-a-laula-curiositat\/"},"wordCount":683,"commentCount":0,"image":{"@id":"https:\/\/diarieducacio.cat\/espiral\/2023\/04\/18\/una-girafa-a-laula-curiositat\/#primaryimage"},"thumbnailUrl":"https:\/\/diarieducacio.cat\/espiral\/wp-content\/uploads\/sites\/30\/2023\/04\/WhatsApp-Image-2023-04-14-at-14.13.14.jpeg","keywords":["#educaci\u00f3","alumnes"],"articleSection":["General"],"inLanguage":"ca","potentialAction":[{"@type":"CommentAction","name":"Comment","target":["https:\/\/diarieducacio.cat\/espiral\/2023\/04\/18\/una-girafa-a-laula-curiositat\/#respond"]}]},{"@type":"WebPage","@id":"https:\/\/diarieducacio.cat\/espiral\/2023\/04\/18\/una-girafa-a-laula-curiositat\/","url":"https:\/\/diarieducacio.cat\/espiral\/2023\/04\/18\/una-girafa-a-laula-curiositat\/","name":"Una girafa a l'aula: curiositat... - Espiral, educaci\u00f3n y tecnolog\u00eda","isPartOf":{"@id":"https:\/\/diarieducacio.cat\/espiral\/#website"},"primaryImageOfPage":{"@id":"https:\/\/diarieducacio.cat\/espiral\/2023\/04\/18\/una-girafa-a-laula-curiositat\/#primaryimage"},"image":{"@id":"https:\/\/diarieducacio.cat\/espiral\/2023\/04\/18\/una-girafa-a-laula-curiositat\/#primaryimage"},"thumbnailUrl":"https:\/\/diarieducacio.cat\/espiral\/wp-content\/uploads\/sites\/30\/2023\/04\/WhatsApp-Image-2023-04-14-at-14.13.14.jpeg","datePublished":"2023-04-18T04:00:32+00:00","dateModified":"2024-05-13T15:31:20+00:00","author":{"@id":"https:\/\/diarieducacio.cat\/espiral\/#\/schema\/person\/b059b8996146b52c84970f902d0e2339"},"breadcrumb":{"@id":"https:\/\/diarieducacio.cat\/espiral\/2023\/04\/18\/una-girafa-a-laula-curiositat\/#breadcrumb"},"inLanguage":"ca","potentialAction":[{"@type":"ReadAction","target":["https:\/\/diarieducacio.cat\/espiral\/2023\/04\/18\/una-girafa-a-laula-curiositat\/"]}]},{"@type":"ImageObject","inLanguage":"ca","@id":"https:\/\/diarieducacio.cat\/espiral\/2023\/04\/18\/una-girafa-a-laula-curiositat\/#primaryimage","url":"https:\/\/diarieducacio.cat\/espiral\/wp-content\/uploads\/sites\/30\/2023\/04\/WhatsApp-Image-2023-04-14-at-14.13.14.jpeg","contentUrl":"https:\/\/diarieducacio.cat\/espiral\/wp-content\/uploads\/sites\/30\/2023\/04\/WhatsApp-Image-2023-04-14-at-14.13.14.jpeg","width":960,"height":720,"caption":"Foto cedida per l'autora"},{"@type":"BreadcrumbList","@id":"https:\/\/diarieducacio.cat\/espiral\/2023\/04\/18\/una-girafa-a-laula-curiositat\/#breadcrumb","itemListElement":[{"@type":"ListItem","position":1,"name":"Inici","item":"https:\/\/diarieducacio.cat\/espiral\/"},{"@type":"ListItem","position":2,"name":"Una girafa a l&#8217;aula: curiositat&#8230;"}]},{"@type":"WebSite","@id":"https:\/\/diarieducacio.cat\/espiral\/#website","url":"https:\/\/diarieducacio.cat\/espiral\/","name":"Espiral, educaci\u00f3n y tecnolog\u00eda","description":"Un blog de El Diari de l&#039;Educaci\u00f3","potentialAction":[{"@type":"SearchAction","target":{"@type":"EntryPoint","urlTemplate":"https:\/\/diarieducacio.cat\/espiral\/?s={search_term_string}"},"query-input":{"@type":"PropertyValueSpecification","valueRequired":true,"valueName":"search_term_string"}}],"inLanguage":"ca"},{"@type":"Person","@id":"https:\/\/diarieducacio.cat\/espiral\/#\/schema\/person\/b059b8996146b52c84970f902d0e2339","name":"Elisa Beltr\u00e1n Garc\u00eda","image":{"@type":"ImageObject","inLanguage":"ca","@id":"https:\/\/secure.gravatar.com\/avatar\/4ec92a0bf4d799714559571e995dc1d0ad15a39eeb018a3f7bca173934a261d6?s=96&d=mm&r=g","url":"https:\/\/secure.gravatar.com\/avatar\/4ec92a0bf4d799714559571e995dc1d0ad15a39eeb018a3f7bca173934a261d6?s=96&d=mm&r=g","contentUrl":"https:\/\/secure.gravatar.com\/avatar\/4ec92a0bf4d799714559571e995dc1d0ad15a39eeb018a3f7bca173934a261d6?s=96&d=mm&r=g","caption":"Elisa Beltr\u00e1n Garc\u00eda"},"url":"https:\/\/diarieducacio.cat\/espiral\/author\/ebeltran\/"}]}},"_links":{"self":[{"href":"https:\/\/diarieducacio.cat\/espiral\/wp-json\/wp\/v2\/posts\/289","targetHints":{"allow":["GET"]}}],"collection":[{"href":"https:\/\/diarieducacio.cat\/espiral\/wp-json\/wp\/v2\/posts"}],"about":[{"href":"https:\/\/diarieducacio.cat\/espiral\/wp-json\/wp\/v2\/types\/post"}],"author":[{"embeddable":true,"href":"https:\/\/diarieducacio.cat\/espiral\/wp-json\/wp\/v2\/users\/507"}],"replies":[{"embeddable":true,"href":"https:\/\/diarieducacio.cat\/espiral\/wp-json\/wp\/v2\/comments?post=289"}],"version-history":[{"count":1,"href":"https:\/\/diarieducacio.cat\/espiral\/wp-json\/wp\/v2\/posts\/289\/revisions"}],"predecessor-version":[{"id":1871,"href":"https:\/\/diarieducacio.cat\/espiral\/wp-json\/wp\/v2\/posts\/289\/revisions\/1871"}],"wp:featuredmedia":[{"embeddable":true,"href":"https:\/\/diarieducacio.cat\/espiral\/wp-json\/wp\/v2\/media\/290"}],"wp:attachment":[{"href":"https:\/\/diarieducacio.cat\/espiral\/wp-json\/wp\/v2\/media?parent=289"}],"wp:term":[{"taxonomy":"category","embeddable":true,"href":"https:\/\/diarieducacio.cat\/espiral\/wp-json\/wp\/v2\/categories?post=289"},{"taxonomy":"post_tag","embeddable":true,"href":"https:\/\/diarieducacio.cat\/espiral\/wp-json\/wp\/v2\/tags?post=289"},{"taxonomy":"tipo","embeddable":true,"href":"https:\/\/diarieducacio.cat\/espiral\/wp-json\/wp\/v2\/tipo?post=289"}],"curies":[{"name":"wp","href":"https:\/\/api.w.org\/{rel}","templated":true}]}}