{"id":311,"date":"2023-06-16T03:26:39","date_gmt":"2023-06-16T01:26:39","guid":{"rendered":"https:\/\/diarieducacio.cat\/espiral\/?p=311"},"modified":"2024-05-13T17:31:20","modified_gmt":"2024-05-13T15:31:20","slug":"una-visio-internacional-tecnologica-coeducativa-i-desafiadora-de-leducacio-fisica","status":"publish","type":"post","link":"https:\/\/diarieducacio.cat\/espiral\/2023\/06\/16\/una-visio-internacional-tecnologica-coeducativa-i-desafiadora-de-leducacio-fisica\/","title":{"rendered":"Una visi\u00f3 internacional, tecnol\u00f2gica, coeducativa i desafiadora de l&#8217;Educaci\u00f3 F\u00edsica"},"content":{"rendered":"<p>Soc mestre de l&#8217;\u00e0rea d&#8217;Educaci\u00f3 F\u00edsica de l&#8217;escola p\u00fablica Pr\u00edncipes de Asturias a Pozuelo de Alarc\u00f3n, a la Comunitat de Madrid. Imparteixo aquesta assignatura des que vaig comen\u00e7ar fa 20 anys i despr\u00e9s de passar per l&#8217;Equip Directiu d&#8217;un altre centre, vaig haver de fer-ho en angl\u00e8s i en tots els cursos de Prim\u00e0ria. Totes dues situacions van ser un gran repte, per\u00f2 sens dubte la que em va fer reflexionar m\u00e9s va ser la de ser el m\u00e0xim responsable de fomentar un adequat desenvolupament f\u00edsic i corporal d&#8217;uns 300 alumnes a l&#8217;any.<\/p>\n<p>Arribar al moment professional en qu\u00e8 ara em trobo ha implicat plantejar-me quatre objectius:<\/p>\n<ul>\n<li>Tenir en compte la visi\u00f3 internacional i traspassar fronteres.<\/li>\n<li>Incorporar les tecnologies.<\/li>\n<li>Incorporar la coeducaci\u00f3.<\/li>\n<li>Introduir l&#8217;aprenentatge basat en reptes.<\/li>\n<\/ul>\n<p>A continuaci\u00f3, exposar\u00e9 breument el que va suposar incloure&#8217;ls en la meva assignatura.<\/p>\n<h3>Traspassar fronteres<\/h3>\n<p>Les tecnologies fan possible trobar models en altres llocs del m\u00f3n quant a l&#8217;ensenyament de l&#8217;Educaci\u00f3 F\u00edsica. Poso alguns exemples que poden resultar \u00fatils pels lectors. En el nostre pa\u00eds recomanaria les p\u00e0gines web de Francisco Javier V\u00e1zquez &#8211;<a href=\"https:\/\/www.elvalordelaeducacionfisica.com\/\">https:\/\/www.elvalordelaeducacionfisica.com\/<\/a> -; i de Javier Serantes &#8211; <a href=\"https:\/\/profesacademy.com\/\">https:\/\/profesacademy.com\/<\/a> D&#8217;altra banda, tamb\u00e9 s\u00f3n interessants les webs de Jarrod Robinson (Austr\u00e0lia) <a href=\"https:\/\/thepegeek.com\/\">https:\/\/thepegeek.com\/<\/a> ; i de Ben Landers (Calif\u00f2rnia) <a href=\"https:\/\/www.thepespecialist.com\/\">https:\/\/www.thepespecialist.com\/<\/a> (Ben Landers).<\/p>\n<h3>Incorporar la tecnologia<\/h3>\n<p>Coincideix que soc coordinador TIC del meu centre, per la qual cosa l&#8217;\u00fas de la tecnologia es va convertir en un recurs tamb\u00e9 per a l&#8217;Educaci\u00f3 F\u00edsica. He utilitzat la plataforma TEAMS perqu\u00e8 els meus alumnes accedeixin a recursos complementaris, facin activitats en l\u00ednia com contestar formularis o realitzin tasques de la mateixa manera que succeeix en altres assignatures. A m\u00e9s, com a part de la meva funci\u00f3 docent, vaig traslladar el meu disseny de les sessions i la meva forma d&#8217;avaluar a aplicacions i vaig deixar d&#8217;utilitzar els quaderns per portar una tauleta, un altaveu i dos rellotges GPS a la meva ronyonera.<\/p>\n<h3>La coeducaci\u00f3 a partir de la pr\u00e0ctica esportiva<\/h3>\n<p>Incorporar aquest objectiu s&#8217;ha convertit, sens dubte, en el m\u00e9s important de tots. L&#8217;Associaci\u00f3 de Professors d&#8217;Educaci\u00f3 F\u00edsica &#8211; <a href=\"https:\/\/apefadal.es\/\">https:\/\/apefadal.es\/<\/a> &#8211; realitza unes trobades anuals on ning\u00fa es preocupa del resultat dels partits i es treballa amb equips mixtos i esports alternatius. Les seves experi\u00e8ncies compartides van ser la base de molts dels canvis que vaig introduir en la meva programaci\u00f3 anual de les sessions.<\/p>\n<h3>Aprendre a trav\u00e9s de reptes<\/h3>\n<p>Amb l&#8217;ajuda de la tecnologia dels dos rellotges GPS, vaig aconseguir que la preparaci\u00f3 de la cursa de &#8220;Camp a trav\u00e9s entre escoles&#8221; es convert\u00eds en un repte per a grups del mateix nivell que intentaven aconseguir m\u00e9s quil\u00f2metres durant un mes. El guanyador mensual gaudia d&#8217;una classe lliure durant el mes seg\u00fcent, on podia utilitzar el material desitjat i jugar amb qui volgu\u00e9s. Precisament, els reptes ens ajuden a avan\u00e7ar en la vida, alguna cosa que he viscut en primera persona. Fa set anys, vaig assumir un canvi d&#8217;escola, haver d&#8217;impartir la meva \u00e0rea en una altra llengua i amb nous alumnes i espai, una cosa important en la meva assignatura. Per\u00f2 el que m&#8217;ha impulsat m\u00e9s a incorporar canvis innovadors en el meu dia a dia ha estat sobretot el suport de l&#8217;Equip Directiu del CEIPSO Pr\u00ednceps d&#8217;Ast\u00faries, que va impulsar des del primer moment la compra de materials i dispositius per tenir els recursos necessaris. Ha estat essencial per renovar una assignatura a la qual pesa una consideraci\u00f3 de &#8220;menor import\u00e0ncia&#8221; respecte a les mat\u00e8ries instrumentals. Personalment, aix\u00f2 ha fet que tragu\u00e9s el millor de mi mateix.<\/p>\n<p>Quant als canvis metodol\u00f2gics i organitzatius als quals em referia anteriorment i que he anat introduint progressivament durant aquests \u00faltims set anys, m&#8217;agradaria destacar els seg\u00fcents:<\/p>\n<ul>\n<li>Cada mes els alumnes tenen un equip nou, en total quatre equips organitzats per a qualsevol joc. D&#8217;aquesta manera, es crea un vincle amb el teu equip que no ha estat triat o seleccionat per nivell d&#8217;habilitat, tal com succeeix en els esports extraescolars on cadasc\u00fa s&#8217;apunta segons la seva destresa i passi\u00f3.<\/li>\n<li>Un dels jugadors de cada equip \u00e9s el capit\u00e0, que canvia en cada sessi\u00f3 i \u00e9s l&#8217;encarregat de resoldre els conflictes amb l&#8217;altre capit\u00e0, \u00e9s a dir, s\u00f3n els \u00e0rbitres del joc i a m\u00e9s prenen decisions sobre els rols dels altres jugadors en els diferents jocs.<\/li>\n<li>L&#8217;estructura de la classe \u00e9s la seg\u00fcent:\n<ul>\n<li>Escalfament: A ballar! Les classes comencen amb m\u00fasica, una coreografia senzilla, divertida, amb frases en angl\u00e8s que tradu\u00efm. D&#8217;aquesta manera, comencem amb molta energia i bogeria, com deia Edwin Denby: &#8220;Hi ha una mica de bogeria en la dansa que fa molt b\u00e9 a tothom&#8221;.<\/li>\n<li>Part principal: A jugar! El principal canvi metodol\u00f2gic introdu\u00eft \u00e9s que fem que tots els jugadors de l&#8217;equip se sentin importants, participin, ajudin l&#8217;equip a aconseguir els objectius i, per aix\u00f2, sempre que passem un objecte (pilota, disc, indiaca, vortex) ha de passar-se a un company de sexe diferent.<\/li>\n<li>Tornada a la calma: Ens relaxem. Aprofitem els \u00faltims moments de la classe per escoltar en silenci un \u00e0udio que ens parla de l&#8217;atenci\u00f3 plena (mindfulness), de la consci\u00e8ncia del cos i la respiraci\u00f3. Tamb\u00e9 realitzem postures senzilles de ioga.<\/li>\n<\/ul>\n<\/li>\n<li>Esbarjos actius. Tenim un calaix que va ser decorat per algunes alumnes amb frases relacionades amb el joc i on anem posant material perqu\u00e8 el facin servir durant l&#8217;esbarjo. Per\u00f2 sens dubte, aquest any hem trencat les estad\u00edstiques creant els CAMPIONATS. Durant un mes, a la classe d&#8217;Educaci\u00f3 F\u00edsica, aprenem a jugar a un joc tots els cursos (futbol, pilota presonera) i el mes seg\u00fcent, durant l&#8217;esbarjo, realitzem un campionat internivell, \u00e9s a dir, els equips estan compostos per jugadors de 1r a 6\u00e8 de Prim\u00e0ria. Aix\u00f2 ha provocat que el 85% de l&#8217;alumnat s&#8217;apunti i jugui, arribant a estar jugant al mateix temps 80 alumnes i el m\u00e9s incre\u00efble, sense \u00e0rbitre, ja que el seu capit\u00e0 resolia els possibles conflictes juntament amb el capit\u00e0 de l&#8217;altre equip.<\/li>\n<\/ul>\n<p>Per concloure, comparteixo amb vosaltres aquesta pregunta que convida a la reflexi\u00f3. A classe d&#8217;Educaci\u00f3 F\u00edsica els ensenyo un joc al qual volen continuar jugant durant l&#8217;esbarjo. T&#8217;ho imagines en qualsevol altra assignatura?<\/p>\n","protected":false},"excerpt":{"rendered":"<p>Soc mestre de l&#8217;\u00e0rea d&#8217;Educaci\u00f3 F\u00edsica de l&#8217;escola p\u00fablica Pr\u00edncipes de Asturias a Pozuelo de Alarc\u00f3n, a la Comunitat de Madrid. Imparteixo aquesta assignatura des que vaig comen\u00e7ar fa 20 anys i despr\u00e9s de passar per l&#8217;Equip Directiu d&#8217;un altre centre, vaig haver de fer-ho en angl\u00e8s i en tots els cursos de Prim\u00e0ria. Totes<\/p>\n","protected":false},"author":521,"featured_media":1818,"comment_status":"open","ping_status":"closed","sticky":false,"template":"","format":"standard","meta":{"footnotes":""},"categories":[2],"tags":[97],"tipo":[143],"class_list":{"0":"post-311","1":"post","2":"type-post","3":"status-publish","4":"format-standard","5":"has-post-thumbnail","7":"category-general","8":"tag-educacio","9":"tipo-opinio"},"yoast_head":"<!-- This site is optimized with the Yoast SEO plugin v27.5 - https:\/\/yoast.com\/product\/yoast-seo-wordpress\/ -->\n<title>Una visi\u00f3 internacional, tecnol\u00f2gica, coeducativa i desafiadora de l&#039;Educaci\u00f3 F\u00edsica - Espiral, educaci\u00f3n y tecnolog\u00eda<\/title>\n<meta name=\"robots\" content=\"index, follow, max-snippet:-1, max-image-preview:large, max-video-preview:-1\" \/>\n<link rel=\"canonical\" href=\"https:\/\/diarieducacio.cat\/espiral\/2023\/06\/16\/una-visio-internacional-tecnologica-coeducativa-i-desafiadora-de-leducacio-fisica\/\" \/>\n<meta property=\"og:locale\" content=\"ca_ES\" \/>\n<meta property=\"og:type\" content=\"article\" \/>\n<meta property=\"og:title\" content=\"Una visi\u00f3 internacional, tecnol\u00f2gica, coeducativa i desafiadora de l&#039;Educaci\u00f3 F\u00edsica - Espiral, educaci\u00f3n y tecnolog\u00eda\" \/>\n<meta property=\"og:description\" content=\"Soc mestre de l&#8217;\u00e0rea d&#8217;Educaci\u00f3 F\u00edsica de l&#8217;escola p\u00fablica Pr\u00edncipes de Asturias a Pozuelo de Alarc\u00f3n, a la Comunitat de Madrid. Imparteixo aquesta assignatura des que vaig comen\u00e7ar fa 20 anys i despr\u00e9s de passar per l&#8217;Equip Directiu d&#8217;un altre centre, vaig haver de fer-ho en angl\u00e8s i en tots els cursos de Prim\u00e0ria. Totes\" \/>\n<meta property=\"og:url\" content=\"https:\/\/diarieducacio.cat\/espiral\/2023\/06\/16\/una-visio-internacional-tecnologica-coeducativa-i-desafiadora-de-leducacio-fisica\/\" \/>\n<meta property=\"og:site_name\" content=\"Espiral, educaci\u00f3n y tecnolog\u00eda\" \/>\n<meta property=\"article:publisher\" content=\"https:\/\/www.facebook.com\/diarieducacio\/\" \/>\n<meta property=\"article:published_time\" content=\"2023-06-16T01:26:39+00:00\" \/>\n<meta property=\"article:modified_time\" content=\"2024-05-13T15:31:20+00:00\" \/>\n<meta property=\"og:image\" content=\"https:\/\/diarieducacio.cat\/espiral\/wp-content\/uploads\/sites\/30\/2023\/06\/Foto-2_Vision-E_Fisica_Jesus-Alvaro.jpg\" \/>\n\t<meta property=\"og:image:width\" content=\"1000\" \/>\n\t<meta property=\"og:image:height\" content=\"750\" \/>\n\t<meta property=\"og:image:type\" content=\"image\/jpeg\" \/>\n<meta name=\"author\" content=\"Jes\u00fas \u00c1lvaro Rivilla\" \/>\n<meta name=\"twitter:card\" content=\"summary_large_image\" \/>\n<meta name=\"twitter:creator\" content=\"@DiariEducacio\" \/>\n<meta name=\"twitter:site\" content=\"@DiariEducacio\" \/>\n<meta name=\"twitter:label1\" content=\"Escrit per\" \/>\n\t<meta name=\"twitter:data1\" content=\"Jes\u00fas \u00c1lvaro Rivilla\" \/>\n\t<meta name=\"twitter:label2\" content=\"Temps estimat de lectura\" \/>\n\t<meta name=\"twitter:data2\" content=\"5 minuts\" \/>\n<script type=\"application\/ld+json\" class=\"yoast-schema-graph\">{\"@context\":\"https:\\\/\\\/schema.org\",\"@graph\":[{\"@type\":\"Article\",\"@id\":\"https:\\\/\\\/diarieducacio.cat\\\/espiral\\\/2023\\\/06\\\/16\\\/una-visio-internacional-tecnologica-coeducativa-i-desafiadora-de-leducacio-fisica\\\/#article\",\"isPartOf\":{\"@id\":\"https:\\\/\\\/diarieducacio.cat\\\/espiral\\\/2023\\\/06\\\/16\\\/una-visio-internacional-tecnologica-coeducativa-i-desafiadora-de-leducacio-fisica\\\/\"},\"author\":{\"name\":\"Jes\u00fas \u00c1lvaro Rivilla\",\"@id\":\"https:\\\/\\\/diarieducacio.cat\\\/espiral\\\/#\\\/schema\\\/person\\\/f0c5857229b01317d058b1d48063bbe4\"},\"headline\":\"Una visi\u00f3 internacional, tecnol\u00f2gica, coeducativa i desafiadora de l&#8217;Educaci\u00f3 F\u00edsica\",\"datePublished\":\"2023-06-16T01:26:39+00:00\",\"dateModified\":\"2024-05-13T15:31:20+00:00\",\"mainEntityOfPage\":{\"@id\":\"https:\\\/\\\/diarieducacio.cat\\\/espiral\\\/2023\\\/06\\\/16\\\/una-visio-internacional-tecnologica-coeducativa-i-desafiadora-de-leducacio-fisica\\\/\"},\"wordCount\":1135,\"commentCount\":0,\"image\":{\"@id\":\"https:\\\/\\\/diarieducacio.cat\\\/espiral\\\/2023\\\/06\\\/16\\\/una-visio-internacional-tecnologica-coeducativa-i-desafiadora-de-leducacio-fisica\\\/#primaryimage\"},\"thumbnailUrl\":\"https:\\\/\\\/diarieducacio.cat\\\/espiral\\\/wp-content\\\/uploads\\\/sites\\\/30\\\/2023\\\/06\\\/Foto-2_Vision-E_Fisica_Jesus-Alvaro.jpg\",\"keywords\":[\"#educaci\u00f3\"],\"articleSection\":[\"General\"],\"inLanguage\":\"ca\",\"potentialAction\":[{\"@type\":\"CommentAction\",\"name\":\"Comment\",\"target\":[\"https:\\\/\\\/diarieducacio.cat\\\/espiral\\\/2023\\\/06\\\/16\\\/una-visio-internacional-tecnologica-coeducativa-i-desafiadora-de-leducacio-fisica\\\/#respond\"]}]},{\"@type\":\"WebPage\",\"@id\":\"https:\\\/\\\/diarieducacio.cat\\\/espiral\\\/2023\\\/06\\\/16\\\/una-visio-internacional-tecnologica-coeducativa-i-desafiadora-de-leducacio-fisica\\\/\",\"url\":\"https:\\\/\\\/diarieducacio.cat\\\/espiral\\\/2023\\\/06\\\/16\\\/una-visio-internacional-tecnologica-coeducativa-i-desafiadora-de-leducacio-fisica\\\/\",\"name\":\"Una visi\u00f3 internacional, tecnol\u00f2gica, coeducativa i desafiadora de l'Educaci\u00f3 F\u00edsica - Espiral, educaci\u00f3n y tecnolog\u00eda\",\"isPartOf\":{\"@id\":\"https:\\\/\\\/diarieducacio.cat\\\/espiral\\\/#website\"},\"primaryImageOfPage\":{\"@id\":\"https:\\\/\\\/diarieducacio.cat\\\/espiral\\\/2023\\\/06\\\/16\\\/una-visio-internacional-tecnologica-coeducativa-i-desafiadora-de-leducacio-fisica\\\/#primaryimage\"},\"image\":{\"@id\":\"https:\\\/\\\/diarieducacio.cat\\\/espiral\\\/2023\\\/06\\\/16\\\/una-visio-internacional-tecnologica-coeducativa-i-desafiadora-de-leducacio-fisica\\\/#primaryimage\"},\"thumbnailUrl\":\"https:\\\/\\\/diarieducacio.cat\\\/espiral\\\/wp-content\\\/uploads\\\/sites\\\/30\\\/2023\\\/06\\\/Foto-2_Vision-E_Fisica_Jesus-Alvaro.jpg\",\"datePublished\":\"2023-06-16T01:26:39+00:00\",\"dateModified\":\"2024-05-13T15:31:20+00:00\",\"author\":{\"@id\":\"https:\\\/\\\/diarieducacio.cat\\\/espiral\\\/#\\\/schema\\\/person\\\/f0c5857229b01317d058b1d48063bbe4\"},\"breadcrumb\":{\"@id\":\"https:\\\/\\\/diarieducacio.cat\\\/espiral\\\/2023\\\/06\\\/16\\\/una-visio-internacional-tecnologica-coeducativa-i-desafiadora-de-leducacio-fisica\\\/#breadcrumb\"},\"inLanguage\":\"ca\",\"potentialAction\":[{\"@type\":\"ReadAction\",\"target\":[\"https:\\\/\\\/diarieducacio.cat\\\/espiral\\\/2023\\\/06\\\/16\\\/una-visio-internacional-tecnologica-coeducativa-i-desafiadora-de-leducacio-fisica\\\/\"]}]},{\"@type\":\"ImageObject\",\"inLanguage\":\"ca\",\"@id\":\"https:\\\/\\\/diarieducacio.cat\\\/espiral\\\/2023\\\/06\\\/16\\\/una-visio-internacional-tecnologica-coeducativa-i-desafiadora-de-leducacio-fisica\\\/#primaryimage\",\"url\":\"https:\\\/\\\/diarieducacio.cat\\\/espiral\\\/wp-content\\\/uploads\\\/sites\\\/30\\\/2023\\\/06\\\/Foto-2_Vision-E_Fisica_Jesus-Alvaro.jpg\",\"contentUrl\":\"https:\\\/\\\/diarieducacio.cat\\\/espiral\\\/wp-content\\\/uploads\\\/sites\\\/30\\\/2023\\\/06\\\/Foto-2_Vision-E_Fisica_Jesus-Alvaro.jpg\",\"width\":1000,\"height\":750,\"caption\":\"Educaci\u00f3 F\u00edsica | Foto cedida per l'autor\"},{\"@type\":\"BreadcrumbList\",\"@id\":\"https:\\\/\\\/diarieducacio.cat\\\/espiral\\\/2023\\\/06\\\/16\\\/una-visio-internacional-tecnologica-coeducativa-i-desafiadora-de-leducacio-fisica\\\/#breadcrumb\",\"itemListElement\":[{\"@type\":\"ListItem\",\"position\":1,\"name\":\"Inici\",\"item\":\"https:\\\/\\\/diarieducacio.cat\\\/espiral\\\/\"},{\"@type\":\"ListItem\",\"position\":2,\"name\":\"Una visi\u00f3 internacional, tecnol\u00f2gica, coeducativa i desafiadora de l&#8217;Educaci\u00f3 F\u00edsica\"}]},{\"@type\":\"WebSite\",\"@id\":\"https:\\\/\\\/diarieducacio.cat\\\/espiral\\\/#website\",\"url\":\"https:\\\/\\\/diarieducacio.cat\\\/espiral\\\/\",\"name\":\"Espiral, educaci\u00f3n y tecnolog\u00eda\",\"description\":\"Un blog de El Diari de l&#039;Educaci\u00f3\",\"potentialAction\":[{\"@type\":\"SearchAction\",\"target\":{\"@type\":\"EntryPoint\",\"urlTemplate\":\"https:\\\/\\\/diarieducacio.cat\\\/espiral\\\/?s={search_term_string}\"},\"query-input\":{\"@type\":\"PropertyValueSpecification\",\"valueRequired\":true,\"valueName\":\"search_term_string\"}}],\"inLanguage\":\"ca\"},{\"@type\":\"Person\",\"@id\":\"https:\\\/\\\/diarieducacio.cat\\\/espiral\\\/#\\\/schema\\\/person\\\/f0c5857229b01317d058b1d48063bbe4\",\"name\":\"Jes\u00fas \u00c1lvaro Rivilla\",\"image\":{\"@type\":\"ImageObject\",\"inLanguage\":\"ca\",\"@id\":\"https:\\\/\\\/secure.gravatar.com\\\/avatar\\\/17fd78cce13dc529fdd4976b1e7e1e15b3a8e692256c6dacce8054f227f3ad66?s=96&d=mm&r=g\",\"url\":\"https:\\\/\\\/secure.gravatar.com\\\/avatar\\\/17fd78cce13dc529fdd4976b1e7e1e15b3a8e692256c6dacce8054f227f3ad66?s=96&d=mm&r=g\",\"contentUrl\":\"https:\\\/\\\/secure.gravatar.com\\\/avatar\\\/17fd78cce13dc529fdd4976b1e7e1e15b3a8e692256c6dacce8054f227f3ad66?s=96&d=mm&r=g\",\"caption\":\"Jes\u00fas \u00c1lvaro Rivilla\"},\"url\":\"https:\\\/\\\/diarieducacio.cat\\\/espiral\\\/author\\\/jalvaro\\\/\"}]}<\/script>\n<!-- \/ Yoast SEO plugin. -->","yoast_head_json":{"title":"Una visi\u00f3 internacional, tecnol\u00f2gica, coeducativa i desafiadora de l'Educaci\u00f3 F\u00edsica - Espiral, educaci\u00f3n y tecnolog\u00eda","robots":{"index":"index","follow":"follow","max-snippet":"max-snippet:-1","max-image-preview":"max-image-preview:large","max-video-preview":"max-video-preview:-1"},"canonical":"https:\/\/diarieducacio.cat\/espiral\/2023\/06\/16\/una-visio-internacional-tecnologica-coeducativa-i-desafiadora-de-leducacio-fisica\/","og_locale":"ca_ES","og_type":"article","og_title":"Una visi\u00f3 internacional, tecnol\u00f2gica, coeducativa i desafiadora de l'Educaci\u00f3 F\u00edsica - Espiral, educaci\u00f3n y tecnolog\u00eda","og_description":"Soc mestre de l&#8217;\u00e0rea d&#8217;Educaci\u00f3 F\u00edsica de l&#8217;escola p\u00fablica Pr\u00edncipes de Asturias a Pozuelo de Alarc\u00f3n, a la Comunitat de Madrid. Imparteixo aquesta assignatura des que vaig comen\u00e7ar fa 20 anys i despr\u00e9s de passar per l&#8217;Equip Directiu d&#8217;un altre centre, vaig haver de fer-ho en angl\u00e8s i en tots els cursos de Prim\u00e0ria. Totes","og_url":"https:\/\/diarieducacio.cat\/espiral\/2023\/06\/16\/una-visio-internacional-tecnologica-coeducativa-i-desafiadora-de-leducacio-fisica\/","og_site_name":"Espiral, educaci\u00f3n y tecnolog\u00eda","article_publisher":"https:\/\/www.facebook.com\/diarieducacio\/","article_published_time":"2023-06-16T01:26:39+00:00","article_modified_time":"2024-05-13T15:31:20+00:00","og_image":[{"width":1000,"height":750,"url":"https:\/\/diarieducacio.cat\/espiral\/wp-content\/uploads\/sites\/30\/2023\/06\/Foto-2_Vision-E_Fisica_Jesus-Alvaro.jpg","type":"image\/jpeg"}],"author":"Jes\u00fas \u00c1lvaro Rivilla","twitter_card":"summary_large_image","twitter_creator":"@DiariEducacio","twitter_site":"@DiariEducacio","twitter_misc":{"Escrit per":"Jes\u00fas \u00c1lvaro Rivilla","Temps estimat de lectura":"5 minuts"},"schema":{"@context":"https:\/\/schema.org","@graph":[{"@type":"Article","@id":"https:\/\/diarieducacio.cat\/espiral\/2023\/06\/16\/una-visio-internacional-tecnologica-coeducativa-i-desafiadora-de-leducacio-fisica\/#article","isPartOf":{"@id":"https:\/\/diarieducacio.cat\/espiral\/2023\/06\/16\/una-visio-internacional-tecnologica-coeducativa-i-desafiadora-de-leducacio-fisica\/"},"author":{"name":"Jes\u00fas \u00c1lvaro Rivilla","@id":"https:\/\/diarieducacio.cat\/espiral\/#\/schema\/person\/f0c5857229b01317d058b1d48063bbe4"},"headline":"Una visi\u00f3 internacional, tecnol\u00f2gica, coeducativa i desafiadora de l&#8217;Educaci\u00f3 F\u00edsica","datePublished":"2023-06-16T01:26:39+00:00","dateModified":"2024-05-13T15:31:20+00:00","mainEntityOfPage":{"@id":"https:\/\/diarieducacio.cat\/espiral\/2023\/06\/16\/una-visio-internacional-tecnologica-coeducativa-i-desafiadora-de-leducacio-fisica\/"},"wordCount":1135,"commentCount":0,"image":{"@id":"https:\/\/diarieducacio.cat\/espiral\/2023\/06\/16\/una-visio-internacional-tecnologica-coeducativa-i-desafiadora-de-leducacio-fisica\/#primaryimage"},"thumbnailUrl":"https:\/\/diarieducacio.cat\/espiral\/wp-content\/uploads\/sites\/30\/2023\/06\/Foto-2_Vision-E_Fisica_Jesus-Alvaro.jpg","keywords":["#educaci\u00f3"],"articleSection":["General"],"inLanguage":"ca","potentialAction":[{"@type":"CommentAction","name":"Comment","target":["https:\/\/diarieducacio.cat\/espiral\/2023\/06\/16\/una-visio-internacional-tecnologica-coeducativa-i-desafiadora-de-leducacio-fisica\/#respond"]}]},{"@type":"WebPage","@id":"https:\/\/diarieducacio.cat\/espiral\/2023\/06\/16\/una-visio-internacional-tecnologica-coeducativa-i-desafiadora-de-leducacio-fisica\/","url":"https:\/\/diarieducacio.cat\/espiral\/2023\/06\/16\/una-visio-internacional-tecnologica-coeducativa-i-desafiadora-de-leducacio-fisica\/","name":"Una visi\u00f3 internacional, tecnol\u00f2gica, coeducativa i desafiadora de l'Educaci\u00f3 F\u00edsica - Espiral, educaci\u00f3n y tecnolog\u00eda","isPartOf":{"@id":"https:\/\/diarieducacio.cat\/espiral\/#website"},"primaryImageOfPage":{"@id":"https:\/\/diarieducacio.cat\/espiral\/2023\/06\/16\/una-visio-internacional-tecnologica-coeducativa-i-desafiadora-de-leducacio-fisica\/#primaryimage"},"image":{"@id":"https:\/\/diarieducacio.cat\/espiral\/2023\/06\/16\/una-visio-internacional-tecnologica-coeducativa-i-desafiadora-de-leducacio-fisica\/#primaryimage"},"thumbnailUrl":"https:\/\/diarieducacio.cat\/espiral\/wp-content\/uploads\/sites\/30\/2023\/06\/Foto-2_Vision-E_Fisica_Jesus-Alvaro.jpg","datePublished":"2023-06-16T01:26:39+00:00","dateModified":"2024-05-13T15:31:20+00:00","author":{"@id":"https:\/\/diarieducacio.cat\/espiral\/#\/schema\/person\/f0c5857229b01317d058b1d48063bbe4"},"breadcrumb":{"@id":"https:\/\/diarieducacio.cat\/espiral\/2023\/06\/16\/una-visio-internacional-tecnologica-coeducativa-i-desafiadora-de-leducacio-fisica\/#breadcrumb"},"inLanguage":"ca","potentialAction":[{"@type":"ReadAction","target":["https:\/\/diarieducacio.cat\/espiral\/2023\/06\/16\/una-visio-internacional-tecnologica-coeducativa-i-desafiadora-de-leducacio-fisica\/"]}]},{"@type":"ImageObject","inLanguage":"ca","@id":"https:\/\/diarieducacio.cat\/espiral\/2023\/06\/16\/una-visio-internacional-tecnologica-coeducativa-i-desafiadora-de-leducacio-fisica\/#primaryimage","url":"https:\/\/diarieducacio.cat\/espiral\/wp-content\/uploads\/sites\/30\/2023\/06\/Foto-2_Vision-E_Fisica_Jesus-Alvaro.jpg","contentUrl":"https:\/\/diarieducacio.cat\/espiral\/wp-content\/uploads\/sites\/30\/2023\/06\/Foto-2_Vision-E_Fisica_Jesus-Alvaro.jpg","width":1000,"height":750,"caption":"Educaci\u00f3 F\u00edsica | Foto cedida per l'autor"},{"@type":"BreadcrumbList","@id":"https:\/\/diarieducacio.cat\/espiral\/2023\/06\/16\/una-visio-internacional-tecnologica-coeducativa-i-desafiadora-de-leducacio-fisica\/#breadcrumb","itemListElement":[{"@type":"ListItem","position":1,"name":"Inici","item":"https:\/\/diarieducacio.cat\/espiral\/"},{"@type":"ListItem","position":2,"name":"Una visi\u00f3 internacional, tecnol\u00f2gica, coeducativa i desafiadora de l&#8217;Educaci\u00f3 F\u00edsica"}]},{"@type":"WebSite","@id":"https:\/\/diarieducacio.cat\/espiral\/#website","url":"https:\/\/diarieducacio.cat\/espiral\/","name":"Espiral, educaci\u00f3n y tecnolog\u00eda","description":"Un blog de El Diari de l&#039;Educaci\u00f3","potentialAction":[{"@type":"SearchAction","target":{"@type":"EntryPoint","urlTemplate":"https:\/\/diarieducacio.cat\/espiral\/?s={search_term_string}"},"query-input":{"@type":"PropertyValueSpecification","valueRequired":true,"valueName":"search_term_string"}}],"inLanguage":"ca"},{"@type":"Person","@id":"https:\/\/diarieducacio.cat\/espiral\/#\/schema\/person\/f0c5857229b01317d058b1d48063bbe4","name":"Jes\u00fas \u00c1lvaro Rivilla","image":{"@type":"ImageObject","inLanguage":"ca","@id":"https:\/\/secure.gravatar.com\/avatar\/17fd78cce13dc529fdd4976b1e7e1e15b3a8e692256c6dacce8054f227f3ad66?s=96&d=mm&r=g","url":"https:\/\/secure.gravatar.com\/avatar\/17fd78cce13dc529fdd4976b1e7e1e15b3a8e692256c6dacce8054f227f3ad66?s=96&d=mm&r=g","contentUrl":"https:\/\/secure.gravatar.com\/avatar\/17fd78cce13dc529fdd4976b1e7e1e15b3a8e692256c6dacce8054f227f3ad66?s=96&d=mm&r=g","caption":"Jes\u00fas \u00c1lvaro Rivilla"},"url":"https:\/\/diarieducacio.cat\/espiral\/author\/jalvaro\/"}]}},"_links":{"self":[{"href":"https:\/\/diarieducacio.cat\/espiral\/wp-json\/wp\/v2\/posts\/311","targetHints":{"allow":["GET"]}}],"collection":[{"href":"https:\/\/diarieducacio.cat\/espiral\/wp-json\/wp\/v2\/posts"}],"about":[{"href":"https:\/\/diarieducacio.cat\/espiral\/wp-json\/wp\/v2\/types\/post"}],"author":[{"embeddable":true,"href":"https:\/\/diarieducacio.cat\/espiral\/wp-json\/wp\/v2\/users\/521"}],"replies":[{"embeddable":true,"href":"https:\/\/diarieducacio.cat\/espiral\/wp-json\/wp\/v2\/comments?post=311"}],"version-history":[{"count":1,"href":"https:\/\/diarieducacio.cat\/espiral\/wp-json\/wp\/v2\/posts\/311\/revisions"}],"predecessor-version":[{"id":1873,"href":"https:\/\/diarieducacio.cat\/espiral\/wp-json\/wp\/v2\/posts\/311\/revisions\/1873"}],"wp:featuredmedia":[{"embeddable":true,"href":"https:\/\/diarieducacio.cat\/espiral\/wp-json\/wp\/v2\/media\/1818"}],"wp:attachment":[{"href":"https:\/\/diarieducacio.cat\/espiral\/wp-json\/wp\/v2\/media?parent=311"}],"wp:term":[{"taxonomy":"category","embeddable":true,"href":"https:\/\/diarieducacio.cat\/espiral\/wp-json\/wp\/v2\/categories?post=311"},{"taxonomy":"post_tag","embeddable":true,"href":"https:\/\/diarieducacio.cat\/espiral\/wp-json\/wp\/v2\/tags?post=311"},{"taxonomy":"tipo","embeddable":true,"href":"https:\/\/diarieducacio.cat\/espiral\/wp-json\/wp\/v2\/tipo?post=311"}],"curies":[{"name":"wp","href":"https:\/\/api.w.org\/{rel}","templated":true}]}}