{"id":322,"date":"2023-09-20T06:10:16","date_gmt":"2023-09-20T04:10:16","guid":{"rendered":"https:\/\/diarieducacio.cat\/espiral\/?p=322"},"modified":"2024-05-13T17:31:20","modified_gmt":"2024-05-13T15:31:20","slug":"posa-una-aula-del-futur-a-la-teva-escola","status":"publish","type":"post","link":"https:\/\/diarieducacio.cat\/espiral\/2023\/09\/20\/posa-una-aula-del-futur-a-la-teva-escola\/","title":{"rendered":"Posa una Aula del Futur a la teva escola"},"content":{"rendered":"<p>L&#8217;Aula del Futur representa un ambient formatiu estimulant que desafia els educadors a reconsiderar la import\u00e0ncia de la pedagogia, la tecnologia i la disposici\u00f3 a les seves aules.<\/p>\n<p>Mitjan\u00e7ant sis zones d&#8217;aprenentatge, \u00e9s possible examinar els aspectes fonamentals per proporcionar un aprenentatge del segle XXI: les compet\u00e8ncies i funcions dels alumnes i docents, diverses t\u00e0ctiques per adquirir coneixements, l&#8217;estructuraci\u00f3 de contextos educatius, les tecnologies actuals i en desenvolupament, aix\u00ed com les tend\u00e8ncies socials que incideixen en l&#8217;ensenyament.<\/p>\n<p>Aquesta aula aposta per potenciar l&#8217;\u00fas de les metodologies actives (ABP, Aprenentatge Col\u00b7laboratiu, Gamificaci\u00f3&#8230;) per afavorir el desenvolupament competencial de l&#8217;estudiant a trav\u00e9s de sis tipus d&#8217;activitats: presentar, investigar, crear, intercanviar, desenvolupar i interactuar. I avui us explicar\u00e9 com poder crear-la al vostre centre.<\/p>\n<figure id=\"attachment_324\" aria-describedby=\"caption-attachment-324\" style=\"width: 1712px\" class=\"wp-caption alignnone\"><a href=\"http:\/\/L'autora ens descriu les claus per implementar una Aula del Futur en un centre educatiu i els avantatges que suposa per a l'aprenentatge del segle XXI, afavorint les metodologies actives i el desenvolupament competencial.\"><img fetchpriority=\"high\" decoding=\"async\" class=\"wp-image-324 size-full\" src=\"https:\/\/nostalgic-ishizaka.82-223-1-47.plesk.page\/espiral\/wp-content\/uploads\/sites\/30\/2023\/09\/Aula-del-Futuro-Imagen-1-1.png\" alt=\"\" width=\"1712\" height=\"805\" srcset=\"https:\/\/diarieducacio.cat\/espiral\/wp-content\/uploads\/sites\/30\/2023\/09\/Aula-del-Futuro-Imagen-1-1.png 1712w, https:\/\/diarieducacio.cat\/espiral\/wp-content\/uploads\/sites\/30\/2023\/09\/Aula-del-Futuro-Imagen-1-1-300x141.png 300w, https:\/\/diarieducacio.cat\/espiral\/wp-content\/uploads\/sites\/30\/2023\/09\/Aula-del-Futuro-Imagen-1-1-1024x481.png 1024w, https:\/\/diarieducacio.cat\/espiral\/wp-content\/uploads\/sites\/30\/2023\/09\/Aula-del-Futuro-Imagen-1-1-768x361.png 768w, https:\/\/diarieducacio.cat\/espiral\/wp-content\/uploads\/sites\/30\/2023\/09\/Aula-del-Futuro-Imagen-1-1-1536x722.png 1536w, https:\/\/diarieducacio.cat\/espiral\/wp-content\/uploads\/sites\/30\/2023\/09\/Aula-del-Futuro-Imagen-1-1-150x71.png 150w, https:\/\/diarieducacio.cat\/espiral\/wp-content\/uploads\/sites\/30\/2023\/09\/Aula-del-Futuro-Imagen-1-1-450x212.png 450w, https:\/\/diarieducacio.cat\/espiral\/wp-content\/uploads\/sites\/30\/2023\/09\/Aula-del-Futuro-Imagen-1-1-1200x564.png 1200w\" sizes=\"(max-width: 1712px) 100vw, 1712px\" \/><\/a><figcaption id=\"caption-attachment-324\" class=\"wp-caption-text\">Guia per a la transformaci\u00f3 d&#8217;espais educatius del Govern de Can\u00e0ries<\/figcaption><\/figure>\n<p>Per implantar una Aula del Futur al centre escolar, el primer que necessites \u00e9s disposar d&#8217;un espai lliure o un espai que vulguis transformar.<\/p>\n<p>Un cop tinguem aquest espai lliure, el dividirem en 6 zones d&#8217;aprenentatge:<\/p>\n<ol>\n<li>\u00a0Investiga: aqu\u00ed l&#8217;estudiant examina, investiga, analitza i q\u00fcestiona el repte que es vagi a treballar.<\/li>\n<li>Explora: arriba el moment de descobrir, indagar i buscar sobre l&#8217;activitat.<\/li>\n<li>Interactua: on es debat, es pregunta i es col\u00b7labora, per trobar la idea que es vol treballar.<\/li>\n<li>Desenvolupa: s&#8217;inventar\u00e0, planificar\u00e0 i desenvolupar\u00e0 el projecte.<\/li>\n<li>Crea: imaginarem, editarem i manipularem amb ajuda del material del qual disposem.<\/li>\n<li>Presenta: escoltarem, informarem, mostrarem i compartirem el que s&#8217;ha creat.<\/li>\n<\/ol>\n<p>Equiparem les sis zones de l&#8217;Aula del Futur amb mobiliari escolar m\u00f2bil (cadires amb rodes, taules encastables&#8230;), pissarres digitals, materials per a la investigaci\u00f3, un estudi d&#8217;enregistrament (c\u00e0mera, micr\u00f2fon&#8230;), taules interactives, ordinadors (tabletes, port\u00e0tils, impressores 3D&#8230;), aplicacions d&#8217;IA (XatGPT, Midjourney&#8230;).<\/p>\n<p>Un cop tinguem les zones d&#8217;aprenentatge equipades i ja sembl\u00e9s que la nostra Aula del Futur est\u00e0 llesta per comen\u00e7ar, haurem de comptar amb altres dos elements imprescindibles: el kit d&#8217;eines per a l&#8217;aula del futur i un banc de situacions d&#8217;aprenentatge i activitats.<\/p>\n<p>Quan farem servir aquesta aula? Aix\u00f2 dependr\u00e0 una mica de l&#8217;equip directiu del centre, de la motivaci\u00f3 dels docents, del nombre de classes que tinguem i del temps del qual disposem, entre altres aspectes. L&#8217;Aula del Futur l&#8217;hem de veure com una eina m\u00e9s per aconseguir el nostre objectiu (aprenentatge de conceptes, conviv\u00e8ncia entre companys, motivaci\u00f3 de l&#8217;alumnat&#8230;) Per aix\u00f2, podrem fer-ne servir per al disseny de Situacions d&#8217;Aprenentatge, a l&#8217;inici d&#8217;una tem\u00e0tica, com a premi final de curs, com a activitat dels divendres o en dates assenyalades.<\/p>\n<p>Alguns dels centres on ja s&#8217;han implantat estan ajustant aquests temps, com tot el que comencem, porta un temps adaptar-se. Aqu\u00ed us deixo alguns exemples de centres amb Aules del Futur: El <a href=\"https:\/\/auladelfuturo.intef.es\/experiencias\/el-ceip-san-jose-las-rozas-transformando-la-sala-de-usos-multiples-en-un-aula-del-futuro\/\">CEIP San Jos\u00e9<\/a>, situat al nord-oest de la Comunitat de Madrid.<\/p>\n<p>L&#8217;escola que va transformar la sala d&#8217;usos m\u00faltiples en la seva Aula del Futur.<\/p>\n<figure id=\"attachment_325\" aria-describedby=\"caption-attachment-325\" style=\"width: 1000px\" class=\"wp-caption alignnone\"><a href=\"https:\/\/auladelfuturo.intef.es\/experiencias\/el-ceip-san-jose-las-rozas-transformando-la-sala-de-usos-multiples-en-un-aula-del-futuro\/\"><img decoding=\"async\" class=\"size-full wp-image-325\" src=\"https:\/\/nostalgic-ishizaka.82-223-1-47.plesk.page\/espiral\/wp-content\/uploads\/sites\/30\/2023\/09\/Aula-edl-futuro-colegio-San-Jose-Imagen-2-1.jpg\" alt=\"\" width=\"1000\" height=\"563\" srcset=\"https:\/\/diarieducacio.cat\/espiral\/wp-content\/uploads\/sites\/30\/2023\/09\/Aula-edl-futuro-colegio-San-Jose-Imagen-2-1.jpg 1000w, https:\/\/diarieducacio.cat\/espiral\/wp-content\/uploads\/sites\/30\/2023\/09\/Aula-edl-futuro-colegio-San-Jose-Imagen-2-1-300x169.jpg 300w, https:\/\/diarieducacio.cat\/espiral\/wp-content\/uploads\/sites\/30\/2023\/09\/Aula-edl-futuro-colegio-San-Jose-Imagen-2-1-768x432.jpg 768w, https:\/\/diarieducacio.cat\/espiral\/wp-content\/uploads\/sites\/30\/2023\/09\/Aula-edl-futuro-colegio-San-Jose-Imagen-2-1-150x84.jpg 150w, https:\/\/diarieducacio.cat\/espiral\/wp-content\/uploads\/sites\/30\/2023\/09\/Aula-edl-futuro-colegio-San-Jose-Imagen-2-1-450x253.jpg 450w\" sizes=\"(max-width: 1000px) 100vw, 1000px\" \/><\/a><figcaption id=\"caption-attachment-325\" class=\"wp-caption-text\">Aula del Futur del Col\u00b7legi San Jos\u00e9<\/figcaption><\/figure>\n<p><a href=\"https:\/\/auladelfuturo.intef.es\/experiencias\/nuevas-metodologias-y-nuevos-espacios-el-ceip-orokieta\/\">Orokieta Herri Eskola<\/a>, situat a Gipuzkoa. Aquest col\u00b7legi que treballava la metodologia ABP, la va veure refor\u00e7ada amb l&#8217;arribada de l&#8217;Aula del Futur.<\/p>\n<p>L<a href=\"https:\/\/auladelfuturo.intef.es\/experiencias\/un-centro-artistico-que-utiliza-el-modelo-del-aula-del-futuro\/\">&#8216;Ateneu Cultural de la Ciutat de Manises<\/a>, a Val\u00e8ncia.\u00a0\u00c9s una escola d&#8217;Art que va decidir implantar una Aula del Futur per crear un canvi de concepci\u00f3 d&#8217;espais, volien fer desapar\u00e8ixer el concepte de porta o aula i donar pas a un lloc ple de possibilitats.<\/p>\n<p>La meva recomanaci\u00f3 personal \u00e9s investigar molt abans de llan\u00e7ar-se amb aquest projecte tan ambici\u00f3s, per\u00f2 no desistir. La satisfacci\u00f3 i motivaci\u00f3 tant de docents com d&#8217;alumnes i fam\u00edlies \u00e9s molt alta, aix\u00ed que ja ho sabeu,<strong> Per una Aula del Futur al vostre centre!<\/strong><\/p>\n","protected":false},"excerpt":{"rendered":"<p>L&#8217;Aula del Futur representa un ambient formatiu estimulant que desafia els educadors a reconsiderar la import\u00e0ncia de la pedagogia, la tecnologia i la disposici\u00f3 a les seves aules. Mitjan\u00e7ant sis zones d&#8217;aprenentatge, \u00e9s possible examinar els aspectes fonamentals per proporcionar un aprenentatge del segle XXI: les compet\u00e8ncies i funcions dels alumnes i docents, diverses t\u00e0ctiques<\/p>\n","protected":false},"author":522,"featured_media":325,"comment_status":"open","ping_status":"closed","sticky":false,"template":"","format":"standard","meta":{"footnotes":""},"categories":[2],"tags":[],"tipo":[143],"class_list":{"0":"post-322","1":"post","2":"type-post","3":"status-publish","4":"format-standard","5":"has-post-thumbnail","7":"category-general","8":"tipo-opinio"},"yoast_head":"<!-- This site is optimized with the Yoast SEO plugin v27.5 - https:\/\/yoast.com\/product\/yoast-seo-wordpress\/ -->\n<title>Posa una Aula del Futur a la teva escola - Espiral, educaci\u00f3n y tecnolog\u00eda<\/title>\n<meta name=\"robots\" content=\"index, follow, max-snippet:-1, max-image-preview:large, max-video-preview:-1\" \/>\n<link rel=\"canonical\" href=\"https:\/\/diarieducacio.cat\/espiral\/2023\/09\/20\/posa-una-aula-del-futur-a-la-teva-escola\/\" \/>\n<meta property=\"og:locale\" content=\"ca_ES\" \/>\n<meta property=\"og:type\" content=\"article\" \/>\n<meta property=\"og:title\" content=\"Posa una Aula del Futur a la teva escola - Espiral, educaci\u00f3n y tecnolog\u00eda\" \/>\n<meta property=\"og:description\" content=\"L&#8217;Aula del Futur representa un ambient formatiu estimulant que desafia els educadors a reconsiderar la import\u00e0ncia de la pedagogia, la tecnologia i la disposici\u00f3 a les seves aules. Mitjan\u00e7ant sis zones d&#8217;aprenentatge, \u00e9s possible examinar els aspectes fonamentals per proporcionar un aprenentatge del segle XXI: les compet\u00e8ncies i funcions dels alumnes i docents, diverses t\u00e0ctiques\" \/>\n<meta property=\"og:url\" content=\"https:\/\/diarieducacio.cat\/espiral\/2023\/09\/20\/posa-una-aula-del-futur-a-la-teva-escola\/\" \/>\n<meta property=\"og:site_name\" content=\"Espiral, educaci\u00f3n y tecnolog\u00eda\" \/>\n<meta property=\"article:publisher\" content=\"https:\/\/www.facebook.com\/diarieducacio\/\" \/>\n<meta property=\"article:published_time\" content=\"2023-09-20T04:10:16+00:00\" \/>\n<meta property=\"article:modified_time\" content=\"2024-05-13T15:31:20+00:00\" \/>\n<meta property=\"og:image\" content=\"https:\/\/diarieducacio.cat\/espiral\/wp-content\/uploads\/sites\/30\/2023\/09\/Aula-edl-futuro-colegio-San-Jose-Imagen-2-1.jpg\" \/>\n\t<meta property=\"og:image:width\" content=\"1000\" \/>\n\t<meta property=\"og:image:height\" content=\"563\" \/>\n\t<meta property=\"og:image:type\" content=\"image\/jpeg\" \/>\n<meta name=\"author\" content=\"Alejandra Fern\u00e1ndez S\u00e1nchez\" \/>\n<meta name=\"twitter:card\" content=\"summary_large_image\" \/>\n<meta name=\"twitter:creator\" content=\"@DiariEducacio\" \/>\n<meta name=\"twitter:site\" content=\"@DiariEducacio\" \/>\n<meta name=\"twitter:label1\" content=\"Escrit per\" \/>\n\t<meta name=\"twitter:data1\" content=\"Alejandra Fern\u00e1ndez S\u00e1nchez\" \/>\n\t<meta name=\"twitter:label2\" content=\"Temps estimat de lectura\" \/>\n\t<meta name=\"twitter:data2\" content=\"3 minuts\" \/>\n<script type=\"application\/ld+json\" class=\"yoast-schema-graph\">{\"@context\":\"https:\\\/\\\/schema.org\",\"@graph\":[{\"@type\":\"Article\",\"@id\":\"https:\\\/\\\/diarieducacio.cat\\\/espiral\\\/2023\\\/09\\\/20\\\/posa-una-aula-del-futur-a-la-teva-escola\\\/#article\",\"isPartOf\":{\"@id\":\"https:\\\/\\\/diarieducacio.cat\\\/espiral\\\/2023\\\/09\\\/20\\\/posa-una-aula-del-futur-a-la-teva-escola\\\/\"},\"author\":{\"name\":\"Alejandra Fern\u00e1ndez S\u00e1nchez\",\"@id\":\"https:\\\/\\\/diarieducacio.cat\\\/espiral\\\/#\\\/schema\\\/person\\\/16604629db76d32330b8103fa6b2599a\"},\"headline\":\"Posa una Aula del Futur a la teva escola\",\"datePublished\":\"2023-09-20T04:10:16+00:00\",\"dateModified\":\"2024-05-13T15:31:20+00:00\",\"mainEntityOfPage\":{\"@id\":\"https:\\\/\\\/diarieducacio.cat\\\/espiral\\\/2023\\\/09\\\/20\\\/posa-una-aula-del-futur-a-la-teva-escola\\\/\"},\"wordCount\":677,\"commentCount\":0,\"image\":{\"@id\":\"https:\\\/\\\/diarieducacio.cat\\\/espiral\\\/2023\\\/09\\\/20\\\/posa-una-aula-del-futur-a-la-teva-escola\\\/#primaryimage\"},\"thumbnailUrl\":\"https:\\\/\\\/diarieducacio.cat\\\/espiral\\\/wp-content\\\/uploads\\\/sites\\\/30\\\/2023\\\/09\\\/Aula-edl-futuro-colegio-San-Jose-Imagen-2-1.jpg\",\"articleSection\":[\"General\"],\"inLanguage\":\"ca\",\"potentialAction\":[{\"@type\":\"CommentAction\",\"name\":\"Comment\",\"target\":[\"https:\\\/\\\/diarieducacio.cat\\\/espiral\\\/2023\\\/09\\\/20\\\/posa-una-aula-del-futur-a-la-teva-escola\\\/#respond\"]}]},{\"@type\":\"WebPage\",\"@id\":\"https:\\\/\\\/diarieducacio.cat\\\/espiral\\\/2023\\\/09\\\/20\\\/posa-una-aula-del-futur-a-la-teva-escola\\\/\",\"url\":\"https:\\\/\\\/diarieducacio.cat\\\/espiral\\\/2023\\\/09\\\/20\\\/posa-una-aula-del-futur-a-la-teva-escola\\\/\",\"name\":\"Posa una Aula del Futur a la teva escola - Espiral, educaci\u00f3n y tecnolog\u00eda\",\"isPartOf\":{\"@id\":\"https:\\\/\\\/diarieducacio.cat\\\/espiral\\\/#website\"},\"primaryImageOfPage\":{\"@id\":\"https:\\\/\\\/diarieducacio.cat\\\/espiral\\\/2023\\\/09\\\/20\\\/posa-una-aula-del-futur-a-la-teva-escola\\\/#primaryimage\"},\"image\":{\"@id\":\"https:\\\/\\\/diarieducacio.cat\\\/espiral\\\/2023\\\/09\\\/20\\\/posa-una-aula-del-futur-a-la-teva-escola\\\/#primaryimage\"},\"thumbnailUrl\":\"https:\\\/\\\/diarieducacio.cat\\\/espiral\\\/wp-content\\\/uploads\\\/sites\\\/30\\\/2023\\\/09\\\/Aula-edl-futuro-colegio-San-Jose-Imagen-2-1.jpg\",\"datePublished\":\"2023-09-20T04:10:16+00:00\",\"dateModified\":\"2024-05-13T15:31:20+00:00\",\"author\":{\"@id\":\"https:\\\/\\\/diarieducacio.cat\\\/espiral\\\/#\\\/schema\\\/person\\\/16604629db76d32330b8103fa6b2599a\"},\"breadcrumb\":{\"@id\":\"https:\\\/\\\/diarieducacio.cat\\\/espiral\\\/2023\\\/09\\\/20\\\/posa-una-aula-del-futur-a-la-teva-escola\\\/#breadcrumb\"},\"inLanguage\":\"ca\",\"potentialAction\":[{\"@type\":\"ReadAction\",\"target\":[\"https:\\\/\\\/diarieducacio.cat\\\/espiral\\\/2023\\\/09\\\/20\\\/posa-una-aula-del-futur-a-la-teva-escola\\\/\"]}]},{\"@type\":\"ImageObject\",\"inLanguage\":\"ca\",\"@id\":\"https:\\\/\\\/diarieducacio.cat\\\/espiral\\\/2023\\\/09\\\/20\\\/posa-una-aula-del-futur-a-la-teva-escola\\\/#primaryimage\",\"url\":\"https:\\\/\\\/diarieducacio.cat\\\/espiral\\\/wp-content\\\/uploads\\\/sites\\\/30\\\/2023\\\/09\\\/Aula-edl-futuro-colegio-San-Jose-Imagen-2-1.jpg\",\"contentUrl\":\"https:\\\/\\\/diarieducacio.cat\\\/espiral\\\/wp-content\\\/uploads\\\/sites\\\/30\\\/2023\\\/09\\\/Aula-edl-futuro-colegio-San-Jose-Imagen-2-1.jpg\",\"width\":1000,\"height\":563,\"caption\":\"Aula del Futur del Col\u00b7legi San Jos\u00e9\"},{\"@type\":\"BreadcrumbList\",\"@id\":\"https:\\\/\\\/diarieducacio.cat\\\/espiral\\\/2023\\\/09\\\/20\\\/posa-una-aula-del-futur-a-la-teva-escola\\\/#breadcrumb\",\"itemListElement\":[{\"@type\":\"ListItem\",\"position\":1,\"name\":\"Inici\",\"item\":\"https:\\\/\\\/diarieducacio.cat\\\/espiral\\\/\"},{\"@type\":\"ListItem\",\"position\":2,\"name\":\"Posa una Aula del Futur a la teva escola\"}]},{\"@type\":\"WebSite\",\"@id\":\"https:\\\/\\\/diarieducacio.cat\\\/espiral\\\/#website\",\"url\":\"https:\\\/\\\/diarieducacio.cat\\\/espiral\\\/\",\"name\":\"Espiral, educaci\u00f3n y tecnolog\u00eda\",\"description\":\"Un blog de El Diari de l&#039;Educaci\u00f3\",\"potentialAction\":[{\"@type\":\"SearchAction\",\"target\":{\"@type\":\"EntryPoint\",\"urlTemplate\":\"https:\\\/\\\/diarieducacio.cat\\\/espiral\\\/?s={search_term_string}\"},\"query-input\":{\"@type\":\"PropertyValueSpecification\",\"valueRequired\":true,\"valueName\":\"search_term_string\"}}],\"inLanguage\":\"ca\"},{\"@type\":\"Person\",\"@id\":\"https:\\\/\\\/diarieducacio.cat\\\/espiral\\\/#\\\/schema\\\/person\\\/16604629db76d32330b8103fa6b2599a\",\"name\":\"Alejandra Fern\u00e1ndez S\u00e1nchez\",\"image\":{\"@type\":\"ImageObject\",\"inLanguage\":\"ca\",\"@id\":\"https:\\\/\\\/secure.gravatar.com\\\/avatar\\\/4ecaadfd4927e381cbb93e4ec8cafee7f252c07eea2d076bc2a95afe3578ddb7?s=96&d=mm&r=g\",\"url\":\"https:\\\/\\\/secure.gravatar.com\\\/avatar\\\/4ecaadfd4927e381cbb93e4ec8cafee7f252c07eea2d076bc2a95afe3578ddb7?s=96&d=mm&r=g\",\"contentUrl\":\"https:\\\/\\\/secure.gravatar.com\\\/avatar\\\/4ecaadfd4927e381cbb93e4ec8cafee7f252c07eea2d076bc2a95afe3578ddb7?s=96&d=mm&r=g\",\"caption\":\"Alejandra Fern\u00e1ndez S\u00e1nchez\"},\"url\":\"https:\\\/\\\/diarieducacio.cat\\\/espiral\\\/author\\\/afernandezs\\\/\"}]}<\/script>\n<!-- \/ Yoast SEO plugin. -->","yoast_head_json":{"title":"Posa una Aula del Futur a la teva escola - Espiral, educaci\u00f3n y tecnolog\u00eda","robots":{"index":"index","follow":"follow","max-snippet":"max-snippet:-1","max-image-preview":"max-image-preview:large","max-video-preview":"max-video-preview:-1"},"canonical":"https:\/\/diarieducacio.cat\/espiral\/2023\/09\/20\/posa-una-aula-del-futur-a-la-teva-escola\/","og_locale":"ca_ES","og_type":"article","og_title":"Posa una Aula del Futur a la teva escola - Espiral, educaci\u00f3n y tecnolog\u00eda","og_description":"L&#8217;Aula del Futur representa un ambient formatiu estimulant que desafia els educadors a reconsiderar la import\u00e0ncia de la pedagogia, la tecnologia i la disposici\u00f3 a les seves aules. Mitjan\u00e7ant sis zones d&#8217;aprenentatge, \u00e9s possible examinar els aspectes fonamentals per proporcionar un aprenentatge del segle XXI: les compet\u00e8ncies i funcions dels alumnes i docents, diverses t\u00e0ctiques","og_url":"https:\/\/diarieducacio.cat\/espiral\/2023\/09\/20\/posa-una-aula-del-futur-a-la-teva-escola\/","og_site_name":"Espiral, educaci\u00f3n y tecnolog\u00eda","article_publisher":"https:\/\/www.facebook.com\/diarieducacio\/","article_published_time":"2023-09-20T04:10:16+00:00","article_modified_time":"2024-05-13T15:31:20+00:00","og_image":[{"width":1000,"height":563,"url":"https:\/\/diarieducacio.cat\/espiral\/wp-content\/uploads\/sites\/30\/2023\/09\/Aula-edl-futuro-colegio-San-Jose-Imagen-2-1.jpg","type":"image\/jpeg"}],"author":"Alejandra Fern\u00e1ndez S\u00e1nchez","twitter_card":"summary_large_image","twitter_creator":"@DiariEducacio","twitter_site":"@DiariEducacio","twitter_misc":{"Escrit per":"Alejandra Fern\u00e1ndez S\u00e1nchez","Temps estimat de lectura":"3 minuts"},"schema":{"@context":"https:\/\/schema.org","@graph":[{"@type":"Article","@id":"https:\/\/diarieducacio.cat\/espiral\/2023\/09\/20\/posa-una-aula-del-futur-a-la-teva-escola\/#article","isPartOf":{"@id":"https:\/\/diarieducacio.cat\/espiral\/2023\/09\/20\/posa-una-aula-del-futur-a-la-teva-escola\/"},"author":{"name":"Alejandra Fern\u00e1ndez S\u00e1nchez","@id":"https:\/\/diarieducacio.cat\/espiral\/#\/schema\/person\/16604629db76d32330b8103fa6b2599a"},"headline":"Posa una Aula del Futur a la teva escola","datePublished":"2023-09-20T04:10:16+00:00","dateModified":"2024-05-13T15:31:20+00:00","mainEntityOfPage":{"@id":"https:\/\/diarieducacio.cat\/espiral\/2023\/09\/20\/posa-una-aula-del-futur-a-la-teva-escola\/"},"wordCount":677,"commentCount":0,"image":{"@id":"https:\/\/diarieducacio.cat\/espiral\/2023\/09\/20\/posa-una-aula-del-futur-a-la-teva-escola\/#primaryimage"},"thumbnailUrl":"https:\/\/diarieducacio.cat\/espiral\/wp-content\/uploads\/sites\/30\/2023\/09\/Aula-edl-futuro-colegio-San-Jose-Imagen-2-1.jpg","articleSection":["General"],"inLanguage":"ca","potentialAction":[{"@type":"CommentAction","name":"Comment","target":["https:\/\/diarieducacio.cat\/espiral\/2023\/09\/20\/posa-una-aula-del-futur-a-la-teva-escola\/#respond"]}]},{"@type":"WebPage","@id":"https:\/\/diarieducacio.cat\/espiral\/2023\/09\/20\/posa-una-aula-del-futur-a-la-teva-escola\/","url":"https:\/\/diarieducacio.cat\/espiral\/2023\/09\/20\/posa-una-aula-del-futur-a-la-teva-escola\/","name":"Posa una Aula del Futur a la teva escola - Espiral, educaci\u00f3n y tecnolog\u00eda","isPartOf":{"@id":"https:\/\/diarieducacio.cat\/espiral\/#website"},"primaryImageOfPage":{"@id":"https:\/\/diarieducacio.cat\/espiral\/2023\/09\/20\/posa-una-aula-del-futur-a-la-teva-escola\/#primaryimage"},"image":{"@id":"https:\/\/diarieducacio.cat\/espiral\/2023\/09\/20\/posa-una-aula-del-futur-a-la-teva-escola\/#primaryimage"},"thumbnailUrl":"https:\/\/diarieducacio.cat\/espiral\/wp-content\/uploads\/sites\/30\/2023\/09\/Aula-edl-futuro-colegio-San-Jose-Imagen-2-1.jpg","datePublished":"2023-09-20T04:10:16+00:00","dateModified":"2024-05-13T15:31:20+00:00","author":{"@id":"https:\/\/diarieducacio.cat\/espiral\/#\/schema\/person\/16604629db76d32330b8103fa6b2599a"},"breadcrumb":{"@id":"https:\/\/diarieducacio.cat\/espiral\/2023\/09\/20\/posa-una-aula-del-futur-a-la-teva-escola\/#breadcrumb"},"inLanguage":"ca","potentialAction":[{"@type":"ReadAction","target":["https:\/\/diarieducacio.cat\/espiral\/2023\/09\/20\/posa-una-aula-del-futur-a-la-teva-escola\/"]}]},{"@type":"ImageObject","inLanguage":"ca","@id":"https:\/\/diarieducacio.cat\/espiral\/2023\/09\/20\/posa-una-aula-del-futur-a-la-teva-escola\/#primaryimage","url":"https:\/\/diarieducacio.cat\/espiral\/wp-content\/uploads\/sites\/30\/2023\/09\/Aula-edl-futuro-colegio-San-Jose-Imagen-2-1.jpg","contentUrl":"https:\/\/diarieducacio.cat\/espiral\/wp-content\/uploads\/sites\/30\/2023\/09\/Aula-edl-futuro-colegio-San-Jose-Imagen-2-1.jpg","width":1000,"height":563,"caption":"Aula del Futur del Col\u00b7legi San Jos\u00e9"},{"@type":"BreadcrumbList","@id":"https:\/\/diarieducacio.cat\/espiral\/2023\/09\/20\/posa-una-aula-del-futur-a-la-teva-escola\/#breadcrumb","itemListElement":[{"@type":"ListItem","position":1,"name":"Inici","item":"https:\/\/diarieducacio.cat\/espiral\/"},{"@type":"ListItem","position":2,"name":"Posa una Aula del Futur a la teva escola"}]},{"@type":"WebSite","@id":"https:\/\/diarieducacio.cat\/espiral\/#website","url":"https:\/\/diarieducacio.cat\/espiral\/","name":"Espiral, educaci\u00f3n y tecnolog\u00eda","description":"Un blog de El Diari de l&#039;Educaci\u00f3","potentialAction":[{"@type":"SearchAction","target":{"@type":"EntryPoint","urlTemplate":"https:\/\/diarieducacio.cat\/espiral\/?s={search_term_string}"},"query-input":{"@type":"PropertyValueSpecification","valueRequired":true,"valueName":"search_term_string"}}],"inLanguage":"ca"},{"@type":"Person","@id":"https:\/\/diarieducacio.cat\/espiral\/#\/schema\/person\/16604629db76d32330b8103fa6b2599a","name":"Alejandra Fern\u00e1ndez S\u00e1nchez","image":{"@type":"ImageObject","inLanguage":"ca","@id":"https:\/\/secure.gravatar.com\/avatar\/4ecaadfd4927e381cbb93e4ec8cafee7f252c07eea2d076bc2a95afe3578ddb7?s=96&d=mm&r=g","url":"https:\/\/secure.gravatar.com\/avatar\/4ecaadfd4927e381cbb93e4ec8cafee7f252c07eea2d076bc2a95afe3578ddb7?s=96&d=mm&r=g","contentUrl":"https:\/\/secure.gravatar.com\/avatar\/4ecaadfd4927e381cbb93e4ec8cafee7f252c07eea2d076bc2a95afe3578ddb7?s=96&d=mm&r=g","caption":"Alejandra Fern\u00e1ndez S\u00e1nchez"},"url":"https:\/\/diarieducacio.cat\/espiral\/author\/afernandezs\/"}]}},"_links":{"self":[{"href":"https:\/\/diarieducacio.cat\/espiral\/wp-json\/wp\/v2\/posts\/322","targetHints":{"allow":["GET"]}}],"collection":[{"href":"https:\/\/diarieducacio.cat\/espiral\/wp-json\/wp\/v2\/posts"}],"about":[{"href":"https:\/\/diarieducacio.cat\/espiral\/wp-json\/wp\/v2\/types\/post"}],"author":[{"embeddable":true,"href":"https:\/\/diarieducacio.cat\/espiral\/wp-json\/wp\/v2\/users\/522"}],"replies":[{"embeddable":true,"href":"https:\/\/diarieducacio.cat\/espiral\/wp-json\/wp\/v2\/comments?post=322"}],"version-history":[{"count":1,"href":"https:\/\/diarieducacio.cat\/espiral\/wp-json\/wp\/v2\/posts\/322\/revisions"}],"predecessor-version":[{"id":1874,"href":"https:\/\/diarieducacio.cat\/espiral\/wp-json\/wp\/v2\/posts\/322\/revisions\/1874"}],"wp:featuredmedia":[{"embeddable":true,"href":"https:\/\/diarieducacio.cat\/espiral\/wp-json\/wp\/v2\/media\/325"}],"wp:attachment":[{"href":"https:\/\/diarieducacio.cat\/espiral\/wp-json\/wp\/v2\/media?parent=322"}],"wp:term":[{"taxonomy":"category","embeddable":true,"href":"https:\/\/diarieducacio.cat\/espiral\/wp-json\/wp\/v2\/categories?post=322"},{"taxonomy":"post_tag","embeddable":true,"href":"https:\/\/diarieducacio.cat\/espiral\/wp-json\/wp\/v2\/tags?post=322"},{"taxonomy":"tipo","embeddable":true,"href":"https:\/\/diarieducacio.cat\/espiral\/wp-json\/wp\/v2\/tipo?post=322"}],"curies":[{"name":"wp","href":"https:\/\/api.w.org\/{rel}","templated":true}]}}