{"id":333,"date":"2023-11-17T05:29:48","date_gmt":"2023-11-17T03:29:48","guid":{"rendered":"https:\/\/diarieducacio.cat\/espiral\/?p=333"},"modified":"2024-05-13T17:31:20","modified_gmt":"2024-05-13T15:31:20","slug":"es-possible-acostar-el-curriculum-a-la-teva-aula-a-traves-de-lart","status":"publish","type":"post","link":"https:\/\/diarieducacio.cat\/espiral\/2023\/11\/17\/es-possible-acostar-el-curriculum-a-la-teva-aula-a-traves-de-lart\/","title":{"rendered":"\u00c9s possible acostar el curr\u00edculum a la teva aula a trav\u00e9s de l&#8217;art?"},"content":{"rendered":"<p>Soc Inmaculada P\u00e9rez, mestra d&#8217;Educaci\u00f3 Infantil i Prim\u00e0ria. Al llarg dels meus molts anys d&#8217;experi\u00e8ncia, sempre moguda per la inquietud d&#8217;apropar al meu alumnat el curr\u00edculum d&#8217;una manera atractiva i impregnant-ho tot d&#8217;un clima l\u00fadic, he pogut comprovar com la motivaci\u00f3 dels alumnes creix implementant metodologies actives. Aquestes metodologies proporcionen a l&#8217;alumnat la possibilitat de convertir-se en protagonistes del seu propi aprenentatge. Igualment, he tingut l&#8217;oportunitat de viure com aquest aprenentatge es converteix en aprenentatges memorables.<\/p>\n<p>Dit aix\u00f2, m&#8217;agradaria compartir la meva experi\u00e8ncia educativa innovadora, el Projecte &#8220;Una classe amb molt d&#8217;art&#8221; que tracta d&#8217;apropar el curr\u00edculum a l&#8217;alumnat tenint en compte aquestes metodologies actives i l&#8217;atenci\u00f3 a la totalitat de l&#8217;alumnat.<\/p>\n<p>Una classe amb molt d&#8217;art \u00e9s un projecte que parteix dels interessos dels alumnes de tercer de Prim\u00e0ria. La creativitat \u00e9s un punt fort a la meva aula. L&#8217;art acosta el curr\u00edculum a l&#8217;alumnat d&#8217;una manera atractiva. Centrem l&#8217;aprenentatge en el quadre de la fam\u00edlia de Felip IV mundialment conegut com Les Menines de Vel\u00e1zquez i ser\u00e0 a trav\u00e9s d&#8217;ell com arribarem a les \u00e0rees de Llengua, Matem\u00e0tiques, Valors i Art\u00edstica. Aquest projecte inclou tamb\u00e9 un altre, de car\u00e0cter emocional, basat en eines de Disciplina Positiva i que est\u00e0 latent en tots els projectes que desenvolupo al llarg de l&#8217;any a la meva aula.<\/p>\n<p>El nostre objectiu \u00e9s aprendre a valorar obres d&#8217;art conegudes, la import\u00e0ncia de la conservaci\u00f3 dels museus, l&#8217;adquisici\u00f3 de destreses digitals que enriqueixin el desenvolupament de totes les compet\u00e8ncies clau necess\u00e0ries referents al curr\u00edculum de les anteriors mat\u00e8ries i el desenvolupament d&#8217;habilitats socials per a la vida que permetin la cooperaci\u00f3 entre el nostre alumnat. Les TIC i les TAC estan presents en tot el meu treball, aix\u00ed que parteixo d&#8217;una presentaci\u00f3 en Genially amb un v\u00eddeo motivacional perqu\u00e8 els alumnes coneguin tot all\u00f2 que passar\u00e0 a la nostra classe.<\/p>\n<p>Comencem per veure qu\u00e8 vam fer a cada \u00e0rea. En primer lloc, vam con\u00e8ixer el museu del Prado mitjan\u00e7ant <a href=\"https:\/\/www.museodelprado.es\/recurso\/el-museo-del-prado-en-animal-crossing\/69152ab3-a813-2783-d889-e28ce976dd0b\">El Prado et mira<\/a>, on s\u2019ubica aquesta famosa obra d&#8217;art.<\/p>\n<p>En art\u00edstica vam fabricar, entre altres productes finals, diorames, basant-nos en l&#8217;obra pict\u00f2rica. Les diferents visions que assoleixen la diversitat dels nens i les nenes sobre una mateixa imatge s\u00f3n incre\u00efbles.<\/p>\n<p>La compet\u00e8ncia ling\u00fc\u00edstica es va desenvolupar mitjan\u00e7ant diferents habilitats de lectura, oralitat i escriptura amb el nostre projecte d&#8217;escriptura creativa <a href=\"https:\/\/inmaperezprieto.blogspot.com\/2021\/12\/taller-de-escritura-creativa.html\">Escola d&#8217;escriptors<\/a> creant tant contingut digital com anal\u00f2gic.<\/p>\n<p>Un exemple d&#8217;aix\u00f2 va ser inserir informaci\u00f3 sobre el quadre i els seus personatges mitjan\u00e7ant una imatge interactiva amb Genially <a href=\"https:\/\/view.genial.ly\/61e86f96c35e21001200a378\/interactive-image-las-meninas-y-sus-personajes-3o-e-primaria\">reutilitzable<\/a>.<\/p>\n<p>Partint de lectures adaptades sobre la biografia de Vel\u00e1zquez, vam realitzar visual thinking. Tamb\u00e9 es va treballar el <a href=\"https:\/\/view.genial.ly\/61df27222f19fd0d7ea36c58\/interactive-content-guion-teatral\">gui\u00f3 teatral<\/a> amb dues marionetes creades per a aquest projecte, que representaven la figura de Vel\u00e1zquez i Isabel de Velasco. Qu\u00e8 opinen els personatges? Vam crear contingut amb aquesta activitat creativa digital. <a href=\"https:\/\/view.genial.ly\/622f8432a5e9c7001118b285\/interactive-content-julian-creando-con-genially-2-las-meninas\">Exemple de l&#8217;activitat<\/a> i plantilla <a href=\"https:\/\/view.genial.ly\/6469e694b4dbe900112bac85\/interactive-content-creando-con-genially\">reutilitzable<\/a>.<\/p>\n<p>Les matem\u00e0tiques es van treballar amb plans del Museu i itineraris personalitzats sortint a entorns d&#8217;aprenentatge no formals, per aprendre angles, rectes i orientaci\u00f3 a l&#8217;espai. Els n\u00fameros romans els vam treballar a partir de l&#8217;arbre geneal\u00f2gic de la fam\u00edlia de Felip IV.<\/p>\n<p>El nostre producte final va consistir en realitzar una exposici\u00f3 al centre que fos accessible a tota la comunitat escolar, per la qual cosa vam aprendre a presentar els personatges principals, Vel\u00e1zquez i la Infanta Margarida, en llenguatge de signes i amb pictogrames.<\/p>\n<p>Tamb\u00e9 es van realitzar, dins del projecte emocional, din\u00e0miques de cohesi\u00f3 de grup i activitats que implicaven treball cooperatiu, una d&#8217;elles i molt divertida, va ser un altre dels nostres productes finals, la nostra estimada Menina Gegant que vam convertir en un photocall.<\/p>\n<p>Vam acabar el projecte amb un breakout de rep\u00e0s digital i duplicat per atendre a la totalitat de l&#8217;alumnat. Ambd\u00f3s s\u00f3n reutilitzables.<\/p>\n<p><a href=\"https:\/\/view.genial.ly\/61f833b64ffa930013459ad9\/interactive-content-juego-una-clase-con-mucho-arte\">Breakout Una classe amb molt d&#8217;art Breakout <\/a><\/p>\n<p><a href=\"https:\/\/view.genial.ly\/6233a0ffb409950018e0a3e7\/interactive-content-ad-juego-una-clase-con-mucho-arte\">Una classe amb molt d&#8217;art DF V\u00eddeo <\/a><\/p>\n<p><a href=\"https:\/\/www.youtube.com\/watch?v=2zhqbB1ljJ0\">Producte Final <\/a><\/p>\n<p>Tot projecte ha de ser avaluat amb la finalitat de rebre retroalimentaci\u00f3. Per aix\u00f2, els Instruments d&#8217;avaluaci\u00f3 que vam utilitzar van ser dianes d&#8217;autoavaluaci\u00f3, fitxes de coavaluaci\u00f3, r\u00fabriques, llistes de comprovaci\u00f3 i q\u00fcestionaris.<\/p>\n<p>Finalment, un dels objectius que ha de tenir qualsevol projecte \u00e9s el de la difusi\u00f3 del mateix i de tots els seus processos. Nosaltres vam anar a Onda Cero Radio Puente Genil, on hem creat un espai de col\u00b7laboraci\u00f3 <a href=\"https:\/\/inmaperezprieto.blogspot.com\/search?q=Aula+Cero\">Projecte Aula Cero<\/a> i vam compartir all\u00e0 la nostra feina amb els oients de r\u00e0dio.<\/p>\n<p>Tant el projecte com tots els seus materials es poden trobar i descarregar al meu blog <a href=\"http:\/\/inmaperezprieto.blogspot.com\/2022\/03\/una-clase-con-mucho-arte.html\">Fabricant Somnis Aprenentatge i Servei<\/a>, on comparteixo amb les fam\u00edlies i la comunitat educativa tot el que passa a l&#8217;aula.<\/p>\n","protected":false},"excerpt":{"rendered":"<p>Soc Inmaculada P\u00e9rez, mestra d&#8217;Educaci\u00f3 Infantil i Prim\u00e0ria. Al llarg dels meus molts anys d&#8217;experi\u00e8ncia, sempre moguda per la inquietud d&#8217;apropar al meu alumnat el curr\u00edculum d&#8217;una manera atractiva i impregnant-ho tot d&#8217;un clima l\u00fadic, he pogut comprovar com la motivaci\u00f3 dels alumnes creix implementant metodologies actives. Aquestes metodologies proporcionen a l&#8217;alumnat la possibilitat de<\/p>\n","protected":false},"author":523,"featured_media":343,"comment_status":"open","ping_status":"closed","sticky":false,"template":"","format":"standard","meta":{"footnotes":""},"categories":[100],"tags":[97,140],"tipo":[144],"class_list":{"0":"post-333","1":"post","2":"type-post","3":"status-publish","4":"format-standard","5":"has-post-thumbnail","7":"category-espiral","8":"tag-educacio","9":"tag-art","10":"tipo-analisi"},"yoast_head":"<!-- This site is optimized with the Yoast SEO plugin v27.5 - https:\/\/yoast.com\/product\/yoast-seo-wordpress\/ -->\n<title>\u00c9s possible acostar el curr\u00edculum a la teva aula a trav\u00e9s de l&#039;art? - Espiral, educaci\u00f3n y tecnolog\u00eda<\/title>\n<meta name=\"robots\" content=\"index, follow, max-snippet:-1, max-image-preview:large, max-video-preview:-1\" \/>\n<link rel=\"canonical\" href=\"https:\/\/diarieducacio.cat\/espiral\/2023\/11\/17\/es-possible-acostar-el-curriculum-a-la-teva-aula-a-traves-de-lart\/\" \/>\n<meta property=\"og:locale\" content=\"ca_ES\" \/>\n<meta property=\"og:type\" content=\"article\" \/>\n<meta property=\"og:title\" content=\"\u00c9s possible acostar el curr\u00edculum a la teva aula a trav\u00e9s de l&#039;art? - Espiral, educaci\u00f3n y tecnolog\u00eda\" \/>\n<meta property=\"og:description\" content=\"Soc Inmaculada P\u00e9rez, mestra d&#8217;Educaci\u00f3 Infantil i Prim\u00e0ria. Al llarg dels meus molts anys d&#8217;experi\u00e8ncia, sempre moguda per la inquietud d&#8217;apropar al meu alumnat el curr\u00edculum d&#8217;una manera atractiva i impregnant-ho tot d&#8217;un clima l\u00fadic, he pogut comprovar com la motivaci\u00f3 dels alumnes creix implementant metodologies actives. Aquestes metodologies proporcionen a l&#8217;alumnat la possibilitat de\" \/>\n<meta property=\"og:url\" content=\"https:\/\/diarieducacio.cat\/espiral\/2023\/11\/17\/es-possible-acostar-el-curriculum-a-la-teva-aula-a-traves-de-lart\/\" \/>\n<meta property=\"og:site_name\" content=\"Espiral, educaci\u00f3n y tecnolog\u00eda\" \/>\n<meta property=\"article:publisher\" content=\"https:\/\/www.facebook.com\/diarieducacio\/\" \/>\n<meta property=\"article:published_time\" content=\"2023-11-17T03:29:48+00:00\" \/>\n<meta property=\"article:modified_time\" content=\"2024-05-13T15:31:20+00:00\" \/>\n<meta property=\"og:image\" content=\"https:\/\/diarieducacio.cat\/espiral\/wp-content\/uploads\/sites\/30\/2023\/11\/Imagen-de-WhatsApp-2023-11-16-a-las-21.33.27_d09e81a2.jpg\" \/>\n\t<meta property=\"og:image:width\" content=\"1000\" \/>\n\t<meta property=\"og:image:height\" content=\"750\" \/>\n\t<meta property=\"og:image:type\" content=\"image\/jpeg\" \/>\n<meta name=\"author\" content=\"Inmaculada P\u00e9rez Prieto\" \/>\n<meta name=\"twitter:card\" content=\"summary_large_image\" \/>\n<meta name=\"twitter:creator\" content=\"@DiariEducacio\" \/>\n<meta name=\"twitter:site\" content=\"@DiariEducacio\" \/>\n<meta name=\"twitter:label1\" content=\"Escrit per\" \/>\n\t<meta name=\"twitter:data1\" content=\"Inmaculada P\u00e9rez Prieto\" \/>\n\t<meta name=\"twitter:label2\" content=\"Temps estimat de lectura\" \/>\n\t<meta name=\"twitter:data2\" content=\"4 minuts\" \/>\n<script type=\"application\/ld+json\" class=\"yoast-schema-graph\">{\"@context\":\"https:\\\/\\\/schema.org\",\"@graph\":[{\"@type\":\"Article\",\"@id\":\"https:\\\/\\\/diarieducacio.cat\\\/espiral\\\/2023\\\/11\\\/17\\\/es-possible-acostar-el-curriculum-a-la-teva-aula-a-traves-de-lart\\\/#article\",\"isPartOf\":{\"@id\":\"https:\\\/\\\/diarieducacio.cat\\\/espiral\\\/2023\\\/11\\\/17\\\/es-possible-acostar-el-curriculum-a-la-teva-aula-a-traves-de-lart\\\/\"},\"author\":{\"name\":\"Inmaculada P\u00e9rez Prieto\",\"@id\":\"https:\\\/\\\/diarieducacio.cat\\\/espiral\\\/#\\\/schema\\\/person\\\/6719f22d2b0030300403e364932d7726\"},\"headline\":\"\u00c9s possible acostar el curr\u00edculum a la teva aula a trav\u00e9s de l&#8217;art?\",\"datePublished\":\"2023-11-17T03:29:48+00:00\",\"dateModified\":\"2024-05-13T15:31:20+00:00\",\"mainEntityOfPage\":{\"@id\":\"https:\\\/\\\/diarieducacio.cat\\\/espiral\\\/2023\\\/11\\\/17\\\/es-possible-acostar-el-curriculum-a-la-teva-aula-a-traves-de-lart\\\/\"},\"wordCount\":867,\"commentCount\":0,\"image\":{\"@id\":\"https:\\\/\\\/diarieducacio.cat\\\/espiral\\\/2023\\\/11\\\/17\\\/es-possible-acostar-el-curriculum-a-la-teva-aula-a-traves-de-lart\\\/#primaryimage\"},\"thumbnailUrl\":\"https:\\\/\\\/diarieducacio.cat\\\/espiral\\\/wp-content\\\/uploads\\\/sites\\\/30\\\/2023\\\/11\\\/Imagen-de-WhatsApp-2023-11-16-a-las-21.33.27_d09e81a2.jpg\",\"keywords\":[\"#educaci\u00f3\",\"art\"],\"articleSection\":[\"#espiral\"],\"inLanguage\":\"ca\",\"potentialAction\":[{\"@type\":\"CommentAction\",\"name\":\"Comment\",\"target\":[\"https:\\\/\\\/diarieducacio.cat\\\/espiral\\\/2023\\\/11\\\/17\\\/es-possible-acostar-el-curriculum-a-la-teva-aula-a-traves-de-lart\\\/#respond\"]}]},{\"@type\":\"WebPage\",\"@id\":\"https:\\\/\\\/diarieducacio.cat\\\/espiral\\\/2023\\\/11\\\/17\\\/es-possible-acostar-el-curriculum-a-la-teva-aula-a-traves-de-lart\\\/\",\"url\":\"https:\\\/\\\/diarieducacio.cat\\\/espiral\\\/2023\\\/11\\\/17\\\/es-possible-acostar-el-curriculum-a-la-teva-aula-a-traves-de-lart\\\/\",\"name\":\"\u00c9s possible acostar el curr\u00edculum a la teva aula a trav\u00e9s de l'art? - Espiral, educaci\u00f3n y tecnolog\u00eda\",\"isPartOf\":{\"@id\":\"https:\\\/\\\/diarieducacio.cat\\\/espiral\\\/#website\"},\"primaryImageOfPage\":{\"@id\":\"https:\\\/\\\/diarieducacio.cat\\\/espiral\\\/2023\\\/11\\\/17\\\/es-possible-acostar-el-curriculum-a-la-teva-aula-a-traves-de-lart\\\/#primaryimage\"},\"image\":{\"@id\":\"https:\\\/\\\/diarieducacio.cat\\\/espiral\\\/2023\\\/11\\\/17\\\/es-possible-acostar-el-curriculum-a-la-teva-aula-a-traves-de-lart\\\/#primaryimage\"},\"thumbnailUrl\":\"https:\\\/\\\/diarieducacio.cat\\\/espiral\\\/wp-content\\\/uploads\\\/sites\\\/30\\\/2023\\\/11\\\/Imagen-de-WhatsApp-2023-11-16-a-las-21.33.27_d09e81a2.jpg\",\"datePublished\":\"2023-11-17T03:29:48+00:00\",\"dateModified\":\"2024-05-13T15:31:20+00:00\",\"author\":{\"@id\":\"https:\\\/\\\/diarieducacio.cat\\\/espiral\\\/#\\\/schema\\\/person\\\/6719f22d2b0030300403e364932d7726\"},\"breadcrumb\":{\"@id\":\"https:\\\/\\\/diarieducacio.cat\\\/espiral\\\/2023\\\/11\\\/17\\\/es-possible-acostar-el-curriculum-a-la-teva-aula-a-traves-de-lart\\\/#breadcrumb\"},\"inLanguage\":\"ca\",\"potentialAction\":[{\"@type\":\"ReadAction\",\"target\":[\"https:\\\/\\\/diarieducacio.cat\\\/espiral\\\/2023\\\/11\\\/17\\\/es-possible-acostar-el-curriculum-a-la-teva-aula-a-traves-de-lart\\\/\"]}]},{\"@type\":\"ImageObject\",\"inLanguage\":\"ca\",\"@id\":\"https:\\\/\\\/diarieducacio.cat\\\/espiral\\\/2023\\\/11\\\/17\\\/es-possible-acostar-el-curriculum-a-la-teva-aula-a-traves-de-lart\\\/#primaryimage\",\"url\":\"https:\\\/\\\/diarieducacio.cat\\\/espiral\\\/wp-content\\\/uploads\\\/sites\\\/30\\\/2023\\\/11\\\/Imagen-de-WhatsApp-2023-11-16-a-las-21.33.27_d09e81a2.jpg\",\"contentUrl\":\"https:\\\/\\\/diarieducacio.cat\\\/espiral\\\/wp-content\\\/uploads\\\/sites\\\/30\\\/2023\\\/11\\\/Imagen-de-WhatsApp-2023-11-16-a-las-21.33.27_d09e81a2.jpg\",\"width\":1000,\"height\":750},{\"@type\":\"BreadcrumbList\",\"@id\":\"https:\\\/\\\/diarieducacio.cat\\\/espiral\\\/2023\\\/11\\\/17\\\/es-possible-acostar-el-curriculum-a-la-teva-aula-a-traves-de-lart\\\/#breadcrumb\",\"itemListElement\":[{\"@type\":\"ListItem\",\"position\":1,\"name\":\"Inici\",\"item\":\"https:\\\/\\\/diarieducacio.cat\\\/espiral\\\/\"},{\"@type\":\"ListItem\",\"position\":2,\"name\":\"\u00c9s possible acostar el curr\u00edculum a la teva aula a trav\u00e9s de l&#8217;art?\"}]},{\"@type\":\"WebSite\",\"@id\":\"https:\\\/\\\/diarieducacio.cat\\\/espiral\\\/#website\",\"url\":\"https:\\\/\\\/diarieducacio.cat\\\/espiral\\\/\",\"name\":\"Espiral, educaci\u00f3n y tecnolog\u00eda\",\"description\":\"Un blog de El Diari de l&#039;Educaci\u00f3\",\"potentialAction\":[{\"@type\":\"SearchAction\",\"target\":{\"@type\":\"EntryPoint\",\"urlTemplate\":\"https:\\\/\\\/diarieducacio.cat\\\/espiral\\\/?s={search_term_string}\"},\"query-input\":{\"@type\":\"PropertyValueSpecification\",\"valueRequired\":true,\"valueName\":\"search_term_string\"}}],\"inLanguage\":\"ca\"},{\"@type\":\"Person\",\"@id\":\"https:\\\/\\\/diarieducacio.cat\\\/espiral\\\/#\\\/schema\\\/person\\\/6719f22d2b0030300403e364932d7726\",\"name\":\"Inmaculada P\u00e9rez Prieto\",\"image\":{\"@type\":\"ImageObject\",\"inLanguage\":\"ca\",\"@id\":\"https:\\\/\\\/secure.gravatar.com\\\/avatar\\\/d8c02d7d7c5102ab12e94b5e1b840106f5523bd1787905e464cafaa360c2cbd1?s=96&d=mm&r=g\",\"url\":\"https:\\\/\\\/secure.gravatar.com\\\/avatar\\\/d8c02d7d7c5102ab12e94b5e1b840106f5523bd1787905e464cafaa360c2cbd1?s=96&d=mm&r=g\",\"contentUrl\":\"https:\\\/\\\/secure.gravatar.com\\\/avatar\\\/d8c02d7d7c5102ab12e94b5e1b840106f5523bd1787905e464cafaa360c2cbd1?s=96&d=mm&r=g\",\"caption\":\"Inmaculada P\u00e9rez Prieto\"},\"url\":\"https:\\\/\\\/diarieducacio.cat\\\/espiral\\\/author\\\/iperezprieto\\\/\"}]}<\/script>\n<!-- \/ Yoast SEO plugin. -->","yoast_head_json":{"title":"\u00c9s possible acostar el curr\u00edculum a la teva aula a trav\u00e9s de l'art? - Espiral, educaci\u00f3n y tecnolog\u00eda","robots":{"index":"index","follow":"follow","max-snippet":"max-snippet:-1","max-image-preview":"max-image-preview:large","max-video-preview":"max-video-preview:-1"},"canonical":"https:\/\/diarieducacio.cat\/espiral\/2023\/11\/17\/es-possible-acostar-el-curriculum-a-la-teva-aula-a-traves-de-lart\/","og_locale":"ca_ES","og_type":"article","og_title":"\u00c9s possible acostar el curr\u00edculum a la teva aula a trav\u00e9s de l'art? - Espiral, educaci\u00f3n y tecnolog\u00eda","og_description":"Soc Inmaculada P\u00e9rez, mestra d&#8217;Educaci\u00f3 Infantil i Prim\u00e0ria. Al llarg dels meus molts anys d&#8217;experi\u00e8ncia, sempre moguda per la inquietud d&#8217;apropar al meu alumnat el curr\u00edculum d&#8217;una manera atractiva i impregnant-ho tot d&#8217;un clima l\u00fadic, he pogut comprovar com la motivaci\u00f3 dels alumnes creix implementant metodologies actives. Aquestes metodologies proporcionen a l&#8217;alumnat la possibilitat de","og_url":"https:\/\/diarieducacio.cat\/espiral\/2023\/11\/17\/es-possible-acostar-el-curriculum-a-la-teva-aula-a-traves-de-lart\/","og_site_name":"Espiral, educaci\u00f3n y tecnolog\u00eda","article_publisher":"https:\/\/www.facebook.com\/diarieducacio\/","article_published_time":"2023-11-17T03:29:48+00:00","article_modified_time":"2024-05-13T15:31:20+00:00","og_image":[{"width":1000,"height":750,"url":"https:\/\/diarieducacio.cat\/espiral\/wp-content\/uploads\/sites\/30\/2023\/11\/Imagen-de-WhatsApp-2023-11-16-a-las-21.33.27_d09e81a2.jpg","type":"image\/jpeg"}],"author":"Inmaculada P\u00e9rez Prieto","twitter_card":"summary_large_image","twitter_creator":"@DiariEducacio","twitter_site":"@DiariEducacio","twitter_misc":{"Escrit per":"Inmaculada P\u00e9rez Prieto","Temps estimat de lectura":"4 minuts"},"schema":{"@context":"https:\/\/schema.org","@graph":[{"@type":"Article","@id":"https:\/\/diarieducacio.cat\/espiral\/2023\/11\/17\/es-possible-acostar-el-curriculum-a-la-teva-aula-a-traves-de-lart\/#article","isPartOf":{"@id":"https:\/\/diarieducacio.cat\/espiral\/2023\/11\/17\/es-possible-acostar-el-curriculum-a-la-teva-aula-a-traves-de-lart\/"},"author":{"name":"Inmaculada P\u00e9rez Prieto","@id":"https:\/\/diarieducacio.cat\/espiral\/#\/schema\/person\/6719f22d2b0030300403e364932d7726"},"headline":"\u00c9s possible acostar el curr\u00edculum a la teva aula a trav\u00e9s de l&#8217;art?","datePublished":"2023-11-17T03:29:48+00:00","dateModified":"2024-05-13T15:31:20+00:00","mainEntityOfPage":{"@id":"https:\/\/diarieducacio.cat\/espiral\/2023\/11\/17\/es-possible-acostar-el-curriculum-a-la-teva-aula-a-traves-de-lart\/"},"wordCount":867,"commentCount":0,"image":{"@id":"https:\/\/diarieducacio.cat\/espiral\/2023\/11\/17\/es-possible-acostar-el-curriculum-a-la-teva-aula-a-traves-de-lart\/#primaryimage"},"thumbnailUrl":"https:\/\/diarieducacio.cat\/espiral\/wp-content\/uploads\/sites\/30\/2023\/11\/Imagen-de-WhatsApp-2023-11-16-a-las-21.33.27_d09e81a2.jpg","keywords":["#educaci\u00f3","art"],"articleSection":["#espiral"],"inLanguage":"ca","potentialAction":[{"@type":"CommentAction","name":"Comment","target":["https:\/\/diarieducacio.cat\/espiral\/2023\/11\/17\/es-possible-acostar-el-curriculum-a-la-teva-aula-a-traves-de-lart\/#respond"]}]},{"@type":"WebPage","@id":"https:\/\/diarieducacio.cat\/espiral\/2023\/11\/17\/es-possible-acostar-el-curriculum-a-la-teva-aula-a-traves-de-lart\/","url":"https:\/\/diarieducacio.cat\/espiral\/2023\/11\/17\/es-possible-acostar-el-curriculum-a-la-teva-aula-a-traves-de-lart\/","name":"\u00c9s possible acostar el curr\u00edculum a la teva aula a trav\u00e9s de l'art? - Espiral, educaci\u00f3n y tecnolog\u00eda","isPartOf":{"@id":"https:\/\/diarieducacio.cat\/espiral\/#website"},"primaryImageOfPage":{"@id":"https:\/\/diarieducacio.cat\/espiral\/2023\/11\/17\/es-possible-acostar-el-curriculum-a-la-teva-aula-a-traves-de-lart\/#primaryimage"},"image":{"@id":"https:\/\/diarieducacio.cat\/espiral\/2023\/11\/17\/es-possible-acostar-el-curriculum-a-la-teva-aula-a-traves-de-lart\/#primaryimage"},"thumbnailUrl":"https:\/\/diarieducacio.cat\/espiral\/wp-content\/uploads\/sites\/30\/2023\/11\/Imagen-de-WhatsApp-2023-11-16-a-las-21.33.27_d09e81a2.jpg","datePublished":"2023-11-17T03:29:48+00:00","dateModified":"2024-05-13T15:31:20+00:00","author":{"@id":"https:\/\/diarieducacio.cat\/espiral\/#\/schema\/person\/6719f22d2b0030300403e364932d7726"},"breadcrumb":{"@id":"https:\/\/diarieducacio.cat\/espiral\/2023\/11\/17\/es-possible-acostar-el-curriculum-a-la-teva-aula-a-traves-de-lart\/#breadcrumb"},"inLanguage":"ca","potentialAction":[{"@type":"ReadAction","target":["https:\/\/diarieducacio.cat\/espiral\/2023\/11\/17\/es-possible-acostar-el-curriculum-a-la-teva-aula-a-traves-de-lart\/"]}]},{"@type":"ImageObject","inLanguage":"ca","@id":"https:\/\/diarieducacio.cat\/espiral\/2023\/11\/17\/es-possible-acostar-el-curriculum-a-la-teva-aula-a-traves-de-lart\/#primaryimage","url":"https:\/\/diarieducacio.cat\/espiral\/wp-content\/uploads\/sites\/30\/2023\/11\/Imagen-de-WhatsApp-2023-11-16-a-las-21.33.27_d09e81a2.jpg","contentUrl":"https:\/\/diarieducacio.cat\/espiral\/wp-content\/uploads\/sites\/30\/2023\/11\/Imagen-de-WhatsApp-2023-11-16-a-las-21.33.27_d09e81a2.jpg","width":1000,"height":750},{"@type":"BreadcrumbList","@id":"https:\/\/diarieducacio.cat\/espiral\/2023\/11\/17\/es-possible-acostar-el-curriculum-a-la-teva-aula-a-traves-de-lart\/#breadcrumb","itemListElement":[{"@type":"ListItem","position":1,"name":"Inici","item":"https:\/\/diarieducacio.cat\/espiral\/"},{"@type":"ListItem","position":2,"name":"\u00c9s possible acostar el curr\u00edculum a la teva aula a trav\u00e9s de l&#8217;art?"}]},{"@type":"WebSite","@id":"https:\/\/diarieducacio.cat\/espiral\/#website","url":"https:\/\/diarieducacio.cat\/espiral\/","name":"Espiral, educaci\u00f3n y tecnolog\u00eda","description":"Un blog de El Diari de l&#039;Educaci\u00f3","potentialAction":[{"@type":"SearchAction","target":{"@type":"EntryPoint","urlTemplate":"https:\/\/diarieducacio.cat\/espiral\/?s={search_term_string}"},"query-input":{"@type":"PropertyValueSpecification","valueRequired":true,"valueName":"search_term_string"}}],"inLanguage":"ca"},{"@type":"Person","@id":"https:\/\/diarieducacio.cat\/espiral\/#\/schema\/person\/6719f22d2b0030300403e364932d7726","name":"Inmaculada P\u00e9rez Prieto","image":{"@type":"ImageObject","inLanguage":"ca","@id":"https:\/\/secure.gravatar.com\/avatar\/d8c02d7d7c5102ab12e94b5e1b840106f5523bd1787905e464cafaa360c2cbd1?s=96&d=mm&r=g","url":"https:\/\/secure.gravatar.com\/avatar\/d8c02d7d7c5102ab12e94b5e1b840106f5523bd1787905e464cafaa360c2cbd1?s=96&d=mm&r=g","contentUrl":"https:\/\/secure.gravatar.com\/avatar\/d8c02d7d7c5102ab12e94b5e1b840106f5523bd1787905e464cafaa360c2cbd1?s=96&d=mm&r=g","caption":"Inmaculada P\u00e9rez Prieto"},"url":"https:\/\/diarieducacio.cat\/espiral\/author\/iperezprieto\/"}]}},"_links":{"self":[{"href":"https:\/\/diarieducacio.cat\/espiral\/wp-json\/wp\/v2\/posts\/333","targetHints":{"allow":["GET"]}}],"collection":[{"href":"https:\/\/diarieducacio.cat\/espiral\/wp-json\/wp\/v2\/posts"}],"about":[{"href":"https:\/\/diarieducacio.cat\/espiral\/wp-json\/wp\/v2\/types\/post"}],"author":[{"embeddable":true,"href":"https:\/\/diarieducacio.cat\/espiral\/wp-json\/wp\/v2\/users\/523"}],"replies":[{"embeddable":true,"href":"https:\/\/diarieducacio.cat\/espiral\/wp-json\/wp\/v2\/comments?post=333"}],"version-history":[{"count":1,"href":"https:\/\/diarieducacio.cat\/espiral\/wp-json\/wp\/v2\/posts\/333\/revisions"}],"predecessor-version":[{"id":1875,"href":"https:\/\/diarieducacio.cat\/espiral\/wp-json\/wp\/v2\/posts\/333\/revisions\/1875"}],"wp:featuredmedia":[{"embeddable":true,"href":"https:\/\/diarieducacio.cat\/espiral\/wp-json\/wp\/v2\/media\/343"}],"wp:attachment":[{"href":"https:\/\/diarieducacio.cat\/espiral\/wp-json\/wp\/v2\/media?parent=333"}],"wp:term":[{"taxonomy":"category","embeddable":true,"href":"https:\/\/diarieducacio.cat\/espiral\/wp-json\/wp\/v2\/categories?post=333"},{"taxonomy":"post_tag","embeddable":true,"href":"https:\/\/diarieducacio.cat\/espiral\/wp-json\/wp\/v2\/tags?post=333"},{"taxonomy":"tipo","embeddable":true,"href":"https:\/\/diarieducacio.cat\/espiral\/wp-json\/wp\/v2\/tipo?post=333"}],"curies":[{"name":"wp","href":"https:\/\/api.w.org\/{rel}","templated":true}]}}