{"id":346,"date":"2024-04-19T06:00:11","date_gmt":"2024-04-19T04:00:11","guid":{"rendered":"https:\/\/diarieducacio.cat\/espiral\/?p=346"},"modified":"2024-05-13T17:31:20","modified_gmt":"2024-05-13T15:31:20","slug":"per-que-ensenyar-literatura-a-secundaria","status":"publish","type":"post","link":"https:\/\/diarieducacio.cat\/espiral\/2024\/04\/19\/per-que-ensenyar-literatura-a-secundaria\/","title":{"rendered":"Per qu\u00e8 ensenyar literatura a Secund\u00e0ria?"},"content":{"rendered":"<p>A 3r d&#8217;ESO els alumnes han d&#8217;estudiar, entre moltes altres coses, la literatura medieval espanyola. L&#8217;opini\u00f3 generalment \u00e9s de rebuig: &#8220;S\u00f3n poemes o textos de fa 800 o 1000 anys, parlen en castell\u00e0 antic, s&#8217;han de memoritzar moltes caracter\u00edstiques que no entenem! \u00c9s un rotllo!&#8221;. Tot i que els professors ens esforcem per transmetre&#8217;ls el valor d&#8217;aquestes obres mestres i del nostre patrimoni cultural, els alumnes es desconnecten. Com a molt, un percentatge m\u00e9s o menys elevat intentar\u00e0 memoritzar &#8220;aquest rollo&#8221; per aprovar l&#8217;examen. Per\u00f2 despr\u00e9s tots oblidaran els \u201ckharges\u201d, el Cantar de mio Cid o el Mester de Clerec\u00eda.<\/p>\n<p>Per qu\u00e8 no canviem l&#8217;enfocament d&#8217;una vegada per totes? Estem preparant els nostres alumnes per a concursos com el <em>Pasapalabra<\/em> o <em>Saber y Ganar<\/em>? Per qu\u00e8 mesurem el que aprenen a l&#8217;aula nom\u00e9s verificant si han memoritzat que el \u201cCantar de mio Cid\u201d est\u00e0 format per 3735 versos anisosil\u00b7l\u00e0bics o la definici\u00f3 d&#8217;hemistiquis, pros\u00f2dia, tirades? Aix\u00f2 els ajuda a admirar i gaudir del \u201cCantar de mio Cid\u201d? Els fa m\u00e9s intel\u00b7ligents, m\u00e9s feli\u00e7os o millors persones? Els ajuda a comprendre millor l&#8217;\u00e9sser hum\u00e0? Crec que tots nosaltres coneixem les respostes.<\/p>\n<p>Canviar l&#8217;enfocament va suposar un canvi en els objectius. I aix\u00f2 \u00e9s el que vaig fer, intentar treballar la literatura a l&#8217;aula perqu\u00e8 els alumnes aprenguessin a comprendre-la i a gaudir-la, perqu\u00e8 reflexionessin sobre la naturalesa humana, per ensenyar-los a pensar i a fer-se preguntes, i per animar-los a fer que ells es convertissin, potser per primera vegada, en artistes (poetes, escriptors o pintors).<\/p>\n<p>Vaig comen\u00e7ar per desafiar el seu pensament amb una pregunta de resposta m\u00faltiple i complexa: Per qu\u00e8 els \u00e9ssers humans escriuen poesia? I va succeir que es van adonar que havien crescut envoltats de poesia; que a l&#8217;escola bressol, a infantil i en els primers anys de Prim\u00e0ria havien memoritzat un munt de poemes. Es van adonar tamb\u00e9 que vivien envoltats de can\u00e7ons, que no eren altra cosa que poemes cantats per Sabina, Residente, \u00c1lvaro Soler o Duki. Van comprendre que \u00e9s inherent a l&#8217;home, a totes les \u00e8poques i cultures, jugar amb les paraules i emprar-les com a material art\u00edstic. I que tots necessitem de l&#8217;Art per expressar les nostres emocions i tractar de comprendre i explicar-nos la vida.<\/p>\n<blockquote><p>Vaig comen\u00e7ar per desafiar el seu pensament amb una pregunta de resposta m\u00faltiple i complexa: Per qu\u00e8 els \u00e9ssers humans escriuen poesia?<\/p><\/blockquote>\n<p>Havien experimentat la primera connexi\u00f3. El que havien d&#8217;estudiar s\u00ed que ressonava al seu interior, no els era ali\u00e8. Aix\u00ed que es van preguntar qu\u00e8 converteix un text en literatura? Gr\u00e0cies a diverses rutines de pensament que els vaig proposar es van adonar que era necessari un tipus de llenguatge (l&#8217;\u00fas de recursos ret\u00f2rics) i que certs temes eren recurrents (els t\u00f2pics literaris).<\/p>\n<p>Llavors els vaig desafiar de nou: havien d&#8217;analitzar una can\u00e7\u00f3 que els agrad\u00e9s, tractant de descobrir quins recursos ret\u00f2rics s&#8217;empraven i quins t\u00f2pics literaris apareixien. De nou es va produir en ells una connexi\u00f3, perqu\u00e8 en analitzar aquestes can\u00e7ons es van adonar de segons i tercers significats (m\u00e9s profunds i interessants), o de com en els videoclips d&#8217;aquests artistes es jugava amb met\u00e0fores visuals o s\u00edmbols. En definitiva, all\u00f2 que venia als llibres i que el professor els intentava explicar els ajudava a comprendre millor el m\u00f3n!<\/p>\n<p>Ara s\u00ed que era el moment d&#8217;acostar-nos a la literatura medieval. Com vivien els homes d&#8217;aquella \u00e8poca? La seva societat era molt diferent de la nostra? De qu\u00e8 parlaven en els seus poemes? Tindrien sentiments molt diferents dels nostres?<\/p>\n<p>Despr\u00e9s de treballar amb el seu coneixement previ, els vaig proposar realitzar diverses rutines i habilitats de pensament perqu\u00e8 fossin ells els qui dedu\u00efssin les caracter\u00edstiques del Mester de Joglaria i les del Mester de Clerecia, observant miniatures (imatges pintades a m\u00e0) dels manuscrits medievals, traient conclusions i fent-se noves preguntes. O comparant escenes de dues pel\u00b7l\u00edcules:<em> El nom de la rosa<\/em> (1986) i <em>La marrana<\/em> (1992). D&#8217;aquesta manera, el coneixement va sorgir des de dins de l&#8217;alumne. La seva sorpresa va ser enorme: &#8220;Ho hem endevinat tot sense obrir el llibre?&#8221;. Aquest nou \u00e8xit els va motivar enormement i es van veure capacitats no nom\u00e9s per seguir &#8220;investigant&#8221; i descobrint els textos medievals, sin\u00f3 que es van llan\u00e7ar a escriure poemes o textos l\u00edrics de la seva creaci\u00f3.<\/p>\n<blockquote><p>Es van llan\u00e7ar a escriure poemes o textos l\u00edrics de la seva creaci\u00f3<\/p><\/blockquote>\n<p>Llavors va arribar el moment de descobrir el Cantar de mio Cid (c. 1200). I les seves preguntes i inter\u00e8s no es van fer esperar. Per qu\u00e8 era una obra tan famosa? Va ser un personatge real? Quanta realitat hi havia en el text? Per qu\u00e8 es considera un heroi? Per qu\u00e8 es va escriure un poema tan llarg? Per qu\u00e8 l&#8217;autor no el va signar? Es va escriure en paper o en un altre material?<\/p>\n<p>Els meus alumnes estaven, una vegada m\u00e9s, connectats amb el que f\u00e8iem a classe i es van posar a investigar. Vam llegir fragments del Cantar i vam veure la pel\u00b7l\u00edcula-documental completa. Vam analitzar l&#8217;obra des d&#8217;un punt de vista literari i sobretot ens vam apropar al personatge, a la seva bravura, a la seva honestedat, a la seva fidelitat. Vam reflexionar sobre el poder, sobre la venjan\u00e7a, sobre l&#8217;ambici\u00f3. Van sentir que no estaven memoritzant dades per posar-les en un examen, sin\u00f3 que estaven descobrint la complexitat de l&#8217;\u00e9sser hum\u00e0, la nostra naturalesa, amb les seves llums i les seves ombres. Tal va ser la seva connexi\u00f3 amb el personatge que van decidir fer la Ruta del Cid en cotxe o en moto quan fossin grans!<\/p>\n<p>Encara ens quedaven per descobrir altres obres medievals. Per\u00f2 van ser ells els qui es van convertir en professors i els qui van investigar. Van haver d&#8217;aprendre a utilitzar eines digitals per presentar-nos als altres Miracles de Nostra Senyora (1246-1252) o El Llibre del Bon Amor (1330-1343).<\/p>\n<p>En fi, que els meus alumnes de PMAR 2 (actual 1r de Diversificaci\u00f3), tot i ser alumnes ACNEAE o repetidors, havien no nom\u00e9s superat tots els reptes que els havia proposat (analitzar can\u00e7ons, emprar eines digitals, convertir-se en poetes o en professors), sin\u00f3 que havien dut a terme amb \u00e8xit habilitats de pensament i activitats de metacognici\u00f3. S&#8217;havien convertit en protagonistes del seu aprenentatge, se sentien capacitats de seguir aprenent literatura o altres mat\u00e8ries. Havien estat connectats i sentien que el que havien sentit, viscut i apr\u00e8s els havia transformat. No \u00e9s aquest l&#8217;objectiu de l&#8217;EDUCACI\u00d3?<\/p>\n","protected":false},"excerpt":{"rendered":"<p>A 3r d&#8217;ESO els alumnes han d&#8217;estudiar, entre moltes altres coses, la literatura medieval espanyola. L&#8217;opini\u00f3 generalment \u00e9s de rebuig: &#8220;S\u00f3n poemes o textos de fa 800 o 1000 anys, parlen en castell\u00e0 antic, s&#8217;han de memoritzar moltes caracter\u00edstiques que no entenem! \u00c9s un rotllo!&#8221;. Tot i que els professors ens esforcem per transmetre&#8217;ls el<\/p>\n","protected":false},"author":1181,"featured_media":347,"comment_status":"open","ping_status":"closed","sticky":false,"template":"","format":"standard","meta":{"footnotes":""},"categories":[2],"tags":[135,142],"tipo":[143],"class_list":{"0":"post-346","1":"post","2":"type-post","3":"status-publish","4":"format-standard","5":"has-post-thumbnail","7":"category-general","8":"tag-alumnes","9":"tag-literatura","10":"tipo-opinio"},"yoast_head":"<!-- This site is optimized with the Yoast SEO plugin v27.5 - https:\/\/yoast.com\/product\/yoast-seo-wordpress\/ -->\n<title>Per qu\u00e8 ensenyar literatura a Secund\u00e0ria? - Espiral, educaci\u00f3n y tecnolog\u00eda<\/title>\n<meta name=\"robots\" content=\"index, follow, max-snippet:-1, max-image-preview:large, max-video-preview:-1\" \/>\n<link rel=\"canonical\" href=\"https:\/\/diarieducacio.cat\/espiral\/2024\/04\/19\/per-que-ensenyar-literatura-a-secundaria\/\" \/>\n<meta property=\"og:locale\" content=\"ca_ES\" \/>\n<meta property=\"og:type\" content=\"article\" \/>\n<meta property=\"og:title\" content=\"Per qu\u00e8 ensenyar literatura a Secund\u00e0ria? - Espiral, educaci\u00f3n y tecnolog\u00eda\" \/>\n<meta property=\"og:description\" content=\"A 3r d&#8217;ESO els alumnes han d&#8217;estudiar, entre moltes altres coses, la literatura medieval espanyola. L&#8217;opini\u00f3 generalment \u00e9s de rebuig: &#8220;S\u00f3n poemes o textos de fa 800 o 1000 anys, parlen en castell\u00e0 antic, s&#8217;han de memoritzar moltes caracter\u00edstiques que no entenem! \u00c9s un rotllo!&#8221;. Tot i que els professors ens esforcem per transmetre&#8217;ls el\" \/>\n<meta property=\"og:url\" content=\"https:\/\/diarieducacio.cat\/espiral\/2024\/04\/19\/per-que-ensenyar-literatura-a-secundaria\/\" \/>\n<meta property=\"og:site_name\" content=\"Espiral, educaci\u00f3n y tecnolog\u00eda\" \/>\n<meta property=\"article:publisher\" content=\"https:\/\/www.facebook.com\/diarieducacio\/\" \/>\n<meta property=\"article:published_time\" content=\"2024-04-19T04:00:11+00:00\" \/>\n<meta property=\"article:modified_time\" content=\"2024-05-13T15:31:20+00:00\" \/>\n<meta property=\"og:image\" content=\"https:\/\/diarieducacio.cat\/espiral\/wp-content\/uploads\/sites\/30\/2024\/04\/Alumnos-preparandose-para-hacer-mindfulness-en-clase-de-Literatura.jpg\" \/>\n\t<meta property=\"og:image:width\" content=\"938\" \/>\n\t<meta property=\"og:image:height\" content=\"729\" \/>\n\t<meta property=\"og:image:type\" content=\"image\/jpeg\" \/>\n<meta name=\"author\" content=\"M\u00aa Victoria P\u00e9rez P\u00e9rez\" \/>\n<meta name=\"twitter:card\" content=\"summary_large_image\" \/>\n<meta name=\"twitter:creator\" content=\"@DiariEducacio\" \/>\n<meta name=\"twitter:site\" content=\"@DiariEducacio\" \/>\n<meta name=\"twitter:label1\" content=\"Escrit per\" \/>\n\t<meta name=\"twitter:data1\" content=\"M\u00aa Victoria P\u00e9rez P\u00e9rez\" \/>\n\t<meta name=\"twitter:label2\" content=\"Temps estimat de lectura\" \/>\n\t<meta name=\"twitter:data2\" content=\"6 minuts\" \/>\n<script type=\"application\/ld+json\" class=\"yoast-schema-graph\">{\"@context\":\"https:\\\/\\\/schema.org\",\"@graph\":[{\"@type\":\"Article\",\"@id\":\"https:\\\/\\\/diarieducacio.cat\\\/espiral\\\/2024\\\/04\\\/19\\\/per-que-ensenyar-literatura-a-secundaria\\\/#article\",\"isPartOf\":{\"@id\":\"https:\\\/\\\/diarieducacio.cat\\\/espiral\\\/2024\\\/04\\\/19\\\/per-que-ensenyar-literatura-a-secundaria\\\/\"},\"author\":{\"name\":\"M\u00aa Victoria P\u00e9rez P\u00e9rez\",\"@id\":\"https:\\\/\\\/diarieducacio.cat\\\/espiral\\\/#\\\/schema\\\/person\\\/6173ce3d7dd0acde34539fb6fcd72d8f\"},\"headline\":\"Per qu\u00e8 ensenyar literatura a Secund\u00e0ria?\",\"datePublished\":\"2024-04-19T04:00:11+00:00\",\"dateModified\":\"2024-05-13T15:31:20+00:00\",\"mainEntityOfPage\":{\"@id\":\"https:\\\/\\\/diarieducacio.cat\\\/espiral\\\/2024\\\/04\\\/19\\\/per-que-ensenyar-literatura-a-secundaria\\\/\"},\"wordCount\":1158,\"commentCount\":0,\"image\":{\"@id\":\"https:\\\/\\\/diarieducacio.cat\\\/espiral\\\/2024\\\/04\\\/19\\\/per-que-ensenyar-literatura-a-secundaria\\\/#primaryimage\"},\"thumbnailUrl\":\"https:\\\/\\\/diarieducacio.cat\\\/espiral\\\/wp-content\\\/uploads\\\/sites\\\/30\\\/2024\\\/04\\\/Alumnos-preparandose-para-hacer-mindfulness-en-clase-de-Literatura.jpg\",\"keywords\":[\"alumnes\",\"literatura\"],\"articleSection\":[\"General\"],\"inLanguage\":\"ca\",\"potentialAction\":[{\"@type\":\"CommentAction\",\"name\":\"Comment\",\"target\":[\"https:\\\/\\\/diarieducacio.cat\\\/espiral\\\/2024\\\/04\\\/19\\\/per-que-ensenyar-literatura-a-secundaria\\\/#respond\"]}]},{\"@type\":\"WebPage\",\"@id\":\"https:\\\/\\\/diarieducacio.cat\\\/espiral\\\/2024\\\/04\\\/19\\\/per-que-ensenyar-literatura-a-secundaria\\\/\",\"url\":\"https:\\\/\\\/diarieducacio.cat\\\/espiral\\\/2024\\\/04\\\/19\\\/per-que-ensenyar-literatura-a-secundaria\\\/\",\"name\":\"Per qu\u00e8 ensenyar literatura a Secund\u00e0ria? - Espiral, educaci\u00f3n y tecnolog\u00eda\",\"isPartOf\":{\"@id\":\"https:\\\/\\\/diarieducacio.cat\\\/espiral\\\/#website\"},\"primaryImageOfPage\":{\"@id\":\"https:\\\/\\\/diarieducacio.cat\\\/espiral\\\/2024\\\/04\\\/19\\\/per-que-ensenyar-literatura-a-secundaria\\\/#primaryimage\"},\"image\":{\"@id\":\"https:\\\/\\\/diarieducacio.cat\\\/espiral\\\/2024\\\/04\\\/19\\\/per-que-ensenyar-literatura-a-secundaria\\\/#primaryimage\"},\"thumbnailUrl\":\"https:\\\/\\\/diarieducacio.cat\\\/espiral\\\/wp-content\\\/uploads\\\/sites\\\/30\\\/2024\\\/04\\\/Alumnos-preparandose-para-hacer-mindfulness-en-clase-de-Literatura.jpg\",\"datePublished\":\"2024-04-19T04:00:11+00:00\",\"dateModified\":\"2024-05-13T15:31:20+00:00\",\"author\":{\"@id\":\"https:\\\/\\\/diarieducacio.cat\\\/espiral\\\/#\\\/schema\\\/person\\\/6173ce3d7dd0acde34539fb6fcd72d8f\"},\"breadcrumb\":{\"@id\":\"https:\\\/\\\/diarieducacio.cat\\\/espiral\\\/2024\\\/04\\\/19\\\/per-que-ensenyar-literatura-a-secundaria\\\/#breadcrumb\"},\"inLanguage\":\"ca\",\"potentialAction\":[{\"@type\":\"ReadAction\",\"target\":[\"https:\\\/\\\/diarieducacio.cat\\\/espiral\\\/2024\\\/04\\\/19\\\/per-que-ensenyar-literatura-a-secundaria\\\/\"]}]},{\"@type\":\"ImageObject\",\"inLanguage\":\"ca\",\"@id\":\"https:\\\/\\\/diarieducacio.cat\\\/espiral\\\/2024\\\/04\\\/19\\\/per-que-ensenyar-literatura-a-secundaria\\\/#primaryimage\",\"url\":\"https:\\\/\\\/diarieducacio.cat\\\/espiral\\\/wp-content\\\/uploads\\\/sites\\\/30\\\/2024\\\/04\\\/Alumnos-preparandose-para-hacer-mindfulness-en-clase-de-Literatura.jpg\",\"contentUrl\":\"https:\\\/\\\/diarieducacio.cat\\\/espiral\\\/wp-content\\\/uploads\\\/sites\\\/30\\\/2024\\\/04\\\/Alumnos-preparandose-para-hacer-mindfulness-en-clase-de-Literatura.jpg\",\"width\":938,\"height\":729,\"caption\":\"Alumnes preparant-se per fer 'mindfulness' a clase de Literatura | M\u00aa Victoria P\u00e9rez P\u00e9rez\"},{\"@type\":\"BreadcrumbList\",\"@id\":\"https:\\\/\\\/diarieducacio.cat\\\/espiral\\\/2024\\\/04\\\/19\\\/per-que-ensenyar-literatura-a-secundaria\\\/#breadcrumb\",\"itemListElement\":[{\"@type\":\"ListItem\",\"position\":1,\"name\":\"Inici\",\"item\":\"https:\\\/\\\/diarieducacio.cat\\\/espiral\\\/\"},{\"@type\":\"ListItem\",\"position\":2,\"name\":\"Per qu\u00e8 ensenyar literatura a Secund\u00e0ria?\"}]},{\"@type\":\"WebSite\",\"@id\":\"https:\\\/\\\/diarieducacio.cat\\\/espiral\\\/#website\",\"url\":\"https:\\\/\\\/diarieducacio.cat\\\/espiral\\\/\",\"name\":\"Espiral, educaci\u00f3n y tecnolog\u00eda\",\"description\":\"Un blog de El Diari de l&#039;Educaci\u00f3\",\"potentialAction\":[{\"@type\":\"SearchAction\",\"target\":{\"@type\":\"EntryPoint\",\"urlTemplate\":\"https:\\\/\\\/diarieducacio.cat\\\/espiral\\\/?s={search_term_string}\"},\"query-input\":{\"@type\":\"PropertyValueSpecification\",\"valueRequired\":true,\"valueName\":\"search_term_string\"}}],\"inLanguage\":\"ca\"},{\"@type\":\"Person\",\"@id\":\"https:\\\/\\\/diarieducacio.cat\\\/espiral\\\/#\\\/schema\\\/person\\\/6173ce3d7dd0acde34539fb6fcd72d8f\",\"name\":\"M\u00aa Victoria P\u00e9rez P\u00e9rez\",\"image\":{\"@type\":\"ImageObject\",\"inLanguage\":\"ca\",\"@id\":\"https:\\\/\\\/secure.gravatar.com\\\/avatar\\\/adfd4ed3ebb3a660cdb5a28e504bf6a93e6adea17b3ef50616be737e5706fa38?s=96&d=mm&r=g\",\"url\":\"https:\\\/\\\/secure.gravatar.com\\\/avatar\\\/adfd4ed3ebb3a660cdb5a28e504bf6a93e6adea17b3ef50616be737e5706fa38?s=96&d=mm&r=g\",\"contentUrl\":\"https:\\\/\\\/secure.gravatar.com\\\/avatar\\\/adfd4ed3ebb3a660cdb5a28e504bf6a93e6adea17b3ef50616be737e5706fa38?s=96&d=mm&r=g\",\"caption\":\"M\u00aa Victoria P\u00e9rez P\u00e9rez\"},\"url\":\"https:\\\/\\\/diarieducacio.cat\\\/espiral\\\/author\\\/mvperez\\\/\"}]}<\/script>\n<!-- \/ Yoast SEO plugin. -->","yoast_head_json":{"title":"Per qu\u00e8 ensenyar literatura a Secund\u00e0ria? - Espiral, educaci\u00f3n y tecnolog\u00eda","robots":{"index":"index","follow":"follow","max-snippet":"max-snippet:-1","max-image-preview":"max-image-preview:large","max-video-preview":"max-video-preview:-1"},"canonical":"https:\/\/diarieducacio.cat\/espiral\/2024\/04\/19\/per-que-ensenyar-literatura-a-secundaria\/","og_locale":"ca_ES","og_type":"article","og_title":"Per qu\u00e8 ensenyar literatura a Secund\u00e0ria? - Espiral, educaci\u00f3n y tecnolog\u00eda","og_description":"A 3r d&#8217;ESO els alumnes han d&#8217;estudiar, entre moltes altres coses, la literatura medieval espanyola. L&#8217;opini\u00f3 generalment \u00e9s de rebuig: &#8220;S\u00f3n poemes o textos de fa 800 o 1000 anys, parlen en castell\u00e0 antic, s&#8217;han de memoritzar moltes caracter\u00edstiques que no entenem! \u00c9s un rotllo!&#8221;. Tot i que els professors ens esforcem per transmetre&#8217;ls el","og_url":"https:\/\/diarieducacio.cat\/espiral\/2024\/04\/19\/per-que-ensenyar-literatura-a-secundaria\/","og_site_name":"Espiral, educaci\u00f3n y tecnolog\u00eda","article_publisher":"https:\/\/www.facebook.com\/diarieducacio\/","article_published_time":"2024-04-19T04:00:11+00:00","article_modified_time":"2024-05-13T15:31:20+00:00","og_image":[{"width":938,"height":729,"url":"https:\/\/diarieducacio.cat\/espiral\/wp-content\/uploads\/sites\/30\/2024\/04\/Alumnos-preparandose-para-hacer-mindfulness-en-clase-de-Literatura.jpg","type":"image\/jpeg"}],"author":"M\u00aa Victoria P\u00e9rez P\u00e9rez","twitter_card":"summary_large_image","twitter_creator":"@DiariEducacio","twitter_site":"@DiariEducacio","twitter_misc":{"Escrit per":"M\u00aa Victoria P\u00e9rez P\u00e9rez","Temps estimat de lectura":"6 minuts"},"schema":{"@context":"https:\/\/schema.org","@graph":[{"@type":"Article","@id":"https:\/\/diarieducacio.cat\/espiral\/2024\/04\/19\/per-que-ensenyar-literatura-a-secundaria\/#article","isPartOf":{"@id":"https:\/\/diarieducacio.cat\/espiral\/2024\/04\/19\/per-que-ensenyar-literatura-a-secundaria\/"},"author":{"name":"M\u00aa Victoria P\u00e9rez P\u00e9rez","@id":"https:\/\/diarieducacio.cat\/espiral\/#\/schema\/person\/6173ce3d7dd0acde34539fb6fcd72d8f"},"headline":"Per qu\u00e8 ensenyar literatura a Secund\u00e0ria?","datePublished":"2024-04-19T04:00:11+00:00","dateModified":"2024-05-13T15:31:20+00:00","mainEntityOfPage":{"@id":"https:\/\/diarieducacio.cat\/espiral\/2024\/04\/19\/per-que-ensenyar-literatura-a-secundaria\/"},"wordCount":1158,"commentCount":0,"image":{"@id":"https:\/\/diarieducacio.cat\/espiral\/2024\/04\/19\/per-que-ensenyar-literatura-a-secundaria\/#primaryimage"},"thumbnailUrl":"https:\/\/diarieducacio.cat\/espiral\/wp-content\/uploads\/sites\/30\/2024\/04\/Alumnos-preparandose-para-hacer-mindfulness-en-clase-de-Literatura.jpg","keywords":["alumnes","literatura"],"articleSection":["General"],"inLanguage":"ca","potentialAction":[{"@type":"CommentAction","name":"Comment","target":["https:\/\/diarieducacio.cat\/espiral\/2024\/04\/19\/per-que-ensenyar-literatura-a-secundaria\/#respond"]}]},{"@type":"WebPage","@id":"https:\/\/diarieducacio.cat\/espiral\/2024\/04\/19\/per-que-ensenyar-literatura-a-secundaria\/","url":"https:\/\/diarieducacio.cat\/espiral\/2024\/04\/19\/per-que-ensenyar-literatura-a-secundaria\/","name":"Per qu\u00e8 ensenyar literatura a Secund\u00e0ria? - Espiral, educaci\u00f3n y tecnolog\u00eda","isPartOf":{"@id":"https:\/\/diarieducacio.cat\/espiral\/#website"},"primaryImageOfPage":{"@id":"https:\/\/diarieducacio.cat\/espiral\/2024\/04\/19\/per-que-ensenyar-literatura-a-secundaria\/#primaryimage"},"image":{"@id":"https:\/\/diarieducacio.cat\/espiral\/2024\/04\/19\/per-que-ensenyar-literatura-a-secundaria\/#primaryimage"},"thumbnailUrl":"https:\/\/diarieducacio.cat\/espiral\/wp-content\/uploads\/sites\/30\/2024\/04\/Alumnos-preparandose-para-hacer-mindfulness-en-clase-de-Literatura.jpg","datePublished":"2024-04-19T04:00:11+00:00","dateModified":"2024-05-13T15:31:20+00:00","author":{"@id":"https:\/\/diarieducacio.cat\/espiral\/#\/schema\/person\/6173ce3d7dd0acde34539fb6fcd72d8f"},"breadcrumb":{"@id":"https:\/\/diarieducacio.cat\/espiral\/2024\/04\/19\/per-que-ensenyar-literatura-a-secundaria\/#breadcrumb"},"inLanguage":"ca","potentialAction":[{"@type":"ReadAction","target":["https:\/\/diarieducacio.cat\/espiral\/2024\/04\/19\/per-que-ensenyar-literatura-a-secundaria\/"]}]},{"@type":"ImageObject","inLanguage":"ca","@id":"https:\/\/diarieducacio.cat\/espiral\/2024\/04\/19\/per-que-ensenyar-literatura-a-secundaria\/#primaryimage","url":"https:\/\/diarieducacio.cat\/espiral\/wp-content\/uploads\/sites\/30\/2024\/04\/Alumnos-preparandose-para-hacer-mindfulness-en-clase-de-Literatura.jpg","contentUrl":"https:\/\/diarieducacio.cat\/espiral\/wp-content\/uploads\/sites\/30\/2024\/04\/Alumnos-preparandose-para-hacer-mindfulness-en-clase-de-Literatura.jpg","width":938,"height":729,"caption":"Alumnes preparant-se per fer 'mindfulness' a clase de Literatura | M\u00aa Victoria P\u00e9rez P\u00e9rez"},{"@type":"BreadcrumbList","@id":"https:\/\/diarieducacio.cat\/espiral\/2024\/04\/19\/per-que-ensenyar-literatura-a-secundaria\/#breadcrumb","itemListElement":[{"@type":"ListItem","position":1,"name":"Inici","item":"https:\/\/diarieducacio.cat\/espiral\/"},{"@type":"ListItem","position":2,"name":"Per qu\u00e8 ensenyar literatura a Secund\u00e0ria?"}]},{"@type":"WebSite","@id":"https:\/\/diarieducacio.cat\/espiral\/#website","url":"https:\/\/diarieducacio.cat\/espiral\/","name":"Espiral, educaci\u00f3n y tecnolog\u00eda","description":"Un blog de El Diari de l&#039;Educaci\u00f3","potentialAction":[{"@type":"SearchAction","target":{"@type":"EntryPoint","urlTemplate":"https:\/\/diarieducacio.cat\/espiral\/?s={search_term_string}"},"query-input":{"@type":"PropertyValueSpecification","valueRequired":true,"valueName":"search_term_string"}}],"inLanguage":"ca"},{"@type":"Person","@id":"https:\/\/diarieducacio.cat\/espiral\/#\/schema\/person\/6173ce3d7dd0acde34539fb6fcd72d8f","name":"M\u00aa Victoria P\u00e9rez P\u00e9rez","image":{"@type":"ImageObject","inLanguage":"ca","@id":"https:\/\/secure.gravatar.com\/avatar\/adfd4ed3ebb3a660cdb5a28e504bf6a93e6adea17b3ef50616be737e5706fa38?s=96&d=mm&r=g","url":"https:\/\/secure.gravatar.com\/avatar\/adfd4ed3ebb3a660cdb5a28e504bf6a93e6adea17b3ef50616be737e5706fa38?s=96&d=mm&r=g","contentUrl":"https:\/\/secure.gravatar.com\/avatar\/adfd4ed3ebb3a660cdb5a28e504bf6a93e6adea17b3ef50616be737e5706fa38?s=96&d=mm&r=g","caption":"M\u00aa Victoria P\u00e9rez P\u00e9rez"},"url":"https:\/\/diarieducacio.cat\/espiral\/author\/mvperez\/"}]}},"_links":{"self":[{"href":"https:\/\/diarieducacio.cat\/espiral\/wp-json\/wp\/v2\/posts\/346","targetHints":{"allow":["GET"]}}],"collection":[{"href":"https:\/\/diarieducacio.cat\/espiral\/wp-json\/wp\/v2\/posts"}],"about":[{"href":"https:\/\/diarieducacio.cat\/espiral\/wp-json\/wp\/v2\/types\/post"}],"author":[{"embeddable":true,"href":"https:\/\/diarieducacio.cat\/espiral\/wp-json\/wp\/v2\/users\/1181"}],"replies":[{"embeddable":true,"href":"https:\/\/diarieducacio.cat\/espiral\/wp-json\/wp\/v2\/comments?post=346"}],"version-history":[{"count":1,"href":"https:\/\/diarieducacio.cat\/espiral\/wp-json\/wp\/v2\/posts\/346\/revisions"}],"predecessor-version":[{"id":1876,"href":"https:\/\/diarieducacio.cat\/espiral\/wp-json\/wp\/v2\/posts\/346\/revisions\/1876"}],"wp:featuredmedia":[{"embeddable":true,"href":"https:\/\/diarieducacio.cat\/espiral\/wp-json\/wp\/v2\/media\/347"}],"wp:attachment":[{"href":"https:\/\/diarieducacio.cat\/espiral\/wp-json\/wp\/v2\/media?parent=346"}],"wp:term":[{"taxonomy":"category","embeddable":true,"href":"https:\/\/diarieducacio.cat\/espiral\/wp-json\/wp\/v2\/categories?post=346"},{"taxonomy":"post_tag","embeddable":true,"href":"https:\/\/diarieducacio.cat\/espiral\/wp-json\/wp\/v2\/tags?post=346"},{"taxonomy":"tipo","embeddable":true,"href":"https:\/\/diarieducacio.cat\/espiral\/wp-json\/wp\/v2\/tipo?post=346"}],"curies":[{"name":"wp","href":"https:\/\/api.w.org\/{rel}","templated":true}]}}