{"id":1900,"date":"2021-10-15T01:00:04","date_gmt":"2021-10-14T23:00:04","guid":{"rendered":"https:\/\/diarieducacio.cat\/extra\/?p=1508"},"modified":"2024-08-08T23:17:31","modified_gmt":"2024-08-08T21:17:31","slug":"cap-alumne-que-es-va-preinscriure-a-lfp-al-periode-ordinari-es-queda-sense-placa","status":"publish","type":"post","link":"https:\/\/diarieducacio.cat\/extra\/2021\/10\/15\/cap-alumne-que-es-va-preinscriure-a-lfp-al-periode-ordinari-es-queda-sense-placa\/","title":{"rendered":"Cap alumne que es va preinscriure a l\u2019FP al per\u00edode ordinari es queda sense pla\u00e7a"},"content":{"rendered":"<p>Tots els alumnes que a la preinscripci\u00f3 ordin\u00e0ria del mes de maig van sol\u00b7licitar una pla\u00e7a d\u2019un cicle formatiu de grau mitj\u00e0, han pogut obtenir una pla\u00e7a en aquesta etapa educativa. Culmina d\u2019aquesta manera el proc\u00e9s extraordinari de preinscripci\u00f3 i matriculaci\u00f3 que es va posar en marxa per donar sortida a l\u2019alt increment de demanda d\u2019aquests ensenyaments. A hores d\u2019ara, m\u00e9s de 39.200 persones s\u2019han matriculat en cicles d\u2019FP de grau mitj\u00e0.nnD\u2019aquesta manera, tothom que es va preinscriure a un cicle formatiu de grau mitj\u00e0 en el per\u00edode ordinari podr\u00e0 accedir a estudiar aquests estudis. Cal tenir en compte que en formaci\u00f3 professional no \u00e9s possible garantir el 100% de les places sol\u00b7licitades en la primera opci\u00f3. Per exemple, si en un centre per un determinat tipus d\u2019estudis hi ha 37 sol\u00b7licituds i s\u2019han ofert 33 places, l\u2019Administraci\u00f3 no pot obrir un nou grup per nom\u00e9s 4 alumnes, sobretot perqu\u00e8 pot haver-hi places disponibles per als mateixos estudis en un altre centre proper. L\u2019increment de grups es fa tenint en compte que la demanda sigui suficient. L&#8217;oferta ha de tenir en compte tamb\u00e9 l&#8217;equilibri amb les necessitats del mercat laboral. L\u2019\u00e8xit de la inserci\u00f3 d\u2019aquests ensenyaments rau en aquesta adaptaci\u00f3 de les places al teixit productiu del territori.n<\/p>\n<blockquote><p>L\u2019oferta en FP respon a l\u2019equilibri entre la demanda de les persones i les necessitats reals del mercat laboral i dels territoris, clau per a la inserci\u00f3 laboral<\/p><\/blockquote>\n<p>nDe cara al curs 2022-2023, el Departament d&#8217;Educaci\u00f3 amplia el comprom\u00eds per tal que l\u2019alumnat que vulgui accedir en preinscripci\u00f3 a un grau mitj\u00e0 pugui obtenir una pla\u00e7a en algun dels cicles de la mateixa fam\u00edlia professional.nnEnguany les preinscripcions a l\u2019FP de grau mitj\u00e0 s\u2019han incrementat un 23% respecte a l\u2019any anterior.\u00a0 El primer proc\u00e9s de preinscripci\u00f3 va acabar amb 12.611 aspirants que no havien pogut entrar a estudiar la seva opci\u00f3 desitjada. Per aix\u00f2, el Departament va crear, de forma excepcional, una convocat\u00f2ria extraordin\u00e0ria amb 6.152 places noves provinents de la creaci\u00f3 de nous grups, de l\u2019ampliaci\u00f3 de les capacitats i de les vacants existents.nnDespr\u00e9s d\u2019aquest per\u00edode extraordinari han quedat 381 places de persones priorit\u00e0ries que provenen del per\u00edode ordinari sense accedir a estudiar all\u00f2 que havien demanat, xifra inferior a anys anteriors. Ara b\u00e9, amb el proc\u00e9s d\u2019atenci\u00f3 individualitzat que se\u2019ls est\u00e0 oferint des del Departament tots tindran l\u2019oportunitat d\u2019obtenir pla\u00e7a en un cicle formatiu de grau mitj\u00e0.nn<figure id=\"attachment_1517\" aria-describedby=\"caption-attachment-1517\" style=\"width: 2560px\" class=\"wp-caption aligncenter\"><img fetchpriority=\"high\" decoding=\"async\" class=\"wp-image-1517 size-full\" src=\"https:\/\/diarieducacio.cat\/extra\/wp-content\/uploads\/sites\/65\/2018\/10\/Foto-FP-5-scaled.jpg\" alt=\"\" width=\"2560\" height=\"1707\" \/><figcaption id=\"caption-attachment-1517\" class=\"wp-caption-text\">Actualment hi ha 3.270 vacants en diversos centres | Foto: Departament d&#8217;Educaci\u00f3<\/figcaption><\/figure>nn&nbsp;nnActualment, hi ha encara 3.270 vacants en diversos centres a les quals podran optar. D\u2019altra banda, Educaci\u00f3 ha concertat amb car\u00e0cter extraordinari 5 grups m\u00e9s del cicle formatiu de Cures d\u2019Auxiliar d\u2019Infermeries en centres concertats on podran accedir amb les mateixes condicions que als centres p\u00fablics. I tamb\u00e9 podran accedir a aquests ensenyaments m\u00e9s demanats a trav\u00e9s de <a href=\"https:\/\/ioc.xtec.cat\/educacio\/21-featured\/1051-matricula-extraordinaria-per-fp-de-grau-mitja-i-grau-superior-21-22\">l\u2019Institut Obert de Catalunya<\/a> de forma telem\u00e0tica, si no opten per places presencials en altres ensenyaments.nnA m\u00e9s a m\u00e9s, properament, en el marc de la col\u00b7laboraci\u00f3 del conveni signat pel Servei d\u2019Ocupaci\u00f3 de Catalunya del Departament d\u2019Empresa i Treball i el Departament d&#8217;Educaci\u00f3, els centres de Formaci\u00f3 Professional del Departament d\u2019Educaci\u00f3 posaran a disposici\u00f3 un nombre de certificats de professionalitat que poden donar resposta a unes 1.400 places formatives. \u00c9s un tipus de formaci\u00f3 d\u2019aproximadament 600 hores de durada que facilita una r\u00e0pida reincorporaci\u00f3 al m\u00f3n laboral.nnPel que fa al grau superior, de les 13.794 persones que havien participat en el proc\u00e9s ordinari de preinscripci\u00f3 i s\u2019havien quedat sense pla\u00e7a, 595 no tenen pla\u00e7a en all\u00f2 que havien demanat. Aquestes persones tamb\u00e9 se\u2019ls est\u00e0 contactant des del Departament d\u2019Educaci\u00f3 i estan rebent una atenci\u00f3 personalitzada per intentar reubicar-les en les 1.848 vacants existents avui en dia.n<\/p>\n<h3>Increment excepcional de la demanda<\/h3>\n<p>nL\u2019increment de demanda \u00e9s un fet excepcional que s\u2019ha produ\u00eft per diferents motius. Un d\u2019ells \u00e9s l\u2019augment de persones adultes que volen enriquir el seu itinerari formatiu i millorar la seva ocupabilitat. De les 48.843 sol\u00b7licituds que s\u2019han rebut per cursar un cicle formatiu de Grau Mitj\u00e0, \u00fanicament 24.659 provenien d\u2019estudiants que el passat curs estaven matriculats a 4t d\u2019ESO. Per tant, pr\u00e0cticament el 50% d\u2019aquestes sol\u00b7licituds van arribar de poblaci\u00f3 de m\u00e9s edat que no provenia de la continu\u00eftat del sistema i que han aprofitat per formar-se en el context de crisi econ\u00f2mica derivada de la Covid-19.n<\/p>\n<blockquote><p>Des del Departament d\u2019Educaci\u00f3 s\u2019est\u00e0 oferint als alumnes una atenci\u00f3 personalitzada per acabar-los d\u2019orientar cap a les vacants existents<\/p><\/blockquote>\n<p>nHi ha tamb\u00e9 d\u2019altres factors que expliquen aquest inter\u00e8s en els <a href=\"https:\/\/triaeducativa.gencat.cat\/ca\/fp\/\">ensenyaments<\/a>, com s\u00f3n la millora continuada de l\u2019oferta i la creaci\u00f3 de nous cicles formatius, la qualitat dels ensenyaments, l\u2019increment en els darrers anys de l\u2019FP Dual o l\u2019\u00e8xit de la inserci\u00f3 al mercat d\u2019aquests estudis.nnDe fet, la inserci\u00f3 laboral dels graduats en FP \u00e9s m\u00e9s alta que en altres ensenyaments: al grau superior l\u2019ocupabilitat \u00e9s del 64% i al grau mitj\u00e0 del 43%, segons dades del 2020.nn<\/p>\n<hr \/>\n<p>nn<\/p>\n<div style=\"background-color: #00cccc;line-height: 1.4\">n<\/p>\n<h2 style=\"text-align: center\"><strong>Canvis per al curs 2022-2023<\/strong><\/h2>\n<p>nDe cara al proper curs 2022-2023, s\u2019introduiran nous canvis en el proc\u00e9s de preinscripci\u00f3 i matr\u00edcula de l\u2019FP. Uns canvis adre\u00e7ats a oferir un millor servei a l\u2019alumnat i les seves fam\u00edlies:n<\/p>\n<ul>n \t<\/p>\n<li>Es posaran nous criteris d\u2019acc\u00e9s per garantir que tot l\u2019alumnat de 4t d\u2019ESO tingui una pla\u00e7a dins una de les 24 fam\u00edlies professionals de grau mitj\u00e0 que l\u2019aspirant hagi escollit.<\/li>\n<p>n \t<\/p>\n<li>S\u2019introduiran canvis al proc\u00e9s de preinscripci\u00f3 i matriculaci\u00f3 d\u2019aquests ensenyaments i s\u2019avan\u00e7ar\u00e0 el proc\u00e9s al mes de mar\u00e7.<\/li>\n<p>n \t<\/p>\n<li>Es far\u00e0 una oferta pactada amb l\u2019Ag\u00e8ncia de l\u2019FP, el Departament d\u2019Empresa i Treball i els agents socials per tal que aquesta sigui el m\u00e0xim d\u2019adaptada al mercat laboral i a les necessitats del territori.<\/li>\n<p>n \t<\/p>\n<li>Es millorar\u00e0 l\u2019orientaci\u00f3 des del primer curs de l\u2019ESO per tal d\u2019incrementar el coneixement de totes les sortides educatives entre l\u2019alumnat.<\/li>\n<p>n<\/ul>\n<p>n<\/p><\/div>\n","protected":false},"excerpt":{"rendered":"<p>Tots els alumnes que a la preinscripci\u00f3 ordin\u00e0ria del mes de maig van sol\u00b7licitar una pla\u00e7a d\u2019un cicle formatiu de grau mitj\u00e0, han pogut obtenir una pla\u00e7a en aquesta etapa educativa. Culmina d\u2019aquesta manera el proc\u00e9s extraordinari de preinscripci\u00f3 i matriculaci\u00f3 que es va posar en marxa per donar sortida a l\u2019alt increment de demanda<\/p>\n","protected":false},"author":294,"featured_media":0,"comment_status":"open","ping_status":"open","sticky":false,"template":"","format":"standard","meta":{"footnotes":""},"categories":[197],"tags":[169,209],"tipo":[192],"class_list":{"0":"post-1900","1":"post","2":"type-post","3":"status-publish","4":"format-standard","6":"category-postobligatoria","7":"tag-departament-deducacio","8":"tag-formacio-professional","9":"tipo-actualitat"},"yoast_head":"<!-- This site is optimized with the Yoast SEO plugin v27.4 - https:\/\/yoast.com\/product\/yoast-seo-wordpress\/ -->\n<title>Cap alumne que es va preinscriure a l\u2019FP al per\u00edode ordinari es queda sense pla\u00e7a - Extra Educaci\u00f3<\/title>\n<meta name=\"robots\" content=\"index, follow, max-snippet:-1, max-image-preview:large, max-video-preview:-1\" \/>\n<link rel=\"canonical\" href=\"https:\/\/diarieducacio.cat\/extra\/2021\/10\/15\/cap-alumne-que-es-va-preinscriure-a-lfp-al-periode-ordinari-es-queda-sense-placa\/\" \/>\n<meta property=\"og:locale\" content=\"ca_ES\" \/>\n<meta property=\"og:type\" content=\"article\" \/>\n<meta property=\"og:title\" content=\"Cap alumne que es va preinscriure a l\u2019FP al per\u00edode ordinari es queda sense pla\u00e7a - Extra Educaci\u00f3\" \/>\n<meta property=\"og:description\" content=\"Tots els alumnes que a la preinscripci\u00f3 ordin\u00e0ria del mes de maig van sol\u00b7licitar una pla\u00e7a d\u2019un cicle formatiu de grau mitj\u00e0, han pogut obtenir una pla\u00e7a en aquesta etapa educativa. Culmina d\u2019aquesta manera el proc\u00e9s extraordinari de preinscripci\u00f3 i matriculaci\u00f3 que es va posar en marxa per donar sortida a l\u2019alt increment de demanda\" \/>\n<meta property=\"og:url\" content=\"https:\/\/diarieducacio.cat\/extra\/2021\/10\/15\/cap-alumne-que-es-va-preinscriure-a-lfp-al-periode-ordinari-es-queda-sense-placa\/\" \/>\n<meta property=\"og:site_name\" content=\"Extra Educaci\u00f3\" \/>\n<meta property=\"article:publisher\" content=\"https:\/\/www.facebook.com\/diarieducacio\/\" \/>\n<meta property=\"article:published_time\" content=\"2021-10-14T23:00:04+00:00\" \/>\n<meta property=\"article:modified_time\" content=\"2024-08-08T21:17:31+00:00\" \/>\n<meta name=\"author\" content=\"Redacci\u00f3\" \/>\n<meta name=\"twitter:card\" content=\"summary_large_image\" \/>\n<meta name=\"twitter:creator\" content=\"@DiariEducacio\" \/>\n<meta name=\"twitter:site\" content=\"@DiariEducacio\" \/>\n<meta name=\"twitter:label1\" content=\"Escrit per\" \/>\n\t<meta name=\"twitter:data1\" content=\"Redacci\u00f3\" \/>\n\t<meta name=\"twitter:label2\" content=\"Temps estimat de lectura\" \/>\n\t<meta name=\"twitter:data2\" content=\"5 minuts\" \/>\n<script type=\"application\/ld+json\" class=\"yoast-schema-graph\">{\"@context\":\"https:\\\/\\\/schema.org\",\"@graph\":[{\"@type\":\"Article\",\"@id\":\"https:\\\/\\\/diarieducacio.cat\\\/extra\\\/2021\\\/10\\\/15\\\/cap-alumne-que-es-va-preinscriure-a-lfp-al-periode-ordinari-es-queda-sense-placa\\\/#article\",\"isPartOf\":{\"@id\":\"https:\\\/\\\/diarieducacio.cat\\\/extra\\\/2021\\\/10\\\/15\\\/cap-alumne-que-es-va-preinscriure-a-lfp-al-periode-ordinari-es-queda-sense-placa\\\/\"},\"author\":{\"name\":\"Redacci\u00f3\",\"@id\":\"https:\\\/\\\/diarieducacio.cat\\\/extra\\\/#\\\/schema\\\/person\\\/5488ba959c06dafddb317678c072f7d2\"},\"headline\":\"Cap alumne que es va preinscriure a l\u2019FP al per\u00edode ordinari es queda sense pla\u00e7a\",\"datePublished\":\"2021-10-14T23:00:04+00:00\",\"dateModified\":\"2024-08-08T21:17:31+00:00\",\"mainEntityOfPage\":{\"@id\":\"https:\\\/\\\/diarieducacio.cat\\\/extra\\\/2021\\\/10\\\/15\\\/cap-alumne-que-es-va-preinscriure-a-lfp-al-periode-ordinari-es-queda-sense-placa\\\/\"},\"wordCount\":1102,\"commentCount\":0,\"image\":{\"@id\":\"https:\\\/\\\/diarieducacio.cat\\\/extra\\\/2021\\\/10\\\/15\\\/cap-alumne-que-es-va-preinscriure-a-lfp-al-periode-ordinari-es-queda-sense-placa\\\/#primaryimage\"},\"thumbnailUrl\":\"https:\\\/\\\/diarieducacio.cat\\\/extra\\\/wp-content\\\/uploads\\\/sites\\\/65\\\/2018\\\/10\\\/Foto-FP-5-scaled.jpg\",\"keywords\":[\"Departament d'Educaci\u00f3\",\"formaci\u00f3 professional\"],\"articleSection\":[\"Postobligat\u00f2ria\"],\"inLanguage\":\"ca\",\"potentialAction\":[{\"@type\":\"CommentAction\",\"name\":\"Comment\",\"target\":[\"https:\\\/\\\/diarieducacio.cat\\\/extra\\\/2021\\\/10\\\/15\\\/cap-alumne-que-es-va-preinscriure-a-lfp-al-periode-ordinari-es-queda-sense-placa\\\/#respond\"]}]},{\"@type\":\"WebPage\",\"@id\":\"https:\\\/\\\/diarieducacio.cat\\\/extra\\\/2021\\\/10\\\/15\\\/cap-alumne-que-es-va-preinscriure-a-lfp-al-periode-ordinari-es-queda-sense-placa\\\/\",\"url\":\"https:\\\/\\\/diarieducacio.cat\\\/extra\\\/2021\\\/10\\\/15\\\/cap-alumne-que-es-va-preinscriure-a-lfp-al-periode-ordinari-es-queda-sense-placa\\\/\",\"name\":\"Cap alumne que es va preinscriure a l\u2019FP al per\u00edode ordinari es queda sense pla\u00e7a - Extra Educaci\u00f3\",\"isPartOf\":{\"@id\":\"https:\\\/\\\/diarieducacio.cat\\\/extra\\\/#website\"},\"primaryImageOfPage\":{\"@id\":\"https:\\\/\\\/diarieducacio.cat\\\/extra\\\/2021\\\/10\\\/15\\\/cap-alumne-que-es-va-preinscriure-a-lfp-al-periode-ordinari-es-queda-sense-placa\\\/#primaryimage\"},\"image\":{\"@id\":\"https:\\\/\\\/diarieducacio.cat\\\/extra\\\/2021\\\/10\\\/15\\\/cap-alumne-que-es-va-preinscriure-a-lfp-al-periode-ordinari-es-queda-sense-placa\\\/#primaryimage\"},\"thumbnailUrl\":\"https:\\\/\\\/diarieducacio.cat\\\/extra\\\/wp-content\\\/uploads\\\/sites\\\/65\\\/2018\\\/10\\\/Foto-FP-5-scaled.jpg\",\"datePublished\":\"2021-10-14T23:00:04+00:00\",\"dateModified\":\"2024-08-08T21:17:31+00:00\",\"author\":{\"@id\":\"https:\\\/\\\/diarieducacio.cat\\\/extra\\\/#\\\/schema\\\/person\\\/5488ba959c06dafddb317678c072f7d2\"},\"breadcrumb\":{\"@id\":\"https:\\\/\\\/diarieducacio.cat\\\/extra\\\/2021\\\/10\\\/15\\\/cap-alumne-que-es-va-preinscriure-a-lfp-al-periode-ordinari-es-queda-sense-placa\\\/#breadcrumb\"},\"inLanguage\":\"ca\",\"potentialAction\":[{\"@type\":\"ReadAction\",\"target\":[\"https:\\\/\\\/diarieducacio.cat\\\/extra\\\/2021\\\/10\\\/15\\\/cap-alumne-que-es-va-preinscriure-a-lfp-al-periode-ordinari-es-queda-sense-placa\\\/\"]}]},{\"@type\":\"ImageObject\",\"inLanguage\":\"ca\",\"@id\":\"https:\\\/\\\/diarieducacio.cat\\\/extra\\\/2021\\\/10\\\/15\\\/cap-alumne-que-es-va-preinscriure-a-lfp-al-periode-ordinari-es-queda-sense-placa\\\/#primaryimage\",\"url\":\"\",\"contentUrl\":\"\"},{\"@type\":\"BreadcrumbList\",\"@id\":\"https:\\\/\\\/diarieducacio.cat\\\/extra\\\/2021\\\/10\\\/15\\\/cap-alumne-que-es-va-preinscriure-a-lfp-al-periode-ordinari-es-queda-sense-placa\\\/#breadcrumb\",\"itemListElement\":[{\"@type\":\"ListItem\",\"position\":1,\"name\":\"Inici\",\"item\":\"https:\\\/\\\/diarieducacio.cat\\\/extra\\\/\"},{\"@type\":\"ListItem\",\"position\":2,\"name\":\"Cap alumne que es va preinscriure a l\u2019FP al per\u00edode ordinari es queda sense pla\u00e7a\"}]},{\"@type\":\"WebSite\",\"@id\":\"https:\\\/\\\/diarieducacio.cat\\\/extra\\\/#website\",\"url\":\"https:\\\/\\\/diarieducacio.cat\\\/extra\\\/\",\"name\":\"Extra Educaci\u00f3\",\"description\":\"Un blog de El Diari de l&#039;Educaci\u00f3\",\"potentialAction\":[{\"@type\":\"SearchAction\",\"target\":{\"@type\":\"EntryPoint\",\"urlTemplate\":\"https:\\\/\\\/diarieducacio.cat\\\/extra\\\/?s={search_term_string}\"},\"query-input\":{\"@type\":\"PropertyValueSpecification\",\"valueRequired\":true,\"valueName\":\"search_term_string\"}}],\"inLanguage\":\"ca\"},{\"@type\":\"Person\",\"@id\":\"https:\\\/\\\/diarieducacio.cat\\\/extra\\\/#\\\/schema\\\/person\\\/5488ba959c06dafddb317678c072f7d2\",\"name\":\"Redacci\u00f3\",\"image\":{\"@type\":\"ImageObject\",\"inLanguage\":\"ca\",\"@id\":\"https:\\\/\\\/secure.gravatar.com\\\/avatar\\\/36b095f7952641810b82b91019e5d348e8ffbefb0cbe60c4487cf043833aebe3?s=96&d=mm&r=g\",\"url\":\"https:\\\/\\\/secure.gravatar.com\\\/avatar\\\/36b095f7952641810b82b91019e5d348e8ffbefb0cbe60c4487cf043833aebe3?s=96&d=mm&r=g\",\"contentUrl\":\"https:\\\/\\\/secure.gravatar.com\\\/avatar\\\/36b095f7952641810b82b91019e5d348e8ffbefb0cbe60c4487cf043833aebe3?s=96&d=mm&r=g\",\"caption\":\"Redacci\u00f3\"},\"url\":\"https:\\\/\\\/diarieducacio.cat\\\/extra\\\/author\\\/redaccioextra\\\/\"}]}<\/script>\n<!-- \/ Yoast SEO plugin. -->","yoast_head_json":{"title":"Cap alumne que es va preinscriure a l\u2019FP al per\u00edode ordinari es queda sense pla\u00e7a - Extra Educaci\u00f3","robots":{"index":"index","follow":"follow","max-snippet":"max-snippet:-1","max-image-preview":"max-image-preview:large","max-video-preview":"max-video-preview:-1"},"canonical":"https:\/\/diarieducacio.cat\/extra\/2021\/10\/15\/cap-alumne-que-es-va-preinscriure-a-lfp-al-periode-ordinari-es-queda-sense-placa\/","og_locale":"ca_ES","og_type":"article","og_title":"Cap alumne que es va preinscriure a l\u2019FP al per\u00edode ordinari es queda sense pla\u00e7a - Extra Educaci\u00f3","og_description":"Tots els alumnes que a la preinscripci\u00f3 ordin\u00e0ria del mes de maig van sol\u00b7licitar una pla\u00e7a d\u2019un cicle formatiu de grau mitj\u00e0, han pogut obtenir una pla\u00e7a en aquesta etapa educativa. Culmina d\u2019aquesta manera el proc\u00e9s extraordinari de preinscripci\u00f3 i matriculaci\u00f3 que es va posar en marxa per donar sortida a l\u2019alt increment de demanda","og_url":"https:\/\/diarieducacio.cat\/extra\/2021\/10\/15\/cap-alumne-que-es-va-preinscriure-a-lfp-al-periode-ordinari-es-queda-sense-placa\/","og_site_name":"Extra Educaci\u00f3","article_publisher":"https:\/\/www.facebook.com\/diarieducacio\/","article_published_time":"2021-10-14T23:00:04+00:00","article_modified_time":"2024-08-08T21:17:31+00:00","author":"Redacci\u00f3","twitter_card":"summary_large_image","twitter_creator":"@DiariEducacio","twitter_site":"@DiariEducacio","twitter_misc":{"Escrit per":"Redacci\u00f3","Temps estimat de lectura":"5 minuts"},"schema":{"@context":"https:\/\/schema.org","@graph":[{"@type":"Article","@id":"https:\/\/diarieducacio.cat\/extra\/2021\/10\/15\/cap-alumne-que-es-va-preinscriure-a-lfp-al-periode-ordinari-es-queda-sense-placa\/#article","isPartOf":{"@id":"https:\/\/diarieducacio.cat\/extra\/2021\/10\/15\/cap-alumne-que-es-va-preinscriure-a-lfp-al-periode-ordinari-es-queda-sense-placa\/"},"author":{"name":"Redacci\u00f3","@id":"https:\/\/diarieducacio.cat\/extra\/#\/schema\/person\/5488ba959c06dafddb317678c072f7d2"},"headline":"Cap alumne que es va preinscriure a l\u2019FP al per\u00edode ordinari es queda sense pla\u00e7a","datePublished":"2021-10-14T23:00:04+00:00","dateModified":"2024-08-08T21:17:31+00:00","mainEntityOfPage":{"@id":"https:\/\/diarieducacio.cat\/extra\/2021\/10\/15\/cap-alumne-que-es-va-preinscriure-a-lfp-al-periode-ordinari-es-queda-sense-placa\/"},"wordCount":1102,"commentCount":0,"image":{"@id":"https:\/\/diarieducacio.cat\/extra\/2021\/10\/15\/cap-alumne-que-es-va-preinscriure-a-lfp-al-periode-ordinari-es-queda-sense-placa\/#primaryimage"},"thumbnailUrl":"https:\/\/diarieducacio.cat\/extra\/wp-content\/uploads\/sites\/65\/2018\/10\/Foto-FP-5-scaled.jpg","keywords":["Departament d'Educaci\u00f3","formaci\u00f3 professional"],"articleSection":["Postobligat\u00f2ria"],"inLanguage":"ca","potentialAction":[{"@type":"CommentAction","name":"Comment","target":["https:\/\/diarieducacio.cat\/extra\/2021\/10\/15\/cap-alumne-que-es-va-preinscriure-a-lfp-al-periode-ordinari-es-queda-sense-placa\/#respond"]}]},{"@type":"WebPage","@id":"https:\/\/diarieducacio.cat\/extra\/2021\/10\/15\/cap-alumne-que-es-va-preinscriure-a-lfp-al-periode-ordinari-es-queda-sense-placa\/","url":"https:\/\/diarieducacio.cat\/extra\/2021\/10\/15\/cap-alumne-que-es-va-preinscriure-a-lfp-al-periode-ordinari-es-queda-sense-placa\/","name":"Cap alumne que es va preinscriure a l\u2019FP al per\u00edode ordinari es queda sense pla\u00e7a - Extra Educaci\u00f3","isPartOf":{"@id":"https:\/\/diarieducacio.cat\/extra\/#website"},"primaryImageOfPage":{"@id":"https:\/\/diarieducacio.cat\/extra\/2021\/10\/15\/cap-alumne-que-es-va-preinscriure-a-lfp-al-periode-ordinari-es-queda-sense-placa\/#primaryimage"},"image":{"@id":"https:\/\/diarieducacio.cat\/extra\/2021\/10\/15\/cap-alumne-que-es-va-preinscriure-a-lfp-al-periode-ordinari-es-queda-sense-placa\/#primaryimage"},"thumbnailUrl":"https:\/\/diarieducacio.cat\/extra\/wp-content\/uploads\/sites\/65\/2018\/10\/Foto-FP-5-scaled.jpg","datePublished":"2021-10-14T23:00:04+00:00","dateModified":"2024-08-08T21:17:31+00:00","author":{"@id":"https:\/\/diarieducacio.cat\/extra\/#\/schema\/person\/5488ba959c06dafddb317678c072f7d2"},"breadcrumb":{"@id":"https:\/\/diarieducacio.cat\/extra\/2021\/10\/15\/cap-alumne-que-es-va-preinscriure-a-lfp-al-periode-ordinari-es-queda-sense-placa\/#breadcrumb"},"inLanguage":"ca","potentialAction":[{"@type":"ReadAction","target":["https:\/\/diarieducacio.cat\/extra\/2021\/10\/15\/cap-alumne-que-es-va-preinscriure-a-lfp-al-periode-ordinari-es-queda-sense-placa\/"]}]},{"@type":"ImageObject","inLanguage":"ca","@id":"https:\/\/diarieducacio.cat\/extra\/2021\/10\/15\/cap-alumne-que-es-va-preinscriure-a-lfp-al-periode-ordinari-es-queda-sense-placa\/#primaryimage","url":"","contentUrl":""},{"@type":"BreadcrumbList","@id":"https:\/\/diarieducacio.cat\/extra\/2021\/10\/15\/cap-alumne-que-es-va-preinscriure-a-lfp-al-periode-ordinari-es-queda-sense-placa\/#breadcrumb","itemListElement":[{"@type":"ListItem","position":1,"name":"Inici","item":"https:\/\/diarieducacio.cat\/extra\/"},{"@type":"ListItem","position":2,"name":"Cap alumne que es va preinscriure a l\u2019FP al per\u00edode ordinari es queda sense pla\u00e7a"}]},{"@type":"WebSite","@id":"https:\/\/diarieducacio.cat\/extra\/#website","url":"https:\/\/diarieducacio.cat\/extra\/","name":"Extra Educaci\u00f3","description":"Un blog de El Diari de l&#039;Educaci\u00f3","potentialAction":[{"@type":"SearchAction","target":{"@type":"EntryPoint","urlTemplate":"https:\/\/diarieducacio.cat\/extra\/?s={search_term_string}"},"query-input":{"@type":"PropertyValueSpecification","valueRequired":true,"valueName":"search_term_string"}}],"inLanguage":"ca"},{"@type":"Person","@id":"https:\/\/diarieducacio.cat\/extra\/#\/schema\/person\/5488ba959c06dafddb317678c072f7d2","name":"Redacci\u00f3","image":{"@type":"ImageObject","inLanguage":"ca","@id":"https:\/\/secure.gravatar.com\/avatar\/36b095f7952641810b82b91019e5d348e8ffbefb0cbe60c4487cf043833aebe3?s=96&d=mm&r=g","url":"https:\/\/secure.gravatar.com\/avatar\/36b095f7952641810b82b91019e5d348e8ffbefb0cbe60c4487cf043833aebe3?s=96&d=mm&r=g","contentUrl":"https:\/\/secure.gravatar.com\/avatar\/36b095f7952641810b82b91019e5d348e8ffbefb0cbe60c4487cf043833aebe3?s=96&d=mm&r=g","caption":"Redacci\u00f3"},"url":"https:\/\/diarieducacio.cat\/extra\/author\/redaccioextra\/"}]}},"_links":{"self":[{"href":"https:\/\/diarieducacio.cat\/extra\/wp-json\/wp\/v2\/posts\/1900","targetHints":{"allow":["GET"]}}],"collection":[{"href":"https:\/\/diarieducacio.cat\/extra\/wp-json\/wp\/v2\/posts"}],"about":[{"href":"https:\/\/diarieducacio.cat\/extra\/wp-json\/wp\/v2\/types\/post"}],"author":[{"embeddable":true,"href":"https:\/\/diarieducacio.cat\/extra\/wp-json\/wp\/v2\/users\/294"}],"replies":[{"embeddable":true,"href":"https:\/\/diarieducacio.cat\/extra\/wp-json\/wp\/v2\/comments?post=1900"}],"version-history":[{"count":1,"href":"https:\/\/diarieducacio.cat\/extra\/wp-json\/wp\/v2\/posts\/1900\/revisions"}],"predecessor-version":[{"id":2679,"href":"https:\/\/diarieducacio.cat\/extra\/wp-json\/wp\/v2\/posts\/1900\/revisions\/2679"}],"wp:attachment":[{"href":"https:\/\/diarieducacio.cat\/extra\/wp-json\/wp\/v2\/media?parent=1900"}],"wp:term":[{"taxonomy":"category","embeddable":true,"href":"https:\/\/diarieducacio.cat\/extra\/wp-json\/wp\/v2\/categories?post=1900"},{"taxonomy":"post_tag","embeddable":true,"href":"https:\/\/diarieducacio.cat\/extra\/wp-json\/wp\/v2\/tags?post=1900"},{"taxonomy":"tipo","embeddable":true,"href":"https:\/\/diarieducacio.cat\/extra\/wp-json\/wp\/v2\/tipo?post=1900"}],"curies":[{"name":"wp","href":"https:\/\/api.w.org\/{rel}","templated":true}]}}