{"id":2238,"date":"2022-10-27T05:00:17","date_gmt":"2022-10-27T04:00:17","guid":{"rendered":"https:\/\/diarieducacio.cat\/extra\/?p=1910"},"modified":"2024-08-08T22:50:41","modified_gmt":"2024-08-08T20:50:41","slug":"tagradaria-incorporar-la-robotica-al-teu-centre-educatiu-universal-robots-texplica-com-en-un-webinar","status":"publish","type":"post","link":"https:\/\/diarieducacio.cat\/extra\/2022\/10\/27\/tagradaria-incorporar-la-robotica-al-teu-centre-educatiu-universal-robots-texplica-com-en-un-webinar\/","title":{"rendered":"T\u2019agradaria incorporar la rob\u00f2tica al teu centre educatiu? Universal Robots t\u2019explica com en un webinar"},"content":{"rendered":"<p>En la mesura que la rob\u00f2tica s&#8217;est\u00e9n cap a empreses de tots els sectors i mides, <strong>especialitzar-se en l&#8217;\u00fas i la programaci\u00f3 de robots<\/strong> s&#8217;ha erigit en una opci\u00f3 amb una alta ocupabilitat. Conrear i potenciar el talent en rob\u00f2tica \u00e9s una demanda de les f\u00e0briques, per\u00f2 tamb\u00e9 dels alumnes que volen fer carrera en l&#8217;\u00e0mbit de la Ind\u00fastria 4.0. En l&#8217;Any Europeu de les Capacitats establert per la Comissi\u00f3 Europea per al 2023, la formaci\u00f3 de perfils professionals t\u00e8cnics ser\u00e0 priorit\u00e0ria.<\/p>\n<p>\u00c9s en aquest context que la <strong>formaci\u00f3 en rob\u00f2tica<\/strong> est\u00e0 fent passos importants en els \u00faltims temps per proporcionar una formaci\u00f3 de qualitat. I oferir als estudiants un contacte directe amb aplicacions rob\u00f2tiques reals, ja des de l&#8217;aula, \u00e9s una de les prestacions dels centres educatius que m\u00e9s poden marcar la difer\u00e8ncia.<\/p>\n<p>Per ajudar els centres educatius, universitats i centres de recerca a incorporar la rob\u00f2tica col\u00b7laborativa a les seves aules, Universal Robots organitza el webinar gratu\u00eft <a href=\"https:\/\/events.universal-robots.com\/semea\/es\/eventos-online\/robotica-para-centros-educativos\/?utm_source=diarioeducacion&amp;utm_medium=Referral&amp;utm_cja=Seminar&amp;utm_leadsource=Referral&amp;utm_campaign=SEMEAUK_ES_EducationWebinar2022&amp;utm_content=noticia-diarioeducacion\"><strong>\u201cRob\u00f3tica para centros educativos: tus alumnos son la industria del futuro\u201d<\/strong><\/a>. La sessi\u00f3 tindr\u00e0 lloc el pr\u00f2xim 3 de novembre a les 11h, i encara mant\u00e9 les inscripcions obertes.<\/p>\n<p>El webinar pret\u00e9n mostrar a professors, investigadors i responsables de centres educatius les capacitats que t\u00e9 la rob\u00f2tica col\u00b7laborativa per donar valor afegit a les formacions en automatitzaci\u00f3, rob\u00f2tica, mecatr\u00f2nica i Ind\u00fastria 4.0.<\/p>\n<p>Per impulsar projectes d&#8217;innovaci\u00f3 als centres educatius, Universal Robots presentar\u00e0 al webinar el seu <a href=\"https:\/\/www.universal-robots.com\/es\/programa-kit-para-formacion-y-educacion-en-robots-colaborativos\/\"><strong>Kit d\u2019Educaci\u00f3<\/strong><\/a>. Aquest inclou des d&#8217;un robot col\u00b7laboratiu real fins a simuladors, interf\u00edcies de comunicaci\u00f3 industrial i material per a projectes Do It Yourself. A m\u00e9s, ofereix formaci\u00f3 a professors i l&#8217;acc\u00e9s a la Comunitat Educativa UR.<\/p>\n<p>El webinar <em>Rob\u00f3tica para centros educativos<\/em> comptar\u00e0 entre els seus ponents amb dos docents que ja han pogut formar els seus alumnes amb rob\u00f2tica real: Pere Ponsa, del departament d&#8217;Enginyeria de Sistemes, Autom\u00e0tica i Inform\u00e0tica Industrial de la <strong>Universitat Polit\u00e8cnica de Catalunya<\/strong>, i Julio Mi\u00f1ambres, cap de departament de la fam\u00edlia industrial IMA a l&#8217;<strong>IES Universitat Laboral de Zamora<\/strong>. Els acompanyar\u00e0 Carlos P\u00e9rez, responsable d&#8217;Educaci\u00f3 i Recerca a <strong>Universal Robots<\/strong>.<\/p>\n<p>\u201cEl kit educatiu d\u2019UR no t\u00e9 nom\u00e9s l&#8217;objectiu de traslladar el coneixement a les aules, sin\u00f3 que tamb\u00e9 pret\u00e9n despertar vocacions en la rob\u00f2tica col\u00b7laborativa perqu\u00e8 cada vegada siguin m\u00e9s els alumnes que apostin pels <strong>estudis STEM<\/strong>\u201d, assenyala Carlos P\u00e9rez des d\u2019Universal Robots.<\/p>\n<p>Al webinar, Universal Robots mostrar\u00e0 als assistents com formar part de la seva comunitat de professors i investigadors. Tamb\u00e9 informar\u00e0 de les ajudes que estan a disposici\u00f3 dels centres educatius per iniciar un <strong>projecte d&#8217;innovaci\u00f3 amb robots<\/strong> i posicionar-se com un centre de refer\u00e8ncia en l&#8217;ensenyament de la rob\u00f2tica.<\/p>\n<p><strong>Pots inscriure&#8217;t al webinar gratu\u00eft<\/strong> <em>Rob\u00f3tica para centros educativos: tus alumnos son la industria del futuro<\/em> <strong><a href=\"https:\/\/events.universal-robots.com\/semea\/es\/eventos-online\/robotica-para-centros-educativos\/?utm_source=diarioeducacion&amp;utm_medium=Referral&amp;utm_cja=Seminar&amp;utm_leadsource=Referral&amp;utm_campaign=SEMEAUK_ES_EducationWebinar2022&amp;utm_content=noticia-diarioeducacion\">a trav\u00e9s d&#8217;aquest enlla\u00e7<\/a>.<\/strong><\/p>\n<p><a href=\"https:\/\/events.universal-robots.com\/semea\/es\/eventos-online\/robotica-para-centros-educativos\/?utm_source=diarioeducacion&amp;utm_medium=Referral&amp;utm_cja=Seminar&amp;utm_leadsource=Referral&amp;utm_campaign=SEMEAUK_ES_EducationWebinar2022&amp;utm_content=noticia-diarioeducacion\" target=\"_blank\" rel=\"noopener\"><img fetchpriority=\"high\" decoding=\"async\" class=\"aligncenter wp-image-1911 size-full\" src=\"https:\/\/diarieducacio.cat\/extra\/wp-content\/uploads\/sites\/65\/2022\/10\/UR-SE-SPAIN-RTB-Banner-02-Webinar-Education_W825xH400.jpg\" alt=\"\" width=\"785\" height=\"400\" \/><\/a><\/p>\n","protected":false},"excerpt":{"rendered":"<p>En la mesura que la rob\u00f2tica s&#8217;est\u00e9n cap a empreses de tots els sectors i mides, especialitzar-se en l&#8217;\u00fas i la programaci\u00f3 de robots s&#8217;ha erigit en una opci\u00f3 amb una alta ocupabilitat. Conrear i potenciar el talent en rob\u00f2tica \u00e9s una demanda de les f\u00e0briques, per\u00f2 tamb\u00e9 dels alumnes que volen fer carrera en<\/p>\n","protected":false},"author":294,"featured_media":1914,"comment_status":"open","ping_status":"closed","sticky":false,"template":"","format":"standard","meta":{"footnotes":""},"categories":[136,121],"tags":[],"tipo":[],"class_list":{"0":"post-2238","1":"post","2":"type-post","3":"status-publish","4":"format-standard","5":"has-post-thumbnail","7":"category-formacio-2","8":"category-recursos"},"yoast_head":"<!-- This site is optimized with the Yoast SEO plugin v27.5 - https:\/\/yoast.com\/product\/yoast-seo-wordpress\/ -->\n<title>T\u2019agradaria incorporar la rob\u00f2tica al teu centre educatiu? Universal Robots t\u2019explica com en un webinar - Extra Educaci\u00f3<\/title>\n<meta name=\"robots\" content=\"index, follow, max-snippet:-1, max-image-preview:large, max-video-preview:-1\" \/>\n<link rel=\"canonical\" href=\"https:\/\/diarieducacio.cat\/extra\/2022\/10\/27\/tagradaria-incorporar-la-robotica-al-teu-centre-educatiu-universal-robots-texplica-com-en-un-webinar\/\" \/>\n<meta property=\"og:locale\" content=\"ca_ES\" \/>\n<meta property=\"og:type\" content=\"article\" \/>\n<meta property=\"og:title\" content=\"T\u2019agradaria incorporar la rob\u00f2tica al teu centre educatiu? Universal Robots t\u2019explica com en un webinar - Extra Educaci\u00f3\" \/>\n<meta property=\"og:description\" content=\"En la mesura que la rob\u00f2tica s&#8217;est\u00e9n cap a empreses de tots els sectors i mides, especialitzar-se en l&#8217;\u00fas i la programaci\u00f3 de robots s&#8217;ha erigit en una opci\u00f3 amb una alta ocupabilitat. Conrear i potenciar el talent en rob\u00f2tica \u00e9s una demanda de les f\u00e0briques, per\u00f2 tamb\u00e9 dels alumnes que volen fer carrera en\" \/>\n<meta property=\"og:url\" content=\"https:\/\/diarieducacio.cat\/extra\/2022\/10\/27\/tagradaria-incorporar-la-robotica-al-teu-centre-educatiu-universal-robots-texplica-com-en-un-webinar\/\" \/>\n<meta property=\"og:site_name\" content=\"Extra Educaci\u00f3\" \/>\n<meta property=\"article:publisher\" content=\"https:\/\/www.facebook.com\/diarieducacio\/\" \/>\n<meta property=\"article:published_time\" content=\"2022-10-27T04:00:17+00:00\" \/>\n<meta property=\"article:modified_time\" content=\"2024-08-08T20:50:41+00:00\" \/>\n<meta name=\"author\" content=\"Redacci\u00f3\" \/>\n<meta name=\"twitter:card\" content=\"summary_large_image\" \/>\n<meta name=\"twitter:creator\" content=\"@DiariEducacio\" \/>\n<meta name=\"twitter:site\" content=\"@DiariEducacio\" \/>\n<meta name=\"twitter:label1\" content=\"Escrit per\" \/>\n\t<meta name=\"twitter:data1\" content=\"Redacci\u00f3\" \/>\n\t<meta name=\"twitter:label2\" content=\"Temps estimat de lectura\" \/>\n\t<meta name=\"twitter:data2\" content=\"3 minuts\" \/>\n<script type=\"application\/ld+json\" class=\"yoast-schema-graph\">{\"@context\":\"https:\\\/\\\/schema.org\",\"@graph\":[{\"@type\":\"Article\",\"@id\":\"https:\\\/\\\/diarieducacio.cat\\\/extra\\\/2022\\\/10\\\/27\\\/tagradaria-incorporar-la-robotica-al-teu-centre-educatiu-universal-robots-texplica-com-en-un-webinar\\\/#article\",\"isPartOf\":{\"@id\":\"https:\\\/\\\/diarieducacio.cat\\\/extra\\\/2022\\\/10\\\/27\\\/tagradaria-incorporar-la-robotica-al-teu-centre-educatiu-universal-robots-texplica-com-en-un-webinar\\\/\"},\"author\":{\"name\":\"Redacci\u00f3\",\"@id\":\"https:\\\/\\\/diarieducacio.cat\\\/extra\\\/#\\\/schema\\\/person\\\/5488ba959c06dafddb317678c072f7d2\"},\"headline\":\"T\u2019agradaria incorporar la rob\u00f2tica al teu centre educatiu? Universal Robots t\u2019explica com en un webinar\",\"datePublished\":\"2022-10-27T04:00:17+00:00\",\"dateModified\":\"2024-08-08T20:50:41+00:00\",\"mainEntityOfPage\":{\"@id\":\"https:\\\/\\\/diarieducacio.cat\\\/extra\\\/2022\\\/10\\\/27\\\/tagradaria-incorporar-la-robotica-al-teu-centre-educatiu-universal-robots-texplica-com-en-un-webinar\\\/\"},\"wordCount\":533,\"commentCount\":0,\"image\":{\"@id\":\"https:\\\/\\\/diarieducacio.cat\\\/extra\\\/2022\\\/10\\\/27\\\/tagradaria-incorporar-la-robotica-al-teu-centre-educatiu-universal-robots-texplica-com-en-un-webinar\\\/#primaryimage\"},\"thumbnailUrl\":\"\",\"articleSection\":[\"Formaci\u00f3\",\"Recursos\"],\"inLanguage\":\"ca\",\"potentialAction\":[{\"@type\":\"CommentAction\",\"name\":\"Comment\",\"target\":[\"https:\\\/\\\/diarieducacio.cat\\\/extra\\\/2022\\\/10\\\/27\\\/tagradaria-incorporar-la-robotica-al-teu-centre-educatiu-universal-robots-texplica-com-en-un-webinar\\\/#respond\"]}]},{\"@type\":\"WebPage\",\"@id\":\"https:\\\/\\\/diarieducacio.cat\\\/extra\\\/2022\\\/10\\\/27\\\/tagradaria-incorporar-la-robotica-al-teu-centre-educatiu-universal-robots-texplica-com-en-un-webinar\\\/\",\"url\":\"https:\\\/\\\/diarieducacio.cat\\\/extra\\\/2022\\\/10\\\/27\\\/tagradaria-incorporar-la-robotica-al-teu-centre-educatiu-universal-robots-texplica-com-en-un-webinar\\\/\",\"name\":\"T\u2019agradaria incorporar la rob\u00f2tica al teu centre educatiu? Universal Robots t\u2019explica com en un webinar - Extra Educaci\u00f3\",\"isPartOf\":{\"@id\":\"https:\\\/\\\/diarieducacio.cat\\\/extra\\\/#website\"},\"primaryImageOfPage\":{\"@id\":\"https:\\\/\\\/diarieducacio.cat\\\/extra\\\/2022\\\/10\\\/27\\\/tagradaria-incorporar-la-robotica-al-teu-centre-educatiu-universal-robots-texplica-com-en-un-webinar\\\/#primaryimage\"},\"image\":{\"@id\":\"https:\\\/\\\/diarieducacio.cat\\\/extra\\\/2022\\\/10\\\/27\\\/tagradaria-incorporar-la-robotica-al-teu-centre-educatiu-universal-robots-texplica-com-en-un-webinar\\\/#primaryimage\"},\"thumbnailUrl\":\"\",\"datePublished\":\"2022-10-27T04:00:17+00:00\",\"dateModified\":\"2024-08-08T20:50:41+00:00\",\"author\":{\"@id\":\"https:\\\/\\\/diarieducacio.cat\\\/extra\\\/#\\\/schema\\\/person\\\/5488ba959c06dafddb317678c072f7d2\"},\"breadcrumb\":{\"@id\":\"https:\\\/\\\/diarieducacio.cat\\\/extra\\\/2022\\\/10\\\/27\\\/tagradaria-incorporar-la-robotica-al-teu-centre-educatiu-universal-robots-texplica-com-en-un-webinar\\\/#breadcrumb\"},\"inLanguage\":\"ca\",\"potentialAction\":[{\"@type\":\"ReadAction\",\"target\":[\"https:\\\/\\\/diarieducacio.cat\\\/extra\\\/2022\\\/10\\\/27\\\/tagradaria-incorporar-la-robotica-al-teu-centre-educatiu-universal-robots-texplica-com-en-un-webinar\\\/\"]}]},{\"@type\":\"ImageObject\",\"inLanguage\":\"ca\",\"@id\":\"https:\\\/\\\/diarieducacio.cat\\\/extra\\\/2022\\\/10\\\/27\\\/tagradaria-incorporar-la-robotica-al-teu-centre-educatiu-universal-robots-texplica-com-en-un-webinar\\\/#primaryimage\",\"url\":\"\",\"contentUrl\":\"\"},{\"@type\":\"BreadcrumbList\",\"@id\":\"https:\\\/\\\/diarieducacio.cat\\\/extra\\\/2022\\\/10\\\/27\\\/tagradaria-incorporar-la-robotica-al-teu-centre-educatiu-universal-robots-texplica-com-en-un-webinar\\\/#breadcrumb\",\"itemListElement\":[{\"@type\":\"ListItem\",\"position\":1,\"name\":\"Inici\",\"item\":\"https:\\\/\\\/diarieducacio.cat\\\/extra\\\/\"},{\"@type\":\"ListItem\",\"position\":2,\"name\":\"T\u2019agradaria incorporar la rob\u00f2tica al teu centre educatiu? Universal Robots t\u2019explica com en un webinar\"}]},{\"@type\":\"WebSite\",\"@id\":\"https:\\\/\\\/diarieducacio.cat\\\/extra\\\/#website\",\"url\":\"https:\\\/\\\/diarieducacio.cat\\\/extra\\\/\",\"name\":\"Extra Educaci\u00f3\",\"description\":\"Un blog de El Diari de l&#039;Educaci\u00f3\",\"potentialAction\":[{\"@type\":\"SearchAction\",\"target\":{\"@type\":\"EntryPoint\",\"urlTemplate\":\"https:\\\/\\\/diarieducacio.cat\\\/extra\\\/?s={search_term_string}\"},\"query-input\":{\"@type\":\"PropertyValueSpecification\",\"valueRequired\":true,\"valueName\":\"search_term_string\"}}],\"inLanguage\":\"ca\"},{\"@type\":\"Person\",\"@id\":\"https:\\\/\\\/diarieducacio.cat\\\/extra\\\/#\\\/schema\\\/person\\\/5488ba959c06dafddb317678c072f7d2\",\"name\":\"Redacci\u00f3\",\"image\":{\"@type\":\"ImageObject\",\"inLanguage\":\"ca\",\"@id\":\"https:\\\/\\\/secure.gravatar.com\\\/avatar\\\/36b095f7952641810b82b91019e5d348e8ffbefb0cbe60c4487cf043833aebe3?s=96&d=mm&r=g\",\"url\":\"https:\\\/\\\/secure.gravatar.com\\\/avatar\\\/36b095f7952641810b82b91019e5d348e8ffbefb0cbe60c4487cf043833aebe3?s=96&d=mm&r=g\",\"contentUrl\":\"https:\\\/\\\/secure.gravatar.com\\\/avatar\\\/36b095f7952641810b82b91019e5d348e8ffbefb0cbe60c4487cf043833aebe3?s=96&d=mm&r=g\",\"caption\":\"Redacci\u00f3\"},\"url\":\"https:\\\/\\\/diarieducacio.cat\\\/extra\\\/author\\\/redaccioextra\\\/\"}]}<\/script>\n<!-- \/ Yoast SEO plugin. -->","yoast_head_json":{"title":"T\u2019agradaria incorporar la rob\u00f2tica al teu centre educatiu? Universal Robots t\u2019explica com en un webinar - Extra Educaci\u00f3","robots":{"index":"index","follow":"follow","max-snippet":"max-snippet:-1","max-image-preview":"max-image-preview:large","max-video-preview":"max-video-preview:-1"},"canonical":"https:\/\/diarieducacio.cat\/extra\/2022\/10\/27\/tagradaria-incorporar-la-robotica-al-teu-centre-educatiu-universal-robots-texplica-com-en-un-webinar\/","og_locale":"ca_ES","og_type":"article","og_title":"T\u2019agradaria incorporar la rob\u00f2tica al teu centre educatiu? Universal Robots t\u2019explica com en un webinar - Extra Educaci\u00f3","og_description":"En la mesura que la rob\u00f2tica s&#8217;est\u00e9n cap a empreses de tots els sectors i mides, especialitzar-se en l&#8217;\u00fas i la programaci\u00f3 de robots s&#8217;ha erigit en una opci\u00f3 amb una alta ocupabilitat. Conrear i potenciar el talent en rob\u00f2tica \u00e9s una demanda de les f\u00e0briques, per\u00f2 tamb\u00e9 dels alumnes que volen fer carrera en","og_url":"https:\/\/diarieducacio.cat\/extra\/2022\/10\/27\/tagradaria-incorporar-la-robotica-al-teu-centre-educatiu-universal-robots-texplica-com-en-un-webinar\/","og_site_name":"Extra Educaci\u00f3","article_publisher":"https:\/\/www.facebook.com\/diarieducacio\/","article_published_time":"2022-10-27T04:00:17+00:00","article_modified_time":"2024-08-08T20:50:41+00:00","author":"Redacci\u00f3","twitter_card":"summary_large_image","twitter_creator":"@DiariEducacio","twitter_site":"@DiariEducacio","twitter_misc":{"Escrit per":"Redacci\u00f3","Temps estimat de lectura":"3 minuts"},"schema":{"@context":"https:\/\/schema.org","@graph":[{"@type":"Article","@id":"https:\/\/diarieducacio.cat\/extra\/2022\/10\/27\/tagradaria-incorporar-la-robotica-al-teu-centre-educatiu-universal-robots-texplica-com-en-un-webinar\/#article","isPartOf":{"@id":"https:\/\/diarieducacio.cat\/extra\/2022\/10\/27\/tagradaria-incorporar-la-robotica-al-teu-centre-educatiu-universal-robots-texplica-com-en-un-webinar\/"},"author":{"name":"Redacci\u00f3","@id":"https:\/\/diarieducacio.cat\/extra\/#\/schema\/person\/5488ba959c06dafddb317678c072f7d2"},"headline":"T\u2019agradaria incorporar la rob\u00f2tica al teu centre educatiu? Universal Robots t\u2019explica com en un webinar","datePublished":"2022-10-27T04:00:17+00:00","dateModified":"2024-08-08T20:50:41+00:00","mainEntityOfPage":{"@id":"https:\/\/diarieducacio.cat\/extra\/2022\/10\/27\/tagradaria-incorporar-la-robotica-al-teu-centre-educatiu-universal-robots-texplica-com-en-un-webinar\/"},"wordCount":533,"commentCount":0,"image":{"@id":"https:\/\/diarieducacio.cat\/extra\/2022\/10\/27\/tagradaria-incorporar-la-robotica-al-teu-centre-educatiu-universal-robots-texplica-com-en-un-webinar\/#primaryimage"},"thumbnailUrl":"","articleSection":["Formaci\u00f3","Recursos"],"inLanguage":"ca","potentialAction":[{"@type":"CommentAction","name":"Comment","target":["https:\/\/diarieducacio.cat\/extra\/2022\/10\/27\/tagradaria-incorporar-la-robotica-al-teu-centre-educatiu-universal-robots-texplica-com-en-un-webinar\/#respond"]}]},{"@type":"WebPage","@id":"https:\/\/diarieducacio.cat\/extra\/2022\/10\/27\/tagradaria-incorporar-la-robotica-al-teu-centre-educatiu-universal-robots-texplica-com-en-un-webinar\/","url":"https:\/\/diarieducacio.cat\/extra\/2022\/10\/27\/tagradaria-incorporar-la-robotica-al-teu-centre-educatiu-universal-robots-texplica-com-en-un-webinar\/","name":"T\u2019agradaria incorporar la rob\u00f2tica al teu centre educatiu? Universal Robots t\u2019explica com en un webinar - Extra Educaci\u00f3","isPartOf":{"@id":"https:\/\/diarieducacio.cat\/extra\/#website"},"primaryImageOfPage":{"@id":"https:\/\/diarieducacio.cat\/extra\/2022\/10\/27\/tagradaria-incorporar-la-robotica-al-teu-centre-educatiu-universal-robots-texplica-com-en-un-webinar\/#primaryimage"},"image":{"@id":"https:\/\/diarieducacio.cat\/extra\/2022\/10\/27\/tagradaria-incorporar-la-robotica-al-teu-centre-educatiu-universal-robots-texplica-com-en-un-webinar\/#primaryimage"},"thumbnailUrl":"","datePublished":"2022-10-27T04:00:17+00:00","dateModified":"2024-08-08T20:50:41+00:00","author":{"@id":"https:\/\/diarieducacio.cat\/extra\/#\/schema\/person\/5488ba959c06dafddb317678c072f7d2"},"breadcrumb":{"@id":"https:\/\/diarieducacio.cat\/extra\/2022\/10\/27\/tagradaria-incorporar-la-robotica-al-teu-centre-educatiu-universal-robots-texplica-com-en-un-webinar\/#breadcrumb"},"inLanguage":"ca","potentialAction":[{"@type":"ReadAction","target":["https:\/\/diarieducacio.cat\/extra\/2022\/10\/27\/tagradaria-incorporar-la-robotica-al-teu-centre-educatiu-universal-robots-texplica-com-en-un-webinar\/"]}]},{"@type":"ImageObject","inLanguage":"ca","@id":"https:\/\/diarieducacio.cat\/extra\/2022\/10\/27\/tagradaria-incorporar-la-robotica-al-teu-centre-educatiu-universal-robots-texplica-com-en-un-webinar\/#primaryimage","url":"","contentUrl":""},{"@type":"BreadcrumbList","@id":"https:\/\/diarieducacio.cat\/extra\/2022\/10\/27\/tagradaria-incorporar-la-robotica-al-teu-centre-educatiu-universal-robots-texplica-com-en-un-webinar\/#breadcrumb","itemListElement":[{"@type":"ListItem","position":1,"name":"Inici","item":"https:\/\/diarieducacio.cat\/extra\/"},{"@type":"ListItem","position":2,"name":"T\u2019agradaria incorporar la rob\u00f2tica al teu centre educatiu? Universal Robots t\u2019explica com en un webinar"}]},{"@type":"WebSite","@id":"https:\/\/diarieducacio.cat\/extra\/#website","url":"https:\/\/diarieducacio.cat\/extra\/","name":"Extra Educaci\u00f3","description":"Un blog de El Diari de l&#039;Educaci\u00f3","potentialAction":[{"@type":"SearchAction","target":{"@type":"EntryPoint","urlTemplate":"https:\/\/diarieducacio.cat\/extra\/?s={search_term_string}"},"query-input":{"@type":"PropertyValueSpecification","valueRequired":true,"valueName":"search_term_string"}}],"inLanguage":"ca"},{"@type":"Person","@id":"https:\/\/diarieducacio.cat\/extra\/#\/schema\/person\/5488ba959c06dafddb317678c072f7d2","name":"Redacci\u00f3","image":{"@type":"ImageObject","inLanguage":"ca","@id":"https:\/\/secure.gravatar.com\/avatar\/36b095f7952641810b82b91019e5d348e8ffbefb0cbe60c4487cf043833aebe3?s=96&d=mm&r=g","url":"https:\/\/secure.gravatar.com\/avatar\/36b095f7952641810b82b91019e5d348e8ffbefb0cbe60c4487cf043833aebe3?s=96&d=mm&r=g","contentUrl":"https:\/\/secure.gravatar.com\/avatar\/36b095f7952641810b82b91019e5d348e8ffbefb0cbe60c4487cf043833aebe3?s=96&d=mm&r=g","caption":"Redacci\u00f3"},"url":"https:\/\/diarieducacio.cat\/extra\/author\/redaccioextra\/"}]}},"_links":{"self":[{"href":"https:\/\/diarieducacio.cat\/extra\/wp-json\/wp\/v2\/posts\/2238","targetHints":{"allow":["GET"]}}],"collection":[{"href":"https:\/\/diarieducacio.cat\/extra\/wp-json\/wp\/v2\/posts"}],"about":[{"href":"https:\/\/diarieducacio.cat\/extra\/wp-json\/wp\/v2\/types\/post"}],"author":[{"embeddable":true,"href":"https:\/\/diarieducacio.cat\/extra\/wp-json\/wp\/v2\/users\/294"}],"replies":[{"embeddable":true,"href":"https:\/\/diarieducacio.cat\/extra\/wp-json\/wp\/v2\/comments?post=2238"}],"version-history":[{"count":1,"href":"https:\/\/diarieducacio.cat\/extra\/wp-json\/wp\/v2\/posts\/2238\/revisions"}],"predecessor-version":[{"id":2818,"href":"https:\/\/diarieducacio.cat\/extra\/wp-json\/wp\/v2\/posts\/2238\/revisions\/2818"}],"wp:featuredmedia":[{"embeddable":true,"href":"https:\/\/diarieducacio.cat\/extra\/wp-json\/wp\/v2\/posts\/1914"}],"wp:attachment":[{"href":"https:\/\/diarieducacio.cat\/extra\/wp-json\/wp\/v2\/media?parent=2238"}],"wp:term":[{"taxonomy":"category","embeddable":true,"href":"https:\/\/diarieducacio.cat\/extra\/wp-json\/wp\/v2\/categories?post=2238"},{"taxonomy":"post_tag","embeddable":true,"href":"https:\/\/diarieducacio.cat\/extra\/wp-json\/wp\/v2\/tags?post=2238"},{"taxonomy":"tipo","embeddable":true,"href":"https:\/\/diarieducacio.cat\/extra\/wp-json\/wp\/v2\/tipo?post=2238"}],"curies":[{"name":"wp","href":"https:\/\/api.w.org\/{rel}","templated":true}]}}