{"id":2366,"date":"2023-12-11T01:38:44","date_gmt":"2023-12-11T00:38:44","guid":{"rendered":"https:\/\/diarieducacio.cat\/extra\/?p=2366"},"modified":"2024-08-08T23:17:43","modified_gmt":"2024-08-08T21:17:43","slug":"el-govern-ofereix-mes-de-200-certificats-professionals-per-especialitzar-se-en-una-professio","status":"publish","type":"post","link":"https:\/\/diarieducacio.cat\/extra\/2023\/12\/11\/el-govern-ofereix-mes-de-200-certificats-professionals-per-especialitzar-se-en-una-professio\/","title":{"rendered":"El Govern ofereix m\u00e9s de 200 certificats professionals per especialitzar-se en una professi\u00f3"},"content":{"rendered":"<p>La Generalitat de Catalunya ofereix m\u00e9s de 200 certificats professionals de 26 fam\u00edlies diferents per a capacitar-se i especialitzar-se en una professi\u00f3. Els certificats professionals s\u00f3n una oferta formativa de qualitat, que es cursa en grups redu\u00efts i que inclou un per\u00edode de pr\u00e0ctiques a l\u2019empresa. Es tracta de formacions curtes, majorit\u00e0riament d\u2019entre 200 i 600 hores. A m\u00e9s, s\u00f3n una titulaci\u00f3 oficial que t\u00e9 validesa a tot el territori espanyol i europeu.<\/p>\n<p>Cada certificat professional acredita una qualificaci\u00f3 professional del <a href=\"https:\/\/incual.educacion.gob.es\/bdc\" target=\"_blank\" rel=\"noopener\">Cat\u00e0leg Nacional de Qualificacions Professionals<\/a>. Per tant, permet a les persones adquirir les compet\u00e8ncies professionals necess\u00e0ries per desenvolupar de forma qualificada diversos llocs de treball donant resposta a la demanda del m\u00f3n laboral. La superaci\u00f3 d\u2019un certificat professional garanteix que s\u2019han assolit els coneixements, habilitats i aptituds necessaris per desenvolupar una activitat laboral d\u2019acord amb les exig\u00e8ncies del m\u00f3n del treball.<\/p>\n<h3>Formaci\u00f3 modular i flexible<\/h3>\n<p>Els certificats professionals s\u2019estructuren en m\u00f2duls. Per aquest motiu, s\u00f3n formacions flexibles i acumulables, que permeten tamb\u00e9 l\u2019acc\u00e9s a cicles formatius. Es poden cursar al llarg de tot l\u2019any a trav\u00e9s dels centres propis del SOC (els CIFO), entitats col\u00b7laboradores del Sistema FPCAT, aix\u00ed com en centres de formaci\u00f3 professional del Departament d\u2019Educaci\u00f3.<\/p>\n<p><img fetchpriority=\"high\" decoding=\"async\" class=\"alignnone size-full wp-image-2367\" src=\"https:\/\/nostalgic-ishizaka.82-223-1-47.plesk.page\/extra\/wp-content\/uploads\/sites\/25\/2023\/12\/Edu_Banners-WEB_Logistica_640x730-1.jpg\" alt=\"\" width=\"640\" height=\"730\" srcset=\"https:\/\/diarieducacio.cat\/extra\/wp-content\/uploads\/sites\/25\/2023\/12\/Edu_Banners-WEB_Logistica_640x730-1.jpg 640w, https:\/\/diarieducacio.cat\/extra\/wp-content\/uploads\/sites\/25\/2023\/12\/Edu_Banners-WEB_Logistica_640x730-1-263x300.jpg 263w, https:\/\/diarieducacio.cat\/extra\/wp-content\/uploads\/sites\/25\/2023\/12\/Edu_Banners-WEB_Logistica_640x730-1-150x171.jpg 150w, https:\/\/diarieducacio.cat\/extra\/wp-content\/uploads\/sites\/25\/2023\/12\/Edu_Banners-WEB_Logistica_640x730-1-450x513.jpg 450w\" sizes=\"(max-width: 640px) 100vw, 640px\" \/><\/p>\n<p>A banda d\u2019obtenir un certificat professional un cop superada la formaci\u00f3, tamb\u00e9 es poden obtenir les qualificacions a trav\u00e9s de l\u2019acreditaci\u00f3 de compet\u00e8ncies professionals. Es tracta d\u2019un procediment per avaluar i acreditar les compet\u00e8ncies adquirides arran de l\u2019experi\u00e8ncia professional o b\u00e9 la formaci\u00f3 no formal, \u00e9s a dir, la que no aporta una certificaci\u00f3 amb valor oficial.<\/p>\n<h3>Imprescindible en algunes professions<\/h3>\n<p>Per a l&#8217;exercici professional d&#8217;algunes ocupacions en determinats sectors, com per exemple, sector de l\u2019atenci\u00f3 a la depend\u00e8ncia, de l&#8217;esport, de l&#8217;aplicaci\u00f3 dels biocides, o de les instal\u00b7lacions industrials, \u00e9s imprescindible l&#8217;obtenci\u00f3 pr\u00e8via del document que certifica la compet\u00e8ncia professional de la persona treballadora.<\/p>\n<p>Aquesta documentaci\u00f3 pot ser un certificat professional, un t\u00edtol de formaci\u00f3 professional, o b\u00e9 altres tipus de carnets professionals que acrediten la qualificaci\u00f3 professional.<\/p>\n<h3>Formaci\u00f3 professional<\/h3>\n<p>Els certificats professionals s\u2019inclouen en el marc del Sistema FPCAT. La formaci\u00f3 professional \u00e9s una formaci\u00f3 flexible, que s&#8217;adapta al mercat de treball i a les necessitats de les persones. \u00c9s modular, perqu\u00e8 cada persona pot confeccionar el seu propi itinerari de formaci\u00f3; i acumulable, ja que la formaci\u00f3 que s&#8217;assoleix es pot anar sumant per arribar a obtenir una certificaci\u00f3 oficial.<\/p>\n<p style=\"font-weight: 400\">Per tant, formen part de l\u2019oferta FPCAT 365, que s\u2019engloba en una finestra \u00fanica, al portal<a href=\"https:\/\/fp.gencat.cat\/ca\/inici\" target=\"_blank\" rel=\"noopener\">\u00a0fp.gencat.cat<\/a>, on hi ha tota la informaci\u00f3 sobre la formaci\u00f3 professional.<\/p>\n","protected":false},"excerpt":{"rendered":"<p>La Generalitat de Catalunya ofereix m\u00e9s de 200 certificats professionals de 26 fam\u00edlies diferents per a capacitar-se i especialitzar-se en una professi\u00f3. Els certificats professionals s\u00f3n una oferta formativa de qualitat, que es cursa en grups redu\u00efts i que inclou un per\u00edode de pr\u00e0ctiques a l\u2019empresa. Es tracta de formacions curtes, majorit\u00e0riament d\u2019entre 200 i<\/p>\n","protected":false},"author":299,"featured_media":2368,"comment_status":"open","ping_status":"closed","sticky":false,"template":"","format":"standard","meta":{"footnotes":""},"categories":[135],"tags":[],"tipo":[192],"class_list":{"0":"post-2366","1":"post","2":"type-post","3":"status-publish","4":"format-standard","5":"has-post-thumbnail","7":"category-formacio","8":"tipo-actualitat"},"yoast_head":"<!-- This site is optimized with the Yoast SEO plugin v27.4 - https:\/\/yoast.com\/product\/yoast-seo-wordpress\/ -->\n<title>El Govern ofereix m\u00e9s de 200 certificats professionals per especialitzar-se en una professi\u00f3 - Extra Educaci\u00f3<\/title>\n<meta name=\"robots\" content=\"index, follow, max-snippet:-1, max-image-preview:large, max-video-preview:-1\" \/>\n<link rel=\"canonical\" href=\"https:\/\/diarieducacio.cat\/extra\/2023\/12\/11\/el-govern-ofereix-mes-de-200-certificats-professionals-per-especialitzar-se-en-una-professio\/\" \/>\n<meta property=\"og:locale\" content=\"ca_ES\" \/>\n<meta property=\"og:type\" content=\"article\" \/>\n<meta property=\"og:title\" content=\"El Govern ofereix m\u00e9s de 200 certificats professionals per especialitzar-se en una professi\u00f3 - Extra Educaci\u00f3\" \/>\n<meta property=\"og:description\" content=\"La Generalitat de Catalunya ofereix m\u00e9s de 200 certificats professionals de 26 fam\u00edlies diferents per a capacitar-se i especialitzar-se en una professi\u00f3. Els certificats professionals s\u00f3n una oferta formativa de qualitat, que es cursa en grups redu\u00efts i que inclou un per\u00edode de pr\u00e0ctiques a l\u2019empresa. Es tracta de formacions curtes, majorit\u00e0riament d\u2019entre 200 i\" \/>\n<meta property=\"og:url\" content=\"https:\/\/diarieducacio.cat\/extra\/2023\/12\/11\/el-govern-ofereix-mes-de-200-certificats-professionals-per-especialitzar-se-en-una-professio\/\" \/>\n<meta property=\"og:site_name\" content=\"Extra Educaci\u00f3\" \/>\n<meta property=\"article:publisher\" content=\"https:\/\/www.facebook.com\/diarieducacio\/\" \/>\n<meta property=\"article:published_time\" content=\"2023-12-11T00:38:44+00:00\" \/>\n<meta property=\"article:modified_time\" content=\"2024-08-08T21:17:43+00:00\" \/>\n<meta property=\"og:image\" content=\"https:\/\/diarieducacio.cat\/extra\/wp-content\/uploads\/sites\/25\/2023\/12\/formacio2-scaled-1.jpg\" \/>\n\t<meta property=\"og:image:width\" content=\"2560\" \/>\n\t<meta property=\"og:image:height\" content=\"1707\" \/>\n\t<meta property=\"og:image:type\" content=\"image\/jpeg\" \/>\n<meta name=\"author\" content=\"Generalitat de Catalunya\" \/>\n<meta name=\"twitter:card\" content=\"summary_large_image\" \/>\n<meta name=\"twitter:creator\" content=\"@DiariEducacio\" \/>\n<meta name=\"twitter:site\" content=\"@DiariEducacio\" \/>\n<meta name=\"twitter:label1\" content=\"Escrit per\" \/>\n\t<meta name=\"twitter:data1\" content=\"Generalitat de Catalunya\" \/>\n\t<meta name=\"twitter:label2\" content=\"Temps estimat de lectura\" \/>\n\t<meta name=\"twitter:data2\" content=\"2 minuts\" \/>\n<script type=\"application\/ld+json\" class=\"yoast-schema-graph\">{\"@context\":\"https:\\\/\\\/schema.org\",\"@graph\":[{\"@type\":\"Article\",\"@id\":\"https:\\\/\\\/diarieducacio.cat\\\/extra\\\/2023\\\/12\\\/11\\\/el-govern-ofereix-mes-de-200-certificats-professionals-per-especialitzar-se-en-una-professio\\\/#article\",\"isPartOf\":{\"@id\":\"https:\\\/\\\/diarieducacio.cat\\\/extra\\\/2023\\\/12\\\/11\\\/el-govern-ofereix-mes-de-200-certificats-professionals-per-especialitzar-se-en-una-professio\\\/\"},\"author\":{\"name\":\"Generalitat de Catalunya\",\"@id\":\"https:\\\/\\\/diarieducacio.cat\\\/extra\\\/#\\\/schema\\\/person\\\/8e51471911845c2a37812f1f2150ff53\"},\"headline\":\"El Govern ofereix m\u00e9s de 200 certificats professionals per especialitzar-se en una professi\u00f3\",\"datePublished\":\"2023-12-11T00:38:44+00:00\",\"dateModified\":\"2024-08-08T21:17:43+00:00\",\"mainEntityOfPage\":{\"@id\":\"https:\\\/\\\/diarieducacio.cat\\\/extra\\\/2023\\\/12\\\/11\\\/el-govern-ofereix-mes-de-200-certificats-professionals-per-especialitzar-se-en-una-professio\\\/\"},\"wordCount\":482,\"commentCount\":0,\"image\":{\"@id\":\"https:\\\/\\\/diarieducacio.cat\\\/extra\\\/2023\\\/12\\\/11\\\/el-govern-ofereix-mes-de-200-certificats-professionals-per-especialitzar-se-en-una-professio\\\/#primaryimage\"},\"thumbnailUrl\":\"https:\\\/\\\/diarieducacio.cat\\\/extra\\\/wp-content\\\/uploads\\\/sites\\\/25\\\/2023\\\/12\\\/formacio2-scaled-1.jpg\",\"articleSection\":[\"Formaci\u00f3\"],\"inLanguage\":\"ca\",\"potentialAction\":[{\"@type\":\"CommentAction\",\"name\":\"Comment\",\"target\":[\"https:\\\/\\\/diarieducacio.cat\\\/extra\\\/2023\\\/12\\\/11\\\/el-govern-ofereix-mes-de-200-certificats-professionals-per-especialitzar-se-en-una-professio\\\/#respond\"]}]},{\"@type\":\"WebPage\",\"@id\":\"https:\\\/\\\/diarieducacio.cat\\\/extra\\\/2023\\\/12\\\/11\\\/el-govern-ofereix-mes-de-200-certificats-professionals-per-especialitzar-se-en-una-professio\\\/\",\"url\":\"https:\\\/\\\/diarieducacio.cat\\\/extra\\\/2023\\\/12\\\/11\\\/el-govern-ofereix-mes-de-200-certificats-professionals-per-especialitzar-se-en-una-professio\\\/\",\"name\":\"El Govern ofereix m\u00e9s de 200 certificats professionals per especialitzar-se en una professi\u00f3 - Extra Educaci\u00f3\",\"isPartOf\":{\"@id\":\"https:\\\/\\\/diarieducacio.cat\\\/extra\\\/#website\"},\"primaryImageOfPage\":{\"@id\":\"https:\\\/\\\/diarieducacio.cat\\\/extra\\\/2023\\\/12\\\/11\\\/el-govern-ofereix-mes-de-200-certificats-professionals-per-especialitzar-se-en-una-professio\\\/#primaryimage\"},\"image\":{\"@id\":\"https:\\\/\\\/diarieducacio.cat\\\/extra\\\/2023\\\/12\\\/11\\\/el-govern-ofereix-mes-de-200-certificats-professionals-per-especialitzar-se-en-una-professio\\\/#primaryimage\"},\"thumbnailUrl\":\"https:\\\/\\\/diarieducacio.cat\\\/extra\\\/wp-content\\\/uploads\\\/sites\\\/25\\\/2023\\\/12\\\/formacio2-scaled-1.jpg\",\"datePublished\":\"2023-12-11T00:38:44+00:00\",\"dateModified\":\"2024-08-08T21:17:43+00:00\",\"author\":{\"@id\":\"https:\\\/\\\/diarieducacio.cat\\\/extra\\\/#\\\/schema\\\/person\\\/8e51471911845c2a37812f1f2150ff53\"},\"breadcrumb\":{\"@id\":\"https:\\\/\\\/diarieducacio.cat\\\/extra\\\/2023\\\/12\\\/11\\\/el-govern-ofereix-mes-de-200-certificats-professionals-per-especialitzar-se-en-una-professio\\\/#breadcrumb\"},\"inLanguage\":\"ca\",\"potentialAction\":[{\"@type\":\"ReadAction\",\"target\":[\"https:\\\/\\\/diarieducacio.cat\\\/extra\\\/2023\\\/12\\\/11\\\/el-govern-ofereix-mes-de-200-certificats-professionals-per-especialitzar-se-en-una-professio\\\/\"]}]},{\"@type\":\"ImageObject\",\"inLanguage\":\"ca\",\"@id\":\"https:\\\/\\\/diarieducacio.cat\\\/extra\\\/2023\\\/12\\\/11\\\/el-govern-ofereix-mes-de-200-certificats-professionals-per-especialitzar-se-en-una-professio\\\/#primaryimage\",\"url\":\"https:\\\/\\\/diarieducacio.cat\\\/extra\\\/wp-content\\\/uploads\\\/sites\\\/25\\\/2023\\\/12\\\/formacio2-scaled-1.jpg\",\"contentUrl\":\"https:\\\/\\\/diarieducacio.cat\\\/extra\\\/wp-content\\\/uploads\\\/sites\\\/25\\\/2023\\\/12\\\/formacio2-scaled-1.jpg\",\"width\":2560,\"height\":1707,\"caption\":\"Els certificats professionals s\u00f3n formacions curtes que inclouen un per\u00edode de pr\u00e0ctiques a l'empresa | Generalitat de Catalunya\"},{\"@type\":\"BreadcrumbList\",\"@id\":\"https:\\\/\\\/diarieducacio.cat\\\/extra\\\/2023\\\/12\\\/11\\\/el-govern-ofereix-mes-de-200-certificats-professionals-per-especialitzar-se-en-una-professio\\\/#breadcrumb\",\"itemListElement\":[{\"@type\":\"ListItem\",\"position\":1,\"name\":\"Inici\",\"item\":\"https:\\\/\\\/diarieducacio.cat\\\/extra\\\/\"},{\"@type\":\"ListItem\",\"position\":2,\"name\":\"El Govern ofereix m\u00e9s de 200 certificats professionals per especialitzar-se en una professi\u00f3\"}]},{\"@type\":\"WebSite\",\"@id\":\"https:\\\/\\\/diarieducacio.cat\\\/extra\\\/#website\",\"url\":\"https:\\\/\\\/diarieducacio.cat\\\/extra\\\/\",\"name\":\"Extra Educaci\u00f3\",\"description\":\"Un blog de El Diari de l&#039;Educaci\u00f3\",\"potentialAction\":[{\"@type\":\"SearchAction\",\"target\":{\"@type\":\"EntryPoint\",\"urlTemplate\":\"https:\\\/\\\/diarieducacio.cat\\\/extra\\\/?s={search_term_string}\"},\"query-input\":{\"@type\":\"PropertyValueSpecification\",\"valueRequired\":true,\"valueName\":\"search_term_string\"}}],\"inLanguage\":\"ca\"},{\"@type\":\"Person\",\"@id\":\"https:\\\/\\\/diarieducacio.cat\\\/extra\\\/#\\\/schema\\\/person\\\/8e51471911845c2a37812f1f2150ff53\",\"name\":\"Generalitat de Catalunya\",\"image\":{\"@type\":\"ImageObject\",\"inLanguage\":\"ca\",\"@id\":\"https:\\\/\\\/secure.gravatar.com\\\/avatar\\\/00fed3fe050b79da304dac5cb9f31d202fab91ea261974827f4d4f2893268773?s=96&d=mm&r=g\",\"url\":\"https:\\\/\\\/secure.gravatar.com\\\/avatar\\\/00fed3fe050b79da304dac5cb9f31d202fab91ea261974827f4d4f2893268773?s=96&d=mm&r=g\",\"contentUrl\":\"https:\\\/\\\/secure.gravatar.com\\\/avatar\\\/00fed3fe050b79da304dac5cb9f31d202fab91ea261974827f4d4f2893268773?s=96&d=mm&r=g\",\"caption\":\"Generalitat de Catalunya\"},\"url\":\"https:\\\/\\\/diarieducacio.cat\\\/extra\\\/author\\\/generalitat\\\/\"}]}<\/script>\n<!-- \/ Yoast SEO plugin. -->","yoast_head_json":{"title":"El Govern ofereix m\u00e9s de 200 certificats professionals per especialitzar-se en una professi\u00f3 - Extra Educaci\u00f3","robots":{"index":"index","follow":"follow","max-snippet":"max-snippet:-1","max-image-preview":"max-image-preview:large","max-video-preview":"max-video-preview:-1"},"canonical":"https:\/\/diarieducacio.cat\/extra\/2023\/12\/11\/el-govern-ofereix-mes-de-200-certificats-professionals-per-especialitzar-se-en-una-professio\/","og_locale":"ca_ES","og_type":"article","og_title":"El Govern ofereix m\u00e9s de 200 certificats professionals per especialitzar-se en una professi\u00f3 - Extra Educaci\u00f3","og_description":"La Generalitat de Catalunya ofereix m\u00e9s de 200 certificats professionals de 26 fam\u00edlies diferents per a capacitar-se i especialitzar-se en una professi\u00f3. Els certificats professionals s\u00f3n una oferta formativa de qualitat, que es cursa en grups redu\u00efts i que inclou un per\u00edode de pr\u00e0ctiques a l\u2019empresa. Es tracta de formacions curtes, majorit\u00e0riament d\u2019entre 200 i","og_url":"https:\/\/diarieducacio.cat\/extra\/2023\/12\/11\/el-govern-ofereix-mes-de-200-certificats-professionals-per-especialitzar-se-en-una-professio\/","og_site_name":"Extra Educaci\u00f3","article_publisher":"https:\/\/www.facebook.com\/diarieducacio\/","article_published_time":"2023-12-11T00:38:44+00:00","article_modified_time":"2024-08-08T21:17:43+00:00","og_image":[{"width":2560,"height":1707,"url":"https:\/\/diarieducacio.cat\/extra\/wp-content\/uploads\/sites\/25\/2023\/12\/formacio2-scaled-1.jpg","type":"image\/jpeg"}],"author":"Generalitat de Catalunya","twitter_card":"summary_large_image","twitter_creator":"@DiariEducacio","twitter_site":"@DiariEducacio","twitter_misc":{"Escrit per":"Generalitat de Catalunya","Temps estimat de lectura":"2 minuts"},"schema":{"@context":"https:\/\/schema.org","@graph":[{"@type":"Article","@id":"https:\/\/diarieducacio.cat\/extra\/2023\/12\/11\/el-govern-ofereix-mes-de-200-certificats-professionals-per-especialitzar-se-en-una-professio\/#article","isPartOf":{"@id":"https:\/\/diarieducacio.cat\/extra\/2023\/12\/11\/el-govern-ofereix-mes-de-200-certificats-professionals-per-especialitzar-se-en-una-professio\/"},"author":{"name":"Generalitat de Catalunya","@id":"https:\/\/diarieducacio.cat\/extra\/#\/schema\/person\/8e51471911845c2a37812f1f2150ff53"},"headline":"El Govern ofereix m\u00e9s de 200 certificats professionals per especialitzar-se en una professi\u00f3","datePublished":"2023-12-11T00:38:44+00:00","dateModified":"2024-08-08T21:17:43+00:00","mainEntityOfPage":{"@id":"https:\/\/diarieducacio.cat\/extra\/2023\/12\/11\/el-govern-ofereix-mes-de-200-certificats-professionals-per-especialitzar-se-en-una-professio\/"},"wordCount":482,"commentCount":0,"image":{"@id":"https:\/\/diarieducacio.cat\/extra\/2023\/12\/11\/el-govern-ofereix-mes-de-200-certificats-professionals-per-especialitzar-se-en-una-professio\/#primaryimage"},"thumbnailUrl":"https:\/\/diarieducacio.cat\/extra\/wp-content\/uploads\/sites\/25\/2023\/12\/formacio2-scaled-1.jpg","articleSection":["Formaci\u00f3"],"inLanguage":"ca","potentialAction":[{"@type":"CommentAction","name":"Comment","target":["https:\/\/diarieducacio.cat\/extra\/2023\/12\/11\/el-govern-ofereix-mes-de-200-certificats-professionals-per-especialitzar-se-en-una-professio\/#respond"]}]},{"@type":"WebPage","@id":"https:\/\/diarieducacio.cat\/extra\/2023\/12\/11\/el-govern-ofereix-mes-de-200-certificats-professionals-per-especialitzar-se-en-una-professio\/","url":"https:\/\/diarieducacio.cat\/extra\/2023\/12\/11\/el-govern-ofereix-mes-de-200-certificats-professionals-per-especialitzar-se-en-una-professio\/","name":"El Govern ofereix m\u00e9s de 200 certificats professionals per especialitzar-se en una professi\u00f3 - Extra Educaci\u00f3","isPartOf":{"@id":"https:\/\/diarieducacio.cat\/extra\/#website"},"primaryImageOfPage":{"@id":"https:\/\/diarieducacio.cat\/extra\/2023\/12\/11\/el-govern-ofereix-mes-de-200-certificats-professionals-per-especialitzar-se-en-una-professio\/#primaryimage"},"image":{"@id":"https:\/\/diarieducacio.cat\/extra\/2023\/12\/11\/el-govern-ofereix-mes-de-200-certificats-professionals-per-especialitzar-se-en-una-professio\/#primaryimage"},"thumbnailUrl":"https:\/\/diarieducacio.cat\/extra\/wp-content\/uploads\/sites\/25\/2023\/12\/formacio2-scaled-1.jpg","datePublished":"2023-12-11T00:38:44+00:00","dateModified":"2024-08-08T21:17:43+00:00","author":{"@id":"https:\/\/diarieducacio.cat\/extra\/#\/schema\/person\/8e51471911845c2a37812f1f2150ff53"},"breadcrumb":{"@id":"https:\/\/diarieducacio.cat\/extra\/2023\/12\/11\/el-govern-ofereix-mes-de-200-certificats-professionals-per-especialitzar-se-en-una-professio\/#breadcrumb"},"inLanguage":"ca","potentialAction":[{"@type":"ReadAction","target":["https:\/\/diarieducacio.cat\/extra\/2023\/12\/11\/el-govern-ofereix-mes-de-200-certificats-professionals-per-especialitzar-se-en-una-professio\/"]}]},{"@type":"ImageObject","inLanguage":"ca","@id":"https:\/\/diarieducacio.cat\/extra\/2023\/12\/11\/el-govern-ofereix-mes-de-200-certificats-professionals-per-especialitzar-se-en-una-professio\/#primaryimage","url":"https:\/\/diarieducacio.cat\/extra\/wp-content\/uploads\/sites\/25\/2023\/12\/formacio2-scaled-1.jpg","contentUrl":"https:\/\/diarieducacio.cat\/extra\/wp-content\/uploads\/sites\/25\/2023\/12\/formacio2-scaled-1.jpg","width":2560,"height":1707,"caption":"Els certificats professionals s\u00f3n formacions curtes que inclouen un per\u00edode de pr\u00e0ctiques a l'empresa | Generalitat de Catalunya"},{"@type":"BreadcrumbList","@id":"https:\/\/diarieducacio.cat\/extra\/2023\/12\/11\/el-govern-ofereix-mes-de-200-certificats-professionals-per-especialitzar-se-en-una-professio\/#breadcrumb","itemListElement":[{"@type":"ListItem","position":1,"name":"Inici","item":"https:\/\/diarieducacio.cat\/extra\/"},{"@type":"ListItem","position":2,"name":"El Govern ofereix m\u00e9s de 200 certificats professionals per especialitzar-se en una professi\u00f3"}]},{"@type":"WebSite","@id":"https:\/\/diarieducacio.cat\/extra\/#website","url":"https:\/\/diarieducacio.cat\/extra\/","name":"Extra Educaci\u00f3","description":"Un blog de El Diari de l&#039;Educaci\u00f3","potentialAction":[{"@type":"SearchAction","target":{"@type":"EntryPoint","urlTemplate":"https:\/\/diarieducacio.cat\/extra\/?s={search_term_string}"},"query-input":{"@type":"PropertyValueSpecification","valueRequired":true,"valueName":"search_term_string"}}],"inLanguage":"ca"},{"@type":"Person","@id":"https:\/\/diarieducacio.cat\/extra\/#\/schema\/person\/8e51471911845c2a37812f1f2150ff53","name":"Generalitat de Catalunya","image":{"@type":"ImageObject","inLanguage":"ca","@id":"https:\/\/secure.gravatar.com\/avatar\/00fed3fe050b79da304dac5cb9f31d202fab91ea261974827f4d4f2893268773?s=96&d=mm&r=g","url":"https:\/\/secure.gravatar.com\/avatar\/00fed3fe050b79da304dac5cb9f31d202fab91ea261974827f4d4f2893268773?s=96&d=mm&r=g","contentUrl":"https:\/\/secure.gravatar.com\/avatar\/00fed3fe050b79da304dac5cb9f31d202fab91ea261974827f4d4f2893268773?s=96&d=mm&r=g","caption":"Generalitat de Catalunya"},"url":"https:\/\/diarieducacio.cat\/extra\/author\/generalitat\/"}]}},"_links":{"self":[{"href":"https:\/\/diarieducacio.cat\/extra\/wp-json\/wp\/v2\/posts\/2366","targetHints":{"allow":["GET"]}}],"collection":[{"href":"https:\/\/diarieducacio.cat\/extra\/wp-json\/wp\/v2\/posts"}],"about":[{"href":"https:\/\/diarieducacio.cat\/extra\/wp-json\/wp\/v2\/types\/post"}],"author":[{"embeddable":true,"href":"https:\/\/diarieducacio.cat\/extra\/wp-json\/wp\/v2\/users\/299"}],"replies":[{"embeddable":true,"href":"https:\/\/diarieducacio.cat\/extra\/wp-json\/wp\/v2\/comments?post=2366"}],"version-history":[{"count":1,"href":"https:\/\/diarieducacio.cat\/extra\/wp-json\/wp\/v2\/posts\/2366\/revisions"}],"predecessor-version":[{"id":2775,"href":"https:\/\/diarieducacio.cat\/extra\/wp-json\/wp\/v2\/posts\/2366\/revisions\/2775"}],"wp:featuredmedia":[{"embeddable":true,"href":"https:\/\/diarieducacio.cat\/extra\/wp-json\/wp\/v2\/media\/2368"}],"wp:attachment":[{"href":"https:\/\/diarieducacio.cat\/extra\/wp-json\/wp\/v2\/media?parent=2366"}],"wp:term":[{"taxonomy":"category","embeddable":true,"href":"https:\/\/diarieducacio.cat\/extra\/wp-json\/wp\/v2\/categories?post=2366"},{"taxonomy":"post_tag","embeddable":true,"href":"https:\/\/diarieducacio.cat\/extra\/wp-json\/wp\/v2\/tags?post=2366"},{"taxonomy":"tipo","embeddable":true,"href":"https:\/\/diarieducacio.cat\/extra\/wp-json\/wp\/v2\/tipo?post=2366"}],"curies":[{"name":"wp","href":"https:\/\/api.w.org\/{rel}","templated":true}]}}