{"id":2377,"date":"2023-12-08T09:41:04","date_gmt":"2023-12-08T08:41:04","guid":{"rendered":"https:\/\/diarieducacio.cat\/extra\/?p=2377"},"modified":"2024-08-08T23:17:43","modified_gmt":"2024-08-08T21:17:43","slug":"unes-colonies-mes-enlla-de-leso","status":"publish","type":"post","link":"https:\/\/diarieducacio.cat\/extra\/2023\/12\/08\/unes-colonies-mes-enlla-de-leso\/","title":{"rendered":"Unes col\u00f2nies m\u00e9s enll\u00e0 de l\u2019ESO?"},"content":{"rendered":"<p>Doncs s\u00ed! Les col\u00f2nies o estades escolars no s\u2019acaben a 4t d\u2019ESO. &#8220;Cada cop s\u00f3n m\u00e9s demanades i amb molt bons resultats les estades per a Cicles Formatius i per a Batxillerat&#8221;, afirma el director comercial d&#8217;Eix Estels, Jaume Ramos.<\/p>\n<p>S\u00f3n, continua Ramos, una novetat dins les propostes educatives dels instituts que volen refor\u00e7ar la seva proposta pedag\u00f2gica i oferir als seus alumnes m\u00e9s grans una proposta innovadora. Aquestes &#8220;col\u00f2nies&#8221; s\u00f3n molt ben acollides per l\u2019alumnat, que les valora com una proposta immersiva d\u2019alt valor experiencial i d\u2019aprenentatge!<\/p>\n<p>Aix\u00ed ens ho explica el director comercial d\u2019Eix Estels, una organitzaci\u00f3 amb m\u00e9s de 30 anys d\u2019experi\u00e8ncia realitzant i innovant <a href=\"https:\/\/www.eixestels.com\/ca\/cases-colonies-escolars\" target=\"_blank\" rel=\"noopener\">propostes per a centres educatius<\/a> de tota Catalunya i que compte amb cases de col\u00f2nies i hotels de qualitat de propietat on les proposa.<\/p>\n<p>Es tracta d\u2019un programa d\u2019activitats altament especialitzat i diferenciat en el qual observem que es combinen MasterClass amb la pr\u00f2pia experi\u00e8ncia. Cada projecte s\u2019adre\u00e7a a un <a href=\"https:\/\/www.eixestels.com\/ca\/estades-formatives-per-cicles-formatius\/cases-colonies-escolars\/4\" target=\"_blank\" rel=\"noopener\">Cicle Formatiu<\/a> de forma diferenciada.<\/p>\n<p>Aix\u00ed ens expliquen que els Cicles Formatius relacionats amb activitats educatives s\u00f3n els que mostren m\u00e9s inter\u00e8s i realitzen m\u00e9s estades, de manera que els tutors i professors dels cicles com el CFGM Conducci\u00f3 d\u2019Activitats Fisicoesportives en el Medi Natural, el Cicle Formatiu de Grau Superior d\u2019Animaci\u00f3 d\u2019activitats f\u00edsiques i esportives i el CFGS &#8211; Educaci\u00f3 infantil demanen cada vegada m\u00e9s aposten per incorporar estades de 3 a 5 dies en cases de col\u00f2nies sobretot entre final del segon trimestre i inici del tercer per donar un valor afegit a l\u2019aprenentatge dels seus alumnes.<\/p>\n<figure id=\"attachment_2381\" aria-describedby=\"caption-attachment-2381\" style=\"width: 767px\" class=\"wp-caption alignnone\"><img fetchpriority=\"high\" decoding=\"async\" class=\"size-full wp-image-2381\" src=\"https:\/\/nostalgic-ishizaka.82-223-1-47.plesk.page\/extra\/wp-content\/uploads\/sites\/25\/2023\/12\/COLONIES-ESCOLARS-FISICOESPORTIVES.jpg\" alt=\"\" width=\"767\" height=\"645\" \/><figcaption id=\"caption-attachment-2381\" class=\"wp-caption-text\">Col\u00f2nies escolars fisicoesportives<\/figcaption><\/figure>\n<p>Unes propostes que en el cas d\u2019Eix Estels es realitzen principalment al seu nou espai Educatiu, l\u2019Hotel <a href=\"https:\/\/www.eixestels.com\/ca\/hotel-familiar-el-jou-nature\/buscar-cases-colonies\/154\" target=\"_blank\" rel=\"noopener\">El Jou Nature<\/a>, tot i que tenen r\u00e8plica a qualsevol de les seves cases de col\u00f2nies repartides per tota Catalunya i que es coordinen i preparen de forma molt personalitzada entre els responsables pedag\u00f2gics d\u2019Eix Estels i els tutors o professors que les reserven.<\/p>\n<p>Des d\u2019Eix Estels, ens expliquen tamb\u00e9 que cada vegada m\u00e9s s\u2019incorporen altres punts de treball de valor en aquestes estades, relacionades amb gesti\u00f3 de les emocions, la carrera professional i la reputaci\u00f3 digital personal, aspectes que incorporen al llarg d\u2019aquestes noves col\u00f2nies, sent els professors de Batxillerat els qui m\u00e9s inter\u00e8s mostren per treballar aquests aspectes de benestar personal, de confian\u00e7a en un mateix i en el grup i de compet\u00e8ncies comunicatives. Una demanda que, comenta Jaume Ramos, s\u2019ha vist incrementada amb l\u2019arribada a aquestes darreres etapes d\u2019instituts d\u2019alumnes que van interrompre part dels seus Estudis regulars de l\u2019ESO degut a la covid.<\/p>\n<p>Aix\u00ed doncs, llarga vida a les col\u00f2nies! I a les cases de col\u00f2nies que, lluny d\u2019estancar-se oferint propostes similars i repetides cada curs, incorporen cada any novetats, com les que presentava Eix Estels per a la propera primavera, consolidant la seva proposta m\u00e9s innovadora adre\u00e7ada a alumnes de Batxillerat i de Cicles Formatius.<\/p>\n<p>Des d\u2019Eix Estels comenten que ja queden poques dates disponibles, per\u00f2&#8230; Si voleu saber m\u00e9s sobre aquesta proposta o qualsevol de les noves propostes que han preparat per a la primavera del 2024 us recomanem que visiteu <a href=\"https:\/\/www.eixestels.com\/\" target=\"_blank\" rel=\"noopener\">la seva web<\/a> i feu un cop d\u2019ull a la seva secci\u00f3 d\u2019activitats per a escoles. Us hi animeu?<\/p>\n","protected":false},"excerpt":{"rendered":"<p>Doncs s\u00ed! Les col\u00f2nies o estades escolars no s\u2019acaben a 4t d\u2019ESO. &#8220;Cada cop s\u00f3n m\u00e9s demanades i amb molt bons resultats les estades per a Cicles Formatius i per a Batxillerat&#8221;, afirma el director comercial d&#8217;Eix Estels, Jaume Ramos. S\u00f3n, continua Ramos, una novetat dins les propostes educatives dels instituts que volen refor\u00e7ar la<\/p>\n","protected":false},"author":296,"featured_media":2415,"comment_status":"open","ping_status":"closed","sticky":false,"template":"","format":"standard","meta":{"footnotes":""},"categories":[132],"tags":[170,174,171],"tipo":[192],"class_list":{"0":"post-2377","1":"post","2":"type-post","3":"status-publish","4":"format-standard","5":"has-post-thumbnail","7":"category-activitats","8":"tag-colonies","9":"tag-extraescolars","10":"tag-lleure","11":"tipo-actualitat"},"yoast_head":"<!-- This site is optimized with the Yoast SEO plugin v27.4 - https:\/\/yoast.com\/product\/yoast-seo-wordpress\/ -->\n<title>Unes col\u00f2nies m\u00e9s enll\u00e0 de l\u2019ESO? - Extra Educaci\u00f3<\/title>\n<meta name=\"robots\" content=\"index, follow, max-snippet:-1, max-image-preview:large, max-video-preview:-1\" \/>\n<link rel=\"canonical\" href=\"https:\/\/diarieducacio.cat\/extra\/2023\/12\/08\/unes-colonies-mes-enlla-de-leso\/\" \/>\n<meta property=\"og:locale\" content=\"ca_ES\" \/>\n<meta property=\"og:type\" content=\"article\" \/>\n<meta property=\"og:title\" content=\"Unes col\u00f2nies m\u00e9s enll\u00e0 de l\u2019ESO? - Extra Educaci\u00f3\" \/>\n<meta property=\"og:description\" content=\"Doncs s\u00ed! Les col\u00f2nies o estades escolars no s\u2019acaben a 4t d\u2019ESO. &#8220;Cada cop s\u00f3n m\u00e9s demanades i amb molt bons resultats les estades per a Cicles Formatius i per a Batxillerat&#8221;, afirma el director comercial d&#8217;Eix Estels, Jaume Ramos. S\u00f3n, continua Ramos, una novetat dins les propostes educatives dels instituts que volen refor\u00e7ar la\" \/>\n<meta property=\"og:url\" content=\"https:\/\/diarieducacio.cat\/extra\/2023\/12\/08\/unes-colonies-mes-enlla-de-leso\/\" \/>\n<meta property=\"og:site_name\" content=\"Extra Educaci\u00f3\" \/>\n<meta property=\"article:publisher\" content=\"https:\/\/www.facebook.com\/diarieducacio\/\" \/>\n<meta property=\"article:published_time\" content=\"2023-12-08T08:41:04+00:00\" \/>\n<meta property=\"article:modified_time\" content=\"2024-08-08T21:17:43+00:00\" \/>\n<meta property=\"og:image\" content=\"https:\/\/diarieducacio.cat\/extra\/wp-content\/uploads\/sites\/25\/2023\/12\/DSC_0550.jpg\" \/>\n\t<meta property=\"og:image:width\" content=\"1000\" \/>\n\t<meta property=\"og:image:height\" content=\"667\" \/>\n\t<meta property=\"og:image:type\" content=\"image\/jpeg\" \/>\n<meta name=\"author\" content=\"Redacci\u00f3\" \/>\n<meta name=\"twitter:card\" content=\"summary_large_image\" \/>\n<meta name=\"twitter:creator\" content=\"@DiariEducacio\" \/>\n<meta name=\"twitter:site\" content=\"@DiariEducacio\" \/>\n<meta name=\"twitter:label1\" content=\"Escrit per\" \/>\n\t<meta name=\"twitter:data1\" content=\"Redacci\u00f3\" \/>\n\t<meta name=\"twitter:label2\" content=\"Temps estimat de lectura\" \/>\n\t<meta name=\"twitter:data2\" content=\"3 minuts\" \/>\n<script type=\"application\/ld+json\" class=\"yoast-schema-graph\">{\"@context\":\"https:\\\/\\\/schema.org\",\"@graph\":[{\"@type\":\"Article\",\"@id\":\"https:\\\/\\\/diarieducacio.cat\\\/extra\\\/2023\\\/12\\\/08\\\/unes-colonies-mes-enlla-de-leso\\\/#article\",\"isPartOf\":{\"@id\":\"https:\\\/\\\/diarieducacio.cat\\\/extra\\\/2023\\\/12\\\/08\\\/unes-colonies-mes-enlla-de-leso\\\/\"},\"author\":{\"name\":\"Redacci\u00f3\",\"@id\":\"https:\\\/\\\/diarieducacio.cat\\\/extra\\\/#\\\/schema\\\/person\\\/f5dafb48ac9387da1ad62d113aaa7418\"},\"headline\":\"Unes col\u00f2nies m\u00e9s enll\u00e0 de l\u2019ESO?\",\"datePublished\":\"2023-12-08T08:41:04+00:00\",\"dateModified\":\"2024-08-08T21:17:43+00:00\",\"mainEntityOfPage\":{\"@id\":\"https:\\\/\\\/diarieducacio.cat\\\/extra\\\/2023\\\/12\\\/08\\\/unes-colonies-mes-enlla-de-leso\\\/\"},\"wordCount\":612,\"commentCount\":0,\"image\":{\"@id\":\"https:\\\/\\\/diarieducacio.cat\\\/extra\\\/2023\\\/12\\\/08\\\/unes-colonies-mes-enlla-de-leso\\\/#primaryimage\"},\"thumbnailUrl\":\"https:\\\/\\\/diarieducacio.cat\\\/extra\\\/wp-content\\\/uploads\\\/sites\\\/25\\\/2023\\\/12\\\/DSC_0550.jpg\",\"keywords\":[\"col\u00f2nies\",\"extraescolars\",\"lleure\"],\"articleSection\":[\"Activitats\"],\"inLanguage\":\"ca\",\"potentialAction\":[{\"@type\":\"CommentAction\",\"name\":\"Comment\",\"target\":[\"https:\\\/\\\/diarieducacio.cat\\\/extra\\\/2023\\\/12\\\/08\\\/unes-colonies-mes-enlla-de-leso\\\/#respond\"]}]},{\"@type\":\"WebPage\",\"@id\":\"https:\\\/\\\/diarieducacio.cat\\\/extra\\\/2023\\\/12\\\/08\\\/unes-colonies-mes-enlla-de-leso\\\/\",\"url\":\"https:\\\/\\\/diarieducacio.cat\\\/extra\\\/2023\\\/12\\\/08\\\/unes-colonies-mes-enlla-de-leso\\\/\",\"name\":\"Unes col\u00f2nies m\u00e9s enll\u00e0 de l\u2019ESO? - Extra Educaci\u00f3\",\"isPartOf\":{\"@id\":\"https:\\\/\\\/diarieducacio.cat\\\/extra\\\/#website\"},\"primaryImageOfPage\":{\"@id\":\"https:\\\/\\\/diarieducacio.cat\\\/extra\\\/2023\\\/12\\\/08\\\/unes-colonies-mes-enlla-de-leso\\\/#primaryimage\"},\"image\":{\"@id\":\"https:\\\/\\\/diarieducacio.cat\\\/extra\\\/2023\\\/12\\\/08\\\/unes-colonies-mes-enlla-de-leso\\\/#primaryimage\"},\"thumbnailUrl\":\"https:\\\/\\\/diarieducacio.cat\\\/extra\\\/wp-content\\\/uploads\\\/sites\\\/25\\\/2023\\\/12\\\/DSC_0550.jpg\",\"datePublished\":\"2023-12-08T08:41:04+00:00\",\"dateModified\":\"2024-08-08T21:17:43+00:00\",\"author\":{\"@id\":\"https:\\\/\\\/diarieducacio.cat\\\/extra\\\/#\\\/schema\\\/person\\\/f5dafb48ac9387da1ad62d113aaa7418\"},\"breadcrumb\":{\"@id\":\"https:\\\/\\\/diarieducacio.cat\\\/extra\\\/2023\\\/12\\\/08\\\/unes-colonies-mes-enlla-de-leso\\\/#breadcrumb\"},\"inLanguage\":\"ca\",\"potentialAction\":[{\"@type\":\"ReadAction\",\"target\":[\"https:\\\/\\\/diarieducacio.cat\\\/extra\\\/2023\\\/12\\\/08\\\/unes-colonies-mes-enlla-de-leso\\\/\"]}]},{\"@type\":\"ImageObject\",\"inLanguage\":\"ca\",\"@id\":\"https:\\\/\\\/diarieducacio.cat\\\/extra\\\/2023\\\/12\\\/08\\\/unes-colonies-mes-enlla-de-leso\\\/#primaryimage\",\"url\":\"https:\\\/\\\/diarieducacio.cat\\\/extra\\\/wp-content\\\/uploads\\\/sites\\\/25\\\/2023\\\/12\\\/DSC_0550.jpg\",\"contentUrl\":\"https:\\\/\\\/diarieducacio.cat\\\/extra\\\/wp-content\\\/uploads\\\/sites\\\/25\\\/2023\\\/12\\\/DSC_0550.jpg\",\"width\":1000,\"height\":667},{\"@type\":\"BreadcrumbList\",\"@id\":\"https:\\\/\\\/diarieducacio.cat\\\/extra\\\/2023\\\/12\\\/08\\\/unes-colonies-mes-enlla-de-leso\\\/#breadcrumb\",\"itemListElement\":[{\"@type\":\"ListItem\",\"position\":1,\"name\":\"Inici\",\"item\":\"https:\\\/\\\/diarieducacio.cat\\\/extra\\\/\"},{\"@type\":\"ListItem\",\"position\":2,\"name\":\"Unes col\u00f2nies m\u00e9s enll\u00e0 de l\u2019ESO?\"}]},{\"@type\":\"WebSite\",\"@id\":\"https:\\\/\\\/diarieducacio.cat\\\/extra\\\/#website\",\"url\":\"https:\\\/\\\/diarieducacio.cat\\\/extra\\\/\",\"name\":\"Extra Educaci\u00f3\",\"description\":\"Un blog de El Diari de l&#039;Educaci\u00f3\",\"potentialAction\":[{\"@type\":\"SearchAction\",\"target\":{\"@type\":\"EntryPoint\",\"urlTemplate\":\"https:\\\/\\\/diarieducacio.cat\\\/extra\\\/?s={search_term_string}\"},\"query-input\":{\"@type\":\"PropertyValueSpecification\",\"valueRequired\":true,\"valueName\":\"search_term_string\"}}],\"inLanguage\":\"ca\"},{\"@type\":\"Person\",\"@id\":\"https:\\\/\\\/diarieducacio.cat\\\/extra\\\/#\\\/schema\\\/person\\\/f5dafb48ac9387da1ad62d113aaa7418\",\"name\":\"Redacci\u00f3\",\"image\":{\"@type\":\"ImageObject\",\"inLanguage\":\"ca\",\"@id\":\"https:\\\/\\\/secure.gravatar.com\\\/avatar\\\/a78e916d0e1ae6dc0816ad54933d6677b29b8a425d4ccab7da56e9e309c42950?s=96&d=mm&r=g\",\"url\":\"https:\\\/\\\/secure.gravatar.com\\\/avatar\\\/a78e916d0e1ae6dc0816ad54933d6677b29b8a425d4ccab7da56e9e309c42950?s=96&d=mm&r=g\",\"contentUrl\":\"https:\\\/\\\/secure.gravatar.com\\\/avatar\\\/a78e916d0e1ae6dc0816ad54933d6677b29b8a425d4ccab7da56e9e309c42950?s=96&d=mm&r=g\",\"caption\":\"Redacci\u00f3\"},\"url\":\"https:\\\/\\\/diarieducacio.cat\\\/extra\\\/author\\\/redacextraedu\\\/\"}]}<\/script>\n<!-- \/ Yoast SEO plugin. -->","yoast_head_json":{"title":"Unes col\u00f2nies m\u00e9s enll\u00e0 de l\u2019ESO? - Extra Educaci\u00f3","robots":{"index":"index","follow":"follow","max-snippet":"max-snippet:-1","max-image-preview":"max-image-preview:large","max-video-preview":"max-video-preview:-1"},"canonical":"https:\/\/diarieducacio.cat\/extra\/2023\/12\/08\/unes-colonies-mes-enlla-de-leso\/","og_locale":"ca_ES","og_type":"article","og_title":"Unes col\u00f2nies m\u00e9s enll\u00e0 de l\u2019ESO? - Extra Educaci\u00f3","og_description":"Doncs s\u00ed! Les col\u00f2nies o estades escolars no s\u2019acaben a 4t d\u2019ESO. &#8220;Cada cop s\u00f3n m\u00e9s demanades i amb molt bons resultats les estades per a Cicles Formatius i per a Batxillerat&#8221;, afirma el director comercial d&#8217;Eix Estels, Jaume Ramos. S\u00f3n, continua Ramos, una novetat dins les propostes educatives dels instituts que volen refor\u00e7ar la","og_url":"https:\/\/diarieducacio.cat\/extra\/2023\/12\/08\/unes-colonies-mes-enlla-de-leso\/","og_site_name":"Extra Educaci\u00f3","article_publisher":"https:\/\/www.facebook.com\/diarieducacio\/","article_published_time":"2023-12-08T08:41:04+00:00","article_modified_time":"2024-08-08T21:17:43+00:00","og_image":[{"width":1000,"height":667,"url":"https:\/\/diarieducacio.cat\/extra\/wp-content\/uploads\/sites\/25\/2023\/12\/DSC_0550.jpg","type":"image\/jpeg"}],"author":"Redacci\u00f3","twitter_card":"summary_large_image","twitter_creator":"@DiariEducacio","twitter_site":"@DiariEducacio","twitter_misc":{"Escrit per":"Redacci\u00f3","Temps estimat de lectura":"3 minuts"},"schema":{"@context":"https:\/\/schema.org","@graph":[{"@type":"Article","@id":"https:\/\/diarieducacio.cat\/extra\/2023\/12\/08\/unes-colonies-mes-enlla-de-leso\/#article","isPartOf":{"@id":"https:\/\/diarieducacio.cat\/extra\/2023\/12\/08\/unes-colonies-mes-enlla-de-leso\/"},"author":{"name":"Redacci\u00f3","@id":"https:\/\/diarieducacio.cat\/extra\/#\/schema\/person\/f5dafb48ac9387da1ad62d113aaa7418"},"headline":"Unes col\u00f2nies m\u00e9s enll\u00e0 de l\u2019ESO?","datePublished":"2023-12-08T08:41:04+00:00","dateModified":"2024-08-08T21:17:43+00:00","mainEntityOfPage":{"@id":"https:\/\/diarieducacio.cat\/extra\/2023\/12\/08\/unes-colonies-mes-enlla-de-leso\/"},"wordCount":612,"commentCount":0,"image":{"@id":"https:\/\/diarieducacio.cat\/extra\/2023\/12\/08\/unes-colonies-mes-enlla-de-leso\/#primaryimage"},"thumbnailUrl":"https:\/\/diarieducacio.cat\/extra\/wp-content\/uploads\/sites\/25\/2023\/12\/DSC_0550.jpg","keywords":["col\u00f2nies","extraescolars","lleure"],"articleSection":["Activitats"],"inLanguage":"ca","potentialAction":[{"@type":"CommentAction","name":"Comment","target":["https:\/\/diarieducacio.cat\/extra\/2023\/12\/08\/unes-colonies-mes-enlla-de-leso\/#respond"]}]},{"@type":"WebPage","@id":"https:\/\/diarieducacio.cat\/extra\/2023\/12\/08\/unes-colonies-mes-enlla-de-leso\/","url":"https:\/\/diarieducacio.cat\/extra\/2023\/12\/08\/unes-colonies-mes-enlla-de-leso\/","name":"Unes col\u00f2nies m\u00e9s enll\u00e0 de l\u2019ESO? - Extra Educaci\u00f3","isPartOf":{"@id":"https:\/\/diarieducacio.cat\/extra\/#website"},"primaryImageOfPage":{"@id":"https:\/\/diarieducacio.cat\/extra\/2023\/12\/08\/unes-colonies-mes-enlla-de-leso\/#primaryimage"},"image":{"@id":"https:\/\/diarieducacio.cat\/extra\/2023\/12\/08\/unes-colonies-mes-enlla-de-leso\/#primaryimage"},"thumbnailUrl":"https:\/\/diarieducacio.cat\/extra\/wp-content\/uploads\/sites\/25\/2023\/12\/DSC_0550.jpg","datePublished":"2023-12-08T08:41:04+00:00","dateModified":"2024-08-08T21:17:43+00:00","author":{"@id":"https:\/\/diarieducacio.cat\/extra\/#\/schema\/person\/f5dafb48ac9387da1ad62d113aaa7418"},"breadcrumb":{"@id":"https:\/\/diarieducacio.cat\/extra\/2023\/12\/08\/unes-colonies-mes-enlla-de-leso\/#breadcrumb"},"inLanguage":"ca","potentialAction":[{"@type":"ReadAction","target":["https:\/\/diarieducacio.cat\/extra\/2023\/12\/08\/unes-colonies-mes-enlla-de-leso\/"]}]},{"@type":"ImageObject","inLanguage":"ca","@id":"https:\/\/diarieducacio.cat\/extra\/2023\/12\/08\/unes-colonies-mes-enlla-de-leso\/#primaryimage","url":"https:\/\/diarieducacio.cat\/extra\/wp-content\/uploads\/sites\/25\/2023\/12\/DSC_0550.jpg","contentUrl":"https:\/\/diarieducacio.cat\/extra\/wp-content\/uploads\/sites\/25\/2023\/12\/DSC_0550.jpg","width":1000,"height":667},{"@type":"BreadcrumbList","@id":"https:\/\/diarieducacio.cat\/extra\/2023\/12\/08\/unes-colonies-mes-enlla-de-leso\/#breadcrumb","itemListElement":[{"@type":"ListItem","position":1,"name":"Inici","item":"https:\/\/diarieducacio.cat\/extra\/"},{"@type":"ListItem","position":2,"name":"Unes col\u00f2nies m\u00e9s enll\u00e0 de l\u2019ESO?"}]},{"@type":"WebSite","@id":"https:\/\/diarieducacio.cat\/extra\/#website","url":"https:\/\/diarieducacio.cat\/extra\/","name":"Extra Educaci\u00f3","description":"Un blog de El Diari de l&#039;Educaci\u00f3","potentialAction":[{"@type":"SearchAction","target":{"@type":"EntryPoint","urlTemplate":"https:\/\/diarieducacio.cat\/extra\/?s={search_term_string}"},"query-input":{"@type":"PropertyValueSpecification","valueRequired":true,"valueName":"search_term_string"}}],"inLanguage":"ca"},{"@type":"Person","@id":"https:\/\/diarieducacio.cat\/extra\/#\/schema\/person\/f5dafb48ac9387da1ad62d113aaa7418","name":"Redacci\u00f3","image":{"@type":"ImageObject","inLanguage":"ca","@id":"https:\/\/secure.gravatar.com\/avatar\/a78e916d0e1ae6dc0816ad54933d6677b29b8a425d4ccab7da56e9e309c42950?s=96&d=mm&r=g","url":"https:\/\/secure.gravatar.com\/avatar\/a78e916d0e1ae6dc0816ad54933d6677b29b8a425d4ccab7da56e9e309c42950?s=96&d=mm&r=g","contentUrl":"https:\/\/secure.gravatar.com\/avatar\/a78e916d0e1ae6dc0816ad54933d6677b29b8a425d4ccab7da56e9e309c42950?s=96&d=mm&r=g","caption":"Redacci\u00f3"},"url":"https:\/\/diarieducacio.cat\/extra\/author\/redacextraedu\/"}]}},"_links":{"self":[{"href":"https:\/\/diarieducacio.cat\/extra\/wp-json\/wp\/v2\/posts\/2377","targetHints":{"allow":["GET"]}}],"collection":[{"href":"https:\/\/diarieducacio.cat\/extra\/wp-json\/wp\/v2\/posts"}],"about":[{"href":"https:\/\/diarieducacio.cat\/extra\/wp-json\/wp\/v2\/types\/post"}],"author":[{"embeddable":true,"href":"https:\/\/diarieducacio.cat\/extra\/wp-json\/wp\/v2\/users\/296"}],"replies":[{"embeddable":true,"href":"https:\/\/diarieducacio.cat\/extra\/wp-json\/wp\/v2\/comments?post=2377"}],"version-history":[{"count":1,"href":"https:\/\/diarieducacio.cat\/extra\/wp-json\/wp\/v2\/posts\/2377\/revisions"}],"predecessor-version":[{"id":2776,"href":"https:\/\/diarieducacio.cat\/extra\/wp-json\/wp\/v2\/posts\/2377\/revisions\/2776"}],"wp:featuredmedia":[{"embeddable":true,"href":"https:\/\/diarieducacio.cat\/extra\/wp-json\/wp\/v2\/media\/2415"}],"wp:attachment":[{"href":"https:\/\/diarieducacio.cat\/extra\/wp-json\/wp\/v2\/media?parent=2377"}],"wp:term":[{"taxonomy":"category","embeddable":true,"href":"https:\/\/diarieducacio.cat\/extra\/wp-json\/wp\/v2\/categories?post=2377"},{"taxonomy":"post_tag","embeddable":true,"href":"https:\/\/diarieducacio.cat\/extra\/wp-json\/wp\/v2\/tags?post=2377"},{"taxonomy":"tipo","embeddable":true,"href":"https:\/\/diarieducacio.cat\/extra\/wp-json\/wp\/v2\/tipo?post=2377"}],"curies":[{"name":"wp","href":"https:\/\/api.w.org\/{rel}","templated":true}]}}