{"id":2850,"date":"2024-05-09T11:06:02","date_gmt":"2024-05-09T10:06:02","guid":{"rendered":"https:\/\/diarieducacio.cat\/extra\/?p=2460"},"modified":"2024-05-09T11:06:02","modified_gmt":"2024-05-09T10:06:02","slug":"centenars-destudiants-es-reuneixen-a-barcelona-per-sacsejar-el-mon-amb-les-seves-idees","status":"publish","type":"post","link":"https:\/\/diarieducacio.cat\/extra\/2024\/05\/09\/centenars-destudiants-es-reuneixen-a-barcelona-per-sacsejar-el-mon-amb-les-seves-idees\/","title":{"rendered":"Centenars d\u2019estudiants es reuneixen a Barcelona per sacsejar el m\u00f3n amb les seves idees"},"content":{"rendered":"<p>Entre el centenar de projectes de tot Espanya que es desenvoluparan al campus hi ha 26 iniciatives presentades per estudiants de centres educatius de Catalunya. Tots els projectes, seleccionats d\u2019entre prop de 2.000 propostes, estan relacionats amb alguns dels 17 Objectius de Desenvolupament Sostenible (ODS) de les Nacions Unides. Se centren en reptes actuals de la societat com el creixement de l\u2019addicci\u00f3 als m\u00f2bils entre els joves, l\u2019augment dels problemes de salut mental, la lluita contra la sequera, la mobilitat urbana sostenible, la conviv\u00e8ncia intercultural, la igualtat de g\u00e8nere i la reducci\u00f3 del malbaratament de roba i d\u2019aliments.<\/p>\n<p>En total, participen en el campus alumnes de 93 centres educatius d\u2019Espanya i 7 de Portugal. Tamb\u00e9 s\u2019hi han convidat dos equips provinents de la fira internacional Exporecerca Jove, dos equips del programa Technovation Girls, dos equips del Per\u00fa i un equip de Miami (Estats Units).<\/p>\n<p>Al llarg de quatre jornades, els participants del campus tindran l\u2019oportunitat de connectar, compartir i aprofundir les seves propostes a trav\u00e9s de trobades amb mentors, tallers, confer\u00e8ncies, xerrades inspiradores i visites a empreses i centres de refer\u00e8ncia.<\/p>\n<p>Entre els ponents i mentors destacats hi ha el director del Tsai Center for Innovative Thinking de la Universitat de Yale, Victor Padilla-Taylor; la presidenta del Consell de la Joventut d\u2019Espanya, Andrea Gonz\u00e1lez Henry; la neur\u00f2loga i divulgadora M\u00f3nica Kurtis; el fundador de Mentes Empreendedoras, Afonso Mendon\u00e7a; i la professora i investigadora del MIT Mercedes Balcells-Camps. Les visites formatives tindran lloc en institucions com l\u2019Hospital Sant Joan de D\u00e9u, RTVE Catalunya, Tech Barcelona, Espacio 42 i CaixaForum Barcelona.<\/p>\n<p>\u00ab\u00c9s realment esperan\u00e7ador veure l\u2019enginy, la il\u00b7lusi\u00f3 i el comprom\u00eds social amb qu\u00e8 aquests joves aborden els seus projectes. El nostre objectiu \u00e9s impulsar el seu talent perqu\u00e8 totes aquestes idees brillants que neixen a l\u2019aula acabin sacsejant el m\u00f3n el transformin en un lloc m\u00e9s just i sostenible\u00bb, ha assegurat la directora del Departament d\u2019Educaci\u00f3 de la Fundaci\u00f3 \u201dla\u00a0Caixa\u201d, Maria Espinet.<\/p>\n<p>El campus acaba dissabte amb la presentaci\u00f3 de les iniciatives davant d\u2019un jurat d\u2019experts que seleccionar\u00e0 els 17 equips que faran un viatge formatiu als Estats Units aquest estiu. Durant deu dies, els premiats presentaran les seves idees a la seu de les Nacions Unides a Nova York i visitaran alguns dels centres de coneixement m\u00e9s avan\u00e7ats del m\u00f3n, com el Massachusetts Institute of Technology (MIT). Tamb\u00e9 se seleccionaran tres equips per participar en el Youth Start, el certamen d\u2019emprenedoria jove que se celebrar\u00e0 a l\u2019octubre a Berl\u00edn.<\/p>\n<h3>M\u00e9s d\u2019una d\u00e8cada d\u2019impuls a les idees transformadores<\/h3>\n<p>The Challenge \u00e9s un programa educatiu d\u2019EduCaixa que, a partir d\u2019un repte, permet a l\u2019alumnat desenvolupar aprenentatges significatius i millorar les seves compet\u00e8ncies, aproximar-se a contextos professionals reals, conviure i contribuir a la millora social.<\/p>\n<p>Va dirigit a estudiants d\u2019Espanya i Portugal de m\u00e9s de 14 anys que estiguin cursant 3r o 4t d\u2019ESO, batxillerat, FP b\u00e0sica o FP de grau mitj\u00e0. Els docents de refer\u00e8ncia participen activament en la prescripci\u00f3, l\u2019organitzaci\u00f3 a l\u2019aula i l\u2019acompanyament en les activitats, i tamb\u00e9 en sessions formatives i comunit\u00e0ries exclusives.<\/p>\n","protected":false},"excerpt":{"rendered":"<p>Entre el centenar de projectes de tot Espanya que es desenvoluparan al campus hi ha 26 iniciatives presentades per estudiants de centres educatius de Catalunya. Tots els projectes, seleccionats d\u2019entre prop de 2.000 propostes, estan relacionats amb alguns dels 17 Objectius de Desenvolupament Sostenible (ODS) de les Nacions Unides. Se centren en reptes actuals de<\/p>\n","protected":false},"author":296,"featured_media":2843,"comment_status":"open","ping_status":"closed","sticky":false,"template":"","format":"standard","meta":{"footnotes":""},"categories":[132],"tags":[],"tipo":[],"class_list":{"0":"post-2850","1":"post","2":"type-post","3":"status-publish","4":"format-standard","5":"has-post-thumbnail","7":"category-activitats"},"yoast_head":"<!-- This site is optimized with the Yoast SEO plugin v27.5 - https:\/\/yoast.com\/product\/yoast-seo-wordpress\/ -->\n<title>Centenars d\u2019estudiants es reuneixen a Barcelona per sacsejar el m\u00f3n amb les seves idees - Extra Educaci\u00f3<\/title>\n<meta name=\"robots\" content=\"index, follow, max-snippet:-1, max-image-preview:large, max-video-preview:-1\" \/>\n<link rel=\"canonical\" href=\"https:\/\/diarieducacio.cat\/extra\/2024\/05\/09\/centenars-destudiants-es-reuneixen-a-barcelona-per-sacsejar-el-mon-amb-les-seves-idees\/\" \/>\n<meta property=\"og:locale\" content=\"ca_ES\" \/>\n<meta property=\"og:type\" content=\"article\" \/>\n<meta property=\"og:title\" content=\"Centenars d\u2019estudiants es reuneixen a Barcelona per sacsejar el m\u00f3n amb les seves idees - Extra Educaci\u00f3\" \/>\n<meta property=\"og:description\" content=\"Entre el centenar de projectes de tot Espanya que es desenvoluparan al campus hi ha 26 iniciatives presentades per estudiants de centres educatius de Catalunya. Tots els projectes, seleccionats d\u2019entre prop de 2.000 propostes, estan relacionats amb alguns dels 17 Objectius de Desenvolupament Sostenible (ODS) de les Nacions Unides. Se centren en reptes actuals de\" \/>\n<meta property=\"og:url\" content=\"https:\/\/diarieducacio.cat\/extra\/2024\/05\/09\/centenars-destudiants-es-reuneixen-a-barcelona-per-sacsejar-el-mon-amb-les-seves-idees\/\" \/>\n<meta property=\"og:site_name\" content=\"Extra Educaci\u00f3\" \/>\n<meta property=\"article:publisher\" content=\"https:\/\/www.facebook.com\/diarieducacio\/\" \/>\n<meta property=\"article:published_time\" content=\"2024-05-09T10:06:02+00:00\" \/>\n<meta property=\"og:image\" content=\"https:\/\/diarieducacio.cat\/extra\/wp-content\/uploads\/sites\/25\/2024\/05\/Mes-de-350-estudiants-participen-al-campus-The-Challenge-dEduCaixa-a-Barcelona.jpg\" \/>\n\t<meta property=\"og:image:width\" content=\"1200\" \/>\n\t<meta property=\"og:image:height\" content=\"800\" \/>\n\t<meta property=\"og:image:type\" content=\"image\/jpeg\" \/>\n<meta name=\"author\" content=\"Redacci\u00f3\" \/>\n<meta name=\"twitter:card\" content=\"summary_large_image\" \/>\n<meta name=\"twitter:creator\" content=\"@DiariEducacio\" \/>\n<meta name=\"twitter:site\" content=\"@DiariEducacio\" \/>\n<meta name=\"twitter:label1\" content=\"Escrit per\" \/>\n\t<meta name=\"twitter:data1\" content=\"Redacci\u00f3\" \/>\n\t<meta name=\"twitter:label2\" content=\"Temps estimat de lectura\" \/>\n\t<meta name=\"twitter:data2\" content=\"3 minuts\" \/>\n<script type=\"application\/ld+json\" class=\"yoast-schema-graph\">{\"@context\":\"https:\\\/\\\/schema.org\",\"@graph\":[{\"@type\":\"Article\",\"@id\":\"https:\\\/\\\/diarieducacio.cat\\\/extra\\\/2024\\\/05\\\/09\\\/centenars-destudiants-es-reuneixen-a-barcelona-per-sacsejar-el-mon-amb-les-seves-idees\\\/#article\",\"isPartOf\":{\"@id\":\"https:\\\/\\\/diarieducacio.cat\\\/extra\\\/2024\\\/05\\\/09\\\/centenars-destudiants-es-reuneixen-a-barcelona-per-sacsejar-el-mon-amb-les-seves-idees\\\/\"},\"author\":{\"name\":\"Redacci\u00f3\",\"@id\":\"https:\\\/\\\/diarieducacio.cat\\\/extra\\\/#\\\/schema\\\/person\\\/f5dafb48ac9387da1ad62d113aaa7418\"},\"headline\":\"Centenars d\u2019estudiants es reuneixen a Barcelona per sacsejar el m\u00f3n amb les seves idees\",\"datePublished\":\"2024-05-09T10:06:02+00:00\",\"mainEntityOfPage\":{\"@id\":\"https:\\\/\\\/diarieducacio.cat\\\/extra\\\/2024\\\/05\\\/09\\\/centenars-destudiants-es-reuneixen-a-barcelona-per-sacsejar-el-mon-amb-les-seves-idees\\\/\"},\"wordCount\":566,\"commentCount\":0,\"image\":{\"@id\":\"https:\\\/\\\/diarieducacio.cat\\\/extra\\\/2024\\\/05\\\/09\\\/centenars-destudiants-es-reuneixen-a-barcelona-per-sacsejar-el-mon-amb-les-seves-idees\\\/#primaryimage\"},\"thumbnailUrl\":\"https:\\\/\\\/diarieducacio.cat\\\/extra\\\/wp-content\\\/uploads\\\/sites\\\/25\\\/2024\\\/05\\\/Mes-de-350-estudiants-participen-al-campus-The-Challenge-dEduCaixa-a-Barcelona.jpg\",\"articleSection\":[\"Activitats\"],\"inLanguage\":\"ca\",\"potentialAction\":[{\"@type\":\"CommentAction\",\"name\":\"Comment\",\"target\":[\"https:\\\/\\\/diarieducacio.cat\\\/extra\\\/2024\\\/05\\\/09\\\/centenars-destudiants-es-reuneixen-a-barcelona-per-sacsejar-el-mon-amb-les-seves-idees\\\/#respond\"]}]},{\"@type\":\"WebPage\",\"@id\":\"https:\\\/\\\/diarieducacio.cat\\\/extra\\\/2024\\\/05\\\/09\\\/centenars-destudiants-es-reuneixen-a-barcelona-per-sacsejar-el-mon-amb-les-seves-idees\\\/\",\"url\":\"https:\\\/\\\/diarieducacio.cat\\\/extra\\\/2024\\\/05\\\/09\\\/centenars-destudiants-es-reuneixen-a-barcelona-per-sacsejar-el-mon-amb-les-seves-idees\\\/\",\"name\":\"Centenars d\u2019estudiants es reuneixen a Barcelona per sacsejar el m\u00f3n amb les seves idees - Extra Educaci\u00f3\",\"isPartOf\":{\"@id\":\"https:\\\/\\\/diarieducacio.cat\\\/extra\\\/#website\"},\"primaryImageOfPage\":{\"@id\":\"https:\\\/\\\/diarieducacio.cat\\\/extra\\\/2024\\\/05\\\/09\\\/centenars-destudiants-es-reuneixen-a-barcelona-per-sacsejar-el-mon-amb-les-seves-idees\\\/#primaryimage\"},\"image\":{\"@id\":\"https:\\\/\\\/diarieducacio.cat\\\/extra\\\/2024\\\/05\\\/09\\\/centenars-destudiants-es-reuneixen-a-barcelona-per-sacsejar-el-mon-amb-les-seves-idees\\\/#primaryimage\"},\"thumbnailUrl\":\"https:\\\/\\\/diarieducacio.cat\\\/extra\\\/wp-content\\\/uploads\\\/sites\\\/25\\\/2024\\\/05\\\/Mes-de-350-estudiants-participen-al-campus-The-Challenge-dEduCaixa-a-Barcelona.jpg\",\"datePublished\":\"2024-05-09T10:06:02+00:00\",\"author\":{\"@id\":\"https:\\\/\\\/diarieducacio.cat\\\/extra\\\/#\\\/schema\\\/person\\\/f5dafb48ac9387da1ad62d113aaa7418\"},\"breadcrumb\":{\"@id\":\"https:\\\/\\\/diarieducacio.cat\\\/extra\\\/2024\\\/05\\\/09\\\/centenars-destudiants-es-reuneixen-a-barcelona-per-sacsejar-el-mon-amb-les-seves-idees\\\/#breadcrumb\"},\"inLanguage\":\"ca\",\"potentialAction\":[{\"@type\":\"ReadAction\",\"target\":[\"https:\\\/\\\/diarieducacio.cat\\\/extra\\\/2024\\\/05\\\/09\\\/centenars-destudiants-es-reuneixen-a-barcelona-per-sacsejar-el-mon-amb-les-seves-idees\\\/\"]}]},{\"@type\":\"ImageObject\",\"inLanguage\":\"ca\",\"@id\":\"https:\\\/\\\/diarieducacio.cat\\\/extra\\\/2024\\\/05\\\/09\\\/centenars-destudiants-es-reuneixen-a-barcelona-per-sacsejar-el-mon-amb-les-seves-idees\\\/#primaryimage\",\"url\":\"https:\\\/\\\/diarieducacio.cat\\\/extra\\\/wp-content\\\/uploads\\\/sites\\\/25\\\/2024\\\/05\\\/Mes-de-350-estudiants-participen-al-campus-The-Challenge-dEduCaixa-a-Barcelona.jpg\",\"contentUrl\":\"https:\\\/\\\/diarieducacio.cat\\\/extra\\\/wp-content\\\/uploads\\\/sites\\\/25\\\/2024\\\/05\\\/Mes-de-350-estudiants-participen-al-campus-The-Challenge-dEduCaixa-a-Barcelona.jpg\",\"width\":1200,\"height\":800,\"caption\":\"campus The Challenge d\u2019EduCaixa | Fundaci\u00f3 \u201dla Caixa\u201d\"},{\"@type\":\"BreadcrumbList\",\"@id\":\"https:\\\/\\\/diarieducacio.cat\\\/extra\\\/2024\\\/05\\\/09\\\/centenars-destudiants-es-reuneixen-a-barcelona-per-sacsejar-el-mon-amb-les-seves-idees\\\/#breadcrumb\",\"itemListElement\":[{\"@type\":\"ListItem\",\"position\":1,\"name\":\"Inici\",\"item\":\"https:\\\/\\\/diarieducacio.cat\\\/extra\\\/\"},{\"@type\":\"ListItem\",\"position\":2,\"name\":\"Centenars d\u2019estudiants es reuneixen a Barcelona per sacsejar el m\u00f3n amb les seves idees\"}]},{\"@type\":\"WebSite\",\"@id\":\"https:\\\/\\\/diarieducacio.cat\\\/extra\\\/#website\",\"url\":\"https:\\\/\\\/diarieducacio.cat\\\/extra\\\/\",\"name\":\"Extra Educaci\u00f3\",\"description\":\"Un blog de El Diari de l&#039;Educaci\u00f3\",\"potentialAction\":[{\"@type\":\"SearchAction\",\"target\":{\"@type\":\"EntryPoint\",\"urlTemplate\":\"https:\\\/\\\/diarieducacio.cat\\\/extra\\\/?s={search_term_string}\"},\"query-input\":{\"@type\":\"PropertyValueSpecification\",\"valueRequired\":true,\"valueName\":\"search_term_string\"}}],\"inLanguage\":\"ca\"},{\"@type\":\"Person\",\"@id\":\"https:\\\/\\\/diarieducacio.cat\\\/extra\\\/#\\\/schema\\\/person\\\/f5dafb48ac9387da1ad62d113aaa7418\",\"name\":\"Redacci\u00f3\",\"image\":{\"@type\":\"ImageObject\",\"inLanguage\":\"ca\",\"@id\":\"https:\\\/\\\/secure.gravatar.com\\\/avatar\\\/a78e916d0e1ae6dc0816ad54933d6677b29b8a425d4ccab7da56e9e309c42950?s=96&d=mm&r=g\",\"url\":\"https:\\\/\\\/secure.gravatar.com\\\/avatar\\\/a78e916d0e1ae6dc0816ad54933d6677b29b8a425d4ccab7da56e9e309c42950?s=96&d=mm&r=g\",\"contentUrl\":\"https:\\\/\\\/secure.gravatar.com\\\/avatar\\\/a78e916d0e1ae6dc0816ad54933d6677b29b8a425d4ccab7da56e9e309c42950?s=96&d=mm&r=g\",\"caption\":\"Redacci\u00f3\"},\"url\":\"https:\\\/\\\/diarieducacio.cat\\\/extra\\\/author\\\/redacextraedu\\\/\"}]}<\/script>\n<!-- \/ Yoast SEO plugin. -->","yoast_head_json":{"title":"Centenars d\u2019estudiants es reuneixen a Barcelona per sacsejar el m\u00f3n amb les seves idees - Extra Educaci\u00f3","robots":{"index":"index","follow":"follow","max-snippet":"max-snippet:-1","max-image-preview":"max-image-preview:large","max-video-preview":"max-video-preview:-1"},"canonical":"https:\/\/diarieducacio.cat\/extra\/2024\/05\/09\/centenars-destudiants-es-reuneixen-a-barcelona-per-sacsejar-el-mon-amb-les-seves-idees\/","og_locale":"ca_ES","og_type":"article","og_title":"Centenars d\u2019estudiants es reuneixen a Barcelona per sacsejar el m\u00f3n amb les seves idees - Extra Educaci\u00f3","og_description":"Entre el centenar de projectes de tot Espanya que es desenvoluparan al campus hi ha 26 iniciatives presentades per estudiants de centres educatius de Catalunya. Tots els projectes, seleccionats d\u2019entre prop de 2.000 propostes, estan relacionats amb alguns dels 17 Objectius de Desenvolupament Sostenible (ODS) de les Nacions Unides. Se centren en reptes actuals de","og_url":"https:\/\/diarieducacio.cat\/extra\/2024\/05\/09\/centenars-destudiants-es-reuneixen-a-barcelona-per-sacsejar-el-mon-amb-les-seves-idees\/","og_site_name":"Extra Educaci\u00f3","article_publisher":"https:\/\/www.facebook.com\/diarieducacio\/","article_published_time":"2024-05-09T10:06:02+00:00","og_image":[{"width":1200,"height":800,"url":"https:\/\/diarieducacio.cat\/extra\/wp-content\/uploads\/sites\/25\/2024\/05\/Mes-de-350-estudiants-participen-al-campus-The-Challenge-dEduCaixa-a-Barcelona.jpg","type":"image\/jpeg"}],"author":"Redacci\u00f3","twitter_card":"summary_large_image","twitter_creator":"@DiariEducacio","twitter_site":"@DiariEducacio","twitter_misc":{"Escrit per":"Redacci\u00f3","Temps estimat de lectura":"3 minuts"},"schema":{"@context":"https:\/\/schema.org","@graph":[{"@type":"Article","@id":"https:\/\/diarieducacio.cat\/extra\/2024\/05\/09\/centenars-destudiants-es-reuneixen-a-barcelona-per-sacsejar-el-mon-amb-les-seves-idees\/#article","isPartOf":{"@id":"https:\/\/diarieducacio.cat\/extra\/2024\/05\/09\/centenars-destudiants-es-reuneixen-a-barcelona-per-sacsejar-el-mon-amb-les-seves-idees\/"},"author":{"name":"Redacci\u00f3","@id":"https:\/\/diarieducacio.cat\/extra\/#\/schema\/person\/f5dafb48ac9387da1ad62d113aaa7418"},"headline":"Centenars d\u2019estudiants es reuneixen a Barcelona per sacsejar el m\u00f3n amb les seves idees","datePublished":"2024-05-09T10:06:02+00:00","mainEntityOfPage":{"@id":"https:\/\/diarieducacio.cat\/extra\/2024\/05\/09\/centenars-destudiants-es-reuneixen-a-barcelona-per-sacsejar-el-mon-amb-les-seves-idees\/"},"wordCount":566,"commentCount":0,"image":{"@id":"https:\/\/diarieducacio.cat\/extra\/2024\/05\/09\/centenars-destudiants-es-reuneixen-a-barcelona-per-sacsejar-el-mon-amb-les-seves-idees\/#primaryimage"},"thumbnailUrl":"https:\/\/diarieducacio.cat\/extra\/wp-content\/uploads\/sites\/25\/2024\/05\/Mes-de-350-estudiants-participen-al-campus-The-Challenge-dEduCaixa-a-Barcelona.jpg","articleSection":["Activitats"],"inLanguage":"ca","potentialAction":[{"@type":"CommentAction","name":"Comment","target":["https:\/\/diarieducacio.cat\/extra\/2024\/05\/09\/centenars-destudiants-es-reuneixen-a-barcelona-per-sacsejar-el-mon-amb-les-seves-idees\/#respond"]}]},{"@type":"WebPage","@id":"https:\/\/diarieducacio.cat\/extra\/2024\/05\/09\/centenars-destudiants-es-reuneixen-a-barcelona-per-sacsejar-el-mon-amb-les-seves-idees\/","url":"https:\/\/diarieducacio.cat\/extra\/2024\/05\/09\/centenars-destudiants-es-reuneixen-a-barcelona-per-sacsejar-el-mon-amb-les-seves-idees\/","name":"Centenars d\u2019estudiants es reuneixen a Barcelona per sacsejar el m\u00f3n amb les seves idees - Extra Educaci\u00f3","isPartOf":{"@id":"https:\/\/diarieducacio.cat\/extra\/#website"},"primaryImageOfPage":{"@id":"https:\/\/diarieducacio.cat\/extra\/2024\/05\/09\/centenars-destudiants-es-reuneixen-a-barcelona-per-sacsejar-el-mon-amb-les-seves-idees\/#primaryimage"},"image":{"@id":"https:\/\/diarieducacio.cat\/extra\/2024\/05\/09\/centenars-destudiants-es-reuneixen-a-barcelona-per-sacsejar-el-mon-amb-les-seves-idees\/#primaryimage"},"thumbnailUrl":"https:\/\/diarieducacio.cat\/extra\/wp-content\/uploads\/sites\/25\/2024\/05\/Mes-de-350-estudiants-participen-al-campus-The-Challenge-dEduCaixa-a-Barcelona.jpg","datePublished":"2024-05-09T10:06:02+00:00","author":{"@id":"https:\/\/diarieducacio.cat\/extra\/#\/schema\/person\/f5dafb48ac9387da1ad62d113aaa7418"},"breadcrumb":{"@id":"https:\/\/diarieducacio.cat\/extra\/2024\/05\/09\/centenars-destudiants-es-reuneixen-a-barcelona-per-sacsejar-el-mon-amb-les-seves-idees\/#breadcrumb"},"inLanguage":"ca","potentialAction":[{"@type":"ReadAction","target":["https:\/\/diarieducacio.cat\/extra\/2024\/05\/09\/centenars-destudiants-es-reuneixen-a-barcelona-per-sacsejar-el-mon-amb-les-seves-idees\/"]}]},{"@type":"ImageObject","inLanguage":"ca","@id":"https:\/\/diarieducacio.cat\/extra\/2024\/05\/09\/centenars-destudiants-es-reuneixen-a-barcelona-per-sacsejar-el-mon-amb-les-seves-idees\/#primaryimage","url":"https:\/\/diarieducacio.cat\/extra\/wp-content\/uploads\/sites\/25\/2024\/05\/Mes-de-350-estudiants-participen-al-campus-The-Challenge-dEduCaixa-a-Barcelona.jpg","contentUrl":"https:\/\/diarieducacio.cat\/extra\/wp-content\/uploads\/sites\/25\/2024\/05\/Mes-de-350-estudiants-participen-al-campus-The-Challenge-dEduCaixa-a-Barcelona.jpg","width":1200,"height":800,"caption":"campus The Challenge d\u2019EduCaixa | Fundaci\u00f3 \u201dla Caixa\u201d"},{"@type":"BreadcrumbList","@id":"https:\/\/diarieducacio.cat\/extra\/2024\/05\/09\/centenars-destudiants-es-reuneixen-a-barcelona-per-sacsejar-el-mon-amb-les-seves-idees\/#breadcrumb","itemListElement":[{"@type":"ListItem","position":1,"name":"Inici","item":"https:\/\/diarieducacio.cat\/extra\/"},{"@type":"ListItem","position":2,"name":"Centenars d\u2019estudiants es reuneixen a Barcelona per sacsejar el m\u00f3n amb les seves idees"}]},{"@type":"WebSite","@id":"https:\/\/diarieducacio.cat\/extra\/#website","url":"https:\/\/diarieducacio.cat\/extra\/","name":"Extra Educaci\u00f3","description":"Un blog de El Diari de l&#039;Educaci\u00f3","potentialAction":[{"@type":"SearchAction","target":{"@type":"EntryPoint","urlTemplate":"https:\/\/diarieducacio.cat\/extra\/?s={search_term_string}"},"query-input":{"@type":"PropertyValueSpecification","valueRequired":true,"valueName":"search_term_string"}}],"inLanguage":"ca"},{"@type":"Person","@id":"https:\/\/diarieducacio.cat\/extra\/#\/schema\/person\/f5dafb48ac9387da1ad62d113aaa7418","name":"Redacci\u00f3","image":{"@type":"ImageObject","inLanguage":"ca","@id":"https:\/\/secure.gravatar.com\/avatar\/a78e916d0e1ae6dc0816ad54933d6677b29b8a425d4ccab7da56e9e309c42950?s=96&d=mm&r=g","url":"https:\/\/secure.gravatar.com\/avatar\/a78e916d0e1ae6dc0816ad54933d6677b29b8a425d4ccab7da56e9e309c42950?s=96&d=mm&r=g","contentUrl":"https:\/\/secure.gravatar.com\/avatar\/a78e916d0e1ae6dc0816ad54933d6677b29b8a425d4ccab7da56e9e309c42950?s=96&d=mm&r=g","caption":"Redacci\u00f3"},"url":"https:\/\/diarieducacio.cat\/extra\/author\/redacextraedu\/"}]}},"_links":{"self":[{"href":"https:\/\/diarieducacio.cat\/extra\/wp-json\/wp\/v2\/posts\/2850","targetHints":{"allow":["GET"]}}],"collection":[{"href":"https:\/\/diarieducacio.cat\/extra\/wp-json\/wp\/v2\/posts"}],"about":[{"href":"https:\/\/diarieducacio.cat\/extra\/wp-json\/wp\/v2\/types\/post"}],"author":[{"embeddable":true,"href":"https:\/\/diarieducacio.cat\/extra\/wp-json\/wp\/v2\/users\/296"}],"replies":[{"embeddable":true,"href":"https:\/\/diarieducacio.cat\/extra\/wp-json\/wp\/v2\/comments?post=2850"}],"version-history":[{"count":0,"href":"https:\/\/diarieducacio.cat\/extra\/wp-json\/wp\/v2\/posts\/2850\/revisions"}],"wp:featuredmedia":[{"embeddable":true,"href":"https:\/\/diarieducacio.cat\/extra\/wp-json\/wp\/v2\/media\/2843"}],"wp:attachment":[{"href":"https:\/\/diarieducacio.cat\/extra\/wp-json\/wp\/v2\/media?parent=2850"}],"wp:term":[{"taxonomy":"category","embeddable":true,"href":"https:\/\/diarieducacio.cat\/extra\/wp-json\/wp\/v2\/categories?post=2850"},{"taxonomy":"post_tag","embeddable":true,"href":"https:\/\/diarieducacio.cat\/extra\/wp-json\/wp\/v2\/tags?post=2850"},{"taxonomy":"tipo","embeddable":true,"href":"https:\/\/diarieducacio.cat\/extra\/wp-json\/wp\/v2\/tipo?post=2850"}],"curies":[{"name":"wp","href":"https:\/\/api.w.org\/{rel}","templated":true}]}}