{"id":2851,"date":"2024-05-14T15:43:50","date_gmt":"2024-05-14T14:43:50","guid":{"rendered":"https:\/\/diarieducacio.cat\/extra\/?p=2465"},"modified":"2024-05-14T15:43:50","modified_gmt":"2024-05-14T14:43:50","slug":"primera-circular-dels-col%c2%b7loquis-catalunya-educacio-2024-abordant-el-nou-curriculum-educatiu-amb-precisio-i-pluralitat","status":"publish","type":"post","link":"https:\/\/diarieducacio.cat\/extra\/2024\/05\/14\/primera-circular-dels-col%c2%b7loquis-catalunya-educacio-2024-abordant-el-nou-curriculum-educatiu-amb-precisio-i-pluralitat\/","title":{"rendered":"Col\u00b7loquis Catalunya Educaci\u00f3 2024: Abordant el Nou Curr\u00edculum Educatiu amb Precisi\u00f3 i Pluralitat"},"content":{"rendered":"<p>El dimecres 29 de maig, a les 16:30 h, tindr\u00e0 lloc l&#8217;esdeveniment Col\u00b7loquis Catalunya Educaci\u00f3 2024, organitzat per la Societat Catalana d\u2019Hist\u00f2ria Cultural amb la col\u00b7laboraci\u00f3 de l&#8217;Institut Obert de Catalunya i l&#8217;Espai L\u00ednia del Grup Comunicaci\u00f3 21 i amb el reconeixement del Departament d\u2019Educaci\u00f3. L\u2019esdeveniment se celebrar\u00e0 a l\u2019Espai L\u00ednia (carrer Girona, 52, Barcelona), i consistir\u00e0 en l\u2019exploraci\u00f3 i l\u2019an\u00e0lisi del nou curr\u00edculum educatiu en el context catal\u00e0 actual. L&#8217;activitat ser\u00e0 coordinada per Pere Poy, professor de la Universitat de Barcelona.<\/p>\n<p>Aquesta iniciativa sorgeix en resposta a la necessitat d&#8217;aprofundir en les implicacions i reptes del nou model educatiu, dissenyat en la LOMLOE amb la finalitat d\u2019abordar els desafiaments que la societat contempor\u00e0nia planteja a la preparaci\u00f3 dels ciutadans del segle XXI.<\/p>\n<p><img fetchpriority=\"high\" decoding=\"async\" class=\" wp-image-2466 aligncenter\" src=\"https:\/\/nostalgic-ishizaka.82-223-1-47.plesk.page\/extra\/wp-content\/uploads\/sites\/25\/2024\/05\/Colloquis-Catalunya-Educacio-2024.jpg\" alt=\"\" width=\"326\" height=\"461\" srcset=\"https:\/\/diarieducacio.cat\/extra\/wp-content\/uploads\/sites\/25\/2024\/05\/Colloquis-Catalunya-Educacio-2024.jpg 595w, https:\/\/diarieducacio.cat\/extra\/wp-content\/uploads\/sites\/25\/2024\/05\/Colloquis-Catalunya-Educacio-2024-212x300.jpg 212w, https:\/\/diarieducacio.cat\/extra\/wp-content\/uploads\/sites\/25\/2024\/05\/Colloquis-Catalunya-Educacio-2024-8x12.jpg 8w, https:\/\/diarieducacio.cat\/extra\/wp-content\/uploads\/sites\/25\/2024\/05\/Colloquis-Catalunya-Educacio-2024-150x212.jpg 150w, https:\/\/diarieducacio.cat\/extra\/wp-content\/uploads\/sites\/25\/2024\/05\/Colloquis-Catalunya-Educacio-2024-450x637.jpg 450w\" sizes=\"(max-width: 326px) 100vw, 326px\" \/><\/p>\n<p>Els Col\u00b7loquis se centraran en diversos aspectes clau del nou curr\u00edculum educatiu, com ara els conceptes de compet\u00e8ncies clau, espec\u00edfiques i transversals i els de sabers, objectius d&#8217;aprenentatge i criteris d&#8217;avaluaci\u00f3. Tamb\u00e9 n\u2019analitzar\u00e0 les seves fortaleses i debilitats en el marc del sistema educatiu catal\u00e0.<\/p>\n<p>L\u2019activitat es desplegar\u00e0 d\u2019acord amb aquest programa:<\/p>\n<ol>\n<li>Acolliment i inauguraci\u00f3<\/li>\n<li>Estat de l&#8217;educaci\u00f3 a Catalunya<\/li>\n<li>Pon\u00e8ncia sobre el nou curr\u00edculum educatiu i els seus reptes<\/li>\n<li>Col\u00b7loqui entre destacats professionals del sector educatiu<\/li>\n<li>Conclusions i cloenda<\/li>\n<\/ol>\n<p>Comptat i debatut, els Col\u00b7loquis Catalunya Educaci\u00f3 2024 promouran un di\u00e0leg ampli i inclusiu entre els membres de la comunitat educativa catalana, incloent-hi professionals de la psicopedagogia, la doc\u00e8ncia, la gesti\u00f3 i la comunicaci\u00f3. Privilegiar\u00e0 arribar a conclusions constructives i propostes concretes per millorar i adaptar el nou curr\u00edculum a les necessitats i expectatives dels ciutadans catalans.<\/p>\n<p>La inscripci\u00f3 \u00e9s obligat\u00f2ria, atenent que l\u2019aforament de la sala \u00e9s limitat.<\/p>\n<p>Per a m\u00e9s informaci\u00f3:<\/p>\n<ol>\n<li>Programa: <a href=\"https:\/\/bit.ly\/colloquiscatalunyaeducacio2024_programa\">https:\/\/bit.ly\/colloquiscatalunyaeducacio2024_programa<\/a><\/li>\n<li><span style=\"font-family: var(--data-base-font-family);font-size: 1rem\">Inscripci\u00f3: <\/span><a style=\"background-color: #ffffff;font-family: var(--data-base-font-family);font-size: 1rem\" href=\"https:\/\/bit.ly\/colloquiscatalunyaeducacio2024_inscripcio\">https:\/\/bit.ly\/colloquiscatalunyaeducacio2024_inscripcio<\/a><\/li>\n<\/ol>\n","protected":false},"excerpt":{"rendered":"<p>El dimecres 29 de maig, a les 16:30 h, tindr\u00e0 lloc l&#8217;esdeveniment Col\u00b7loquis Catalunya Educaci\u00f3 2024, organitzat per la Societat Catalana d\u2019Hist\u00f2ria Cultural amb la col\u00b7laboraci\u00f3 de l&#8217;Institut Obert de Catalunya i l&#8217;Espai L\u00ednia del Grup Comunicaci\u00f3 21 i amb el reconeixement del Departament d\u2019Educaci\u00f3. L\u2019esdeveniment se celebrar\u00e0 a l\u2019Espai L\u00ednia (carrer Girona, 52, Barcelona),<\/p>\n","protected":false},"author":294,"featured_media":2466,"comment_status":"open","ping_status":"closed","sticky":false,"template":"","format":"standard","meta":{"footnotes":""},"categories":[132],"tags":[],"tipo":[],"class_list":{"0":"post-2851","1":"post","2":"type-post","3":"status-publish","4":"format-standard","5":"has-post-thumbnail","7":"category-activitats"},"yoast_head":"<!-- This site is optimized with the Yoast SEO plugin v27.5 - https:\/\/yoast.com\/product\/yoast-seo-wordpress\/ -->\n<title>Col\u00b7loquis Catalunya Educaci\u00f3 2024: Abordant el Nou Curr\u00edculum Educatiu amb Precisi\u00f3 i Pluralitat - Extra Educaci\u00f3<\/title>\n<meta name=\"robots\" content=\"index, follow, max-snippet:-1, max-image-preview:large, max-video-preview:-1\" \/>\n<link rel=\"canonical\" href=\"https:\/\/diarieducacio.cat\/extra\/2024\/05\/14\/primera-circular-dels-col\u00b7loquis-catalunya-educacio-2024-abordant-el-nou-curriculum-educatiu-amb-precisio-i-pluralitat\/\" \/>\n<meta property=\"og:locale\" content=\"ca_ES\" \/>\n<meta property=\"og:type\" content=\"article\" \/>\n<meta property=\"og:title\" content=\"Col\u00b7loquis Catalunya Educaci\u00f3 2024: Abordant el Nou Curr\u00edculum Educatiu amb Precisi\u00f3 i Pluralitat - Extra Educaci\u00f3\" \/>\n<meta property=\"og:description\" content=\"El dimecres 29 de maig, a les 16:30 h, tindr\u00e0 lloc l&#8217;esdeveniment Col\u00b7loquis Catalunya Educaci\u00f3 2024, organitzat per la Societat Catalana d\u2019Hist\u00f2ria Cultural amb la col\u00b7laboraci\u00f3 de l&#8217;Institut Obert de Catalunya i l&#8217;Espai L\u00ednia del Grup Comunicaci\u00f3 21 i amb el reconeixement del Departament d\u2019Educaci\u00f3. L\u2019esdeveniment se celebrar\u00e0 a l\u2019Espai L\u00ednia (carrer Girona, 52, Barcelona),\" \/>\n<meta property=\"og:url\" content=\"https:\/\/diarieducacio.cat\/extra\/2024\/05\/14\/primera-circular-dels-col\u00b7loquis-catalunya-educacio-2024-abordant-el-nou-curriculum-educatiu-amb-precisio-i-pluralitat\/\" \/>\n<meta property=\"og:site_name\" content=\"Extra Educaci\u00f3\" \/>\n<meta property=\"article:publisher\" content=\"https:\/\/www.facebook.com\/diarieducacio\/\" \/>\n<meta property=\"article:published_time\" content=\"2024-05-14T14:43:50+00:00\" \/>\n<meta property=\"og:image\" content=\"https:\/\/diarieducacio.cat\/extra\/wp-content\/uploads\/sites\/25\/2024\/05\/Colloquis-Catalunya-Educacio-2024.jpg\" \/>\n\t<meta property=\"og:image:width\" content=\"595\" \/>\n\t<meta property=\"og:image:height\" content=\"842\" \/>\n\t<meta property=\"og:image:type\" content=\"image\/jpeg\" \/>\n<meta name=\"author\" content=\"Redacci\u00f3\" \/>\n<meta name=\"twitter:card\" content=\"summary_large_image\" \/>\n<meta name=\"twitter:creator\" content=\"@DiariEducacio\" \/>\n<meta name=\"twitter:site\" content=\"@DiariEducacio\" \/>\n<meta name=\"twitter:label1\" content=\"Escrit per\" \/>\n\t<meta name=\"twitter:data1\" content=\"Redacci\u00f3\" \/>\n\t<meta name=\"twitter:label2\" content=\"Temps estimat de lectura\" \/>\n\t<meta name=\"twitter:data2\" content=\"2 minuts\" \/>\n<script type=\"application\/ld+json\" class=\"yoast-schema-graph\">{\"@context\":\"https:\\\/\\\/schema.org\",\"@graph\":[{\"@type\":\"Article\",\"@id\":\"https:\\\/\\\/diarieducacio.cat\\\/extra\\\/2024\\\/05\\\/14\\\/primera-circular-dels-col%c2%b7loquis-catalunya-educacio-2024-abordant-el-nou-curriculum-educatiu-amb-precisio-i-pluralitat\\\/#article\",\"isPartOf\":{\"@id\":\"https:\\\/\\\/diarieducacio.cat\\\/extra\\\/2024\\\/05\\\/14\\\/primera-circular-dels-col%c2%b7loquis-catalunya-educacio-2024-abordant-el-nou-curriculum-educatiu-amb-precisio-i-pluralitat\\\/\"},\"author\":{\"name\":\"Redacci\u00f3\",\"@id\":\"https:\\\/\\\/diarieducacio.cat\\\/extra\\\/#\\\/schema\\\/person\\\/5488ba959c06dafddb317678c072f7d2\"},\"headline\":\"Col\u00b7loquis Catalunya Educaci\u00f3 2024: Abordant el Nou Curr\u00edculum Educatiu amb Precisi\u00f3 i Pluralitat\",\"datePublished\":\"2024-05-14T14:43:50+00:00\",\"mainEntityOfPage\":{\"@id\":\"https:\\\/\\\/diarieducacio.cat\\\/extra\\\/2024\\\/05\\\/14\\\/primera-circular-dels-col%c2%b7loquis-catalunya-educacio-2024-abordant-el-nou-curriculum-educatiu-amb-precisio-i-pluralitat\\\/\"},\"wordCount\":336,\"commentCount\":0,\"image\":{\"@id\":\"https:\\\/\\\/diarieducacio.cat\\\/extra\\\/2024\\\/05\\\/14\\\/primera-circular-dels-col%c2%b7loquis-catalunya-educacio-2024-abordant-el-nou-curriculum-educatiu-amb-precisio-i-pluralitat\\\/#primaryimage\"},\"thumbnailUrl\":\"https:\\\/\\\/diarieducacio.cat\\\/extra\\\/wp-content\\\/uploads\\\/sites\\\/25\\\/2024\\\/05\\\/Colloquis-Catalunya-Educacio-2024.jpg\",\"articleSection\":[\"Activitats\"],\"inLanguage\":\"ca\",\"potentialAction\":[{\"@type\":\"CommentAction\",\"name\":\"Comment\",\"target\":[\"https:\\\/\\\/diarieducacio.cat\\\/extra\\\/2024\\\/05\\\/14\\\/primera-circular-dels-col%c2%b7loquis-catalunya-educacio-2024-abordant-el-nou-curriculum-educatiu-amb-precisio-i-pluralitat\\\/#respond\"]}]},{\"@type\":\"WebPage\",\"@id\":\"https:\\\/\\\/diarieducacio.cat\\\/extra\\\/2024\\\/05\\\/14\\\/primera-circular-dels-col%c2%b7loquis-catalunya-educacio-2024-abordant-el-nou-curriculum-educatiu-amb-precisio-i-pluralitat\\\/\",\"url\":\"https:\\\/\\\/diarieducacio.cat\\\/extra\\\/2024\\\/05\\\/14\\\/primera-circular-dels-col%c2%b7loquis-catalunya-educacio-2024-abordant-el-nou-curriculum-educatiu-amb-precisio-i-pluralitat\\\/\",\"name\":\"Col\u00b7loquis Catalunya Educaci\u00f3 2024: Abordant el Nou Curr\u00edculum Educatiu amb Precisi\u00f3 i Pluralitat - Extra Educaci\u00f3\",\"isPartOf\":{\"@id\":\"https:\\\/\\\/diarieducacio.cat\\\/extra\\\/#website\"},\"primaryImageOfPage\":{\"@id\":\"https:\\\/\\\/diarieducacio.cat\\\/extra\\\/2024\\\/05\\\/14\\\/primera-circular-dels-col%c2%b7loquis-catalunya-educacio-2024-abordant-el-nou-curriculum-educatiu-amb-precisio-i-pluralitat\\\/#primaryimage\"},\"image\":{\"@id\":\"https:\\\/\\\/diarieducacio.cat\\\/extra\\\/2024\\\/05\\\/14\\\/primera-circular-dels-col%c2%b7loquis-catalunya-educacio-2024-abordant-el-nou-curriculum-educatiu-amb-precisio-i-pluralitat\\\/#primaryimage\"},\"thumbnailUrl\":\"https:\\\/\\\/diarieducacio.cat\\\/extra\\\/wp-content\\\/uploads\\\/sites\\\/25\\\/2024\\\/05\\\/Colloquis-Catalunya-Educacio-2024.jpg\",\"datePublished\":\"2024-05-14T14:43:50+00:00\",\"author\":{\"@id\":\"https:\\\/\\\/diarieducacio.cat\\\/extra\\\/#\\\/schema\\\/person\\\/5488ba959c06dafddb317678c072f7d2\"},\"breadcrumb\":{\"@id\":\"https:\\\/\\\/diarieducacio.cat\\\/extra\\\/2024\\\/05\\\/14\\\/primera-circular-dels-col%c2%b7loquis-catalunya-educacio-2024-abordant-el-nou-curriculum-educatiu-amb-precisio-i-pluralitat\\\/#breadcrumb\"},\"inLanguage\":\"ca\",\"potentialAction\":[{\"@type\":\"ReadAction\",\"target\":[\"https:\\\/\\\/diarieducacio.cat\\\/extra\\\/2024\\\/05\\\/14\\\/primera-circular-dels-col%c2%b7loquis-catalunya-educacio-2024-abordant-el-nou-curriculum-educatiu-amb-precisio-i-pluralitat\\\/\"]}]},{\"@type\":\"ImageObject\",\"inLanguage\":\"ca\",\"@id\":\"https:\\\/\\\/diarieducacio.cat\\\/extra\\\/2024\\\/05\\\/14\\\/primera-circular-dels-col%c2%b7loquis-catalunya-educacio-2024-abordant-el-nou-curriculum-educatiu-amb-precisio-i-pluralitat\\\/#primaryimage\",\"url\":\"https:\\\/\\\/diarieducacio.cat\\\/extra\\\/wp-content\\\/uploads\\\/sites\\\/25\\\/2024\\\/05\\\/Colloquis-Catalunya-Educacio-2024.jpg\",\"contentUrl\":\"https:\\\/\\\/diarieducacio.cat\\\/extra\\\/wp-content\\\/uploads\\\/sites\\\/25\\\/2024\\\/05\\\/Colloquis-Catalunya-Educacio-2024.jpg\",\"width\":595,\"height\":842},{\"@type\":\"BreadcrumbList\",\"@id\":\"https:\\\/\\\/diarieducacio.cat\\\/extra\\\/2024\\\/05\\\/14\\\/primera-circular-dels-col%c2%b7loquis-catalunya-educacio-2024-abordant-el-nou-curriculum-educatiu-amb-precisio-i-pluralitat\\\/#breadcrumb\",\"itemListElement\":[{\"@type\":\"ListItem\",\"position\":1,\"name\":\"Inici\",\"item\":\"https:\\\/\\\/diarieducacio.cat\\\/extra\\\/\"},{\"@type\":\"ListItem\",\"position\":2,\"name\":\"Col\u00b7loquis Catalunya Educaci\u00f3 2024: Abordant el Nou Curr\u00edculum Educatiu amb Precisi\u00f3 i Pluralitat\"}]},{\"@type\":\"WebSite\",\"@id\":\"https:\\\/\\\/diarieducacio.cat\\\/extra\\\/#website\",\"url\":\"https:\\\/\\\/diarieducacio.cat\\\/extra\\\/\",\"name\":\"Extra Educaci\u00f3\",\"description\":\"Un blog de El Diari de l&#039;Educaci\u00f3\",\"potentialAction\":[{\"@type\":\"SearchAction\",\"target\":{\"@type\":\"EntryPoint\",\"urlTemplate\":\"https:\\\/\\\/diarieducacio.cat\\\/extra\\\/?s={search_term_string}\"},\"query-input\":{\"@type\":\"PropertyValueSpecification\",\"valueRequired\":true,\"valueName\":\"search_term_string\"}}],\"inLanguage\":\"ca\"},{\"@type\":\"Person\",\"@id\":\"https:\\\/\\\/diarieducacio.cat\\\/extra\\\/#\\\/schema\\\/person\\\/5488ba959c06dafddb317678c072f7d2\",\"name\":\"Redacci\u00f3\",\"image\":{\"@type\":\"ImageObject\",\"inLanguage\":\"ca\",\"@id\":\"https:\\\/\\\/secure.gravatar.com\\\/avatar\\\/36b095f7952641810b82b91019e5d348e8ffbefb0cbe60c4487cf043833aebe3?s=96&d=mm&r=g\",\"url\":\"https:\\\/\\\/secure.gravatar.com\\\/avatar\\\/36b095f7952641810b82b91019e5d348e8ffbefb0cbe60c4487cf043833aebe3?s=96&d=mm&r=g\",\"contentUrl\":\"https:\\\/\\\/secure.gravatar.com\\\/avatar\\\/36b095f7952641810b82b91019e5d348e8ffbefb0cbe60c4487cf043833aebe3?s=96&d=mm&r=g\",\"caption\":\"Redacci\u00f3\"},\"url\":\"https:\\\/\\\/diarieducacio.cat\\\/extra\\\/author\\\/redaccioextra\\\/\"}]}<\/script>\n<!-- \/ Yoast SEO plugin. -->","yoast_head_json":{"title":"Col\u00b7loquis Catalunya Educaci\u00f3 2024: Abordant el Nou Curr\u00edculum Educatiu amb Precisi\u00f3 i Pluralitat - Extra Educaci\u00f3","robots":{"index":"index","follow":"follow","max-snippet":"max-snippet:-1","max-image-preview":"max-image-preview:large","max-video-preview":"max-video-preview:-1"},"canonical":"https:\/\/diarieducacio.cat\/extra\/2024\/05\/14\/primera-circular-dels-col\u00b7loquis-catalunya-educacio-2024-abordant-el-nou-curriculum-educatiu-amb-precisio-i-pluralitat\/","og_locale":"ca_ES","og_type":"article","og_title":"Col\u00b7loquis Catalunya Educaci\u00f3 2024: Abordant el Nou Curr\u00edculum Educatiu amb Precisi\u00f3 i Pluralitat - Extra Educaci\u00f3","og_description":"El dimecres 29 de maig, a les 16:30 h, tindr\u00e0 lloc l&#8217;esdeveniment Col\u00b7loquis Catalunya Educaci\u00f3 2024, organitzat per la Societat Catalana d\u2019Hist\u00f2ria Cultural amb la col\u00b7laboraci\u00f3 de l&#8217;Institut Obert de Catalunya i l&#8217;Espai L\u00ednia del Grup Comunicaci\u00f3 21 i amb el reconeixement del Departament d\u2019Educaci\u00f3. L\u2019esdeveniment se celebrar\u00e0 a l\u2019Espai L\u00ednia (carrer Girona, 52, Barcelona),","og_url":"https:\/\/diarieducacio.cat\/extra\/2024\/05\/14\/primera-circular-dels-col\u00b7loquis-catalunya-educacio-2024-abordant-el-nou-curriculum-educatiu-amb-precisio-i-pluralitat\/","og_site_name":"Extra Educaci\u00f3","article_publisher":"https:\/\/www.facebook.com\/diarieducacio\/","article_published_time":"2024-05-14T14:43:50+00:00","og_image":[{"width":595,"height":842,"url":"https:\/\/diarieducacio.cat\/extra\/wp-content\/uploads\/sites\/25\/2024\/05\/Colloquis-Catalunya-Educacio-2024.jpg","type":"image\/jpeg"}],"author":"Redacci\u00f3","twitter_card":"summary_large_image","twitter_creator":"@DiariEducacio","twitter_site":"@DiariEducacio","twitter_misc":{"Escrit per":"Redacci\u00f3","Temps estimat de lectura":"2 minuts"},"schema":{"@context":"https:\/\/schema.org","@graph":[{"@type":"Article","@id":"https:\/\/diarieducacio.cat\/extra\/2024\/05\/14\/primera-circular-dels-col%c2%b7loquis-catalunya-educacio-2024-abordant-el-nou-curriculum-educatiu-amb-precisio-i-pluralitat\/#article","isPartOf":{"@id":"https:\/\/diarieducacio.cat\/extra\/2024\/05\/14\/primera-circular-dels-col%c2%b7loquis-catalunya-educacio-2024-abordant-el-nou-curriculum-educatiu-amb-precisio-i-pluralitat\/"},"author":{"name":"Redacci\u00f3","@id":"https:\/\/diarieducacio.cat\/extra\/#\/schema\/person\/5488ba959c06dafddb317678c072f7d2"},"headline":"Col\u00b7loquis Catalunya Educaci\u00f3 2024: Abordant el Nou Curr\u00edculum Educatiu amb Precisi\u00f3 i Pluralitat","datePublished":"2024-05-14T14:43:50+00:00","mainEntityOfPage":{"@id":"https:\/\/diarieducacio.cat\/extra\/2024\/05\/14\/primera-circular-dels-col%c2%b7loquis-catalunya-educacio-2024-abordant-el-nou-curriculum-educatiu-amb-precisio-i-pluralitat\/"},"wordCount":336,"commentCount":0,"image":{"@id":"https:\/\/diarieducacio.cat\/extra\/2024\/05\/14\/primera-circular-dels-col%c2%b7loquis-catalunya-educacio-2024-abordant-el-nou-curriculum-educatiu-amb-precisio-i-pluralitat\/#primaryimage"},"thumbnailUrl":"https:\/\/diarieducacio.cat\/extra\/wp-content\/uploads\/sites\/25\/2024\/05\/Colloquis-Catalunya-Educacio-2024.jpg","articleSection":["Activitats"],"inLanguage":"ca","potentialAction":[{"@type":"CommentAction","name":"Comment","target":["https:\/\/diarieducacio.cat\/extra\/2024\/05\/14\/primera-circular-dels-col%c2%b7loquis-catalunya-educacio-2024-abordant-el-nou-curriculum-educatiu-amb-precisio-i-pluralitat\/#respond"]}]},{"@type":"WebPage","@id":"https:\/\/diarieducacio.cat\/extra\/2024\/05\/14\/primera-circular-dels-col%c2%b7loquis-catalunya-educacio-2024-abordant-el-nou-curriculum-educatiu-amb-precisio-i-pluralitat\/","url":"https:\/\/diarieducacio.cat\/extra\/2024\/05\/14\/primera-circular-dels-col%c2%b7loquis-catalunya-educacio-2024-abordant-el-nou-curriculum-educatiu-amb-precisio-i-pluralitat\/","name":"Col\u00b7loquis Catalunya Educaci\u00f3 2024: Abordant el Nou Curr\u00edculum Educatiu amb Precisi\u00f3 i Pluralitat - Extra Educaci\u00f3","isPartOf":{"@id":"https:\/\/diarieducacio.cat\/extra\/#website"},"primaryImageOfPage":{"@id":"https:\/\/diarieducacio.cat\/extra\/2024\/05\/14\/primera-circular-dels-col%c2%b7loquis-catalunya-educacio-2024-abordant-el-nou-curriculum-educatiu-amb-precisio-i-pluralitat\/#primaryimage"},"image":{"@id":"https:\/\/diarieducacio.cat\/extra\/2024\/05\/14\/primera-circular-dels-col%c2%b7loquis-catalunya-educacio-2024-abordant-el-nou-curriculum-educatiu-amb-precisio-i-pluralitat\/#primaryimage"},"thumbnailUrl":"https:\/\/diarieducacio.cat\/extra\/wp-content\/uploads\/sites\/25\/2024\/05\/Colloquis-Catalunya-Educacio-2024.jpg","datePublished":"2024-05-14T14:43:50+00:00","author":{"@id":"https:\/\/diarieducacio.cat\/extra\/#\/schema\/person\/5488ba959c06dafddb317678c072f7d2"},"breadcrumb":{"@id":"https:\/\/diarieducacio.cat\/extra\/2024\/05\/14\/primera-circular-dels-col%c2%b7loquis-catalunya-educacio-2024-abordant-el-nou-curriculum-educatiu-amb-precisio-i-pluralitat\/#breadcrumb"},"inLanguage":"ca","potentialAction":[{"@type":"ReadAction","target":["https:\/\/diarieducacio.cat\/extra\/2024\/05\/14\/primera-circular-dels-col%c2%b7loquis-catalunya-educacio-2024-abordant-el-nou-curriculum-educatiu-amb-precisio-i-pluralitat\/"]}]},{"@type":"ImageObject","inLanguage":"ca","@id":"https:\/\/diarieducacio.cat\/extra\/2024\/05\/14\/primera-circular-dels-col%c2%b7loquis-catalunya-educacio-2024-abordant-el-nou-curriculum-educatiu-amb-precisio-i-pluralitat\/#primaryimage","url":"https:\/\/diarieducacio.cat\/extra\/wp-content\/uploads\/sites\/25\/2024\/05\/Colloquis-Catalunya-Educacio-2024.jpg","contentUrl":"https:\/\/diarieducacio.cat\/extra\/wp-content\/uploads\/sites\/25\/2024\/05\/Colloquis-Catalunya-Educacio-2024.jpg","width":595,"height":842},{"@type":"BreadcrumbList","@id":"https:\/\/diarieducacio.cat\/extra\/2024\/05\/14\/primera-circular-dels-col%c2%b7loquis-catalunya-educacio-2024-abordant-el-nou-curriculum-educatiu-amb-precisio-i-pluralitat\/#breadcrumb","itemListElement":[{"@type":"ListItem","position":1,"name":"Inici","item":"https:\/\/diarieducacio.cat\/extra\/"},{"@type":"ListItem","position":2,"name":"Col\u00b7loquis Catalunya Educaci\u00f3 2024: Abordant el Nou Curr\u00edculum Educatiu amb Precisi\u00f3 i Pluralitat"}]},{"@type":"WebSite","@id":"https:\/\/diarieducacio.cat\/extra\/#website","url":"https:\/\/diarieducacio.cat\/extra\/","name":"Extra Educaci\u00f3","description":"Un blog de El Diari de l&#039;Educaci\u00f3","potentialAction":[{"@type":"SearchAction","target":{"@type":"EntryPoint","urlTemplate":"https:\/\/diarieducacio.cat\/extra\/?s={search_term_string}"},"query-input":{"@type":"PropertyValueSpecification","valueRequired":true,"valueName":"search_term_string"}}],"inLanguage":"ca"},{"@type":"Person","@id":"https:\/\/diarieducacio.cat\/extra\/#\/schema\/person\/5488ba959c06dafddb317678c072f7d2","name":"Redacci\u00f3","image":{"@type":"ImageObject","inLanguage":"ca","@id":"https:\/\/secure.gravatar.com\/avatar\/36b095f7952641810b82b91019e5d348e8ffbefb0cbe60c4487cf043833aebe3?s=96&d=mm&r=g","url":"https:\/\/secure.gravatar.com\/avatar\/36b095f7952641810b82b91019e5d348e8ffbefb0cbe60c4487cf043833aebe3?s=96&d=mm&r=g","contentUrl":"https:\/\/secure.gravatar.com\/avatar\/36b095f7952641810b82b91019e5d348e8ffbefb0cbe60c4487cf043833aebe3?s=96&d=mm&r=g","caption":"Redacci\u00f3"},"url":"https:\/\/diarieducacio.cat\/extra\/author\/redaccioextra\/"}]}},"_links":{"self":[{"href":"https:\/\/diarieducacio.cat\/extra\/wp-json\/wp\/v2\/posts\/2851","targetHints":{"allow":["GET"]}}],"collection":[{"href":"https:\/\/diarieducacio.cat\/extra\/wp-json\/wp\/v2\/posts"}],"about":[{"href":"https:\/\/diarieducacio.cat\/extra\/wp-json\/wp\/v2\/types\/post"}],"author":[{"embeddable":true,"href":"https:\/\/diarieducacio.cat\/extra\/wp-json\/wp\/v2\/users\/294"}],"replies":[{"embeddable":true,"href":"https:\/\/diarieducacio.cat\/extra\/wp-json\/wp\/v2\/comments?post=2851"}],"version-history":[{"count":0,"href":"https:\/\/diarieducacio.cat\/extra\/wp-json\/wp\/v2\/posts\/2851\/revisions"}],"wp:featuredmedia":[{"embeddable":true,"href":"https:\/\/diarieducacio.cat\/extra\/wp-json\/wp\/v2\/media\/2466"}],"wp:attachment":[{"href":"https:\/\/diarieducacio.cat\/extra\/wp-json\/wp\/v2\/media?parent=2851"}],"wp:term":[{"taxonomy":"category","embeddable":true,"href":"https:\/\/diarieducacio.cat\/extra\/wp-json\/wp\/v2\/categories?post=2851"},{"taxonomy":"post_tag","embeddable":true,"href":"https:\/\/diarieducacio.cat\/extra\/wp-json\/wp\/v2\/tags?post=2851"},{"taxonomy":"tipo","embeddable":true,"href":"https:\/\/diarieducacio.cat\/extra\/wp-json\/wp\/v2\/tipo?post=2851"}],"curies":[{"name":"wp","href":"https:\/\/api.w.org\/{rel}","templated":true}]}}