{"id":2895,"date":"2024-11-07T01:11:00","date_gmt":"2024-11-07T00:11:00","guid":{"rendered":"https:\/\/diarieducacio.cat\/extra\/?p=2895"},"modified":"2024-11-06T16:15:20","modified_gmt":"2024-11-06T15:15:20","slug":"inclusio-educativa-un-viatge-a-traves-de-les-experiencies-de-la-xarxa-descoles-municipals","status":"publish","type":"post","link":"https:\/\/diarieducacio.cat\/extra\/2024\/11\/07\/inclusio-educativa-un-viatge-a-traves-de-les-experiencies-de-la-xarxa-descoles-municipals\/","title":{"rendered":"Inclusi\u00f3 educativa, un viatge a trav\u00e9s de les experi\u00e8ncies de la Xarxa d\u2019Escoles Municipals"},"content":{"rendered":"\n<p>En el panorama educatiu actual, la inclusi\u00f3 s\u2019ha convertit en una prioritat essencial per als agents locals. Per aix\u00f2, la Xarxa d\u2019Escoles Municipals (XEM) de la Diputaci\u00f3 de Barcelona ha adoptat un enfocament pr\u00e0ctic per il\u00b7lustrar els beneficis d\u2019incorporar la inclusi\u00f3 a les escoles i als centres educatius municipals. I ho ha fet recollint el testimoni del personal i d\u2019alumnes de quatre escoles en el documental \u00abEscoles Municipals per la inclusi\u00f3\u00bb, que ens apropa als seus projectes per promoure l\u2019acc\u00e9s a l\u2019educaci\u00f3 per a tothom.<\/p>\n\n\n\n<p>El&nbsp;Centre de Formaci\u00f3 de Persones Adultes del Masnou desplega el projecte \u00abParla\u2019m de tu\u00bb, que gira al voltant del proc\u00e9s migratori. Marta Neira, professora del centre, ens explica que \u201cel projecte neix de la necessitat d\u2019empoderar el 50% del seu alumnat \u2014migrants\u2014 donant-los la paraula i el protagonisme perqu\u00e8 puguin parlar obertament de les seves idees, inquietuds, costums i cultura en la seva llengua materna\u201d.<\/p>\n\n\n\n<p>D\u00e8lia Risques, directora de l\u2019Escola Bressol Municipal Marrecs de Sant Just Desvern, comenta com van veure la necessitat de canviar els contes de l\u2019escola per incorporar-hi la coeducaci\u00f3 i la mirada de g\u00e8nere: \u201cFent una revisi\u00f3 dels contes que ten\u00edem, ens vam adonar que n\u2019hi havia molts que contribu\u00efen a perpetuar els rols de g\u00e8nere, i que calia fer alguna cosa\u201d.<\/p>\n\n\n\n<figure class=\"wp-block-image size-full\"><img fetchpriority=\"high\" decoding=\"async\" width=\"1000\" height=\"932\" src=\"https:\/\/diarieducacio.cat\/extra\/wp-content\/uploads\/sites\/25\/2024\/11\/Escola-bressol-municipal-Els-Marrecs.jpg\" alt=\"\" class=\"wp-image-2897\" srcset=\"https:\/\/diarieducacio.cat\/extra\/wp-content\/uploads\/sites\/25\/2024\/11\/Escola-bressol-municipal-Els-Marrecs.jpg 1000w, https:\/\/diarieducacio.cat\/extra\/wp-content\/uploads\/sites\/25\/2024\/11\/Escola-bressol-municipal-Els-Marrecs-300x280.jpg 300w, https:\/\/diarieducacio.cat\/extra\/wp-content\/uploads\/sites\/25\/2024\/11\/Escola-bressol-municipal-Els-Marrecs-768x716.jpg 768w, https:\/\/diarieducacio.cat\/extra\/wp-content\/uploads\/sites\/25\/2024\/11\/Escola-bressol-municipal-Els-Marrecs-150x140.jpg 150w, https:\/\/diarieducacio.cat\/extra\/wp-content\/uploads\/sites\/25\/2024\/11\/Escola-bressol-municipal-Els-Marrecs-450x419.jpg 450w\" sizes=\"(max-width: 1000px) 100vw, 1000px\" \/><figcaption class=\"wp-element-caption\">A l\u2019escola bressol Marrecs de Sant Just Desvern van canviar els contes de l\u2019escola per incorporar-hi la coeducaci\u00f3 i la mirada de g\u00e8nere | Diputaci\u00f3 de Barcelona<\/figcaption><\/figure>\n\n\n\n<p>L\u2019Escola Municipal d\u2019Educaci\u00f3 Especial de Gav\u00e0 participa en el projecte \u00abConeguem els nostres parcs\u00bb, una iniciativa de la Xarxa de Parcs Naturals de la Diputaci\u00f3 de Barcelona per facilitar l\u2019acc\u00e9s al medi natural als infants amb necessitats especials. Aquesta iniciativa dona resposta a una demanda de les escoles d\u2019educaci\u00f3 especial, que com explica Ramon Duran, mestre del centre, \u201csovint ens trobem que falten activitats adaptades per a persones amb diversitat funcional\u201d.<\/p>\n\n\n\n<p>L\u2019Escola Municipal de M\u00fasica de Matar\u00f3 promou i ofereix projectes d\u2019art, m\u00fasica i comunitat. \u201cEls projectes comunitaris s\u2019adrecen a un col\u00b7lectiu espec\u00edfic que inicialment no \u00e9s el de la mateixa escola, amb l\u2019objectiu d\u2019impulsar processos que afavoreixen el desenvolupament educatiu i social mitjan\u00e7ant la pr\u00e0ctica musical\u201d, exposa Laia Serra, coordinadora de l\u2019\u00c0rea de Comunitat de l\u2019escola.<\/p>\n\n\n\n<p>Amb aquestes experi\u00e8ncies recollides en el documental, des de la Xarxa d\u2019Escoles Municipals i la Diputaci\u00f3 de Barcelona busquem inspirar altres escoles i centres d\u2019educaci\u00f3 municipals a integrar la inclusi\u00f3 com a part de la seva missi\u00f3 educativa.<\/p>\n\n\n\n<p>Trobeu el documental \u00abEscoles Municipals per la inclusi\u00f3\u00bb a <a href=\"http:\/\/www.diba.cat\/educacio\/xem\">www.diba.cat\/educacio\/xem<\/a><\/p>\n\n\n\n<p><em>Aquesta acci\u00f3 de la Diputaci\u00f3 de Barcelona respon, especialment, a l\u2019Objectiu de Desenvolupament Sostenible (ODS) n\u00famero 4:<strong>&nbsp;\u201cGarantir una educaci\u00f3 inclusiva, equitativa i de qualitat i promoure oportunitats d\u2019aprenentatge durant tota la vida per a tothom\u201d. <\/strong>Els17 ODS van ser proclamats per l\u2019Assemblea General de Nacions Unides el 25 de setembre de 2015 i formen part de l\u2019Agenda global per a 2030. La Diputaci\u00f3 de Barcelona n\u2019assumeix el compliment i desplega la seva acci\u00f3 de suport als governs locals de la prov\u00edncia d\u2019acord amb aquests ODS.<\/em><\/p>\n\n\n\n<p><\/p>\n\n\n\n<p><\/p>\n","protected":false},"excerpt":{"rendered":"<p>En el panorama educatiu actual, la inclusi\u00f3 s\u2019ha convertit en una prioritat essencial per als agents locals. Per aix\u00f2, la Xarxa d\u2019Escoles Municipals (XEM) de la Diputaci\u00f3 de Barcelona ha adoptat un enfocament pr\u00e0ctic per il\u00b7lustrar els beneficis d\u2019incorporar la inclusi\u00f3 a les escoles i als centres educatius municipals. I ho ha fet recollint el<\/p>\n","protected":false},"author":294,"featured_media":2896,"comment_status":"open","ping_status":"open","sticky":false,"template":"","format":"standard","meta":{"footnotes":""},"categories":[120],"tags":[95],"tipo":[231],"class_list":{"0":"post-2895","1":"post","2":"type-post","3":"status-publish","4":"format-standard","5":"has-post-thumbnail","7":"category-municipis","8":"tag-diputacio-de-barcelona","9":"tipo-contingut-ofert-per-la-diputacio-de-barcelona"},"yoast_head":"<!-- This site is optimized with the Yoast SEO plugin v27.5 - https:\/\/yoast.com\/product\/yoast-seo-wordpress\/ -->\n<title>Inclusi\u00f3 educativa, un viatge a trav\u00e9s de les experi\u00e8ncies de la Xarxa d\u2019Escoles Municipals - Extra Educaci\u00f3<\/title>\n<meta name=\"robots\" content=\"index, follow, max-snippet:-1, max-image-preview:large, max-video-preview:-1\" \/>\n<link rel=\"canonical\" href=\"https:\/\/diarieducacio.cat\/extra\/2024\/11\/07\/inclusio-educativa-un-viatge-a-traves-de-les-experiencies-de-la-xarxa-descoles-municipals\/\" \/>\n<meta property=\"og:locale\" content=\"ca_ES\" \/>\n<meta property=\"og:type\" content=\"article\" \/>\n<meta property=\"og:title\" content=\"Inclusi\u00f3 educativa, un viatge a trav\u00e9s de les experi\u00e8ncies de la Xarxa d\u2019Escoles Municipals - Extra Educaci\u00f3\" \/>\n<meta property=\"og:description\" content=\"En el panorama educatiu actual, la inclusi\u00f3 s\u2019ha convertit en una prioritat essencial per als agents locals. Per aix\u00f2, la Xarxa d\u2019Escoles Municipals (XEM) de la Diputaci\u00f3 de Barcelona ha adoptat un enfocament pr\u00e0ctic per il\u00b7lustrar els beneficis d\u2019incorporar la inclusi\u00f3 a les escoles i als centres educatius municipals. I ho ha fet recollint el\" \/>\n<meta property=\"og:url\" content=\"https:\/\/diarieducacio.cat\/extra\/2024\/11\/07\/inclusio-educativa-un-viatge-a-traves-de-les-experiencies-de-la-xarxa-descoles-municipals\/\" \/>\n<meta property=\"og:site_name\" content=\"Extra Educaci\u00f3\" \/>\n<meta property=\"article:publisher\" content=\"https:\/\/www.facebook.com\/diarieducacio\/\" \/>\n<meta property=\"article:published_time\" content=\"2024-11-07T00:11:00+00:00\" \/>\n<meta property=\"og:image\" content=\"https:\/\/diarieducacio.cat\/extra\/wp-content\/uploads\/sites\/25\/2024\/11\/Centre-de-Formacio-de-Persones-Adultes-del-Masnou.jpg\" \/>\n\t<meta property=\"og:image:width\" content=\"1000\" \/>\n\t<meta property=\"og:image:height\" content=\"663\" \/>\n\t<meta property=\"og:image:type\" content=\"image\/jpeg\" \/>\n<meta name=\"author\" content=\"Redacci\u00f3\" \/>\n<meta name=\"twitter:card\" content=\"summary_large_image\" \/>\n<meta name=\"twitter:creator\" content=\"@DiariEducacio\" \/>\n<meta name=\"twitter:site\" content=\"@DiariEducacio\" \/>\n<meta name=\"twitter:label1\" content=\"Escrit per\" \/>\n\t<meta name=\"twitter:data1\" content=\"Redacci\u00f3\" \/>\n\t<meta name=\"twitter:label2\" content=\"Temps estimat de lectura\" \/>\n\t<meta name=\"twitter:data2\" content=\"3 minuts\" \/>\n<script type=\"application\/ld+json\" class=\"yoast-schema-graph\">{\"@context\":\"https:\\\/\\\/schema.org\",\"@graph\":[{\"@type\":\"Article\",\"@id\":\"https:\\\/\\\/diarieducacio.cat\\\/extra\\\/2024\\\/11\\\/07\\\/inclusio-educativa-un-viatge-a-traves-de-les-experiencies-de-la-xarxa-descoles-municipals\\\/#article\",\"isPartOf\":{\"@id\":\"https:\\\/\\\/diarieducacio.cat\\\/extra\\\/2024\\\/11\\\/07\\\/inclusio-educativa-un-viatge-a-traves-de-les-experiencies-de-la-xarxa-descoles-municipals\\\/\"},\"author\":{\"name\":\"Redacci\u00f3\",\"@id\":\"https:\\\/\\\/diarieducacio.cat\\\/extra\\\/#\\\/schema\\\/person\\\/5488ba959c06dafddb317678c072f7d2\"},\"headline\":\"Inclusi\u00f3 educativa, un viatge a trav\u00e9s de les experi\u00e8ncies de la Xarxa d\u2019Escoles Municipals\",\"datePublished\":\"2024-11-07T00:11:00+00:00\",\"mainEntityOfPage\":{\"@id\":\"https:\\\/\\\/diarieducacio.cat\\\/extra\\\/2024\\\/11\\\/07\\\/inclusio-educativa-un-viatge-a-traves-de-les-experiencies-de-la-xarxa-descoles-municipals\\\/\"},\"wordCount\":569,\"commentCount\":0,\"image\":{\"@id\":\"https:\\\/\\\/diarieducacio.cat\\\/extra\\\/2024\\\/11\\\/07\\\/inclusio-educativa-un-viatge-a-traves-de-les-experiencies-de-la-xarxa-descoles-municipals\\\/#primaryimage\"},\"thumbnailUrl\":\"https:\\\/\\\/diarieducacio.cat\\\/extra\\\/wp-content\\\/uploads\\\/sites\\\/25\\\/2024\\\/11\\\/Centre-de-Formacio-de-Persones-Adultes-del-Masnou.jpg\",\"keywords\":[\"Diputaci\u00f3 de Barcelona\"],\"articleSection\":[\"Municipis\"],\"inLanguage\":\"ca\",\"potentialAction\":[{\"@type\":\"CommentAction\",\"name\":\"Comment\",\"target\":[\"https:\\\/\\\/diarieducacio.cat\\\/extra\\\/2024\\\/11\\\/07\\\/inclusio-educativa-un-viatge-a-traves-de-les-experiencies-de-la-xarxa-descoles-municipals\\\/#respond\"]}]},{\"@type\":\"WebPage\",\"@id\":\"https:\\\/\\\/diarieducacio.cat\\\/extra\\\/2024\\\/11\\\/07\\\/inclusio-educativa-un-viatge-a-traves-de-les-experiencies-de-la-xarxa-descoles-municipals\\\/\",\"url\":\"https:\\\/\\\/diarieducacio.cat\\\/extra\\\/2024\\\/11\\\/07\\\/inclusio-educativa-un-viatge-a-traves-de-les-experiencies-de-la-xarxa-descoles-municipals\\\/\",\"name\":\"Inclusi\u00f3 educativa, un viatge a trav\u00e9s de les experi\u00e8ncies de la Xarxa d\u2019Escoles Municipals - Extra Educaci\u00f3\",\"isPartOf\":{\"@id\":\"https:\\\/\\\/diarieducacio.cat\\\/extra\\\/#website\"},\"primaryImageOfPage\":{\"@id\":\"https:\\\/\\\/diarieducacio.cat\\\/extra\\\/2024\\\/11\\\/07\\\/inclusio-educativa-un-viatge-a-traves-de-les-experiencies-de-la-xarxa-descoles-municipals\\\/#primaryimage\"},\"image\":{\"@id\":\"https:\\\/\\\/diarieducacio.cat\\\/extra\\\/2024\\\/11\\\/07\\\/inclusio-educativa-un-viatge-a-traves-de-les-experiencies-de-la-xarxa-descoles-municipals\\\/#primaryimage\"},\"thumbnailUrl\":\"https:\\\/\\\/diarieducacio.cat\\\/extra\\\/wp-content\\\/uploads\\\/sites\\\/25\\\/2024\\\/11\\\/Centre-de-Formacio-de-Persones-Adultes-del-Masnou.jpg\",\"datePublished\":\"2024-11-07T00:11:00+00:00\",\"author\":{\"@id\":\"https:\\\/\\\/diarieducacio.cat\\\/extra\\\/#\\\/schema\\\/person\\\/5488ba959c06dafddb317678c072f7d2\"},\"breadcrumb\":{\"@id\":\"https:\\\/\\\/diarieducacio.cat\\\/extra\\\/2024\\\/11\\\/07\\\/inclusio-educativa-un-viatge-a-traves-de-les-experiencies-de-la-xarxa-descoles-municipals\\\/#breadcrumb\"},\"inLanguage\":\"ca\",\"potentialAction\":[{\"@type\":\"ReadAction\",\"target\":[\"https:\\\/\\\/diarieducacio.cat\\\/extra\\\/2024\\\/11\\\/07\\\/inclusio-educativa-un-viatge-a-traves-de-les-experiencies-de-la-xarxa-descoles-municipals\\\/\"]}]},{\"@type\":\"ImageObject\",\"inLanguage\":\"ca\",\"@id\":\"https:\\\/\\\/diarieducacio.cat\\\/extra\\\/2024\\\/11\\\/07\\\/inclusio-educativa-un-viatge-a-traves-de-les-experiencies-de-la-xarxa-descoles-municipals\\\/#primaryimage\",\"url\":\"https:\\\/\\\/diarieducacio.cat\\\/extra\\\/wp-content\\\/uploads\\\/sites\\\/25\\\/2024\\\/11\\\/Centre-de-Formacio-de-Persones-Adultes-del-Masnou.jpg\",\"contentUrl\":\"https:\\\/\\\/diarieducacio.cat\\\/extra\\\/wp-content\\\/uploads\\\/sites\\\/25\\\/2024\\\/11\\\/Centre-de-Formacio-de-Persones-Adultes-del-Masnou.jpg\",\"width\":1000,\"height\":663,\"caption\":\"El Centre de Formaci\u00f3 de Persones Adultes del Masnou contribueix a la inclusi\u00f3 educativa amb el projecte \u00abParla\u2019m de tu\u00bb | Diputaci\u00f3 de Barcelona\"},{\"@type\":\"BreadcrumbList\",\"@id\":\"https:\\\/\\\/diarieducacio.cat\\\/extra\\\/2024\\\/11\\\/07\\\/inclusio-educativa-un-viatge-a-traves-de-les-experiencies-de-la-xarxa-descoles-municipals\\\/#breadcrumb\",\"itemListElement\":[{\"@type\":\"ListItem\",\"position\":1,\"name\":\"Inici\",\"item\":\"https:\\\/\\\/diarieducacio.cat\\\/extra\\\/\"},{\"@type\":\"ListItem\",\"position\":2,\"name\":\"Inclusi\u00f3 educativa, un viatge a trav\u00e9s de les experi\u00e8ncies de la Xarxa d\u2019Escoles Municipals\"}]},{\"@type\":\"WebSite\",\"@id\":\"https:\\\/\\\/diarieducacio.cat\\\/extra\\\/#website\",\"url\":\"https:\\\/\\\/diarieducacio.cat\\\/extra\\\/\",\"name\":\"Extra Educaci\u00f3\",\"description\":\"Un blog de El Diari de l&#039;Educaci\u00f3\",\"potentialAction\":[{\"@type\":\"SearchAction\",\"target\":{\"@type\":\"EntryPoint\",\"urlTemplate\":\"https:\\\/\\\/diarieducacio.cat\\\/extra\\\/?s={search_term_string}\"},\"query-input\":{\"@type\":\"PropertyValueSpecification\",\"valueRequired\":true,\"valueName\":\"search_term_string\"}}],\"inLanguage\":\"ca\"},{\"@type\":\"Person\",\"@id\":\"https:\\\/\\\/diarieducacio.cat\\\/extra\\\/#\\\/schema\\\/person\\\/5488ba959c06dafddb317678c072f7d2\",\"name\":\"Redacci\u00f3\",\"image\":{\"@type\":\"ImageObject\",\"inLanguage\":\"ca\",\"@id\":\"https:\\\/\\\/secure.gravatar.com\\\/avatar\\\/36b095f7952641810b82b91019e5d348e8ffbefb0cbe60c4487cf043833aebe3?s=96&d=mm&r=g\",\"url\":\"https:\\\/\\\/secure.gravatar.com\\\/avatar\\\/36b095f7952641810b82b91019e5d348e8ffbefb0cbe60c4487cf043833aebe3?s=96&d=mm&r=g\",\"contentUrl\":\"https:\\\/\\\/secure.gravatar.com\\\/avatar\\\/36b095f7952641810b82b91019e5d348e8ffbefb0cbe60c4487cf043833aebe3?s=96&d=mm&r=g\",\"caption\":\"Redacci\u00f3\"},\"url\":\"https:\\\/\\\/diarieducacio.cat\\\/extra\\\/author\\\/redaccioextra\\\/\"}]}<\/script>\n<!-- \/ Yoast SEO plugin. -->","yoast_head_json":{"title":"Inclusi\u00f3 educativa, un viatge a trav\u00e9s de les experi\u00e8ncies de la Xarxa d\u2019Escoles Municipals - Extra Educaci\u00f3","robots":{"index":"index","follow":"follow","max-snippet":"max-snippet:-1","max-image-preview":"max-image-preview:large","max-video-preview":"max-video-preview:-1"},"canonical":"https:\/\/diarieducacio.cat\/extra\/2024\/11\/07\/inclusio-educativa-un-viatge-a-traves-de-les-experiencies-de-la-xarxa-descoles-municipals\/","og_locale":"ca_ES","og_type":"article","og_title":"Inclusi\u00f3 educativa, un viatge a trav\u00e9s de les experi\u00e8ncies de la Xarxa d\u2019Escoles Municipals - Extra Educaci\u00f3","og_description":"En el panorama educatiu actual, la inclusi\u00f3 s\u2019ha convertit en una prioritat essencial per als agents locals. Per aix\u00f2, la Xarxa d\u2019Escoles Municipals (XEM) de la Diputaci\u00f3 de Barcelona ha adoptat un enfocament pr\u00e0ctic per il\u00b7lustrar els beneficis d\u2019incorporar la inclusi\u00f3 a les escoles i als centres educatius municipals. I ho ha fet recollint el","og_url":"https:\/\/diarieducacio.cat\/extra\/2024\/11\/07\/inclusio-educativa-un-viatge-a-traves-de-les-experiencies-de-la-xarxa-descoles-municipals\/","og_site_name":"Extra Educaci\u00f3","article_publisher":"https:\/\/www.facebook.com\/diarieducacio\/","article_published_time":"2024-11-07T00:11:00+00:00","og_image":[{"width":1000,"height":663,"url":"https:\/\/diarieducacio.cat\/extra\/wp-content\/uploads\/sites\/25\/2024\/11\/Centre-de-Formacio-de-Persones-Adultes-del-Masnou.jpg","type":"image\/jpeg"}],"author":"Redacci\u00f3","twitter_card":"summary_large_image","twitter_creator":"@DiariEducacio","twitter_site":"@DiariEducacio","twitter_misc":{"Escrit per":"Redacci\u00f3","Temps estimat de lectura":"3 minuts"},"schema":{"@context":"https:\/\/schema.org","@graph":[{"@type":"Article","@id":"https:\/\/diarieducacio.cat\/extra\/2024\/11\/07\/inclusio-educativa-un-viatge-a-traves-de-les-experiencies-de-la-xarxa-descoles-municipals\/#article","isPartOf":{"@id":"https:\/\/diarieducacio.cat\/extra\/2024\/11\/07\/inclusio-educativa-un-viatge-a-traves-de-les-experiencies-de-la-xarxa-descoles-municipals\/"},"author":{"name":"Redacci\u00f3","@id":"https:\/\/diarieducacio.cat\/extra\/#\/schema\/person\/5488ba959c06dafddb317678c072f7d2"},"headline":"Inclusi\u00f3 educativa, un viatge a trav\u00e9s de les experi\u00e8ncies de la Xarxa d\u2019Escoles Municipals","datePublished":"2024-11-07T00:11:00+00:00","mainEntityOfPage":{"@id":"https:\/\/diarieducacio.cat\/extra\/2024\/11\/07\/inclusio-educativa-un-viatge-a-traves-de-les-experiencies-de-la-xarxa-descoles-municipals\/"},"wordCount":569,"commentCount":0,"image":{"@id":"https:\/\/diarieducacio.cat\/extra\/2024\/11\/07\/inclusio-educativa-un-viatge-a-traves-de-les-experiencies-de-la-xarxa-descoles-municipals\/#primaryimage"},"thumbnailUrl":"https:\/\/diarieducacio.cat\/extra\/wp-content\/uploads\/sites\/25\/2024\/11\/Centre-de-Formacio-de-Persones-Adultes-del-Masnou.jpg","keywords":["Diputaci\u00f3 de Barcelona"],"articleSection":["Municipis"],"inLanguage":"ca","potentialAction":[{"@type":"CommentAction","name":"Comment","target":["https:\/\/diarieducacio.cat\/extra\/2024\/11\/07\/inclusio-educativa-un-viatge-a-traves-de-les-experiencies-de-la-xarxa-descoles-municipals\/#respond"]}]},{"@type":"WebPage","@id":"https:\/\/diarieducacio.cat\/extra\/2024\/11\/07\/inclusio-educativa-un-viatge-a-traves-de-les-experiencies-de-la-xarxa-descoles-municipals\/","url":"https:\/\/diarieducacio.cat\/extra\/2024\/11\/07\/inclusio-educativa-un-viatge-a-traves-de-les-experiencies-de-la-xarxa-descoles-municipals\/","name":"Inclusi\u00f3 educativa, un viatge a trav\u00e9s de les experi\u00e8ncies de la Xarxa d\u2019Escoles Municipals - Extra Educaci\u00f3","isPartOf":{"@id":"https:\/\/diarieducacio.cat\/extra\/#website"},"primaryImageOfPage":{"@id":"https:\/\/diarieducacio.cat\/extra\/2024\/11\/07\/inclusio-educativa-un-viatge-a-traves-de-les-experiencies-de-la-xarxa-descoles-municipals\/#primaryimage"},"image":{"@id":"https:\/\/diarieducacio.cat\/extra\/2024\/11\/07\/inclusio-educativa-un-viatge-a-traves-de-les-experiencies-de-la-xarxa-descoles-municipals\/#primaryimage"},"thumbnailUrl":"https:\/\/diarieducacio.cat\/extra\/wp-content\/uploads\/sites\/25\/2024\/11\/Centre-de-Formacio-de-Persones-Adultes-del-Masnou.jpg","datePublished":"2024-11-07T00:11:00+00:00","author":{"@id":"https:\/\/diarieducacio.cat\/extra\/#\/schema\/person\/5488ba959c06dafddb317678c072f7d2"},"breadcrumb":{"@id":"https:\/\/diarieducacio.cat\/extra\/2024\/11\/07\/inclusio-educativa-un-viatge-a-traves-de-les-experiencies-de-la-xarxa-descoles-municipals\/#breadcrumb"},"inLanguage":"ca","potentialAction":[{"@type":"ReadAction","target":["https:\/\/diarieducacio.cat\/extra\/2024\/11\/07\/inclusio-educativa-un-viatge-a-traves-de-les-experiencies-de-la-xarxa-descoles-municipals\/"]}]},{"@type":"ImageObject","inLanguage":"ca","@id":"https:\/\/diarieducacio.cat\/extra\/2024\/11\/07\/inclusio-educativa-un-viatge-a-traves-de-les-experiencies-de-la-xarxa-descoles-municipals\/#primaryimage","url":"https:\/\/diarieducacio.cat\/extra\/wp-content\/uploads\/sites\/25\/2024\/11\/Centre-de-Formacio-de-Persones-Adultes-del-Masnou.jpg","contentUrl":"https:\/\/diarieducacio.cat\/extra\/wp-content\/uploads\/sites\/25\/2024\/11\/Centre-de-Formacio-de-Persones-Adultes-del-Masnou.jpg","width":1000,"height":663,"caption":"El Centre de Formaci\u00f3 de Persones Adultes del Masnou contribueix a la inclusi\u00f3 educativa amb el projecte \u00abParla\u2019m de tu\u00bb | Diputaci\u00f3 de Barcelona"},{"@type":"BreadcrumbList","@id":"https:\/\/diarieducacio.cat\/extra\/2024\/11\/07\/inclusio-educativa-un-viatge-a-traves-de-les-experiencies-de-la-xarxa-descoles-municipals\/#breadcrumb","itemListElement":[{"@type":"ListItem","position":1,"name":"Inici","item":"https:\/\/diarieducacio.cat\/extra\/"},{"@type":"ListItem","position":2,"name":"Inclusi\u00f3 educativa, un viatge a trav\u00e9s de les experi\u00e8ncies de la Xarxa d\u2019Escoles Municipals"}]},{"@type":"WebSite","@id":"https:\/\/diarieducacio.cat\/extra\/#website","url":"https:\/\/diarieducacio.cat\/extra\/","name":"Extra Educaci\u00f3","description":"Un blog de El Diari de l&#039;Educaci\u00f3","potentialAction":[{"@type":"SearchAction","target":{"@type":"EntryPoint","urlTemplate":"https:\/\/diarieducacio.cat\/extra\/?s={search_term_string}"},"query-input":{"@type":"PropertyValueSpecification","valueRequired":true,"valueName":"search_term_string"}}],"inLanguage":"ca"},{"@type":"Person","@id":"https:\/\/diarieducacio.cat\/extra\/#\/schema\/person\/5488ba959c06dafddb317678c072f7d2","name":"Redacci\u00f3","image":{"@type":"ImageObject","inLanguage":"ca","@id":"https:\/\/secure.gravatar.com\/avatar\/36b095f7952641810b82b91019e5d348e8ffbefb0cbe60c4487cf043833aebe3?s=96&d=mm&r=g","url":"https:\/\/secure.gravatar.com\/avatar\/36b095f7952641810b82b91019e5d348e8ffbefb0cbe60c4487cf043833aebe3?s=96&d=mm&r=g","contentUrl":"https:\/\/secure.gravatar.com\/avatar\/36b095f7952641810b82b91019e5d348e8ffbefb0cbe60c4487cf043833aebe3?s=96&d=mm&r=g","caption":"Redacci\u00f3"},"url":"https:\/\/diarieducacio.cat\/extra\/author\/redaccioextra\/"}]}},"_links":{"self":[{"href":"https:\/\/diarieducacio.cat\/extra\/wp-json\/wp\/v2\/posts\/2895","targetHints":{"allow":["GET"]}}],"collection":[{"href":"https:\/\/diarieducacio.cat\/extra\/wp-json\/wp\/v2\/posts"}],"about":[{"href":"https:\/\/diarieducacio.cat\/extra\/wp-json\/wp\/v2\/types\/post"}],"author":[{"embeddable":true,"href":"https:\/\/diarieducacio.cat\/extra\/wp-json\/wp\/v2\/users\/294"}],"replies":[{"embeddable":true,"href":"https:\/\/diarieducacio.cat\/extra\/wp-json\/wp\/v2\/comments?post=2895"}],"version-history":[{"count":2,"href":"https:\/\/diarieducacio.cat\/extra\/wp-json\/wp\/v2\/posts\/2895\/revisions"}],"predecessor-version":[{"id":2899,"href":"https:\/\/diarieducacio.cat\/extra\/wp-json\/wp\/v2\/posts\/2895\/revisions\/2899"}],"wp:featuredmedia":[{"embeddable":true,"href":"https:\/\/diarieducacio.cat\/extra\/wp-json\/wp\/v2\/media\/2896"}],"wp:attachment":[{"href":"https:\/\/diarieducacio.cat\/extra\/wp-json\/wp\/v2\/media?parent=2895"}],"wp:term":[{"taxonomy":"category","embeddable":true,"href":"https:\/\/diarieducacio.cat\/extra\/wp-json\/wp\/v2\/categories?post=2895"},{"taxonomy":"post_tag","embeddable":true,"href":"https:\/\/diarieducacio.cat\/extra\/wp-json\/wp\/v2\/tags?post=2895"},{"taxonomy":"tipo","embeddable":true,"href":"https:\/\/diarieducacio.cat\/extra\/wp-json\/wp\/v2\/tipo?post=2895"}],"curies":[{"name":"wp","href":"https:\/\/api.w.org\/{rel}","templated":true}]}}