{"id":2952,"date":"2025-01-09T03:56:00","date_gmt":"2025-01-09T02:56:00","guid":{"rendered":"https:\/\/diarieducacio.cat\/extra\/?p=2952"},"modified":"2025-01-08T16:57:12","modified_gmt":"2025-01-08T15:57:12","slug":"el-racc-i-el-servei-catala-de-transit-convoquen-la-18a-edicio-del-concurs-joves-i-mobilitat","status":"publish","type":"post","link":"https:\/\/diarieducacio.cat\/extra\/2025\/01\/09\/el-racc-i-el-servei-catala-de-transit-convoquen-la-18a-edicio-del-concurs-joves-i-mobilitat\/","title":{"rendered":"El RACC i el Servei Catal\u00e0 de Tr\u00e0nsit convoquen la 18a edici\u00f3 del concurs Joves i Mobilitat"},"content":{"rendered":"\n<p><\/p>\n\n\n\n<div class=\"wp-block-group\"><div class=\"wp-block-group__inner-container is-layout-constrained wp-block-group-is-layout-constrained\">\n<ul class=\"wp-block-list\">\n<li>Sota el t\u00edtol <strong>Tothom \u00e9s vianant. Respectem-nos! <\/strong>l\u2019actual edici\u00f3 proposa als adolescents que reflexionin sobre la forma en qu\u00e8 tothom es despla\u00e7a alguna vegada: a peu.<\/li>\n\n\n\n<li>Els estudiants d\u2019entre 12 i 18 anys poden participar en el concurs fins al 22 d\u2019abril de 2024, que en concret s\u2019adre\u00e7a a alumnes d\u2019ESO, Batxillerat, Cicles Formatius de Grau Mitj\u00e0 i joves que formen part de casals i centres de lleure, aix\u00ed com alumnes d\u2019itineraris formatius espec\u00edfics (IFE).<\/li>\n\n\n\n<li>Es premiaran treballs a les categories de millors anuncis gr\u00e0fics, v\u00eddeos per a Instagram, projectes de millora de seguretat vi\u00e0ria i tamb\u00e9 el millor projecte educatiu en mobilitat segura impulsat per un centre escolar.<\/li>\n\n\n\n<li>Al llarg de les 17 edicions celebrades, m\u00e9s de 24.000 adolescents de tota Catalunya ha presentat m\u00e9s de 16.500 treballs a trav\u00e9s dels quals han donat la seva visi\u00f3 sobre la mobilitat.<\/li>\n<\/ul>\n<\/div><\/div>\n\n\n\n<p>El RACC, amb la col\u00b7laboraci\u00f3 \u00a0del Servei Catal\u00e0 de Tr\u00e0nsit, ha convocat la 18a edici\u00f3 del concurs educatiu \u2018Joves i Mobilitat\u2019. Sota el t\u00edtol <strong>Tothom \u00e9s vianant. Respectem-nos!<\/strong>, la present edici\u00f3 proposa als adolescents reflexionar sobre la forma en qu\u00e8 tothom es despla\u00e7a alguna vegada: a peu.<\/p>\n\n\n\n<p>Ja sigui per anar a la feina, a l\u2019escola, a fer compres o simplement per passejar, tothom \u00e9s alguna vegada vianant i \u00e9s essencial mantenir una actitud respectuosa cap als altres per contribuir a una conviv\u00e8ncia harm\u00f2nica i segura en l\u2019espai p\u00fablic.<\/p>\n\n\n\n<p>El repte de la 18a edici\u00f3 permet als centres educatius i centres de lleure treballar l&#8217;educaci\u00f3 vi\u00e0ria amb els joves, afavorint la seva reflexi\u00f3 envers el paper del vianant en la mobilitat.<\/p>\n\n\n\n<p>La seguretat vi\u00e0ria i l\u2019harmonia en el tr\u00e0nsit depenen del respecte mutu i el compliment de les normes per part de tots els usuaris de la via, incloent-hi aquells que es desplacen a peu.<\/p>\n\n\n\n<p>L&#8217;educaci\u00f3 vi\u00e0ria forma part del curr\u00edculum escolar de secund\u00e0ria i batxillerat, amb la reforma de la llei LOMLOE de fa un parell d\u2019anys. Un dels objectius d&#8217;aquesta reforma \u00e9s que els alumnes adquireixin els bons h\u00e0bits d\u2019una mobilitat segura, sostenible i responsable. Valors que el concurs Joves i Mobilitat tamb\u00e9 vol promoure entre els adolescents, a m\u00e9s d\u2019actituds de respecte entre els diferents actors de la mobilitat. &nbsp;<\/p>\n\n\n\n<p>Com anteriors edicions, el concurs premiar\u00e0 els treballs presentats en 4 categories: anunci gr\u00e0fic, v\u00eddeo per a Instagram i projecte de millora de la seguretat vi\u00e0ria, aix\u00ed com el millor projecte educatiu en mobilitat segura, que per quart any consecutiu reconeixer\u00e0 les activitats que realitzen els centres regularment durant el curs relacionades amb la tem\u00e0tica (com per exemple, la setmana de la mobilitat). &nbsp;<\/p>\n\n\n\n<p>El concurs es dirigeix a alumnes de Secund\u00e0ria, Batxillerat i Cicles Formatius de Grau Mitj\u00e0 d\u2019entre 12 i 18 anys, aix\u00ed com nois i noies d\u2019aquesta edat que siguin membres de casals de joves o centres de lleure catalans i alumnes d\u2019itineraris formatius espec\u00edfics (IFE).<\/p>\n\n\n\n<p>Els alumnes poden presentar els treballs de manera individual o en grups de fins a 4 integrants, i a m\u00e9s han de comptar amb la col\u00b7laboraci\u00f3 d\u2019un tutor o tutora dels seus centres educatius o de lleure. Per participar en la present edici\u00f3, els treballs han de presentar-se al web <a href=\"http:\/\/www.jovesimobilitat.cat\/\"><u>www.jovesimobilitat.cat<\/u><\/a>\u00a0fins al 22 d\u2019abril de 2025, on els professors tamb\u00e9 trobaran recursos i propostes did\u00e0ctiques sobre mobilitat, seguretat vi\u00e0ria i conviv\u00e8ncia. \u00a0<\/p>\n\n\n\n<p>M\u00e9s de 24.500 adolescents de tota Catalunya han participat a Joves i mobilitat, donant la seva visi\u00f3 sobre la mobilitat en m\u00e9s de 16.500 treballs al llarg de les 17 edicions celebrades.<\/p>\n\n\n\n<p><strong>Sobre el concurs <\/strong><strong><\/strong><\/p>\n\n\n\n<p>El concurs Joves i Mobilitat, el qual compta tamb\u00e9 amb la col\u00b7laboraci\u00f3 del Departament d\u2019Educaci\u00f3 de la Generalitat i amb diferents col\u00b7laboradors, \u00e9s un projecte educatiu que va n\u00e9ixer el 2008 per ajudar els estudiants d\u2019entre 12 i 18 anys de Catalunya a reflexionar sobre la responsabilitat i els riscos que implica la conducci\u00f3 d\u2019un vehicle.<\/p>\n\n\n\n<p>La profunda transformaci\u00f3 de la societat en els \u00faltims anys i les implicacions que se\u2019n deriven en termes de seguretat vi\u00e0ria, necessitats quotidianes de despla\u00e7aments i protecci\u00f3 de l\u2019entorn han fet evolucionar el concurs cap a una visi\u00f3 molt m\u00e9s completa i transversal del que significa avui la mobilitat.<\/p>\n","protected":false},"excerpt":{"rendered":"<p>El RACC, amb la col\u00b7laboraci\u00f3 \u00a0del Servei Catal\u00e0 de Tr\u00e0nsit, ha convocat la 18a edici\u00f3 del concurs educatiu \u2018Joves i Mobilitat\u2019. Sota el t\u00edtol Tothom \u00e9s vianant. Respectem-nos!, la present edici\u00f3 proposa als adolescents reflexionar sobre la forma en qu\u00e8 tothom es despla\u00e7a alguna vegada: a peu. Ja sigui per anar a la feina, a<\/p>\n","protected":false},"author":3,"featured_media":2953,"comment_status":"open","ping_status":"open","sticky":false,"template":"","format":"standard","meta":{"footnotes":""},"categories":[142],"tags":[145],"tipo":[192],"class_list":{"0":"post-2952","1":"post","2":"type-post","3":"status-publish","4":"format-standard","5":"has-post-thumbnail","7":"category-concursos-i-premis","8":"tag-racc","9":"tipo-actualitat"},"yoast_head":"<!-- This site is optimized with the Yoast SEO plugin v27.4 - https:\/\/yoast.com\/product\/yoast-seo-wordpress\/ -->\n<title>El RACC i el Servei Catal\u00e0 de Tr\u00e0nsit convoquen la 18a edici\u00f3 del concurs Joves i Mobilitat - Extra Educaci\u00f3<\/title>\n<meta name=\"robots\" content=\"index, follow, max-snippet:-1, max-image-preview:large, max-video-preview:-1\" \/>\n<link rel=\"canonical\" href=\"https:\/\/diarieducacio.cat\/extra\/2025\/01\/09\/el-racc-i-el-servei-catala-de-transit-convoquen-la-18a-edicio-del-concurs-joves-i-mobilitat\/\" \/>\n<meta property=\"og:locale\" content=\"ca_ES\" \/>\n<meta property=\"og:type\" content=\"article\" \/>\n<meta property=\"og:title\" content=\"El RACC i el Servei Catal\u00e0 de Tr\u00e0nsit convoquen la 18a edici\u00f3 del concurs Joves i Mobilitat - Extra Educaci\u00f3\" \/>\n<meta property=\"og:description\" content=\"El RACC, amb la col\u00b7laboraci\u00f3 \u00a0del Servei Catal\u00e0 de Tr\u00e0nsit, ha convocat la 18a edici\u00f3 del concurs educatiu \u2018Joves i Mobilitat\u2019. Sota el t\u00edtol Tothom \u00e9s vianant. Respectem-nos!, la present edici\u00f3 proposa als adolescents reflexionar sobre la forma en qu\u00e8 tothom es despla\u00e7a alguna vegada: a peu. Ja sigui per anar a la feina, a\" \/>\n<meta property=\"og:url\" content=\"https:\/\/diarieducacio.cat\/extra\/2025\/01\/09\/el-racc-i-el-servei-catala-de-transit-convoquen-la-18a-edicio-del-concurs-joves-i-mobilitat\/\" \/>\n<meta property=\"og:site_name\" content=\"Extra Educaci\u00f3\" \/>\n<meta property=\"article:publisher\" content=\"https:\/\/www.facebook.com\/diarieducacio\/\" \/>\n<meta property=\"article:published_time\" content=\"2025-01-09T02:56:00+00:00\" \/>\n<meta property=\"og:image\" content=\"https:\/\/diarieducacio.cat\/extra\/wp-content\/uploads\/sites\/25\/2025\/01\/18a-edicio-Concurs-Joves-i-Mobilitat.jpg\" \/>\n\t<meta property=\"og:image:width\" content=\"1200\" \/>\n\t<meta property=\"og:image:height\" content=\"613\" \/>\n\t<meta property=\"og:image:type\" content=\"image\/jpeg\" \/>\n<meta name=\"author\" content=\"Redacci\u00f3\" \/>\n<meta name=\"twitter:card\" content=\"summary_large_image\" \/>\n<meta name=\"twitter:creator\" content=\"@CatalunyaPlural\" \/>\n<meta name=\"twitter:site\" content=\"@DiariEducacio\" \/>\n<meta name=\"twitter:label1\" content=\"Escrit per\" \/>\n\t<meta name=\"twitter:data1\" content=\"Redacci\u00f3\" \/>\n\t<meta name=\"twitter:label2\" content=\"Temps estimat de lectura\" \/>\n\t<meta name=\"twitter:data2\" content=\"4 minuts\" \/>\n<script type=\"application\/ld+json\" class=\"yoast-schema-graph\">{\"@context\":\"https:\\\/\\\/schema.org\",\"@graph\":[{\"@type\":\"Article\",\"@id\":\"https:\\\/\\\/diarieducacio.cat\\\/extra\\\/2025\\\/01\\\/09\\\/el-racc-i-el-servei-catala-de-transit-convoquen-la-18a-edicio-del-concurs-joves-i-mobilitat\\\/#article\",\"isPartOf\":{\"@id\":\"https:\\\/\\\/diarieducacio.cat\\\/extra\\\/2025\\\/01\\\/09\\\/el-racc-i-el-servei-catala-de-transit-convoquen-la-18a-edicio-del-concurs-joves-i-mobilitat\\\/\"},\"author\":{\"name\":\"Redacci\u00f3\",\"@id\":\"https:\\\/\\\/diarieducacio.cat\\\/extra\\\/#\\\/schema\\\/person\\\/a59c6f6463f58484e77cabd794911180\"},\"headline\":\"El RACC i el Servei Catal\u00e0 de Tr\u00e0nsit convoquen la 18a edici\u00f3 del concurs Joves i Mobilitat\",\"datePublished\":\"2025-01-09T02:56:00+00:00\",\"mainEntityOfPage\":{\"@id\":\"https:\\\/\\\/diarieducacio.cat\\\/extra\\\/2025\\\/01\\\/09\\\/el-racc-i-el-servei-catala-de-transit-convoquen-la-18a-edicio-del-concurs-joves-i-mobilitat\\\/\"},\"wordCount\":755,\"commentCount\":0,\"image\":{\"@id\":\"https:\\\/\\\/diarieducacio.cat\\\/extra\\\/2025\\\/01\\\/09\\\/el-racc-i-el-servei-catala-de-transit-convoquen-la-18a-edicio-del-concurs-joves-i-mobilitat\\\/#primaryimage\"},\"thumbnailUrl\":\"https:\\\/\\\/diarieducacio.cat\\\/extra\\\/wp-content\\\/uploads\\\/sites\\\/25\\\/2025\\\/01\\\/18a-edicio-Concurs-Joves-i-Mobilitat.jpg\",\"keywords\":[\"RACC\"],\"articleSection\":[\"Concursos i premis\"],\"inLanguage\":\"ca\",\"potentialAction\":[{\"@type\":\"CommentAction\",\"name\":\"Comment\",\"target\":[\"https:\\\/\\\/diarieducacio.cat\\\/extra\\\/2025\\\/01\\\/09\\\/el-racc-i-el-servei-catala-de-transit-convoquen-la-18a-edicio-del-concurs-joves-i-mobilitat\\\/#respond\"]}]},{\"@type\":\"WebPage\",\"@id\":\"https:\\\/\\\/diarieducacio.cat\\\/extra\\\/2025\\\/01\\\/09\\\/el-racc-i-el-servei-catala-de-transit-convoquen-la-18a-edicio-del-concurs-joves-i-mobilitat\\\/\",\"url\":\"https:\\\/\\\/diarieducacio.cat\\\/extra\\\/2025\\\/01\\\/09\\\/el-racc-i-el-servei-catala-de-transit-convoquen-la-18a-edicio-del-concurs-joves-i-mobilitat\\\/\",\"name\":\"El RACC i el Servei Catal\u00e0 de Tr\u00e0nsit convoquen la 18a edici\u00f3 del concurs Joves i Mobilitat - Extra Educaci\u00f3\",\"isPartOf\":{\"@id\":\"https:\\\/\\\/diarieducacio.cat\\\/extra\\\/#website\"},\"primaryImageOfPage\":{\"@id\":\"https:\\\/\\\/diarieducacio.cat\\\/extra\\\/2025\\\/01\\\/09\\\/el-racc-i-el-servei-catala-de-transit-convoquen-la-18a-edicio-del-concurs-joves-i-mobilitat\\\/#primaryimage\"},\"image\":{\"@id\":\"https:\\\/\\\/diarieducacio.cat\\\/extra\\\/2025\\\/01\\\/09\\\/el-racc-i-el-servei-catala-de-transit-convoquen-la-18a-edicio-del-concurs-joves-i-mobilitat\\\/#primaryimage\"},\"thumbnailUrl\":\"https:\\\/\\\/diarieducacio.cat\\\/extra\\\/wp-content\\\/uploads\\\/sites\\\/25\\\/2025\\\/01\\\/18a-edicio-Concurs-Joves-i-Mobilitat.jpg\",\"datePublished\":\"2025-01-09T02:56:00+00:00\",\"author\":{\"@id\":\"https:\\\/\\\/diarieducacio.cat\\\/extra\\\/#\\\/schema\\\/person\\\/a59c6f6463f58484e77cabd794911180\"},\"breadcrumb\":{\"@id\":\"https:\\\/\\\/diarieducacio.cat\\\/extra\\\/2025\\\/01\\\/09\\\/el-racc-i-el-servei-catala-de-transit-convoquen-la-18a-edicio-del-concurs-joves-i-mobilitat\\\/#breadcrumb\"},\"inLanguage\":\"ca\",\"potentialAction\":[{\"@type\":\"ReadAction\",\"target\":[\"https:\\\/\\\/diarieducacio.cat\\\/extra\\\/2025\\\/01\\\/09\\\/el-racc-i-el-servei-catala-de-transit-convoquen-la-18a-edicio-del-concurs-joves-i-mobilitat\\\/\"]}]},{\"@type\":\"ImageObject\",\"inLanguage\":\"ca\",\"@id\":\"https:\\\/\\\/diarieducacio.cat\\\/extra\\\/2025\\\/01\\\/09\\\/el-racc-i-el-servei-catala-de-transit-convoquen-la-18a-edicio-del-concurs-joves-i-mobilitat\\\/#primaryimage\",\"url\":\"https:\\\/\\\/diarieducacio.cat\\\/extra\\\/wp-content\\\/uploads\\\/sites\\\/25\\\/2025\\\/01\\\/18a-edicio-Concurs-Joves-i-Mobilitat.jpg\",\"contentUrl\":\"https:\\\/\\\/diarieducacio.cat\\\/extra\\\/wp-content\\\/uploads\\\/sites\\\/25\\\/2025\\\/01\\\/18a-edicio-Concurs-Joves-i-Mobilitat.jpg\",\"width\":1200,\"height\":613},{\"@type\":\"BreadcrumbList\",\"@id\":\"https:\\\/\\\/diarieducacio.cat\\\/extra\\\/2025\\\/01\\\/09\\\/el-racc-i-el-servei-catala-de-transit-convoquen-la-18a-edicio-del-concurs-joves-i-mobilitat\\\/#breadcrumb\",\"itemListElement\":[{\"@type\":\"ListItem\",\"position\":1,\"name\":\"Inici\",\"item\":\"https:\\\/\\\/diarieducacio.cat\\\/extra\\\/\"},{\"@type\":\"ListItem\",\"position\":2,\"name\":\"El RACC i el Servei Catal\u00e0 de Tr\u00e0nsit convoquen la 18a edici\u00f3 del concurs Joves i Mobilitat\"}]},{\"@type\":\"WebSite\",\"@id\":\"https:\\\/\\\/diarieducacio.cat\\\/extra\\\/#website\",\"url\":\"https:\\\/\\\/diarieducacio.cat\\\/extra\\\/\",\"name\":\"Extra Educaci\u00f3\",\"description\":\"Un blog de El Diari de l&#039;Educaci\u00f3\",\"potentialAction\":[{\"@type\":\"SearchAction\",\"target\":{\"@type\":\"EntryPoint\",\"urlTemplate\":\"https:\\\/\\\/diarieducacio.cat\\\/extra\\\/?s={search_term_string}\"},\"query-input\":{\"@type\":\"PropertyValueSpecification\",\"valueRequired\":true,\"valueName\":\"search_term_string\"}}],\"inLanguage\":\"ca\"},{\"@type\":\"Person\",\"@id\":\"https:\\\/\\\/diarieducacio.cat\\\/extra\\\/#\\\/schema\\\/person\\\/a59c6f6463f58484e77cabd794911180\",\"name\":\"Redacci\u00f3\",\"image\":{\"@type\":\"ImageObject\",\"inLanguage\":\"ca\",\"@id\":\"https:\\\/\\\/diarieducacio.cat\\\/wp-content\\\/uploads\\\/2024\\\/11\\\/redaccio_avatar-96x96.png\",\"url\":\"https:\\\/\\\/diarieducacio.cat\\\/wp-content\\\/uploads\\\/2024\\\/11\\\/redaccio_avatar-96x96.png\",\"contentUrl\":\"https:\\\/\\\/diarieducacio.cat\\\/wp-content\\\/uploads\\\/2024\\\/11\\\/redaccio_avatar-96x96.png\",\"caption\":\"Redacci\u00f3\"},\"sameAs\":[\"https:\\\/\\\/x.com\\\/CatalunyaPlural\"],\"url\":\"https:\\\/\\\/diarieducacio.cat\\\/extra\\\/author\\\/redaccio\\\/\"}]}<\/script>\n<!-- \/ Yoast SEO plugin. -->","yoast_head_json":{"title":"El RACC i el Servei Catal\u00e0 de Tr\u00e0nsit convoquen la 18a edici\u00f3 del concurs Joves i Mobilitat - Extra Educaci\u00f3","robots":{"index":"index","follow":"follow","max-snippet":"max-snippet:-1","max-image-preview":"max-image-preview:large","max-video-preview":"max-video-preview:-1"},"canonical":"https:\/\/diarieducacio.cat\/extra\/2025\/01\/09\/el-racc-i-el-servei-catala-de-transit-convoquen-la-18a-edicio-del-concurs-joves-i-mobilitat\/","og_locale":"ca_ES","og_type":"article","og_title":"El RACC i el Servei Catal\u00e0 de Tr\u00e0nsit convoquen la 18a edici\u00f3 del concurs Joves i Mobilitat - Extra Educaci\u00f3","og_description":"El RACC, amb la col\u00b7laboraci\u00f3 \u00a0del Servei Catal\u00e0 de Tr\u00e0nsit, ha convocat la 18a edici\u00f3 del concurs educatiu \u2018Joves i Mobilitat\u2019. Sota el t\u00edtol Tothom \u00e9s vianant. Respectem-nos!, la present edici\u00f3 proposa als adolescents reflexionar sobre la forma en qu\u00e8 tothom es despla\u00e7a alguna vegada: a peu. Ja sigui per anar a la feina, a","og_url":"https:\/\/diarieducacio.cat\/extra\/2025\/01\/09\/el-racc-i-el-servei-catala-de-transit-convoquen-la-18a-edicio-del-concurs-joves-i-mobilitat\/","og_site_name":"Extra Educaci\u00f3","article_publisher":"https:\/\/www.facebook.com\/diarieducacio\/","article_published_time":"2025-01-09T02:56:00+00:00","og_image":[{"width":1200,"height":613,"url":"https:\/\/diarieducacio.cat\/extra\/wp-content\/uploads\/sites\/25\/2025\/01\/18a-edicio-Concurs-Joves-i-Mobilitat.jpg","type":"image\/jpeg"}],"author":"Redacci\u00f3","twitter_card":"summary_large_image","twitter_creator":"@CatalunyaPlural","twitter_site":"@DiariEducacio","twitter_misc":{"Escrit per":"Redacci\u00f3","Temps estimat de lectura":"4 minuts"},"schema":{"@context":"https:\/\/schema.org","@graph":[{"@type":"Article","@id":"https:\/\/diarieducacio.cat\/extra\/2025\/01\/09\/el-racc-i-el-servei-catala-de-transit-convoquen-la-18a-edicio-del-concurs-joves-i-mobilitat\/#article","isPartOf":{"@id":"https:\/\/diarieducacio.cat\/extra\/2025\/01\/09\/el-racc-i-el-servei-catala-de-transit-convoquen-la-18a-edicio-del-concurs-joves-i-mobilitat\/"},"author":{"name":"Redacci\u00f3","@id":"https:\/\/diarieducacio.cat\/extra\/#\/schema\/person\/a59c6f6463f58484e77cabd794911180"},"headline":"El RACC i el Servei Catal\u00e0 de Tr\u00e0nsit convoquen la 18a edici\u00f3 del concurs Joves i Mobilitat","datePublished":"2025-01-09T02:56:00+00:00","mainEntityOfPage":{"@id":"https:\/\/diarieducacio.cat\/extra\/2025\/01\/09\/el-racc-i-el-servei-catala-de-transit-convoquen-la-18a-edicio-del-concurs-joves-i-mobilitat\/"},"wordCount":755,"commentCount":0,"image":{"@id":"https:\/\/diarieducacio.cat\/extra\/2025\/01\/09\/el-racc-i-el-servei-catala-de-transit-convoquen-la-18a-edicio-del-concurs-joves-i-mobilitat\/#primaryimage"},"thumbnailUrl":"https:\/\/diarieducacio.cat\/extra\/wp-content\/uploads\/sites\/25\/2025\/01\/18a-edicio-Concurs-Joves-i-Mobilitat.jpg","keywords":["RACC"],"articleSection":["Concursos i premis"],"inLanguage":"ca","potentialAction":[{"@type":"CommentAction","name":"Comment","target":["https:\/\/diarieducacio.cat\/extra\/2025\/01\/09\/el-racc-i-el-servei-catala-de-transit-convoquen-la-18a-edicio-del-concurs-joves-i-mobilitat\/#respond"]}]},{"@type":"WebPage","@id":"https:\/\/diarieducacio.cat\/extra\/2025\/01\/09\/el-racc-i-el-servei-catala-de-transit-convoquen-la-18a-edicio-del-concurs-joves-i-mobilitat\/","url":"https:\/\/diarieducacio.cat\/extra\/2025\/01\/09\/el-racc-i-el-servei-catala-de-transit-convoquen-la-18a-edicio-del-concurs-joves-i-mobilitat\/","name":"El RACC i el Servei Catal\u00e0 de Tr\u00e0nsit convoquen la 18a edici\u00f3 del concurs Joves i Mobilitat - Extra Educaci\u00f3","isPartOf":{"@id":"https:\/\/diarieducacio.cat\/extra\/#website"},"primaryImageOfPage":{"@id":"https:\/\/diarieducacio.cat\/extra\/2025\/01\/09\/el-racc-i-el-servei-catala-de-transit-convoquen-la-18a-edicio-del-concurs-joves-i-mobilitat\/#primaryimage"},"image":{"@id":"https:\/\/diarieducacio.cat\/extra\/2025\/01\/09\/el-racc-i-el-servei-catala-de-transit-convoquen-la-18a-edicio-del-concurs-joves-i-mobilitat\/#primaryimage"},"thumbnailUrl":"https:\/\/diarieducacio.cat\/extra\/wp-content\/uploads\/sites\/25\/2025\/01\/18a-edicio-Concurs-Joves-i-Mobilitat.jpg","datePublished":"2025-01-09T02:56:00+00:00","author":{"@id":"https:\/\/diarieducacio.cat\/extra\/#\/schema\/person\/a59c6f6463f58484e77cabd794911180"},"breadcrumb":{"@id":"https:\/\/diarieducacio.cat\/extra\/2025\/01\/09\/el-racc-i-el-servei-catala-de-transit-convoquen-la-18a-edicio-del-concurs-joves-i-mobilitat\/#breadcrumb"},"inLanguage":"ca","potentialAction":[{"@type":"ReadAction","target":["https:\/\/diarieducacio.cat\/extra\/2025\/01\/09\/el-racc-i-el-servei-catala-de-transit-convoquen-la-18a-edicio-del-concurs-joves-i-mobilitat\/"]}]},{"@type":"ImageObject","inLanguage":"ca","@id":"https:\/\/diarieducacio.cat\/extra\/2025\/01\/09\/el-racc-i-el-servei-catala-de-transit-convoquen-la-18a-edicio-del-concurs-joves-i-mobilitat\/#primaryimage","url":"https:\/\/diarieducacio.cat\/extra\/wp-content\/uploads\/sites\/25\/2025\/01\/18a-edicio-Concurs-Joves-i-Mobilitat.jpg","contentUrl":"https:\/\/diarieducacio.cat\/extra\/wp-content\/uploads\/sites\/25\/2025\/01\/18a-edicio-Concurs-Joves-i-Mobilitat.jpg","width":1200,"height":613},{"@type":"BreadcrumbList","@id":"https:\/\/diarieducacio.cat\/extra\/2025\/01\/09\/el-racc-i-el-servei-catala-de-transit-convoquen-la-18a-edicio-del-concurs-joves-i-mobilitat\/#breadcrumb","itemListElement":[{"@type":"ListItem","position":1,"name":"Inici","item":"https:\/\/diarieducacio.cat\/extra\/"},{"@type":"ListItem","position":2,"name":"El RACC i el Servei Catal\u00e0 de Tr\u00e0nsit convoquen la 18a edici\u00f3 del concurs Joves i Mobilitat"}]},{"@type":"WebSite","@id":"https:\/\/diarieducacio.cat\/extra\/#website","url":"https:\/\/diarieducacio.cat\/extra\/","name":"Extra Educaci\u00f3","description":"Un blog de El Diari de l&#039;Educaci\u00f3","potentialAction":[{"@type":"SearchAction","target":{"@type":"EntryPoint","urlTemplate":"https:\/\/diarieducacio.cat\/extra\/?s={search_term_string}"},"query-input":{"@type":"PropertyValueSpecification","valueRequired":true,"valueName":"search_term_string"}}],"inLanguage":"ca"},{"@type":"Person","@id":"https:\/\/diarieducacio.cat\/extra\/#\/schema\/person\/a59c6f6463f58484e77cabd794911180","name":"Redacci\u00f3","image":{"@type":"ImageObject","inLanguage":"ca","@id":"https:\/\/diarieducacio.cat\/wp-content\/uploads\/2024\/11\/redaccio_avatar-96x96.png","url":"https:\/\/diarieducacio.cat\/wp-content\/uploads\/2024\/11\/redaccio_avatar-96x96.png","contentUrl":"https:\/\/diarieducacio.cat\/wp-content\/uploads\/2024\/11\/redaccio_avatar-96x96.png","caption":"Redacci\u00f3"},"sameAs":["https:\/\/x.com\/CatalunyaPlural"],"url":"https:\/\/diarieducacio.cat\/extra\/author\/redaccio\/"}]}},"_links":{"self":[{"href":"https:\/\/diarieducacio.cat\/extra\/wp-json\/wp\/v2\/posts\/2952","targetHints":{"allow":["GET"]}}],"collection":[{"href":"https:\/\/diarieducacio.cat\/extra\/wp-json\/wp\/v2\/posts"}],"about":[{"href":"https:\/\/diarieducacio.cat\/extra\/wp-json\/wp\/v2\/types\/post"}],"author":[{"embeddable":true,"href":"https:\/\/diarieducacio.cat\/extra\/wp-json\/wp\/v2\/users\/3"}],"replies":[{"embeddable":true,"href":"https:\/\/diarieducacio.cat\/extra\/wp-json\/wp\/v2\/comments?post=2952"}],"version-history":[{"count":4,"href":"https:\/\/diarieducacio.cat\/extra\/wp-json\/wp\/v2\/posts\/2952\/revisions"}],"predecessor-version":[{"id":2957,"href":"https:\/\/diarieducacio.cat\/extra\/wp-json\/wp\/v2\/posts\/2952\/revisions\/2957"}],"wp:featuredmedia":[{"embeddable":true,"href":"https:\/\/diarieducacio.cat\/extra\/wp-json\/wp\/v2\/media\/2953"}],"wp:attachment":[{"href":"https:\/\/diarieducacio.cat\/extra\/wp-json\/wp\/v2\/media?parent=2952"}],"wp:term":[{"taxonomy":"category","embeddable":true,"href":"https:\/\/diarieducacio.cat\/extra\/wp-json\/wp\/v2\/categories?post=2952"},{"taxonomy":"post_tag","embeddable":true,"href":"https:\/\/diarieducacio.cat\/extra\/wp-json\/wp\/v2\/tags?post=2952"},{"taxonomy":"tipo","embeddable":true,"href":"https:\/\/diarieducacio.cat\/extra\/wp-json\/wp\/v2\/tipo?post=2952"}],"curies":[{"name":"wp","href":"https:\/\/api.w.org\/{rel}","templated":true}]}}