{"id":3058,"date":"2025-04-04T15:12:03","date_gmt":"2025-04-04T13:12:03","guid":{"rendered":"https:\/\/diarieducacio.cat\/extra\/?p=3058"},"modified":"2025-04-04T15:18:00","modified_gmt":"2025-04-04T13:18:00","slug":"codicrack-un-programa-gratuit-per-formar-infants-i-joves-en-competencies-digitals","status":"publish","type":"post","link":"https:\/\/diarieducacio.cat\/extra\/2025\/04\/04\/codicrack-un-programa-gratuit-per-formar-infants-i-joves-en-competencies-digitals\/","title":{"rendered":"CodiCrack, un programa gratu\u00eft per formar infants i joves en compet\u00e8ncies digitals"},"content":{"rendered":"\n<p>Protegir la inf\u00e0ncia i l\u2019adolesc\u00e8ncia en el m\u00f3n digital, fer servir la tecnologia de manera creativa i segura i fer&nbsp;un bon \u00fas de les xarxes s\u00f3n alguns dels objectius del programa <a href=\"https:\/\/codicrack.upc.edu\/\"><u>CodiCrack<\/u><\/a>, una iniciativa que ofereix activitats extraescolars gratu\u00eftes per desenvolupar resili\u00e8ncia i compet\u00e8ncies digitals.<\/p>\n\n\n\n<p>El projecte est\u00e0 dirigit inicialment a m\u00e9s de 30.000 infants i adolescents d\u2019entre 9 i 17 anys i joves extutelats. Se subdivideix en tres franges d\u2019edat: de 9 a 11 anys, de 12 a 13 anys i de 14 a 17 anys, amb activitats pr\u00e0ctiques i un enfocament metodol\u00f2gic adaptat a cada grup d\u2019edat.&nbsp;Pel que fa als joves extutelats majors d\u2019edat, posa l\u2019accent en les oportunitats que suposaran&nbsp;les compet\u00e8ncies digitals en el seu acc\u00e9s al m\u00f3n laboral.&nbsp;<\/p>\n\n\n\n<p>El programa est\u00e0 organitzat en&nbsp;tallers&nbsp;de 30 hores presencials, distribu\u00efts&nbsp;de manera flexible, amb un m\u00e0xim 12 setmanes, per adaptar-se a les necessitats dels centres i de l\u2019alumnat.&nbsp;Un cop finalitzat el curs, els infants i joves que hi han&nbsp;participat reben&nbsp;un&nbsp;<strong>certificat de la <\/strong><strong>Universitat Polit\u00e8cnica de Catal<\/strong><strong>unya (<\/strong><strong>UPC<\/strong><strong>)<\/strong>&nbsp;que acredita el seu nivell de compet\u00e8ncies digitals.<\/p>\n\n\n\n<p>Els cursos tenen lloc a una \u00e0mplia varietat d\u2019espais, com ara escoles, instituts, biblioteques, casals c\u00edvics, punts TIC, punts joves i altres espais comunitaris. Actualment, hi ha m\u00e9s d\u2019un centenar de centres repartits per 34 comarques de Catalunya i est\u00e0 previst que arribi a la totalitat del territori.\u00a0La programaci\u00f3 de tallers s\u2019intensifica especialment en forma de casals d\u2019estiu. Al web <a href=\"http:\/\/codicrack.upc.edu\">codicrack.upc.edu<\/a> les persones interessades poden\u00a0consultar les activitats m\u00e9s properes al seu domicili i apuntar-se de forma totalment gratu\u00efta. Una experi\u00e8ncia d&#8217;estiu diferent\u00a0i pr\u00e0ctica on sumar noves habilitats digitals per a infants i joves.<\/p>\n\n\n\n<p>Codicrack est\u00e0 impulsat pel Departament de Drets Socials i Inclusi\u00f3 de la Generalitat de Catalunya i est\u00e0 desenvolupat per la UPC School, l\u2019escola de formaci\u00f3 permanent de la UPC. Est\u00e0 finan\u00e7at pels Fons Next Generation de la Uni\u00f3 Europea i est\u00e0 totalment subvencionat, de manera que no hi ha cap cost per als centres que vulguin acollir-lo ni per als infants i joves&nbsp;que s\u2019hi inscriguin.<\/p>\n\n\n\n<h4 class=\"wp-block-heading\">Formaci\u00f3 digital de qualitat<\/h4>\n\n\n\n<p>Un dels perfils prioritaris \u00e9s el de col\u00b7lectius vulnerables, com&nbsp;s\u00f3n els&nbsp;infants i joves en risc d&#8217;exclusi\u00f3 social o amb necessitats educatives especials. Els tallers estan dissenyats per garantir que tothom tingui acc\u00e9s a una formaci\u00f3 digital de qualitat, independentment del seu entorn o situaci\u00f3, promovent la igualtat d&#8217;oportunitats i l&#8217;autonomia personal.<\/p>\n\n\n\n<p>Sergio Moreno Rueda \u00e9s docent i coordinador pedag\u00f2gic del Centre de Joves i Adults ACIS de la ciutat de Barcelona, un dels espais que s\u2019ha sumat al projecte CodiCrack. Explica que el programa \u201caporta informaci\u00f3 que una bona part del jovent desconeix, i pot ajudar a fer un \u00fas una mica m\u00e9s conscient de les xarxes\u201d.<\/p>\n\n\n\n<p>Per a Moreno, \u201c\u00e9s essencial que, des dels centres educatius i qualsevol entitat que treballi amb infants i joves, difongui aquest tipus d\u2019informaci\u00f3, i incl\u00fas que es pugui estendre a les fam\u00edlies\u201d. \u201cProtegir la inf\u00e0ncia i l\u2019adolesc\u00e8ncia i ajudar que facin un \u00fas adequat de la tecnologia, que entenguin la informaci\u00f3 que reben i a con\u00e8ixer el perill de les xarxes, \u00e9s un treball diari que s\u2019ha de fer a nivell social\u201d, destaca el docent.<\/p>\n\n\n\n<p>En aquest sentit, el coordinador pedag\u00f2gic posa de manifest els \u201cperills\u201d que comporta per a infants i joves l\u2019\u00fas de les xarxes i la informaci\u00f3 que reben constantment, en un m\u00f3n en qu\u00e8 \u201cens trobem amb situacions de desinformaci\u00f3 i de conflictes que es donen per un mal \u00fas de les xarxes\u201d.<\/p>\n\n\n\n<p>Per tot aix\u00f2, Moreno fa un balan\u00e7 positiu de l\u2019experi\u00e8ncia, perqu\u00e8 tracta temes que s\u00f3n d\u2019actualitat i una informaci\u00f3 necess\u00e0ria per al jovent.<\/p>\n\n\n\n<p>I \u00e9s que el programa CodiCrack no nom\u00e9s busca millorar les compet\u00e8ncies digitals dels infants i joves, sin\u00f3 tamb\u00e9 reduir la bretxa digital i fomentar una participaci\u00f3 m\u00e9s inclusiva i activa en la societat digital. En l\u2019\u00e0mbit municipal, crea sinergies amb altres iniciatives educatives i fomenta el treball col\u00b7laboratiu entre centres, fam\u00edlies i entitats.<\/p>\n\n\n\n<p>Els formadors i monitors s\u00f3n persones experimentades en tecnologies i noves metodologies d\u2019aprenentatge, i tenen especial cura en fomentar el pensament cr\u00edtic, la resoluci\u00f3 de problemes i la col\u00b7laboraci\u00f3 en l\u2019entorn digital.&nbsp;<\/p>\n\n\n\n<p>Si necessites\u00a0m\u00e9s informaci\u00f3 sobre com dur l\u2019experi\u00e8ncia Codicrack a la teva escola o institut,\u00a0o t\u2019interessa saber on s\u2019estan fent cursos, visita el web<a href=\"http:\/\/CodiCrack, un programa gratu\u00eft per formar infants i joves en compet\u00e8ncies digitals El projecte s'implementa a tot Catalunya en diversos centres, com escoles, instituts, biblioteques, punts TIC, casals c\u00edvics, punts joves i altres espais comunitaris Protegir la inf\u00e0ncia i l\u2019adolesc\u00e8ncia en el m\u00f3n digital, fer servir la tecnologia de manera creativa i segura i fer un bon \u00fas de les xarxes s\u00f3n alguns dels objectius del programa CodiCrack, una iniciativa que ofereix activitats extraescolars gratu\u00eftes per desenvolupar resili\u00e8ncia i compet\u00e8ncies digitals. El projecte est\u00e0 dirigit inicialment a m\u00e9s de 30.000 infants i adolescents d\u2019entre 9 i 17 anys i joves extutelats. Se subdivideix en tres franges d\u2019edat: de 9 a 11 anys, de 12 a 13 anys i de 14 a 17 anys, amb activitats pr\u00e0ctiques i un enfocament metodol\u00f2gic adaptat a cada grup d\u2019edat.\u00a0Pel que fa als joves extutelats majors d\u2019edat, posa l\u2019accent en les oportunitats que suposaran les compet\u00e8ncies digitals en el seu acc\u00e9s al m\u00f3n laboral.\u00a0 El programa est\u00e0 organitzat en tallers de 30 hores presencials, distribu\u00efts de manera flexible, amb un m\u00e0xim 12 setmanes, per adaptar-se a les necessitats dels centres i de l\u2019alumnat. Un cop finalitzat el curs, els infants i joves que hi han participat reben un\u00a0certificat de la Universitat Polit\u00e8cnica de Catalunya (UPC)\u00a0que acredita el seu nivell de compet\u00e8ncies digitals. Els cursos tenen lloc a una \u00e0mplia varietat d\u2019espais, com ara escoles, instituts, biblioteques, casals c\u00edvics, punts TIC, punts joves i altres espais comunitaris. Actualment, hi ha m\u00e9s d\u2019un centenar de centres repartits per 34 comarques de Catalunya i est\u00e0 previst que arribi a la totalitat del territori. La programaci\u00f3 de tallers s\u2019intensifica especialment en forma de casals d\u2019estiu. Al web codicrack.upc,edu les persones interessades poden consultar les activitats m\u00e9s properes al seu domicili i apuntar-se de forma totalment gratu\u00efta. Una experi\u00e8ncia d'estiu diferent i pr\u00e0ctica on sumar noves habilitats digitals per a infants i joves.  Codicrack est\u00e0 impulsat pel Departament de Drets Socials i Inclusi\u00f3 de la Generalitat de Catalunya i est\u00e0 desenvolupat per la UPC School, l\u2019escola de formaci\u00f3 permanent de la UPC. Est\u00e0 finan\u00e7at pels Fons Next Generation de la Uni\u00f3 Europea i est\u00e0 totalment subvencionat, de manera que no hi ha cap cost per als centres que vulguin acollir-lo ni per als infants i joves que s\u2019hi inscriguin. Formaci\u00f3 digital de qualitat Un dels perfils prioritaris \u00e9s el de col\u00b7lectius vulnerables, com s\u00f3n els infants i joves en risc d'exclusi\u00f3 social o amb necessitats educatives especials. Els tallers estan dissenyats per garantir que tothom tingui acc\u00e9s a una formaci\u00f3 digital de qualitat, independentment del seu entorn o situaci\u00f3, promovent la igualtat d'oportunitats i l'autonomia personal. Sergio Moreno Rueda \u00e9s docent i coordinador pedag\u00f2gic del Centre de Joves i Adults ACIS de la ciutat de Barcelona, un dels espais que s\u2019ha sumat al projecte CodiCrack. Explica que el programa \u201caporta informaci\u00f3 que una bona part del jovent desconeix, i pot ajudar a fer un \u00fas una mica m\u00e9s conscient de les xarxes\u201d. Per a Moreno, \u201c\u00e9s essencial que, des dels centres educatius i qualsevol entitat que treballi amb infants i joves, difongui aquest tipus d\u2019informaci\u00f3, i incl\u00fas que es pugui estendre a les fam\u00edlies\u201d. \u201cProtegir la inf\u00e0ncia i l\u2019adolesc\u00e8ncia i ajudar que facin un \u00fas adequat de la tecnologia, que entenguin la informaci\u00f3 que reben i a con\u00e8ixer el perill de les xarxes, \u00e9s un treball diari que s\u2019ha de fer a nivell social\u201d, destaca el docent. En aquest sentit, el coordinador pedag\u00f2gic posa de manifest els \u201cperills\u201d que comporta per a infants i joves l\u2019\u00fas de les xarxes i la informaci\u00f3 que reben constantment, en un m\u00f3n en qu\u00e8 \u201cens trobem amb situacions de desinformaci\u00f3 i de conflictes que es donen per un mal \u00fas de les xarxes\u201d. Per tot aix\u00f2, Moreno fa un balan\u00e7 positiu de l\u2019experi\u00e8ncia, perqu\u00e8 tracta temes que s\u00f3n d\u2019actualitat i una informaci\u00f3 necess\u00e0ria per al jovent. I \u00e9s que el programa CodiCrack no nom\u00e9s busca millorar les compet\u00e8ncies digitals dels infants i joves, sin\u00f3 tamb\u00e9 reduir la bretxa digital i fomentar una participaci\u00f3 m\u00e9s inclusiva i activa en la societat digital. En l\u2019\u00e0mbit municipal, crea sinergies amb altres iniciatives educatives i fomenta el treball col\u00b7laboratiu entre centres, fam\u00edlies i entitats. Els formadors i monitors s\u00f3n persones experimentades en tecnologies i noves metodologies d\u2019aprenentatge, i tenen especial cura en fomentar el pensament cr\u00edtic, la resoluci\u00f3 de problemes i la col\u00b7laboraci\u00f3 en l\u2019entorn digital.\u00a0 Si necessites m\u00e9s informaci\u00f3 sobre com dur l\u2019experi\u00e8ncia Codicrack a la teva escola o institut, o t\u2019interessa saber on s\u2019estan fent cursos, visita el web codicrack.upc.edu.\"> codicrack.upc.edu<\/a>.<\/p>\n","protected":false},"excerpt":{"rendered":"<p>Protegir la inf\u00e0ncia i l\u2019adolesc\u00e8ncia en el m\u00f3n digital, fer servir la tecnologia de manera creativa i segura i fer&nbsp;un bon \u00fas de les xarxes s\u00f3n alguns dels objectius del programa CodiCrack, una iniciativa que ofereix activitats extraescolars gratu\u00eftes per desenvolupar resili\u00e8ncia i compet\u00e8ncies digitals. El projecte est\u00e0 dirigit inicialment a m\u00e9s de 30.000 infants<\/p>\n","protected":false},"author":3,"featured_media":3062,"comment_status":"open","ping_status":"open","sticky":false,"template":"","format":"standard","meta":{"footnotes":""},"categories":[136,121],"tags":[155],"tipo":[192],"class_list":{"0":"post-3058","1":"post","2":"type-post","3":"status-publish","4":"format-standard","5":"has-post-thumbnail","7":"category-formacio-2","8":"category-recursos","9":"tag-educacio-digital","10":"tipo-actualitat"},"yoast_head":"<!-- This site is optimized with the Yoast SEO plugin v27.5 - https:\/\/yoast.com\/product\/yoast-seo-wordpress\/ -->\n<title>CodiCrack, un programa gratu\u00eft per formar infants i joves en compet\u00e8ncies digitals - Extra Educaci\u00f3<\/title>\n<meta name=\"robots\" content=\"index, follow, max-snippet:-1, max-image-preview:large, max-video-preview:-1\" \/>\n<link rel=\"canonical\" href=\"https:\/\/diarieducacio.cat\/extra\/2025\/04\/04\/codicrack-un-programa-gratuit-per-formar-infants-i-joves-en-competencies-digitals\/\" \/>\n<meta property=\"og:locale\" content=\"ca_ES\" \/>\n<meta property=\"og:type\" content=\"article\" \/>\n<meta property=\"og:title\" content=\"CodiCrack, un programa gratu\u00eft per formar infants i joves en compet\u00e8ncies digitals - Extra Educaci\u00f3\" \/>\n<meta property=\"og:description\" content=\"Protegir la inf\u00e0ncia i l\u2019adolesc\u00e8ncia en el m\u00f3n digital, fer servir la tecnologia de manera creativa i segura i fer&nbsp;un bon \u00fas de les xarxes s\u00f3n alguns dels objectius del programa CodiCrack, una iniciativa que ofereix activitats extraescolars gratu\u00eftes per desenvolupar resili\u00e8ncia i compet\u00e8ncies digitals. El projecte est\u00e0 dirigit inicialment a m\u00e9s de 30.000 infants\" \/>\n<meta property=\"og:url\" content=\"https:\/\/diarieducacio.cat\/extra\/2025\/04\/04\/codicrack-un-programa-gratuit-per-formar-infants-i-joves-en-competencies-digitals\/\" \/>\n<meta property=\"og:site_name\" content=\"Extra Educaci\u00f3\" \/>\n<meta property=\"article:publisher\" content=\"https:\/\/www.facebook.com\/diarieducacio\/\" \/>\n<meta property=\"article:published_time\" content=\"2025-04-04T13:12:03+00:00\" \/>\n<meta property=\"article:modified_time\" content=\"2025-04-04T13:18:00+00:00\" \/>\n<meta property=\"og:image\" content=\"https:\/\/diarieducacio.cat\/extra\/wp-content\/uploads\/sites\/25\/2025\/04\/GettyImages-14484779991.jpg\" \/>\n\t<meta property=\"og:image:width\" content=\"1000\" \/>\n\t<meta property=\"og:image:height\" content=\"666\" \/>\n\t<meta property=\"og:image:type\" content=\"image\/jpeg\" \/>\n<meta name=\"author\" content=\"Redacci\u00f3\" \/>\n<meta name=\"twitter:card\" content=\"summary_large_image\" \/>\n<meta name=\"twitter:creator\" content=\"@CatalunyaPlural\" \/>\n<meta name=\"twitter:site\" content=\"@DiariEducacio\" \/>\n<meta name=\"twitter:label1\" content=\"Escrit per\" \/>\n\t<meta name=\"twitter:data1\" content=\"Redacci\u00f3\" \/>\n\t<meta name=\"twitter:label2\" content=\"Temps estimat de lectura\" \/>\n\t<meta name=\"twitter:data2\" content=\"4 minuts\" \/>\n<script type=\"application\/ld+json\" class=\"yoast-schema-graph\">{\"@context\":\"https:\\\/\\\/schema.org\",\"@graph\":[{\"@type\":\"Article\",\"@id\":\"https:\\\/\\\/diarieducacio.cat\\\/extra\\\/2025\\\/04\\\/04\\\/codicrack-un-programa-gratuit-per-formar-infants-i-joves-en-competencies-digitals\\\/#article\",\"isPartOf\":{\"@id\":\"https:\\\/\\\/diarieducacio.cat\\\/extra\\\/2025\\\/04\\\/04\\\/codicrack-un-programa-gratuit-per-formar-infants-i-joves-en-competencies-digitals\\\/\"},\"author\":{\"name\":\"Redacci\u00f3\",\"@id\":\"https:\\\/\\\/diarieducacio.cat\\\/extra\\\/#\\\/schema\\\/person\\\/a59c6f6463f58484e77cabd794911180\"},\"headline\":\"CodiCrack, un programa gratu\u00eft per formar infants i joves en compet\u00e8ncies digitals\",\"datePublished\":\"2025-04-04T13:12:03+00:00\",\"dateModified\":\"2025-04-04T13:18:00+00:00\",\"mainEntityOfPage\":{\"@id\":\"https:\\\/\\\/diarieducacio.cat\\\/extra\\\/2025\\\/04\\\/04\\\/codicrack-un-programa-gratuit-per-formar-infants-i-joves-en-competencies-digitals\\\/\"},\"wordCount\":824,\"commentCount\":0,\"image\":{\"@id\":\"https:\\\/\\\/diarieducacio.cat\\\/extra\\\/2025\\\/04\\\/04\\\/codicrack-un-programa-gratuit-per-formar-infants-i-joves-en-competencies-digitals\\\/#primaryimage\"},\"thumbnailUrl\":\"https:\\\/\\\/diarieducacio.cat\\\/extra\\\/wp-content\\\/uploads\\\/sites\\\/25\\\/2025\\\/04\\\/GettyImages-14484779991.jpg\",\"keywords\":[\"educaci\u00f3 digital\"],\"articleSection\":[\"Formaci\u00f3\",\"Recursos\"],\"inLanguage\":\"ca\",\"potentialAction\":[{\"@type\":\"CommentAction\",\"name\":\"Comment\",\"target\":[\"https:\\\/\\\/diarieducacio.cat\\\/extra\\\/2025\\\/04\\\/04\\\/codicrack-un-programa-gratuit-per-formar-infants-i-joves-en-competencies-digitals\\\/#respond\"]}]},{\"@type\":\"WebPage\",\"@id\":\"https:\\\/\\\/diarieducacio.cat\\\/extra\\\/2025\\\/04\\\/04\\\/codicrack-un-programa-gratuit-per-formar-infants-i-joves-en-competencies-digitals\\\/\",\"url\":\"https:\\\/\\\/diarieducacio.cat\\\/extra\\\/2025\\\/04\\\/04\\\/codicrack-un-programa-gratuit-per-formar-infants-i-joves-en-competencies-digitals\\\/\",\"name\":\"CodiCrack, un programa gratu\u00eft per formar infants i joves en compet\u00e8ncies digitals - Extra Educaci\u00f3\",\"isPartOf\":{\"@id\":\"https:\\\/\\\/diarieducacio.cat\\\/extra\\\/#website\"},\"primaryImageOfPage\":{\"@id\":\"https:\\\/\\\/diarieducacio.cat\\\/extra\\\/2025\\\/04\\\/04\\\/codicrack-un-programa-gratuit-per-formar-infants-i-joves-en-competencies-digitals\\\/#primaryimage\"},\"image\":{\"@id\":\"https:\\\/\\\/diarieducacio.cat\\\/extra\\\/2025\\\/04\\\/04\\\/codicrack-un-programa-gratuit-per-formar-infants-i-joves-en-competencies-digitals\\\/#primaryimage\"},\"thumbnailUrl\":\"https:\\\/\\\/diarieducacio.cat\\\/extra\\\/wp-content\\\/uploads\\\/sites\\\/25\\\/2025\\\/04\\\/GettyImages-14484779991.jpg\",\"datePublished\":\"2025-04-04T13:12:03+00:00\",\"dateModified\":\"2025-04-04T13:18:00+00:00\",\"author\":{\"@id\":\"https:\\\/\\\/diarieducacio.cat\\\/extra\\\/#\\\/schema\\\/person\\\/a59c6f6463f58484e77cabd794911180\"},\"breadcrumb\":{\"@id\":\"https:\\\/\\\/diarieducacio.cat\\\/extra\\\/2025\\\/04\\\/04\\\/codicrack-un-programa-gratuit-per-formar-infants-i-joves-en-competencies-digitals\\\/#breadcrumb\"},\"inLanguage\":\"ca\",\"potentialAction\":[{\"@type\":\"ReadAction\",\"target\":[\"https:\\\/\\\/diarieducacio.cat\\\/extra\\\/2025\\\/04\\\/04\\\/codicrack-un-programa-gratuit-per-formar-infants-i-joves-en-competencies-digitals\\\/\"]}]},{\"@type\":\"ImageObject\",\"inLanguage\":\"ca\",\"@id\":\"https:\\\/\\\/diarieducacio.cat\\\/extra\\\/2025\\\/04\\\/04\\\/codicrack-un-programa-gratuit-per-formar-infants-i-joves-en-competencies-digitals\\\/#primaryimage\",\"url\":\"https:\\\/\\\/diarieducacio.cat\\\/extra\\\/wp-content\\\/uploads\\\/sites\\\/25\\\/2025\\\/04\\\/GettyImages-14484779991.jpg\",\"contentUrl\":\"https:\\\/\\\/diarieducacio.cat\\\/extra\\\/wp-content\\\/uploads\\\/sites\\\/25\\\/2025\\\/04\\\/GettyImages-14484779991.jpg\",\"width\":1000,\"height\":666,\"caption\":\"| GettyImages\"},{\"@type\":\"BreadcrumbList\",\"@id\":\"https:\\\/\\\/diarieducacio.cat\\\/extra\\\/2025\\\/04\\\/04\\\/codicrack-un-programa-gratuit-per-formar-infants-i-joves-en-competencies-digitals\\\/#breadcrumb\",\"itemListElement\":[{\"@type\":\"ListItem\",\"position\":1,\"name\":\"Inici\",\"item\":\"https:\\\/\\\/diarieducacio.cat\\\/extra\\\/\"},{\"@type\":\"ListItem\",\"position\":2,\"name\":\"CodiCrack, un programa gratu\u00eft per formar infants i joves en compet\u00e8ncies digitals\"}]},{\"@type\":\"WebSite\",\"@id\":\"https:\\\/\\\/diarieducacio.cat\\\/extra\\\/#website\",\"url\":\"https:\\\/\\\/diarieducacio.cat\\\/extra\\\/\",\"name\":\"Extra Educaci\u00f3\",\"description\":\"Un blog de El Diari de l&#039;Educaci\u00f3\",\"potentialAction\":[{\"@type\":\"SearchAction\",\"target\":{\"@type\":\"EntryPoint\",\"urlTemplate\":\"https:\\\/\\\/diarieducacio.cat\\\/extra\\\/?s={search_term_string}\"},\"query-input\":{\"@type\":\"PropertyValueSpecification\",\"valueRequired\":true,\"valueName\":\"search_term_string\"}}],\"inLanguage\":\"ca\"},{\"@type\":\"Person\",\"@id\":\"https:\\\/\\\/diarieducacio.cat\\\/extra\\\/#\\\/schema\\\/person\\\/a59c6f6463f58484e77cabd794911180\",\"name\":\"Redacci\u00f3\",\"image\":{\"@type\":\"ImageObject\",\"inLanguage\":\"ca\",\"@id\":\"https:\\\/\\\/diarieducacio.cat\\\/wp-content\\\/uploads\\\/2024\\\/11\\\/redaccio_avatar-96x96.png\",\"url\":\"https:\\\/\\\/diarieducacio.cat\\\/wp-content\\\/uploads\\\/2024\\\/11\\\/redaccio_avatar-96x96.png\",\"contentUrl\":\"https:\\\/\\\/diarieducacio.cat\\\/wp-content\\\/uploads\\\/2024\\\/11\\\/redaccio_avatar-96x96.png\",\"caption\":\"Redacci\u00f3\"},\"sameAs\":[\"https:\\\/\\\/x.com\\\/CatalunyaPlural\"],\"url\":\"https:\\\/\\\/diarieducacio.cat\\\/extra\\\/author\\\/redaccio\\\/\"}]}<\/script>\n<!-- \/ Yoast SEO plugin. -->","yoast_head_json":{"title":"CodiCrack, un programa gratu\u00eft per formar infants i joves en compet\u00e8ncies digitals - Extra Educaci\u00f3","robots":{"index":"index","follow":"follow","max-snippet":"max-snippet:-1","max-image-preview":"max-image-preview:large","max-video-preview":"max-video-preview:-1"},"canonical":"https:\/\/diarieducacio.cat\/extra\/2025\/04\/04\/codicrack-un-programa-gratuit-per-formar-infants-i-joves-en-competencies-digitals\/","og_locale":"ca_ES","og_type":"article","og_title":"CodiCrack, un programa gratu\u00eft per formar infants i joves en compet\u00e8ncies digitals - Extra Educaci\u00f3","og_description":"Protegir la inf\u00e0ncia i l\u2019adolesc\u00e8ncia en el m\u00f3n digital, fer servir la tecnologia de manera creativa i segura i fer&nbsp;un bon \u00fas de les xarxes s\u00f3n alguns dels objectius del programa CodiCrack, una iniciativa que ofereix activitats extraescolars gratu\u00eftes per desenvolupar resili\u00e8ncia i compet\u00e8ncies digitals. El projecte est\u00e0 dirigit inicialment a m\u00e9s de 30.000 infants","og_url":"https:\/\/diarieducacio.cat\/extra\/2025\/04\/04\/codicrack-un-programa-gratuit-per-formar-infants-i-joves-en-competencies-digitals\/","og_site_name":"Extra Educaci\u00f3","article_publisher":"https:\/\/www.facebook.com\/diarieducacio\/","article_published_time":"2025-04-04T13:12:03+00:00","article_modified_time":"2025-04-04T13:18:00+00:00","og_image":[{"width":1000,"height":666,"url":"https:\/\/diarieducacio.cat\/extra\/wp-content\/uploads\/sites\/25\/2025\/04\/GettyImages-14484779991.jpg","type":"image\/jpeg"}],"author":"Redacci\u00f3","twitter_card":"summary_large_image","twitter_creator":"@CatalunyaPlural","twitter_site":"@DiariEducacio","twitter_misc":{"Escrit per":"Redacci\u00f3","Temps estimat de lectura":"4 minuts"},"schema":{"@context":"https:\/\/schema.org","@graph":[{"@type":"Article","@id":"https:\/\/diarieducacio.cat\/extra\/2025\/04\/04\/codicrack-un-programa-gratuit-per-formar-infants-i-joves-en-competencies-digitals\/#article","isPartOf":{"@id":"https:\/\/diarieducacio.cat\/extra\/2025\/04\/04\/codicrack-un-programa-gratuit-per-formar-infants-i-joves-en-competencies-digitals\/"},"author":{"name":"Redacci\u00f3","@id":"https:\/\/diarieducacio.cat\/extra\/#\/schema\/person\/a59c6f6463f58484e77cabd794911180"},"headline":"CodiCrack, un programa gratu\u00eft per formar infants i joves en compet\u00e8ncies digitals","datePublished":"2025-04-04T13:12:03+00:00","dateModified":"2025-04-04T13:18:00+00:00","mainEntityOfPage":{"@id":"https:\/\/diarieducacio.cat\/extra\/2025\/04\/04\/codicrack-un-programa-gratuit-per-formar-infants-i-joves-en-competencies-digitals\/"},"wordCount":824,"commentCount":0,"image":{"@id":"https:\/\/diarieducacio.cat\/extra\/2025\/04\/04\/codicrack-un-programa-gratuit-per-formar-infants-i-joves-en-competencies-digitals\/#primaryimage"},"thumbnailUrl":"https:\/\/diarieducacio.cat\/extra\/wp-content\/uploads\/sites\/25\/2025\/04\/GettyImages-14484779991.jpg","keywords":["educaci\u00f3 digital"],"articleSection":["Formaci\u00f3","Recursos"],"inLanguage":"ca","potentialAction":[{"@type":"CommentAction","name":"Comment","target":["https:\/\/diarieducacio.cat\/extra\/2025\/04\/04\/codicrack-un-programa-gratuit-per-formar-infants-i-joves-en-competencies-digitals\/#respond"]}]},{"@type":"WebPage","@id":"https:\/\/diarieducacio.cat\/extra\/2025\/04\/04\/codicrack-un-programa-gratuit-per-formar-infants-i-joves-en-competencies-digitals\/","url":"https:\/\/diarieducacio.cat\/extra\/2025\/04\/04\/codicrack-un-programa-gratuit-per-formar-infants-i-joves-en-competencies-digitals\/","name":"CodiCrack, un programa gratu\u00eft per formar infants i joves en compet\u00e8ncies digitals - Extra Educaci\u00f3","isPartOf":{"@id":"https:\/\/diarieducacio.cat\/extra\/#website"},"primaryImageOfPage":{"@id":"https:\/\/diarieducacio.cat\/extra\/2025\/04\/04\/codicrack-un-programa-gratuit-per-formar-infants-i-joves-en-competencies-digitals\/#primaryimage"},"image":{"@id":"https:\/\/diarieducacio.cat\/extra\/2025\/04\/04\/codicrack-un-programa-gratuit-per-formar-infants-i-joves-en-competencies-digitals\/#primaryimage"},"thumbnailUrl":"https:\/\/diarieducacio.cat\/extra\/wp-content\/uploads\/sites\/25\/2025\/04\/GettyImages-14484779991.jpg","datePublished":"2025-04-04T13:12:03+00:00","dateModified":"2025-04-04T13:18:00+00:00","author":{"@id":"https:\/\/diarieducacio.cat\/extra\/#\/schema\/person\/a59c6f6463f58484e77cabd794911180"},"breadcrumb":{"@id":"https:\/\/diarieducacio.cat\/extra\/2025\/04\/04\/codicrack-un-programa-gratuit-per-formar-infants-i-joves-en-competencies-digitals\/#breadcrumb"},"inLanguage":"ca","potentialAction":[{"@type":"ReadAction","target":["https:\/\/diarieducacio.cat\/extra\/2025\/04\/04\/codicrack-un-programa-gratuit-per-formar-infants-i-joves-en-competencies-digitals\/"]}]},{"@type":"ImageObject","inLanguage":"ca","@id":"https:\/\/diarieducacio.cat\/extra\/2025\/04\/04\/codicrack-un-programa-gratuit-per-formar-infants-i-joves-en-competencies-digitals\/#primaryimage","url":"https:\/\/diarieducacio.cat\/extra\/wp-content\/uploads\/sites\/25\/2025\/04\/GettyImages-14484779991.jpg","contentUrl":"https:\/\/diarieducacio.cat\/extra\/wp-content\/uploads\/sites\/25\/2025\/04\/GettyImages-14484779991.jpg","width":1000,"height":666,"caption":"| GettyImages"},{"@type":"BreadcrumbList","@id":"https:\/\/diarieducacio.cat\/extra\/2025\/04\/04\/codicrack-un-programa-gratuit-per-formar-infants-i-joves-en-competencies-digitals\/#breadcrumb","itemListElement":[{"@type":"ListItem","position":1,"name":"Inici","item":"https:\/\/diarieducacio.cat\/extra\/"},{"@type":"ListItem","position":2,"name":"CodiCrack, un programa gratu\u00eft per formar infants i joves en compet\u00e8ncies digitals"}]},{"@type":"WebSite","@id":"https:\/\/diarieducacio.cat\/extra\/#website","url":"https:\/\/diarieducacio.cat\/extra\/","name":"Extra Educaci\u00f3","description":"Un blog de El Diari de l&#039;Educaci\u00f3","potentialAction":[{"@type":"SearchAction","target":{"@type":"EntryPoint","urlTemplate":"https:\/\/diarieducacio.cat\/extra\/?s={search_term_string}"},"query-input":{"@type":"PropertyValueSpecification","valueRequired":true,"valueName":"search_term_string"}}],"inLanguage":"ca"},{"@type":"Person","@id":"https:\/\/diarieducacio.cat\/extra\/#\/schema\/person\/a59c6f6463f58484e77cabd794911180","name":"Redacci\u00f3","image":{"@type":"ImageObject","inLanguage":"ca","@id":"https:\/\/diarieducacio.cat\/wp-content\/uploads\/2024\/11\/redaccio_avatar-96x96.png","url":"https:\/\/diarieducacio.cat\/wp-content\/uploads\/2024\/11\/redaccio_avatar-96x96.png","contentUrl":"https:\/\/diarieducacio.cat\/wp-content\/uploads\/2024\/11\/redaccio_avatar-96x96.png","caption":"Redacci\u00f3"},"sameAs":["https:\/\/x.com\/CatalunyaPlural"],"url":"https:\/\/diarieducacio.cat\/extra\/author\/redaccio\/"}]}},"_links":{"self":[{"href":"https:\/\/diarieducacio.cat\/extra\/wp-json\/wp\/v2\/posts\/3058","targetHints":{"allow":["GET"]}}],"collection":[{"href":"https:\/\/diarieducacio.cat\/extra\/wp-json\/wp\/v2\/posts"}],"about":[{"href":"https:\/\/diarieducacio.cat\/extra\/wp-json\/wp\/v2\/types\/post"}],"author":[{"embeddable":true,"href":"https:\/\/diarieducacio.cat\/extra\/wp-json\/wp\/v2\/users\/3"}],"replies":[{"embeddable":true,"href":"https:\/\/diarieducacio.cat\/extra\/wp-json\/wp\/v2\/comments?post=3058"}],"version-history":[{"count":1,"href":"https:\/\/diarieducacio.cat\/extra\/wp-json\/wp\/v2\/posts\/3058\/revisions"}],"predecessor-version":[{"id":3059,"href":"https:\/\/diarieducacio.cat\/extra\/wp-json\/wp\/v2\/posts\/3058\/revisions\/3059"}],"wp:featuredmedia":[{"embeddable":true,"href":"https:\/\/diarieducacio.cat\/extra\/wp-json\/wp\/v2\/media\/3062"}],"wp:attachment":[{"href":"https:\/\/diarieducacio.cat\/extra\/wp-json\/wp\/v2\/media?parent=3058"}],"wp:term":[{"taxonomy":"category","embeddable":true,"href":"https:\/\/diarieducacio.cat\/extra\/wp-json\/wp\/v2\/categories?post=3058"},{"taxonomy":"post_tag","embeddable":true,"href":"https:\/\/diarieducacio.cat\/extra\/wp-json\/wp\/v2\/tags?post=3058"},{"taxonomy":"tipo","embeddable":true,"href":"https:\/\/diarieducacio.cat\/extra\/wp-json\/wp\/v2\/tipo?post=3058"}],"curies":[{"name":"wp","href":"https:\/\/api.w.org\/{rel}","templated":true}]}}