{"id":3080,"date":"2025-05-21T17:46:44","date_gmt":"2025-05-21T15:46:44","guid":{"rendered":"https:\/\/diarieducacio.cat\/extra\/?p=3080"},"modified":"2025-05-22T08:09:02","modified_gmt":"2025-05-22T06:09:02","slug":"coneix-el-proces-dassignacio-de-places-dfp","status":"publish","type":"post","link":"https:\/\/diarieducacio.cat\/extra\/2025\/05\/21\/coneix-el-proces-dassignacio-de-places-dfp\/","title":{"rendered":"Coneix el proc\u00e9s d&#8217;assignaci\u00f3 de places d&#8217;FP"},"content":{"rendered":"\n<p>El curs 2025-26 comptar\u00e0 amb<strong> 7.500 places m\u00e9s de formaci\u00f3 professional <\/strong>amb l\u2019objectiu de millorar l\u2019acc\u00e9s a la formaci\u00f3 professional, ampliar l\u2019oferta dels ensenyaments professionalitzadors i fomentar la continu\u00eftat formativa.<\/p>\n\n\n\n<p>Augmentar\u00e0 l\u2019oferta amb 305 nous grups en els ensenyaments de: Programes de formaci\u00f3 i inserci\u00f3 (FPI), Itineraris educatius espec\u00edfics (IFE), Grau b\u00e0sic, FP de grau mitj\u00e0, FP de grau superior, ensenyaments art\u00edstics, ensenyaments esportius i arts esc\u00e8niques.<\/p>\n\n\n\n<p>Les fam\u00edlies que m\u00e9s creixen donada la demanda s\u00f3n: Sanitat (1.193 places), Administraci\u00f3 i gesti\u00f3 (637 places), Activitats f\u00edsiques i esportives (543 places), Comer\u00e7 i M\u00e0rqueting (509 places), Inform\u00e0tica i comunicacions (507 places).<\/p>\n\n\n\n<p>Aquesta oferta adaptada al mercat laboral ofereix una alta inserci\u00f3 laboral. Est\u00e0 pensada tamb\u00e9 en clau de territori, i s&#8217;adapta cada any amb nous cicles formatius, com per exemple el nou grau mitj\u00e0 de seguretat, o el de Sanitat ambiental aplicada.&nbsp;S\u00f3n estudis professionalitzadors i una part de la formaci\u00f3 es fa a l\u2019empresa, en alguns casos amb remuneraci\u00f3.&nbsp;I no nom\u00e9s donen acc\u00e9s al m\u00f3n laboral. La formaci\u00f3 professional \u00e9s tamb\u00e9 una via per accedir&nbsp;a la universitat.&nbsp;<\/p>\n\n\n\n<h3 class=\"wp-block-heading\">Novetats preinscripci\u00f3 i proc\u00e9s d\u2019assignaci\u00f3 de places<\/h3>\n\n\n\n<p>Una de les novetats d\u2019enguany \u00e9s que s\u2019ha avan\u00e7at el per\u00edode de preinscripcions i matriculaci\u00f3 per <strong>Grau Mitj\u00e0 i Grau Superior fins al 31 de juliol<\/strong>&nbsp;per tal d\u2019assegurar que el m\u00e0xim nombre d\u2019alumnes pugui accedir a una pla\u00e7a de la seva prefer\u00e8ncia i evitar que l\u2019alumnat a qui s\u2019hagi assignat una pla\u00e7a no s\u2019hi acabi matriculant.<\/p>\n\n\n\n<p>L\u2019alumnat pot consultar les notes de tall vigents al cercador de notes de tall com a refer\u00e8ncia. Aquest es troba aqu\u00ed: <a href=\"https:\/\/preinscripcio.gencat.cat\/ca\/estudis\/fp-grau-mitja\/informat\/consulta-notes-tall\/\"><u>https:\/\/preinscripcio.gencat.cat\/ca\/estudis\/fp-grau-mitja\/informat\/consulta-notes-tall\/<\/u><\/a>&nbsp;. La nota de tall \u00e9s la de l\u2019\u00faltim alumne que va accedir amb pla\u00e7a a un cicle concret, per tant, \u00e9s la nota m\u00e9s baixa, aquesta pot variar aquest any aix\u00ed que si l\u2019alumne la t\u00e9 m\u00e9s baixa pot sol\u00b7licitar-hi pla\u00e7a per\u00f2 amb realisme.<\/p>\n\n\n\n<p>El per\u00edode de preinscripci\u00f3 \u00e9s del 23 al 29 de maig. Durant aquest per\u00edode s\u2019ha de realitzar la sol\u00b7licitud i presentar la documentaci\u00f3 requerida per accedir als estudis escollits. El 27 de juny es publicar\u00e0 la llista de sol\u00b7licituds amb la puntuaci\u00f3 provisional i a partir d\u2019aquesta data fins al 2 de juliol es podran presentar reclamacions si es detecta un error o anomalia en el barem assignat.<\/p>\n\n\n\n<p>El 4 de juliol es far\u00e0 el sorteig per resoldre les sol\u00b7licituds empatades en puntuaci\u00f3. Cada centre t\u00e9 un nombre limitat de places; per aquesta ra\u00f3 quan el nombre de peticions supera el d&#8217;alumnes que es pot acollir, cal aplicar un sistema de desempat entre les sol\u00b7licituds que tenen la mateixa puntuaci\u00f3. Per fer-ho, s&#8217;obt\u00e9 un n\u00famero per sorteig a partir del qual s&#8217;ordenen totes les peticions empatades en punts, tenint en compte el n\u00famero de desempat que s&#8217;ha assignat a cada sol\u00b7licitud. El <strong>sorteig tindr\u00e0 lloc a les 11 hores, als serveis centrals del Departament d&#8217;Educaci\u00f3 i Formaci\u00f3 Professional<\/strong>.<\/p>\n\n\n\n<p><strong><u><strong>NOVETATS D\u2019ENGUANY <\/strong><\/u><\/strong><strong><u><strong><\/strong><\/u><\/strong><\/p>\n\n\n\n<figure class=\"wp-block-image size-large\"><img fetchpriority=\"high\" decoding=\"async\" width=\"1024\" height=\"548\" src=\"https:\/\/diarieducacio.cat\/extra\/wp-content\/uploads\/sites\/25\/2025\/05\/grafic-fp-1-1024x548.jpg\" alt=\"\" class=\"wp-image-3081\" srcset=\"https:\/\/diarieducacio.cat\/extra\/wp-content\/uploads\/sites\/25\/2025\/05\/grafic-fp-1-1024x548.jpg 1024w, https:\/\/diarieducacio.cat\/extra\/wp-content\/uploads\/sites\/25\/2025\/05\/grafic-fp-1-300x161.jpg 300w, https:\/\/diarieducacio.cat\/extra\/wp-content\/uploads\/sites\/25\/2025\/05\/grafic-fp-1-768x411.jpg 768w, https:\/\/diarieducacio.cat\/extra\/wp-content\/uploads\/sites\/25\/2025\/05\/grafic-fp-1-150x80.jpg 150w, https:\/\/diarieducacio.cat\/extra\/wp-content\/uploads\/sites\/25\/2025\/05\/grafic-fp-1-450x241.jpg 450w, https:\/\/diarieducacio.cat\/extra\/wp-content\/uploads\/sites\/25\/2025\/05\/grafic-fp-1-1200x642.jpg 1200w, https:\/\/diarieducacio.cat\/extra\/wp-content\/uploads\/sites\/25\/2025\/05\/grafic-fp-1.jpg 1313w\" sizes=\"(max-width: 1024px) 100vw, 1024px\" \/><\/figure>\n\n\n\n<p><strong>L\u2019assignaci\u00f3 de places es far\u00e0 en 3 tandes.<\/strong>&nbsp;L\u2019alumnat haur\u00e0 de realitzar dues accions b\u00e0siques: confirmar en l\u00ednia l\u2019assignaci\u00f3 o renunciar-hi volunt\u00e0riament, i completar els tr\u00e0mits amb el centre.<\/p>\n\n\n\n<p>El 7 de juliol es publica la llista de les sol\u00b7licituds amb la puntuaci\u00f3 un cop resoltes les reclamacions i<\/p>\n\n\n\n<p>El <strong>10 de juliol es fa la primera tanda<\/strong>&nbsp;d\u2019assignaci\u00f3 de places. En aquesta tanda NOM\u00c9S es poden matricular els que han obtingut pla\u00e7a en la primera opci\u00f3. El termini per fer-ho \u00e9s de l\u201911 fins al 14 de juliol per acceptar o rebutjar la pla\u00e7a. Si l\u2019accepten han de completar la matr\u00edcula amb el centre assignat.<\/p>\n\n\n\n<p>El <strong>18 de juliol es fa la segona tanda<\/strong>&nbsp;d\u2019assignaci\u00f3 de pla\u00e7a. Aqu\u00ed es pot matricular tothom, per\u00f2 els que no hagin obtingut la primera opci\u00f3 pot esperar a la tercera tanda per millorar la seva assignaci\u00f3.&nbsp;L\u2019alumnat haur\u00e0 de renunciar, confirmar o tindran l\u2019opci\u00f3 de sol\u00b7licitar de participar en la tercera tanda per tal de millorar l&#8217;assignaci\u00f3 obtinguda a la segona tanda. Si no obtenen una millor assignaci\u00f3 a la tercera tanda, tindran garantida la pla\u00e7a assignada en aquesta segona tanda.<\/p>\n\n\n\n<p>El <strong>29 de juliol es publicar\u00e0 la tercera i \u00faltima tanda<\/strong>&nbsp;d\u2019assignaci\u00f3 de pla\u00e7a despr\u00e9s de la qual hauran de confirmar o rebutjar la pla\u00e7a obtinguda. \u00c9s important recalcar que si no es fa la confirmaci\u00f3 de la matr\u00edcula o es renuncia a una pla\u00e7a o b\u00e9 en la segona tanda no es confirma que es vol participar en la tercera tanda l\u2019alumne\/a quedar\u00e0 queda excl\u00f2s\/a del proc\u00e9s.<\/p>\n\n\n\n<p>El Departament posar\u00e0 en marxa tamb\u00e9 un paquet de millores en la comunicaci\u00f3 amb l\u2019alumnat, per guiar-lo en els canvis d\u2019aquest nou procediment.<\/p>\n\n\n\n<p><strong>Compte, aquest m\u00e8tode de preinscripci\u00f3 \u00e9s per Grau Mitj\u00e0 i Grau Superior. Altres cursos d\u2019FP tenen per\u00edodes d\u2019inscripci\u00f3 diferents per exemple:<\/strong>&nbsp;els de Grau B\u00e0sic s\u00f3n del 15 de maig al 20 de juny, les de cursos d\u2019especialitzaci\u00f3 de formaci\u00f3 professional del 25 de juny al 25 de juliol, les dels programes de formaci\u00f3 i inserci\u00f3 del 6 de maig a l\u201911 de juliol.<\/p>\n\n\n\n<figure class=\"wp-block-image size-large\"><img decoding=\"async\" width=\"1024\" height=\"549\" src=\"https:\/\/diarieducacio.cat\/extra\/wp-content\/uploads\/sites\/25\/2025\/05\/Grafic-fp-2-1024x549.jpg\" alt=\"\" class=\"wp-image-3082\" srcset=\"https:\/\/diarieducacio.cat\/extra\/wp-content\/uploads\/sites\/25\/2025\/05\/Grafic-fp-2-1024x549.jpg 1024w, https:\/\/diarieducacio.cat\/extra\/wp-content\/uploads\/sites\/25\/2025\/05\/Grafic-fp-2-300x161.jpg 300w, https:\/\/diarieducacio.cat\/extra\/wp-content\/uploads\/sites\/25\/2025\/05\/Grafic-fp-2-768x412.jpg 768w, https:\/\/diarieducacio.cat\/extra\/wp-content\/uploads\/sites\/25\/2025\/05\/Grafic-fp-2-150x80.jpg 150w, https:\/\/diarieducacio.cat\/extra\/wp-content\/uploads\/sites\/25\/2025\/05\/Grafic-fp-2-450x241.jpg 450w, https:\/\/diarieducacio.cat\/extra\/wp-content\/uploads\/sites\/25\/2025\/05\/Grafic-fp-2.jpg 1030w\" sizes=\"(max-width: 1024px) 100vw, 1024px\" \/><\/figure>\n\n\n\n<h3 class=\"wp-block-heading\">Quins aspectes heu de tenir en compte?<\/h3>\n\n\n\n<ol class=\"wp-block-list\">\n<li><strong>La via d&#8217;acc\u00e9s (a) als cicles de formaci\u00f3 professional de grau mitj\u00e0 i grau superior, la prioritat, l\u2019afinitat (b) (nom\u00e9s per CFPS) i la qualificaci\u00f3 mitjana dels estudis.<\/strong><\/li>\n\n\n\n<li>Via d\u2019acc\u00e9s: En els graus mitjans es reserven el 80% de places per a graduats de grau de l\u2019ESO i grau b\u00e0sic, i en els superiors els que venen de batxillerat o un grau mitj\u00e0.<\/li>\n\n\n\n<li>A l\u2019hora de fer un grau superior, es multiplica la nota dels estudis per 1,7 en els estudis que tenen una afinitat. Es poden consultar aqu\u00ed.<\/li>\n\n\n\n<li><strong>El cercador de notes de tall, <\/strong>per poder orientar-se sobre quines possibilitats tenim.<\/li>\n\n\n\n<li>El <strong>projecte educatiu<\/strong>&nbsp;dels centres en qu\u00e8 teniu inter\u00e8s.<\/li>\n\n\n\n<li>Els diferents&nbsp;<strong>horaris i formes de cursar la formaci\u00f3 professional<\/strong>&nbsp;de grau mitj\u00e0 i grau superior que us ofereix cada centre.<\/li>\n\n\n\n<li>Els&nbsp;<strong>serveis<\/strong>&nbsp;que ofereix cadascun dels centres que teniu previst seleccionar.<\/li>\n<\/ol>\n\n\n\n<p>Recordeu fer constar en la preinscripci\u00f3 el m\u00e0xim d&#8217;opcions (10).<\/p>\n\n\n\n<p><strong>M\u00c9S INFORMACI\u00d3 A:<\/strong><strong><\/strong><\/p>\n\n\n\n<p>Sobre el cercador de notes de tall: <a href=\"https:\/\/govern.cat\/salapremsa\/notes-premsa\/689142\/educacio-fp-posa-marxa-cercador-notes-tall-cicles-formatius\"><u>https:\/\/govern.cat\/salapremsa\/notes-premsa\/689142\/educacio-fp-posa-marxa-cercador-notes-tall-cicles-formatius<\/u><\/a>&nbsp;<\/p>\n\n\n\n<p><a href=\"https:\/\/www.instagram.com\/reel\/DH5bxUdNtiD\/?igsh=MTMwM2hqZmFycnBvMg==\">https:\/\/www.instagram.com\/reel\/DH5bxUdNtiD\/?igsh=MTMwM2hqZmFycnBvMg==<\/a><\/p>\n\n\n\n<p>Sobre les tandes d\u2019assignaci\u00f3: <a href=\"https:\/\/govern.cat\/gov\/notes-premsa\/686283\/govern-crea-7500-places-mes-formacio-professional-al-proxim-curs\"><u>https:\/\/govern.cat\/gov\/notes-premsa\/686283\/govern-crea-7500-places-mes-formacio-professional-al-proxim-curs<\/u><\/a><\/p>\n\n\n\n<p>Sobre el proc\u00e9s d&#8217;inscripci\u00f3: <a href=\"https:\/\/preinscripcio.gencat.cat\/ca\/estudis\/fp-grau-mitja\/inici\/\"><u>https:\/\/preinscripcio.gencat.cat\/ca\/estudis\/fp-grau-mitja\/inici\/<\/u><\/a>\u00a0<\/p>\n\n\n\n<p><a href=\"https:\/\/preinscripcio.gencat.cat\/ca\/estudis\/fp-grau-superior\/inici\">https:\/\/preinscripcio.gencat.cat\/ca\/estudis\/fp-grau-superior\/inici<\/a><\/p>\n\n\n\n<p><a href=\"https:\/\/preinscripcio.gencat.cat\/ca\/estudis\/fp-grau-superior\/informat\/calendari\">https:\/\/preinscripcio.gencat.cat\/ca\/estudis\/fp-grau-superior\/informat\/calendari<\/a><\/p>\n\n\n\n<p><a href=\"https:\/\/preinscripcio.gencat.cat\/ca\/inici\">https:\/\/preinscripcio.gencat.cat\/ca\/inici<\/a><\/p>\n","protected":false},"excerpt":{"rendered":"<p>El curs 2025-26 comptar\u00e0 amb 7.500 places m\u00e9s de formaci\u00f3 professional amb l\u2019objectiu de millorar l\u2019acc\u00e9s a la formaci\u00f3 professional, ampliar l\u2019oferta dels ensenyaments professionalitzadors i fomentar la continu\u00eftat formativa. Augmentar\u00e0 l\u2019oferta amb 305 nous grups en els ensenyaments de: Programes de formaci\u00f3 i inserci\u00f3 (FPI), Itineraris educatius espec\u00edfics (IFE), Grau b\u00e0sic, FP de grau<\/p>\n","protected":false},"author":3,"featured_media":3087,"comment_status":"open","ping_status":"open","sticky":false,"template":"","format":"standard","meta":{"footnotes":""},"categories":[135],"tags":[209],"tipo":[192],"class_list":{"0":"post-3080","1":"post","2":"type-post","3":"status-publish","4":"format-standard","5":"has-post-thumbnail","7":"category-formacio","8":"tag-formacio-professional","9":"tipo-actualitat"},"yoast_head":"<!-- This site is optimized with the Yoast SEO plugin v27.4 - https:\/\/yoast.com\/product\/yoast-seo-wordpress\/ -->\n<title>Coneix el proc\u00e9s d&#039;assignaci\u00f3 de places d&#039;FP - Extra Educaci\u00f3<\/title>\n<meta name=\"robots\" content=\"index, follow, max-snippet:-1, max-image-preview:large, max-video-preview:-1\" \/>\n<link rel=\"canonical\" href=\"https:\/\/diarieducacio.cat\/extra\/2025\/05\/21\/coneix-el-proces-dassignacio-de-places-dfp\/\" \/>\n<meta property=\"og:locale\" content=\"ca_ES\" \/>\n<meta property=\"og:type\" content=\"article\" \/>\n<meta property=\"og:title\" content=\"Coneix el proc\u00e9s d&#039;assignaci\u00f3 de places d&#039;FP - Extra Educaci\u00f3\" \/>\n<meta property=\"og:description\" content=\"El curs 2025-26 comptar\u00e0 amb 7.500 places m\u00e9s de formaci\u00f3 professional amb l\u2019objectiu de millorar l\u2019acc\u00e9s a la formaci\u00f3 professional, ampliar l\u2019oferta dels ensenyaments professionalitzadors i fomentar la continu\u00eftat formativa. Augmentar\u00e0 l\u2019oferta amb 305 nous grups en els ensenyaments de: Programes de formaci\u00f3 i inserci\u00f3 (FPI), Itineraris educatius espec\u00edfics (IFE), Grau b\u00e0sic, FP de grau\" \/>\n<meta property=\"og:url\" content=\"https:\/\/diarieducacio.cat\/extra\/2025\/05\/21\/coneix-el-proces-dassignacio-de-places-dfp\/\" \/>\n<meta property=\"og:site_name\" content=\"Extra Educaci\u00f3\" \/>\n<meta property=\"article:publisher\" content=\"https:\/\/www.facebook.com\/diarieducacio\/\" \/>\n<meta property=\"article:published_time\" content=\"2025-05-21T15:46:44+00:00\" \/>\n<meta property=\"article:modified_time\" content=\"2025-05-22T06:09:02+00:00\" \/>\n<meta property=\"og:image\" content=\"https:\/\/diarieducacio.cat\/extra\/wp-content\/uploads\/sites\/25\/2025\/05\/GettyImages-9535200081.jpg\" \/>\n\t<meta property=\"og:image:width\" content=\"1000\" \/>\n\t<meta property=\"og:image:height\" content=\"666\" \/>\n\t<meta property=\"og:image:type\" content=\"image\/jpeg\" \/>\n<meta name=\"author\" content=\"Redacci\u00f3\" \/>\n<meta name=\"twitter:card\" content=\"summary_large_image\" \/>\n<meta name=\"twitter:creator\" content=\"@CatalunyaPlural\" \/>\n<meta name=\"twitter:site\" content=\"@DiariEducacio\" \/>\n<meta name=\"twitter:label1\" content=\"Escrit per\" \/>\n\t<meta name=\"twitter:data1\" content=\"Redacci\u00f3\" \/>\n\t<meta name=\"twitter:label2\" content=\"Temps estimat de lectura\" \/>\n\t<meta name=\"twitter:data2\" content=\"6 minuts\" \/>\n<script type=\"application\/ld+json\" class=\"yoast-schema-graph\">{\"@context\":\"https:\\\/\\\/schema.org\",\"@graph\":[{\"@type\":\"Article\",\"@id\":\"https:\\\/\\\/diarieducacio.cat\\\/extra\\\/2025\\\/05\\\/21\\\/coneix-el-proces-dassignacio-de-places-dfp\\\/#article\",\"isPartOf\":{\"@id\":\"https:\\\/\\\/diarieducacio.cat\\\/extra\\\/2025\\\/05\\\/21\\\/coneix-el-proces-dassignacio-de-places-dfp\\\/\"},\"author\":{\"name\":\"Redacci\u00f3\",\"@id\":\"https:\\\/\\\/diarieducacio.cat\\\/extra\\\/#\\\/schema\\\/person\\\/a59c6f6463f58484e77cabd794911180\"},\"headline\":\"Coneix el proc\u00e9s d&#8217;assignaci\u00f3 de places d&#8217;FP\",\"datePublished\":\"2025-05-21T15:46:44+00:00\",\"dateModified\":\"2025-05-22T06:09:02+00:00\",\"mainEntityOfPage\":{\"@id\":\"https:\\\/\\\/diarieducacio.cat\\\/extra\\\/2025\\\/05\\\/21\\\/coneix-el-proces-dassignacio-de-places-dfp\\\/\"},\"wordCount\":1183,\"commentCount\":0,\"image\":{\"@id\":\"https:\\\/\\\/diarieducacio.cat\\\/extra\\\/2025\\\/05\\\/21\\\/coneix-el-proces-dassignacio-de-places-dfp\\\/#primaryimage\"},\"thumbnailUrl\":\"https:\\\/\\\/diarieducacio.cat\\\/extra\\\/wp-content\\\/uploads\\\/sites\\\/25\\\/2025\\\/05\\\/GettyImages-9535200081.jpg\",\"keywords\":[\"formaci\u00f3 professional\"],\"articleSection\":[\"Formaci\u00f3\"],\"inLanguage\":\"ca\",\"potentialAction\":[{\"@type\":\"CommentAction\",\"name\":\"Comment\",\"target\":[\"https:\\\/\\\/diarieducacio.cat\\\/extra\\\/2025\\\/05\\\/21\\\/coneix-el-proces-dassignacio-de-places-dfp\\\/#respond\"]}]},{\"@type\":\"WebPage\",\"@id\":\"https:\\\/\\\/diarieducacio.cat\\\/extra\\\/2025\\\/05\\\/21\\\/coneix-el-proces-dassignacio-de-places-dfp\\\/\",\"url\":\"https:\\\/\\\/diarieducacio.cat\\\/extra\\\/2025\\\/05\\\/21\\\/coneix-el-proces-dassignacio-de-places-dfp\\\/\",\"name\":\"Coneix el proc\u00e9s d'assignaci\u00f3 de places d'FP - Extra Educaci\u00f3\",\"isPartOf\":{\"@id\":\"https:\\\/\\\/diarieducacio.cat\\\/extra\\\/#website\"},\"primaryImageOfPage\":{\"@id\":\"https:\\\/\\\/diarieducacio.cat\\\/extra\\\/2025\\\/05\\\/21\\\/coneix-el-proces-dassignacio-de-places-dfp\\\/#primaryimage\"},\"image\":{\"@id\":\"https:\\\/\\\/diarieducacio.cat\\\/extra\\\/2025\\\/05\\\/21\\\/coneix-el-proces-dassignacio-de-places-dfp\\\/#primaryimage\"},\"thumbnailUrl\":\"https:\\\/\\\/diarieducacio.cat\\\/extra\\\/wp-content\\\/uploads\\\/sites\\\/25\\\/2025\\\/05\\\/GettyImages-9535200081.jpg\",\"datePublished\":\"2025-05-21T15:46:44+00:00\",\"dateModified\":\"2025-05-22T06:09:02+00:00\",\"author\":{\"@id\":\"https:\\\/\\\/diarieducacio.cat\\\/extra\\\/#\\\/schema\\\/person\\\/a59c6f6463f58484e77cabd794911180\"},\"breadcrumb\":{\"@id\":\"https:\\\/\\\/diarieducacio.cat\\\/extra\\\/2025\\\/05\\\/21\\\/coneix-el-proces-dassignacio-de-places-dfp\\\/#breadcrumb\"},\"inLanguage\":\"ca\",\"potentialAction\":[{\"@type\":\"ReadAction\",\"target\":[\"https:\\\/\\\/diarieducacio.cat\\\/extra\\\/2025\\\/05\\\/21\\\/coneix-el-proces-dassignacio-de-places-dfp\\\/\"]}]},{\"@type\":\"ImageObject\",\"inLanguage\":\"ca\",\"@id\":\"https:\\\/\\\/diarieducacio.cat\\\/extra\\\/2025\\\/05\\\/21\\\/coneix-el-proces-dassignacio-de-places-dfp\\\/#primaryimage\",\"url\":\"https:\\\/\\\/diarieducacio.cat\\\/extra\\\/wp-content\\\/uploads\\\/sites\\\/25\\\/2025\\\/05\\\/GettyImages-9535200081.jpg\",\"contentUrl\":\"https:\\\/\\\/diarieducacio.cat\\\/extra\\\/wp-content\\\/uploads\\\/sites\\\/25\\\/2025\\\/05\\\/GettyImages-9535200081.jpg\",\"width\":1000,\"height\":666,\"caption\":\"| GettyImages\"},{\"@type\":\"BreadcrumbList\",\"@id\":\"https:\\\/\\\/diarieducacio.cat\\\/extra\\\/2025\\\/05\\\/21\\\/coneix-el-proces-dassignacio-de-places-dfp\\\/#breadcrumb\",\"itemListElement\":[{\"@type\":\"ListItem\",\"position\":1,\"name\":\"Inici\",\"item\":\"https:\\\/\\\/diarieducacio.cat\\\/extra\\\/\"},{\"@type\":\"ListItem\",\"position\":2,\"name\":\"Coneix el proc\u00e9s d&#8217;assignaci\u00f3 de places d&#8217;FP\"}]},{\"@type\":\"WebSite\",\"@id\":\"https:\\\/\\\/diarieducacio.cat\\\/extra\\\/#website\",\"url\":\"https:\\\/\\\/diarieducacio.cat\\\/extra\\\/\",\"name\":\"Extra Educaci\u00f3\",\"description\":\"Un blog de El Diari de l&#039;Educaci\u00f3\",\"potentialAction\":[{\"@type\":\"SearchAction\",\"target\":{\"@type\":\"EntryPoint\",\"urlTemplate\":\"https:\\\/\\\/diarieducacio.cat\\\/extra\\\/?s={search_term_string}\"},\"query-input\":{\"@type\":\"PropertyValueSpecification\",\"valueRequired\":true,\"valueName\":\"search_term_string\"}}],\"inLanguage\":\"ca\"},{\"@type\":\"Person\",\"@id\":\"https:\\\/\\\/diarieducacio.cat\\\/extra\\\/#\\\/schema\\\/person\\\/a59c6f6463f58484e77cabd794911180\",\"name\":\"Redacci\u00f3\",\"image\":{\"@type\":\"ImageObject\",\"inLanguage\":\"ca\",\"@id\":\"https:\\\/\\\/diarieducacio.cat\\\/wp-content\\\/uploads\\\/2024\\\/11\\\/redaccio_avatar-96x96.png\",\"url\":\"https:\\\/\\\/diarieducacio.cat\\\/wp-content\\\/uploads\\\/2024\\\/11\\\/redaccio_avatar-96x96.png\",\"contentUrl\":\"https:\\\/\\\/diarieducacio.cat\\\/wp-content\\\/uploads\\\/2024\\\/11\\\/redaccio_avatar-96x96.png\",\"caption\":\"Redacci\u00f3\"},\"sameAs\":[\"https:\\\/\\\/x.com\\\/CatalunyaPlural\"],\"url\":\"https:\\\/\\\/diarieducacio.cat\\\/extra\\\/author\\\/redaccio\\\/\"}]}<\/script>\n<!-- \/ Yoast SEO plugin. -->","yoast_head_json":{"title":"Coneix el proc\u00e9s d'assignaci\u00f3 de places d'FP - Extra Educaci\u00f3","robots":{"index":"index","follow":"follow","max-snippet":"max-snippet:-1","max-image-preview":"max-image-preview:large","max-video-preview":"max-video-preview:-1"},"canonical":"https:\/\/diarieducacio.cat\/extra\/2025\/05\/21\/coneix-el-proces-dassignacio-de-places-dfp\/","og_locale":"ca_ES","og_type":"article","og_title":"Coneix el proc\u00e9s d'assignaci\u00f3 de places d'FP - Extra Educaci\u00f3","og_description":"El curs 2025-26 comptar\u00e0 amb 7.500 places m\u00e9s de formaci\u00f3 professional amb l\u2019objectiu de millorar l\u2019acc\u00e9s a la formaci\u00f3 professional, ampliar l\u2019oferta dels ensenyaments professionalitzadors i fomentar la continu\u00eftat formativa. Augmentar\u00e0 l\u2019oferta amb 305 nous grups en els ensenyaments de: Programes de formaci\u00f3 i inserci\u00f3 (FPI), Itineraris educatius espec\u00edfics (IFE), Grau b\u00e0sic, FP de grau","og_url":"https:\/\/diarieducacio.cat\/extra\/2025\/05\/21\/coneix-el-proces-dassignacio-de-places-dfp\/","og_site_name":"Extra Educaci\u00f3","article_publisher":"https:\/\/www.facebook.com\/diarieducacio\/","article_published_time":"2025-05-21T15:46:44+00:00","article_modified_time":"2025-05-22T06:09:02+00:00","og_image":[{"width":1000,"height":666,"url":"https:\/\/diarieducacio.cat\/extra\/wp-content\/uploads\/sites\/25\/2025\/05\/GettyImages-9535200081.jpg","type":"image\/jpeg"}],"author":"Redacci\u00f3","twitter_card":"summary_large_image","twitter_creator":"@CatalunyaPlural","twitter_site":"@DiariEducacio","twitter_misc":{"Escrit per":"Redacci\u00f3","Temps estimat de lectura":"6 minuts"},"schema":{"@context":"https:\/\/schema.org","@graph":[{"@type":"Article","@id":"https:\/\/diarieducacio.cat\/extra\/2025\/05\/21\/coneix-el-proces-dassignacio-de-places-dfp\/#article","isPartOf":{"@id":"https:\/\/diarieducacio.cat\/extra\/2025\/05\/21\/coneix-el-proces-dassignacio-de-places-dfp\/"},"author":{"name":"Redacci\u00f3","@id":"https:\/\/diarieducacio.cat\/extra\/#\/schema\/person\/a59c6f6463f58484e77cabd794911180"},"headline":"Coneix el proc\u00e9s d&#8217;assignaci\u00f3 de places d&#8217;FP","datePublished":"2025-05-21T15:46:44+00:00","dateModified":"2025-05-22T06:09:02+00:00","mainEntityOfPage":{"@id":"https:\/\/diarieducacio.cat\/extra\/2025\/05\/21\/coneix-el-proces-dassignacio-de-places-dfp\/"},"wordCount":1183,"commentCount":0,"image":{"@id":"https:\/\/diarieducacio.cat\/extra\/2025\/05\/21\/coneix-el-proces-dassignacio-de-places-dfp\/#primaryimage"},"thumbnailUrl":"https:\/\/diarieducacio.cat\/extra\/wp-content\/uploads\/sites\/25\/2025\/05\/GettyImages-9535200081.jpg","keywords":["formaci\u00f3 professional"],"articleSection":["Formaci\u00f3"],"inLanguage":"ca","potentialAction":[{"@type":"CommentAction","name":"Comment","target":["https:\/\/diarieducacio.cat\/extra\/2025\/05\/21\/coneix-el-proces-dassignacio-de-places-dfp\/#respond"]}]},{"@type":"WebPage","@id":"https:\/\/diarieducacio.cat\/extra\/2025\/05\/21\/coneix-el-proces-dassignacio-de-places-dfp\/","url":"https:\/\/diarieducacio.cat\/extra\/2025\/05\/21\/coneix-el-proces-dassignacio-de-places-dfp\/","name":"Coneix el proc\u00e9s d'assignaci\u00f3 de places d'FP - Extra Educaci\u00f3","isPartOf":{"@id":"https:\/\/diarieducacio.cat\/extra\/#website"},"primaryImageOfPage":{"@id":"https:\/\/diarieducacio.cat\/extra\/2025\/05\/21\/coneix-el-proces-dassignacio-de-places-dfp\/#primaryimage"},"image":{"@id":"https:\/\/diarieducacio.cat\/extra\/2025\/05\/21\/coneix-el-proces-dassignacio-de-places-dfp\/#primaryimage"},"thumbnailUrl":"https:\/\/diarieducacio.cat\/extra\/wp-content\/uploads\/sites\/25\/2025\/05\/GettyImages-9535200081.jpg","datePublished":"2025-05-21T15:46:44+00:00","dateModified":"2025-05-22T06:09:02+00:00","author":{"@id":"https:\/\/diarieducacio.cat\/extra\/#\/schema\/person\/a59c6f6463f58484e77cabd794911180"},"breadcrumb":{"@id":"https:\/\/diarieducacio.cat\/extra\/2025\/05\/21\/coneix-el-proces-dassignacio-de-places-dfp\/#breadcrumb"},"inLanguage":"ca","potentialAction":[{"@type":"ReadAction","target":["https:\/\/diarieducacio.cat\/extra\/2025\/05\/21\/coneix-el-proces-dassignacio-de-places-dfp\/"]}]},{"@type":"ImageObject","inLanguage":"ca","@id":"https:\/\/diarieducacio.cat\/extra\/2025\/05\/21\/coneix-el-proces-dassignacio-de-places-dfp\/#primaryimage","url":"https:\/\/diarieducacio.cat\/extra\/wp-content\/uploads\/sites\/25\/2025\/05\/GettyImages-9535200081.jpg","contentUrl":"https:\/\/diarieducacio.cat\/extra\/wp-content\/uploads\/sites\/25\/2025\/05\/GettyImages-9535200081.jpg","width":1000,"height":666,"caption":"| GettyImages"},{"@type":"BreadcrumbList","@id":"https:\/\/diarieducacio.cat\/extra\/2025\/05\/21\/coneix-el-proces-dassignacio-de-places-dfp\/#breadcrumb","itemListElement":[{"@type":"ListItem","position":1,"name":"Inici","item":"https:\/\/diarieducacio.cat\/extra\/"},{"@type":"ListItem","position":2,"name":"Coneix el proc\u00e9s d&#8217;assignaci\u00f3 de places d&#8217;FP"}]},{"@type":"WebSite","@id":"https:\/\/diarieducacio.cat\/extra\/#website","url":"https:\/\/diarieducacio.cat\/extra\/","name":"Extra Educaci\u00f3","description":"Un blog de El Diari de l&#039;Educaci\u00f3","potentialAction":[{"@type":"SearchAction","target":{"@type":"EntryPoint","urlTemplate":"https:\/\/diarieducacio.cat\/extra\/?s={search_term_string}"},"query-input":{"@type":"PropertyValueSpecification","valueRequired":true,"valueName":"search_term_string"}}],"inLanguage":"ca"},{"@type":"Person","@id":"https:\/\/diarieducacio.cat\/extra\/#\/schema\/person\/a59c6f6463f58484e77cabd794911180","name":"Redacci\u00f3","image":{"@type":"ImageObject","inLanguage":"ca","@id":"https:\/\/diarieducacio.cat\/wp-content\/uploads\/2024\/11\/redaccio_avatar-96x96.png","url":"https:\/\/diarieducacio.cat\/wp-content\/uploads\/2024\/11\/redaccio_avatar-96x96.png","contentUrl":"https:\/\/diarieducacio.cat\/wp-content\/uploads\/2024\/11\/redaccio_avatar-96x96.png","caption":"Redacci\u00f3"},"sameAs":["https:\/\/x.com\/CatalunyaPlural"],"url":"https:\/\/diarieducacio.cat\/extra\/author\/redaccio\/"}]}},"_links":{"self":[{"href":"https:\/\/diarieducacio.cat\/extra\/wp-json\/wp\/v2\/posts\/3080","targetHints":{"allow":["GET"]}}],"collection":[{"href":"https:\/\/diarieducacio.cat\/extra\/wp-json\/wp\/v2\/posts"}],"about":[{"href":"https:\/\/diarieducacio.cat\/extra\/wp-json\/wp\/v2\/types\/post"}],"author":[{"embeddable":true,"href":"https:\/\/diarieducacio.cat\/extra\/wp-json\/wp\/v2\/users\/3"}],"replies":[{"embeddable":true,"href":"https:\/\/diarieducacio.cat\/extra\/wp-json\/wp\/v2\/comments?post=3080"}],"version-history":[{"count":5,"href":"https:\/\/diarieducacio.cat\/extra\/wp-json\/wp\/v2\/posts\/3080\/revisions"}],"predecessor-version":[{"id":3096,"href":"https:\/\/diarieducacio.cat\/extra\/wp-json\/wp\/v2\/posts\/3080\/revisions\/3096"}],"wp:featuredmedia":[{"embeddable":true,"href":"https:\/\/diarieducacio.cat\/extra\/wp-json\/wp\/v2\/media\/3087"}],"wp:attachment":[{"href":"https:\/\/diarieducacio.cat\/extra\/wp-json\/wp\/v2\/media?parent=3080"}],"wp:term":[{"taxonomy":"category","embeddable":true,"href":"https:\/\/diarieducacio.cat\/extra\/wp-json\/wp\/v2\/categories?post=3080"},{"taxonomy":"post_tag","embeddable":true,"href":"https:\/\/diarieducacio.cat\/extra\/wp-json\/wp\/v2\/tags?post=3080"},{"taxonomy":"tipo","embeddable":true,"href":"https:\/\/diarieducacio.cat\/extra\/wp-json\/wp\/v2\/tipo?post=3080"}],"curies":[{"name":"wp","href":"https:\/\/api.w.org\/{rel}","templated":true}]}}