{"id":3146,"date":"2025-07-22T10:53:23","date_gmt":"2025-07-22T08:53:23","guid":{"rendered":"https:\/\/diarieducacio.cat\/extra\/?p=3146"},"modified":"2025-07-22T10:53:24","modified_gmt":"2025-07-22T08:53:24","slug":"barcelona-impulsa-el-futur-amb-la-formacio-professional-dual-un-compromis-amb-el-talent-i-la-igualtat-doportunitats","status":"publish","type":"post","link":"https:\/\/diarieducacio.cat\/extra\/2025\/07\/22\/barcelona-impulsa-el-futur-amb-la-formacio-professional-dual-un-compromis-amb-el-talent-i-la-igualtat-doportunitats\/","title":{"rendered":"Barcelona impulsa el futur amb la Formaci\u00f3 Professional Dual: un comprom\u00eds amb el talent i la igualtat d&#8217;oportunitats"},"content":{"rendered":"\n<p>L\u2019Ajuntament de Barcelona, juntament amb el Consell de la Formaci\u00f3 Professional de la ciutat i Barcelona Activa,\u00a0amb el suport del Consorci d\u2019Educaci\u00f3, han organitzat la Jornada Balan\u00e7 d\u2019Implementaci\u00f3 de l\u2019FP Dual a l\u2019edifici MediaTIC, punt de trobada entre empreses i professionals.<\/p>\n\n\n\n<p>L\u2019acte ha comptat amb la pres\u00e8ncia de diversos representants pol\u00edtics de la ciutat, aix\u00ed com de representants sindicals, empresarials i d\u2019altres sectors que intervenen en el correcte funcionament de l\u2019FP Dual. Aquest tipus d\u2019FP \u00e9s una modalitat en la qual l\u2019estudiant esdev\u00e9 un aprenent i on combina la formaci\u00f3 entre el centre educatiu amb l\u2019activitat productiva de l\u2019empresa&nbsp;(en modalitat general o intensiva).<\/p>\n\n\n\n<p>La jornada ha estat inaugurada per la tinenta d\u2019alcaldia de Drets Socials, Promoci\u00f3 Econ\u00f2mica, Treball, Feminismes i Mem\u00f2ria Democr\u00e0tica i tamb\u00e9 presid\u00e8ncia del Consell Municipal de la Formaci\u00f3 Professional de Barcelona, Raquel Gil, qui ha aprofitat l\u2019ocasi\u00f3 per destacar la consolidaci\u00f3 de la formaci\u00f3 professional com una opci\u00f3 educativa m\u00e9s.<\/p>\n\n\n\n<p>\u201cHem fet una gran aposta. Tenim un marc normatiu en ple desplegament. La formaci\u00f3 professionalitzadora ha de ser dual o no ser\u00e0\u201d, ha assenyalat. De fet, ha recordat que fins i tot el mateix consistori de la ciutat comtal \u00e9s un espai on es pot realitzar FP Dual, ja que han passat m\u00e9s de 2.000 alumnes de diferents \u00e0mbits com administraci\u00f3 de l\u2019empresa o l\u2019Institut d\u2019Hisenda, entre d\u2019altres.<\/p>\n\n\n\n<h3 class=\"wp-block-heading\">L\u2019impacte de la dual en l\u2019economia i la societat<\/h3>\n\n\n\n<p>La primera part d\u2019aquesta jornada ha estat a c\u00e0rrec d\u2019Ant\u00f3n Costas, catedr\u00e0tic de Pol\u00edtica Econ\u00f2mica de la Universitat de Barcelona i president del Consejo Econ\u00f3mico y Social. Costas ha deixat clar la import\u00e0ncia d\u2019aquest tipus de formaci\u00f3 per la societat actual: \u201cl\u2019FP Dual \u00e9s la gran aliada per construir vides professionals s\u00f2lides i per garantir llocs de treball de qualitat per a una nova classe mitjana\u201d.<\/p>\n\n\n\n<p>Entre els temes dels quals ha parlat ha estat la import\u00e0ncia que t\u00e9 aquest model tamb\u00e9 per les empreses, ja que no nom\u00e9s forma professionals competents, sin\u00f3 que crea ciutadans compromesos i preparats per afrontar reptes socials i econ\u00f2mics del futur.<\/p>\n\n\n\n<p>\u201cEl model dual \u00e9s la celestina perfecta per emparellar la necessitat que tenen moltes persones de tenir unes bones feines de classe mitjana amb els desitjos de les empreses de disposar de perfils adaptats a les noves necessitats del mercat\u201d, ha explicat Costas.<\/p>\n\n\n\n<p>Un dels fets sobre el qual posa l\u2019accent Costas \u00e9s l\u2019estigma que encara continua existint sobre la formaci\u00f3 professional, de vegades considerada com a una opci\u00f3 de segona. \u00c9s important continuar treballant en el gran valor que t\u00e9 una opci\u00f3 formativa com aquesta. Per exemplificar-ho, ha explicat una an\u00e8cdota en la qual una persona que estava fent una reparaci\u00f3 a casa seva parlava de les seves filles, la que estudiava psicologia no tenia feina, per\u00f2 era molt estudiosa; la que havia fet una FP, li anava molt b\u00e9 laboralment, per\u00f2 a ulls del pare no havia estudiat gens.<\/p>\n\n\n\n<h3 class=\"wp-block-heading\">Una mirada a la dual des de l\u2019empresa i els sindicats<\/h3>\n\n\n\n<p>La segona part de la jornada ha consistit en una taula rodona on han participat diversos membres tant del m\u00f3n de l\u2019empresa com dels sindicats. Els ponents han estat Silvia Mir\u00f3, directora de l\u2019\u00c0rea de Treball de PIMEC; Andr\u00e9s N\u00fa\u00f1ez, director de Formaci\u00f3 i Qualificaci\u00f3 Professional de la Cambra de Comer\u00e7; Joan Roget, com a representant de Foment del Treball; Liliana Reyes, encarregada de Migracions i de l\u2019\u00e0rea del Barcelon\u00e8s de CCOO i Omar Mir\u00f3n, representant d\u2019UGT.<\/p>\n\n\n\n<p>Des de l\u2019empresa, Silvia Mir\u00f3 ha posat \u00e8mfasi en la dual i els beneficis que comporta. \u201cLes demandes del mercat de treball canvien constantment. La transformaci\u00f3 \u00e9s tan profunda i tan r\u00e0pida que no es pot formar a les persones a la velocitat que aquest requereix. Aquelles compet\u00e8ncies m\u00e9s dif\u00edcils de desenvolupar a l\u2019\u00e0mbit acad\u00e8mic es poden aprendre a les empreses\u201d, ha explicat Mir\u00f3. Tamb\u00e9 ha afegit com a dada positiva que les persones que realitzen una FP Dual tenen uns 20 punts m\u00e9s de mitjana de nivell d\u2019inserci\u00f3 laboral.<\/p>\n\n\n\n<p>L\u2019Andr\u00e9s N\u00fa\u00f1ez, director de Formaci\u00f3 i Qualificaci\u00f3 Professional de la Cambra de Comer\u00e7, ha defensat la necessitat de connectar els estudis amb la realitat laboral i aquesta oportunitat passa per l\u2019FP. \u201cNo \u00e9s nom\u00e9s un model pedag\u00f2gic, \u00e9s una aposta de talent\u201d, ha afirmat, destacant el valor que t\u00e9 per als joves entendre el sentit pr\u00e0ctic d\u2019all\u00f2 que estudien.<\/p>\n\n\n\n<figure class=\"wp-block-image size-full\"><img fetchpriority=\"high\" decoding=\"async\" width=\"1000\" height=\"666\" src=\"https:\/\/diarieducacio.cat\/extra\/wp-content\/uploads\/sites\/25\/2025\/07\/FP-Dual-281.jpg\" alt=\"\" class=\"wp-image-3150\" srcset=\"https:\/\/diarieducacio.cat\/extra\/wp-content\/uploads\/sites\/25\/2025\/07\/FP-Dual-281.jpg 1000w, https:\/\/diarieducacio.cat\/extra\/wp-content\/uploads\/sites\/25\/2025\/07\/FP-Dual-281-300x200.jpg 300w, https:\/\/diarieducacio.cat\/extra\/wp-content\/uploads\/sites\/25\/2025\/07\/FP-Dual-281-768x511.jpg 768w, https:\/\/diarieducacio.cat\/extra\/wp-content\/uploads\/sites\/25\/2025\/07\/FP-Dual-281-150x100.jpg 150w, https:\/\/diarieducacio.cat\/extra\/wp-content\/uploads\/sites\/25\/2025\/07\/FP-Dual-281-450x300.jpg 450w\" sizes=\"(max-width: 1000px) 100vw, 1000px\" \/><figcaption class=\"wp-element-caption\">Taula rodona &#8216;La mirada de la Dual des de l&#8217;empresa i els sindicats&#8217;<\/figcaption><\/figure>\n\n\n\n<p>Des del Foment del Treball, Joan Roget ha destacat que les empreses prefereixen apostar pel talent intern, aquell que s\u2019ha format dins, en lloc d\u2019haver de buscar-lo fora. A Catalunya, algunes empreses ja fan aquest pas, per\u00f2 encara cal conv\u00e8ncer a les fam\u00edlies i entorns socials del valor d\u2019aquesta via.<\/p>\n\n\n\n<p>D\u2019una banda, des del m\u00f3n del sindicat, Liliana Reyes ha defensat l\u2019FP Dual com un dret i una eina per a la inclusi\u00f3 i la igualtat d\u2019oportunitats. Ha considerat que cal augment la inversi\u00f3 i refor\u00e7ar el di\u00e0leg social per dignificar aquesta via formativa. \u201cNo \u00e9s una alternativa, \u00e9s una opci\u00f3 igual de v\u00e0lida i amb futur\u201d, ha remarcat. Per l\u2019altra banda, Omar Mir\u00f3n, d\u2019UGT, ha reclamat una millora de les condicions per tal que els joves no hagin d\u2019escollir entre formar-se i viure. \u201cNo podem demanar-los que sacrifiquin 12 hores al dia\u201d. Entre les seves propostes, destaquen l\u2019impuls als centres integrats d\u2019FP, la creaci\u00f3 d\u2019una ag\u00e8ncia que coordini les pr\u00e0ctiques i potenciar la figura de l\u2019orientador al llarg de la vida.<\/p>\n\n\n\n<h3 class=\"wp-block-heading\">Balan\u00e7 sobre la implementaci\u00f3 de l\u2019FP Dual a Barcelona<\/h3>\n\n\n\n<p>La primera part de la presentaci\u00f3 de resultats sobre la implementaci\u00f3 de la dual ha estat a c\u00e0rrec de Ricard Coma, director general d\u2019FP del Departament d\u2019Educaci\u00f3 i Formaci\u00f3 Professional. L\u2019empresa ha passat a tenir un rol actiu en la formaci\u00f3 de l\u2019alumnat. Amb l\u2019aprovaci\u00f3 de la nova llei de formaci\u00f3 professional, ha ocorregut un canvi de paradigma. \u201cActualment, la dual juga un important paper d\u2019ascensor social, donant-te la possibilitat de guanyar-te la vida millor que els teus pares\u201d, ha ressaltat Coma.<\/p>\n\n\n\n<p>Una de les dades presentades ha estat que des del curs 2020\/2021, 36.546 persones han volgut estudiar-la, el que representa un augment del 37%. A m\u00e9s a m\u00e9s, el tipus de relaci\u00f3 laboral m\u00e9s consolidat ha estat el de l\u2019estudiant amb beca, que representa el 93,9%.<\/p>\n\n\n<div class=\"wp-block-image\">\n<figure class=\"alignleft size-large is-resized\"><img decoding=\"async\" width=\"683\" height=\"1024\" src=\"https:\/\/diarieducacio.cat\/extra\/wp-content\/uploads\/sites\/25\/2025\/07\/FP-Dual-191-683x1024.jpg\" alt=\"\" class=\"wp-image-3152\" style=\"width:411px;height:auto\" srcset=\"https:\/\/diarieducacio.cat\/extra\/wp-content\/uploads\/sites\/25\/2025\/07\/FP-Dual-191-683x1024.jpg 683w, https:\/\/diarieducacio.cat\/extra\/wp-content\/uploads\/sites\/25\/2025\/07\/FP-Dual-191-200x300.jpg 200w, https:\/\/diarieducacio.cat\/extra\/wp-content\/uploads\/sites\/25\/2025\/07\/FP-Dual-191-768x1152.jpg 768w, https:\/\/diarieducacio.cat\/extra\/wp-content\/uploads\/sites\/25\/2025\/07\/FP-Dual-191-150x225.jpg 150w, https:\/\/diarieducacio.cat\/extra\/wp-content\/uploads\/sites\/25\/2025\/07\/FP-Dual-191-450x675.jpg 450w, https:\/\/diarieducacio.cat\/extra\/wp-content\/uploads\/sites\/25\/2025\/07\/FP-Dual-191.jpg 1000w\" sizes=\"(max-width: 683px) 100vw, 683px\" \/><\/figure>\n<\/div>\n\n\n<p>A Barcelona, l\u2019FP Dual tamb\u00e9 es consolida. Segons les dades presentades per N\u00faria Vallduriola, directora de Postobligat\u00f2ria del Consorci d\u2019Educaci\u00f3 de Barcelona, 22.367 alumnes han fet estades a empreses, dels quals 39,3% estudiaven un grau mitj\u00e0 i 60,6% un grau superior. Tamb\u00e9 destaca que 31,7% dels graduats ja han trobat feina, mentre que un 21% combina feina i estudis i 34,4% ha decidit continuar formant-se. Una altra xifra molt positiva relacionada amb la inserci\u00f3 laboral \u00e9s que el 65,5% dels estudiants de grau superior han aconseguit un contracte indefinit.<\/p>\n\n\n\n<p>L\u2019Ajuntament de Barcelona, junt amb altres institucions com Betev\u00e9, l\u2019Ag\u00e8ncia de Salut P\u00fablica, la Diputaci\u00f3 o el Gran Teatre del Liceu, col\u00b7laboren activament en la dual intensiva, amb 308 alumnes formant-se en empreses singulars.<\/p>\n\n\n\n<p>Per refor\u00e7ar encara m\u00e9s el model, s\u2019ha creat la nova Oficina FP-Empresa, impulsada per Barcelona Activa i dins del marc de les 20 mesures per a l\u2019ocupaci\u00f3 juvenil de qualitat 2024-2030. Lorena Ventura, directora de Programes Transversals d\u2019Ocupaci\u00f3 en Barcelona Activa, al capdavant del projecte, explica que s\u2019est\u00e0 treballant amb un grup motor estable, reunint-se cada quinze dies per definir materials comuns, una campanya de difusi\u00f3 i un circuit pedag\u00f2gic que apropa el m\u00f3n de l\u2019empresa a les fam\u00edlies professionals, comen\u00e7ant pel sector sanitari.<\/p>\n\n\n\n<p>L\u2019encarregat de tancar l\u2019acte ha estat en Lu\u00eds F. Rabell, regidor d\u2019Educaci\u00f3 i vicepresident del Consell Municipal de l\u2019FP: \u201cl\u2019FP ha patit durant anys el greuge de ser vista com una opci\u00f3 educativa de segona. Ara estem parlant d\u2019un projecte de pa\u00eds, d\u2019aconseguir un pacte social per refor\u00e7ar-la\u201d. Rabell ha reivindicat l\u2019aposta per un model inspirat en l\u2019experi\u00e8ncia alemanya, on la formaci\u00f3 professional t\u00e9 un fort reconeixent social i laboral.<\/p>\n\n\n\n<p>El futur de l\u2019FP a Barcelona es dibuixa com un cam\u00ed compartit cap a una ocupaci\u00f3 juvenil de qualitat, amb el comprom\u00eds ferm de les institucions i el teixit empresarial de deixar enrere a ning\u00fa amb ganes d\u2019aprendre i formar-se.<\/p>\n\n\n\n<p>Amb la col\u00b7laboraci\u00f3 de:<\/p>\n\n\n\n<figure class=\"wp-block-image size-large is-resized\"><img decoding=\"async\" width=\"1024\" height=\"349\" src=\"https:\/\/diarieducacio.cat\/extra\/wp-content\/uploads\/sites\/25\/2025\/07\/LogoAjunt-1-1024x349.png\" alt=\"\" class=\"wp-image-3141\" style=\"width:221px;height:auto\" srcset=\"https:\/\/diarieducacio.cat\/extra\/wp-content\/uploads\/sites\/25\/2025\/07\/LogoAjunt-1-1024x349.png 1024w, https:\/\/diarieducacio.cat\/extra\/wp-content\/uploads\/sites\/25\/2025\/07\/LogoAjunt-1-300x102.png 300w, https:\/\/diarieducacio.cat\/extra\/wp-content\/uploads\/sites\/25\/2025\/07\/LogoAjunt-1-768x262.png 768w, https:\/\/diarieducacio.cat\/extra\/wp-content\/uploads\/sites\/25\/2025\/07\/LogoAjunt-1-150x51.png 150w, https:\/\/diarieducacio.cat\/extra\/wp-content\/uploads\/sites\/25\/2025\/07\/LogoAjunt-1-450x154.png 450w, https:\/\/diarieducacio.cat\/extra\/wp-content\/uploads\/sites\/25\/2025\/07\/LogoAjunt-1.png 1046w\" sizes=\"(max-width: 1024px) 100vw, 1024px\" \/><\/figure>\n\n\n\n<p><\/p>\n","protected":false},"excerpt":{"rendered":"<p>L\u2019Ajuntament de Barcelona, juntament amb el Consell de la Formaci\u00f3 Professional de la ciutat i Barcelona Activa,\u00a0amb el suport del Consorci d\u2019Educaci\u00f3, han organitzat la Jornada Balan\u00e7 d\u2019Implementaci\u00f3 de l\u2019FP Dual a l\u2019edifici MediaTIC, punt de trobada entre empreses i professionals. L\u2019acte ha comptat amb la pres\u00e8ncia de diversos representants pol\u00edtics de la ciutat, aix\u00ed<\/p>\n","protected":false},"author":3,"featured_media":3149,"comment_status":"open","ping_status":"open","sticky":false,"template":"","format":"standard","meta":{"footnotes":""},"categories":[125],"tags":[209],"tipo":[192],"class_list":{"0":"post-3146","1":"post","2":"type-post","3":"status-publish","4":"format-standard","5":"has-post-thumbnail","7":"category-jornades","8":"tag-formacio-professional","9":"tipo-actualitat"},"yoast_head":"<!-- This site is optimized with the Yoast SEO plugin v27.4 - https:\/\/yoast.com\/product\/yoast-seo-wordpress\/ -->\n<title>Barcelona impulsa el futur amb la Formaci\u00f3 Professional Dual: un comprom\u00eds amb el talent i la igualtat d&#039;oportunitats - Extra Educaci\u00f3<\/title>\n<meta name=\"robots\" content=\"index, follow, max-snippet:-1, max-image-preview:large, max-video-preview:-1\" \/>\n<link rel=\"canonical\" href=\"https:\/\/diarieducacio.cat\/extra\/2025\/07\/22\/barcelona-impulsa-el-futur-amb-la-formacio-professional-dual-un-compromis-amb-el-talent-i-la-igualtat-doportunitats\/\" \/>\n<meta property=\"og:locale\" content=\"ca_ES\" \/>\n<meta property=\"og:type\" content=\"article\" \/>\n<meta property=\"og:title\" content=\"Barcelona impulsa el futur amb la Formaci\u00f3 Professional Dual: un comprom\u00eds amb el talent i la igualtat d&#039;oportunitats - Extra Educaci\u00f3\" \/>\n<meta property=\"og:description\" content=\"L\u2019Ajuntament de Barcelona, juntament amb el Consell de la Formaci\u00f3 Professional de la ciutat i Barcelona Activa,\u00a0amb el suport del Consorci d\u2019Educaci\u00f3, han organitzat la Jornada Balan\u00e7 d\u2019Implementaci\u00f3 de l\u2019FP Dual a l\u2019edifici MediaTIC, punt de trobada entre empreses i professionals. L\u2019acte ha comptat amb la pres\u00e8ncia de diversos representants pol\u00edtics de la ciutat, aix\u00ed\" \/>\n<meta property=\"og:url\" content=\"https:\/\/diarieducacio.cat\/extra\/2025\/07\/22\/barcelona-impulsa-el-futur-amb-la-formacio-professional-dual-un-compromis-amb-el-talent-i-la-igualtat-doportunitats\/\" \/>\n<meta property=\"og:site_name\" content=\"Extra Educaci\u00f3\" \/>\n<meta property=\"article:publisher\" content=\"https:\/\/www.facebook.com\/diarieducacio\/\" \/>\n<meta property=\"article:published_time\" content=\"2025-07-22T08:53:23+00:00\" \/>\n<meta property=\"article:modified_time\" content=\"2025-07-22T08:53:24+00:00\" \/>\n<meta property=\"og:image\" content=\"https:\/\/diarieducacio.cat\/extra\/wp-content\/uploads\/sites\/25\/2025\/07\/FP-Dual-041.jpg\" \/>\n\t<meta property=\"og:image:width\" content=\"1000\" \/>\n\t<meta property=\"og:image:height\" content=\"666\" \/>\n\t<meta property=\"og:image:type\" content=\"image\/jpeg\" \/>\n<meta name=\"author\" content=\"Redacci\u00f3\" \/>\n<meta name=\"twitter:card\" content=\"summary_large_image\" \/>\n<meta name=\"twitter:creator\" content=\"@CatalunyaPlural\" \/>\n<meta name=\"twitter:site\" content=\"@DiariEducacio\" \/>\n<meta name=\"twitter:label1\" content=\"Escrit per\" \/>\n\t<meta name=\"twitter:data1\" content=\"Redacci\u00f3\" \/>\n\t<meta name=\"twitter:label2\" content=\"Temps estimat de lectura\" \/>\n\t<meta name=\"twitter:data2\" content=\"9 minuts\" \/>\n<script type=\"application\/ld+json\" class=\"yoast-schema-graph\">{\"@context\":\"https:\\\/\\\/schema.org\",\"@graph\":[{\"@type\":\"Article\",\"@id\":\"https:\\\/\\\/diarieducacio.cat\\\/extra\\\/2025\\\/07\\\/22\\\/barcelona-impulsa-el-futur-amb-la-formacio-professional-dual-un-compromis-amb-el-talent-i-la-igualtat-doportunitats\\\/#article\",\"isPartOf\":{\"@id\":\"https:\\\/\\\/diarieducacio.cat\\\/extra\\\/2025\\\/07\\\/22\\\/barcelona-impulsa-el-futur-amb-la-formacio-professional-dual-un-compromis-amb-el-talent-i-la-igualtat-doportunitats\\\/\"},\"author\":{\"name\":\"Redacci\u00f3\",\"@id\":\"https:\\\/\\\/diarieducacio.cat\\\/extra\\\/#\\\/schema\\\/person\\\/a59c6f6463f58484e77cabd794911180\"},\"headline\":\"Barcelona impulsa el futur amb la Formaci\u00f3 Professional Dual: un comprom\u00eds amb el talent i la igualtat d&#8217;oportunitats\",\"datePublished\":\"2025-07-22T08:53:23+00:00\",\"dateModified\":\"2025-07-22T08:53:24+00:00\",\"mainEntityOfPage\":{\"@id\":\"https:\\\/\\\/diarieducacio.cat\\\/extra\\\/2025\\\/07\\\/22\\\/barcelona-impulsa-el-futur-amb-la-formacio-professional-dual-un-compromis-amb-el-talent-i-la-igualtat-doportunitats\\\/\"},\"wordCount\":1510,\"commentCount\":0,\"image\":{\"@id\":\"https:\\\/\\\/diarieducacio.cat\\\/extra\\\/2025\\\/07\\\/22\\\/barcelona-impulsa-el-futur-amb-la-formacio-professional-dual-un-compromis-amb-el-talent-i-la-igualtat-doportunitats\\\/#primaryimage\"},\"thumbnailUrl\":\"https:\\\/\\\/diarieducacio.cat\\\/extra\\\/wp-content\\\/uploads\\\/sites\\\/25\\\/2025\\\/07\\\/FP-Dual-041.jpg\",\"keywords\":[\"formaci\u00f3 professional\"],\"articleSection\":[\"Jornades\"],\"inLanguage\":\"ca\",\"potentialAction\":[{\"@type\":\"CommentAction\",\"name\":\"Comment\",\"target\":[\"https:\\\/\\\/diarieducacio.cat\\\/extra\\\/2025\\\/07\\\/22\\\/barcelona-impulsa-el-futur-amb-la-formacio-professional-dual-un-compromis-amb-el-talent-i-la-igualtat-doportunitats\\\/#respond\"]}]},{\"@type\":\"WebPage\",\"@id\":\"https:\\\/\\\/diarieducacio.cat\\\/extra\\\/2025\\\/07\\\/22\\\/barcelona-impulsa-el-futur-amb-la-formacio-professional-dual-un-compromis-amb-el-talent-i-la-igualtat-doportunitats\\\/\",\"url\":\"https:\\\/\\\/diarieducacio.cat\\\/extra\\\/2025\\\/07\\\/22\\\/barcelona-impulsa-el-futur-amb-la-formacio-professional-dual-un-compromis-amb-el-talent-i-la-igualtat-doportunitats\\\/\",\"name\":\"Barcelona impulsa el futur amb la Formaci\u00f3 Professional Dual: un comprom\u00eds amb el talent i la igualtat d'oportunitats - Extra Educaci\u00f3\",\"isPartOf\":{\"@id\":\"https:\\\/\\\/diarieducacio.cat\\\/extra\\\/#website\"},\"primaryImageOfPage\":{\"@id\":\"https:\\\/\\\/diarieducacio.cat\\\/extra\\\/2025\\\/07\\\/22\\\/barcelona-impulsa-el-futur-amb-la-formacio-professional-dual-un-compromis-amb-el-talent-i-la-igualtat-doportunitats\\\/#primaryimage\"},\"image\":{\"@id\":\"https:\\\/\\\/diarieducacio.cat\\\/extra\\\/2025\\\/07\\\/22\\\/barcelona-impulsa-el-futur-amb-la-formacio-professional-dual-un-compromis-amb-el-talent-i-la-igualtat-doportunitats\\\/#primaryimage\"},\"thumbnailUrl\":\"https:\\\/\\\/diarieducacio.cat\\\/extra\\\/wp-content\\\/uploads\\\/sites\\\/25\\\/2025\\\/07\\\/FP-Dual-041.jpg\",\"datePublished\":\"2025-07-22T08:53:23+00:00\",\"dateModified\":\"2025-07-22T08:53:24+00:00\",\"author\":{\"@id\":\"https:\\\/\\\/diarieducacio.cat\\\/extra\\\/#\\\/schema\\\/person\\\/a59c6f6463f58484e77cabd794911180\"},\"breadcrumb\":{\"@id\":\"https:\\\/\\\/diarieducacio.cat\\\/extra\\\/2025\\\/07\\\/22\\\/barcelona-impulsa-el-futur-amb-la-formacio-professional-dual-un-compromis-amb-el-talent-i-la-igualtat-doportunitats\\\/#breadcrumb\"},\"inLanguage\":\"ca\",\"potentialAction\":[{\"@type\":\"ReadAction\",\"target\":[\"https:\\\/\\\/diarieducacio.cat\\\/extra\\\/2025\\\/07\\\/22\\\/barcelona-impulsa-el-futur-amb-la-formacio-professional-dual-un-compromis-amb-el-talent-i-la-igualtat-doportunitats\\\/\"]}]},{\"@type\":\"ImageObject\",\"inLanguage\":\"ca\",\"@id\":\"https:\\\/\\\/diarieducacio.cat\\\/extra\\\/2025\\\/07\\\/22\\\/barcelona-impulsa-el-futur-amb-la-formacio-professional-dual-un-compromis-amb-el-talent-i-la-igualtat-doportunitats\\\/#primaryimage\",\"url\":\"https:\\\/\\\/diarieducacio.cat\\\/extra\\\/wp-content\\\/uploads\\\/sites\\\/25\\\/2025\\\/07\\\/FP-Dual-041.jpg\",\"contentUrl\":\"https:\\\/\\\/diarieducacio.cat\\\/extra\\\/wp-content\\\/uploads\\\/sites\\\/25\\\/2025\\\/07\\\/FP-Dual-041.jpg\",\"width\":1000,\"height\":666,\"caption\":\"Jornada Balan\u00e7 d\u2019Implementaci\u00f3 de l\u2019FP Dual\"},{\"@type\":\"BreadcrumbList\",\"@id\":\"https:\\\/\\\/diarieducacio.cat\\\/extra\\\/2025\\\/07\\\/22\\\/barcelona-impulsa-el-futur-amb-la-formacio-professional-dual-un-compromis-amb-el-talent-i-la-igualtat-doportunitats\\\/#breadcrumb\",\"itemListElement\":[{\"@type\":\"ListItem\",\"position\":1,\"name\":\"Inici\",\"item\":\"https:\\\/\\\/diarieducacio.cat\\\/extra\\\/\"},{\"@type\":\"ListItem\",\"position\":2,\"name\":\"Barcelona impulsa el futur amb la Formaci\u00f3 Professional Dual: un comprom\u00eds amb el talent i la igualtat d&#8217;oportunitats\"}]},{\"@type\":\"WebSite\",\"@id\":\"https:\\\/\\\/diarieducacio.cat\\\/extra\\\/#website\",\"url\":\"https:\\\/\\\/diarieducacio.cat\\\/extra\\\/\",\"name\":\"Extra Educaci\u00f3\",\"description\":\"Un blog de El Diari de l&#039;Educaci\u00f3\",\"potentialAction\":[{\"@type\":\"SearchAction\",\"target\":{\"@type\":\"EntryPoint\",\"urlTemplate\":\"https:\\\/\\\/diarieducacio.cat\\\/extra\\\/?s={search_term_string}\"},\"query-input\":{\"@type\":\"PropertyValueSpecification\",\"valueRequired\":true,\"valueName\":\"search_term_string\"}}],\"inLanguage\":\"ca\"},{\"@type\":\"Person\",\"@id\":\"https:\\\/\\\/diarieducacio.cat\\\/extra\\\/#\\\/schema\\\/person\\\/a59c6f6463f58484e77cabd794911180\",\"name\":\"Redacci\u00f3\",\"image\":{\"@type\":\"ImageObject\",\"inLanguage\":\"ca\",\"@id\":\"https:\\\/\\\/diarieducacio.cat\\\/wp-content\\\/uploads\\\/2024\\\/11\\\/redaccio_avatar-96x96.png\",\"url\":\"https:\\\/\\\/diarieducacio.cat\\\/wp-content\\\/uploads\\\/2024\\\/11\\\/redaccio_avatar-96x96.png\",\"contentUrl\":\"https:\\\/\\\/diarieducacio.cat\\\/wp-content\\\/uploads\\\/2024\\\/11\\\/redaccio_avatar-96x96.png\",\"caption\":\"Redacci\u00f3\"},\"sameAs\":[\"https:\\\/\\\/x.com\\\/CatalunyaPlural\"],\"url\":\"https:\\\/\\\/diarieducacio.cat\\\/extra\\\/author\\\/redaccio\\\/\"}]}<\/script>\n<!-- \/ Yoast SEO plugin. -->","yoast_head_json":{"title":"Barcelona impulsa el futur amb la Formaci\u00f3 Professional Dual: un comprom\u00eds amb el talent i la igualtat d'oportunitats - Extra Educaci\u00f3","robots":{"index":"index","follow":"follow","max-snippet":"max-snippet:-1","max-image-preview":"max-image-preview:large","max-video-preview":"max-video-preview:-1"},"canonical":"https:\/\/diarieducacio.cat\/extra\/2025\/07\/22\/barcelona-impulsa-el-futur-amb-la-formacio-professional-dual-un-compromis-amb-el-talent-i-la-igualtat-doportunitats\/","og_locale":"ca_ES","og_type":"article","og_title":"Barcelona impulsa el futur amb la Formaci\u00f3 Professional Dual: un comprom\u00eds amb el talent i la igualtat d'oportunitats - Extra Educaci\u00f3","og_description":"L\u2019Ajuntament de Barcelona, juntament amb el Consell de la Formaci\u00f3 Professional de la ciutat i Barcelona Activa,\u00a0amb el suport del Consorci d\u2019Educaci\u00f3, han organitzat la Jornada Balan\u00e7 d\u2019Implementaci\u00f3 de l\u2019FP Dual a l\u2019edifici MediaTIC, punt de trobada entre empreses i professionals. L\u2019acte ha comptat amb la pres\u00e8ncia de diversos representants pol\u00edtics de la ciutat, aix\u00ed","og_url":"https:\/\/diarieducacio.cat\/extra\/2025\/07\/22\/barcelona-impulsa-el-futur-amb-la-formacio-professional-dual-un-compromis-amb-el-talent-i-la-igualtat-doportunitats\/","og_site_name":"Extra Educaci\u00f3","article_publisher":"https:\/\/www.facebook.com\/diarieducacio\/","article_published_time":"2025-07-22T08:53:23+00:00","article_modified_time":"2025-07-22T08:53:24+00:00","og_image":[{"width":1000,"height":666,"url":"https:\/\/diarieducacio.cat\/extra\/wp-content\/uploads\/sites\/25\/2025\/07\/FP-Dual-041.jpg","type":"image\/jpeg"}],"author":"Redacci\u00f3","twitter_card":"summary_large_image","twitter_creator":"@CatalunyaPlural","twitter_site":"@DiariEducacio","twitter_misc":{"Escrit per":"Redacci\u00f3","Temps estimat de lectura":"9 minuts"},"schema":{"@context":"https:\/\/schema.org","@graph":[{"@type":"Article","@id":"https:\/\/diarieducacio.cat\/extra\/2025\/07\/22\/barcelona-impulsa-el-futur-amb-la-formacio-professional-dual-un-compromis-amb-el-talent-i-la-igualtat-doportunitats\/#article","isPartOf":{"@id":"https:\/\/diarieducacio.cat\/extra\/2025\/07\/22\/barcelona-impulsa-el-futur-amb-la-formacio-professional-dual-un-compromis-amb-el-talent-i-la-igualtat-doportunitats\/"},"author":{"name":"Redacci\u00f3","@id":"https:\/\/diarieducacio.cat\/extra\/#\/schema\/person\/a59c6f6463f58484e77cabd794911180"},"headline":"Barcelona impulsa el futur amb la Formaci\u00f3 Professional Dual: un comprom\u00eds amb el talent i la igualtat d&#8217;oportunitats","datePublished":"2025-07-22T08:53:23+00:00","dateModified":"2025-07-22T08:53:24+00:00","mainEntityOfPage":{"@id":"https:\/\/diarieducacio.cat\/extra\/2025\/07\/22\/barcelona-impulsa-el-futur-amb-la-formacio-professional-dual-un-compromis-amb-el-talent-i-la-igualtat-doportunitats\/"},"wordCount":1510,"commentCount":0,"image":{"@id":"https:\/\/diarieducacio.cat\/extra\/2025\/07\/22\/barcelona-impulsa-el-futur-amb-la-formacio-professional-dual-un-compromis-amb-el-talent-i-la-igualtat-doportunitats\/#primaryimage"},"thumbnailUrl":"https:\/\/diarieducacio.cat\/extra\/wp-content\/uploads\/sites\/25\/2025\/07\/FP-Dual-041.jpg","keywords":["formaci\u00f3 professional"],"articleSection":["Jornades"],"inLanguage":"ca","potentialAction":[{"@type":"CommentAction","name":"Comment","target":["https:\/\/diarieducacio.cat\/extra\/2025\/07\/22\/barcelona-impulsa-el-futur-amb-la-formacio-professional-dual-un-compromis-amb-el-talent-i-la-igualtat-doportunitats\/#respond"]}]},{"@type":"WebPage","@id":"https:\/\/diarieducacio.cat\/extra\/2025\/07\/22\/barcelona-impulsa-el-futur-amb-la-formacio-professional-dual-un-compromis-amb-el-talent-i-la-igualtat-doportunitats\/","url":"https:\/\/diarieducacio.cat\/extra\/2025\/07\/22\/barcelona-impulsa-el-futur-amb-la-formacio-professional-dual-un-compromis-amb-el-talent-i-la-igualtat-doportunitats\/","name":"Barcelona impulsa el futur amb la Formaci\u00f3 Professional Dual: un comprom\u00eds amb el talent i la igualtat d'oportunitats - Extra Educaci\u00f3","isPartOf":{"@id":"https:\/\/diarieducacio.cat\/extra\/#website"},"primaryImageOfPage":{"@id":"https:\/\/diarieducacio.cat\/extra\/2025\/07\/22\/barcelona-impulsa-el-futur-amb-la-formacio-professional-dual-un-compromis-amb-el-talent-i-la-igualtat-doportunitats\/#primaryimage"},"image":{"@id":"https:\/\/diarieducacio.cat\/extra\/2025\/07\/22\/barcelona-impulsa-el-futur-amb-la-formacio-professional-dual-un-compromis-amb-el-talent-i-la-igualtat-doportunitats\/#primaryimage"},"thumbnailUrl":"https:\/\/diarieducacio.cat\/extra\/wp-content\/uploads\/sites\/25\/2025\/07\/FP-Dual-041.jpg","datePublished":"2025-07-22T08:53:23+00:00","dateModified":"2025-07-22T08:53:24+00:00","author":{"@id":"https:\/\/diarieducacio.cat\/extra\/#\/schema\/person\/a59c6f6463f58484e77cabd794911180"},"breadcrumb":{"@id":"https:\/\/diarieducacio.cat\/extra\/2025\/07\/22\/barcelona-impulsa-el-futur-amb-la-formacio-professional-dual-un-compromis-amb-el-talent-i-la-igualtat-doportunitats\/#breadcrumb"},"inLanguage":"ca","potentialAction":[{"@type":"ReadAction","target":["https:\/\/diarieducacio.cat\/extra\/2025\/07\/22\/barcelona-impulsa-el-futur-amb-la-formacio-professional-dual-un-compromis-amb-el-talent-i-la-igualtat-doportunitats\/"]}]},{"@type":"ImageObject","inLanguage":"ca","@id":"https:\/\/diarieducacio.cat\/extra\/2025\/07\/22\/barcelona-impulsa-el-futur-amb-la-formacio-professional-dual-un-compromis-amb-el-talent-i-la-igualtat-doportunitats\/#primaryimage","url":"https:\/\/diarieducacio.cat\/extra\/wp-content\/uploads\/sites\/25\/2025\/07\/FP-Dual-041.jpg","contentUrl":"https:\/\/diarieducacio.cat\/extra\/wp-content\/uploads\/sites\/25\/2025\/07\/FP-Dual-041.jpg","width":1000,"height":666,"caption":"Jornada Balan\u00e7 d\u2019Implementaci\u00f3 de l\u2019FP Dual"},{"@type":"BreadcrumbList","@id":"https:\/\/diarieducacio.cat\/extra\/2025\/07\/22\/barcelona-impulsa-el-futur-amb-la-formacio-professional-dual-un-compromis-amb-el-talent-i-la-igualtat-doportunitats\/#breadcrumb","itemListElement":[{"@type":"ListItem","position":1,"name":"Inici","item":"https:\/\/diarieducacio.cat\/extra\/"},{"@type":"ListItem","position":2,"name":"Barcelona impulsa el futur amb la Formaci\u00f3 Professional Dual: un comprom\u00eds amb el talent i la igualtat d&#8217;oportunitats"}]},{"@type":"WebSite","@id":"https:\/\/diarieducacio.cat\/extra\/#website","url":"https:\/\/diarieducacio.cat\/extra\/","name":"Extra Educaci\u00f3","description":"Un blog de El Diari de l&#039;Educaci\u00f3","potentialAction":[{"@type":"SearchAction","target":{"@type":"EntryPoint","urlTemplate":"https:\/\/diarieducacio.cat\/extra\/?s={search_term_string}"},"query-input":{"@type":"PropertyValueSpecification","valueRequired":true,"valueName":"search_term_string"}}],"inLanguage":"ca"},{"@type":"Person","@id":"https:\/\/diarieducacio.cat\/extra\/#\/schema\/person\/a59c6f6463f58484e77cabd794911180","name":"Redacci\u00f3","image":{"@type":"ImageObject","inLanguage":"ca","@id":"https:\/\/diarieducacio.cat\/wp-content\/uploads\/2024\/11\/redaccio_avatar-96x96.png","url":"https:\/\/diarieducacio.cat\/wp-content\/uploads\/2024\/11\/redaccio_avatar-96x96.png","contentUrl":"https:\/\/diarieducacio.cat\/wp-content\/uploads\/2024\/11\/redaccio_avatar-96x96.png","caption":"Redacci\u00f3"},"sameAs":["https:\/\/x.com\/CatalunyaPlural"],"url":"https:\/\/diarieducacio.cat\/extra\/author\/redaccio\/"}]}},"_links":{"self":[{"href":"https:\/\/diarieducacio.cat\/extra\/wp-json\/wp\/v2\/posts\/3146","targetHints":{"allow":["GET"]}}],"collection":[{"href":"https:\/\/diarieducacio.cat\/extra\/wp-json\/wp\/v2\/posts"}],"about":[{"href":"https:\/\/diarieducacio.cat\/extra\/wp-json\/wp\/v2\/types\/post"}],"author":[{"embeddable":true,"href":"https:\/\/diarieducacio.cat\/extra\/wp-json\/wp\/v2\/users\/3"}],"replies":[{"embeddable":true,"href":"https:\/\/diarieducacio.cat\/extra\/wp-json\/wp\/v2\/comments?post=3146"}],"version-history":[{"count":5,"href":"https:\/\/diarieducacio.cat\/extra\/wp-json\/wp\/v2\/posts\/3146\/revisions"}],"predecessor-version":[{"id":3154,"href":"https:\/\/diarieducacio.cat\/extra\/wp-json\/wp\/v2\/posts\/3146\/revisions\/3154"}],"wp:featuredmedia":[{"embeddable":true,"href":"https:\/\/diarieducacio.cat\/extra\/wp-json\/wp\/v2\/media\/3149"}],"wp:attachment":[{"href":"https:\/\/diarieducacio.cat\/extra\/wp-json\/wp\/v2\/media?parent=3146"}],"wp:term":[{"taxonomy":"category","embeddable":true,"href":"https:\/\/diarieducacio.cat\/extra\/wp-json\/wp\/v2\/categories?post=3146"},{"taxonomy":"post_tag","embeddable":true,"href":"https:\/\/diarieducacio.cat\/extra\/wp-json\/wp\/v2\/tags?post=3146"},{"taxonomy":"tipo","embeddable":true,"href":"https:\/\/diarieducacio.cat\/extra\/wp-json\/wp\/v2\/tipo?post=3146"}],"curies":[{"name":"wp","href":"https:\/\/api.w.org\/{rel}","templated":true}]}}