{"id":3224,"date":"2025-10-16T09:43:06","date_gmt":"2025-10-16T07:43:06","guid":{"rendered":"https:\/\/diarieducacio.cat\/extra\/?p=3224"},"modified":"2025-10-16T17:30:40","modified_gmt":"2025-10-16T15:30:40","slug":"descobreix-quins-seran-els-guanyadors-dels-premis-educaweb-2025","status":"publish","type":"post","link":"https:\/\/diarieducacio.cat\/extra\/2025\/10\/16\/descobreix-quins-seran-els-guanyadors-dels-premis-educaweb-2025\/","title":{"rendered":"Descobreix quins seran els guanyadors dels Premis Educaweb 2025"},"content":{"rendered":"\n<p>Inscriu-te per assistir a la gala de la 18a edici\u00f3, que es celebrar\u00e0 el 27 de novembre a Barcelona i reconeixer\u00e0 els millors projectes d&#8217;orientaci\u00f3<\/p>\n\n\n\n<p>Falta poc per <strong>con\u00e8ixer els guanyadors de la 18a edici\u00f3 dels Premis Educaweb d&#8217;Orientaci\u00f3 Acad\u00e8mica i Professional<\/strong>, els guardons que visibilitzen i posen en valor el treball dels i les professionals de l&#8217;orientaci\u00f3.<\/p>\n\n\n\n<p>L&#8217;acte de lliurament<strong>&nbsp;dels Premis Educaweb 2025 se celebrar\u00e0 el 27 de novembre del 2025 al Hub Social<\/strong>&nbsp;de Barcelona (C\/ Girona, 34, interior) <strong>a les 18:30 h<\/strong>. Per assistir-hi cal <a href=\"https:\/\/forms.educaweb.com\/confirmacion-premios\/\"><strong><u><strong>inscriure&#8217;s a trav\u00e9s d&#8217;aquest formulari<\/strong><\/u><\/strong><\/a><strong>.<\/strong><\/p>\n\n\n\n<p>La convocat\u00f2ria per postular-se als guardons va finalitzar el passat mes de juliol amb <strong>48 candidatures presentades<\/strong>, sent la categoria Institucions on m\u00e9s projectes s&#8217;han presentat, amb un total de 19 iniciatives.<\/p>\n\n\n\n<p>&#8220;<strong>Estem satisfets per la participaci\u00f3 d&#8217;enguany<\/strong>. Hi ha evid\u00e8ncies clares que l&#8217;orientaci\u00f3 acad\u00e8mica i professional \u00e9s imprescindible i ens assegurarem que les millors iniciatives rebin el reconeixement que es mereixen&#8221;, explica <strong>Montserrat Oliveras Bagu\u00e9s, directora editorial i cofundadora d&#8217;Educaweb<\/strong>.<\/p>\n\n\n\n<p>&#8220;Organismes internacionals com el Centre Europeu per al Desenvolupament de la Formaci\u00f3 Professional (Cedefop), la Comissi\u00f3 Europea, l&#8217;Organitzaci\u00f3 per a la Cooperaci\u00f3 i el Desenvolupament Econ\u00f2mics (OCDE) i la UNESCO han recopilat <a href=\"https:\/\/www.educaweb.com\/noticia\/2023\/09\/05\/orientar-personas-trabajadoras-clave-mejorar-economia-21321\/\"><u>evid\u00e8ncies que demostren l&#8217;impacte de l&#8217;orientaci\u00f3 en els joves i la ciutadania<\/u><\/a>, i amb els Premis Educaweb ens sumem a reivindicar-la com un b\u00e9 p\u00fablic i d&#8217;acc\u00e9s universal&#8221;, afegeix.<\/p>\n\n\n\n<p>Per a Oliveras, &#8220;<strong>els Premis Educaweb permeten donar visibilitat a projectes singulars i pr\u00e0ctiques orientadores<\/strong>&nbsp;de refer\u00e8ncia en centres educatius, institucions i empreses, realitzats per professionals de l&#8217;orientaci\u00f3&#8221;.<\/p>\n\n\n\n<h3 class=\"wp-block-heading\">Les 4 categories dels Premis Educaweb<\/h3>\n\n\n\n<p>Els 49 projectes presentats a la 18a edici\u00f3 dels guardons opten als seg\u00fcents Premis i categories:<\/p>\n\n\n\n<ul class=\"wp-block-list\">\n<li><strong>Premi Diputaci\u00f3 de Barcelona- Educaweb per a Institucions:<\/strong>\u00a0reconeix els projectes d&#8217;orientaci\u00f3 d&#8217;institucions, administracions p\u00fabliques, organitzacions, associacions, centres educatius i empreses d&#8217;orientaci\u00f3, creats i implementats abans de juny del 2025. \u00a0La Diputaci\u00f3 de Barcelona dona suport a aquest guard\u00f3.<\/li>\n<\/ul>\n\n\n\n<ul class=\"wp-block-list\">\n<li><strong>Premi Dualiza-Educaweb per a Professionals:<\/strong>\u00a0premia aquells projectes presentats per professionals del sector i que hagin estat creats i implementats abans de juny del 2025. CaixaBank Dualiza \u00e9s el patrocinador d&#8217;aquest guard\u00f3.<\/li>\n<\/ul>\n\n\n\n<ul class=\"wp-block-list\">\n<li><strong>Premi iFP Innovaci\u00f3 en Formaci\u00f3 Professional-Educaweb per a Centres d&#8217;FP<\/strong>, per tercer any reconeix els projectes d&#8217;orientaci\u00f3 acad\u00e8mica i professional creats i implementats abans de juny de 2025 en centres d&#8217;FP. Aquest premi el patrocina iFP Innovaci\u00f3 en Formaci\u00f3 Professional.<\/li>\n<\/ul>\n\n\n\n<ul class=\"wp-block-list\">\n<li><strong>Premi Bertelsmann-Educaweb per a Empreses que Inspiren:<\/strong>\u00a0\u00a0reconeix els projectes d&#8217;orientaci\u00f3 dissenyats i creats des de les empreses i implementats abans de juny del 2025. La Fundaci\u00f3 Bertelsmann \u00e9s l&#8217;entitat que patrocina el guard\u00f3.<\/li>\n<\/ul>\n\n\n\n<h3 class=\"wp-block-heading\">El jurat dels Premis Educaweb es renova i entra en acci\u00f3<\/h3>\n\n\n\n<p>El jurat de la 18a edici\u00f3 dels Premis Educaweb compta amb<strong>&nbsp;nous membres<\/strong>: <strong>Esther Monterrubio, secret\u00e0ria general d&#8217;FP <\/strong>del Ministeri d&#8217;Educaci\u00f3, Formaci\u00f3 Professional i Esport; aix\u00ed com amb <strong>Gemma Olmo, vicesecretaria de l&#8217;Associaci\u00f3 FPEmpresa.<\/strong><strong><\/strong><\/p>\n\n\n\n<p>Despr\u00e9s de finalitzar el termini per presentar-se als guardons, <strong>Educaweb comprova que els projectes rebuts hagin complert els requisits especificats a les bases<\/strong>&nbsp;per entrar en concurs.<\/p>\n\n\n\n<p>Posteriorment, els <a href=\"https:\/\/www.educaweb.com\/premios\/jurado\/\"><strong><u><strong>membres del jurat<\/strong><\/u><\/strong><\/a><strong>&nbsp;inicien l&#8217;an\u00e0lisi dels projectes en cada categoria<\/strong>, estableixen les puntuacions, realitzen les deliberacions i les votacions pertinents per determinar els premiats.<\/p>\n\n\n\n<h3 class=\"wp-block-heading\">Es lliurar\u00e0 la 10a Menci\u00f3 Ciutat Orientadora<\/h3>\n\n\n\n<p>L&#8217;acte de celebraci\u00f3 dels Premis Educaweb tamb\u00e9 contempla <strong>el lliurament de la 10a Menci\u00f3 Ciutat Orientadora<\/strong>.<\/p>\n\n\n\n<p>Aquest \u00e9s un <strong>reconeixement als projectes integrals d&#8217;orientaci\u00f3 acad\u00e8mica i professional que duen a terme les administracions p\u00fabliques de ciutats del m\u00f3n<\/strong>, amb l&#8217;objectiu d&#8217;identificar i posar en valor pr\u00e0ctiques de refer\u00e8ncia en orientaci\u00f3 vinculades a cada territori.<\/p>\n\n\n\n<p>En les 9 edicions anteriors s&#8217;han premiat ciutats com Li\u00f3 (Fran\u00e7a), Nova York (Estats Units), Bolonya (It\u00e0lia), Sheffield (Regne Unit), Berna (Su\u00efssa), Terrassa (Espanya), G\u00f6teborg (Su\u00e8cia), Sabadell (Espanya) i Badia del Vall\u00e8s (Espanya).<\/p>\n\n\n\n<h3 class=\"wp-block-heading\">M\u00e9s de 25 patrocinadors i col\u00b7laboradors donen suport als Premis Educaweb<\/h3>\n\n\n\n<p>Els <strong>Premis Educaweb s\u00f3n possibles gr\u00e0cies a l&#8217;aposta decidida del Grup Educaedu i al comprom\u00eds de m\u00e9s de 25 institucions i empreses de prestigi<\/strong>&nbsp;conven\u00e7udes de la import\u00e0ncia de l&#8217;orientaci\u00f3 acad\u00e8mica i professional.<\/p>\n\n\n\n<p>Entre els <strong>patrocinadors i col\u00b7laboradors de la 18a edici\u00f3<\/strong>&nbsp;figuren les seg\u00fcents entitats:<\/p>\n\n\n\n<ul class=\"wp-block-list\">\n<li>Blanquerna \u2013 Universitat Ramon Llull (URL). Facultat de Psicologia, Ci\u00e8ncies de l&#8217;Educaci\u00f3 i de l&#8217;Esport<\/li>\n\n\n\n<li>CaixaBank Dualiza<\/li>\n\n\n\n<li>Col\u00b7legi Oficial de Pedagogia de Catalunya (COPEC)<\/li>\n\n\n\n<li>D&#8217;EP Institut<\/li>\n\n\n\n<li>Edutech Cluster<\/li>\n\n\n\n<li>Escola Universit\u00e0ria Formatic Barcelona<\/li>\n\n\n\n<li>Escola Universit\u00e0ria Mediterrani<\/li>\n\n\n\n<li>Formaci\u00f3 Universit\u00e0ria<\/li>\n\n\n\n<li>Fundaci\u00f3 CIC<\/li>\n\n\n\n<li>Fundaci\u00f3n Bertelsmann<\/li>\n\n\n\n<li>iFP Innovaci\u00f3 en Formaci\u00f3 Professional<\/li>\n\n\n\n<li>MetaFP<\/li>\n\n\n\n<li>Sal\u00f3 de l&#8217;Ensenyament<\/li>\n<\/ul>\n\n\n\n<p>Les entitats directament relacionades amb l&#8217;orientaci\u00f3 que brinden el seu suport als Premis Educaweb 2025 s\u00f3n:<\/p>\n\n\n\n<ul class=\"wp-block-list\">\n<li>Asociaci\u00f3n Aragonesa de Psicopedagog\u00eda (AAP)\u00a0<\/li>\n\n\n\n<li>Asociaci\u00f3n Espa\u00f1ola de Orientaci\u00f3n y Psicopedagog\u00eda (AEOP)\u00a0<\/li>\n\n\n\n<li>Associaci\u00f3 Catalana de Psicopedagogia i Orientaci\u00f3 Educativa i Professional (ACPO)\u00a0<\/li>\n\n\n\n<li>Col\u00b7legi Oficial de Doctors Llicenciats en Filosof\u00eda i Lletres i en Ci\u00e8ncies de Catalunya.\u00a0<\/li>\n\n\n\n<li>Confederaci\u00f3n de Organizaciones de Psicopedagog\u00eda y Orientaci\u00f3n de Espa\u00f1a (COPOE)\u00a0<\/li>\n\n\n\n<li>Diputaci\u00f3 de Barcelona\u00a0<\/li>\n\n\n\n<li>International Association for Educational and Vocational Guidance (IAEVG)\u00a0<\/li>\n<\/ul>\n\n\n\n<p>I les que col\u00b7laboren activament amb aquests guardons s\u00f3n:<\/p>\n\n\n\n<ul class=\"wp-block-list\">\n<li>Bagu\u00e9s Masriera\u00a0<\/li>\n\n\n\n<li>Cuadernos de Pedagog\u00eda\u00a0<\/li>\n\n\n\n<li>Educaci\u00f3n 3.0\u00a0\u00a0<\/li>\n\n\n\n<li>El Diari de l&#8217;Educaci\u00f3\u00a0<\/li>\n\n\n\n<li>FPEmpresa\u00a0<\/li>\n\n\n\n<li>Fundaci\u00f3 Bofill\u00a0<\/li>\n\n\n\n<li>Universitat de Barcelona \u2013 Facultat d&#8217;Educaci\u00f3\u00a0<\/li>\n\n\n\n<li>Universitat Oberta de Catalunya\u00a0<\/li>\n<\/ul>\n\n\n\n<figure class=\"wp-block-image size-large\"><img fetchpriority=\"high\" decoding=\"async\" width=\"1024\" height=\"1024\" src=\"https:\/\/diarieducacio.cat\/extra\/wp-content\/uploads\/sites\/25\/2025\/10\/j-kit-patrocinadores-pre-evento_4-imagenes-y-videos_1-imagenes_premioseducaweb25_1200x1200_cat_lk-1024x1024.png\" alt=\"\" class=\"wp-image-3226\" srcset=\"https:\/\/diarieducacio.cat\/extra\/wp-content\/uploads\/sites\/25\/2025\/10\/j-kit-patrocinadores-pre-evento_4-imagenes-y-videos_1-imagenes_premioseducaweb25_1200x1200_cat_lk-1024x1024.png 1024w, https:\/\/diarieducacio.cat\/extra\/wp-content\/uploads\/sites\/25\/2025\/10\/j-kit-patrocinadores-pre-evento_4-imagenes-y-videos_1-imagenes_premioseducaweb25_1200x1200_cat_lk-300x300.png 300w, https:\/\/diarieducacio.cat\/extra\/wp-content\/uploads\/sites\/25\/2025\/10\/j-kit-patrocinadores-pre-evento_4-imagenes-y-videos_1-imagenes_premioseducaweb25_1200x1200_cat_lk-150x150.png 150w, https:\/\/diarieducacio.cat\/extra\/wp-content\/uploads\/sites\/25\/2025\/10\/j-kit-patrocinadores-pre-evento_4-imagenes-y-videos_1-imagenes_premioseducaweb25_1200x1200_cat_lk-768x768.png 768w, https:\/\/diarieducacio.cat\/extra\/wp-content\/uploads\/sites\/25\/2025\/10\/j-kit-patrocinadores-pre-evento_4-imagenes-y-videos_1-imagenes_premioseducaweb25_1200x1200_cat_lk-450x450.png 450w, https:\/\/diarieducacio.cat\/extra\/wp-content\/uploads\/sites\/25\/2025\/10\/j-kit-patrocinadores-pre-evento_4-imagenes-y-videos_1-imagenes_premioseducaweb25_1200x1200_cat_lk.png 1200w\" sizes=\"(max-width: 1024px) 100vw, 1024px\" \/><\/figure>\n","protected":false},"excerpt":{"rendered":"<p>Inscriu-te per assistir a la gala de la 18a edici\u00f3, que es celebrar\u00e0 el 27 de novembre a Barcelona i reconeixer\u00e0 els millors projectes d&#8217;orientaci\u00f3 Falta poc per con\u00e8ixer els guanyadors de la 18a edici\u00f3 dels Premis Educaweb d&#8217;Orientaci\u00f3 Acad\u00e8mica i Professional, els guardons que visibilitzen i posen en valor el treball dels i les<\/p>\n","protected":false},"author":3,"featured_media":3226,"comment_status":"open","ping_status":"open","sticky":false,"template":"","format":"standard","meta":{"footnotes":""},"categories":[142],"tags":[164],"tipo":[192],"class_list":{"0":"post-3224","1":"post","2":"type-post","3":"status-publish","4":"format-standard","5":"has-post-thumbnail","7":"category-concursos-i-premis","8":"tag-educacio","9":"tipo-actualitat"},"yoast_head":"<!-- This site is optimized with the Yoast SEO plugin v27.4 - https:\/\/yoast.com\/product\/yoast-seo-wordpress\/ -->\n<title>Descobreix quins seran els guanyadors dels Premis Educaweb 2025 - Extra Educaci\u00f3<\/title>\n<meta name=\"robots\" content=\"index, follow, max-snippet:-1, max-image-preview:large, max-video-preview:-1\" \/>\n<link rel=\"canonical\" href=\"https:\/\/diarieducacio.cat\/extra\/2025\/10\/16\/descobreix-quins-seran-els-guanyadors-dels-premis-educaweb-2025\/\" \/>\n<meta property=\"og:locale\" content=\"ca_ES\" \/>\n<meta property=\"og:type\" content=\"article\" \/>\n<meta property=\"og:title\" content=\"Descobreix quins seran els guanyadors dels Premis Educaweb 2025 - Extra Educaci\u00f3\" \/>\n<meta property=\"og:description\" content=\"Inscriu-te per assistir a la gala de la 18a edici\u00f3, que es celebrar\u00e0 el 27 de novembre a Barcelona i reconeixer\u00e0 els millors projectes d&#8217;orientaci\u00f3 Falta poc per con\u00e8ixer els guanyadors de la 18a edici\u00f3 dels Premis Educaweb d&#8217;Orientaci\u00f3 Acad\u00e8mica i Professional, els guardons que visibilitzen i posen en valor el treball dels i les\" \/>\n<meta property=\"og:url\" content=\"https:\/\/diarieducacio.cat\/extra\/2025\/10\/16\/descobreix-quins-seran-els-guanyadors-dels-premis-educaweb-2025\/\" \/>\n<meta property=\"og:site_name\" content=\"Extra Educaci\u00f3\" \/>\n<meta property=\"article:publisher\" content=\"https:\/\/www.facebook.com\/diarieducacio\/\" \/>\n<meta property=\"article:published_time\" content=\"2025-10-16T07:43:06+00:00\" \/>\n<meta property=\"article:modified_time\" content=\"2025-10-16T15:30:40+00:00\" \/>\n<meta property=\"og:image\" content=\"https:\/\/diarieducacio.cat\/extra\/wp-content\/uploads\/sites\/25\/2025\/10\/j-kit-patrocinadores-pre-evento_4-imagenes-y-videos_1-imagenes_premioseducaweb25_1200x1200_cat_lk.png\" \/>\n\t<meta property=\"og:image:width\" content=\"1200\" \/>\n\t<meta property=\"og:image:height\" content=\"1200\" \/>\n\t<meta property=\"og:image:type\" content=\"image\/png\" \/>\n<meta name=\"author\" content=\"Redacci\u00f3\" \/>\n<meta name=\"twitter:card\" content=\"summary_large_image\" \/>\n<meta name=\"twitter:creator\" content=\"@CatalunyaPlural\" \/>\n<meta name=\"twitter:site\" content=\"@DiariEducacio\" \/>\n<meta name=\"twitter:label1\" content=\"Escrit per\" \/>\n\t<meta name=\"twitter:data1\" content=\"Redacci\u00f3\" \/>\n\t<meta name=\"twitter:label2\" content=\"Temps estimat de lectura\" \/>\n\t<meta name=\"twitter:data2\" content=\"5 minuts\" \/>\n<script type=\"application\/ld+json\" class=\"yoast-schema-graph\">{\"@context\":\"https:\\\/\\\/schema.org\",\"@graph\":[{\"@type\":\"Article\",\"@id\":\"https:\\\/\\\/diarieducacio.cat\\\/extra\\\/2025\\\/10\\\/16\\\/descobreix-quins-seran-els-guanyadors-dels-premis-educaweb-2025\\\/#article\",\"isPartOf\":{\"@id\":\"https:\\\/\\\/diarieducacio.cat\\\/extra\\\/2025\\\/10\\\/16\\\/descobreix-quins-seran-els-guanyadors-dels-premis-educaweb-2025\\\/\"},\"author\":{\"name\":\"Redacci\u00f3\",\"@id\":\"https:\\\/\\\/diarieducacio.cat\\\/extra\\\/#\\\/schema\\\/person\\\/a59c6f6463f58484e77cabd794911180\"},\"headline\":\"Descobreix quins seran els guanyadors dels Premis Educaweb 2025\",\"datePublished\":\"2025-10-16T07:43:06+00:00\",\"dateModified\":\"2025-10-16T15:30:40+00:00\",\"mainEntityOfPage\":{\"@id\":\"https:\\\/\\\/diarieducacio.cat\\\/extra\\\/2025\\\/10\\\/16\\\/descobreix-quins-seran-els-guanyadors-dels-premis-educaweb-2025\\\/\"},\"wordCount\":930,\"commentCount\":0,\"image\":{\"@id\":\"https:\\\/\\\/diarieducacio.cat\\\/extra\\\/2025\\\/10\\\/16\\\/descobreix-quins-seran-els-guanyadors-dels-premis-educaweb-2025\\\/#primaryimage\"},\"thumbnailUrl\":\"https:\\\/\\\/diarieducacio.cat\\\/extra\\\/wp-content\\\/uploads\\\/sites\\\/25\\\/2025\\\/10\\\/j-kit-patrocinadores-pre-evento_4-imagenes-y-videos_1-imagenes_premioseducaweb25_1200x1200_cat_lk.png\",\"keywords\":[\"educaci\u00f3\"],\"articleSection\":[\"Concursos i premis\"],\"inLanguage\":\"ca\",\"potentialAction\":[{\"@type\":\"CommentAction\",\"name\":\"Comment\",\"target\":[\"https:\\\/\\\/diarieducacio.cat\\\/extra\\\/2025\\\/10\\\/16\\\/descobreix-quins-seran-els-guanyadors-dels-premis-educaweb-2025\\\/#respond\"]}]},{\"@type\":\"WebPage\",\"@id\":\"https:\\\/\\\/diarieducacio.cat\\\/extra\\\/2025\\\/10\\\/16\\\/descobreix-quins-seran-els-guanyadors-dels-premis-educaweb-2025\\\/\",\"url\":\"https:\\\/\\\/diarieducacio.cat\\\/extra\\\/2025\\\/10\\\/16\\\/descobreix-quins-seran-els-guanyadors-dels-premis-educaweb-2025\\\/\",\"name\":\"Descobreix quins seran els guanyadors dels Premis Educaweb 2025 - Extra Educaci\u00f3\",\"isPartOf\":{\"@id\":\"https:\\\/\\\/diarieducacio.cat\\\/extra\\\/#website\"},\"primaryImageOfPage\":{\"@id\":\"https:\\\/\\\/diarieducacio.cat\\\/extra\\\/2025\\\/10\\\/16\\\/descobreix-quins-seran-els-guanyadors-dels-premis-educaweb-2025\\\/#primaryimage\"},\"image\":{\"@id\":\"https:\\\/\\\/diarieducacio.cat\\\/extra\\\/2025\\\/10\\\/16\\\/descobreix-quins-seran-els-guanyadors-dels-premis-educaweb-2025\\\/#primaryimage\"},\"thumbnailUrl\":\"https:\\\/\\\/diarieducacio.cat\\\/extra\\\/wp-content\\\/uploads\\\/sites\\\/25\\\/2025\\\/10\\\/j-kit-patrocinadores-pre-evento_4-imagenes-y-videos_1-imagenes_premioseducaweb25_1200x1200_cat_lk.png\",\"datePublished\":\"2025-10-16T07:43:06+00:00\",\"dateModified\":\"2025-10-16T15:30:40+00:00\",\"author\":{\"@id\":\"https:\\\/\\\/diarieducacio.cat\\\/extra\\\/#\\\/schema\\\/person\\\/a59c6f6463f58484e77cabd794911180\"},\"breadcrumb\":{\"@id\":\"https:\\\/\\\/diarieducacio.cat\\\/extra\\\/2025\\\/10\\\/16\\\/descobreix-quins-seran-els-guanyadors-dels-premis-educaweb-2025\\\/#breadcrumb\"},\"inLanguage\":\"ca\",\"potentialAction\":[{\"@type\":\"ReadAction\",\"target\":[\"https:\\\/\\\/diarieducacio.cat\\\/extra\\\/2025\\\/10\\\/16\\\/descobreix-quins-seran-els-guanyadors-dels-premis-educaweb-2025\\\/\"]}]},{\"@type\":\"ImageObject\",\"inLanguage\":\"ca\",\"@id\":\"https:\\\/\\\/diarieducacio.cat\\\/extra\\\/2025\\\/10\\\/16\\\/descobreix-quins-seran-els-guanyadors-dels-premis-educaweb-2025\\\/#primaryimage\",\"url\":\"https:\\\/\\\/diarieducacio.cat\\\/extra\\\/wp-content\\\/uploads\\\/sites\\\/25\\\/2025\\\/10\\\/j-kit-patrocinadores-pre-evento_4-imagenes-y-videos_1-imagenes_premioseducaweb25_1200x1200_cat_lk.png\",\"contentUrl\":\"https:\\\/\\\/diarieducacio.cat\\\/extra\\\/wp-content\\\/uploads\\\/sites\\\/25\\\/2025\\\/10\\\/j-kit-patrocinadores-pre-evento_4-imagenes-y-videos_1-imagenes_premioseducaweb25_1200x1200_cat_lk.png\",\"width\":1200,\"height\":1200},{\"@type\":\"BreadcrumbList\",\"@id\":\"https:\\\/\\\/diarieducacio.cat\\\/extra\\\/2025\\\/10\\\/16\\\/descobreix-quins-seran-els-guanyadors-dels-premis-educaweb-2025\\\/#breadcrumb\",\"itemListElement\":[{\"@type\":\"ListItem\",\"position\":1,\"name\":\"Inici\",\"item\":\"https:\\\/\\\/diarieducacio.cat\\\/extra\\\/\"},{\"@type\":\"ListItem\",\"position\":2,\"name\":\"Descobreix quins seran els guanyadors dels Premis Educaweb 2025\"}]},{\"@type\":\"WebSite\",\"@id\":\"https:\\\/\\\/diarieducacio.cat\\\/extra\\\/#website\",\"url\":\"https:\\\/\\\/diarieducacio.cat\\\/extra\\\/\",\"name\":\"Extra Educaci\u00f3\",\"description\":\"Un blog de El Diari de l&#039;Educaci\u00f3\",\"potentialAction\":[{\"@type\":\"SearchAction\",\"target\":{\"@type\":\"EntryPoint\",\"urlTemplate\":\"https:\\\/\\\/diarieducacio.cat\\\/extra\\\/?s={search_term_string}\"},\"query-input\":{\"@type\":\"PropertyValueSpecification\",\"valueRequired\":true,\"valueName\":\"search_term_string\"}}],\"inLanguage\":\"ca\"},{\"@type\":\"Person\",\"@id\":\"https:\\\/\\\/diarieducacio.cat\\\/extra\\\/#\\\/schema\\\/person\\\/a59c6f6463f58484e77cabd794911180\",\"name\":\"Redacci\u00f3\",\"image\":{\"@type\":\"ImageObject\",\"inLanguage\":\"ca\",\"@id\":\"https:\\\/\\\/diarieducacio.cat\\\/wp-content\\\/uploads\\\/2024\\\/11\\\/redaccio_avatar-96x96.png\",\"url\":\"https:\\\/\\\/diarieducacio.cat\\\/wp-content\\\/uploads\\\/2024\\\/11\\\/redaccio_avatar-96x96.png\",\"contentUrl\":\"https:\\\/\\\/diarieducacio.cat\\\/wp-content\\\/uploads\\\/2024\\\/11\\\/redaccio_avatar-96x96.png\",\"caption\":\"Redacci\u00f3\"},\"sameAs\":[\"https:\\\/\\\/x.com\\\/CatalunyaPlural\"],\"url\":\"https:\\\/\\\/diarieducacio.cat\\\/extra\\\/author\\\/redaccio\\\/\"}]}<\/script>\n<!-- \/ Yoast SEO plugin. -->","yoast_head_json":{"title":"Descobreix quins seran els guanyadors dels Premis Educaweb 2025 - Extra Educaci\u00f3","robots":{"index":"index","follow":"follow","max-snippet":"max-snippet:-1","max-image-preview":"max-image-preview:large","max-video-preview":"max-video-preview:-1"},"canonical":"https:\/\/diarieducacio.cat\/extra\/2025\/10\/16\/descobreix-quins-seran-els-guanyadors-dels-premis-educaweb-2025\/","og_locale":"ca_ES","og_type":"article","og_title":"Descobreix quins seran els guanyadors dels Premis Educaweb 2025 - Extra Educaci\u00f3","og_description":"Inscriu-te per assistir a la gala de la 18a edici\u00f3, que es celebrar\u00e0 el 27 de novembre a Barcelona i reconeixer\u00e0 els millors projectes d&#8217;orientaci\u00f3 Falta poc per con\u00e8ixer els guanyadors de la 18a edici\u00f3 dels Premis Educaweb d&#8217;Orientaci\u00f3 Acad\u00e8mica i Professional, els guardons que visibilitzen i posen en valor el treball dels i les","og_url":"https:\/\/diarieducacio.cat\/extra\/2025\/10\/16\/descobreix-quins-seran-els-guanyadors-dels-premis-educaweb-2025\/","og_site_name":"Extra Educaci\u00f3","article_publisher":"https:\/\/www.facebook.com\/diarieducacio\/","article_published_time":"2025-10-16T07:43:06+00:00","article_modified_time":"2025-10-16T15:30:40+00:00","og_image":[{"width":1200,"height":1200,"url":"https:\/\/diarieducacio.cat\/extra\/wp-content\/uploads\/sites\/25\/2025\/10\/j-kit-patrocinadores-pre-evento_4-imagenes-y-videos_1-imagenes_premioseducaweb25_1200x1200_cat_lk.png","type":"image\/png"}],"author":"Redacci\u00f3","twitter_card":"summary_large_image","twitter_creator":"@CatalunyaPlural","twitter_site":"@DiariEducacio","twitter_misc":{"Escrit per":"Redacci\u00f3","Temps estimat de lectura":"5 minuts"},"schema":{"@context":"https:\/\/schema.org","@graph":[{"@type":"Article","@id":"https:\/\/diarieducacio.cat\/extra\/2025\/10\/16\/descobreix-quins-seran-els-guanyadors-dels-premis-educaweb-2025\/#article","isPartOf":{"@id":"https:\/\/diarieducacio.cat\/extra\/2025\/10\/16\/descobreix-quins-seran-els-guanyadors-dels-premis-educaweb-2025\/"},"author":{"name":"Redacci\u00f3","@id":"https:\/\/diarieducacio.cat\/extra\/#\/schema\/person\/a59c6f6463f58484e77cabd794911180"},"headline":"Descobreix quins seran els guanyadors dels Premis Educaweb 2025","datePublished":"2025-10-16T07:43:06+00:00","dateModified":"2025-10-16T15:30:40+00:00","mainEntityOfPage":{"@id":"https:\/\/diarieducacio.cat\/extra\/2025\/10\/16\/descobreix-quins-seran-els-guanyadors-dels-premis-educaweb-2025\/"},"wordCount":930,"commentCount":0,"image":{"@id":"https:\/\/diarieducacio.cat\/extra\/2025\/10\/16\/descobreix-quins-seran-els-guanyadors-dels-premis-educaweb-2025\/#primaryimage"},"thumbnailUrl":"https:\/\/diarieducacio.cat\/extra\/wp-content\/uploads\/sites\/25\/2025\/10\/j-kit-patrocinadores-pre-evento_4-imagenes-y-videos_1-imagenes_premioseducaweb25_1200x1200_cat_lk.png","keywords":["educaci\u00f3"],"articleSection":["Concursos i premis"],"inLanguage":"ca","potentialAction":[{"@type":"CommentAction","name":"Comment","target":["https:\/\/diarieducacio.cat\/extra\/2025\/10\/16\/descobreix-quins-seran-els-guanyadors-dels-premis-educaweb-2025\/#respond"]}]},{"@type":"WebPage","@id":"https:\/\/diarieducacio.cat\/extra\/2025\/10\/16\/descobreix-quins-seran-els-guanyadors-dels-premis-educaweb-2025\/","url":"https:\/\/diarieducacio.cat\/extra\/2025\/10\/16\/descobreix-quins-seran-els-guanyadors-dels-premis-educaweb-2025\/","name":"Descobreix quins seran els guanyadors dels Premis Educaweb 2025 - Extra Educaci\u00f3","isPartOf":{"@id":"https:\/\/diarieducacio.cat\/extra\/#website"},"primaryImageOfPage":{"@id":"https:\/\/diarieducacio.cat\/extra\/2025\/10\/16\/descobreix-quins-seran-els-guanyadors-dels-premis-educaweb-2025\/#primaryimage"},"image":{"@id":"https:\/\/diarieducacio.cat\/extra\/2025\/10\/16\/descobreix-quins-seran-els-guanyadors-dels-premis-educaweb-2025\/#primaryimage"},"thumbnailUrl":"https:\/\/diarieducacio.cat\/extra\/wp-content\/uploads\/sites\/25\/2025\/10\/j-kit-patrocinadores-pre-evento_4-imagenes-y-videos_1-imagenes_premioseducaweb25_1200x1200_cat_lk.png","datePublished":"2025-10-16T07:43:06+00:00","dateModified":"2025-10-16T15:30:40+00:00","author":{"@id":"https:\/\/diarieducacio.cat\/extra\/#\/schema\/person\/a59c6f6463f58484e77cabd794911180"},"breadcrumb":{"@id":"https:\/\/diarieducacio.cat\/extra\/2025\/10\/16\/descobreix-quins-seran-els-guanyadors-dels-premis-educaweb-2025\/#breadcrumb"},"inLanguage":"ca","potentialAction":[{"@type":"ReadAction","target":["https:\/\/diarieducacio.cat\/extra\/2025\/10\/16\/descobreix-quins-seran-els-guanyadors-dels-premis-educaweb-2025\/"]}]},{"@type":"ImageObject","inLanguage":"ca","@id":"https:\/\/diarieducacio.cat\/extra\/2025\/10\/16\/descobreix-quins-seran-els-guanyadors-dels-premis-educaweb-2025\/#primaryimage","url":"https:\/\/diarieducacio.cat\/extra\/wp-content\/uploads\/sites\/25\/2025\/10\/j-kit-patrocinadores-pre-evento_4-imagenes-y-videos_1-imagenes_premioseducaweb25_1200x1200_cat_lk.png","contentUrl":"https:\/\/diarieducacio.cat\/extra\/wp-content\/uploads\/sites\/25\/2025\/10\/j-kit-patrocinadores-pre-evento_4-imagenes-y-videos_1-imagenes_premioseducaweb25_1200x1200_cat_lk.png","width":1200,"height":1200},{"@type":"BreadcrumbList","@id":"https:\/\/diarieducacio.cat\/extra\/2025\/10\/16\/descobreix-quins-seran-els-guanyadors-dels-premis-educaweb-2025\/#breadcrumb","itemListElement":[{"@type":"ListItem","position":1,"name":"Inici","item":"https:\/\/diarieducacio.cat\/extra\/"},{"@type":"ListItem","position":2,"name":"Descobreix quins seran els guanyadors dels Premis Educaweb 2025"}]},{"@type":"WebSite","@id":"https:\/\/diarieducacio.cat\/extra\/#website","url":"https:\/\/diarieducacio.cat\/extra\/","name":"Extra Educaci\u00f3","description":"Un blog de El Diari de l&#039;Educaci\u00f3","potentialAction":[{"@type":"SearchAction","target":{"@type":"EntryPoint","urlTemplate":"https:\/\/diarieducacio.cat\/extra\/?s={search_term_string}"},"query-input":{"@type":"PropertyValueSpecification","valueRequired":true,"valueName":"search_term_string"}}],"inLanguage":"ca"},{"@type":"Person","@id":"https:\/\/diarieducacio.cat\/extra\/#\/schema\/person\/a59c6f6463f58484e77cabd794911180","name":"Redacci\u00f3","image":{"@type":"ImageObject","inLanguage":"ca","@id":"https:\/\/diarieducacio.cat\/wp-content\/uploads\/2024\/11\/redaccio_avatar-96x96.png","url":"https:\/\/diarieducacio.cat\/wp-content\/uploads\/2024\/11\/redaccio_avatar-96x96.png","contentUrl":"https:\/\/diarieducacio.cat\/wp-content\/uploads\/2024\/11\/redaccio_avatar-96x96.png","caption":"Redacci\u00f3"},"sameAs":["https:\/\/x.com\/CatalunyaPlural"],"url":"https:\/\/diarieducacio.cat\/extra\/author\/redaccio\/"}]}},"_links":{"self":[{"href":"https:\/\/diarieducacio.cat\/extra\/wp-json\/wp\/v2\/posts\/3224","targetHints":{"allow":["GET"]}}],"collection":[{"href":"https:\/\/diarieducacio.cat\/extra\/wp-json\/wp\/v2\/posts"}],"about":[{"href":"https:\/\/diarieducacio.cat\/extra\/wp-json\/wp\/v2\/types\/post"}],"author":[{"embeddable":true,"href":"https:\/\/diarieducacio.cat\/extra\/wp-json\/wp\/v2\/users\/3"}],"replies":[{"embeddable":true,"href":"https:\/\/diarieducacio.cat\/extra\/wp-json\/wp\/v2\/comments?post=3224"}],"version-history":[{"count":2,"href":"https:\/\/diarieducacio.cat\/extra\/wp-json\/wp\/v2\/posts\/3224\/revisions"}],"predecessor-version":[{"id":3227,"href":"https:\/\/diarieducacio.cat\/extra\/wp-json\/wp\/v2\/posts\/3224\/revisions\/3227"}],"wp:featuredmedia":[{"embeddable":true,"href":"https:\/\/diarieducacio.cat\/extra\/wp-json\/wp\/v2\/media\/3226"}],"wp:attachment":[{"href":"https:\/\/diarieducacio.cat\/extra\/wp-json\/wp\/v2\/media?parent=3224"}],"wp:term":[{"taxonomy":"category","embeddable":true,"href":"https:\/\/diarieducacio.cat\/extra\/wp-json\/wp\/v2\/categories?post=3224"},{"taxonomy":"post_tag","embeddable":true,"href":"https:\/\/diarieducacio.cat\/extra\/wp-json\/wp\/v2\/tags?post=3224"},{"taxonomy":"tipo","embeddable":true,"href":"https:\/\/diarieducacio.cat\/extra\/wp-json\/wp\/v2\/tipo?post=3224"}],"curies":[{"name":"wp","href":"https:\/\/api.w.org\/{rel}","templated":true}]}}