{"id":3229,"date":"2025-10-23T09:53:14","date_gmt":"2025-10-23T07:53:14","guid":{"rendered":"https:\/\/diarieducacio.cat\/extra\/?p=3229"},"modified":"2025-10-23T10:09:21","modified_gmt":"2025-10-23T08:09:21","slug":"la-pedagogia-que-incomoda-i-transforma-educar-per-transformar-i-no-per-conformar","status":"publish","type":"post","link":"https:\/\/diarieducacio.cat\/extra\/2025\/10\/23\/la-pedagogia-que-incomoda-i-transforma-educar-per-transformar-i-no-per-conformar\/","title":{"rendered":"La pedagogia que incomoda i transforma: educar per transformar i no per conformar"},"content":{"rendered":"\n<figure class=\"wp-block-image size-large\"><img fetchpriority=\"high\" decoding=\"async\" width=\"1024\" height=\"1024\" src=\"https:\/\/diarieducacio.cat\/extra\/wp-content\/uploads\/sites\/25\/2025\/10\/banner_copec_possible_imatgeNoticia-1024x1024.jpg\" alt=\"\" class=\"wp-image-3232\" srcset=\"https:\/\/diarieducacio.cat\/extra\/wp-content\/uploads\/sites\/25\/2025\/10\/banner_copec_possible_imatgeNoticia-1024x1024.jpg 1024w, https:\/\/diarieducacio.cat\/extra\/wp-content\/uploads\/sites\/25\/2025\/10\/banner_copec_possible_imatgeNoticia-300x300.jpg 300w, https:\/\/diarieducacio.cat\/extra\/wp-content\/uploads\/sites\/25\/2025\/10\/banner_copec_possible_imatgeNoticia-150x150.jpg 150w, https:\/\/diarieducacio.cat\/extra\/wp-content\/uploads\/sites\/25\/2025\/10\/banner_copec_possible_imatgeNoticia-768x768.jpg 768w, https:\/\/diarieducacio.cat\/extra\/wp-content\/uploads\/sites\/25\/2025\/10\/banner_copec_possible_imatgeNoticia-450x450.jpg 450w, https:\/\/diarieducacio.cat\/extra\/wp-content\/uploads\/sites\/25\/2025\/10\/banner_copec_possible_imatgeNoticia.jpg 1081w\" sizes=\"(max-width: 1024px) 100vw, 1024px\" \/><\/figure>\n\n\n\n<ul class=\"wp-block-list\">\n<li><strong>Els professionals de pedagogia es reivindiquen en una jornada professional i acad\u00e8mica<\/strong><\/li>\n\n\n\n<li><strong>EL COPEC, UAB, UB, UDG i URV sumen i organitzen la II Jornada de Pedagogia<\/strong><\/li>\n<\/ul>\n\n\n\n<p>El Col\u00b7legi Oficial de Pedagogia de Catalunya en el marc de la col\u00b7laboraci\u00f3 amb les universitats catalanes que fan pedagogia han unit sinergies per reivindicar el rol essencial de la pedagogia per a la societat i posar en valor als pedagogs\/gues i psicopedagogs\/gues.<\/p>\n\n\n\n<p>Amb el t\u00edtol <a href=\"https:\/\/pedagogs.cat\/cursos-inscripcio.asp?idcurs=210\" target=\"_blank\" rel=\"noreferrer noopener\"><strong><u><strong>\u201cLa Pedagogia que incomoda i transforma: educar per transformar i no per conformar\u201d<\/strong><\/u><\/strong><\/a>, han organitzat una jornada de pedagogia que vol ser un\u00a0<strong>espai de trobada, reflexi\u00f3 i construcci\u00f3 compartida de coneixement<\/strong>, on la pedagogia torni a inspirar, q\u00fcestionar i transformar.<\/p>\n\n\n\n<p>En un moment com l\u2019actual, la pedagogia \u00e9s m\u00e9s necess\u00e0ria que mai per&nbsp;<strong>acompanyar les persones al llarg del seu cicle vital<\/strong>&nbsp;i per crear&nbsp;<strong>entorns d\u2019aprenentatge que promoguin el creixement hum\u00e0, cr\u00edtic i comprom\u00e8s<\/strong>. Aquesta \u00e9s la mirada que ens uneix com a professionals de la pedagogia i que dona sentit a la nostra tasca.<\/p>\n\n\n\n<p>La Jornada, estructurada en tres eixos, vol evidenciar l\u2019impacte i la necessitat de la pedagogia en la vida ciutadana <strong>per l\u2019educaci\u00f3, la creaci\u00f3 d\u2019entorns saludables ciutadanes i laborals i l\u2019aprenentatge i el desenvolupament professional<\/strong>.\u00a0Comptar\u00e0 amb Daniel Gabarr\u00f3 en la inauguraci\u00f3 amb \u201c<em>Una necessitat social que converteix la pedagogia en imprescindible: les cosmovisions socials\u201d<\/em>\u00a0i Eva Bach en la cloenda amb \u201c<em>Sembrar esperan\u00e7a i transformar trossets de m\u00f3n: valor i sentit de la pedagogia en l\u2019actualitat\u201d<\/em>.<\/p>\n\n\n\n<p>Aquesta ser\u00e0 la <a href=\"https:\/\/www.pedagogs.cat\/activitat-copec\/ca\/210\" target=\"_blank\" rel=\"noreferrer noopener\"><u>II JORNADA DE PEDAGOGIA COPEC UNIVERSITATS<\/u><\/a>, fruit de la col\u00b7laboraci\u00f3 COPEC i de les universitats UAB, UB, UDG i URV, i en aquesta ocasi\u00f3 es dur\u00e0 a terme al Campus Bellaterra de la UAB el 20 de novembre de 2025 de 9 a 17h. Amb el comprom\u00eds de fer-la bianualment, cada cop en una de les universitats organitzadores.<\/p>\n\n\n\n<p>Fem una crida als titulats i estudiants de pedagogia i psicopedagogia per a qu\u00e8 participin en la <a href=\"https:\/\/www.pedagogs.cat\/activitat-copec\/ca\/210\"><strong><u>II Jornada de Pedagogia<\/u><\/strong><\/a><strong>&nbsp;<\/strong>per construir plegats aquest espai d\u2019aprenentatge i di\u00e0leg obert. Junts podem&nbsp;<strong>obrir nous camins per a la pedagogia i per als qui la fem possible<\/strong>.<\/p>\n","protected":false},"excerpt":{"rendered":"<p>El Col\u00b7legi Oficial de Pedagogia de Catalunya en el marc de la col\u00b7laboraci\u00f3 amb les universitats catalanes que fan pedagogia han unit sinergies per reivindicar el rol essencial de la pedagogia per a la societat i posar en valor als pedagogs\/gues i psicopedagogs\/gues. Amb el t\u00edtol \u201cLa Pedagogia que incomoda i transforma: educar per transformar<\/p>\n","protected":false},"author":3,"featured_media":3232,"comment_status":"open","ping_status":"open","sticky":false,"template":"","format":"standard","meta":{"footnotes":""},"categories":[125],"tags":[244,158],"tipo":[192],"class_list":{"0":"post-3229","1":"post","2":"type-post","3":"status-publish","4":"format-standard","5":"has-post-thumbnail","7":"category-jornades","8":"tag-copec","9":"tag-pedagogia","10":"tipo-actualitat"},"yoast_head":"<!-- This site is optimized with the Yoast SEO plugin v27.4 - https:\/\/yoast.com\/product\/yoast-seo-wordpress\/ -->\n<title>La pedagogia que incomoda i transforma: educar per transformar i no per conformar - Extra Educaci\u00f3<\/title>\n<meta name=\"robots\" content=\"index, follow, max-snippet:-1, max-image-preview:large, max-video-preview:-1\" \/>\n<link rel=\"canonical\" href=\"https:\/\/diarieducacio.cat\/extra\/2025\/10\/23\/la-pedagogia-que-incomoda-i-transforma-educar-per-transformar-i-no-per-conformar\/\" \/>\n<meta property=\"og:locale\" content=\"ca_ES\" \/>\n<meta property=\"og:type\" content=\"article\" \/>\n<meta property=\"og:title\" content=\"La pedagogia que incomoda i transforma: educar per transformar i no per conformar - Extra Educaci\u00f3\" \/>\n<meta property=\"og:description\" content=\"El Col\u00b7legi Oficial de Pedagogia de Catalunya en el marc de la col\u00b7laboraci\u00f3 amb les universitats catalanes que fan pedagogia han unit sinergies per reivindicar el rol essencial de la pedagogia per a la societat i posar en valor als pedagogs\/gues i psicopedagogs\/gues. Amb el t\u00edtol \u201cLa Pedagogia que incomoda i transforma: educar per transformar\" \/>\n<meta property=\"og:url\" content=\"https:\/\/diarieducacio.cat\/extra\/2025\/10\/23\/la-pedagogia-que-incomoda-i-transforma-educar-per-transformar-i-no-per-conformar\/\" \/>\n<meta property=\"og:site_name\" content=\"Extra Educaci\u00f3\" \/>\n<meta property=\"article:publisher\" content=\"https:\/\/www.facebook.com\/diarieducacio\/\" \/>\n<meta property=\"article:published_time\" content=\"2025-10-23T07:53:14+00:00\" \/>\n<meta property=\"article:modified_time\" content=\"2025-10-23T08:09:21+00:00\" \/>\n<meta property=\"og:image\" content=\"https:\/\/diarieducacio.cat\/extra\/wp-content\/uploads\/sites\/25\/2025\/10\/banner_copec_possible_imatgeNoticia.jpg\" \/>\n\t<meta property=\"og:image:width\" content=\"1081\" \/>\n\t<meta property=\"og:image:height\" content=\"1081\" \/>\n\t<meta property=\"og:image:type\" content=\"image\/jpeg\" \/>\n<meta name=\"author\" content=\"Redacci\u00f3\" \/>\n<meta name=\"twitter:card\" content=\"summary_large_image\" \/>\n<meta name=\"twitter:creator\" content=\"@CatalunyaPlural\" \/>\n<meta name=\"twitter:site\" content=\"@DiariEducacio\" \/>\n<meta name=\"twitter:label1\" content=\"Escrit per\" \/>\n\t<meta name=\"twitter:data1\" content=\"Redacci\u00f3\" \/>\n\t<meta name=\"twitter:label2\" content=\"Temps estimat de lectura\" \/>\n\t<meta name=\"twitter:data2\" content=\"3 minuts\" \/>\n<script type=\"application\/ld+json\" class=\"yoast-schema-graph\">{\"@context\":\"https:\\\/\\\/schema.org\",\"@graph\":[{\"@type\":\"Article\",\"@id\":\"https:\\\/\\\/diarieducacio.cat\\\/extra\\\/2025\\\/10\\\/23\\\/la-pedagogia-que-incomoda-i-transforma-educar-per-transformar-i-no-per-conformar\\\/#article\",\"isPartOf\":{\"@id\":\"https:\\\/\\\/diarieducacio.cat\\\/extra\\\/2025\\\/10\\\/23\\\/la-pedagogia-que-incomoda-i-transforma-educar-per-transformar-i-no-per-conformar\\\/\"},\"author\":{\"name\":\"Redacci\u00f3\",\"@id\":\"https:\\\/\\\/diarieducacio.cat\\\/extra\\\/#\\\/schema\\\/person\\\/a59c6f6463f58484e77cabd794911180\"},\"headline\":\"La pedagogia que incomoda i transforma: educar per transformar i no per conformar\",\"datePublished\":\"2025-10-23T07:53:14+00:00\",\"dateModified\":\"2025-10-23T08:09:21+00:00\",\"mainEntityOfPage\":{\"@id\":\"https:\\\/\\\/diarieducacio.cat\\\/extra\\\/2025\\\/10\\\/23\\\/la-pedagogia-que-incomoda-i-transforma-educar-per-transformar-i-no-per-conformar\\\/\"},\"wordCount\":392,\"commentCount\":0,\"image\":{\"@id\":\"https:\\\/\\\/diarieducacio.cat\\\/extra\\\/2025\\\/10\\\/23\\\/la-pedagogia-que-incomoda-i-transforma-educar-per-transformar-i-no-per-conformar\\\/#primaryimage\"},\"thumbnailUrl\":\"https:\\\/\\\/diarieducacio.cat\\\/extra\\\/wp-content\\\/uploads\\\/sites\\\/25\\\/2025\\\/10\\\/banner_copec_possible_imatgeNoticia.jpg\",\"keywords\":[\"copec\",\"Pedagogia\"],\"articleSection\":[\"Jornades\"],\"inLanguage\":\"ca\",\"potentialAction\":[{\"@type\":\"CommentAction\",\"name\":\"Comment\",\"target\":[\"https:\\\/\\\/diarieducacio.cat\\\/extra\\\/2025\\\/10\\\/23\\\/la-pedagogia-que-incomoda-i-transforma-educar-per-transformar-i-no-per-conformar\\\/#respond\"]}]},{\"@type\":\"WebPage\",\"@id\":\"https:\\\/\\\/diarieducacio.cat\\\/extra\\\/2025\\\/10\\\/23\\\/la-pedagogia-que-incomoda-i-transforma-educar-per-transformar-i-no-per-conformar\\\/\",\"url\":\"https:\\\/\\\/diarieducacio.cat\\\/extra\\\/2025\\\/10\\\/23\\\/la-pedagogia-que-incomoda-i-transforma-educar-per-transformar-i-no-per-conformar\\\/\",\"name\":\"La pedagogia que incomoda i transforma: educar per transformar i no per conformar - Extra Educaci\u00f3\",\"isPartOf\":{\"@id\":\"https:\\\/\\\/diarieducacio.cat\\\/extra\\\/#website\"},\"primaryImageOfPage\":{\"@id\":\"https:\\\/\\\/diarieducacio.cat\\\/extra\\\/2025\\\/10\\\/23\\\/la-pedagogia-que-incomoda-i-transforma-educar-per-transformar-i-no-per-conformar\\\/#primaryimage\"},\"image\":{\"@id\":\"https:\\\/\\\/diarieducacio.cat\\\/extra\\\/2025\\\/10\\\/23\\\/la-pedagogia-que-incomoda-i-transforma-educar-per-transformar-i-no-per-conformar\\\/#primaryimage\"},\"thumbnailUrl\":\"https:\\\/\\\/diarieducacio.cat\\\/extra\\\/wp-content\\\/uploads\\\/sites\\\/25\\\/2025\\\/10\\\/banner_copec_possible_imatgeNoticia.jpg\",\"datePublished\":\"2025-10-23T07:53:14+00:00\",\"dateModified\":\"2025-10-23T08:09:21+00:00\",\"author\":{\"@id\":\"https:\\\/\\\/diarieducacio.cat\\\/extra\\\/#\\\/schema\\\/person\\\/a59c6f6463f58484e77cabd794911180\"},\"breadcrumb\":{\"@id\":\"https:\\\/\\\/diarieducacio.cat\\\/extra\\\/2025\\\/10\\\/23\\\/la-pedagogia-que-incomoda-i-transforma-educar-per-transformar-i-no-per-conformar\\\/#breadcrumb\"},\"inLanguage\":\"ca\",\"potentialAction\":[{\"@type\":\"ReadAction\",\"target\":[\"https:\\\/\\\/diarieducacio.cat\\\/extra\\\/2025\\\/10\\\/23\\\/la-pedagogia-que-incomoda-i-transforma-educar-per-transformar-i-no-per-conformar\\\/\"]}]},{\"@type\":\"ImageObject\",\"inLanguage\":\"ca\",\"@id\":\"https:\\\/\\\/diarieducacio.cat\\\/extra\\\/2025\\\/10\\\/23\\\/la-pedagogia-que-incomoda-i-transforma-educar-per-transformar-i-no-per-conformar\\\/#primaryimage\",\"url\":\"https:\\\/\\\/diarieducacio.cat\\\/extra\\\/wp-content\\\/uploads\\\/sites\\\/25\\\/2025\\\/10\\\/banner_copec_possible_imatgeNoticia.jpg\",\"contentUrl\":\"https:\\\/\\\/diarieducacio.cat\\\/extra\\\/wp-content\\\/uploads\\\/sites\\\/25\\\/2025\\\/10\\\/banner_copec_possible_imatgeNoticia.jpg\",\"width\":1081,\"height\":1081},{\"@type\":\"BreadcrumbList\",\"@id\":\"https:\\\/\\\/diarieducacio.cat\\\/extra\\\/2025\\\/10\\\/23\\\/la-pedagogia-que-incomoda-i-transforma-educar-per-transformar-i-no-per-conformar\\\/#breadcrumb\",\"itemListElement\":[{\"@type\":\"ListItem\",\"position\":1,\"name\":\"Inici\",\"item\":\"https:\\\/\\\/diarieducacio.cat\\\/extra\\\/\"},{\"@type\":\"ListItem\",\"position\":2,\"name\":\"La pedagogia que incomoda i transforma: educar per transformar i no per conformar\"}]},{\"@type\":\"WebSite\",\"@id\":\"https:\\\/\\\/diarieducacio.cat\\\/extra\\\/#website\",\"url\":\"https:\\\/\\\/diarieducacio.cat\\\/extra\\\/\",\"name\":\"Extra Educaci\u00f3\",\"description\":\"Un blog de El Diari de l&#039;Educaci\u00f3\",\"potentialAction\":[{\"@type\":\"SearchAction\",\"target\":{\"@type\":\"EntryPoint\",\"urlTemplate\":\"https:\\\/\\\/diarieducacio.cat\\\/extra\\\/?s={search_term_string}\"},\"query-input\":{\"@type\":\"PropertyValueSpecification\",\"valueRequired\":true,\"valueName\":\"search_term_string\"}}],\"inLanguage\":\"ca\"},{\"@type\":\"Person\",\"@id\":\"https:\\\/\\\/diarieducacio.cat\\\/extra\\\/#\\\/schema\\\/person\\\/a59c6f6463f58484e77cabd794911180\",\"name\":\"Redacci\u00f3\",\"image\":{\"@type\":\"ImageObject\",\"inLanguage\":\"ca\",\"@id\":\"https:\\\/\\\/diarieducacio.cat\\\/wp-content\\\/uploads\\\/2024\\\/11\\\/redaccio_avatar-96x96.png\",\"url\":\"https:\\\/\\\/diarieducacio.cat\\\/wp-content\\\/uploads\\\/2024\\\/11\\\/redaccio_avatar-96x96.png\",\"contentUrl\":\"https:\\\/\\\/diarieducacio.cat\\\/wp-content\\\/uploads\\\/2024\\\/11\\\/redaccio_avatar-96x96.png\",\"caption\":\"Redacci\u00f3\"},\"sameAs\":[\"https:\\\/\\\/x.com\\\/CatalunyaPlural\"],\"url\":\"https:\\\/\\\/diarieducacio.cat\\\/extra\\\/author\\\/redaccio\\\/\"}]}<\/script>\n<!-- \/ Yoast SEO plugin. -->","yoast_head_json":{"title":"La pedagogia que incomoda i transforma: educar per transformar i no per conformar - Extra Educaci\u00f3","robots":{"index":"index","follow":"follow","max-snippet":"max-snippet:-1","max-image-preview":"max-image-preview:large","max-video-preview":"max-video-preview:-1"},"canonical":"https:\/\/diarieducacio.cat\/extra\/2025\/10\/23\/la-pedagogia-que-incomoda-i-transforma-educar-per-transformar-i-no-per-conformar\/","og_locale":"ca_ES","og_type":"article","og_title":"La pedagogia que incomoda i transforma: educar per transformar i no per conformar - Extra Educaci\u00f3","og_description":"El Col\u00b7legi Oficial de Pedagogia de Catalunya en el marc de la col\u00b7laboraci\u00f3 amb les universitats catalanes que fan pedagogia han unit sinergies per reivindicar el rol essencial de la pedagogia per a la societat i posar en valor als pedagogs\/gues i psicopedagogs\/gues. Amb el t\u00edtol \u201cLa Pedagogia que incomoda i transforma: educar per transformar","og_url":"https:\/\/diarieducacio.cat\/extra\/2025\/10\/23\/la-pedagogia-que-incomoda-i-transforma-educar-per-transformar-i-no-per-conformar\/","og_site_name":"Extra Educaci\u00f3","article_publisher":"https:\/\/www.facebook.com\/diarieducacio\/","article_published_time":"2025-10-23T07:53:14+00:00","article_modified_time":"2025-10-23T08:09:21+00:00","og_image":[{"width":1081,"height":1081,"url":"https:\/\/diarieducacio.cat\/extra\/wp-content\/uploads\/sites\/25\/2025\/10\/banner_copec_possible_imatgeNoticia.jpg","type":"image\/jpeg"}],"author":"Redacci\u00f3","twitter_card":"summary_large_image","twitter_creator":"@CatalunyaPlural","twitter_site":"@DiariEducacio","twitter_misc":{"Escrit per":"Redacci\u00f3","Temps estimat de lectura":"3 minuts"},"schema":{"@context":"https:\/\/schema.org","@graph":[{"@type":"Article","@id":"https:\/\/diarieducacio.cat\/extra\/2025\/10\/23\/la-pedagogia-que-incomoda-i-transforma-educar-per-transformar-i-no-per-conformar\/#article","isPartOf":{"@id":"https:\/\/diarieducacio.cat\/extra\/2025\/10\/23\/la-pedagogia-que-incomoda-i-transforma-educar-per-transformar-i-no-per-conformar\/"},"author":{"name":"Redacci\u00f3","@id":"https:\/\/diarieducacio.cat\/extra\/#\/schema\/person\/a59c6f6463f58484e77cabd794911180"},"headline":"La pedagogia que incomoda i transforma: educar per transformar i no per conformar","datePublished":"2025-10-23T07:53:14+00:00","dateModified":"2025-10-23T08:09:21+00:00","mainEntityOfPage":{"@id":"https:\/\/diarieducacio.cat\/extra\/2025\/10\/23\/la-pedagogia-que-incomoda-i-transforma-educar-per-transformar-i-no-per-conformar\/"},"wordCount":392,"commentCount":0,"image":{"@id":"https:\/\/diarieducacio.cat\/extra\/2025\/10\/23\/la-pedagogia-que-incomoda-i-transforma-educar-per-transformar-i-no-per-conformar\/#primaryimage"},"thumbnailUrl":"https:\/\/diarieducacio.cat\/extra\/wp-content\/uploads\/sites\/25\/2025\/10\/banner_copec_possible_imatgeNoticia.jpg","keywords":["copec","Pedagogia"],"articleSection":["Jornades"],"inLanguage":"ca","potentialAction":[{"@type":"CommentAction","name":"Comment","target":["https:\/\/diarieducacio.cat\/extra\/2025\/10\/23\/la-pedagogia-que-incomoda-i-transforma-educar-per-transformar-i-no-per-conformar\/#respond"]}]},{"@type":"WebPage","@id":"https:\/\/diarieducacio.cat\/extra\/2025\/10\/23\/la-pedagogia-que-incomoda-i-transforma-educar-per-transformar-i-no-per-conformar\/","url":"https:\/\/diarieducacio.cat\/extra\/2025\/10\/23\/la-pedagogia-que-incomoda-i-transforma-educar-per-transformar-i-no-per-conformar\/","name":"La pedagogia que incomoda i transforma: educar per transformar i no per conformar - Extra Educaci\u00f3","isPartOf":{"@id":"https:\/\/diarieducacio.cat\/extra\/#website"},"primaryImageOfPage":{"@id":"https:\/\/diarieducacio.cat\/extra\/2025\/10\/23\/la-pedagogia-que-incomoda-i-transforma-educar-per-transformar-i-no-per-conformar\/#primaryimage"},"image":{"@id":"https:\/\/diarieducacio.cat\/extra\/2025\/10\/23\/la-pedagogia-que-incomoda-i-transforma-educar-per-transformar-i-no-per-conformar\/#primaryimage"},"thumbnailUrl":"https:\/\/diarieducacio.cat\/extra\/wp-content\/uploads\/sites\/25\/2025\/10\/banner_copec_possible_imatgeNoticia.jpg","datePublished":"2025-10-23T07:53:14+00:00","dateModified":"2025-10-23T08:09:21+00:00","author":{"@id":"https:\/\/diarieducacio.cat\/extra\/#\/schema\/person\/a59c6f6463f58484e77cabd794911180"},"breadcrumb":{"@id":"https:\/\/diarieducacio.cat\/extra\/2025\/10\/23\/la-pedagogia-que-incomoda-i-transforma-educar-per-transformar-i-no-per-conformar\/#breadcrumb"},"inLanguage":"ca","potentialAction":[{"@type":"ReadAction","target":["https:\/\/diarieducacio.cat\/extra\/2025\/10\/23\/la-pedagogia-que-incomoda-i-transforma-educar-per-transformar-i-no-per-conformar\/"]}]},{"@type":"ImageObject","inLanguage":"ca","@id":"https:\/\/diarieducacio.cat\/extra\/2025\/10\/23\/la-pedagogia-que-incomoda-i-transforma-educar-per-transformar-i-no-per-conformar\/#primaryimage","url":"https:\/\/diarieducacio.cat\/extra\/wp-content\/uploads\/sites\/25\/2025\/10\/banner_copec_possible_imatgeNoticia.jpg","contentUrl":"https:\/\/diarieducacio.cat\/extra\/wp-content\/uploads\/sites\/25\/2025\/10\/banner_copec_possible_imatgeNoticia.jpg","width":1081,"height":1081},{"@type":"BreadcrumbList","@id":"https:\/\/diarieducacio.cat\/extra\/2025\/10\/23\/la-pedagogia-que-incomoda-i-transforma-educar-per-transformar-i-no-per-conformar\/#breadcrumb","itemListElement":[{"@type":"ListItem","position":1,"name":"Inici","item":"https:\/\/diarieducacio.cat\/extra\/"},{"@type":"ListItem","position":2,"name":"La pedagogia que incomoda i transforma: educar per transformar i no per conformar"}]},{"@type":"WebSite","@id":"https:\/\/diarieducacio.cat\/extra\/#website","url":"https:\/\/diarieducacio.cat\/extra\/","name":"Extra Educaci\u00f3","description":"Un blog de El Diari de l&#039;Educaci\u00f3","potentialAction":[{"@type":"SearchAction","target":{"@type":"EntryPoint","urlTemplate":"https:\/\/diarieducacio.cat\/extra\/?s={search_term_string}"},"query-input":{"@type":"PropertyValueSpecification","valueRequired":true,"valueName":"search_term_string"}}],"inLanguage":"ca"},{"@type":"Person","@id":"https:\/\/diarieducacio.cat\/extra\/#\/schema\/person\/a59c6f6463f58484e77cabd794911180","name":"Redacci\u00f3","image":{"@type":"ImageObject","inLanguage":"ca","@id":"https:\/\/diarieducacio.cat\/wp-content\/uploads\/2024\/11\/redaccio_avatar-96x96.png","url":"https:\/\/diarieducacio.cat\/wp-content\/uploads\/2024\/11\/redaccio_avatar-96x96.png","contentUrl":"https:\/\/diarieducacio.cat\/wp-content\/uploads\/2024\/11\/redaccio_avatar-96x96.png","caption":"Redacci\u00f3"},"sameAs":["https:\/\/x.com\/CatalunyaPlural"],"url":"https:\/\/diarieducacio.cat\/extra\/author\/redaccio\/"}]}},"_links":{"self":[{"href":"https:\/\/diarieducacio.cat\/extra\/wp-json\/wp\/v2\/posts\/3229","targetHints":{"allow":["GET"]}}],"collection":[{"href":"https:\/\/diarieducacio.cat\/extra\/wp-json\/wp\/v2\/posts"}],"about":[{"href":"https:\/\/diarieducacio.cat\/extra\/wp-json\/wp\/v2\/types\/post"}],"author":[{"embeddable":true,"href":"https:\/\/diarieducacio.cat\/extra\/wp-json\/wp\/v2\/users\/3"}],"replies":[{"embeddable":true,"href":"https:\/\/diarieducacio.cat\/extra\/wp-json\/wp\/v2\/comments?post=3229"}],"version-history":[{"count":3,"href":"https:\/\/diarieducacio.cat\/extra\/wp-json\/wp\/v2\/posts\/3229\/revisions"}],"predecessor-version":[{"id":3234,"href":"https:\/\/diarieducacio.cat\/extra\/wp-json\/wp\/v2\/posts\/3229\/revisions\/3234"}],"wp:featuredmedia":[{"embeddable":true,"href":"https:\/\/diarieducacio.cat\/extra\/wp-json\/wp\/v2\/media\/3232"}],"wp:attachment":[{"href":"https:\/\/diarieducacio.cat\/extra\/wp-json\/wp\/v2\/media?parent=3229"}],"wp:term":[{"taxonomy":"category","embeddable":true,"href":"https:\/\/diarieducacio.cat\/extra\/wp-json\/wp\/v2\/categories?post=3229"},{"taxonomy":"post_tag","embeddable":true,"href":"https:\/\/diarieducacio.cat\/extra\/wp-json\/wp\/v2\/tags?post=3229"},{"taxonomy":"tipo","embeddable":true,"href":"https:\/\/diarieducacio.cat\/extra\/wp-json\/wp\/v2\/tipo?post=3229"}],"curies":[{"name":"wp","href":"https:\/\/api.w.org\/{rel}","templated":true}]}}