{"id":3235,"date":"2025-10-29T08:30:43","date_gmt":"2025-10-29T07:30:43","guid":{"rendered":"https:\/\/diarieducacio.cat\/extra\/?p=3235"},"modified":"2025-10-29T10:04:51","modified_gmt":"2025-10-29T09:04:51","slug":"zona-escolar-nou-programa-de-la-xarxa","status":"publish","type":"post","link":"https:\/\/diarieducacio.cat\/extra\/2025\/10\/29\/zona-escolar-nou-programa-de-la-xarxa\/","title":{"rendered":"\u2018Zona Escolar\u2019, nou programa de La Xarxa+ amb 12 personatges coneguts de Catalunya"},"content":{"rendered":"\n<p>L\u2019actor vilanov\u00ed Jordi Rios \u00e9s l\u2019encarregat de conduir el programa &#8216;<strong><a href=\"https:\/\/laxarxames.cat\/series-details\/4273805\" target=\"_blank\" rel=\"noreferrer noopener\">Zona Escolar<\/a><\/strong>&#8216;, un espai d\u2019entrevistes singulars a una dotzena de persones conegudes pels espectadors. El programa vol donar a con\u00e8ixer, a trav\u00e9s del component nost\u00e0lgic i la viv\u00e8ncia personal, els projectes educatius de les escoles catalanes i la seva import\u00e0ncia en la vida dels entrevistats.<\/p>\n\n\n\n<figure class=\"wp-block-image size-large\"><img fetchpriority=\"high\" decoding=\"async\" width=\"1024\" height=\"576\" src=\"https:\/\/diarieducacio.cat\/extra\/wp-content\/uploads\/sites\/25\/2025\/10\/E4_MikiNunez_HL-1024x576.jpg\" alt=\"\" class=\"wp-image-3241\" srcset=\"https:\/\/diarieducacio.cat\/extra\/wp-content\/uploads\/sites\/25\/2025\/10\/E4_MikiNunez_HL-1024x576.jpg 1024w, https:\/\/diarieducacio.cat\/extra\/wp-content\/uploads\/sites\/25\/2025\/10\/E4_MikiNunez_HL-300x169.jpg 300w, https:\/\/diarieducacio.cat\/extra\/wp-content\/uploads\/sites\/25\/2025\/10\/E4_MikiNunez_HL-768x432.jpg 768w, https:\/\/diarieducacio.cat\/extra\/wp-content\/uploads\/sites\/25\/2025\/10\/E4_MikiNunez_HL-1536x864.jpg 1536w, https:\/\/diarieducacio.cat\/extra\/wp-content\/uploads\/sites\/25\/2025\/10\/E4_MikiNunez_HL-150x84.jpg 150w, https:\/\/diarieducacio.cat\/extra\/wp-content\/uploads\/sites\/25\/2025\/10\/E4_MikiNunez_HL-450x253.jpg 450w, https:\/\/diarieducacio.cat\/extra\/wp-content\/uploads\/sites\/25\/2025\/10\/E4_MikiNunez_HL-1200x675.jpg 1200w, https:\/\/diarieducacio.cat\/extra\/wp-content\/uploads\/sites\/25\/2025\/10\/E4_MikiNunez_HL.jpg 1920w\" sizes=\"(max-width: 1024px) 100vw, 1024px\" \/><\/figure>\n\n\n\n<p>L&#8217;espai tamb\u00e9 posa en valor la tasca dels mestres i els models pedag\u00f2gics que han tingut un paper clau en l\u2019ensenyament a Catalunya.<\/p>\n\n\n\n<p>El programa \u00e9s una producci\u00f3 de\u00a0<a href=\"https:\/\/canalblau.tv\/\">Canal Blau<\/a>\u00a0per a\u00a0<a href=\"https:\/\/www.laxarxa.cat\/\">La Xarxa<\/a>, i s&#8217;emet els diumenges a les 22 hores\u00a0a les\u00a0<a href=\"https:\/\/www.laxarxa.cat\/properament\/noticia\/on-i-quan-veure-zona-escolar\">televisions locals<\/a>\u00a0i a la seva plataforma d\u2019OTT,\u00a0<a href=\"https:\/\/laxarxames.cat\/playlist\/397\/Entreteniment\">La Xarxa+<\/a>. <\/p>\n\n\n\n<p>Pots recuperar-lo <a href=\"https:\/\/laxarxames.cat\/series-details\/4273805\" target=\"_blank\" rel=\"noreferrer noopener\">en aquest enlla\u00e7<\/a>.<\/p>\n\n\n\n<figure class=\"wp-block-embed is-type-rich is-provider-gestor-del-servei wp-block-embed-gestor-del-servei wp-embed-aspect-16-9 wp-has-aspect-ratio\"><div class=\"wp-block-embed__wrapper\">\n<iframe title=\"Coneix les escoles de Catalunya per on han passat alguns catalans reconeguts a \u2018Zona Escolar\u2019\" width=\"788\" height=\"443\" src=\"https:\/\/www.youtube.com\/embed\/rB7RGresAuE?feature=oembed\" frameborder=\"0\" allow=\"accelerometer; autoplay; clipboard-write; encrypted-media; gyroscope; picture-in-picture; web-share\" referrerpolicy=\"strict-origin-when-cross-origin\" allowfullscreen><\/iframe>\n<\/div><\/figure>\n\n\n\n<h3 class=\"wp-block-heading\">On vas anar a classe?<\/h3>\n\n\n\n<p><a href=\"https:\/\/laxarxames.cat\/series-details\/4273805\" target=\"_blank\" rel=\"noreferrer noopener\">Cada cap\u00edtol <\/a>compta amb una persona reconeguda de Catalunya, que ens descobreix el centre escolar on va cr\u00e9ixer.<\/p>\n\n\n\n<figure class=\"wp-block-image size-large\"><img decoding=\"async\" width=\"1024\" height=\"576\" src=\"https:\/\/diarieducacio.cat\/extra\/wp-content\/uploads\/sites\/25\/2025\/10\/E2_MonicaPerez_HL-1024x576.jpg\" alt=\"\" class=\"wp-image-3240\" srcset=\"https:\/\/diarieducacio.cat\/extra\/wp-content\/uploads\/sites\/25\/2025\/10\/E2_MonicaPerez_HL-1024x576.jpg 1024w, https:\/\/diarieducacio.cat\/extra\/wp-content\/uploads\/sites\/25\/2025\/10\/E2_MonicaPerez_HL-300x169.jpg 300w, https:\/\/diarieducacio.cat\/extra\/wp-content\/uploads\/sites\/25\/2025\/10\/E2_MonicaPerez_HL-768x432.jpg 768w, https:\/\/diarieducacio.cat\/extra\/wp-content\/uploads\/sites\/25\/2025\/10\/E2_MonicaPerez_HL-1536x864.jpg 1536w, https:\/\/diarieducacio.cat\/extra\/wp-content\/uploads\/sites\/25\/2025\/10\/E2_MonicaPerez_HL-150x84.jpg 150w, https:\/\/diarieducacio.cat\/extra\/wp-content\/uploads\/sites\/25\/2025\/10\/E2_MonicaPerez_HL-450x253.jpg 450w, https:\/\/diarieducacio.cat\/extra\/wp-content\/uploads\/sites\/25\/2025\/10\/E2_MonicaPerez_HL-1200x675.jpg 1200w, https:\/\/diarieducacio.cat\/extra\/wp-content\/uploads\/sites\/25\/2025\/10\/E2_MonicaPerez_HL.jpg 1920w\" sizes=\"(max-width: 1024px) 100vw, 1024px\" \/><\/figure>\n\n\n\n<p>El primer cap\u00edtol se centra en el periodista vilanov\u00ed,&nbsp;<strong>Gerard Romero<\/strong>. Ens presenta la seva escola Sant Bonaventura, coneguda tamb\u00e9 com els Franciscans o Can Sand\u00e0lia, on va desenvolupar les seves virtuts de showman. La&nbsp;<strong>primera temporada<\/strong>&nbsp;consta de&nbsp;<strong>12 programes<\/strong>, on coneixerem figures com Josep Maria Lari el&nbsp;<strong>\u2018Mag Lari\u2019<\/strong>,&nbsp;<strong>Miki N\u00fa\u00f1ez<\/strong>,&nbsp;<strong>Queco Novell<\/strong>&nbsp;o&nbsp;<strong>Sergi Bruguera<\/strong>.<\/p>\n\n\n\n<figure class=\"wp-block-image size-large\"><img decoding=\"async\" width=\"1024\" height=\"576\" src=\"https:\/\/diarieducacio.cat\/extra\/wp-content\/uploads\/sites\/25\/2025\/10\/E7_DanaeBoronat_HL-1024x576.jpg\" alt=\"\" class=\"wp-image-3242\" srcset=\"https:\/\/diarieducacio.cat\/extra\/wp-content\/uploads\/sites\/25\/2025\/10\/E7_DanaeBoronat_HL-1024x576.jpg 1024w, https:\/\/diarieducacio.cat\/extra\/wp-content\/uploads\/sites\/25\/2025\/10\/E7_DanaeBoronat_HL-300x169.jpg 300w, https:\/\/diarieducacio.cat\/extra\/wp-content\/uploads\/sites\/25\/2025\/10\/E7_DanaeBoronat_HL-768x432.jpg 768w, https:\/\/diarieducacio.cat\/extra\/wp-content\/uploads\/sites\/25\/2025\/10\/E7_DanaeBoronat_HL-1536x864.jpg 1536w, https:\/\/diarieducacio.cat\/extra\/wp-content\/uploads\/sites\/25\/2025\/10\/E7_DanaeBoronat_HL-150x84.jpg 150w, https:\/\/diarieducacio.cat\/extra\/wp-content\/uploads\/sites\/25\/2025\/10\/E7_DanaeBoronat_HL-450x253.jpg 450w, https:\/\/diarieducacio.cat\/extra\/wp-content\/uploads\/sites\/25\/2025\/10\/E7_DanaeBoronat_HL-1200x675.jpg 1200w, https:\/\/diarieducacio.cat\/extra\/wp-content\/uploads\/sites\/25\/2025\/10\/E7_DanaeBoronat_HL.jpg 1920w\" sizes=\"(max-width: 1024px) 100vw, 1024px\" \/><\/figure>\n\n\n\n<p><\/p>\n","protected":false},"excerpt":{"rendered":"<p>L\u2019actor vilanov\u00ed Jordi Rios \u00e9s l\u2019encarregat de conduir el programa &#8216;Zona Escolar&#8216;, un espai d\u2019entrevistes singulars a una dotzena de persones conegudes pels espectadors. El programa vol donar a con\u00e8ixer, a trav\u00e9s del component nost\u00e0lgic i la viv\u00e8ncia personal, els projectes educatius de les escoles catalanes i la seva import\u00e0ncia en la vida dels entrevistats.<\/p>\n","protected":false},"author":3,"featured_media":3239,"comment_status":"open","ping_status":"open","sticky":false,"template":"","format":"standard","meta":{"footnotes":""},"categories":[2],"tags":[164],"tipo":[192],"class_list":{"0":"post-3235","1":"post","2":"type-post","3":"status-publish","4":"format-standard","5":"has-post-thumbnail","7":"category-general","8":"tag-educacio","9":"tipo-actualitat"},"yoast_head":"<!-- This site is optimized with the Yoast SEO plugin v27.4 - https:\/\/yoast.com\/product\/yoast-seo-wordpress\/ -->\n<title>\u2018Zona Escolar\u2019, nou programa de La Xarxa+ amb 12 personatges coneguts de Catalunya - Extra Educaci\u00f3<\/title>\n<meta name=\"robots\" content=\"index, follow, max-snippet:-1, max-image-preview:large, max-video-preview:-1\" \/>\n<link rel=\"canonical\" href=\"https:\/\/diarieducacio.cat\/extra\/2025\/10\/29\/zona-escolar-nou-programa-de-la-xarxa\/\" \/>\n<meta property=\"og:locale\" content=\"ca_ES\" \/>\n<meta property=\"og:type\" content=\"article\" \/>\n<meta property=\"og:title\" content=\"\u2018Zona Escolar\u2019, nou programa de La Xarxa+ amb 12 personatges coneguts de Catalunya - Extra Educaci\u00f3\" \/>\n<meta property=\"og:description\" content=\"L\u2019actor vilanov\u00ed Jordi Rios \u00e9s l\u2019encarregat de conduir el programa &#8216;Zona Escolar&#8216;, un espai d\u2019entrevistes singulars a una dotzena de persones conegudes pels espectadors. El programa vol donar a con\u00e8ixer, a trav\u00e9s del component nost\u00e0lgic i la viv\u00e8ncia personal, els projectes educatius de les escoles catalanes i la seva import\u00e0ncia en la vida dels entrevistats.\" \/>\n<meta property=\"og:url\" content=\"https:\/\/diarieducacio.cat\/extra\/2025\/10\/29\/zona-escolar-nou-programa-de-la-xarxa\/\" \/>\n<meta property=\"og:site_name\" content=\"Extra Educaci\u00f3\" \/>\n<meta property=\"article:publisher\" content=\"https:\/\/www.facebook.com\/diarieducacio\/\" \/>\n<meta property=\"article:published_time\" content=\"2025-10-29T07:30:43+00:00\" \/>\n<meta property=\"article:modified_time\" content=\"2025-10-29T09:04:51+00:00\" \/>\n<meta property=\"og:image\" content=\"https:\/\/diarieducacio.cat\/extra\/wp-content\/uploads\/sites\/25\/2025\/10\/E1_GerardRomero_FRAME.jpg\" \/>\n\t<meta property=\"og:image:width\" content=\"1920\" \/>\n\t<meta property=\"og:image:height\" content=\"1080\" \/>\n\t<meta property=\"og:image:type\" content=\"image\/jpeg\" \/>\n<meta name=\"author\" content=\"Redacci\u00f3\" \/>\n<meta name=\"twitter:card\" content=\"summary_large_image\" \/>\n<meta name=\"twitter:creator\" content=\"@CatalunyaPlural\" \/>\n<meta name=\"twitter:site\" content=\"@DiariEducacio\" \/>\n<meta name=\"twitter:label1\" content=\"Escrit per\" \/>\n\t<meta name=\"twitter:data1\" content=\"Redacci\u00f3\" \/>\n\t<meta name=\"twitter:label2\" content=\"Temps estimat de lectura\" \/>\n\t<meta name=\"twitter:data2\" content=\"2 minuts\" \/>\n<script type=\"application\/ld+json\" class=\"yoast-schema-graph\">{\"@context\":\"https:\\\/\\\/schema.org\",\"@graph\":[{\"@type\":\"Article\",\"@id\":\"https:\\\/\\\/diarieducacio.cat\\\/extra\\\/2025\\\/10\\\/29\\\/zona-escolar-nou-programa-de-la-xarxa\\\/#article\",\"isPartOf\":{\"@id\":\"https:\\\/\\\/diarieducacio.cat\\\/extra\\\/2025\\\/10\\\/29\\\/zona-escolar-nou-programa-de-la-xarxa\\\/\"},\"author\":{\"name\":\"Redacci\u00f3\",\"@id\":\"https:\\\/\\\/diarieducacio.cat\\\/extra\\\/#\\\/schema\\\/person\\\/a59c6f6463f58484e77cabd794911180\"},\"headline\":\"\u2018Zona Escolar\u2019, nou programa de La Xarxa+ amb 12 personatges coneguts de Catalunya\",\"datePublished\":\"2025-10-29T07:30:43+00:00\",\"dateModified\":\"2025-10-29T09:04:51+00:00\",\"mainEntityOfPage\":{\"@id\":\"https:\\\/\\\/diarieducacio.cat\\\/extra\\\/2025\\\/10\\\/29\\\/zona-escolar-nou-programa-de-la-xarxa\\\/\"},\"wordCount\":240,\"commentCount\":0,\"image\":{\"@id\":\"https:\\\/\\\/diarieducacio.cat\\\/extra\\\/2025\\\/10\\\/29\\\/zona-escolar-nou-programa-de-la-xarxa\\\/#primaryimage\"},\"thumbnailUrl\":\"https:\\\/\\\/diarieducacio.cat\\\/extra\\\/wp-content\\\/uploads\\\/sites\\\/25\\\/2025\\\/10\\\/E1_GerardRomero_FRAME.jpg\",\"keywords\":[\"educaci\u00f3\"],\"articleSection\":[\"General\"],\"inLanguage\":\"ca\",\"potentialAction\":[{\"@type\":\"CommentAction\",\"name\":\"Comment\",\"target\":[\"https:\\\/\\\/diarieducacio.cat\\\/extra\\\/2025\\\/10\\\/29\\\/zona-escolar-nou-programa-de-la-xarxa\\\/#respond\"]}]},{\"@type\":\"WebPage\",\"@id\":\"https:\\\/\\\/diarieducacio.cat\\\/extra\\\/2025\\\/10\\\/29\\\/zona-escolar-nou-programa-de-la-xarxa\\\/\",\"url\":\"https:\\\/\\\/diarieducacio.cat\\\/extra\\\/2025\\\/10\\\/29\\\/zona-escolar-nou-programa-de-la-xarxa\\\/\",\"name\":\"\u2018Zona Escolar\u2019, nou programa de La Xarxa+ amb 12 personatges coneguts de Catalunya - Extra Educaci\u00f3\",\"isPartOf\":{\"@id\":\"https:\\\/\\\/diarieducacio.cat\\\/extra\\\/#website\"},\"primaryImageOfPage\":{\"@id\":\"https:\\\/\\\/diarieducacio.cat\\\/extra\\\/2025\\\/10\\\/29\\\/zona-escolar-nou-programa-de-la-xarxa\\\/#primaryimage\"},\"image\":{\"@id\":\"https:\\\/\\\/diarieducacio.cat\\\/extra\\\/2025\\\/10\\\/29\\\/zona-escolar-nou-programa-de-la-xarxa\\\/#primaryimage\"},\"thumbnailUrl\":\"https:\\\/\\\/diarieducacio.cat\\\/extra\\\/wp-content\\\/uploads\\\/sites\\\/25\\\/2025\\\/10\\\/E1_GerardRomero_FRAME.jpg\",\"datePublished\":\"2025-10-29T07:30:43+00:00\",\"dateModified\":\"2025-10-29T09:04:51+00:00\",\"author\":{\"@id\":\"https:\\\/\\\/diarieducacio.cat\\\/extra\\\/#\\\/schema\\\/person\\\/a59c6f6463f58484e77cabd794911180\"},\"breadcrumb\":{\"@id\":\"https:\\\/\\\/diarieducacio.cat\\\/extra\\\/2025\\\/10\\\/29\\\/zona-escolar-nou-programa-de-la-xarxa\\\/#breadcrumb\"},\"inLanguage\":\"ca\",\"potentialAction\":[{\"@type\":\"ReadAction\",\"target\":[\"https:\\\/\\\/diarieducacio.cat\\\/extra\\\/2025\\\/10\\\/29\\\/zona-escolar-nou-programa-de-la-xarxa\\\/\"]}]},{\"@type\":\"ImageObject\",\"inLanguage\":\"ca\",\"@id\":\"https:\\\/\\\/diarieducacio.cat\\\/extra\\\/2025\\\/10\\\/29\\\/zona-escolar-nou-programa-de-la-xarxa\\\/#primaryimage\",\"url\":\"https:\\\/\\\/diarieducacio.cat\\\/extra\\\/wp-content\\\/uploads\\\/sites\\\/25\\\/2025\\\/10\\\/E1_GerardRomero_FRAME.jpg\",\"contentUrl\":\"https:\\\/\\\/diarieducacio.cat\\\/extra\\\/wp-content\\\/uploads\\\/sites\\\/25\\\/2025\\\/10\\\/E1_GerardRomero_FRAME.jpg\",\"width\":1920,\"height\":1080},{\"@type\":\"BreadcrumbList\",\"@id\":\"https:\\\/\\\/diarieducacio.cat\\\/extra\\\/2025\\\/10\\\/29\\\/zona-escolar-nou-programa-de-la-xarxa\\\/#breadcrumb\",\"itemListElement\":[{\"@type\":\"ListItem\",\"position\":1,\"name\":\"Inici\",\"item\":\"https:\\\/\\\/diarieducacio.cat\\\/extra\\\/\"},{\"@type\":\"ListItem\",\"position\":2,\"name\":\"\u2018Zona Escolar\u2019, nou programa de La Xarxa+ amb 12 personatges coneguts de Catalunya\"}]},{\"@type\":\"WebSite\",\"@id\":\"https:\\\/\\\/diarieducacio.cat\\\/extra\\\/#website\",\"url\":\"https:\\\/\\\/diarieducacio.cat\\\/extra\\\/\",\"name\":\"Extra Educaci\u00f3\",\"description\":\"Un blog de El Diari de l&#039;Educaci\u00f3\",\"potentialAction\":[{\"@type\":\"SearchAction\",\"target\":{\"@type\":\"EntryPoint\",\"urlTemplate\":\"https:\\\/\\\/diarieducacio.cat\\\/extra\\\/?s={search_term_string}\"},\"query-input\":{\"@type\":\"PropertyValueSpecification\",\"valueRequired\":true,\"valueName\":\"search_term_string\"}}],\"inLanguage\":\"ca\"},{\"@type\":\"Person\",\"@id\":\"https:\\\/\\\/diarieducacio.cat\\\/extra\\\/#\\\/schema\\\/person\\\/a59c6f6463f58484e77cabd794911180\",\"name\":\"Redacci\u00f3\",\"image\":{\"@type\":\"ImageObject\",\"inLanguage\":\"ca\",\"@id\":\"https:\\\/\\\/diarieducacio.cat\\\/wp-content\\\/uploads\\\/2024\\\/11\\\/redaccio_avatar-96x96.png\",\"url\":\"https:\\\/\\\/diarieducacio.cat\\\/wp-content\\\/uploads\\\/2024\\\/11\\\/redaccio_avatar-96x96.png\",\"contentUrl\":\"https:\\\/\\\/diarieducacio.cat\\\/wp-content\\\/uploads\\\/2024\\\/11\\\/redaccio_avatar-96x96.png\",\"caption\":\"Redacci\u00f3\"},\"sameAs\":[\"https:\\\/\\\/x.com\\\/CatalunyaPlural\"],\"url\":\"https:\\\/\\\/diarieducacio.cat\\\/extra\\\/author\\\/redaccio\\\/\"}]}<\/script>\n<!-- \/ Yoast SEO plugin. -->","yoast_head_json":{"title":"\u2018Zona Escolar\u2019, nou programa de La Xarxa+ amb 12 personatges coneguts de Catalunya - Extra Educaci\u00f3","robots":{"index":"index","follow":"follow","max-snippet":"max-snippet:-1","max-image-preview":"max-image-preview:large","max-video-preview":"max-video-preview:-1"},"canonical":"https:\/\/diarieducacio.cat\/extra\/2025\/10\/29\/zona-escolar-nou-programa-de-la-xarxa\/","og_locale":"ca_ES","og_type":"article","og_title":"\u2018Zona Escolar\u2019, nou programa de La Xarxa+ amb 12 personatges coneguts de Catalunya - Extra Educaci\u00f3","og_description":"L\u2019actor vilanov\u00ed Jordi Rios \u00e9s l\u2019encarregat de conduir el programa &#8216;Zona Escolar&#8216;, un espai d\u2019entrevistes singulars a una dotzena de persones conegudes pels espectadors. El programa vol donar a con\u00e8ixer, a trav\u00e9s del component nost\u00e0lgic i la viv\u00e8ncia personal, els projectes educatius de les escoles catalanes i la seva import\u00e0ncia en la vida dels entrevistats.","og_url":"https:\/\/diarieducacio.cat\/extra\/2025\/10\/29\/zona-escolar-nou-programa-de-la-xarxa\/","og_site_name":"Extra Educaci\u00f3","article_publisher":"https:\/\/www.facebook.com\/diarieducacio\/","article_published_time":"2025-10-29T07:30:43+00:00","article_modified_time":"2025-10-29T09:04:51+00:00","og_image":[{"width":1920,"height":1080,"url":"https:\/\/diarieducacio.cat\/extra\/wp-content\/uploads\/sites\/25\/2025\/10\/E1_GerardRomero_FRAME.jpg","type":"image\/jpeg"}],"author":"Redacci\u00f3","twitter_card":"summary_large_image","twitter_creator":"@CatalunyaPlural","twitter_site":"@DiariEducacio","twitter_misc":{"Escrit per":"Redacci\u00f3","Temps estimat de lectura":"2 minuts"},"schema":{"@context":"https:\/\/schema.org","@graph":[{"@type":"Article","@id":"https:\/\/diarieducacio.cat\/extra\/2025\/10\/29\/zona-escolar-nou-programa-de-la-xarxa\/#article","isPartOf":{"@id":"https:\/\/diarieducacio.cat\/extra\/2025\/10\/29\/zona-escolar-nou-programa-de-la-xarxa\/"},"author":{"name":"Redacci\u00f3","@id":"https:\/\/diarieducacio.cat\/extra\/#\/schema\/person\/a59c6f6463f58484e77cabd794911180"},"headline":"\u2018Zona Escolar\u2019, nou programa de La Xarxa+ amb 12 personatges coneguts de Catalunya","datePublished":"2025-10-29T07:30:43+00:00","dateModified":"2025-10-29T09:04:51+00:00","mainEntityOfPage":{"@id":"https:\/\/diarieducacio.cat\/extra\/2025\/10\/29\/zona-escolar-nou-programa-de-la-xarxa\/"},"wordCount":240,"commentCount":0,"image":{"@id":"https:\/\/diarieducacio.cat\/extra\/2025\/10\/29\/zona-escolar-nou-programa-de-la-xarxa\/#primaryimage"},"thumbnailUrl":"https:\/\/diarieducacio.cat\/extra\/wp-content\/uploads\/sites\/25\/2025\/10\/E1_GerardRomero_FRAME.jpg","keywords":["educaci\u00f3"],"articleSection":["General"],"inLanguage":"ca","potentialAction":[{"@type":"CommentAction","name":"Comment","target":["https:\/\/diarieducacio.cat\/extra\/2025\/10\/29\/zona-escolar-nou-programa-de-la-xarxa\/#respond"]}]},{"@type":"WebPage","@id":"https:\/\/diarieducacio.cat\/extra\/2025\/10\/29\/zona-escolar-nou-programa-de-la-xarxa\/","url":"https:\/\/diarieducacio.cat\/extra\/2025\/10\/29\/zona-escolar-nou-programa-de-la-xarxa\/","name":"\u2018Zona Escolar\u2019, nou programa de La Xarxa+ amb 12 personatges coneguts de Catalunya - Extra Educaci\u00f3","isPartOf":{"@id":"https:\/\/diarieducacio.cat\/extra\/#website"},"primaryImageOfPage":{"@id":"https:\/\/diarieducacio.cat\/extra\/2025\/10\/29\/zona-escolar-nou-programa-de-la-xarxa\/#primaryimage"},"image":{"@id":"https:\/\/diarieducacio.cat\/extra\/2025\/10\/29\/zona-escolar-nou-programa-de-la-xarxa\/#primaryimage"},"thumbnailUrl":"https:\/\/diarieducacio.cat\/extra\/wp-content\/uploads\/sites\/25\/2025\/10\/E1_GerardRomero_FRAME.jpg","datePublished":"2025-10-29T07:30:43+00:00","dateModified":"2025-10-29T09:04:51+00:00","author":{"@id":"https:\/\/diarieducacio.cat\/extra\/#\/schema\/person\/a59c6f6463f58484e77cabd794911180"},"breadcrumb":{"@id":"https:\/\/diarieducacio.cat\/extra\/2025\/10\/29\/zona-escolar-nou-programa-de-la-xarxa\/#breadcrumb"},"inLanguage":"ca","potentialAction":[{"@type":"ReadAction","target":["https:\/\/diarieducacio.cat\/extra\/2025\/10\/29\/zona-escolar-nou-programa-de-la-xarxa\/"]}]},{"@type":"ImageObject","inLanguage":"ca","@id":"https:\/\/diarieducacio.cat\/extra\/2025\/10\/29\/zona-escolar-nou-programa-de-la-xarxa\/#primaryimage","url":"https:\/\/diarieducacio.cat\/extra\/wp-content\/uploads\/sites\/25\/2025\/10\/E1_GerardRomero_FRAME.jpg","contentUrl":"https:\/\/diarieducacio.cat\/extra\/wp-content\/uploads\/sites\/25\/2025\/10\/E1_GerardRomero_FRAME.jpg","width":1920,"height":1080},{"@type":"BreadcrumbList","@id":"https:\/\/diarieducacio.cat\/extra\/2025\/10\/29\/zona-escolar-nou-programa-de-la-xarxa\/#breadcrumb","itemListElement":[{"@type":"ListItem","position":1,"name":"Inici","item":"https:\/\/diarieducacio.cat\/extra\/"},{"@type":"ListItem","position":2,"name":"\u2018Zona Escolar\u2019, nou programa de La Xarxa+ amb 12 personatges coneguts de Catalunya"}]},{"@type":"WebSite","@id":"https:\/\/diarieducacio.cat\/extra\/#website","url":"https:\/\/diarieducacio.cat\/extra\/","name":"Extra Educaci\u00f3","description":"Un blog de El Diari de l&#039;Educaci\u00f3","potentialAction":[{"@type":"SearchAction","target":{"@type":"EntryPoint","urlTemplate":"https:\/\/diarieducacio.cat\/extra\/?s={search_term_string}"},"query-input":{"@type":"PropertyValueSpecification","valueRequired":true,"valueName":"search_term_string"}}],"inLanguage":"ca"},{"@type":"Person","@id":"https:\/\/diarieducacio.cat\/extra\/#\/schema\/person\/a59c6f6463f58484e77cabd794911180","name":"Redacci\u00f3","image":{"@type":"ImageObject","inLanguage":"ca","@id":"https:\/\/diarieducacio.cat\/wp-content\/uploads\/2024\/11\/redaccio_avatar-96x96.png","url":"https:\/\/diarieducacio.cat\/wp-content\/uploads\/2024\/11\/redaccio_avatar-96x96.png","contentUrl":"https:\/\/diarieducacio.cat\/wp-content\/uploads\/2024\/11\/redaccio_avatar-96x96.png","caption":"Redacci\u00f3"},"sameAs":["https:\/\/x.com\/CatalunyaPlural"],"url":"https:\/\/diarieducacio.cat\/extra\/author\/redaccio\/"}]}},"_links":{"self":[{"href":"https:\/\/diarieducacio.cat\/extra\/wp-json\/wp\/v2\/posts\/3235","targetHints":{"allow":["GET"]}}],"collection":[{"href":"https:\/\/diarieducacio.cat\/extra\/wp-json\/wp\/v2\/posts"}],"about":[{"href":"https:\/\/diarieducacio.cat\/extra\/wp-json\/wp\/v2\/types\/post"}],"author":[{"embeddable":true,"href":"https:\/\/diarieducacio.cat\/extra\/wp-json\/wp\/v2\/users\/3"}],"replies":[{"embeddable":true,"href":"https:\/\/diarieducacio.cat\/extra\/wp-json\/wp\/v2\/comments?post=3235"}],"version-history":[{"count":7,"href":"https:\/\/diarieducacio.cat\/extra\/wp-json\/wp\/v2\/posts\/3235\/revisions"}],"predecessor-version":[{"id":3253,"href":"https:\/\/diarieducacio.cat\/extra\/wp-json\/wp\/v2\/posts\/3235\/revisions\/3253"}],"wp:featuredmedia":[{"embeddable":true,"href":"https:\/\/diarieducacio.cat\/extra\/wp-json\/wp\/v2\/media\/3239"}],"wp:attachment":[{"href":"https:\/\/diarieducacio.cat\/extra\/wp-json\/wp\/v2\/media?parent=3235"}],"wp:term":[{"taxonomy":"category","embeddable":true,"href":"https:\/\/diarieducacio.cat\/extra\/wp-json\/wp\/v2\/categories?post=3235"},{"taxonomy":"post_tag","embeddable":true,"href":"https:\/\/diarieducacio.cat\/extra\/wp-json\/wp\/v2\/tags?post=3235"},{"taxonomy":"tipo","embeddable":true,"href":"https:\/\/diarieducacio.cat\/extra\/wp-json\/wp\/v2\/tipo?post=3235"}],"curies":[{"name":"wp","href":"https:\/\/api.w.org\/{rel}","templated":true}]}}