{"id":3334,"date":"2025-12-11T16:15:48","date_gmt":"2025-12-11T15:15:48","guid":{"rendered":"https:\/\/diarieducacio.cat\/extra\/?p=3334"},"modified":"2025-12-11T16:15:49","modified_gmt":"2025-12-11T15:15:49","slug":"el-forum-el-lleure-educatiu-i-sociocultural-davant-el-mirall","status":"publish","type":"post","link":"https:\/\/diarieducacio.cat\/extra\/2025\/12\/11\/el-forum-el-lleure-educatiu-i-sociocultural-davant-el-mirall\/","title":{"rendered":"El F\u00f2rum: El lleure educatiu i sociocultural, davant el mirall"},"content":{"rendered":"\n<p>L\u2019Associaci\u00f3 Catalana d\u2019Empreses del Lleure, l\u2019Educaci\u00f3 i la Cultura (Acellec) ha estrenat aquest final d\u2019any el F\u00f2rum Permanent, un espai de debat obert al conjunt de professionals, empreses, entitats i administracions que tenen relaci\u00f3 amb el lleure educatiu i sociocultural amb el prop\u00f2sit de fomentar el di\u00e0leg per ajudar a dibuixar el present i el futur d\u2019aquest sector a Catalunya. Si ets professional d\u2019aquest \u00e0mbit s\u00e0pigues que tens les portes obertes per dir la teva i fer les aportacions que creguis oportunes. El lleure educatiu i sociocultural \u00e9s una activitat de gran import\u00e0ncia al pa\u00eds, per\u00f2 que encara t\u00e9 pendent aconseguir m\u00e9s espais de representativitat i reconeixement davant de l\u2019administraci\u00f3 p\u00fablica i els \u00f2rgans competents en el seu \u00e0mbit d\u2019activitat. \u00c9s per aix\u00f2 que s\u2019ha obert un di\u00e0leg que tindr\u00e0 continu\u00eftat a partir de gener i en qu\u00e8 des de l\u2019Acellec fem una crida per sumar noves veus i mirades.<\/p>\n\n\n\n<h3 class=\"wp-block-heading\">Cinc grups de treball en marxa<\/h3>\n\n\n\n<p>Per facilitar la recollida d\u2019idees i aportacions i la generaci\u00f3 d\u2019un debat enriquidor el F\u00f2rum s\u2019organitza a trav\u00e9s de cinc grans grups en qu\u00e8 s\u2019organitzen les principals activitats del sector a Catalunya: temps educatiu de migdia (menjador escolar); equipaments i serveis socioculturals; activitats extraescolars i lleure; patrimoni i educaci\u00f3; i col\u00f2nies. Els grups ja han comen\u00e7at a treballar i estan oberts a totes les aportacions dels professionals del sector amb una primera sessi\u00f3 que tindr\u00e0 continu\u00eftat a partir de gener amb propostes concretes.<\/p>\n\n\n\n<h3 class=\"wp-block-heading\">Primers reptes detectats<\/h3>\n\n\n\n<p>Els primers reptes del sector ja s\u2019han posat damunt la taula i ha comen\u00e7at el debat per explorar oportunitats i mesures efectives. El grup de menjadors escolars ha debatut els criteris de qualitat aliment\u00e0ria, les dificultats log\u00edstiques, l\u2019encaix en les din\u00e0miques escolars i la dotaci\u00f3 insuficient de monitoratge per atendre l\u2019alumnat amb necessitats educatives especials, mentre que el grup de col\u00f2nies ha plantejat la necessitat de garantir la universalitzaci\u00f3 d\u2019aquestes activitats, el marc normatiu i la projecci\u00f3 professional dels seus treballadors, entre altres. Pel que fa a les activitats extraescolars i de lleure, s\u2019ha posat de manifest la necessitat de vincular-les al sistema educatiu i assegurar que tots els infants tinguin acc\u00e9s. El grup d\u2019equipaments i serveis socioculturals ha recollit les principals dificultats en la gesti\u00f3 dels centres c\u00edvics, equipaments juvenils, casals infantils i espais de dinamitzaci\u00f3 de la gent gran i la manca de qualitat de la contractaci\u00f3 p\u00fablica, mentre que des de patrimoni i educaci\u00f3 s\u2019ha aprofundit en el reconeixement professional dels equips que ofereixen els serveis educatius i de mediaci\u00f3 en museus i equipaments patrimonials i s\u2019ha posat \u00e8mfasi en la promoci\u00f3 de la cultura com a servei essencial per a la ciutadania.<\/p>\n\n\n\n<h3 class=\"wp-block-heading\">Debat obert<\/h3>\n\n\n\n<p>El debat \u00e9s obert i viu i podeu inscriure-us i fer les aportacions que considereu oportunes<strong>\u00a0<\/strong><a href=\"https:\/\/forum.acellec.cat\/pages\/new.php?id=9\" target=\"_blank\" rel=\"noreferrer noopener\"><strong>a trav\u00e9s d\u2019aquest enlla\u00e7<\/strong>.<\/a> Fins ara t\u00e9 la participaci\u00f3 de m\u00e9s de 200 agents, per\u00f2 fem una crida per aconseguir m\u00e9s veus i noves adhesions que ens ajudin a enriquir el lleure educatiu i sociocultural a Catalunya. Les sessions continuaran els pr\u00f2xims mesos de gener i febrer. Les conclusions a qu\u00e8 arribin cadascun dels cinc grups de treball seran el material de debat en qu\u00e8 es fonamentar\u00e0 el II F\u00f2rum Econ\u00f2mic i Social de l\u2019Acellec, que tindr\u00e0 lloc el maig de 2026.<\/p>\n","protected":false},"excerpt":{"rendered":"<p>L\u2019Associaci\u00f3 Catalana d\u2019Empreses del Lleure, l\u2019Educaci\u00f3 i la Cultura (Acellec) ha estrenat aquest final d\u2019any el F\u00f2rum Permanent, un espai de debat obert al conjunt de professionals, empreses, entitats i administracions que tenen relaci\u00f3 amb el lleure educatiu i sociocultural amb el prop\u00f2sit de fomentar el di\u00e0leg per ajudar a dibuixar el present i el<\/p>\n","protected":false},"author":3,"featured_media":3335,"comment_status":"open","ping_status":"open","sticky":false,"template":"","format":"standard","meta":{"footnotes":""},"categories":[132],"tags":[241,171],"tipo":[],"class_list":{"0":"post-3334","1":"post","2":"type-post","3":"status-publish","4":"format-standard","5":"has-post-thumbnail","7":"category-activitats","8":"tag-acellec","9":"tag-lleure"},"yoast_head":"<!-- This site is optimized with the Yoast SEO plugin v27.4 - https:\/\/yoast.com\/product\/yoast-seo-wordpress\/ -->\n<title>El F\u00f2rum: El lleure educatiu i sociocultural, davant el mirall - Extra Educaci\u00f3<\/title>\n<meta name=\"robots\" content=\"index, follow, max-snippet:-1, max-image-preview:large, max-video-preview:-1\" \/>\n<link rel=\"canonical\" href=\"https:\/\/diarieducacio.cat\/extra\/2025\/12\/11\/el-forum-el-lleure-educatiu-i-sociocultural-davant-el-mirall\/\" \/>\n<meta property=\"og:locale\" content=\"ca_ES\" \/>\n<meta property=\"og:type\" content=\"article\" \/>\n<meta property=\"og:title\" content=\"El F\u00f2rum: El lleure educatiu i sociocultural, davant el mirall - Extra Educaci\u00f3\" \/>\n<meta property=\"og:description\" content=\"L\u2019Associaci\u00f3 Catalana d\u2019Empreses del Lleure, l\u2019Educaci\u00f3 i la Cultura (Acellec) ha estrenat aquest final d\u2019any el F\u00f2rum Permanent, un espai de debat obert al conjunt de professionals, empreses, entitats i administracions que tenen relaci\u00f3 amb el lleure educatiu i sociocultural amb el prop\u00f2sit de fomentar el di\u00e0leg per ajudar a dibuixar el present i el\" \/>\n<meta property=\"og:url\" content=\"https:\/\/diarieducacio.cat\/extra\/2025\/12\/11\/el-forum-el-lleure-educatiu-i-sociocultural-davant-el-mirall\/\" \/>\n<meta property=\"og:site_name\" content=\"Extra Educaci\u00f3\" \/>\n<meta property=\"article:publisher\" content=\"https:\/\/www.facebook.com\/diarieducacio\/\" \/>\n<meta property=\"article:published_time\" content=\"2025-12-11T15:15:48+00:00\" \/>\n<meta property=\"article:modified_time\" content=\"2025-12-11T15:15:49+00:00\" \/>\n<meta property=\"og:image\" content=\"https:\/\/diarieducacio.cat\/extra\/wp-content\/uploads\/sites\/25\/2025\/12\/Imatge_redaccional1.jpg\" \/>\n\t<meta property=\"og:image:width\" content=\"1000\" \/>\n\t<meta property=\"og:image:height\" content=\"666\" \/>\n\t<meta property=\"og:image:type\" content=\"image\/jpeg\" \/>\n<meta name=\"author\" content=\"Redacci\u00f3\" \/>\n<meta name=\"twitter:card\" content=\"summary_large_image\" \/>\n<meta name=\"twitter:creator\" content=\"@CatalunyaPlural\" \/>\n<meta name=\"twitter:site\" content=\"@DiariEducacio\" \/>\n<meta name=\"twitter:label1\" content=\"Escrit per\" \/>\n\t<meta name=\"twitter:data1\" content=\"Redacci\u00f3\" \/>\n\t<meta name=\"twitter:label2\" content=\"Temps estimat de lectura\" \/>\n\t<meta name=\"twitter:data2\" content=\"4 minuts\" \/>\n<script type=\"application\/ld+json\" class=\"yoast-schema-graph\">{\"@context\":\"https:\\\/\\\/schema.org\",\"@graph\":[{\"@type\":\"Article\",\"@id\":\"https:\\\/\\\/diarieducacio.cat\\\/extra\\\/2025\\\/12\\\/11\\\/el-forum-el-lleure-educatiu-i-sociocultural-davant-el-mirall\\\/#article\",\"isPartOf\":{\"@id\":\"https:\\\/\\\/diarieducacio.cat\\\/extra\\\/2025\\\/12\\\/11\\\/el-forum-el-lleure-educatiu-i-sociocultural-davant-el-mirall\\\/\"},\"author\":{\"name\":\"Redacci\u00f3\",\"@id\":\"https:\\\/\\\/diarieducacio.cat\\\/extra\\\/#\\\/schema\\\/person\\\/a59c6f6463f58484e77cabd794911180\"},\"headline\":\"El F\u00f2rum: El lleure educatiu i sociocultural, davant el mirall\",\"datePublished\":\"2025-12-11T15:15:48+00:00\",\"dateModified\":\"2025-12-11T15:15:49+00:00\",\"mainEntityOfPage\":{\"@id\":\"https:\\\/\\\/diarieducacio.cat\\\/extra\\\/2025\\\/12\\\/11\\\/el-forum-el-lleure-educatiu-i-sociocultural-davant-el-mirall\\\/\"},\"wordCount\":600,\"commentCount\":0,\"image\":{\"@id\":\"https:\\\/\\\/diarieducacio.cat\\\/extra\\\/2025\\\/12\\\/11\\\/el-forum-el-lleure-educatiu-i-sociocultural-davant-el-mirall\\\/#primaryimage\"},\"thumbnailUrl\":\"https:\\\/\\\/diarieducacio.cat\\\/extra\\\/wp-content\\\/uploads\\\/sites\\\/25\\\/2025\\\/12\\\/Imatge_redaccional1.jpg\",\"keywords\":[\"acellec\",\"lleure\"],\"articleSection\":[\"Activitats\"],\"inLanguage\":\"ca\",\"potentialAction\":[{\"@type\":\"CommentAction\",\"name\":\"Comment\",\"target\":[\"https:\\\/\\\/diarieducacio.cat\\\/extra\\\/2025\\\/12\\\/11\\\/el-forum-el-lleure-educatiu-i-sociocultural-davant-el-mirall\\\/#respond\"]}]},{\"@type\":\"WebPage\",\"@id\":\"https:\\\/\\\/diarieducacio.cat\\\/extra\\\/2025\\\/12\\\/11\\\/el-forum-el-lleure-educatiu-i-sociocultural-davant-el-mirall\\\/\",\"url\":\"https:\\\/\\\/diarieducacio.cat\\\/extra\\\/2025\\\/12\\\/11\\\/el-forum-el-lleure-educatiu-i-sociocultural-davant-el-mirall\\\/\",\"name\":\"El F\u00f2rum: El lleure educatiu i sociocultural, davant el mirall - Extra Educaci\u00f3\",\"isPartOf\":{\"@id\":\"https:\\\/\\\/diarieducacio.cat\\\/extra\\\/#website\"},\"primaryImageOfPage\":{\"@id\":\"https:\\\/\\\/diarieducacio.cat\\\/extra\\\/2025\\\/12\\\/11\\\/el-forum-el-lleure-educatiu-i-sociocultural-davant-el-mirall\\\/#primaryimage\"},\"image\":{\"@id\":\"https:\\\/\\\/diarieducacio.cat\\\/extra\\\/2025\\\/12\\\/11\\\/el-forum-el-lleure-educatiu-i-sociocultural-davant-el-mirall\\\/#primaryimage\"},\"thumbnailUrl\":\"https:\\\/\\\/diarieducacio.cat\\\/extra\\\/wp-content\\\/uploads\\\/sites\\\/25\\\/2025\\\/12\\\/Imatge_redaccional1.jpg\",\"datePublished\":\"2025-12-11T15:15:48+00:00\",\"dateModified\":\"2025-12-11T15:15:49+00:00\",\"author\":{\"@id\":\"https:\\\/\\\/diarieducacio.cat\\\/extra\\\/#\\\/schema\\\/person\\\/a59c6f6463f58484e77cabd794911180\"},\"breadcrumb\":{\"@id\":\"https:\\\/\\\/diarieducacio.cat\\\/extra\\\/2025\\\/12\\\/11\\\/el-forum-el-lleure-educatiu-i-sociocultural-davant-el-mirall\\\/#breadcrumb\"},\"inLanguage\":\"ca\",\"potentialAction\":[{\"@type\":\"ReadAction\",\"target\":[\"https:\\\/\\\/diarieducacio.cat\\\/extra\\\/2025\\\/12\\\/11\\\/el-forum-el-lleure-educatiu-i-sociocultural-davant-el-mirall\\\/\"]}]},{\"@type\":\"ImageObject\",\"inLanguage\":\"ca\",\"@id\":\"https:\\\/\\\/diarieducacio.cat\\\/extra\\\/2025\\\/12\\\/11\\\/el-forum-el-lleure-educatiu-i-sociocultural-davant-el-mirall\\\/#primaryimage\",\"url\":\"https:\\\/\\\/diarieducacio.cat\\\/extra\\\/wp-content\\\/uploads\\\/sites\\\/25\\\/2025\\\/12\\\/Imatge_redaccional1.jpg\",\"contentUrl\":\"https:\\\/\\\/diarieducacio.cat\\\/extra\\\/wp-content\\\/uploads\\\/sites\\\/25\\\/2025\\\/12\\\/Imatge_redaccional1.jpg\",\"width\":1000,\"height\":666,\"caption\":\"| Acellec\"},{\"@type\":\"BreadcrumbList\",\"@id\":\"https:\\\/\\\/diarieducacio.cat\\\/extra\\\/2025\\\/12\\\/11\\\/el-forum-el-lleure-educatiu-i-sociocultural-davant-el-mirall\\\/#breadcrumb\",\"itemListElement\":[{\"@type\":\"ListItem\",\"position\":1,\"name\":\"Inici\",\"item\":\"https:\\\/\\\/diarieducacio.cat\\\/extra\\\/\"},{\"@type\":\"ListItem\",\"position\":2,\"name\":\"El F\u00f2rum: El lleure educatiu i sociocultural, davant el mirall\"}]},{\"@type\":\"WebSite\",\"@id\":\"https:\\\/\\\/diarieducacio.cat\\\/extra\\\/#website\",\"url\":\"https:\\\/\\\/diarieducacio.cat\\\/extra\\\/\",\"name\":\"Extra Educaci\u00f3\",\"description\":\"Un blog de El Diari de l&#039;Educaci\u00f3\",\"potentialAction\":[{\"@type\":\"SearchAction\",\"target\":{\"@type\":\"EntryPoint\",\"urlTemplate\":\"https:\\\/\\\/diarieducacio.cat\\\/extra\\\/?s={search_term_string}\"},\"query-input\":{\"@type\":\"PropertyValueSpecification\",\"valueRequired\":true,\"valueName\":\"search_term_string\"}}],\"inLanguage\":\"ca\"},{\"@type\":\"Person\",\"@id\":\"https:\\\/\\\/diarieducacio.cat\\\/extra\\\/#\\\/schema\\\/person\\\/a59c6f6463f58484e77cabd794911180\",\"name\":\"Redacci\u00f3\",\"image\":{\"@type\":\"ImageObject\",\"inLanguage\":\"ca\",\"@id\":\"https:\\\/\\\/diarieducacio.cat\\\/wp-content\\\/uploads\\\/2024\\\/11\\\/redaccio_avatar-96x96.png\",\"url\":\"https:\\\/\\\/diarieducacio.cat\\\/wp-content\\\/uploads\\\/2024\\\/11\\\/redaccio_avatar-96x96.png\",\"contentUrl\":\"https:\\\/\\\/diarieducacio.cat\\\/wp-content\\\/uploads\\\/2024\\\/11\\\/redaccio_avatar-96x96.png\",\"caption\":\"Redacci\u00f3\"},\"sameAs\":[\"https:\\\/\\\/x.com\\\/CatalunyaPlural\"],\"url\":\"https:\\\/\\\/diarieducacio.cat\\\/extra\\\/author\\\/redaccio\\\/\"}]}<\/script>\n<!-- \/ Yoast SEO plugin. -->","yoast_head_json":{"title":"El F\u00f2rum: El lleure educatiu i sociocultural, davant el mirall - Extra Educaci\u00f3","robots":{"index":"index","follow":"follow","max-snippet":"max-snippet:-1","max-image-preview":"max-image-preview:large","max-video-preview":"max-video-preview:-1"},"canonical":"https:\/\/diarieducacio.cat\/extra\/2025\/12\/11\/el-forum-el-lleure-educatiu-i-sociocultural-davant-el-mirall\/","og_locale":"ca_ES","og_type":"article","og_title":"El F\u00f2rum: El lleure educatiu i sociocultural, davant el mirall - Extra Educaci\u00f3","og_description":"L\u2019Associaci\u00f3 Catalana d\u2019Empreses del Lleure, l\u2019Educaci\u00f3 i la Cultura (Acellec) ha estrenat aquest final d\u2019any el F\u00f2rum Permanent, un espai de debat obert al conjunt de professionals, empreses, entitats i administracions que tenen relaci\u00f3 amb el lleure educatiu i sociocultural amb el prop\u00f2sit de fomentar el di\u00e0leg per ajudar a dibuixar el present i el","og_url":"https:\/\/diarieducacio.cat\/extra\/2025\/12\/11\/el-forum-el-lleure-educatiu-i-sociocultural-davant-el-mirall\/","og_site_name":"Extra Educaci\u00f3","article_publisher":"https:\/\/www.facebook.com\/diarieducacio\/","article_published_time":"2025-12-11T15:15:48+00:00","article_modified_time":"2025-12-11T15:15:49+00:00","og_image":[{"width":1000,"height":666,"url":"https:\/\/diarieducacio.cat\/extra\/wp-content\/uploads\/sites\/25\/2025\/12\/Imatge_redaccional1.jpg","type":"image\/jpeg"}],"author":"Redacci\u00f3","twitter_card":"summary_large_image","twitter_creator":"@CatalunyaPlural","twitter_site":"@DiariEducacio","twitter_misc":{"Escrit per":"Redacci\u00f3","Temps estimat de lectura":"4 minuts"},"schema":{"@context":"https:\/\/schema.org","@graph":[{"@type":"Article","@id":"https:\/\/diarieducacio.cat\/extra\/2025\/12\/11\/el-forum-el-lleure-educatiu-i-sociocultural-davant-el-mirall\/#article","isPartOf":{"@id":"https:\/\/diarieducacio.cat\/extra\/2025\/12\/11\/el-forum-el-lleure-educatiu-i-sociocultural-davant-el-mirall\/"},"author":{"name":"Redacci\u00f3","@id":"https:\/\/diarieducacio.cat\/extra\/#\/schema\/person\/a59c6f6463f58484e77cabd794911180"},"headline":"El F\u00f2rum: El lleure educatiu i sociocultural, davant el mirall","datePublished":"2025-12-11T15:15:48+00:00","dateModified":"2025-12-11T15:15:49+00:00","mainEntityOfPage":{"@id":"https:\/\/diarieducacio.cat\/extra\/2025\/12\/11\/el-forum-el-lleure-educatiu-i-sociocultural-davant-el-mirall\/"},"wordCount":600,"commentCount":0,"image":{"@id":"https:\/\/diarieducacio.cat\/extra\/2025\/12\/11\/el-forum-el-lleure-educatiu-i-sociocultural-davant-el-mirall\/#primaryimage"},"thumbnailUrl":"https:\/\/diarieducacio.cat\/extra\/wp-content\/uploads\/sites\/25\/2025\/12\/Imatge_redaccional1.jpg","keywords":["acellec","lleure"],"articleSection":["Activitats"],"inLanguage":"ca","potentialAction":[{"@type":"CommentAction","name":"Comment","target":["https:\/\/diarieducacio.cat\/extra\/2025\/12\/11\/el-forum-el-lleure-educatiu-i-sociocultural-davant-el-mirall\/#respond"]}]},{"@type":"WebPage","@id":"https:\/\/diarieducacio.cat\/extra\/2025\/12\/11\/el-forum-el-lleure-educatiu-i-sociocultural-davant-el-mirall\/","url":"https:\/\/diarieducacio.cat\/extra\/2025\/12\/11\/el-forum-el-lleure-educatiu-i-sociocultural-davant-el-mirall\/","name":"El F\u00f2rum: El lleure educatiu i sociocultural, davant el mirall - Extra Educaci\u00f3","isPartOf":{"@id":"https:\/\/diarieducacio.cat\/extra\/#website"},"primaryImageOfPage":{"@id":"https:\/\/diarieducacio.cat\/extra\/2025\/12\/11\/el-forum-el-lleure-educatiu-i-sociocultural-davant-el-mirall\/#primaryimage"},"image":{"@id":"https:\/\/diarieducacio.cat\/extra\/2025\/12\/11\/el-forum-el-lleure-educatiu-i-sociocultural-davant-el-mirall\/#primaryimage"},"thumbnailUrl":"https:\/\/diarieducacio.cat\/extra\/wp-content\/uploads\/sites\/25\/2025\/12\/Imatge_redaccional1.jpg","datePublished":"2025-12-11T15:15:48+00:00","dateModified":"2025-12-11T15:15:49+00:00","author":{"@id":"https:\/\/diarieducacio.cat\/extra\/#\/schema\/person\/a59c6f6463f58484e77cabd794911180"},"breadcrumb":{"@id":"https:\/\/diarieducacio.cat\/extra\/2025\/12\/11\/el-forum-el-lleure-educatiu-i-sociocultural-davant-el-mirall\/#breadcrumb"},"inLanguage":"ca","potentialAction":[{"@type":"ReadAction","target":["https:\/\/diarieducacio.cat\/extra\/2025\/12\/11\/el-forum-el-lleure-educatiu-i-sociocultural-davant-el-mirall\/"]}]},{"@type":"ImageObject","inLanguage":"ca","@id":"https:\/\/diarieducacio.cat\/extra\/2025\/12\/11\/el-forum-el-lleure-educatiu-i-sociocultural-davant-el-mirall\/#primaryimage","url":"https:\/\/diarieducacio.cat\/extra\/wp-content\/uploads\/sites\/25\/2025\/12\/Imatge_redaccional1.jpg","contentUrl":"https:\/\/diarieducacio.cat\/extra\/wp-content\/uploads\/sites\/25\/2025\/12\/Imatge_redaccional1.jpg","width":1000,"height":666,"caption":"| Acellec"},{"@type":"BreadcrumbList","@id":"https:\/\/diarieducacio.cat\/extra\/2025\/12\/11\/el-forum-el-lleure-educatiu-i-sociocultural-davant-el-mirall\/#breadcrumb","itemListElement":[{"@type":"ListItem","position":1,"name":"Inici","item":"https:\/\/diarieducacio.cat\/extra\/"},{"@type":"ListItem","position":2,"name":"El F\u00f2rum: El lleure educatiu i sociocultural, davant el mirall"}]},{"@type":"WebSite","@id":"https:\/\/diarieducacio.cat\/extra\/#website","url":"https:\/\/diarieducacio.cat\/extra\/","name":"Extra Educaci\u00f3","description":"Un blog de El Diari de l&#039;Educaci\u00f3","potentialAction":[{"@type":"SearchAction","target":{"@type":"EntryPoint","urlTemplate":"https:\/\/diarieducacio.cat\/extra\/?s={search_term_string}"},"query-input":{"@type":"PropertyValueSpecification","valueRequired":true,"valueName":"search_term_string"}}],"inLanguage":"ca"},{"@type":"Person","@id":"https:\/\/diarieducacio.cat\/extra\/#\/schema\/person\/a59c6f6463f58484e77cabd794911180","name":"Redacci\u00f3","image":{"@type":"ImageObject","inLanguage":"ca","@id":"https:\/\/diarieducacio.cat\/wp-content\/uploads\/2024\/11\/redaccio_avatar-96x96.png","url":"https:\/\/diarieducacio.cat\/wp-content\/uploads\/2024\/11\/redaccio_avatar-96x96.png","contentUrl":"https:\/\/diarieducacio.cat\/wp-content\/uploads\/2024\/11\/redaccio_avatar-96x96.png","caption":"Redacci\u00f3"},"sameAs":["https:\/\/x.com\/CatalunyaPlural"],"url":"https:\/\/diarieducacio.cat\/extra\/author\/redaccio\/"}]}},"_links":{"self":[{"href":"https:\/\/diarieducacio.cat\/extra\/wp-json\/wp\/v2\/posts\/3334","targetHints":{"allow":["GET"]}}],"collection":[{"href":"https:\/\/diarieducacio.cat\/extra\/wp-json\/wp\/v2\/posts"}],"about":[{"href":"https:\/\/diarieducacio.cat\/extra\/wp-json\/wp\/v2\/types\/post"}],"author":[{"embeddable":true,"href":"https:\/\/diarieducacio.cat\/extra\/wp-json\/wp\/v2\/users\/3"}],"replies":[{"embeddable":true,"href":"https:\/\/diarieducacio.cat\/extra\/wp-json\/wp\/v2\/comments?post=3334"}],"version-history":[{"count":1,"href":"https:\/\/diarieducacio.cat\/extra\/wp-json\/wp\/v2\/posts\/3334\/revisions"}],"predecessor-version":[{"id":3336,"href":"https:\/\/diarieducacio.cat\/extra\/wp-json\/wp\/v2\/posts\/3334\/revisions\/3336"}],"wp:featuredmedia":[{"embeddable":true,"href":"https:\/\/diarieducacio.cat\/extra\/wp-json\/wp\/v2\/media\/3335"}],"wp:attachment":[{"href":"https:\/\/diarieducacio.cat\/extra\/wp-json\/wp\/v2\/media?parent=3334"}],"wp:term":[{"taxonomy":"category","embeddable":true,"href":"https:\/\/diarieducacio.cat\/extra\/wp-json\/wp\/v2\/categories?post=3334"},{"taxonomy":"post_tag","embeddable":true,"href":"https:\/\/diarieducacio.cat\/extra\/wp-json\/wp\/v2\/tags?post=3334"},{"taxonomy":"tipo","embeddable":true,"href":"https:\/\/diarieducacio.cat\/extra\/wp-json\/wp\/v2\/tipo?post=3334"}],"curies":[{"name":"wp","href":"https:\/\/api.w.org\/{rel}","templated":true}]}}