{"id":3356,"date":"2026-01-22T04:49:00","date_gmt":"2026-01-22T03:49:00","guid":{"rendered":"https:\/\/diarieducacio.cat\/extra\/?p=3356"},"modified":"2026-01-30T14:35:05","modified_gmt":"2026-01-30T13:35:05","slug":"envellir-en-lera-digital-alfabetitzacio-mediatica-participacio-i-compromis-critic","status":"publish","type":"post","link":"https:\/\/diarieducacio.cat\/extra\/2026\/01\/22\/envellir-en-lera-digital-alfabetitzacio-mediatica-participacio-i-compromis-critic\/","title":{"rendered":"Envellir en l\u2019era digital: alfabetitzaci\u00f3 medi\u00e0tica, participaci\u00f3 i comprom\u00eds cr\u00edtic"},"content":{"rendered":"\n<p>El projecte europeu <strong>MELISE<\/strong>\u00a0(Media Literacy for Seniors) organitza el congr\u00e9s internacional<strong>\u00a0\u201cAgeing in the Digital Era: MediaLiteracy, Participation and Critical Engagement<\/strong>\u201d. Ja estan obertes les inscripcions gratu\u00eftes per assistir al congr\u00e9s, que tindr\u00e0 lloc el pr\u00f2xim<strong>\u00a06 de febrer al CCCB<\/strong>, en format h\u00edbrid (presencial i en l\u00ednia). <a href=\"https:\/\/meliseproject.eu\/join-the-conference-ageing-in-the-digital-era-medialiteracy-participation-and-critical-engagement\/\" target=\"_blank\" rel=\"noreferrer noopener\"><u>Inscriu-te aqu\u00ed.<\/u><\/a>\u00a0<\/p>\n\n\n\n<p>La confer\u00e8ncia oferir\u00e0 pon\u00e8ncies, taules rodones i una sessi\u00f3 final de debat per compartir recerques, metodologies i bones pr\u00e0ctiques que contribueixen a la inclusi\u00f3 social, l\u2019empoderament i la ciutadania activa en l\u2019era digital. Aquest ser\u00e0 un espai de di\u00e0leg i col\u00b7laboraci\u00f3 entre acad\u00e8mia, societat civil i institucions, amb oportunitats de networking i intercanvi d\u2019experi\u00e8ncies innovadores, pensat per fomentar la participaci\u00f3 cr\u00edtica i la cooperaci\u00f3 intergeneracional en l\u2019\u00e0mbit de l\u2019alfabetitzaci\u00f3 medi\u00e0tica.<\/p>\n\n\n\n<h2 class=\"wp-block-heading\"><strong>Pon\u00e8ncies destacades<\/strong><strong><\/strong><\/h2>\n\n\n\n<p>El Congr\u00e9s Internacional comptar\u00e0 amb la participaci\u00f3 de reconeguts experts de la comunicaci\u00f3. Entre els ponents destacats hi haur\u00e0 <strong>Ilaria Gaudiello<\/strong>, investigadora i directora de la Biblioteche Senza Frontiere (It\u00e0lia), que oferir\u00e0 la pon\u00e8ncia \u201cMeet Nino, the simple and secure guide to the digital world\u201d. Al llarg de la seva traject\u00f2ria, ha treballat per promoure l\u2019acc\u00e9s a la informaci\u00f3, l\u2019educaci\u00f3 i la cultura a comunitats amb barreres socials, econ\u00f2miques o geogr\u00e0fiques, combinant tecnologia innovadora i recursos educatius personalitzats per fomentar inclusi\u00f3 i ciutadania activa.<\/p>\n\n\n\n<p>La segona pon\u00e8ncia, es far\u00e0 de la m\u00e0 de<strong>&nbsp;Silvia de Riba<\/strong>, doctora en Arts i Educaci\u00f3 per la Universitat de Barcelona i professora titular en formaci\u00f3 cont\u00ednua a l\u2019\u00e0rea d\u2019Educaci\u00f3 Art\u00edstica de la Universitat de Girona, que presentar\u00e0 \u201cRethinking Literacy from the \u2018Posts\u2019: Intra-actions and Affects in Situated Media Encounters\u201d.<strong><\/strong><\/p>\n\n\n\n<h2 class=\"wp-block-heading\"><strong>Panells i taula rodona<\/strong><strong><\/strong><\/h2>\n\n\n\n<p>Els dos panells que se celebraran en el marc de la jornada, oferiran una visi\u00f3 completa sobre alfabetitzaci\u00f3 medi\u00e0tica, just\u00edcia epist\u00e8mica i el consum cr\u00edtic de not\u00edcies entre generacions. Al mat\u00ed, el primer panell se centrar\u00e0 en les perspectives intergeneracionals de l\u2019alfabetitzaci\u00f3 medi\u00e0tica i la participaci\u00f3 digital.<\/p>\n\n\n\n<p><strong>Anna G. Orfanidou<\/strong>, de University of York, presentar\u00e0 l\u2019estudi \u201cAnalog Anchors and Digital Floaters\u201d, que examina com les difer\u00e8ncies generacionals afecten la manera en qu\u00e8 els usuaris consumeixen i valoren les not\u00edcies en l\u2019entorn h\u00edbrid digital. D\u2019altra banda, <strong>Pedro Garc\u00eda Guirao<\/strong>, de la Universitat de M\u00e0laga, exposar\u00e0 \u201cBioethics Through the Screen\u201d. Aquest espai permetr\u00e0 als assistents explorar com l\u2019experi\u00e8ncia, la cultura i la confian\u00e7a en les fonts condicionen la lectura cr\u00edtica dels mitjans i la construcci\u00f3 de significats \u00e8tics.<\/p>\n\n\n\n<p>A la tarda, el segon panell es centrar\u00e0 en l\u2019alfabetitzaci\u00f3 medi\u00e0tica per a persones grans, abordant com combinar educaci\u00f3 continuada amb habilitats funcionals digitals. <strong>Margarida Maneta<\/strong>, de Lus\u00f3fona University, reflexionar\u00e0 sobre la pregunta \u201cMedia education? For older people too\u201d, subratllant la necessitat d\u2019oferir oportunitats formatives inclusives per a aquest col\u00b7lectiu. Tanmateix, <strong>Katerina Chryssanthopoulou<\/strong>, de Ionian University, presentar\u00e0 el projecte europeu BUBI, que proposa un model integrat d\u2019habilitats funcionals per a adults grans, combinant alfabetitzaci\u00f3 digital, raonament cr\u00edtic, resoluci\u00f3 de problemes i compet\u00e8ncies num\u00e8riques.<\/p>\n\n\n\n<p>Per tancar la jornada, es realitzar\u00e0 una taula rodona que oferir\u00e0 un espai de debat i reflexi\u00f3 col\u00b7lectiva sobre l\u2019envelliment en l\u2019era digital, l\u2019alfabetitzaci\u00f3 medi\u00e0tica i la participaci\u00f3 cr\u00edtica. Moderada per<strong>&nbsp;Apostolos Koutropoulos<\/strong>, la sessi\u00f3 comptar\u00e0 amb la participaci\u00f3 de <strong>Lorenzo Marini<\/strong>&nbsp;(Verificat), <strong>Cristina Fern\u00e1ndez<\/strong>&nbsp;(UVIC), <strong>Anna Blazquez Abella <\/strong>(Fundaci\u00f3 Pere Tarr\u00e9s) i <strong>George Rambotas<\/strong>&nbsp;(estudiant d\u2019AUTH), que aportaran perspectives complement\u00e0ries des del fact-checking, la recerca acad\u00e8mica, la pr\u00e0ctica educativa amb persones grans i la mirada jove universit\u00e0ria. La taula rodona pret\u00e9n generar un di\u00e0leg ric i transversal que permeti identificar les claus per impulsar una cultura intergeneracional de compet\u00e8ncies medi\u00e0tiques i garantir una participaci\u00f3 digital plena, segura i cr\u00edtica per a totes les edats.<\/p>\n\n\n\n<h2 class=\"wp-block-heading\"><strong>Sobre el projecte<\/strong><strong><\/strong><\/h2>\n\n\n\n<p>El projecte <a href=\"https:\/\/meliseproject.eu\/\"><strong><u><strong>MELISE (Media Literacy for Seniors)<\/strong><\/u><\/strong><\/a>&nbsp;se centra a promoure l\u2019alfabetitzaci\u00f3 medi\u00e0tica cr\u00edtica per a persones grans. L\u2019objectiu \u00e9s reduir la bretxa digital, que pot generar a\u00efllament social i dificultats d\u2019acc\u00e9s a informaci\u00f3 rellevant, alhora que es fomenta la participaci\u00f3 activa, l\u2019expressi\u00f3 pr\u00f2pia i la connexi\u00f3 amb la comunitat. MELISE treballa per desenvolupar programes de formaci\u00f3 adaptats a les necessitats d\u2019aprenentatge de les persones grans, combinant compet\u00e8ncies en pensament cr\u00edtic, ciutadania digital i \u00fas responsable de les xarxes socials.<\/p>\n\n\n\n<h2 class=\"wp-block-heading\"><strong>Inscripci\u00f3 i assist\u00e8ncia gratu\u00eftes<\/strong><strong><\/strong><\/h2>\n\n\n\n<p>Inscriu-t\u2019hi <a href=\"https:\/\/meliseproject.eu\/join-the-conference-ageing-in-the-digital-era-medialiteracy-participation-and-critical-engagement\/\"><u>a trav\u00e9s d\u2019aquest enlla\u00e7<\/u><\/a>.<\/p>\n\n\n\n<p><\/p>\n\n\n\n<h2 class=\"wp-block-heading\"><strong>Programa<\/strong><strong><\/strong><\/h2>\n\n\n\n<p><strong>09:30 \u2013 10:00<\/strong><strong><\/strong><\/p>\n\n\n\n<p>Registration<\/p>\n\n\n\n<p><strong>10:00 \u2013 10:20<\/strong><strong><br><\/strong>Welcome and presentation of the MELISE project<br>Paula Estalayo (Ediciones Octaedro) \u2013 <em>Critical Media Literacy and Social Inclusion in Later Life: The MELISE Approach<\/em><em><\/em><\/p>\n\n\n\n<p><strong>10:20 \u2013 10:30<\/strong><strong><br><\/strong>Welcome remarks<br>Montserrat Amor\u00f3s Coderch (IAUTA, International Association of Universities of the Third Age)<\/p>\n\n\n\n<p><strong>10:30 \u2013 11:00<\/strong><strong><br><\/strong>Keynote 1 (Online)<br>Ilaria Gaudiello (Biblioteche Senza Frontiere, Italy) \u2013 <em>Meet Nino, the simple and secure guide to the digital world<\/em><em><\/em><\/p>\n\n\n\n<p>Chair: Matteo Scannavini (Dataninja)<\/p>\n\n\n\n<p><strong>11:00 \u2013 11:30<\/strong><strong><br><\/strong>Coffee break<\/p>\n\n\n\n<p><strong>11:30 \u2013 12:15<\/strong><strong><br><\/strong>Panel 1 (In person) \u2013 <em>Ethics, Epistemic Justice and Intergenerational News Literacy<\/em><em><\/em><\/p>\n\n\n\n<p>Chair: Isabel Garc\u00eda (Cosicosa)<\/p>\n\n\n\n<ul class=\"wp-block-list\">\n<li>Anna G. Orfanidou (University of York, Europe Campus) \u2013 <em>Analog Anchors and Digital Floaters: Intergenerational Perspectives on Media Literacy and Critical News Consumption<\/em><\/li>\n\n\n\n<li>Pedro Garc\u00eda Guirao (University of Malaga) \u2013 <em>Bioethics Through the Screen: Audiovisual Media Literacy and the Challenge of Epistemic Injustice in Older Adults<\/em><\/li>\n<\/ul>\n\n\n\n<p><strong>12:15 \u2013 12:30<\/strong><strong><br><\/strong>Break<\/p>\n\n\n\n<p><strong>12:30 \u2013 13:00<\/strong><strong><br><\/strong>Keynote 2 (In person)<br>Silvia de Riba (University of Girona) \u2013 <em>Rethinking Literacy from the \u2018Posts\u2019: Intra-actions and Affects in Situated Media Encounters<\/em><em><\/em><\/p>\n\n\n\n<p><em>Chair: Paula Estalayo (Ediciones Octaedro)<\/em><em><\/em><\/p>\n\n\n\n<p><strong>13:00 \u2013 14:30<\/strong><strong><br><\/strong>Lunch break<\/p>\n\n\n\n<p><strong>14:30 \u2013 15:00<\/strong><strong><br><\/strong>Panel 2 (Online) \u2013 Teaching Media Literacy to Seniors: From Lifelong Media Education to Functional Skills<\/p>\n\n\n\n<p>Chair: Cristina Valero (Cosicosa)<\/p>\n\n\n\n<ul class=\"wp-block-list\">\n<li>Margarida Maneta (Lus\u00f3fona University, CICANT) \u2013 <em>Media education? For older people too<\/em><\/li>\n\n\n\n<li>Katerina Chryssanthopoulou (Ionian University, Greece) \u2013 <em>Media literacy for seniors as a set of functional skills: the example of BUBI EU project<\/em><\/li>\n<\/ul>\n\n\n\n<p><strong>15:00 \u2013 16:30<\/strong><strong><br><\/strong>Roundtable \u2013 Ageing in the Digital Era: Media Literacy, Participation and Critical Engagement<\/p>\n\n\n\n<p>Chair: Apostolos Koutropoulos (AUTH)<\/p>\n\n\n\n<ul class=\"wp-block-list\">\n<li>Lorenzo Marini (Verificat)<\/li>\n\n\n\n<li>Cristina Fern\u00e1ndez (UVIC)<\/li>\n\n\n\n<li>Anna Blazquez Abella (Fundaci\u00f3 Pere Tarr\u00e9s)<\/li>\n\n\n\n<li>George Rambotas (AUTH)<\/li>\n<\/ul>\n\n\n\n<p><strong>16:30 \u2013 17:00<\/strong><strong><br><\/strong>Closing remarks<\/p>\n\n\n\n<p>Isabel Nery (Associa\u00e7\u00e3o Literacia para os Media e Jornalismo)<\/p>\n","protected":false},"excerpt":{"rendered":"<p>El projecte europeu MELISE\u00a0(Media Literacy for Seniors) organitza el congr\u00e9s internacional\u00a0\u201cAgeing in the Digital Era: MediaLiteracy, Participation and Critical Engagement\u201d. Ja estan obertes les inscripcions gratu\u00eftes per assistir al congr\u00e9s, que tindr\u00e0 lloc el pr\u00f2xim\u00a06 de febrer al CCCB, en format h\u00edbrid (presencial i en l\u00ednia). Inscriu-te aqu\u00ed.\u00a0 La confer\u00e8ncia oferir\u00e0 pon\u00e8ncies, taules rodones i<\/p>\n","protected":false},"author":3,"featured_media":3359,"comment_status":"open","ping_status":"open","sticky":false,"template":"","format":"standard","meta":{"footnotes":""},"categories":[132],"tags":[],"tipo":[192],"class_list":{"0":"post-3356","1":"post","2":"type-post","3":"status-publish","4":"format-standard","5":"has-post-thumbnail","7":"category-activitats","8":"tipo-actualitat"},"yoast_head":"<!-- This site is optimized with the Yoast SEO plugin v27.4 - https:\/\/yoast.com\/product\/yoast-seo-wordpress\/ -->\n<title>Envellir en l\u2019era digital: alfabetitzaci\u00f3 medi\u00e0tica, participaci\u00f3 i comprom\u00eds cr\u00edtic - Extra Educaci\u00f3<\/title>\n<meta name=\"robots\" content=\"index, follow, max-snippet:-1, max-image-preview:large, max-video-preview:-1\" \/>\n<link rel=\"canonical\" href=\"https:\/\/diarieducacio.cat\/extra\/2026\/01\/22\/envellir-en-lera-digital-alfabetitzacio-mediatica-participacio-i-compromis-critic\/\" \/>\n<meta property=\"og:locale\" content=\"ca_ES\" \/>\n<meta property=\"og:type\" content=\"article\" \/>\n<meta property=\"og:title\" content=\"Envellir en l\u2019era digital: alfabetitzaci\u00f3 medi\u00e0tica, participaci\u00f3 i comprom\u00eds cr\u00edtic - Extra Educaci\u00f3\" \/>\n<meta property=\"og:description\" content=\"El projecte europeu MELISE\u00a0(Media Literacy for Seniors) organitza el congr\u00e9s internacional\u00a0\u201cAgeing in the Digital Era: MediaLiteracy, Participation and Critical Engagement\u201d. Ja estan obertes les inscripcions gratu\u00eftes per assistir al congr\u00e9s, que tindr\u00e0 lloc el pr\u00f2xim\u00a06 de febrer al CCCB, en format h\u00edbrid (presencial i en l\u00ednia). Inscriu-te aqu\u00ed.\u00a0 La confer\u00e8ncia oferir\u00e0 pon\u00e8ncies, taules rodones i\" \/>\n<meta property=\"og:url\" content=\"https:\/\/diarieducacio.cat\/extra\/2026\/01\/22\/envellir-en-lera-digital-alfabetitzacio-mediatica-participacio-i-compromis-critic\/\" \/>\n<meta property=\"og:site_name\" content=\"Extra Educaci\u00f3\" \/>\n<meta property=\"article:publisher\" content=\"https:\/\/www.facebook.com\/diarieducacio\/\" \/>\n<meta property=\"article:published_time\" content=\"2026-01-22T03:49:00+00:00\" \/>\n<meta property=\"article:modified_time\" content=\"2026-01-30T13:35:05+00:00\" \/>\n<meta property=\"og:image\" content=\"https:\/\/diarieducacio.cat\/extra\/wp-content\/uploads\/sites\/25\/2026\/01\/1.jpg\" \/>\n\t<meta property=\"og:image:width\" content=\"1250\" \/>\n\t<meta property=\"og:image:height\" content=\"884\" \/>\n\t<meta property=\"og:image:type\" content=\"image\/jpeg\" \/>\n<meta name=\"author\" content=\"Redacci\u00f3\" \/>\n<meta name=\"twitter:card\" content=\"summary_large_image\" \/>\n<meta name=\"twitter:creator\" content=\"@CatalunyaPlural\" \/>\n<meta name=\"twitter:site\" content=\"@DiariEducacio\" \/>\n<meta name=\"twitter:label1\" content=\"Escrit per\" \/>\n\t<meta name=\"twitter:data1\" content=\"Redacci\u00f3\" \/>\n\t<meta name=\"twitter:label2\" content=\"Temps estimat de lectura\" \/>\n\t<meta name=\"twitter:data2\" content=\"6 minuts\" \/>\n<script type=\"application\/ld+json\" class=\"yoast-schema-graph\">{\"@context\":\"https:\\\/\\\/schema.org\",\"@graph\":[{\"@type\":\"Article\",\"@id\":\"https:\\\/\\\/diarieducacio.cat\\\/extra\\\/2026\\\/01\\\/22\\\/envellir-en-lera-digital-alfabetitzacio-mediatica-participacio-i-compromis-critic\\\/#article\",\"isPartOf\":{\"@id\":\"https:\\\/\\\/diarieducacio.cat\\\/extra\\\/2026\\\/01\\\/22\\\/envellir-en-lera-digital-alfabetitzacio-mediatica-participacio-i-compromis-critic\\\/\"},\"author\":{\"name\":\"Redacci\u00f3\",\"@id\":\"https:\\\/\\\/diarieducacio.cat\\\/extra\\\/#\\\/schema\\\/person\\\/a59c6f6463f58484e77cabd794911180\"},\"headline\":\"Envellir en l\u2019era digital: alfabetitzaci\u00f3 medi\u00e0tica, participaci\u00f3 i comprom\u00eds cr\u00edtic\",\"datePublished\":\"2026-01-22T03:49:00+00:00\",\"dateModified\":\"2026-01-30T13:35:05+00:00\",\"mainEntityOfPage\":{\"@id\":\"https:\\\/\\\/diarieducacio.cat\\\/extra\\\/2026\\\/01\\\/22\\\/envellir-en-lera-digital-alfabetitzacio-mediatica-participacio-i-compromis-critic\\\/\"},\"wordCount\":1043,\"commentCount\":0,\"image\":{\"@id\":\"https:\\\/\\\/diarieducacio.cat\\\/extra\\\/2026\\\/01\\\/22\\\/envellir-en-lera-digital-alfabetitzacio-mediatica-participacio-i-compromis-critic\\\/#primaryimage\"},\"thumbnailUrl\":\"https:\\\/\\\/diarieducacio.cat\\\/extra\\\/wp-content\\\/uploads\\\/sites\\\/25\\\/2026\\\/01\\\/1.jpg\",\"articleSection\":[\"Activitats\"],\"inLanguage\":\"ca\",\"potentialAction\":[{\"@type\":\"CommentAction\",\"name\":\"Comment\",\"target\":[\"https:\\\/\\\/diarieducacio.cat\\\/extra\\\/2026\\\/01\\\/22\\\/envellir-en-lera-digital-alfabetitzacio-mediatica-participacio-i-compromis-critic\\\/#respond\"]}]},{\"@type\":\"WebPage\",\"@id\":\"https:\\\/\\\/diarieducacio.cat\\\/extra\\\/2026\\\/01\\\/22\\\/envellir-en-lera-digital-alfabetitzacio-mediatica-participacio-i-compromis-critic\\\/\",\"url\":\"https:\\\/\\\/diarieducacio.cat\\\/extra\\\/2026\\\/01\\\/22\\\/envellir-en-lera-digital-alfabetitzacio-mediatica-participacio-i-compromis-critic\\\/\",\"name\":\"Envellir en l\u2019era digital: alfabetitzaci\u00f3 medi\u00e0tica, participaci\u00f3 i comprom\u00eds cr\u00edtic - Extra Educaci\u00f3\",\"isPartOf\":{\"@id\":\"https:\\\/\\\/diarieducacio.cat\\\/extra\\\/#website\"},\"primaryImageOfPage\":{\"@id\":\"https:\\\/\\\/diarieducacio.cat\\\/extra\\\/2026\\\/01\\\/22\\\/envellir-en-lera-digital-alfabetitzacio-mediatica-participacio-i-compromis-critic\\\/#primaryimage\"},\"image\":{\"@id\":\"https:\\\/\\\/diarieducacio.cat\\\/extra\\\/2026\\\/01\\\/22\\\/envellir-en-lera-digital-alfabetitzacio-mediatica-participacio-i-compromis-critic\\\/#primaryimage\"},\"thumbnailUrl\":\"https:\\\/\\\/diarieducacio.cat\\\/extra\\\/wp-content\\\/uploads\\\/sites\\\/25\\\/2026\\\/01\\\/1.jpg\",\"datePublished\":\"2026-01-22T03:49:00+00:00\",\"dateModified\":\"2026-01-30T13:35:05+00:00\",\"author\":{\"@id\":\"https:\\\/\\\/diarieducacio.cat\\\/extra\\\/#\\\/schema\\\/person\\\/a59c6f6463f58484e77cabd794911180\"},\"breadcrumb\":{\"@id\":\"https:\\\/\\\/diarieducacio.cat\\\/extra\\\/2026\\\/01\\\/22\\\/envellir-en-lera-digital-alfabetitzacio-mediatica-participacio-i-compromis-critic\\\/#breadcrumb\"},\"inLanguage\":\"ca\",\"potentialAction\":[{\"@type\":\"ReadAction\",\"target\":[\"https:\\\/\\\/diarieducacio.cat\\\/extra\\\/2026\\\/01\\\/22\\\/envellir-en-lera-digital-alfabetitzacio-mediatica-participacio-i-compromis-critic\\\/\"]}]},{\"@type\":\"ImageObject\",\"inLanguage\":\"ca\",\"@id\":\"https:\\\/\\\/diarieducacio.cat\\\/extra\\\/2026\\\/01\\\/22\\\/envellir-en-lera-digital-alfabetitzacio-mediatica-participacio-i-compromis-critic\\\/#primaryimage\",\"url\":\"https:\\\/\\\/diarieducacio.cat\\\/extra\\\/wp-content\\\/uploads\\\/sites\\\/25\\\/2026\\\/01\\\/1.jpg\",\"contentUrl\":\"https:\\\/\\\/diarieducacio.cat\\\/extra\\\/wp-content\\\/uploads\\\/sites\\\/25\\\/2026\\\/01\\\/1.jpg\",\"width\":1250,\"height\":884,\"caption\":\"melise\"},{\"@type\":\"BreadcrumbList\",\"@id\":\"https:\\\/\\\/diarieducacio.cat\\\/extra\\\/2026\\\/01\\\/22\\\/envellir-en-lera-digital-alfabetitzacio-mediatica-participacio-i-compromis-critic\\\/#breadcrumb\",\"itemListElement\":[{\"@type\":\"ListItem\",\"position\":1,\"name\":\"Inici\",\"item\":\"https:\\\/\\\/diarieducacio.cat\\\/extra\\\/\"},{\"@type\":\"ListItem\",\"position\":2,\"name\":\"Envellir en l\u2019era digital: alfabetitzaci\u00f3 medi\u00e0tica, participaci\u00f3 i comprom\u00eds cr\u00edtic\"}]},{\"@type\":\"WebSite\",\"@id\":\"https:\\\/\\\/diarieducacio.cat\\\/extra\\\/#website\",\"url\":\"https:\\\/\\\/diarieducacio.cat\\\/extra\\\/\",\"name\":\"Extra Educaci\u00f3\",\"description\":\"Un blog de El Diari de l&#039;Educaci\u00f3\",\"potentialAction\":[{\"@type\":\"SearchAction\",\"target\":{\"@type\":\"EntryPoint\",\"urlTemplate\":\"https:\\\/\\\/diarieducacio.cat\\\/extra\\\/?s={search_term_string}\"},\"query-input\":{\"@type\":\"PropertyValueSpecification\",\"valueRequired\":true,\"valueName\":\"search_term_string\"}}],\"inLanguage\":\"ca\"},{\"@type\":\"Person\",\"@id\":\"https:\\\/\\\/diarieducacio.cat\\\/extra\\\/#\\\/schema\\\/person\\\/a59c6f6463f58484e77cabd794911180\",\"name\":\"Redacci\u00f3\",\"image\":{\"@type\":\"ImageObject\",\"inLanguage\":\"ca\",\"@id\":\"https:\\\/\\\/diarieducacio.cat\\\/wp-content\\\/uploads\\\/2024\\\/11\\\/redaccio_avatar-96x96.png\",\"url\":\"https:\\\/\\\/diarieducacio.cat\\\/wp-content\\\/uploads\\\/2024\\\/11\\\/redaccio_avatar-96x96.png\",\"contentUrl\":\"https:\\\/\\\/diarieducacio.cat\\\/wp-content\\\/uploads\\\/2024\\\/11\\\/redaccio_avatar-96x96.png\",\"caption\":\"Redacci\u00f3\"},\"sameAs\":[\"https:\\\/\\\/x.com\\\/CatalunyaPlural\"],\"url\":\"https:\\\/\\\/diarieducacio.cat\\\/extra\\\/author\\\/redaccio\\\/\"}]}<\/script>\n<!-- \/ Yoast SEO plugin. -->","yoast_head_json":{"title":"Envellir en l\u2019era digital: alfabetitzaci\u00f3 medi\u00e0tica, participaci\u00f3 i comprom\u00eds cr\u00edtic - Extra Educaci\u00f3","robots":{"index":"index","follow":"follow","max-snippet":"max-snippet:-1","max-image-preview":"max-image-preview:large","max-video-preview":"max-video-preview:-1"},"canonical":"https:\/\/diarieducacio.cat\/extra\/2026\/01\/22\/envellir-en-lera-digital-alfabetitzacio-mediatica-participacio-i-compromis-critic\/","og_locale":"ca_ES","og_type":"article","og_title":"Envellir en l\u2019era digital: alfabetitzaci\u00f3 medi\u00e0tica, participaci\u00f3 i comprom\u00eds cr\u00edtic - Extra Educaci\u00f3","og_description":"El projecte europeu MELISE\u00a0(Media Literacy for Seniors) organitza el congr\u00e9s internacional\u00a0\u201cAgeing in the Digital Era: MediaLiteracy, Participation and Critical Engagement\u201d. Ja estan obertes les inscripcions gratu\u00eftes per assistir al congr\u00e9s, que tindr\u00e0 lloc el pr\u00f2xim\u00a06 de febrer al CCCB, en format h\u00edbrid (presencial i en l\u00ednia). Inscriu-te aqu\u00ed.\u00a0 La confer\u00e8ncia oferir\u00e0 pon\u00e8ncies, taules rodones i","og_url":"https:\/\/diarieducacio.cat\/extra\/2026\/01\/22\/envellir-en-lera-digital-alfabetitzacio-mediatica-participacio-i-compromis-critic\/","og_site_name":"Extra Educaci\u00f3","article_publisher":"https:\/\/www.facebook.com\/diarieducacio\/","article_published_time":"2026-01-22T03:49:00+00:00","article_modified_time":"2026-01-30T13:35:05+00:00","og_image":[{"width":1250,"height":884,"url":"https:\/\/diarieducacio.cat\/extra\/wp-content\/uploads\/sites\/25\/2026\/01\/1.jpg","type":"image\/jpeg"}],"author":"Redacci\u00f3","twitter_card":"summary_large_image","twitter_creator":"@CatalunyaPlural","twitter_site":"@DiariEducacio","twitter_misc":{"Escrit per":"Redacci\u00f3","Temps estimat de lectura":"6 minuts"},"schema":{"@context":"https:\/\/schema.org","@graph":[{"@type":"Article","@id":"https:\/\/diarieducacio.cat\/extra\/2026\/01\/22\/envellir-en-lera-digital-alfabetitzacio-mediatica-participacio-i-compromis-critic\/#article","isPartOf":{"@id":"https:\/\/diarieducacio.cat\/extra\/2026\/01\/22\/envellir-en-lera-digital-alfabetitzacio-mediatica-participacio-i-compromis-critic\/"},"author":{"name":"Redacci\u00f3","@id":"https:\/\/diarieducacio.cat\/extra\/#\/schema\/person\/a59c6f6463f58484e77cabd794911180"},"headline":"Envellir en l\u2019era digital: alfabetitzaci\u00f3 medi\u00e0tica, participaci\u00f3 i comprom\u00eds cr\u00edtic","datePublished":"2026-01-22T03:49:00+00:00","dateModified":"2026-01-30T13:35:05+00:00","mainEntityOfPage":{"@id":"https:\/\/diarieducacio.cat\/extra\/2026\/01\/22\/envellir-en-lera-digital-alfabetitzacio-mediatica-participacio-i-compromis-critic\/"},"wordCount":1043,"commentCount":0,"image":{"@id":"https:\/\/diarieducacio.cat\/extra\/2026\/01\/22\/envellir-en-lera-digital-alfabetitzacio-mediatica-participacio-i-compromis-critic\/#primaryimage"},"thumbnailUrl":"https:\/\/diarieducacio.cat\/extra\/wp-content\/uploads\/sites\/25\/2026\/01\/1.jpg","articleSection":["Activitats"],"inLanguage":"ca","potentialAction":[{"@type":"CommentAction","name":"Comment","target":["https:\/\/diarieducacio.cat\/extra\/2026\/01\/22\/envellir-en-lera-digital-alfabetitzacio-mediatica-participacio-i-compromis-critic\/#respond"]}]},{"@type":"WebPage","@id":"https:\/\/diarieducacio.cat\/extra\/2026\/01\/22\/envellir-en-lera-digital-alfabetitzacio-mediatica-participacio-i-compromis-critic\/","url":"https:\/\/diarieducacio.cat\/extra\/2026\/01\/22\/envellir-en-lera-digital-alfabetitzacio-mediatica-participacio-i-compromis-critic\/","name":"Envellir en l\u2019era digital: alfabetitzaci\u00f3 medi\u00e0tica, participaci\u00f3 i comprom\u00eds cr\u00edtic - Extra Educaci\u00f3","isPartOf":{"@id":"https:\/\/diarieducacio.cat\/extra\/#website"},"primaryImageOfPage":{"@id":"https:\/\/diarieducacio.cat\/extra\/2026\/01\/22\/envellir-en-lera-digital-alfabetitzacio-mediatica-participacio-i-compromis-critic\/#primaryimage"},"image":{"@id":"https:\/\/diarieducacio.cat\/extra\/2026\/01\/22\/envellir-en-lera-digital-alfabetitzacio-mediatica-participacio-i-compromis-critic\/#primaryimage"},"thumbnailUrl":"https:\/\/diarieducacio.cat\/extra\/wp-content\/uploads\/sites\/25\/2026\/01\/1.jpg","datePublished":"2026-01-22T03:49:00+00:00","dateModified":"2026-01-30T13:35:05+00:00","author":{"@id":"https:\/\/diarieducacio.cat\/extra\/#\/schema\/person\/a59c6f6463f58484e77cabd794911180"},"breadcrumb":{"@id":"https:\/\/diarieducacio.cat\/extra\/2026\/01\/22\/envellir-en-lera-digital-alfabetitzacio-mediatica-participacio-i-compromis-critic\/#breadcrumb"},"inLanguage":"ca","potentialAction":[{"@type":"ReadAction","target":["https:\/\/diarieducacio.cat\/extra\/2026\/01\/22\/envellir-en-lera-digital-alfabetitzacio-mediatica-participacio-i-compromis-critic\/"]}]},{"@type":"ImageObject","inLanguage":"ca","@id":"https:\/\/diarieducacio.cat\/extra\/2026\/01\/22\/envellir-en-lera-digital-alfabetitzacio-mediatica-participacio-i-compromis-critic\/#primaryimage","url":"https:\/\/diarieducacio.cat\/extra\/wp-content\/uploads\/sites\/25\/2026\/01\/1.jpg","contentUrl":"https:\/\/diarieducacio.cat\/extra\/wp-content\/uploads\/sites\/25\/2026\/01\/1.jpg","width":1250,"height":884,"caption":"melise"},{"@type":"BreadcrumbList","@id":"https:\/\/diarieducacio.cat\/extra\/2026\/01\/22\/envellir-en-lera-digital-alfabetitzacio-mediatica-participacio-i-compromis-critic\/#breadcrumb","itemListElement":[{"@type":"ListItem","position":1,"name":"Inici","item":"https:\/\/diarieducacio.cat\/extra\/"},{"@type":"ListItem","position":2,"name":"Envellir en l\u2019era digital: alfabetitzaci\u00f3 medi\u00e0tica, participaci\u00f3 i comprom\u00eds cr\u00edtic"}]},{"@type":"WebSite","@id":"https:\/\/diarieducacio.cat\/extra\/#website","url":"https:\/\/diarieducacio.cat\/extra\/","name":"Extra Educaci\u00f3","description":"Un blog de El Diari de l&#039;Educaci\u00f3","potentialAction":[{"@type":"SearchAction","target":{"@type":"EntryPoint","urlTemplate":"https:\/\/diarieducacio.cat\/extra\/?s={search_term_string}"},"query-input":{"@type":"PropertyValueSpecification","valueRequired":true,"valueName":"search_term_string"}}],"inLanguage":"ca"},{"@type":"Person","@id":"https:\/\/diarieducacio.cat\/extra\/#\/schema\/person\/a59c6f6463f58484e77cabd794911180","name":"Redacci\u00f3","image":{"@type":"ImageObject","inLanguage":"ca","@id":"https:\/\/diarieducacio.cat\/wp-content\/uploads\/2024\/11\/redaccio_avatar-96x96.png","url":"https:\/\/diarieducacio.cat\/wp-content\/uploads\/2024\/11\/redaccio_avatar-96x96.png","contentUrl":"https:\/\/diarieducacio.cat\/wp-content\/uploads\/2024\/11\/redaccio_avatar-96x96.png","caption":"Redacci\u00f3"},"sameAs":["https:\/\/x.com\/CatalunyaPlural"],"url":"https:\/\/diarieducacio.cat\/extra\/author\/redaccio\/"}]}},"_links":{"self":[{"href":"https:\/\/diarieducacio.cat\/extra\/wp-json\/wp\/v2\/posts\/3356","targetHints":{"allow":["GET"]}}],"collection":[{"href":"https:\/\/diarieducacio.cat\/extra\/wp-json\/wp\/v2\/posts"}],"about":[{"href":"https:\/\/diarieducacio.cat\/extra\/wp-json\/wp\/v2\/types\/post"}],"author":[{"embeddable":true,"href":"https:\/\/diarieducacio.cat\/extra\/wp-json\/wp\/v2\/users\/3"}],"replies":[{"embeddable":true,"href":"https:\/\/diarieducacio.cat\/extra\/wp-json\/wp\/v2\/comments?post=3356"}],"version-history":[{"count":1,"href":"https:\/\/diarieducacio.cat\/extra\/wp-json\/wp\/v2\/posts\/3356\/revisions"}],"predecessor-version":[{"id":3358,"href":"https:\/\/diarieducacio.cat\/extra\/wp-json\/wp\/v2\/posts\/3356\/revisions\/3358"}],"wp:featuredmedia":[{"embeddable":true,"href":"https:\/\/diarieducacio.cat\/extra\/wp-json\/wp\/v2\/media\/3359"}],"wp:attachment":[{"href":"https:\/\/diarieducacio.cat\/extra\/wp-json\/wp\/v2\/media?parent=3356"}],"wp:term":[{"taxonomy":"category","embeddable":true,"href":"https:\/\/diarieducacio.cat\/extra\/wp-json\/wp\/v2\/categories?post=3356"},{"taxonomy":"post_tag","embeddable":true,"href":"https:\/\/diarieducacio.cat\/extra\/wp-json\/wp\/v2\/tags?post=3356"},{"taxonomy":"tipo","embeddable":true,"href":"https:\/\/diarieducacio.cat\/extra\/wp-json\/wp\/v2\/tipo?post=3356"}],"curies":[{"name":"wp","href":"https:\/\/api.w.org\/{rel}","templated":true}]}}