{"id":3369,"date":"2026-03-09T09:29:56","date_gmt":"2026-03-09T08:29:56","guid":{"rendered":"https:\/\/diarieducacio.cat\/extra\/?p=3369"},"modified":"2026-03-09T09:29:58","modified_gmt":"2026-03-09T08:29:58","slug":"lacellec-defensara-la-qualitat-dels-menjadors-escolars-a-la-fira-alimentaria-hostelco-2026","status":"publish","type":"post","link":"https:\/\/diarieducacio.cat\/extra\/2026\/03\/09\/lacellec-defensara-la-qualitat-dels-menjadors-escolars-a-la-fira-alimentaria-hostelco-2026\/","title":{"rendered":"L\u2019Acellec\u00a0defensar\u00e0 la qualitat dels menjadors escolars a la Fira Aliment\u00e0ria &#038; Hostelco 2026"},"content":{"rendered":"\n<p>L\u2019Associaci\u00f3 Catalana d\u2019Empreses del Lleure, l\u2019Educaci\u00f3 i la Cultura (Acellec) defensar\u00e0 la qualitat dels menjadors escolars en la pr\u00f2xima edici\u00f3 de la Fira Aliment\u00e0ria &amp; Hostelco que celebrar\u00e0 la 50a edici\u00f3 al recinte de la Gran Via de Barcelona del 23 al 26 de mar\u00e7. L\u2019Acellec&nbsp;tindr\u00e0 un estand propi durant els quatre dies de fira a trav\u00e9s de la col\u00b7laboraci\u00f3 amb la plataforma Restauraci\u00f3n Colectiva que funcionar\u00e0 com a punt de trobada dels professionals, empreses i agents que tenen l\u2019activitat en el sector del lleure educatiu.<\/p>\n\n\n\n<p>Per a l\u2019Acellec&nbsp;ser a Aliment\u00e0ria &amp; Hostelco \u00e9s tamb\u00e9 un reconeixement a la feina ben fet en l\u2019\u00e0mbit de la restauraci\u00f3 educativa i, en aquest sentit, una representaci\u00f3 de les empreses associades i de la mateixa patronal tindran l\u2019oportunitat de participar en diferents sessions i debats en qu\u00e8 es valorar\u00e0 la qualitat aliment\u00e0ria del servei de menjador escolar que hist\u00f2ricament han prestat les petites i mitjanes empreses que pertanyen a l\u2019Acellec.<\/p>\n\n\n\n<h2 class=\"wp-block-heading\"><strong>Tres sessions i complicitat de la Generalitat<\/strong><\/h2>\n\n\n\n<p>La primera sessi\u00f3 en qu\u00e8 participaran les empreses associades a l\u2019Acellec&nbsp;ser\u00e0 una mostra de restauraci\u00f3 col\u00b7lectiva en format de showcooking amb una demostraci\u00f3 en directe de bones pr\u00e0ctiques en qu\u00e8 intervindran les cuineres Montse del Rio, d\u2019Eix Estels, i Alert Medina, de Teno. La directora de projectes de l\u2019Acellec, Nadine Van Loock, ser\u00e0 una de les ponents d\u2019una sessi\u00f3 centrada en els marcs normatius i professionals que tenen a veure amb la qualitat aliment\u00e0ria dels menjadors escolars i en qu\u00e8 s\u2019analitzar\u00e0 el desplegament del Decret llei de menjadors escolars i el seu impacte en el sector.<\/p>\n\n\n\n<p>Finalment, es programar\u00e0 una taula rodona sobre l\u2019educaci\u00f3 aliment\u00e0ria i la relaci\u00f3 entre pol\u00edtica, territori i pr\u00e0ctica professional en menjadors i col\u00f2nies en qu\u00e8 participaran el gerent de l\u2019Acellec, Pep Montes, i les empreses associades Eix Estels i Valors.&nbsp;Aquesta darrera sessi\u00f3 tindr\u00e0 la participaci\u00f3 del director general d\u2019Empreses Agroaliment\u00e0ries del Departament d\u2019Agricultura, Ramaderia, Pesca i Alimentaci\u00f3, Joan Godia amb la voluntat de promoure conjuntament la qualitat diet\u00e8tica i nutricional, la proximitat dels aliments i fer possible en els objectius de sobirania aliment\u00e0ria fixats pel mateix Govern de la Generalitat.<\/p>\n","protected":false},"excerpt":{"rendered":"<p>L\u2019Associaci\u00f3 Catalana d\u2019Empreses del Lleure, l\u2019Educaci\u00f3 i la Cultura (Acellec) defensar\u00e0 la qualitat dels menjadors escolars en la pr\u00f2xima edici\u00f3 de la Fira Aliment\u00e0ria &amp; Hostelco que celebrar\u00e0 la 50a edici\u00f3 al recinte de la Gran Via de Barcelona del 23 al 26 de mar\u00e7. L\u2019Acellec&nbsp;tindr\u00e0 un estand propi durant els quatre dies de fira<\/p>\n","protected":false},"author":3,"featured_media":3370,"comment_status":"open","ping_status":"open","sticky":false,"template":"","format":"standard","meta":{"footnotes":""},"categories":[1],"tags":[],"tipo":[],"class_list":{"0":"post-3369","1":"post","2":"type-post","3":"status-publish","4":"format-standard","5":"has-post-thumbnail","7":"category-sin-categoria"},"yoast_head":"<!-- This site is optimized with the Yoast SEO plugin v27.4 - https:\/\/yoast.com\/product\/yoast-seo-wordpress\/ -->\n<title>L\u2019Acellec\u00a0defensar\u00e0 la qualitat dels menjadors escolars a la Fira Aliment\u00e0ria &amp; Hostelco 2026 - Extra Educaci\u00f3<\/title>\n<meta name=\"robots\" content=\"index, follow, max-snippet:-1, max-image-preview:large, max-video-preview:-1\" \/>\n<link rel=\"canonical\" href=\"https:\/\/diarieducacio.cat\/extra\/2026\/03\/09\/lacellec-defensara-la-qualitat-dels-menjadors-escolars-a-la-fira-alimentaria-hostelco-2026\/\" \/>\n<meta property=\"og:locale\" content=\"ca_ES\" \/>\n<meta property=\"og:type\" content=\"article\" \/>\n<meta property=\"og:title\" content=\"L\u2019Acellec\u00a0defensar\u00e0 la qualitat dels menjadors escolars a la Fira Aliment\u00e0ria &amp; Hostelco 2026 - Extra Educaci\u00f3\" \/>\n<meta property=\"og:description\" content=\"L\u2019Associaci\u00f3 Catalana d\u2019Empreses del Lleure, l\u2019Educaci\u00f3 i la Cultura (Acellec) defensar\u00e0 la qualitat dels menjadors escolars en la pr\u00f2xima edici\u00f3 de la Fira Aliment\u00e0ria &amp; Hostelco que celebrar\u00e0 la 50a edici\u00f3 al recinte de la Gran Via de Barcelona del 23 al 26 de mar\u00e7. L\u2019Acellec&nbsp;tindr\u00e0 un estand propi durant els quatre dies de fira\" \/>\n<meta property=\"og:url\" content=\"https:\/\/diarieducacio.cat\/extra\/2026\/03\/09\/lacellec-defensara-la-qualitat-dels-menjadors-escolars-a-la-fira-alimentaria-hostelco-2026\/\" \/>\n<meta property=\"og:site_name\" content=\"Extra Educaci\u00f3\" \/>\n<meta property=\"article:publisher\" content=\"https:\/\/www.facebook.com\/diarieducacio\/\" \/>\n<meta property=\"article:published_time\" content=\"2026-03-09T08:29:56+00:00\" \/>\n<meta property=\"article:modified_time\" content=\"2026-03-09T08:29:58+00:00\" \/>\n<meta property=\"og:image\" content=\"https:\/\/diarieducacio.cat\/extra\/wp-content\/uploads\/sites\/25\/2026\/03\/restauracion_colectividades-1-21.jpg\" \/>\n\t<meta property=\"og:image:width\" content=\"1000\" \/>\n\t<meta property=\"og:image:height\" content=\"667\" \/>\n\t<meta property=\"og:image:type\" content=\"image\/jpeg\" \/>\n<meta name=\"author\" content=\"Redacci\u00f3\" \/>\n<meta name=\"twitter:card\" content=\"summary_large_image\" \/>\n<meta name=\"twitter:creator\" content=\"@CatalunyaPlural\" \/>\n<meta name=\"twitter:site\" content=\"@DiariEducacio\" \/>\n<meta name=\"twitter:label1\" content=\"Escrit per\" \/>\n\t<meta name=\"twitter:data1\" content=\"Redacci\u00f3\" \/>\n\t<meta name=\"twitter:label2\" content=\"Temps estimat de lectura\" \/>\n\t<meta name=\"twitter:data2\" content=\"3 minuts\" \/>\n<script type=\"application\/ld+json\" class=\"yoast-schema-graph\">{\"@context\":\"https:\\\/\\\/schema.org\",\"@graph\":[{\"@type\":\"Article\",\"@id\":\"https:\\\/\\\/diarieducacio.cat\\\/extra\\\/2026\\\/03\\\/09\\\/lacellec-defensara-la-qualitat-dels-menjadors-escolars-a-la-fira-alimentaria-hostelco-2026\\\/#article\",\"isPartOf\":{\"@id\":\"https:\\\/\\\/diarieducacio.cat\\\/extra\\\/2026\\\/03\\\/09\\\/lacellec-defensara-la-qualitat-dels-menjadors-escolars-a-la-fira-alimentaria-hostelco-2026\\\/\"},\"author\":{\"name\":\"Redacci\u00f3\",\"@id\":\"https:\\\/\\\/diarieducacio.cat\\\/extra\\\/#\\\/schema\\\/person\\\/a59c6f6463f58484e77cabd794911180\"},\"headline\":\"L\u2019Acellec\u00a0defensar\u00e0 la qualitat dels menjadors escolars a la Fira Aliment\u00e0ria &#038; Hostelco 2026\",\"datePublished\":\"2026-03-09T08:29:56+00:00\",\"dateModified\":\"2026-03-09T08:29:58+00:00\",\"mainEntityOfPage\":{\"@id\":\"https:\\\/\\\/diarieducacio.cat\\\/extra\\\/2026\\\/03\\\/09\\\/lacellec-defensara-la-qualitat-dels-menjadors-escolars-a-la-fira-alimentaria-hostelco-2026\\\/\"},\"wordCount\":405,\"commentCount\":0,\"image\":{\"@id\":\"https:\\\/\\\/diarieducacio.cat\\\/extra\\\/2026\\\/03\\\/09\\\/lacellec-defensara-la-qualitat-dels-menjadors-escolars-a-la-fira-alimentaria-hostelco-2026\\\/#primaryimage\"},\"thumbnailUrl\":\"https:\\\/\\\/diarieducacio.cat\\\/extra\\\/wp-content\\\/uploads\\\/sites\\\/25\\\/2026\\\/03\\\/restauracion_colectividades-1-21.jpg\",\"articleSection\":[\"Sin categor\u00eda\"],\"inLanguage\":\"ca\",\"potentialAction\":[{\"@type\":\"CommentAction\",\"name\":\"Comment\",\"target\":[\"https:\\\/\\\/diarieducacio.cat\\\/extra\\\/2026\\\/03\\\/09\\\/lacellec-defensara-la-qualitat-dels-menjadors-escolars-a-la-fira-alimentaria-hostelco-2026\\\/#respond\"]}]},{\"@type\":\"WebPage\",\"@id\":\"https:\\\/\\\/diarieducacio.cat\\\/extra\\\/2026\\\/03\\\/09\\\/lacellec-defensara-la-qualitat-dels-menjadors-escolars-a-la-fira-alimentaria-hostelco-2026\\\/\",\"url\":\"https:\\\/\\\/diarieducacio.cat\\\/extra\\\/2026\\\/03\\\/09\\\/lacellec-defensara-la-qualitat-dels-menjadors-escolars-a-la-fira-alimentaria-hostelco-2026\\\/\",\"name\":\"L\u2019Acellec\u00a0defensar\u00e0 la qualitat dels menjadors escolars a la Fira Aliment\u00e0ria & Hostelco 2026 - Extra Educaci\u00f3\",\"isPartOf\":{\"@id\":\"https:\\\/\\\/diarieducacio.cat\\\/extra\\\/#website\"},\"primaryImageOfPage\":{\"@id\":\"https:\\\/\\\/diarieducacio.cat\\\/extra\\\/2026\\\/03\\\/09\\\/lacellec-defensara-la-qualitat-dels-menjadors-escolars-a-la-fira-alimentaria-hostelco-2026\\\/#primaryimage\"},\"image\":{\"@id\":\"https:\\\/\\\/diarieducacio.cat\\\/extra\\\/2026\\\/03\\\/09\\\/lacellec-defensara-la-qualitat-dels-menjadors-escolars-a-la-fira-alimentaria-hostelco-2026\\\/#primaryimage\"},\"thumbnailUrl\":\"https:\\\/\\\/diarieducacio.cat\\\/extra\\\/wp-content\\\/uploads\\\/sites\\\/25\\\/2026\\\/03\\\/restauracion_colectividades-1-21.jpg\",\"datePublished\":\"2026-03-09T08:29:56+00:00\",\"dateModified\":\"2026-03-09T08:29:58+00:00\",\"author\":{\"@id\":\"https:\\\/\\\/diarieducacio.cat\\\/extra\\\/#\\\/schema\\\/person\\\/a59c6f6463f58484e77cabd794911180\"},\"breadcrumb\":{\"@id\":\"https:\\\/\\\/diarieducacio.cat\\\/extra\\\/2026\\\/03\\\/09\\\/lacellec-defensara-la-qualitat-dels-menjadors-escolars-a-la-fira-alimentaria-hostelco-2026\\\/#breadcrumb\"},\"inLanguage\":\"ca\",\"potentialAction\":[{\"@type\":\"ReadAction\",\"target\":[\"https:\\\/\\\/diarieducacio.cat\\\/extra\\\/2026\\\/03\\\/09\\\/lacellec-defensara-la-qualitat-dels-menjadors-escolars-a-la-fira-alimentaria-hostelco-2026\\\/\"]}]},{\"@type\":\"ImageObject\",\"inLanguage\":\"ca\",\"@id\":\"https:\\\/\\\/diarieducacio.cat\\\/extra\\\/2026\\\/03\\\/09\\\/lacellec-defensara-la-qualitat-dels-menjadors-escolars-a-la-fira-alimentaria-hostelco-2026\\\/#primaryimage\",\"url\":\"https:\\\/\\\/diarieducacio.cat\\\/extra\\\/wp-content\\\/uploads\\\/sites\\\/25\\\/2026\\\/03\\\/restauracion_colectividades-1-21.jpg\",\"contentUrl\":\"https:\\\/\\\/diarieducacio.cat\\\/extra\\\/wp-content\\\/uploads\\\/sites\\\/25\\\/2026\\\/03\\\/restauracion_colectividades-1-21.jpg\",\"width\":1000,\"height\":667},{\"@type\":\"BreadcrumbList\",\"@id\":\"https:\\\/\\\/diarieducacio.cat\\\/extra\\\/2026\\\/03\\\/09\\\/lacellec-defensara-la-qualitat-dels-menjadors-escolars-a-la-fira-alimentaria-hostelco-2026\\\/#breadcrumb\",\"itemListElement\":[{\"@type\":\"ListItem\",\"position\":1,\"name\":\"Inici\",\"item\":\"https:\\\/\\\/diarieducacio.cat\\\/extra\\\/\"},{\"@type\":\"ListItem\",\"position\":2,\"name\":\"L\u2019Acellec\u00a0defensar\u00e0 la qualitat dels menjadors escolars a la Fira Aliment\u00e0ria &#038; Hostelco 2026\"}]},{\"@type\":\"WebSite\",\"@id\":\"https:\\\/\\\/diarieducacio.cat\\\/extra\\\/#website\",\"url\":\"https:\\\/\\\/diarieducacio.cat\\\/extra\\\/\",\"name\":\"Extra Educaci\u00f3\",\"description\":\"Un blog de El Diari de l&#039;Educaci\u00f3\",\"potentialAction\":[{\"@type\":\"SearchAction\",\"target\":{\"@type\":\"EntryPoint\",\"urlTemplate\":\"https:\\\/\\\/diarieducacio.cat\\\/extra\\\/?s={search_term_string}\"},\"query-input\":{\"@type\":\"PropertyValueSpecification\",\"valueRequired\":true,\"valueName\":\"search_term_string\"}}],\"inLanguage\":\"ca\"},{\"@type\":\"Person\",\"@id\":\"https:\\\/\\\/diarieducacio.cat\\\/extra\\\/#\\\/schema\\\/person\\\/a59c6f6463f58484e77cabd794911180\",\"name\":\"Redacci\u00f3\",\"image\":{\"@type\":\"ImageObject\",\"inLanguage\":\"ca\",\"@id\":\"https:\\\/\\\/diarieducacio.cat\\\/wp-content\\\/uploads\\\/2024\\\/11\\\/redaccio_avatar-96x96.png\",\"url\":\"https:\\\/\\\/diarieducacio.cat\\\/wp-content\\\/uploads\\\/2024\\\/11\\\/redaccio_avatar-96x96.png\",\"contentUrl\":\"https:\\\/\\\/diarieducacio.cat\\\/wp-content\\\/uploads\\\/2024\\\/11\\\/redaccio_avatar-96x96.png\",\"caption\":\"Redacci\u00f3\"},\"sameAs\":[\"https:\\\/\\\/x.com\\\/CatalunyaPlural\"],\"url\":\"https:\\\/\\\/diarieducacio.cat\\\/extra\\\/author\\\/redaccio\\\/\"}]}<\/script>\n<!-- \/ Yoast SEO plugin. -->","yoast_head_json":{"title":"L\u2019Acellec\u00a0defensar\u00e0 la qualitat dels menjadors escolars a la Fira Aliment\u00e0ria & Hostelco 2026 - Extra Educaci\u00f3","robots":{"index":"index","follow":"follow","max-snippet":"max-snippet:-1","max-image-preview":"max-image-preview:large","max-video-preview":"max-video-preview:-1"},"canonical":"https:\/\/diarieducacio.cat\/extra\/2026\/03\/09\/lacellec-defensara-la-qualitat-dels-menjadors-escolars-a-la-fira-alimentaria-hostelco-2026\/","og_locale":"ca_ES","og_type":"article","og_title":"L\u2019Acellec\u00a0defensar\u00e0 la qualitat dels menjadors escolars a la Fira Aliment\u00e0ria & Hostelco 2026 - Extra Educaci\u00f3","og_description":"L\u2019Associaci\u00f3 Catalana d\u2019Empreses del Lleure, l\u2019Educaci\u00f3 i la Cultura (Acellec) defensar\u00e0 la qualitat dels menjadors escolars en la pr\u00f2xima edici\u00f3 de la Fira Aliment\u00e0ria &amp; Hostelco que celebrar\u00e0 la 50a edici\u00f3 al recinte de la Gran Via de Barcelona del 23 al 26 de mar\u00e7. L\u2019Acellec&nbsp;tindr\u00e0 un estand propi durant els quatre dies de fira","og_url":"https:\/\/diarieducacio.cat\/extra\/2026\/03\/09\/lacellec-defensara-la-qualitat-dels-menjadors-escolars-a-la-fira-alimentaria-hostelco-2026\/","og_site_name":"Extra Educaci\u00f3","article_publisher":"https:\/\/www.facebook.com\/diarieducacio\/","article_published_time":"2026-03-09T08:29:56+00:00","article_modified_time":"2026-03-09T08:29:58+00:00","og_image":[{"width":1000,"height":667,"url":"https:\/\/diarieducacio.cat\/extra\/wp-content\/uploads\/sites\/25\/2026\/03\/restauracion_colectividades-1-21.jpg","type":"image\/jpeg"}],"author":"Redacci\u00f3","twitter_card":"summary_large_image","twitter_creator":"@CatalunyaPlural","twitter_site":"@DiariEducacio","twitter_misc":{"Escrit per":"Redacci\u00f3","Temps estimat de lectura":"3 minuts"},"schema":{"@context":"https:\/\/schema.org","@graph":[{"@type":"Article","@id":"https:\/\/diarieducacio.cat\/extra\/2026\/03\/09\/lacellec-defensara-la-qualitat-dels-menjadors-escolars-a-la-fira-alimentaria-hostelco-2026\/#article","isPartOf":{"@id":"https:\/\/diarieducacio.cat\/extra\/2026\/03\/09\/lacellec-defensara-la-qualitat-dels-menjadors-escolars-a-la-fira-alimentaria-hostelco-2026\/"},"author":{"name":"Redacci\u00f3","@id":"https:\/\/diarieducacio.cat\/extra\/#\/schema\/person\/a59c6f6463f58484e77cabd794911180"},"headline":"L\u2019Acellec\u00a0defensar\u00e0 la qualitat dels menjadors escolars a la Fira Aliment\u00e0ria &#038; Hostelco 2026","datePublished":"2026-03-09T08:29:56+00:00","dateModified":"2026-03-09T08:29:58+00:00","mainEntityOfPage":{"@id":"https:\/\/diarieducacio.cat\/extra\/2026\/03\/09\/lacellec-defensara-la-qualitat-dels-menjadors-escolars-a-la-fira-alimentaria-hostelco-2026\/"},"wordCount":405,"commentCount":0,"image":{"@id":"https:\/\/diarieducacio.cat\/extra\/2026\/03\/09\/lacellec-defensara-la-qualitat-dels-menjadors-escolars-a-la-fira-alimentaria-hostelco-2026\/#primaryimage"},"thumbnailUrl":"https:\/\/diarieducacio.cat\/extra\/wp-content\/uploads\/sites\/25\/2026\/03\/restauracion_colectividades-1-21.jpg","articleSection":["Sin categor\u00eda"],"inLanguage":"ca","potentialAction":[{"@type":"CommentAction","name":"Comment","target":["https:\/\/diarieducacio.cat\/extra\/2026\/03\/09\/lacellec-defensara-la-qualitat-dels-menjadors-escolars-a-la-fira-alimentaria-hostelco-2026\/#respond"]}]},{"@type":"WebPage","@id":"https:\/\/diarieducacio.cat\/extra\/2026\/03\/09\/lacellec-defensara-la-qualitat-dels-menjadors-escolars-a-la-fira-alimentaria-hostelco-2026\/","url":"https:\/\/diarieducacio.cat\/extra\/2026\/03\/09\/lacellec-defensara-la-qualitat-dels-menjadors-escolars-a-la-fira-alimentaria-hostelco-2026\/","name":"L\u2019Acellec\u00a0defensar\u00e0 la qualitat dels menjadors escolars a la Fira Aliment\u00e0ria & Hostelco 2026 - Extra Educaci\u00f3","isPartOf":{"@id":"https:\/\/diarieducacio.cat\/extra\/#website"},"primaryImageOfPage":{"@id":"https:\/\/diarieducacio.cat\/extra\/2026\/03\/09\/lacellec-defensara-la-qualitat-dels-menjadors-escolars-a-la-fira-alimentaria-hostelco-2026\/#primaryimage"},"image":{"@id":"https:\/\/diarieducacio.cat\/extra\/2026\/03\/09\/lacellec-defensara-la-qualitat-dels-menjadors-escolars-a-la-fira-alimentaria-hostelco-2026\/#primaryimage"},"thumbnailUrl":"https:\/\/diarieducacio.cat\/extra\/wp-content\/uploads\/sites\/25\/2026\/03\/restauracion_colectividades-1-21.jpg","datePublished":"2026-03-09T08:29:56+00:00","dateModified":"2026-03-09T08:29:58+00:00","author":{"@id":"https:\/\/diarieducacio.cat\/extra\/#\/schema\/person\/a59c6f6463f58484e77cabd794911180"},"breadcrumb":{"@id":"https:\/\/diarieducacio.cat\/extra\/2026\/03\/09\/lacellec-defensara-la-qualitat-dels-menjadors-escolars-a-la-fira-alimentaria-hostelco-2026\/#breadcrumb"},"inLanguage":"ca","potentialAction":[{"@type":"ReadAction","target":["https:\/\/diarieducacio.cat\/extra\/2026\/03\/09\/lacellec-defensara-la-qualitat-dels-menjadors-escolars-a-la-fira-alimentaria-hostelco-2026\/"]}]},{"@type":"ImageObject","inLanguage":"ca","@id":"https:\/\/diarieducacio.cat\/extra\/2026\/03\/09\/lacellec-defensara-la-qualitat-dels-menjadors-escolars-a-la-fira-alimentaria-hostelco-2026\/#primaryimage","url":"https:\/\/diarieducacio.cat\/extra\/wp-content\/uploads\/sites\/25\/2026\/03\/restauracion_colectividades-1-21.jpg","contentUrl":"https:\/\/diarieducacio.cat\/extra\/wp-content\/uploads\/sites\/25\/2026\/03\/restauracion_colectividades-1-21.jpg","width":1000,"height":667},{"@type":"BreadcrumbList","@id":"https:\/\/diarieducacio.cat\/extra\/2026\/03\/09\/lacellec-defensara-la-qualitat-dels-menjadors-escolars-a-la-fira-alimentaria-hostelco-2026\/#breadcrumb","itemListElement":[{"@type":"ListItem","position":1,"name":"Inici","item":"https:\/\/diarieducacio.cat\/extra\/"},{"@type":"ListItem","position":2,"name":"L\u2019Acellec\u00a0defensar\u00e0 la qualitat dels menjadors escolars a la Fira Aliment\u00e0ria &#038; Hostelco 2026"}]},{"@type":"WebSite","@id":"https:\/\/diarieducacio.cat\/extra\/#website","url":"https:\/\/diarieducacio.cat\/extra\/","name":"Extra Educaci\u00f3","description":"Un blog de El Diari de l&#039;Educaci\u00f3","potentialAction":[{"@type":"SearchAction","target":{"@type":"EntryPoint","urlTemplate":"https:\/\/diarieducacio.cat\/extra\/?s={search_term_string}"},"query-input":{"@type":"PropertyValueSpecification","valueRequired":true,"valueName":"search_term_string"}}],"inLanguage":"ca"},{"@type":"Person","@id":"https:\/\/diarieducacio.cat\/extra\/#\/schema\/person\/a59c6f6463f58484e77cabd794911180","name":"Redacci\u00f3","image":{"@type":"ImageObject","inLanguage":"ca","@id":"https:\/\/diarieducacio.cat\/wp-content\/uploads\/2024\/11\/redaccio_avatar-96x96.png","url":"https:\/\/diarieducacio.cat\/wp-content\/uploads\/2024\/11\/redaccio_avatar-96x96.png","contentUrl":"https:\/\/diarieducacio.cat\/wp-content\/uploads\/2024\/11\/redaccio_avatar-96x96.png","caption":"Redacci\u00f3"},"sameAs":["https:\/\/x.com\/CatalunyaPlural"],"url":"https:\/\/diarieducacio.cat\/extra\/author\/redaccio\/"}]}},"_links":{"self":[{"href":"https:\/\/diarieducacio.cat\/extra\/wp-json\/wp\/v2\/posts\/3369","targetHints":{"allow":["GET"]}}],"collection":[{"href":"https:\/\/diarieducacio.cat\/extra\/wp-json\/wp\/v2\/posts"}],"about":[{"href":"https:\/\/diarieducacio.cat\/extra\/wp-json\/wp\/v2\/types\/post"}],"author":[{"embeddable":true,"href":"https:\/\/diarieducacio.cat\/extra\/wp-json\/wp\/v2\/users\/3"}],"replies":[{"embeddable":true,"href":"https:\/\/diarieducacio.cat\/extra\/wp-json\/wp\/v2\/comments?post=3369"}],"version-history":[{"count":1,"href":"https:\/\/diarieducacio.cat\/extra\/wp-json\/wp\/v2\/posts\/3369\/revisions"}],"predecessor-version":[{"id":3371,"href":"https:\/\/diarieducacio.cat\/extra\/wp-json\/wp\/v2\/posts\/3369\/revisions\/3371"}],"wp:featuredmedia":[{"embeddable":true,"href":"https:\/\/diarieducacio.cat\/extra\/wp-json\/wp\/v2\/media\/3370"}],"wp:attachment":[{"href":"https:\/\/diarieducacio.cat\/extra\/wp-json\/wp\/v2\/media?parent=3369"}],"wp:term":[{"taxonomy":"category","embeddable":true,"href":"https:\/\/diarieducacio.cat\/extra\/wp-json\/wp\/v2\/categories?post=3369"},{"taxonomy":"post_tag","embeddable":true,"href":"https:\/\/diarieducacio.cat\/extra\/wp-json\/wp\/v2\/tags?post=3369"},{"taxonomy":"tipo","embeddable":true,"href":"https:\/\/diarieducacio.cat\/extra\/wp-json\/wp\/v2\/tipo?post=3369"}],"curies":[{"name":"wp","href":"https:\/\/api.w.org\/{rel}","templated":true}]}}