{"id":3410,"date":"2026-04-30T03:53:00","date_gmt":"2026-04-30T01:53:00","guid":{"rendered":"https:\/\/diarieducacio.cat\/extra\/?p=3410"},"modified":"2026-04-30T12:45:45","modified_gmt":"2026-04-30T10:45:45","slug":"els-premis-educaweb-convoquen-la-seva-19a-edicio-per-premiar-els-millors-projectes-dorientacio-academica-i-professional","status":"publish","type":"post","link":"https:\/\/diarieducacio.cat\/extra\/2026\/04\/30\/els-premis-educaweb-convoquen-la-seva-19a-edicio-per-premiar-els-millors-projectes-dorientacio-academica-i-professional\/","title":{"rendered":"Els Premis Educaweb convoquen la seva 19a edici\u00f3 per premiar els millors projectes d&#8217;orientaci\u00f3 acad\u00e8mica i professional\u00a0"},"content":{"rendered":"\n<p>Educaweb, el portal l\u00edder en orientaci\u00f3 acad\u00e8mica i professional, ha publicat <a href=\"https:\/\/www.educaweb.cat\/premis\/bases\/\" target=\"_blank\" rel=\"noreferrer noopener\"><u>les bases <\/u><\/a>de la 19a edici\u00f3 dels Premis Educaweb d&#8217;Orientaci\u00f3 Acad\u00e8mica i Professional. \u00a0<\/p>\n\n\n\n<p>El certamen, un any m\u00e9s,&nbsp;<strong>busca recon\u00e8ixer, visibilitzar, posar en valor i promoure iniciatives d&#8217;orientaci\u00f3 al llarg de la vida<\/strong>, i obre la nova convocat\u00f2ria per a la presentaci\u00f3 de projectes impulsats per professionals, institucions, centres formatius i empreses.<\/p>\n\n\n\n<p>&#8220;A Educaweb portem l&#8217;orientaci\u00f3 a les venes, som el portal l\u00edder en orientaci\u00f3 i els Premis Educaweb s\u00f3n la nostra aportaci\u00f3 al reconeixement necessari i merescut als professionals, centres de formaci\u00f3, institucions&nbsp;i empreses que aposten per l&#8217;orientaci\u00f3 al llarg de la vida. 18 edicions, amb gaireb\u00e9 un centenar de projectes premiats, demostra el comprom\u00eds d&#8217;aquestes organitzacions i segur que en s\u00f3n moltes m\u00e9s&#8221;, afirma Montserrat Oliveras Bagu\u00e9s, cofundadora i directora editorial d&#8217;Educaweb.<\/p>\n\n\n\n<p><strong>El termini per presentar-se finalitza el 15 de juliol del 2026<\/strong>, i la inscripci\u00f3 s&#8217;ha de realitzar mitjan\u00e7ant un <a href=\"https:\/\/depinstitut.typeform.com\/to\/NyKWn26O\"><u>formulari <\/u><em><u><em>online<\/em><\/u><\/em><\/a>.<\/p>\n\n\n\n<h2 class=\"wp-block-heading\">Es premiaran els millors projectes en 4 categories<\/h2>\n\n\n\n<p>Els interessats a participar en la 19a edici\u00f3 dels Premis Educaweb poden presentar el seu projecte en una de les seg\u00fcents categories:<\/p>\n\n\n\n<ul class=\"wp-block-list\">\n<li><strong>Premi Jesu\u00eftes Educaci\u00f3 &#8211; Educaweb per a Institucions:<\/strong>\u00a0adre\u00e7at a projectes d&#8217;orientaci\u00f3 d&#8217;institucions, administracions p\u00fabliques, organitzacions, associacions, centres educatius i empreses d&#8217;orientaci\u00f3 implementats abans del\u00a0juny del 2026. Aquesta categoria est\u00e0\u00a0patrocinada\u00a0per Jesu\u00eftes Educaci\u00f3.<\/li>\n\n\n\n<li><strong>Premi Educaweb per a Centres de Formaci\u00f3 Professional: <\/strong>premia els centres d\u2019FP que desenvolupen projectes d&#8217;orientaci\u00f3 acad\u00e8mica i professional implementats abans de juny del 2026.<\/li>\n\n\n\n<li><strong>Premi iFP Innovaci\u00f3 en Formaci\u00f3 Professional &#8211; Educaweb per a Professionals: <\/strong>posa en valor les iniciatives dutes a terme individualment per professionals de l&#8217;educaci\u00f3, formaci\u00f3 i orientaci\u00f3, creats i implementats abans del\u00a0juny del 2026. Aquest premi est\u00e0 patrocinat per iFP Innovaci\u00f3 en Formaci\u00f3 Professional.<\/li>\n\n\n\n<li><strong>Premi Bertelsmann-Educaweb per a Empreses que inspiren:<\/strong>\u00a0destinat a projectes d&#8217;orientaci\u00f3 dissenyats i creats per empreses de qualsevol sector, implementats abans del\u00a0juny del 2026. La Fundaci\u00f3 Bertelsmann \u00e9s l&#8217;entitat patrocinadora d\u2019aquesta categoria.<\/li>\n<\/ul>\n\n\n\n<p>Els projectes <strong>seran avaluats per un jurat independent <\/strong><strong>format <\/strong><strong>per experts<\/strong>&nbsp;en educaci\u00f3, orientaci\u00f3 i Formaci\u00f3 Professional, que valorar\u00e0 aspectes com l&#8217;originalitat, l&#8217;impacte, la inclusi\u00f3 i l&#8217;aplicabilitat de les iniciatives presentades.<\/p>\n\n\n\n<p>Els <strong>interessats a participar a la 19a edici\u00f3 dels Premis Educaweb<\/strong>\u00a0poden consultar <a href=\"https:\/\/www.educaweb.cat\/premis\/bases\/\" target=\"_blank\" rel=\"noreferrer noopener\"><u>les bases<\/u><\/a>\u00a0i<strong>\u00a0enviar la informaci\u00f3 <\/strong>requerida a trav\u00e9s del seg\u00fcent <a href=\"https:\/\/depinstitut.typeform.com\/to\/NyKWn26O\" target=\"_blank\" rel=\"noreferrer noopener\"><u>formulari <\/u><strong><em><u><strong><em>on line<\/em><\/strong><\/u><\/em><\/strong><\/a>\u00a0<strong>abans del 15 de juliol del 2026 <\/strong>a les 24h hores.<\/p>\n\n\n\n<p>Aix\u00ed mateix, <strong>a les bases dels Premis Educaweb s&#8217;especifiquen m\u00e9s detalls<\/strong>\u00a0sobre la dotaci\u00f3 dels guardons, el proc\u00e9s de selecci\u00f3 i els criteris del jurat, a m\u00e9s de les responsabilitats que adquireixen els participants en el certamen, entre d\u2019altres aspectes.<\/p>\n\n\n\n<h2 class=\"wp-block-heading\">Es lliurar\u00e0 l&#8217;11a Menci\u00f3 Ciutat Orientadora<\/h2>\n\n\n\n<p>L&#8217;acte de celebraci\u00f3 dels Premis Educaweb tamb\u00e9 \u00a0inclou <strong>el lliurament de l&#8217;11a Menci\u00f3 Ciutat Orientadora.<\/strong><\/p>\n\n\n\n<p>Aquest \u00e9s un reconeixement als <strong>projectes integrals d&#8217;orientaci\u00f3 acad\u00e8mica i professional que realitzen les administracions p\u00fabliques<\/strong>&nbsp;de ciutats del m\u00f3n, amb l&#8217;objectiu d&#8217;identificar i posar en valor pr\u00e0ctiques de refer\u00e8ncia en orientaci\u00f3 vinculades a cada territori.<\/p>\n\n\n\n<p>En les 10 edicions anteriors s&#8217;han premiat ciutats com Melbourne (Austr\u00e0lia), Li\u00f3 (Fran\u00e7a), Nova York (Estats Units), Bol\u00f2nia (It\u00e0lia), Sheffield (Regne Unit), Berna (Su\u00efssa), Terrassa (Espanya), G\u00f6teborg (Su\u00e8cia), Sabadell (Espanya) i Badia del Vall\u00e8s (Espanya).<\/p>\n\n\n\n<h2 class=\"wp-block-heading\">\u00a0M\u00e9s de 20 patrocinadors i col\u00b7laboradors donen suport als Premis Educaweb<\/h2>\n\n\n\n<p>Els Premis Educaweb <strong>s\u00f3n possibles gr\u00e0cies a l&#8217;aposta decidida del Grup Educaedu i al comprom\u00eds de m\u00e9s de 20 institucions i empreses<\/strong>&nbsp;de prestigi conven\u00e7udes de la import\u00e0ncia de l&#8217;orientaci\u00f3 acad\u00e8mica i professional.<\/p>\n\n\n\n<p>Fins ara, els <strong>patrocinadors<\/strong>&nbsp;de la 19a edici\u00f3 s\u00f3n:<\/p>\n\n\n\n<ul class=\"wp-block-list\">\n<li>Blanquerna \u2013 Universitat Ramon Llull (URL). Facultad de Psicolog\u00eda, Ciencias de la Educaci\u00f3n y del Deporte<\/li>\n\n\n\n<li>Col\u00b7legi Oficial de Pedagogia de Catalunya (COPEC)<\/li>\n\n\n\n<li>Edutech Cluster<\/li>\n\n\n\n<li>Formaci\u00f3n Universitaria<\/li>\n\n\n\n<li>Fundaci\u00f3n Bertelsmann<\/li>\n\n\n\n<li>iFP Innovaci\u00f3 en Formaci\u00f3n Professional<\/li>\n\n\n\n<li>Jesu\u00eftes Educaci\u00f3<\/li>\n\n\n\n<li>MetaFP<\/li>\n\n\n\n<li>Sal\u00f3 de l\u2019Ensenyament<\/li>\n<\/ul>\n\n\n\n<p>Les <strong>entitats directament relacionades amb l&#8217;orientaci\u00f3 que brinden el seu suport<\/strong>&nbsp;als Premis Educaweb 2026 s\u00f3n:<\/p>\n\n\n\n<ul class=\"wp-block-list\">\n<li>Asociaci\u00f3n Aragonesa de Psicopedagog\u00eda (AAP)<\/li>\n\n\n\n<li>Associaci\u00f3 Catalana de Psicopedagogia i Orientaci\u00f3 Educativa i Professional (ACPO)<\/li>\n\n\n\n<li>Asociaci\u00f3n Espa\u00f1ola de Orientaci\u00f3n y Psicopedagog\u00eda (AEOP)<\/li>\n\n\n\n<li>Col\u00b7legi Oficial de Doctors Llicenciats en Filosof\u00eda i Lletres i en Ci\u00e8ncies de Catalunya.<\/li>\n\n\n\n<li>Confederaci\u00f3n de Organizaciones de Psicopedagog\u00eda y Orientaci\u00f3n de Espa\u00f1a (COPOE)<\/li>\n\n\n\n<li>D\u2019EP Institut<\/li>\n<\/ul>\n\n\n\n<ul class=\"wp-block-list\">\n<li>FP Empresa<\/li>\n\n\n\n<li>Equitat.org<\/li>\n\n\n\n<li>International Association for Educational and Vocational Guidance (IAEVG)<\/li>\n\n\n\n<li>Universitat de Barcelona \u2013 Facultat d\u2019Educaci\u00f3<\/li>\n\n\n\n<li>Universitat Oberta de Catalunya (UOC)<\/li>\n<\/ul>\n\n\n\n<p>I les que col\u00b7laboren activament amb aquests guardons s\u00f3n:<\/p>\n\n\n\n<ul class=\"wp-block-list\">\n<li>Bagu\u00e9s Masriera<\/li>\n\n\n\n<li>Cuadernos de Pedagog\u00eda<\/li>\n\n\n\n<li>El Diari de l\u2019Educaci\u00f3<\/li>\n\n\n\n<li>Educaci\u00f3n 3.0\u00a0<\/li>\n<\/ul>\n\n\n\n<p>Les persones f\u00edsiques o jur\u00eddiques <strong>interessades en patrocinar o col\u00b7laborar<\/strong>&nbsp;amb els Premis Educaweb d&#8217;Orientaci\u00f3 Acad\u00e8mica i Professional poden <strong>enviar un correu electr\u00f2nic a marketing@educaweb.com.<\/strong><\/p>\n\n\n\n<h2 class=\"wp-block-heading\">Els Premis Educaweb: 19 anys apostant per l&#8217;orientaci\u00f3<\/h2>\n\n\n\n<p><strong>Els Premis Educaweb d&#8217;Orientaci\u00f3 Acad\u00e8mica i Professional van n\u00e9ixer el 2008<\/strong>, amb motiu de la celebraci\u00f3 del 10\u00e8 aniversari de la creaci\u00f3 del portal Educaweb. El seu objectiu \u00e9s premiar els millors projectes d&#8217;orientaci\u00f3 acad\u00e8mica i professional per <strong>visibilitzar i posar en valor el treball realitzat pels i les professionals de l&#8217;orientaci\u00f3.<\/strong><\/p>\n\n\n\n<p>En la hist\u00f2ria dels Premis Educaweb cal destacar la creaci\u00f3, el 2020, d&#8217;un <a href=\"https:\/\/www.educaweb.cat\/premis\/projectes\/\"><strong><u><strong>repositori de projectes d&#8217;orientaci\u00f3<\/strong><\/u><\/strong><\/a>, on es recopilen les <strong>m\u00e9s de 769 iniciatives presentades al llarg de totes les edicions dels guardons<\/strong>.<\/p>\n\n\n\n<h2 class=\"wp-block-heading\">Educaweb, l\u00edders en orientaci\u00f3 acad\u00e8mica i professional<\/h2>\n\n\n\n<p><a href=\"https:\/\/www.educaweb.cat\"><strong><u><strong>Educaweb<\/strong><\/u><\/strong><\/a><strong>&nbsp;<\/strong>\u00e9s un cercador d&#8217;educaci\u00f3 i formaci\u00f3 especialitzat en <strong>orientaci\u00f3 acad\u00e8mica i professional <\/strong>que, des del&nbsp;1998, facilita als usuaris la informaci\u00f3 per trobar la formaci\u00f3 m\u00e9s adequada per desenvolupar el seu projecte professional i de vida.<strong><\/strong><\/p>\n\n\n\n<p>El portal, que compta amb un cercador amb m\u00e9s de 30.000 cursos i 20.000 centres de formaci\u00f3, ofereix tamb\u00e9 continguts, eines i serveis d&#8217;acc\u00e9s lliure que ajuden l&#8217;usuari a escollir la formaci\u00f3 m\u00e9s adequada.<\/p>\n\n\n\n<p>Educaweb ha aconseguit destacar com a eina essencial per a la recerca de formaci\u00f3 i informaci\u00f3, amb <strong>gaireb\u00e9 18 milions de p\u00e0gines vistes anuals <\/strong>i uns 900.000 usuaris registrats en l&#8217;\u00faltim any.<\/p>\n\n\n\n<p>Educaweb forma part del <strong>Grup Educaedu<\/strong>, que compta <strong>amb m\u00e9s de 50 portals de formaci\u00f3 a 20 pa\u00efsos<\/strong><strong>&nbsp;<\/strong>que generen una audi\u00e8ncia global de pr\u00e0cticament <strong>120 milions de visites a l&#8217;any a tot el m\u00f3n<\/strong>. Aquesta audi\u00e8ncia el converteix en el l\u00edder dels cercadors de formaci\u00f3 en pa\u00efsos com Espanya, M\u00e8xic, Col\u00f2mbia i Xile. En concret, a Espanya el grup ha aconseguit una audi\u00e8ncia de gaireb\u00e9 50 milions d&#8217;usuaris en l&#8217;\u00faltim any, cosa que el converteix en el l\u00edder del mercat.<\/p>\n","protected":false},"excerpt":{"rendered":"<p>Educaweb, el portal l\u00edder en orientaci\u00f3 acad\u00e8mica i professional, ha publicat les bases de la 19a edici\u00f3 dels Premis Educaweb d&#8217;Orientaci\u00f3 Acad\u00e8mica i Professional. \u00a0 El certamen, un any m\u00e9s,&nbsp;busca recon\u00e8ixer, visibilitzar, posar en valor i promoure iniciatives d&#8217;orientaci\u00f3 al llarg de la vida, i obre la nova convocat\u00f2ria per a la presentaci\u00f3 de projectes<\/p>\n","protected":false},"author":3,"featured_media":3412,"comment_status":"open","ping_status":"open","sticky":false,"template":"","format":"standard","meta":{"footnotes":""},"categories":[142],"tags":[175],"tipo":[192],"class_list":{"0":"post-3410","1":"post","2":"type-post","3":"status-publish","4":"format-standard","5":"has-post-thumbnail","7":"category-concursos-i-premis","8":"tag-orientacio","9":"tipo-actualitat"},"yoast_head":"<!-- This site is optimized with the Yoast SEO plugin v27.5 - https:\/\/yoast.com\/product\/yoast-seo-wordpress\/ -->\n<title>Els Premis Educaweb convoquen la seva 19a edici\u00f3 per premiar els millors projectes d&#039;orientaci\u00f3 acad\u00e8mica i professional\u00a0 - Extra Educaci\u00f3<\/title>\n<meta name=\"robots\" content=\"index, follow, max-snippet:-1, max-image-preview:large, max-video-preview:-1\" \/>\n<link rel=\"canonical\" href=\"https:\/\/diarieducacio.cat\/extra\/2026\/04\/30\/els-premis-educaweb-convoquen-la-seva-19a-edicio-per-premiar-els-millors-projectes-dorientacio-academica-i-professional\/\" \/>\n<meta property=\"og:locale\" content=\"ca_ES\" \/>\n<meta property=\"og:type\" content=\"article\" \/>\n<meta property=\"og:title\" content=\"Els Premis Educaweb convoquen la seva 19a edici\u00f3 per premiar els millors projectes d&#039;orientaci\u00f3 acad\u00e8mica i professional\u00a0 - Extra Educaci\u00f3\" \/>\n<meta property=\"og:description\" content=\"Educaweb, el portal l\u00edder en orientaci\u00f3 acad\u00e8mica i professional, ha publicat les bases de la 19a edici\u00f3 dels Premis Educaweb d&#8217;Orientaci\u00f3 Acad\u00e8mica i Professional. \u00a0 El certamen, un any m\u00e9s,&nbsp;busca recon\u00e8ixer, visibilitzar, posar en valor i promoure iniciatives d&#8217;orientaci\u00f3 al llarg de la vida, i obre la nova convocat\u00f2ria per a la presentaci\u00f3 de projectes\" \/>\n<meta property=\"og:url\" content=\"https:\/\/diarieducacio.cat\/extra\/2026\/04\/30\/els-premis-educaweb-convoquen-la-seva-19a-edicio-per-premiar-els-millors-projectes-dorientacio-academica-i-professional\/\" \/>\n<meta property=\"og:site_name\" content=\"Extra Educaci\u00f3\" \/>\n<meta property=\"article:publisher\" content=\"https:\/\/www.facebook.com\/diarieducacio\/\" \/>\n<meta property=\"article:published_time\" content=\"2026-04-30T01:53:00+00:00\" \/>\n<meta property=\"article:modified_time\" content=\"2026-04-30T10:45:45+00:00\" \/>\n<meta property=\"og:image\" content=\"https:\/\/diarieducacio.cat\/extra\/wp-content\/uploads\/sites\/25\/2026\/04\/premios-educaweb-2026-ndpbases-cat.jpg\" \/>\n\t<meta property=\"og:image:width\" content=\"825\" \/>\n\t<meta property=\"og:image:height\" content=\"400\" \/>\n\t<meta property=\"og:image:type\" content=\"image\/jpeg\" \/>\n<meta name=\"author\" content=\"Redacci\u00f3\" \/>\n<meta name=\"twitter:card\" content=\"summary_large_image\" \/>\n<meta name=\"twitter:creator\" content=\"@CatalunyaPlural\" \/>\n<meta name=\"twitter:site\" content=\"@DiariEducacio\" \/>\n<meta name=\"twitter:label1\" content=\"Escrit per\" \/>\n\t<meta name=\"twitter:data1\" content=\"Redacci\u00f3\" \/>\n\t<meta name=\"twitter:label2\" content=\"Temps estimat de lectura\" \/>\n\t<meta name=\"twitter:data2\" content=\"6 minuts\" \/>\n<script type=\"application\/ld+json\" class=\"yoast-schema-graph\">{\"@context\":\"https:\\\/\\\/schema.org\",\"@graph\":[{\"@type\":\"Article\",\"@id\":\"https:\\\/\\\/diarieducacio.cat\\\/extra\\\/2026\\\/04\\\/30\\\/els-premis-educaweb-convoquen-la-seva-19a-edicio-per-premiar-els-millors-projectes-dorientacio-academica-i-professional\\\/#article\",\"isPartOf\":{\"@id\":\"https:\\\/\\\/diarieducacio.cat\\\/extra\\\/2026\\\/04\\\/30\\\/els-premis-educaweb-convoquen-la-seva-19a-edicio-per-premiar-els-millors-projectes-dorientacio-academica-i-professional\\\/\"},\"author\":{\"name\":\"Redacci\u00f3\",\"@id\":\"https:\\\/\\\/diarieducacio.cat\\\/extra\\\/#\\\/schema\\\/person\\\/a59c6f6463f58484e77cabd794911180\"},\"headline\":\"Els Premis Educaweb convoquen la seva 19a edici\u00f3 per premiar els millors projectes d&#8217;orientaci\u00f3 acad\u00e8mica i professional\u00a0\",\"datePublished\":\"2026-04-30T01:53:00+00:00\",\"dateModified\":\"2026-04-30T10:45:45+00:00\",\"mainEntityOfPage\":{\"@id\":\"https:\\\/\\\/diarieducacio.cat\\\/extra\\\/2026\\\/04\\\/30\\\/els-premis-educaweb-convoquen-la-seva-19a-edicio-per-premiar-els-millors-projectes-dorientacio-academica-i-professional\\\/\"},\"wordCount\":1189,\"commentCount\":0,\"image\":{\"@id\":\"https:\\\/\\\/diarieducacio.cat\\\/extra\\\/2026\\\/04\\\/30\\\/els-premis-educaweb-convoquen-la-seva-19a-edicio-per-premiar-els-millors-projectes-dorientacio-academica-i-professional\\\/#primaryimage\"},\"thumbnailUrl\":\"https:\\\/\\\/diarieducacio.cat\\\/extra\\\/wp-content\\\/uploads\\\/sites\\\/25\\\/2026\\\/04\\\/premios-educaweb-2026-ndpbases-cat.jpg\",\"keywords\":[\"orientaci\u00f3\"],\"articleSection\":[\"Concursos i premis\"],\"inLanguage\":\"ca\",\"potentialAction\":[{\"@type\":\"CommentAction\",\"name\":\"Comment\",\"target\":[\"https:\\\/\\\/diarieducacio.cat\\\/extra\\\/2026\\\/04\\\/30\\\/els-premis-educaweb-convoquen-la-seva-19a-edicio-per-premiar-els-millors-projectes-dorientacio-academica-i-professional\\\/#respond\"]}]},{\"@type\":\"WebPage\",\"@id\":\"https:\\\/\\\/diarieducacio.cat\\\/extra\\\/2026\\\/04\\\/30\\\/els-premis-educaweb-convoquen-la-seva-19a-edicio-per-premiar-els-millors-projectes-dorientacio-academica-i-professional\\\/\",\"url\":\"https:\\\/\\\/diarieducacio.cat\\\/extra\\\/2026\\\/04\\\/30\\\/els-premis-educaweb-convoquen-la-seva-19a-edicio-per-premiar-els-millors-projectes-dorientacio-academica-i-professional\\\/\",\"name\":\"Els Premis Educaweb convoquen la seva 19a edici\u00f3 per premiar els millors projectes d'orientaci\u00f3 acad\u00e8mica i professional\u00a0 - Extra Educaci\u00f3\",\"isPartOf\":{\"@id\":\"https:\\\/\\\/diarieducacio.cat\\\/extra\\\/#website\"},\"primaryImageOfPage\":{\"@id\":\"https:\\\/\\\/diarieducacio.cat\\\/extra\\\/2026\\\/04\\\/30\\\/els-premis-educaweb-convoquen-la-seva-19a-edicio-per-premiar-els-millors-projectes-dorientacio-academica-i-professional\\\/#primaryimage\"},\"image\":{\"@id\":\"https:\\\/\\\/diarieducacio.cat\\\/extra\\\/2026\\\/04\\\/30\\\/els-premis-educaweb-convoquen-la-seva-19a-edicio-per-premiar-els-millors-projectes-dorientacio-academica-i-professional\\\/#primaryimage\"},\"thumbnailUrl\":\"https:\\\/\\\/diarieducacio.cat\\\/extra\\\/wp-content\\\/uploads\\\/sites\\\/25\\\/2026\\\/04\\\/premios-educaweb-2026-ndpbases-cat.jpg\",\"datePublished\":\"2026-04-30T01:53:00+00:00\",\"dateModified\":\"2026-04-30T10:45:45+00:00\",\"author\":{\"@id\":\"https:\\\/\\\/diarieducacio.cat\\\/extra\\\/#\\\/schema\\\/person\\\/a59c6f6463f58484e77cabd794911180\"},\"breadcrumb\":{\"@id\":\"https:\\\/\\\/diarieducacio.cat\\\/extra\\\/2026\\\/04\\\/30\\\/els-premis-educaweb-convoquen-la-seva-19a-edicio-per-premiar-els-millors-projectes-dorientacio-academica-i-professional\\\/#breadcrumb\"},\"inLanguage\":\"ca\",\"potentialAction\":[{\"@type\":\"ReadAction\",\"target\":[\"https:\\\/\\\/diarieducacio.cat\\\/extra\\\/2026\\\/04\\\/30\\\/els-premis-educaweb-convoquen-la-seva-19a-edicio-per-premiar-els-millors-projectes-dorientacio-academica-i-professional\\\/\"]}]},{\"@type\":\"ImageObject\",\"inLanguage\":\"ca\",\"@id\":\"https:\\\/\\\/diarieducacio.cat\\\/extra\\\/2026\\\/04\\\/30\\\/els-premis-educaweb-convoquen-la-seva-19a-edicio-per-premiar-els-millors-projectes-dorientacio-academica-i-professional\\\/#primaryimage\",\"url\":\"https:\\\/\\\/diarieducacio.cat\\\/extra\\\/wp-content\\\/uploads\\\/sites\\\/25\\\/2026\\\/04\\\/premios-educaweb-2026-ndpbases-cat.jpg\",\"contentUrl\":\"https:\\\/\\\/diarieducacio.cat\\\/extra\\\/wp-content\\\/uploads\\\/sites\\\/25\\\/2026\\\/04\\\/premios-educaweb-2026-ndpbases-cat.jpg\",\"width\":825,\"height\":400},{\"@type\":\"BreadcrumbList\",\"@id\":\"https:\\\/\\\/diarieducacio.cat\\\/extra\\\/2026\\\/04\\\/30\\\/els-premis-educaweb-convoquen-la-seva-19a-edicio-per-premiar-els-millors-projectes-dorientacio-academica-i-professional\\\/#breadcrumb\",\"itemListElement\":[{\"@type\":\"ListItem\",\"position\":1,\"name\":\"Inici\",\"item\":\"https:\\\/\\\/diarieducacio.cat\\\/extra\\\/\"},{\"@type\":\"ListItem\",\"position\":2,\"name\":\"Els Premis Educaweb convoquen la seva 19a edici\u00f3 per premiar els millors projectes d&#8217;orientaci\u00f3 acad\u00e8mica i professional\u00a0\"}]},{\"@type\":\"WebSite\",\"@id\":\"https:\\\/\\\/diarieducacio.cat\\\/extra\\\/#website\",\"url\":\"https:\\\/\\\/diarieducacio.cat\\\/extra\\\/\",\"name\":\"Extra Educaci\u00f3\",\"description\":\"Un blog de El Diari de l&#039;Educaci\u00f3\",\"potentialAction\":[{\"@type\":\"SearchAction\",\"target\":{\"@type\":\"EntryPoint\",\"urlTemplate\":\"https:\\\/\\\/diarieducacio.cat\\\/extra\\\/?s={search_term_string}\"},\"query-input\":{\"@type\":\"PropertyValueSpecification\",\"valueRequired\":true,\"valueName\":\"search_term_string\"}}],\"inLanguage\":\"ca\"},{\"@type\":\"Person\",\"@id\":\"https:\\\/\\\/diarieducacio.cat\\\/extra\\\/#\\\/schema\\\/person\\\/a59c6f6463f58484e77cabd794911180\",\"name\":\"Redacci\u00f3\",\"image\":{\"@type\":\"ImageObject\",\"inLanguage\":\"ca\",\"@id\":\"https:\\\/\\\/diarieducacio.cat\\\/wp-content\\\/uploads\\\/2024\\\/11\\\/redaccio_avatar-96x96.png\",\"url\":\"https:\\\/\\\/diarieducacio.cat\\\/wp-content\\\/uploads\\\/2024\\\/11\\\/redaccio_avatar-96x96.png\",\"contentUrl\":\"https:\\\/\\\/diarieducacio.cat\\\/wp-content\\\/uploads\\\/2024\\\/11\\\/redaccio_avatar-96x96.png\",\"caption\":\"Redacci\u00f3\"},\"sameAs\":[\"https:\\\/\\\/x.com\\\/CatalunyaPlural\"],\"url\":\"https:\\\/\\\/diarieducacio.cat\\\/extra\\\/author\\\/redaccio\\\/\"}]}<\/script>\n<!-- \/ Yoast SEO plugin. -->","yoast_head_json":{"title":"Els Premis Educaweb convoquen la seva 19a edici\u00f3 per premiar els millors projectes d'orientaci\u00f3 acad\u00e8mica i professional\u00a0 - Extra Educaci\u00f3","robots":{"index":"index","follow":"follow","max-snippet":"max-snippet:-1","max-image-preview":"max-image-preview:large","max-video-preview":"max-video-preview:-1"},"canonical":"https:\/\/diarieducacio.cat\/extra\/2026\/04\/30\/els-premis-educaweb-convoquen-la-seva-19a-edicio-per-premiar-els-millors-projectes-dorientacio-academica-i-professional\/","og_locale":"ca_ES","og_type":"article","og_title":"Els Premis Educaweb convoquen la seva 19a edici\u00f3 per premiar els millors projectes d'orientaci\u00f3 acad\u00e8mica i professional\u00a0 - Extra Educaci\u00f3","og_description":"Educaweb, el portal l\u00edder en orientaci\u00f3 acad\u00e8mica i professional, ha publicat les bases de la 19a edici\u00f3 dels Premis Educaweb d&#8217;Orientaci\u00f3 Acad\u00e8mica i Professional. \u00a0 El certamen, un any m\u00e9s,&nbsp;busca recon\u00e8ixer, visibilitzar, posar en valor i promoure iniciatives d&#8217;orientaci\u00f3 al llarg de la vida, i obre la nova convocat\u00f2ria per a la presentaci\u00f3 de projectes","og_url":"https:\/\/diarieducacio.cat\/extra\/2026\/04\/30\/els-premis-educaweb-convoquen-la-seva-19a-edicio-per-premiar-els-millors-projectes-dorientacio-academica-i-professional\/","og_site_name":"Extra Educaci\u00f3","article_publisher":"https:\/\/www.facebook.com\/diarieducacio\/","article_published_time":"2026-04-30T01:53:00+00:00","article_modified_time":"2026-04-30T10:45:45+00:00","og_image":[{"width":825,"height":400,"url":"https:\/\/diarieducacio.cat\/extra\/wp-content\/uploads\/sites\/25\/2026\/04\/premios-educaweb-2026-ndpbases-cat.jpg","type":"image\/jpeg"}],"author":"Redacci\u00f3","twitter_card":"summary_large_image","twitter_creator":"@CatalunyaPlural","twitter_site":"@DiariEducacio","twitter_misc":{"Escrit per":"Redacci\u00f3","Temps estimat de lectura":"6 minuts"},"schema":{"@context":"https:\/\/schema.org","@graph":[{"@type":"Article","@id":"https:\/\/diarieducacio.cat\/extra\/2026\/04\/30\/els-premis-educaweb-convoquen-la-seva-19a-edicio-per-premiar-els-millors-projectes-dorientacio-academica-i-professional\/#article","isPartOf":{"@id":"https:\/\/diarieducacio.cat\/extra\/2026\/04\/30\/els-premis-educaweb-convoquen-la-seva-19a-edicio-per-premiar-els-millors-projectes-dorientacio-academica-i-professional\/"},"author":{"name":"Redacci\u00f3","@id":"https:\/\/diarieducacio.cat\/extra\/#\/schema\/person\/a59c6f6463f58484e77cabd794911180"},"headline":"Els Premis Educaweb convoquen la seva 19a edici\u00f3 per premiar els millors projectes d&#8217;orientaci\u00f3 acad\u00e8mica i professional\u00a0","datePublished":"2026-04-30T01:53:00+00:00","dateModified":"2026-04-30T10:45:45+00:00","mainEntityOfPage":{"@id":"https:\/\/diarieducacio.cat\/extra\/2026\/04\/30\/els-premis-educaweb-convoquen-la-seva-19a-edicio-per-premiar-els-millors-projectes-dorientacio-academica-i-professional\/"},"wordCount":1189,"commentCount":0,"image":{"@id":"https:\/\/diarieducacio.cat\/extra\/2026\/04\/30\/els-premis-educaweb-convoquen-la-seva-19a-edicio-per-premiar-els-millors-projectes-dorientacio-academica-i-professional\/#primaryimage"},"thumbnailUrl":"https:\/\/diarieducacio.cat\/extra\/wp-content\/uploads\/sites\/25\/2026\/04\/premios-educaweb-2026-ndpbases-cat.jpg","keywords":["orientaci\u00f3"],"articleSection":["Concursos i premis"],"inLanguage":"ca","potentialAction":[{"@type":"CommentAction","name":"Comment","target":["https:\/\/diarieducacio.cat\/extra\/2026\/04\/30\/els-premis-educaweb-convoquen-la-seva-19a-edicio-per-premiar-els-millors-projectes-dorientacio-academica-i-professional\/#respond"]}]},{"@type":"WebPage","@id":"https:\/\/diarieducacio.cat\/extra\/2026\/04\/30\/els-premis-educaweb-convoquen-la-seva-19a-edicio-per-premiar-els-millors-projectes-dorientacio-academica-i-professional\/","url":"https:\/\/diarieducacio.cat\/extra\/2026\/04\/30\/els-premis-educaweb-convoquen-la-seva-19a-edicio-per-premiar-els-millors-projectes-dorientacio-academica-i-professional\/","name":"Els Premis Educaweb convoquen la seva 19a edici\u00f3 per premiar els millors projectes d'orientaci\u00f3 acad\u00e8mica i professional\u00a0 - Extra Educaci\u00f3","isPartOf":{"@id":"https:\/\/diarieducacio.cat\/extra\/#website"},"primaryImageOfPage":{"@id":"https:\/\/diarieducacio.cat\/extra\/2026\/04\/30\/els-premis-educaweb-convoquen-la-seva-19a-edicio-per-premiar-els-millors-projectes-dorientacio-academica-i-professional\/#primaryimage"},"image":{"@id":"https:\/\/diarieducacio.cat\/extra\/2026\/04\/30\/els-premis-educaweb-convoquen-la-seva-19a-edicio-per-premiar-els-millors-projectes-dorientacio-academica-i-professional\/#primaryimage"},"thumbnailUrl":"https:\/\/diarieducacio.cat\/extra\/wp-content\/uploads\/sites\/25\/2026\/04\/premios-educaweb-2026-ndpbases-cat.jpg","datePublished":"2026-04-30T01:53:00+00:00","dateModified":"2026-04-30T10:45:45+00:00","author":{"@id":"https:\/\/diarieducacio.cat\/extra\/#\/schema\/person\/a59c6f6463f58484e77cabd794911180"},"breadcrumb":{"@id":"https:\/\/diarieducacio.cat\/extra\/2026\/04\/30\/els-premis-educaweb-convoquen-la-seva-19a-edicio-per-premiar-els-millors-projectes-dorientacio-academica-i-professional\/#breadcrumb"},"inLanguage":"ca","potentialAction":[{"@type":"ReadAction","target":["https:\/\/diarieducacio.cat\/extra\/2026\/04\/30\/els-premis-educaweb-convoquen-la-seva-19a-edicio-per-premiar-els-millors-projectes-dorientacio-academica-i-professional\/"]}]},{"@type":"ImageObject","inLanguage":"ca","@id":"https:\/\/diarieducacio.cat\/extra\/2026\/04\/30\/els-premis-educaweb-convoquen-la-seva-19a-edicio-per-premiar-els-millors-projectes-dorientacio-academica-i-professional\/#primaryimage","url":"https:\/\/diarieducacio.cat\/extra\/wp-content\/uploads\/sites\/25\/2026\/04\/premios-educaweb-2026-ndpbases-cat.jpg","contentUrl":"https:\/\/diarieducacio.cat\/extra\/wp-content\/uploads\/sites\/25\/2026\/04\/premios-educaweb-2026-ndpbases-cat.jpg","width":825,"height":400},{"@type":"BreadcrumbList","@id":"https:\/\/diarieducacio.cat\/extra\/2026\/04\/30\/els-premis-educaweb-convoquen-la-seva-19a-edicio-per-premiar-els-millors-projectes-dorientacio-academica-i-professional\/#breadcrumb","itemListElement":[{"@type":"ListItem","position":1,"name":"Inici","item":"https:\/\/diarieducacio.cat\/extra\/"},{"@type":"ListItem","position":2,"name":"Els Premis Educaweb convoquen la seva 19a edici\u00f3 per premiar els millors projectes d&#8217;orientaci\u00f3 acad\u00e8mica i professional\u00a0"}]},{"@type":"WebSite","@id":"https:\/\/diarieducacio.cat\/extra\/#website","url":"https:\/\/diarieducacio.cat\/extra\/","name":"Extra Educaci\u00f3","description":"Un blog de El Diari de l&#039;Educaci\u00f3","potentialAction":[{"@type":"SearchAction","target":{"@type":"EntryPoint","urlTemplate":"https:\/\/diarieducacio.cat\/extra\/?s={search_term_string}"},"query-input":{"@type":"PropertyValueSpecification","valueRequired":true,"valueName":"search_term_string"}}],"inLanguage":"ca"},{"@type":"Person","@id":"https:\/\/diarieducacio.cat\/extra\/#\/schema\/person\/a59c6f6463f58484e77cabd794911180","name":"Redacci\u00f3","image":{"@type":"ImageObject","inLanguage":"ca","@id":"https:\/\/diarieducacio.cat\/wp-content\/uploads\/2024\/11\/redaccio_avatar-96x96.png","url":"https:\/\/diarieducacio.cat\/wp-content\/uploads\/2024\/11\/redaccio_avatar-96x96.png","contentUrl":"https:\/\/diarieducacio.cat\/wp-content\/uploads\/2024\/11\/redaccio_avatar-96x96.png","caption":"Redacci\u00f3"},"sameAs":["https:\/\/x.com\/CatalunyaPlural"],"url":"https:\/\/diarieducacio.cat\/extra\/author\/redaccio\/"}]}},"_links":{"self":[{"href":"https:\/\/diarieducacio.cat\/extra\/wp-json\/wp\/v2\/posts\/3410","targetHints":{"allow":["GET"]}}],"collection":[{"href":"https:\/\/diarieducacio.cat\/extra\/wp-json\/wp\/v2\/posts"}],"about":[{"href":"https:\/\/diarieducacio.cat\/extra\/wp-json\/wp\/v2\/types\/post"}],"author":[{"embeddable":true,"href":"https:\/\/diarieducacio.cat\/extra\/wp-json\/wp\/v2\/users\/3"}],"replies":[{"embeddable":true,"href":"https:\/\/diarieducacio.cat\/extra\/wp-json\/wp\/v2\/comments?post=3410"}],"version-history":[{"count":2,"href":"https:\/\/diarieducacio.cat\/extra\/wp-json\/wp\/v2\/posts\/3410\/revisions"}],"predecessor-version":[{"id":3413,"href":"https:\/\/diarieducacio.cat\/extra\/wp-json\/wp\/v2\/posts\/3410\/revisions\/3413"}],"wp:featuredmedia":[{"embeddable":true,"href":"https:\/\/diarieducacio.cat\/extra\/wp-json\/wp\/v2\/media\/3412"}],"wp:attachment":[{"href":"https:\/\/diarieducacio.cat\/extra\/wp-json\/wp\/v2\/media?parent=3410"}],"wp:term":[{"taxonomy":"category","embeddable":true,"href":"https:\/\/diarieducacio.cat\/extra\/wp-json\/wp\/v2\/categories?post=3410"},{"taxonomy":"post_tag","embeddable":true,"href":"https:\/\/diarieducacio.cat\/extra\/wp-json\/wp\/v2\/tags?post=3410"},{"taxonomy":"tipo","embeddable":true,"href":"https:\/\/diarieducacio.cat\/extra\/wp-json\/wp\/v2\/tipo?post=3410"}],"curies":[{"name":"wp","href":"https:\/\/api.w.org\/{rel}","templated":true}]}}