{"id":1011,"date":"2015-06-09T06:57:58","date_gmt":"2015-06-09T06:57:58","guid":{"rendered":"https:\/\/diarieducacio.cat\/grao\/?p=1011"},"modified":"2024-05-13T18:30:19","modified_gmt":"2024-05-13T16:30:19","slug":"la-pnl-de-les-possibilitats","status":"publish","type":"post","link":"https:\/\/diarieducacio.cat\/grao\/2015\/06\/09\/la-pnl-de-les-possibilitats\/","title":{"rendered":"La PNL de les possibilitats"},"content":{"rendered":"<p>Sabem qu\u00e8 cal fer, ho hem llegit, n\u2019hem vist la necessitat, moltes vegades la pregunta \u00e9s: Com ho fem? En el m\u00f3n educatiu, Programaci\u00f3 Neuroling\u00fc\u00edstica ens ofereix aquest com.<\/p>\n<p>La PNL va n\u00e9ixer als anys setanta de la m\u00e0 de John Grinder i Richard Bandler. <strong>La podr\u00edem definir com la ci\u00e8ncia i l\u2019art que estudien el funcionament de la ment, el pensament, les emocions, el cos i l\u2019experi\u00e8ncia subjectiva, a partir de l\u2019observaci\u00f3 de les capacitats humane<\/strong>s. Com diu R.Dilts, \u00e9s una actitud. I ens ajuda precisament a aix\u00f2, a un canvi d\u2019actitud, d\u2019esquemes r\u00edgids i tancats a mapes mentals m\u00e9s oberts, efectius i motivadors; al mateix temps, ens proporciona l\u2019acc\u00e9s als nostres propis recursos.<\/p>\n<p>A m\u00e9s, ens pot oferir eines per al nostre benestar: millorar la nostra capacitat de comunicaci\u00f3, l\u2019escolta, el nostre di\u00e0leg intern i, per descomptat, la nostra autoestima i motivaci\u00f3. El m\u00e9s important \u00e9s que ens acompanya a ser el missatge que volem transmetre, a un autoconeixement. \u00c9s un potenciador de les nostres virtuts.<\/p>\n<p>Una de les principals riqueses de la PNL \u00e9s que ens proporciona el cam\u00ed per tal que l\u2019educador conegui com funciona la seva ment. Qu\u00e8 el motiva, qu\u00e8 el limita, qu\u00e8 necessita per accedir als seus propis recursos, etc. Per arribar aqu\u00ed necessitem con\u00e8ixer la persona que facilita i proporciona l\u2019espai per tal que aix\u00f2 es produeixi, el mateix educador. <strong>Des d\u2019aqu\u00ed, des d\u2019aquest lloc tan \u00edntim, l\u2019educador surt a trobar-se amb els alumnes, que agrairan que es mostri tal com \u00e9s.<\/strong><\/p>\n<p>La proposta \u00e9s un exercici senzill per a persones no iniciades en la PNL, sobre el di\u00e0leg intern i la comunicaci\u00f3 aut\u00e8ntica:<\/p>\n<p>Observa qu\u00e8 et passa amb aquestes afirmacions, com et sents, qu\u00e8 passa al teu voltant, qu\u00e8 canvia, qu\u00e8 veus. Potser, un cop fet l\u2019exercici, les coses ja no s\u00f3n exactament con eren abans.<\/p>\n<blockquote><p><em>S\u00f3c un educador comprom\u00e8s, puntual, constant, alegre, pacient. Un educador que intento aprendre cada dia, que prenc paci\u00e8ncia i exercito la perseveran\u00e7a. S\u00f3c un educador i s\u00e9 que a l\u2019aula tinc nens, pares i germans, somnis i desil\u00b7lusions, fam\u00edlies de diferents colors i formes. <\/em><\/p>\n<p><em>I al mateix temps s\u00f3c un educador que es cansa, que a vegades es desanima, que s\u2019equivoca i que no sap demanar ajuda perqu\u00e8 tot sovint m\u2019exigeixo massa. S\u00f3c un educador que potser avui no he dormit, o em sento trist tamb\u00e9. <\/em><\/p>\n<p><em>I malgrat totes aquestes coses, s\u00f3c un educador que t\u00e9 entre les mans el material m\u00e9s valu\u00f3s del m\u00f3n. I sabent aix\u00f2, em respecto, em tracto amb cura, em disculpo quan fallo, aprenc a demanar ajuda, a tenir cura de mi mateix i donar-me espais\u2026 perqu\u00e8 en definitiva jo s\u00f3c el missatge.\u00a0 <\/em><\/p><\/blockquote>\n<p><strong>Susana Arjona<\/strong><\/p>\n<p>Pedagoga, m\u00e0ster <em>trainer<\/em> en PNL, m\u00e0ster en PNL &amp; Coaching, <em>coach<\/em> Wingwave i EMDR, orientadora familiar.\u00a0CCE Montessori-Palau, Centre de Logop\u00e8dia PARLA i Institut Gestalt.<\/p>\n","protected":false},"excerpt":{"rendered":"<p>Com a educadors sovint ens trobem saturats d\u2019informaci\u00f3, objectius, activitats i exig\u00e8ncia. Ens hem entrenat en t\u00e8cniques, som ca\u00e7adors de recursos i ens descuidem de posar la mirada en el gran recurs que som nosaltres.<\/p>\n","protected":false},"author":558,"featured_media":1015,"comment_status":"open","ping_status":"open","sticky":false,"template":"","format":"standard","meta":{"footnotes":""},"categories":[262,149,115],"tags":[98,199,309],"tipo":[],"class_list":{"0":"post-1011","1":"post","2":"type-post","3":"status-publish","4":"format-standard","5":"has-post-thumbnail","7":"category-coaching","8":"category-formacio-del-professorat","9":"category-reflexio","10":"tag-benestar-del-professorat","11":"tag-escola","12":"tag-pnl"},"yoast_head":"<!-- This site is optimized with the Yoast SEO plugin v27.5 - https:\/\/yoast.com\/product\/yoast-seo-wordpress\/ -->\n<title>La PNL de les possibilitats - L&#039;escola gra\u00f3 a gra\u00f3<\/title>\n<meta name=\"robots\" content=\"index, follow, max-snippet:-1, max-image-preview:large, max-video-preview:-1\" \/>\n<link rel=\"canonical\" href=\"https:\/\/diarieducacio.cat\/grao\/2015\/06\/09\/la-pnl-de-les-possibilitats\/\" \/>\n<meta property=\"og:locale\" content=\"ca_ES\" \/>\n<meta property=\"og:type\" content=\"article\" \/>\n<meta property=\"og:title\" content=\"La PNL de les possibilitats - L&#039;escola gra\u00f3 a gra\u00f3\" \/>\n<meta property=\"og:description\" content=\"Com a educadors sovint ens trobem saturats d\u2019informaci\u00f3, objectius, activitats i exig\u00e8ncia. Ens hem entrenat en t\u00e8cniques, som ca\u00e7adors de recursos i ens descuidem de posar la mirada en el gran recurs que som nosaltres.\" \/>\n<meta property=\"og:url\" content=\"https:\/\/diarieducacio.cat\/grao\/2015\/06\/09\/la-pnl-de-les-possibilitats\/\" \/>\n<meta property=\"og:site_name\" content=\"L&#039;escola gra\u00f3 a gra\u00f3\" \/>\n<meta property=\"article:published_time\" content=\"2015-06-09T06:57:58+00:00\" \/>\n<meta property=\"article:modified_time\" content=\"2024-05-13T16:30:19+00:00\" \/>\n<meta property=\"og:image\" content=\"https:\/\/diarieducacio.cat\/grao\/wp-content\/uploads\/sites\/31\/2015\/06\/b27b18d08c23eff020e5e97c267f2e13_article.jpg\" \/>\n\t<meta property=\"og:image:width\" content=\"630\" \/>\n\t<meta property=\"og:image:height\" content=\"354\" \/>\n\t<meta property=\"og:image:type\" content=\"image\/jpeg\" \/>\n<meta name=\"author\" content=\"Susana Arjona\" \/>\n<meta name=\"twitter:card\" content=\"summary_large_image\" \/>\n<meta name=\"twitter:label1\" content=\"Escrit per\" \/>\n\t<meta name=\"twitter:data1\" content=\"Susana Arjona\" \/>\n\t<meta name=\"twitter:label2\" content=\"Temps estimat de lectura\" \/>\n\t<meta name=\"twitter:data2\" content=\"3 minuts\" \/>\n<script type=\"application\/ld+json\" class=\"yoast-schema-graph\">{\"@context\":\"https:\\\/\\\/schema.org\",\"@graph\":[{\"@type\":\"Article\",\"@id\":\"https:\\\/\\\/diarieducacio.cat\\\/grao\\\/2015\\\/06\\\/09\\\/la-pnl-de-les-possibilitats\\\/#article\",\"isPartOf\":{\"@id\":\"https:\\\/\\\/diarieducacio.cat\\\/grao\\\/2015\\\/06\\\/09\\\/la-pnl-de-les-possibilitats\\\/\"},\"author\":{\"name\":\"Susana Arjona\",\"@id\":\"https:\\\/\\\/diarieducacio.cat\\\/grao\\\/#\\\/schema\\\/person\\\/b9a8ce3219efb064db3d0cb94a8c6ace\"},\"headline\":\"La PNL de les possibilitats\",\"datePublished\":\"2015-06-09T06:57:58+00:00\",\"dateModified\":\"2024-05-13T16:30:19+00:00\",\"mainEntityOfPage\":{\"@id\":\"https:\\\/\\\/diarieducacio.cat\\\/grao\\\/2015\\\/06\\\/09\\\/la-pnl-de-les-possibilitats\\\/\"},\"wordCount\":526,\"commentCount\":0,\"image\":{\"@id\":\"https:\\\/\\\/diarieducacio.cat\\\/grao\\\/2015\\\/06\\\/09\\\/la-pnl-de-les-possibilitats\\\/#primaryimage\"},\"thumbnailUrl\":\"https:\\\/\\\/diarieducacio.cat\\\/grao\\\/wp-content\\\/uploads\\\/sites\\\/31\\\/2015\\\/06\\\/b27b18d08c23eff020e5e97c267f2e13_article.jpg\",\"keywords\":[\"benestar del professorat\",\"escola\",\"PNL\"],\"articleSection\":[\"coaching\",\"Formaci\u00f3 del professorat\",\"Reflexi\u00f3\"],\"inLanguage\":\"ca\",\"potentialAction\":[{\"@type\":\"CommentAction\",\"name\":\"Comment\",\"target\":[\"https:\\\/\\\/diarieducacio.cat\\\/grao\\\/2015\\\/06\\\/09\\\/la-pnl-de-les-possibilitats\\\/#respond\"]}]},{\"@type\":\"WebPage\",\"@id\":\"https:\\\/\\\/diarieducacio.cat\\\/grao\\\/2015\\\/06\\\/09\\\/la-pnl-de-les-possibilitats\\\/\",\"url\":\"https:\\\/\\\/diarieducacio.cat\\\/grao\\\/2015\\\/06\\\/09\\\/la-pnl-de-les-possibilitats\\\/\",\"name\":\"La PNL de les possibilitats - L'escola gra\u00f3 a gra\u00f3\",\"isPartOf\":{\"@id\":\"https:\\\/\\\/diarieducacio.cat\\\/grao\\\/#website\"},\"primaryImageOfPage\":{\"@id\":\"https:\\\/\\\/diarieducacio.cat\\\/grao\\\/2015\\\/06\\\/09\\\/la-pnl-de-les-possibilitats\\\/#primaryimage\"},\"image\":{\"@id\":\"https:\\\/\\\/diarieducacio.cat\\\/grao\\\/2015\\\/06\\\/09\\\/la-pnl-de-les-possibilitats\\\/#primaryimage\"},\"thumbnailUrl\":\"https:\\\/\\\/diarieducacio.cat\\\/grao\\\/wp-content\\\/uploads\\\/sites\\\/31\\\/2015\\\/06\\\/b27b18d08c23eff020e5e97c267f2e13_article.jpg\",\"datePublished\":\"2015-06-09T06:57:58+00:00\",\"dateModified\":\"2024-05-13T16:30:19+00:00\",\"author\":{\"@id\":\"https:\\\/\\\/diarieducacio.cat\\\/grao\\\/#\\\/schema\\\/person\\\/b9a8ce3219efb064db3d0cb94a8c6ace\"},\"breadcrumb\":{\"@id\":\"https:\\\/\\\/diarieducacio.cat\\\/grao\\\/2015\\\/06\\\/09\\\/la-pnl-de-les-possibilitats\\\/#breadcrumb\"},\"inLanguage\":\"ca\",\"potentialAction\":[{\"@type\":\"ReadAction\",\"target\":[\"https:\\\/\\\/diarieducacio.cat\\\/grao\\\/2015\\\/06\\\/09\\\/la-pnl-de-les-possibilitats\\\/\"]}]},{\"@type\":\"ImageObject\",\"inLanguage\":\"ca\",\"@id\":\"https:\\\/\\\/diarieducacio.cat\\\/grao\\\/2015\\\/06\\\/09\\\/la-pnl-de-les-possibilitats\\\/#primaryimage\",\"url\":\"https:\\\/\\\/diarieducacio.cat\\\/grao\\\/wp-content\\\/uploads\\\/sites\\\/31\\\/2015\\\/06\\\/b27b18d08c23eff020e5e97c267f2e13_article.jpg\",\"contentUrl\":\"https:\\\/\\\/diarieducacio.cat\\\/grao\\\/wp-content\\\/uploads\\\/sites\\\/31\\\/2015\\\/06\\\/b27b18d08c23eff020e5e97c267f2e13_article.jpg\",\"width\":630,\"height\":354},{\"@type\":\"BreadcrumbList\",\"@id\":\"https:\\\/\\\/diarieducacio.cat\\\/grao\\\/2015\\\/06\\\/09\\\/la-pnl-de-les-possibilitats\\\/#breadcrumb\",\"itemListElement\":[{\"@type\":\"ListItem\",\"position\":1,\"name\":\"Inici\",\"item\":\"https:\\\/\\\/diarieducacio.cat\\\/grao\\\/\"},{\"@type\":\"ListItem\",\"position\":2,\"name\":\"La PNL de les possibilitats\"}]},{\"@type\":\"WebSite\",\"@id\":\"https:\\\/\\\/diarieducacio.cat\\\/grao\\\/#website\",\"url\":\"https:\\\/\\\/diarieducacio.cat\\\/grao\\\/\",\"name\":\"L'escola gra\u00f3 a gra\u00f3\",\"description\":\"Un blog de El Diari de l&#039;Educaci\u00f3\",\"potentialAction\":[{\"@type\":\"SearchAction\",\"target\":{\"@type\":\"EntryPoint\",\"urlTemplate\":\"https:\\\/\\\/diarieducacio.cat\\\/grao\\\/?s={search_term_string}\"},\"query-input\":{\"@type\":\"PropertyValueSpecification\",\"valueRequired\":true,\"valueName\":\"search_term_string\"}}],\"inLanguage\":\"ca\"},{\"@type\":\"Person\",\"@id\":\"https:\\\/\\\/diarieducacio.cat\\\/grao\\\/#\\\/schema\\\/person\\\/b9a8ce3219efb064db3d0cb94a8c6ace\",\"name\":\"Susana Arjona\",\"image\":{\"@type\":\"ImageObject\",\"inLanguage\":\"ca\",\"@id\":\"https:\\\/\\\/secure.gravatar.com\\\/avatar\\\/4888b54989959479c52de432d3b7358bff605dd168508bfa97cac70bc0965bbb?s=96&d=mm&r=g\",\"url\":\"https:\\\/\\\/secure.gravatar.com\\\/avatar\\\/4888b54989959479c52de432d3b7358bff605dd168508bfa97cac70bc0965bbb?s=96&d=mm&r=g\",\"contentUrl\":\"https:\\\/\\\/secure.gravatar.com\\\/avatar\\\/4888b54989959479c52de432d3b7358bff605dd168508bfa97cac70bc0965bbb?s=96&d=mm&r=g\",\"caption\":\"Susana Arjona\"},\"url\":\"https:\\\/\\\/diarieducacio.cat\\\/grao\\\/author\\\/sarjona\\\/\"}]}<\/script>\n<!-- \/ Yoast SEO plugin. -->","yoast_head_json":{"title":"La PNL de les possibilitats - L'escola gra\u00f3 a gra\u00f3","robots":{"index":"index","follow":"follow","max-snippet":"max-snippet:-1","max-image-preview":"max-image-preview:large","max-video-preview":"max-video-preview:-1"},"canonical":"https:\/\/diarieducacio.cat\/grao\/2015\/06\/09\/la-pnl-de-les-possibilitats\/","og_locale":"ca_ES","og_type":"article","og_title":"La PNL de les possibilitats - L'escola gra\u00f3 a gra\u00f3","og_description":"Com a educadors sovint ens trobem saturats d\u2019informaci\u00f3, objectius, activitats i exig\u00e8ncia. Ens hem entrenat en t\u00e8cniques, som ca\u00e7adors de recursos i ens descuidem de posar la mirada en el gran recurs que som nosaltres.","og_url":"https:\/\/diarieducacio.cat\/grao\/2015\/06\/09\/la-pnl-de-les-possibilitats\/","og_site_name":"L'escola gra\u00f3 a gra\u00f3","article_published_time":"2015-06-09T06:57:58+00:00","article_modified_time":"2024-05-13T16:30:19+00:00","og_image":[{"width":630,"height":354,"url":"https:\/\/diarieducacio.cat\/grao\/wp-content\/uploads\/sites\/31\/2015\/06\/b27b18d08c23eff020e5e97c267f2e13_article.jpg","type":"image\/jpeg"}],"author":"Susana Arjona","twitter_card":"summary_large_image","twitter_misc":{"Escrit per":"Susana Arjona","Temps estimat de lectura":"3 minuts"},"schema":{"@context":"https:\/\/schema.org","@graph":[{"@type":"Article","@id":"https:\/\/diarieducacio.cat\/grao\/2015\/06\/09\/la-pnl-de-les-possibilitats\/#article","isPartOf":{"@id":"https:\/\/diarieducacio.cat\/grao\/2015\/06\/09\/la-pnl-de-les-possibilitats\/"},"author":{"name":"Susana Arjona","@id":"https:\/\/diarieducacio.cat\/grao\/#\/schema\/person\/b9a8ce3219efb064db3d0cb94a8c6ace"},"headline":"La PNL de les possibilitats","datePublished":"2015-06-09T06:57:58+00:00","dateModified":"2024-05-13T16:30:19+00:00","mainEntityOfPage":{"@id":"https:\/\/diarieducacio.cat\/grao\/2015\/06\/09\/la-pnl-de-les-possibilitats\/"},"wordCount":526,"commentCount":0,"image":{"@id":"https:\/\/diarieducacio.cat\/grao\/2015\/06\/09\/la-pnl-de-les-possibilitats\/#primaryimage"},"thumbnailUrl":"https:\/\/diarieducacio.cat\/grao\/wp-content\/uploads\/sites\/31\/2015\/06\/b27b18d08c23eff020e5e97c267f2e13_article.jpg","keywords":["benestar del professorat","escola","PNL"],"articleSection":["coaching","Formaci\u00f3 del professorat","Reflexi\u00f3"],"inLanguage":"ca","potentialAction":[{"@type":"CommentAction","name":"Comment","target":["https:\/\/diarieducacio.cat\/grao\/2015\/06\/09\/la-pnl-de-les-possibilitats\/#respond"]}]},{"@type":"WebPage","@id":"https:\/\/diarieducacio.cat\/grao\/2015\/06\/09\/la-pnl-de-les-possibilitats\/","url":"https:\/\/diarieducacio.cat\/grao\/2015\/06\/09\/la-pnl-de-les-possibilitats\/","name":"La PNL de les possibilitats - L'escola gra\u00f3 a gra\u00f3","isPartOf":{"@id":"https:\/\/diarieducacio.cat\/grao\/#website"},"primaryImageOfPage":{"@id":"https:\/\/diarieducacio.cat\/grao\/2015\/06\/09\/la-pnl-de-les-possibilitats\/#primaryimage"},"image":{"@id":"https:\/\/diarieducacio.cat\/grao\/2015\/06\/09\/la-pnl-de-les-possibilitats\/#primaryimage"},"thumbnailUrl":"https:\/\/diarieducacio.cat\/grao\/wp-content\/uploads\/sites\/31\/2015\/06\/b27b18d08c23eff020e5e97c267f2e13_article.jpg","datePublished":"2015-06-09T06:57:58+00:00","dateModified":"2024-05-13T16:30:19+00:00","author":{"@id":"https:\/\/diarieducacio.cat\/grao\/#\/schema\/person\/b9a8ce3219efb064db3d0cb94a8c6ace"},"breadcrumb":{"@id":"https:\/\/diarieducacio.cat\/grao\/2015\/06\/09\/la-pnl-de-les-possibilitats\/#breadcrumb"},"inLanguage":"ca","potentialAction":[{"@type":"ReadAction","target":["https:\/\/diarieducacio.cat\/grao\/2015\/06\/09\/la-pnl-de-les-possibilitats\/"]}]},{"@type":"ImageObject","inLanguage":"ca","@id":"https:\/\/diarieducacio.cat\/grao\/2015\/06\/09\/la-pnl-de-les-possibilitats\/#primaryimage","url":"https:\/\/diarieducacio.cat\/grao\/wp-content\/uploads\/sites\/31\/2015\/06\/b27b18d08c23eff020e5e97c267f2e13_article.jpg","contentUrl":"https:\/\/diarieducacio.cat\/grao\/wp-content\/uploads\/sites\/31\/2015\/06\/b27b18d08c23eff020e5e97c267f2e13_article.jpg","width":630,"height":354},{"@type":"BreadcrumbList","@id":"https:\/\/diarieducacio.cat\/grao\/2015\/06\/09\/la-pnl-de-les-possibilitats\/#breadcrumb","itemListElement":[{"@type":"ListItem","position":1,"name":"Inici","item":"https:\/\/diarieducacio.cat\/grao\/"},{"@type":"ListItem","position":2,"name":"La PNL de les possibilitats"}]},{"@type":"WebSite","@id":"https:\/\/diarieducacio.cat\/grao\/#website","url":"https:\/\/diarieducacio.cat\/grao\/","name":"L'escola gra\u00f3 a gra\u00f3","description":"Un blog de El Diari de l&#039;Educaci\u00f3","potentialAction":[{"@type":"SearchAction","target":{"@type":"EntryPoint","urlTemplate":"https:\/\/diarieducacio.cat\/grao\/?s={search_term_string}"},"query-input":{"@type":"PropertyValueSpecification","valueRequired":true,"valueName":"search_term_string"}}],"inLanguage":"ca"},{"@type":"Person","@id":"https:\/\/diarieducacio.cat\/grao\/#\/schema\/person\/b9a8ce3219efb064db3d0cb94a8c6ace","name":"Susana Arjona","image":{"@type":"ImageObject","inLanguage":"ca","@id":"https:\/\/secure.gravatar.com\/avatar\/4888b54989959479c52de432d3b7358bff605dd168508bfa97cac70bc0965bbb?s=96&d=mm&r=g","url":"https:\/\/secure.gravatar.com\/avatar\/4888b54989959479c52de432d3b7358bff605dd168508bfa97cac70bc0965bbb?s=96&d=mm&r=g","contentUrl":"https:\/\/secure.gravatar.com\/avatar\/4888b54989959479c52de432d3b7358bff605dd168508bfa97cac70bc0965bbb?s=96&d=mm&r=g","caption":"Susana Arjona"},"url":"https:\/\/diarieducacio.cat\/grao\/author\/sarjona\/"}]}},"_links":{"self":[{"href":"https:\/\/diarieducacio.cat\/grao\/wp-json\/wp\/v2\/posts\/1011","targetHints":{"allow":["GET"]}}],"collection":[{"href":"https:\/\/diarieducacio.cat\/grao\/wp-json\/wp\/v2\/posts"}],"about":[{"href":"https:\/\/diarieducacio.cat\/grao\/wp-json\/wp\/v2\/types\/post"}],"author":[{"embeddable":true,"href":"https:\/\/diarieducacio.cat\/grao\/wp-json\/wp\/v2\/users\/558"}],"replies":[{"embeddable":true,"href":"https:\/\/diarieducacio.cat\/grao\/wp-json\/wp\/v2\/comments?post=1011"}],"version-history":[{"count":1,"href":"https:\/\/diarieducacio.cat\/grao\/wp-json\/wp\/v2\/posts\/1011\/revisions"}],"predecessor-version":[{"id":6234,"href":"https:\/\/diarieducacio.cat\/grao\/wp-json\/wp\/v2\/posts\/1011\/revisions\/6234"}],"wp:featuredmedia":[{"embeddable":true,"href":"https:\/\/diarieducacio.cat\/grao\/wp-json\/wp\/v2\/media\/1015"}],"wp:attachment":[{"href":"https:\/\/diarieducacio.cat\/grao\/wp-json\/wp\/v2\/media?parent=1011"}],"wp:term":[{"taxonomy":"category","embeddable":true,"href":"https:\/\/diarieducacio.cat\/grao\/wp-json\/wp\/v2\/categories?post=1011"},{"taxonomy":"post_tag","embeddable":true,"href":"https:\/\/diarieducacio.cat\/grao\/wp-json\/wp\/v2\/tags?post=1011"},{"taxonomy":"tipo","embeddable":true,"href":"https:\/\/diarieducacio.cat\/grao\/wp-json\/wp\/v2\/tipo?post=1011"}],"curies":[{"name":"wp","href":"https:\/\/api.w.org\/{rel}","templated":true}]}}