{"id":1046,"date":"2015-07-13T06:48:36","date_gmt":"2015-07-13T06:48:36","guid":{"rendered":"https:\/\/diarieducacio.cat\/grao\/?p=1046"},"modified":"2024-05-13T18:30:19","modified_gmt":"2024-05-13T16:30:19","slug":"teresa-ines-mestra-maputxe-gent-de-la-terra","status":"publish","type":"post","link":"https:\/\/diarieducacio.cat\/grao\/2015\/07\/13\/teresa-ines-mestra-maputxe-gent-de-la-terra\/","title":{"rendered":"Teresa In\u00e9s, mestra maputxe. Gent de la Terra."},"content":{"rendered":"<p>Aix\u00f2 \u00e9s precisament el que significa: mapu (\u2018terra\u2019) i de txe (\u2018gent\u2019).\u00a0El poble maputxe \u00e9s una comunitat amer\u00edndia que habita el sud de Xile. La Teresa In\u00e9s \u00e9s mestra all\u00e0:<\/p>\n<p>\u00abBusco contribuir a generar un di\u00e0leg educatiu, el punt de partida del qual sigui les experi\u00e8ncies dels infants, el saber de les seves fam\u00edlies i les comunitats d\u2019origen, les seves maneres de comprendre el m\u00f3n, les seves lleng\u00fces, les seves cultures, tot aix\u00f2 vinculat al coneixement pedag\u00f2gic occidental, que els pot ajudar a desenvolupar una educaci\u00f3 m\u00e9s significativa. Jo vaig estudiar en una escola on la llengua de comunicaci\u00f3 era el castell\u00e0, per\u00f2 el meu idioma matern era el mapudungun. El coneixement que s\u2019hi abordava derivava del curr\u00edculum nacional, per\u00f2 el que jo sabia s\u2019originava en la tradici\u00f3 maputxe. <strong>Durant molt de temps, el saber local va ser excl\u00f2s de les escoles. Avui avancem per revertir aquesta tend\u00e8ncia<\/strong>\u00bb.<\/p>\n<blockquote><p>\u00a0<span style=\"line-height: 1.5\">Somnis, intu\u00efci\u00f3, natura\u2026 Quantes vegades utilitzem aquestes paraules a l\u2019escola? Segurament, poques. <\/span><\/p><\/blockquote>\n<p>\u00abEls professors maputxes donem molt de valor al context, a la relaci\u00f3 de la persona amb la natura i amb el m\u00f3n espiritual. No creiem que l\u2019\u00e9sser hum\u00e0 sigui el centre de l\u2019univers, sin\u00f3 que solament n\u2019\u00e9s una part. Considerem la persona com un \u00e9sser integral, que pensa, que fa, que sent, que somia, que s\u2019emociona i que pateix. <strong>Per nosaltres, tenen molt de valor l\u2019experi\u00e8ncia, l\u2019observaci\u00f3, l\u2019escolta, la intu\u00efci\u00f3 i els sabers traspassats generaci\u00f3 rere generaci\u00f3 per mitj\u00e0 de l\u2019oralitat<\/strong>\u00bb.\u00a0Somnis, intu\u00efci\u00f3, natura\u2026 Quantes vegades utilitzem aquestes paraules a l\u2019escola? Segurament, poques. Aix\u00f2 no obstant, molt probablement, han estat el motor d\u2019un salt qu\u00e0ntic a les nostres vides, d\u2019un canvi que ens va conduir a un lloc m\u00e9s ple i m\u00e9s aut\u00e8ntic. \u00c9s una ll\u00e0stima que haguem decidit excloure-les dels centres docents en pro d\u2019un aval cient\u00edfic que no sempre ens ofereix el que necessitem com a persones humanes.<\/p>\n<p>\u00abLes criatures amb qui treballo a Xile arriben a l\u2019escola cap a dos quarts de nou del mat\u00ed, despr\u00e9s de caminar al llarg de tres o quatre quil\u00f2metres. Conversem sobre la nostra relaci\u00f3 amb l\u2019entorn, sobre les nostres vides amb la fam\u00edlia, sobre el nostre\u00a0\u00e9sser maputxe, parlem en mapudungun. <strong>Fem moltes activitats pr\u00e0ctiques, per\u00f2 tamb\u00e9 observem i escoltem, perqu\u00e8 igualment s\u2019apr\u00e8n en la quietud<\/strong>. No sempre s\u2019han de dir o fer moltes coses per aprendre. Jo no pateixo problemes d\u2019hiperactivitat a l\u2019aula. Els infants que tinc a classe s\u00f3n tranquils. Potser aquesta manera de ser i d\u2019actuar ens \u00e9s donada per la cultura i pel context.\u00bb<\/p>\n<blockquote><p>\u00abPotser caldria aprofitar les potencialitats que ofereix la diversitat cultural i ling\u00fc\u00edstica, les maneres diferents de comprendre el m\u00f3n i la realitat, la conviv\u00e8ncia amb persones que s\u00f3n iguals que nosaltres i, alhora, diferents\u00bb<\/p><\/blockquote>\n<p>Li preguntem qu\u00e8 podr\u00edem incorporar de l\u2019escola maputxe que millor\u00e9s o que enriqu\u00eds la nostra: \u00abPotser caldria aprofitar les potencialitats que ofereix la diversitat cultural i ling\u00fc\u00edstica, <strong>les maneres diferents de comprendre el m\u00f3n i la realitat<\/strong>, la conviv\u00e8ncia amb persones que s\u00f3n iguals que nosaltres i, alhora, diferents\u00bb. En aquestes al\u00e7ades, tothom ja ho sap: \u00abCom m\u00e9s fortes s\u00f3n les arrels, m\u00e9s grans s\u00f3n les ales\u00bb. Necessitem poder ser gent de la nostra terra, perqu\u00e8 totes ofereixen alguna cosa valuosa i \u00fanica: el tresor de qui les estima i les honora amb la seva alegria.<\/p>\n<p><strong>FONT: <\/strong>Revista Guix n.415. Clic <span style=\"color: #0000ff\"><strong><a style=\"color: #0000ff\" href=\"http:\/\/guix.grao.com\/revistas\/guix\/415-art-i-musica-emocio-i-creativitat\/teresa-ines-mestra-maputxe-gent-de-la-terra\" target=\"_blank\" rel=\"noopener\">aqu\u00ed<\/a>.<\/strong><\/span><\/p>\n","protected":false},"excerpt":{"rendered":"<p>\u00abEls professors maputxes donem molt de valor al context, a la relaci\u00f3 de la persona amb la natura i amb el m\u00f3n espiritual.\u00bb<\/p>\n","protected":false},"author":525,"featured_media":1047,"comment_status":"open","ping_status":"open","sticky":false,"template":"","format":"standard","meta":{"footnotes":""},"categories":[158,101,198,103,173,160,143],"tags":[157,98,266,176,147],"tipo":[],"class_list":{"0":"post-1046","1":"post","2":"type-post","3":"status-publish","4":"format-standard","5":"has-post-thumbnail","7":"category-atencio-a-la-diversitat","8":"category-desenvolupament-personal","9":"category-desenvolupament-professional","10":"category-educacio-afectiva-emocional","11":"category-educacio-per-a-la-convivencia","12":"category-educacio-per-a-la-interculturalitatmulticulturalitat","13":"category-filosofia-de-leducacio","14":"tag-atencio-a-la-diversitat","15":"tag-benestar-del-professorat","16":"tag-comunitat-educativa","17":"tag-educacio-emocional","18":"tag-visio-del-mon"},"yoast_head":"<!-- This site is optimized with the Yoast SEO plugin v27.4 - https:\/\/yoast.com\/product\/yoast-seo-wordpress\/ -->\n<title>Teresa In\u00e9s, mestra maputxe. Gent de la Terra. - L&#039;escola gra\u00f3 a gra\u00f3<\/title>\n<meta name=\"robots\" content=\"index, follow, max-snippet:-1, max-image-preview:large, max-video-preview:-1\" \/>\n<link rel=\"canonical\" href=\"https:\/\/diarieducacio.cat\/grao\/2015\/07\/13\/teresa-ines-mestra-maputxe-gent-de-la-terra\/\" \/>\n<meta property=\"og:locale\" content=\"ca_ES\" \/>\n<meta property=\"og:type\" content=\"article\" \/>\n<meta property=\"og:title\" content=\"Teresa In\u00e9s, mestra maputxe. Gent de la Terra. - L&#039;escola gra\u00f3 a gra\u00f3\" \/>\n<meta property=\"og:description\" content=\"\u00abEls professors maputxes donem molt de valor al context, a la relaci\u00f3 de la persona amb la natura i amb el m\u00f3n espiritual.\u00bb\" \/>\n<meta property=\"og:url\" content=\"https:\/\/diarieducacio.cat\/grao\/2015\/07\/13\/teresa-ines-mestra-maputxe-gent-de-la-terra\/\" \/>\n<meta property=\"og:site_name\" content=\"L&#039;escola gra\u00f3 a gra\u00f3\" \/>\n<meta property=\"article:published_time\" content=\"2015-07-13T06:48:36+00:00\" \/>\n<meta property=\"article:modified_time\" content=\"2024-05-13T16:30:19+00:00\" \/>\n<meta property=\"og:image\" content=\"https:\/\/diarieducacio.cat\/grao\/wp-content\/uploads\/sites\/31\/2015\/07\/mat.jpg\" \/>\n\t<meta property=\"og:image:width\" content=\"205\" \/>\n\t<meta property=\"og:image:height\" content=\"258\" \/>\n\t<meta property=\"og:image:type\" content=\"image\/jpeg\" \/>\n<meta name=\"author\" content=\"Eva Mart\u00ednez\" \/>\n<meta name=\"twitter:card\" content=\"summary_large_image\" \/>\n<meta name=\"twitter:label1\" content=\"Escrit per\" \/>\n\t<meta name=\"twitter:data1\" content=\"Eva Mart\u00ednez\" \/>\n\t<meta name=\"twitter:label2\" content=\"Temps estimat de lectura\" \/>\n\t<meta name=\"twitter:data2\" content=\"3 minuts\" \/>\n<script type=\"application\/ld+json\" class=\"yoast-schema-graph\">{\"@context\":\"https:\\\/\\\/schema.org\",\"@graph\":[{\"@type\":\"Article\",\"@id\":\"https:\\\/\\\/diarieducacio.cat\\\/grao\\\/2015\\\/07\\\/13\\\/teresa-ines-mestra-maputxe-gent-de-la-terra\\\/#article\",\"isPartOf\":{\"@id\":\"https:\\\/\\\/diarieducacio.cat\\\/grao\\\/2015\\\/07\\\/13\\\/teresa-ines-mestra-maputxe-gent-de-la-terra\\\/\"},\"author\":{\"name\":\"Eva Mart\u00ednez\",\"@id\":\"https:\\\/\\\/diarieducacio.cat\\\/grao\\\/#\\\/schema\\\/person\\\/6ef3c04be493eca55163f8fb357b96dd\"},\"headline\":\"Teresa In\u00e9s, mestra maputxe. Gent de la Terra.\",\"datePublished\":\"2015-07-13T06:48:36+00:00\",\"dateModified\":\"2024-05-13T16:30:19+00:00\",\"mainEntityOfPage\":{\"@id\":\"https:\\\/\\\/diarieducacio.cat\\\/grao\\\/2015\\\/07\\\/13\\\/teresa-ines-mestra-maputxe-gent-de-la-terra\\\/\"},\"wordCount\":632,\"commentCount\":0,\"image\":{\"@id\":\"https:\\\/\\\/diarieducacio.cat\\\/grao\\\/2015\\\/07\\\/13\\\/teresa-ines-mestra-maputxe-gent-de-la-terra\\\/#primaryimage\"},\"thumbnailUrl\":\"https:\\\/\\\/diarieducacio.cat\\\/grao\\\/wp-content\\\/uploads\\\/sites\\\/31\\\/2015\\\/07\\\/mat.jpg\",\"keywords\":[\"Atenci\u00f3 a la diversitat\",\"benestar del professorat\",\"comunitat educativa\",\"educaci\u00f3 emocional\",\"visi\u00f3 del m\u00f3n\"],\"articleSection\":[\"Atenci\u00f3 a la diversitat\",\"Desenvolupament Personal\",\"Desenvolupament professional\",\"Educaci\u00f3 afectiva emocional\",\"Educaci\u00f3 per a la conviv\u00e8ncia\",\"Educaci\u00f3 per a la interculturalitat\\\/multiculturalitat\",\"Filosofia de l'educaci\u00f3\"],\"inLanguage\":\"ca\",\"potentialAction\":[{\"@type\":\"CommentAction\",\"name\":\"Comment\",\"target\":[\"https:\\\/\\\/diarieducacio.cat\\\/grao\\\/2015\\\/07\\\/13\\\/teresa-ines-mestra-maputxe-gent-de-la-terra\\\/#respond\"]}]},{\"@type\":\"WebPage\",\"@id\":\"https:\\\/\\\/diarieducacio.cat\\\/grao\\\/2015\\\/07\\\/13\\\/teresa-ines-mestra-maputxe-gent-de-la-terra\\\/\",\"url\":\"https:\\\/\\\/diarieducacio.cat\\\/grao\\\/2015\\\/07\\\/13\\\/teresa-ines-mestra-maputxe-gent-de-la-terra\\\/\",\"name\":\"Teresa In\u00e9s, mestra maputxe. Gent de la Terra. - L'escola gra\u00f3 a gra\u00f3\",\"isPartOf\":{\"@id\":\"https:\\\/\\\/diarieducacio.cat\\\/grao\\\/#website\"},\"primaryImageOfPage\":{\"@id\":\"https:\\\/\\\/diarieducacio.cat\\\/grao\\\/2015\\\/07\\\/13\\\/teresa-ines-mestra-maputxe-gent-de-la-terra\\\/#primaryimage\"},\"image\":{\"@id\":\"https:\\\/\\\/diarieducacio.cat\\\/grao\\\/2015\\\/07\\\/13\\\/teresa-ines-mestra-maputxe-gent-de-la-terra\\\/#primaryimage\"},\"thumbnailUrl\":\"https:\\\/\\\/diarieducacio.cat\\\/grao\\\/wp-content\\\/uploads\\\/sites\\\/31\\\/2015\\\/07\\\/mat.jpg\",\"datePublished\":\"2015-07-13T06:48:36+00:00\",\"dateModified\":\"2024-05-13T16:30:19+00:00\",\"author\":{\"@id\":\"https:\\\/\\\/diarieducacio.cat\\\/grao\\\/#\\\/schema\\\/person\\\/6ef3c04be493eca55163f8fb357b96dd\"},\"breadcrumb\":{\"@id\":\"https:\\\/\\\/diarieducacio.cat\\\/grao\\\/2015\\\/07\\\/13\\\/teresa-ines-mestra-maputxe-gent-de-la-terra\\\/#breadcrumb\"},\"inLanguage\":\"ca\",\"potentialAction\":[{\"@type\":\"ReadAction\",\"target\":[\"https:\\\/\\\/diarieducacio.cat\\\/grao\\\/2015\\\/07\\\/13\\\/teresa-ines-mestra-maputxe-gent-de-la-terra\\\/\"]}]},{\"@type\":\"ImageObject\",\"inLanguage\":\"ca\",\"@id\":\"https:\\\/\\\/diarieducacio.cat\\\/grao\\\/2015\\\/07\\\/13\\\/teresa-ines-mestra-maputxe-gent-de-la-terra\\\/#primaryimage\",\"url\":\"https:\\\/\\\/diarieducacio.cat\\\/grao\\\/wp-content\\\/uploads\\\/sites\\\/31\\\/2015\\\/07\\\/mat.jpg\",\"contentUrl\":\"https:\\\/\\\/diarieducacio.cat\\\/grao\\\/wp-content\\\/uploads\\\/sites\\\/31\\\/2015\\\/07\\\/mat.jpg\",\"width\":205,\"height\":258},{\"@type\":\"BreadcrumbList\",\"@id\":\"https:\\\/\\\/diarieducacio.cat\\\/grao\\\/2015\\\/07\\\/13\\\/teresa-ines-mestra-maputxe-gent-de-la-terra\\\/#breadcrumb\",\"itemListElement\":[{\"@type\":\"ListItem\",\"position\":1,\"name\":\"Inici\",\"item\":\"https:\\\/\\\/diarieducacio.cat\\\/grao\\\/\"},{\"@type\":\"ListItem\",\"position\":2,\"name\":\"Teresa In\u00e9s, mestra maputxe. Gent de la Terra.\"}]},{\"@type\":\"WebSite\",\"@id\":\"https:\\\/\\\/diarieducacio.cat\\\/grao\\\/#website\",\"url\":\"https:\\\/\\\/diarieducacio.cat\\\/grao\\\/\",\"name\":\"L'escola gra\u00f3 a gra\u00f3\",\"description\":\"Un blog de El Diari de l&#039;Educaci\u00f3\",\"potentialAction\":[{\"@type\":\"SearchAction\",\"target\":{\"@type\":\"EntryPoint\",\"urlTemplate\":\"https:\\\/\\\/diarieducacio.cat\\\/grao\\\/?s={search_term_string}\"},\"query-input\":{\"@type\":\"PropertyValueSpecification\",\"valueRequired\":true,\"valueName\":\"search_term_string\"}}],\"inLanguage\":\"ca\"},{\"@type\":\"Person\",\"@id\":\"https:\\\/\\\/diarieducacio.cat\\\/grao\\\/#\\\/schema\\\/person\\\/6ef3c04be493eca55163f8fb357b96dd\",\"name\":\"Eva Mart\u00ednez\",\"image\":{\"@type\":\"ImageObject\",\"inLanguage\":\"ca\",\"@id\":\"https:\\\/\\\/secure.gravatar.com\\\/avatar\\\/9f9560d64d16d032d11d280ee0bf98bcc108e6d3984f5cd72782046d71518cae?s=96&d=mm&r=g\",\"url\":\"https:\\\/\\\/secure.gravatar.com\\\/avatar\\\/9f9560d64d16d032d11d280ee0bf98bcc108e6d3984f5cd72782046d71518cae?s=96&d=mm&r=g\",\"contentUrl\":\"https:\\\/\\\/secure.gravatar.com\\\/avatar\\\/9f9560d64d16d032d11d280ee0bf98bcc108e6d3984f5cd72782046d71518cae?s=96&d=mm&r=g\",\"caption\":\"Eva Mart\u00ednez\"},\"url\":\"https:\\\/\\\/diarieducacio.cat\\\/grao\\\/author\\\/evamartinez\\\/\"}]}<\/script>\n<!-- \/ Yoast SEO plugin. -->","yoast_head_json":{"title":"Teresa In\u00e9s, mestra maputxe. Gent de la Terra. - L'escola gra\u00f3 a gra\u00f3","robots":{"index":"index","follow":"follow","max-snippet":"max-snippet:-1","max-image-preview":"max-image-preview:large","max-video-preview":"max-video-preview:-1"},"canonical":"https:\/\/diarieducacio.cat\/grao\/2015\/07\/13\/teresa-ines-mestra-maputxe-gent-de-la-terra\/","og_locale":"ca_ES","og_type":"article","og_title":"Teresa In\u00e9s, mestra maputxe. Gent de la Terra. - L'escola gra\u00f3 a gra\u00f3","og_description":"\u00abEls professors maputxes donem molt de valor al context, a la relaci\u00f3 de la persona amb la natura i amb el m\u00f3n espiritual.\u00bb","og_url":"https:\/\/diarieducacio.cat\/grao\/2015\/07\/13\/teresa-ines-mestra-maputxe-gent-de-la-terra\/","og_site_name":"L'escola gra\u00f3 a gra\u00f3","article_published_time":"2015-07-13T06:48:36+00:00","article_modified_time":"2024-05-13T16:30:19+00:00","og_image":[{"width":205,"height":258,"url":"https:\/\/diarieducacio.cat\/grao\/wp-content\/uploads\/sites\/31\/2015\/07\/mat.jpg","type":"image\/jpeg"}],"author":"Eva Mart\u00ednez","twitter_card":"summary_large_image","twitter_misc":{"Escrit per":"Eva Mart\u00ednez","Temps estimat de lectura":"3 minuts"},"schema":{"@context":"https:\/\/schema.org","@graph":[{"@type":"Article","@id":"https:\/\/diarieducacio.cat\/grao\/2015\/07\/13\/teresa-ines-mestra-maputxe-gent-de-la-terra\/#article","isPartOf":{"@id":"https:\/\/diarieducacio.cat\/grao\/2015\/07\/13\/teresa-ines-mestra-maputxe-gent-de-la-terra\/"},"author":{"name":"Eva Mart\u00ednez","@id":"https:\/\/diarieducacio.cat\/grao\/#\/schema\/person\/6ef3c04be493eca55163f8fb357b96dd"},"headline":"Teresa In\u00e9s, mestra maputxe. Gent de la Terra.","datePublished":"2015-07-13T06:48:36+00:00","dateModified":"2024-05-13T16:30:19+00:00","mainEntityOfPage":{"@id":"https:\/\/diarieducacio.cat\/grao\/2015\/07\/13\/teresa-ines-mestra-maputxe-gent-de-la-terra\/"},"wordCount":632,"commentCount":0,"image":{"@id":"https:\/\/diarieducacio.cat\/grao\/2015\/07\/13\/teresa-ines-mestra-maputxe-gent-de-la-terra\/#primaryimage"},"thumbnailUrl":"https:\/\/diarieducacio.cat\/grao\/wp-content\/uploads\/sites\/31\/2015\/07\/mat.jpg","keywords":["Atenci\u00f3 a la diversitat","benestar del professorat","comunitat educativa","educaci\u00f3 emocional","visi\u00f3 del m\u00f3n"],"articleSection":["Atenci\u00f3 a la diversitat","Desenvolupament Personal","Desenvolupament professional","Educaci\u00f3 afectiva emocional","Educaci\u00f3 per a la conviv\u00e8ncia","Educaci\u00f3 per a la interculturalitat\/multiculturalitat","Filosofia de l'educaci\u00f3"],"inLanguage":"ca","potentialAction":[{"@type":"CommentAction","name":"Comment","target":["https:\/\/diarieducacio.cat\/grao\/2015\/07\/13\/teresa-ines-mestra-maputxe-gent-de-la-terra\/#respond"]}]},{"@type":"WebPage","@id":"https:\/\/diarieducacio.cat\/grao\/2015\/07\/13\/teresa-ines-mestra-maputxe-gent-de-la-terra\/","url":"https:\/\/diarieducacio.cat\/grao\/2015\/07\/13\/teresa-ines-mestra-maputxe-gent-de-la-terra\/","name":"Teresa In\u00e9s, mestra maputxe. Gent de la Terra. - L'escola gra\u00f3 a gra\u00f3","isPartOf":{"@id":"https:\/\/diarieducacio.cat\/grao\/#website"},"primaryImageOfPage":{"@id":"https:\/\/diarieducacio.cat\/grao\/2015\/07\/13\/teresa-ines-mestra-maputxe-gent-de-la-terra\/#primaryimage"},"image":{"@id":"https:\/\/diarieducacio.cat\/grao\/2015\/07\/13\/teresa-ines-mestra-maputxe-gent-de-la-terra\/#primaryimage"},"thumbnailUrl":"https:\/\/diarieducacio.cat\/grao\/wp-content\/uploads\/sites\/31\/2015\/07\/mat.jpg","datePublished":"2015-07-13T06:48:36+00:00","dateModified":"2024-05-13T16:30:19+00:00","author":{"@id":"https:\/\/diarieducacio.cat\/grao\/#\/schema\/person\/6ef3c04be493eca55163f8fb357b96dd"},"breadcrumb":{"@id":"https:\/\/diarieducacio.cat\/grao\/2015\/07\/13\/teresa-ines-mestra-maputxe-gent-de-la-terra\/#breadcrumb"},"inLanguage":"ca","potentialAction":[{"@type":"ReadAction","target":["https:\/\/diarieducacio.cat\/grao\/2015\/07\/13\/teresa-ines-mestra-maputxe-gent-de-la-terra\/"]}]},{"@type":"ImageObject","inLanguage":"ca","@id":"https:\/\/diarieducacio.cat\/grao\/2015\/07\/13\/teresa-ines-mestra-maputxe-gent-de-la-terra\/#primaryimage","url":"https:\/\/diarieducacio.cat\/grao\/wp-content\/uploads\/sites\/31\/2015\/07\/mat.jpg","contentUrl":"https:\/\/diarieducacio.cat\/grao\/wp-content\/uploads\/sites\/31\/2015\/07\/mat.jpg","width":205,"height":258},{"@type":"BreadcrumbList","@id":"https:\/\/diarieducacio.cat\/grao\/2015\/07\/13\/teresa-ines-mestra-maputxe-gent-de-la-terra\/#breadcrumb","itemListElement":[{"@type":"ListItem","position":1,"name":"Inici","item":"https:\/\/diarieducacio.cat\/grao\/"},{"@type":"ListItem","position":2,"name":"Teresa In\u00e9s, mestra maputxe. Gent de la Terra."}]},{"@type":"WebSite","@id":"https:\/\/diarieducacio.cat\/grao\/#website","url":"https:\/\/diarieducacio.cat\/grao\/","name":"L'escola gra\u00f3 a gra\u00f3","description":"Un blog de El Diari de l&#039;Educaci\u00f3","potentialAction":[{"@type":"SearchAction","target":{"@type":"EntryPoint","urlTemplate":"https:\/\/diarieducacio.cat\/grao\/?s={search_term_string}"},"query-input":{"@type":"PropertyValueSpecification","valueRequired":true,"valueName":"search_term_string"}}],"inLanguage":"ca"},{"@type":"Person","@id":"https:\/\/diarieducacio.cat\/grao\/#\/schema\/person\/6ef3c04be493eca55163f8fb357b96dd","name":"Eva Mart\u00ednez","image":{"@type":"ImageObject","inLanguage":"ca","@id":"https:\/\/secure.gravatar.com\/avatar\/9f9560d64d16d032d11d280ee0bf98bcc108e6d3984f5cd72782046d71518cae?s=96&d=mm&r=g","url":"https:\/\/secure.gravatar.com\/avatar\/9f9560d64d16d032d11d280ee0bf98bcc108e6d3984f5cd72782046d71518cae?s=96&d=mm&r=g","contentUrl":"https:\/\/secure.gravatar.com\/avatar\/9f9560d64d16d032d11d280ee0bf98bcc108e6d3984f5cd72782046d71518cae?s=96&d=mm&r=g","caption":"Eva Mart\u00ednez"},"url":"https:\/\/diarieducacio.cat\/grao\/author\/evamartinez\/"}]}},"_links":{"self":[{"href":"https:\/\/diarieducacio.cat\/grao\/wp-json\/wp\/v2\/posts\/1046","targetHints":{"allow":["GET"]}}],"collection":[{"href":"https:\/\/diarieducacio.cat\/grao\/wp-json\/wp\/v2\/posts"}],"about":[{"href":"https:\/\/diarieducacio.cat\/grao\/wp-json\/wp\/v2\/types\/post"}],"author":[{"embeddable":true,"href":"https:\/\/diarieducacio.cat\/grao\/wp-json\/wp\/v2\/users\/525"}],"replies":[{"embeddable":true,"href":"https:\/\/diarieducacio.cat\/grao\/wp-json\/wp\/v2\/comments?post=1046"}],"version-history":[{"count":1,"href":"https:\/\/diarieducacio.cat\/grao\/wp-json\/wp\/v2\/posts\/1046\/revisions"}],"predecessor-version":[{"id":6236,"href":"https:\/\/diarieducacio.cat\/grao\/wp-json\/wp\/v2\/posts\/1046\/revisions\/6236"}],"wp:featuredmedia":[{"embeddable":true,"href":"https:\/\/diarieducacio.cat\/grao\/wp-json\/wp\/v2\/media\/1047"}],"wp:attachment":[{"href":"https:\/\/diarieducacio.cat\/grao\/wp-json\/wp\/v2\/media?parent=1046"}],"wp:term":[{"taxonomy":"category","embeddable":true,"href":"https:\/\/diarieducacio.cat\/grao\/wp-json\/wp\/v2\/categories?post=1046"},{"taxonomy":"post_tag","embeddable":true,"href":"https:\/\/diarieducacio.cat\/grao\/wp-json\/wp\/v2\/tags?post=1046"},{"taxonomy":"tipo","embeddable":true,"href":"https:\/\/diarieducacio.cat\/grao\/wp-json\/wp\/v2\/tipo?post=1046"}],"curies":[{"name":"wp","href":"https:\/\/api.w.org\/{rel}","templated":true}]}}