{"id":1136,"date":"2015-10-19T06:24:54","date_gmt":"2015-10-19T06:24:54","guid":{"rendered":"https:\/\/diarieducacio.cat\/grao\/?p=1136"},"modified":"2024-05-13T18:30:19","modified_gmt":"2024-05-13T16:30:19","slug":"blanca-azanza-presidenta-dameigi-letapa-dinfantil-no-es-un-negoci","status":"publish","type":"post","link":"https:\/\/diarieducacio.cat\/grao\/2015\/10\/19\/blanca-azanza-presidenta-dameigi-letapa-dinfantil-no-es-un-negoci\/","title":{"rendered":"Blanca Azanza, presidenta d\u2019AMEIGI. L\u2019etapa d\u2019infantil no \u00e9s un negoci."},"content":{"rendered":"<p><img decoding=\"async\" class=\"alignleft wp-image-1137 \" src=\"https:\/\/diarieducacio.cat\/grao\/wp-content\/uploads\/sites\/10\/2015\/09\/Blanca-AMEIGI-150x150.jpg\" alt=\"Blanca - AMEIGI\" width=\"188\" height=\"188\" \/>La Blanca presideix l\u2019Associaci\u00f3 Madrilenya d\u2019Escoles Infantils de Gesti\u00f3 Indirecta i ens explica el seg\u00fcent: \u00abVam n\u00e9ixer l\u2019any 2008 com a resposta als atacs directes de la Conselleria al sistema p\u00fablic. La pol\u00edtica educativa d\u2019aquell moment es basava en criteris purament econ\u00f2mics, no s\u2019hi van tenir en compte aspectes qualitatius ni pedag\u00f2gics. Moltes escoles infantils que abans estaven gestionades per cooperatives, amb un projecte pedag\u00f2gic molt professional, ara les porten grans empreses que han abaixat els costos, per\u00f2 que no sempre garanteixen la qualitat pedag\u00f2gica necess\u00e0ria\u00bb.<\/p>\n<p>\u00abL\u2019impacte de tot aix\u00f2 sobre les fam\u00edlies tamb\u00e9 ha estat important: en alguns centres, la quota s\u2019ha apujat un 170%, mentre que els costos s\u2019han rebaixat en alguns casos fins a un 20%. D\u2019aquesta manera, l\u2019aportaci\u00f3 que fa l\u2019Administraci\u00f3 a l\u2019etapa d\u2019infantil \u00e9s pr\u00e0cticament nul\u00b7la en algunes escoles. El problema per a algunes fam\u00edlies \u00e9s que no poden accedir a la xarxa p\u00fablica a causa de l\u2019increment de les quotes. El dret d\u2019aquestes criatures no est\u00e0 garantit per l\u2019Administraci\u00f3, cosa que no hauria de ser.\u00bb<\/p>\n<p>\u00ab<strong>Les escoles infantils s\u00f3n centres docents, no un negoci.<\/strong> <strong>No se\u2019n pot mirar nom\u00e9s l\u2019aspecte econ\u00f2mic.<\/strong> Nosaltres no podem -ni volem- competir amb les grans empreses per abaratir costos. El que volem \u00e9s poder garantir un projecte, unes bones condicions per als infants i per als professionals, una qualitat a l\u2019etapa m\u00e9s important de la vida d\u2019una persona. En aquests anys, la nostra tasca no \u00e9s guardar, ni assistir, perqu\u00e8 les criatures necessiten molt m\u00e9s, i cal destinar-hi els mitjans necessaris.\u00bb<\/p>\n<p>La Blanca t\u00e9 ra\u00f3. El que ha passat a Madrid amb les escoles infantils ha estat un esc\u00e0ndol, una vergonya per a la just\u00edcia social i l\u2019equitat educativa.<strong> Lluitar contra gegants i contra el poder\u00f3s cavaller senyor Diners \u00e9s una tasca \u00e0rdua, esgotadora.<\/strong> Aix\u00f2 no obstant, cal fer-ho m\u00e9s que mai. Si alg\u00fa no protegeix la dignitat de la nostra feina -i no ens referim \u00fanicament a les condicions laborals-, d\u2019aqu\u00ed a pocs anys, les mateixes empreses que construeixen autopistes seran les que gestionaran les escoles de les nostres criatures. I, amb tots els respectes, la qualitat no pot ser mai la mateixa. Ho veur\u00edem clar si ens trob\u00e9ssim la mestra del nostre fill cobrant-nos el peatge un dissabte, oi?<\/p>\n<p>Tant de bo que el futur torni a portar normalitat i coher\u00e8ncia, sobretot pedag\u00f2gica. La Blanca, amb el seu discurs conven\u00e7ut, s\u00f2lid i clar, ens llan\u00e7a un missatge d\u2019esperan\u00e7a: \u00abEns sentiran i ens veuran durant molt de temps. No ens rendirem fins que aconseguim les escoles que els nostres fills i filles es mereixen\u00bb.<\/p>\n<p><strong>Font:<\/strong> Revista Guix d&#8217;Infantil, num. 82. Clic <span style=\"color: #0000ff\"><strong><a style=\"color: #0000ff\" href=\"http:\/\/www.grao.com\/revistes\/guix-infantil\/82-ciencies-socials-a-l-educacio-infantil\/blanca-azanza-presidenta-d-ameigi-l-etapa-d-infantil-no-es-un-negoci\" target=\"_blank\" rel=\"noopener\">aqu\u00ed<\/a><\/strong><\/span>.<\/p>\n","protected":false},"excerpt":{"rendered":"<p>Com en molts altres sectors, en educaci\u00f3, hem viscut temps dif\u00edcils. La q\u00fcesti\u00f3, per\u00f2, rau en el fet que l\u2019educaci\u00f3 \u00e9s l\u2019esperan\u00e7a que tenim per somiar un futur millor. I comencem a educar, malgrat el que diguin algunes persones, a partir del minut zero. Si retallem en aquest \u00e0mbit, retallem en oportunitats per al futur.<\/p>\n","protected":false},"author":525,"featured_media":1137,"comment_status":"open","ping_status":"open","sticky":false,"template":"","format":"standard","meta":{"footnotes":""},"categories":[182,284,155,115],"tags":[151,165,156],"tipo":[],"class_list":{"0":"post-1136","1":"post","2":"type-post","3":"status-publish","4":"format-standard","5":"has-post-thumbnail","7":"category-comunitat-educativa","8":"category-finalitats-de-leducacio","9":"category-funcio-social-de-lensenyament","10":"category-reflexio","11":"tag-accio-social","12":"tag-infancia","13":"tag-protestes"},"yoast_head":"<!-- This site is optimized with the Yoast SEO plugin v27.5 - https:\/\/yoast.com\/product\/yoast-seo-wordpress\/ -->\n<title>Blanca Azanza, presidenta d\u2019AMEIGI. L\u2019etapa d\u2019infantil no \u00e9s un negoci. - L&#039;escola gra\u00f3 a gra\u00f3<\/title>\n<meta name=\"robots\" content=\"index, follow, max-snippet:-1, max-image-preview:large, max-video-preview:-1\" \/>\n<link rel=\"canonical\" href=\"https:\/\/diarieducacio.cat\/grao\/2015\/10\/19\/blanca-azanza-presidenta-dameigi-letapa-dinfantil-no-es-un-negoci\/\" \/>\n<meta property=\"og:locale\" content=\"ca_ES\" \/>\n<meta property=\"og:type\" content=\"article\" \/>\n<meta property=\"og:title\" content=\"Blanca Azanza, presidenta d\u2019AMEIGI. L\u2019etapa d\u2019infantil no \u00e9s un negoci. - L&#039;escola gra\u00f3 a gra\u00f3\" \/>\n<meta property=\"og:description\" content=\"Com en molts altres sectors, en educaci\u00f3, hem viscut temps dif\u00edcils. La q\u00fcesti\u00f3, per\u00f2, rau en el fet que l\u2019educaci\u00f3 \u00e9s l\u2019esperan\u00e7a que tenim per somiar un futur millor. I comencem a educar, malgrat el que diguin algunes persones, a partir del minut zero. Si retallem en aquest \u00e0mbit, retallem en oportunitats per al futur.\" \/>\n<meta property=\"og:url\" content=\"https:\/\/diarieducacio.cat\/grao\/2015\/10\/19\/blanca-azanza-presidenta-dameigi-letapa-dinfantil-no-es-un-negoci\/\" \/>\n<meta property=\"og:site_name\" content=\"L&#039;escola gra\u00f3 a gra\u00f3\" \/>\n<meta property=\"article:published_time\" content=\"2015-10-19T06:24:54+00:00\" \/>\n<meta property=\"article:modified_time\" content=\"2024-05-13T16:30:19+00:00\" \/>\n<meta property=\"og:image\" content=\"https:\/\/diarieducacio.cat\/grao\/wp-content\/uploads\/sites\/31\/2015\/09\/Blanca-AMEIGI.jpg\" \/>\n\t<meta property=\"og:image:width\" content=\"960\" \/>\n\t<meta property=\"og:image:height\" content=\"1280\" \/>\n\t<meta property=\"og:image:type\" content=\"image\/jpeg\" \/>\n<meta name=\"author\" content=\"Eva Mart\u00ednez\" \/>\n<meta name=\"twitter:card\" content=\"summary_large_image\" \/>\n<meta name=\"twitter:label1\" content=\"Escrit per\" \/>\n\t<meta name=\"twitter:data1\" content=\"Eva Mart\u00ednez\" \/>\n\t<meta name=\"twitter:label2\" content=\"Temps estimat de lectura\" \/>\n\t<meta name=\"twitter:data2\" content=\"2 minuts\" \/>\n<script type=\"application\/ld+json\" class=\"yoast-schema-graph\">{\"@context\":\"https:\\\/\\\/schema.org\",\"@graph\":[{\"@type\":\"Article\",\"@id\":\"https:\\\/\\\/diarieducacio.cat\\\/grao\\\/2015\\\/10\\\/19\\\/blanca-azanza-presidenta-dameigi-letapa-dinfantil-no-es-un-negoci\\\/#article\",\"isPartOf\":{\"@id\":\"https:\\\/\\\/diarieducacio.cat\\\/grao\\\/2015\\\/10\\\/19\\\/blanca-azanza-presidenta-dameigi-letapa-dinfantil-no-es-un-negoci\\\/\"},\"author\":{\"name\":\"Eva Mart\u00ednez\",\"@id\":\"https:\\\/\\\/diarieducacio.cat\\\/grao\\\/#\\\/schema\\\/person\\\/6ef3c04be493eca55163f8fb357b96dd\"},\"headline\":\"Blanca Azanza, presidenta d\u2019AMEIGI. L\u2019etapa d\u2019infantil no \u00e9s un negoci.\",\"datePublished\":\"2015-10-19T06:24:54+00:00\",\"dateModified\":\"2024-05-13T16:30:19+00:00\",\"mainEntityOfPage\":{\"@id\":\"https:\\\/\\\/diarieducacio.cat\\\/grao\\\/2015\\\/10\\\/19\\\/blanca-azanza-presidenta-dameigi-letapa-dinfantil-no-es-un-negoci\\\/\"},\"wordCount\":498,\"commentCount\":0,\"image\":{\"@id\":\"https:\\\/\\\/diarieducacio.cat\\\/grao\\\/2015\\\/10\\\/19\\\/blanca-azanza-presidenta-dameigi-letapa-dinfantil-no-es-un-negoci\\\/#primaryimage\"},\"thumbnailUrl\":\"https:\\\/\\\/diarieducacio.cat\\\/grao\\\/wp-content\\\/uploads\\\/sites\\\/31\\\/2015\\\/09\\\/Blanca-AMEIGI.jpg\",\"keywords\":[\"acci\u00f3 social\",\"inf\u00e0ncia\",\"protestes\"],\"articleSection\":[\"comunitat educativa\",\"Finalitats de l'educaci\u00f3\",\"Funci\u00f3 social de l'ensenyament\",\"Reflexi\u00f3\"],\"inLanguage\":\"ca\",\"potentialAction\":[{\"@type\":\"CommentAction\",\"name\":\"Comment\",\"target\":[\"https:\\\/\\\/diarieducacio.cat\\\/grao\\\/2015\\\/10\\\/19\\\/blanca-azanza-presidenta-dameigi-letapa-dinfantil-no-es-un-negoci\\\/#respond\"]}]},{\"@type\":\"WebPage\",\"@id\":\"https:\\\/\\\/diarieducacio.cat\\\/grao\\\/2015\\\/10\\\/19\\\/blanca-azanza-presidenta-dameigi-letapa-dinfantil-no-es-un-negoci\\\/\",\"url\":\"https:\\\/\\\/diarieducacio.cat\\\/grao\\\/2015\\\/10\\\/19\\\/blanca-azanza-presidenta-dameigi-letapa-dinfantil-no-es-un-negoci\\\/\",\"name\":\"Blanca Azanza, presidenta d\u2019AMEIGI. L\u2019etapa d\u2019infantil no \u00e9s un negoci. - L'escola gra\u00f3 a gra\u00f3\",\"isPartOf\":{\"@id\":\"https:\\\/\\\/diarieducacio.cat\\\/grao\\\/#website\"},\"primaryImageOfPage\":{\"@id\":\"https:\\\/\\\/diarieducacio.cat\\\/grao\\\/2015\\\/10\\\/19\\\/blanca-azanza-presidenta-dameigi-letapa-dinfantil-no-es-un-negoci\\\/#primaryimage\"},\"image\":{\"@id\":\"https:\\\/\\\/diarieducacio.cat\\\/grao\\\/2015\\\/10\\\/19\\\/blanca-azanza-presidenta-dameigi-letapa-dinfantil-no-es-un-negoci\\\/#primaryimage\"},\"thumbnailUrl\":\"https:\\\/\\\/diarieducacio.cat\\\/grao\\\/wp-content\\\/uploads\\\/sites\\\/31\\\/2015\\\/09\\\/Blanca-AMEIGI.jpg\",\"datePublished\":\"2015-10-19T06:24:54+00:00\",\"dateModified\":\"2024-05-13T16:30:19+00:00\",\"author\":{\"@id\":\"https:\\\/\\\/diarieducacio.cat\\\/grao\\\/#\\\/schema\\\/person\\\/6ef3c04be493eca55163f8fb357b96dd\"},\"breadcrumb\":{\"@id\":\"https:\\\/\\\/diarieducacio.cat\\\/grao\\\/2015\\\/10\\\/19\\\/blanca-azanza-presidenta-dameigi-letapa-dinfantil-no-es-un-negoci\\\/#breadcrumb\"},\"inLanguage\":\"ca\",\"potentialAction\":[{\"@type\":\"ReadAction\",\"target\":[\"https:\\\/\\\/diarieducacio.cat\\\/grao\\\/2015\\\/10\\\/19\\\/blanca-azanza-presidenta-dameigi-letapa-dinfantil-no-es-un-negoci\\\/\"]}]},{\"@type\":\"ImageObject\",\"inLanguage\":\"ca\",\"@id\":\"https:\\\/\\\/diarieducacio.cat\\\/grao\\\/2015\\\/10\\\/19\\\/blanca-azanza-presidenta-dameigi-letapa-dinfantil-no-es-un-negoci\\\/#primaryimage\",\"url\":\"https:\\\/\\\/diarieducacio.cat\\\/grao\\\/wp-content\\\/uploads\\\/sites\\\/31\\\/2015\\\/09\\\/Blanca-AMEIGI.jpg\",\"contentUrl\":\"https:\\\/\\\/diarieducacio.cat\\\/grao\\\/wp-content\\\/uploads\\\/sites\\\/31\\\/2015\\\/09\\\/Blanca-AMEIGI.jpg\",\"width\":960,\"height\":1280},{\"@type\":\"BreadcrumbList\",\"@id\":\"https:\\\/\\\/diarieducacio.cat\\\/grao\\\/2015\\\/10\\\/19\\\/blanca-azanza-presidenta-dameigi-letapa-dinfantil-no-es-un-negoci\\\/#breadcrumb\",\"itemListElement\":[{\"@type\":\"ListItem\",\"position\":1,\"name\":\"Inici\",\"item\":\"https:\\\/\\\/diarieducacio.cat\\\/grao\\\/\"},{\"@type\":\"ListItem\",\"position\":2,\"name\":\"Blanca Azanza, presidenta d\u2019AMEIGI. L\u2019etapa d\u2019infantil no \u00e9s un negoci.\"}]},{\"@type\":\"WebSite\",\"@id\":\"https:\\\/\\\/diarieducacio.cat\\\/grao\\\/#website\",\"url\":\"https:\\\/\\\/diarieducacio.cat\\\/grao\\\/\",\"name\":\"L'escola gra\u00f3 a gra\u00f3\",\"description\":\"Un blog de El Diari de l&#039;Educaci\u00f3\",\"potentialAction\":[{\"@type\":\"SearchAction\",\"target\":{\"@type\":\"EntryPoint\",\"urlTemplate\":\"https:\\\/\\\/diarieducacio.cat\\\/grao\\\/?s={search_term_string}\"},\"query-input\":{\"@type\":\"PropertyValueSpecification\",\"valueRequired\":true,\"valueName\":\"search_term_string\"}}],\"inLanguage\":\"ca\"},{\"@type\":\"Person\",\"@id\":\"https:\\\/\\\/diarieducacio.cat\\\/grao\\\/#\\\/schema\\\/person\\\/6ef3c04be493eca55163f8fb357b96dd\",\"name\":\"Eva Mart\u00ednez\",\"image\":{\"@type\":\"ImageObject\",\"inLanguage\":\"ca\",\"@id\":\"https:\\\/\\\/secure.gravatar.com\\\/avatar\\\/9f9560d64d16d032d11d280ee0bf98bcc108e6d3984f5cd72782046d71518cae?s=96&d=mm&r=g\",\"url\":\"https:\\\/\\\/secure.gravatar.com\\\/avatar\\\/9f9560d64d16d032d11d280ee0bf98bcc108e6d3984f5cd72782046d71518cae?s=96&d=mm&r=g\",\"contentUrl\":\"https:\\\/\\\/secure.gravatar.com\\\/avatar\\\/9f9560d64d16d032d11d280ee0bf98bcc108e6d3984f5cd72782046d71518cae?s=96&d=mm&r=g\",\"caption\":\"Eva Mart\u00ednez\"},\"url\":\"https:\\\/\\\/diarieducacio.cat\\\/grao\\\/author\\\/evamartinez\\\/\"}]}<\/script>\n<!-- \/ Yoast SEO plugin. -->","yoast_head_json":{"title":"Blanca Azanza, presidenta d\u2019AMEIGI. L\u2019etapa d\u2019infantil no \u00e9s un negoci. - L'escola gra\u00f3 a gra\u00f3","robots":{"index":"index","follow":"follow","max-snippet":"max-snippet:-1","max-image-preview":"max-image-preview:large","max-video-preview":"max-video-preview:-1"},"canonical":"https:\/\/diarieducacio.cat\/grao\/2015\/10\/19\/blanca-azanza-presidenta-dameigi-letapa-dinfantil-no-es-un-negoci\/","og_locale":"ca_ES","og_type":"article","og_title":"Blanca Azanza, presidenta d\u2019AMEIGI. L\u2019etapa d\u2019infantil no \u00e9s un negoci. - L'escola gra\u00f3 a gra\u00f3","og_description":"Com en molts altres sectors, en educaci\u00f3, hem viscut temps dif\u00edcils. La q\u00fcesti\u00f3, per\u00f2, rau en el fet que l\u2019educaci\u00f3 \u00e9s l\u2019esperan\u00e7a que tenim per somiar un futur millor. I comencem a educar, malgrat el que diguin algunes persones, a partir del minut zero. Si retallem en aquest \u00e0mbit, retallem en oportunitats per al futur.","og_url":"https:\/\/diarieducacio.cat\/grao\/2015\/10\/19\/blanca-azanza-presidenta-dameigi-letapa-dinfantil-no-es-un-negoci\/","og_site_name":"L'escola gra\u00f3 a gra\u00f3","article_published_time":"2015-10-19T06:24:54+00:00","article_modified_time":"2024-05-13T16:30:19+00:00","og_image":[{"width":960,"height":1280,"url":"https:\/\/diarieducacio.cat\/grao\/wp-content\/uploads\/sites\/31\/2015\/09\/Blanca-AMEIGI.jpg","type":"image\/jpeg"}],"author":"Eva Mart\u00ednez","twitter_card":"summary_large_image","twitter_misc":{"Escrit per":"Eva Mart\u00ednez","Temps estimat de lectura":"2 minuts"},"schema":{"@context":"https:\/\/schema.org","@graph":[{"@type":"Article","@id":"https:\/\/diarieducacio.cat\/grao\/2015\/10\/19\/blanca-azanza-presidenta-dameigi-letapa-dinfantil-no-es-un-negoci\/#article","isPartOf":{"@id":"https:\/\/diarieducacio.cat\/grao\/2015\/10\/19\/blanca-azanza-presidenta-dameigi-letapa-dinfantil-no-es-un-negoci\/"},"author":{"name":"Eva Mart\u00ednez","@id":"https:\/\/diarieducacio.cat\/grao\/#\/schema\/person\/6ef3c04be493eca55163f8fb357b96dd"},"headline":"Blanca Azanza, presidenta d\u2019AMEIGI. L\u2019etapa d\u2019infantil no \u00e9s un negoci.","datePublished":"2015-10-19T06:24:54+00:00","dateModified":"2024-05-13T16:30:19+00:00","mainEntityOfPage":{"@id":"https:\/\/diarieducacio.cat\/grao\/2015\/10\/19\/blanca-azanza-presidenta-dameigi-letapa-dinfantil-no-es-un-negoci\/"},"wordCount":498,"commentCount":0,"image":{"@id":"https:\/\/diarieducacio.cat\/grao\/2015\/10\/19\/blanca-azanza-presidenta-dameigi-letapa-dinfantil-no-es-un-negoci\/#primaryimage"},"thumbnailUrl":"https:\/\/diarieducacio.cat\/grao\/wp-content\/uploads\/sites\/31\/2015\/09\/Blanca-AMEIGI.jpg","keywords":["acci\u00f3 social","inf\u00e0ncia","protestes"],"articleSection":["comunitat educativa","Finalitats de l'educaci\u00f3","Funci\u00f3 social de l'ensenyament","Reflexi\u00f3"],"inLanguage":"ca","potentialAction":[{"@type":"CommentAction","name":"Comment","target":["https:\/\/diarieducacio.cat\/grao\/2015\/10\/19\/blanca-azanza-presidenta-dameigi-letapa-dinfantil-no-es-un-negoci\/#respond"]}]},{"@type":"WebPage","@id":"https:\/\/diarieducacio.cat\/grao\/2015\/10\/19\/blanca-azanza-presidenta-dameigi-letapa-dinfantil-no-es-un-negoci\/","url":"https:\/\/diarieducacio.cat\/grao\/2015\/10\/19\/blanca-azanza-presidenta-dameigi-letapa-dinfantil-no-es-un-negoci\/","name":"Blanca Azanza, presidenta d\u2019AMEIGI. L\u2019etapa d\u2019infantil no \u00e9s un negoci. - L'escola gra\u00f3 a gra\u00f3","isPartOf":{"@id":"https:\/\/diarieducacio.cat\/grao\/#website"},"primaryImageOfPage":{"@id":"https:\/\/diarieducacio.cat\/grao\/2015\/10\/19\/blanca-azanza-presidenta-dameigi-letapa-dinfantil-no-es-un-negoci\/#primaryimage"},"image":{"@id":"https:\/\/diarieducacio.cat\/grao\/2015\/10\/19\/blanca-azanza-presidenta-dameigi-letapa-dinfantil-no-es-un-negoci\/#primaryimage"},"thumbnailUrl":"https:\/\/diarieducacio.cat\/grao\/wp-content\/uploads\/sites\/31\/2015\/09\/Blanca-AMEIGI.jpg","datePublished":"2015-10-19T06:24:54+00:00","dateModified":"2024-05-13T16:30:19+00:00","author":{"@id":"https:\/\/diarieducacio.cat\/grao\/#\/schema\/person\/6ef3c04be493eca55163f8fb357b96dd"},"breadcrumb":{"@id":"https:\/\/diarieducacio.cat\/grao\/2015\/10\/19\/blanca-azanza-presidenta-dameigi-letapa-dinfantil-no-es-un-negoci\/#breadcrumb"},"inLanguage":"ca","potentialAction":[{"@type":"ReadAction","target":["https:\/\/diarieducacio.cat\/grao\/2015\/10\/19\/blanca-azanza-presidenta-dameigi-letapa-dinfantil-no-es-un-negoci\/"]}]},{"@type":"ImageObject","inLanguage":"ca","@id":"https:\/\/diarieducacio.cat\/grao\/2015\/10\/19\/blanca-azanza-presidenta-dameigi-letapa-dinfantil-no-es-un-negoci\/#primaryimage","url":"https:\/\/diarieducacio.cat\/grao\/wp-content\/uploads\/sites\/31\/2015\/09\/Blanca-AMEIGI.jpg","contentUrl":"https:\/\/diarieducacio.cat\/grao\/wp-content\/uploads\/sites\/31\/2015\/09\/Blanca-AMEIGI.jpg","width":960,"height":1280},{"@type":"BreadcrumbList","@id":"https:\/\/diarieducacio.cat\/grao\/2015\/10\/19\/blanca-azanza-presidenta-dameigi-letapa-dinfantil-no-es-un-negoci\/#breadcrumb","itemListElement":[{"@type":"ListItem","position":1,"name":"Inici","item":"https:\/\/diarieducacio.cat\/grao\/"},{"@type":"ListItem","position":2,"name":"Blanca Azanza, presidenta d\u2019AMEIGI. L\u2019etapa d\u2019infantil no \u00e9s un negoci."}]},{"@type":"WebSite","@id":"https:\/\/diarieducacio.cat\/grao\/#website","url":"https:\/\/diarieducacio.cat\/grao\/","name":"L'escola gra\u00f3 a gra\u00f3","description":"Un blog de El Diari de l&#039;Educaci\u00f3","potentialAction":[{"@type":"SearchAction","target":{"@type":"EntryPoint","urlTemplate":"https:\/\/diarieducacio.cat\/grao\/?s={search_term_string}"},"query-input":{"@type":"PropertyValueSpecification","valueRequired":true,"valueName":"search_term_string"}}],"inLanguage":"ca"},{"@type":"Person","@id":"https:\/\/diarieducacio.cat\/grao\/#\/schema\/person\/6ef3c04be493eca55163f8fb357b96dd","name":"Eva Mart\u00ednez","image":{"@type":"ImageObject","inLanguage":"ca","@id":"https:\/\/secure.gravatar.com\/avatar\/9f9560d64d16d032d11d280ee0bf98bcc108e6d3984f5cd72782046d71518cae?s=96&d=mm&r=g","url":"https:\/\/secure.gravatar.com\/avatar\/9f9560d64d16d032d11d280ee0bf98bcc108e6d3984f5cd72782046d71518cae?s=96&d=mm&r=g","contentUrl":"https:\/\/secure.gravatar.com\/avatar\/9f9560d64d16d032d11d280ee0bf98bcc108e6d3984f5cd72782046d71518cae?s=96&d=mm&r=g","caption":"Eva Mart\u00ednez"},"url":"https:\/\/diarieducacio.cat\/grao\/author\/evamartinez\/"}]}},"_links":{"self":[{"href":"https:\/\/diarieducacio.cat\/grao\/wp-json\/wp\/v2\/posts\/1136","targetHints":{"allow":["GET"]}}],"collection":[{"href":"https:\/\/diarieducacio.cat\/grao\/wp-json\/wp\/v2\/posts"}],"about":[{"href":"https:\/\/diarieducacio.cat\/grao\/wp-json\/wp\/v2\/types\/post"}],"author":[{"embeddable":true,"href":"https:\/\/diarieducacio.cat\/grao\/wp-json\/wp\/v2\/users\/525"}],"replies":[{"embeddable":true,"href":"https:\/\/diarieducacio.cat\/grao\/wp-json\/wp\/v2\/comments?post=1136"}],"version-history":[{"count":1,"href":"https:\/\/diarieducacio.cat\/grao\/wp-json\/wp\/v2\/posts\/1136\/revisions"}],"predecessor-version":[{"id":6243,"href":"https:\/\/diarieducacio.cat\/grao\/wp-json\/wp\/v2\/posts\/1136\/revisions\/6243"}],"wp:featuredmedia":[{"embeddable":true,"href":"https:\/\/diarieducacio.cat\/grao\/wp-json\/wp\/v2\/media\/1137"}],"wp:attachment":[{"href":"https:\/\/diarieducacio.cat\/grao\/wp-json\/wp\/v2\/media?parent=1136"}],"wp:term":[{"taxonomy":"category","embeddable":true,"href":"https:\/\/diarieducacio.cat\/grao\/wp-json\/wp\/v2\/categories?post=1136"},{"taxonomy":"post_tag","embeddable":true,"href":"https:\/\/diarieducacio.cat\/grao\/wp-json\/wp\/v2\/tags?post=1136"},{"taxonomy":"tipo","embeddable":true,"href":"https:\/\/diarieducacio.cat\/grao\/wp-json\/wp\/v2\/tipo?post=1136"}],"curies":[{"name":"wp","href":"https:\/\/api.w.org\/{rel}","templated":true}]}}