{"id":1141,"date":"2015-10-08T14:06:28","date_gmt":"2015-10-08T14:06:28","guid":{"rendered":"https:\/\/diarieducacio.cat\/grao\/?p=1141"},"modified":"2024-05-13T18:30:19","modified_gmt":"2024-05-13T16:30:19","slug":"lideratge-participatiu","status":"publish","type":"post","link":"https:\/\/diarieducacio.cat\/grao\/2015\/10\/08\/lideratge-participatiu\/","title":{"rendered":"Lideratge participatiu"},"content":{"rendered":"<p><strong>Sabem<\/strong> que, per exercir un lideratge saludable envers un equip, es necessita una persona entusiasta, positiva i activa que assumeixi el seu rol amb voluntat de servei; que comparteixi els objectius amb la comunitat educativa i l\u2019entorn social; que faci visibles, de manera clara, els objectius que ha d\u2019assolir el grup, i que faciliti la repartici\u00f3 de les tasques i de les responsabilitats en una organitzaci\u00f3 i en un proc\u00e9s que permeti realitzar accions diferents en temps ajustats, per\u00f2 sempre orientades cap a finalitats comunes. Sabem que la integraci\u00f3 i la responsabilitzaci\u00f3 de les tasques generen benestar si estan ben distribu\u00efdes i poden ser objecte d\u2019\u00e8xit individual i col\u00b7lectiu. La clau de volta de la nostra tasca se centra en la interdepend\u00e8ncia.<\/p>\n<p>A fi d\u2019aconseguir centres amb una alta qualitat de benestar, <strong>volem<\/strong> que tothom se senti empoderat per poder aportar idees al projecte tra\u00e7at. Per aix\u00f2 caldr\u00e0 tenir uns objectius clars, compartits i ajustats en refer\u00e8ncia al temps, als recursos, a les habilitats i a la complexitat, d\u2019acord amb les possibilitats de cada persona. Voler que tothom hi participi passa per tenir un coneixement exhaustiu de les capacitats i de les habilitats de cadasc\u00fa, flexibilitat i adaptaci\u00f3 per part de tothom, com tamb\u00e9 per generar din\u00e0miques on les interdepend\u00e8ncies siguin satisfact\u00f2ries i esdevinguin font de salut.<\/p>\n<p><strong>Podem fer-ho<\/strong>: podem adoptar el comprom\u00eds d\u2019engrescar, animar i organitzar els equips entorn del projecte.<\/p>\n<p>El treball interdependent, tot assumint el rol que ens pertoqui a cadasc\u00fa, ens portar\u00e0 a poder gaudir de l\u2019assoliment dels objectius comuns. Tamb\u00e9 podem ajudar a aconseguir el benestar i a crear din\u00e0miques saludables, reflexionant sobre si el que ens ocupa \u00e9s realment el nostre projecte, el de tots i cadascun de nosaltres.<\/p>\n<ol>\n<li>El lideratge als centres educatius \u00e9s un enc\u00e0rrec de servei.<\/li>\n<li>L\u2019exercici d\u2019aquesta tasca en condicions adequades proporciona benestar i salut a tota la comunitat.<\/li>\n<\/ol>\n<p><strong>Font:<\/strong> Revista Guix d&#8217;Infantil, n\u00fam. 82. Clic <span style=\"color: #0000ff\"><strong><a style=\"color: #0000ff\" href=\"http:\/\/www.grao.com\/revistes\/guix-infantil\/82-ciencies-socials-a-l-educacio-infantil\/lideratge-participatiu\" target=\"_blank\" rel=\"noopener\">aqu\u00ed<\/a><\/strong><\/span>.<\/p>\n","protected":false},"excerpt":{"rendered":"<p>Sabem que hi ha accions que funcionen. Volem gaudir de la feina i podem millorar, tant des del punt de vista individual com col\u00b7lectiu.<\/p>\n","protected":false},"author":555,"featured_media":1142,"comment_status":"open","ping_status":"open","sticky":false,"template":"","format":"standard","meta":{"footnotes":""},"categories":[198,164],"tags":[98,118,199],"tipo":[],"class_list":{"0":"post-1141","1":"post","2":"type-post","3":"status-publish","4":"format-standard","5":"has-post-thumbnail","7":"category-desenvolupament-professional","8":"category-estrategies-internes","9":"tag-benestar-del-professorat","10":"tag-clima-del-centre","11":"tag-escola"},"yoast_head":"<!-- This site is optimized with the Yoast SEO plugin v27.5 - https:\/\/yoast.com\/product\/yoast-seo-wordpress\/ -->\n<title>Lideratge participatiu - L&#039;escola gra\u00f3 a gra\u00f3<\/title>\n<meta name=\"robots\" content=\"index, follow, max-snippet:-1, max-image-preview:large, max-video-preview:-1\" \/>\n<link rel=\"canonical\" href=\"https:\/\/diarieducacio.cat\/grao\/2015\/10\/08\/lideratge-participatiu\/\" \/>\n<meta property=\"og:locale\" content=\"ca_ES\" \/>\n<meta property=\"og:type\" content=\"article\" \/>\n<meta property=\"og:title\" content=\"Lideratge participatiu - L&#039;escola gra\u00f3 a gra\u00f3\" \/>\n<meta property=\"og:description\" content=\"Sabem que hi ha accions que funcionen. Volem gaudir de la feina i podem millorar, tant des del punt de vista individual com col\u00b7lectiu.\" \/>\n<meta property=\"og:url\" content=\"https:\/\/diarieducacio.cat\/grao\/2015\/10\/08\/lideratge-participatiu\/\" \/>\n<meta property=\"og:site_name\" content=\"L&#039;escola gra\u00f3 a gra\u00f3\" \/>\n<meta property=\"article:published_time\" content=\"2015-10-08T14:06:28+00:00\" \/>\n<meta property=\"article:modified_time\" content=\"2024-05-13T16:30:19+00:00\" \/>\n<meta property=\"og:image\" content=\"https:\/\/diarieducacio.cat\/grao\/wp-content\/uploads\/sites\/31\/2015\/09\/GI08217.jpg\" \/>\n\t<meta property=\"og:image:width\" content=\"263\" \/>\n\t<meta property=\"og:image:height\" content=\"263\" \/>\n\t<meta property=\"og:image:type\" content=\"image\/jpeg\" \/>\n<meta name=\"author\" content=\"Equip Cuidem-nos\" \/>\n<meta name=\"twitter:card\" content=\"summary_large_image\" \/>\n<meta name=\"twitter:label1\" content=\"Escrit per\" \/>\n\t<meta name=\"twitter:data1\" content=\"Equip Cuidem-nos\" \/>\n\t<meta name=\"twitter:label2\" content=\"Temps estimat de lectura\" \/>\n\t<meta name=\"twitter:data2\" content=\"2 minuts\" \/>\n<script type=\"application\/ld+json\" class=\"yoast-schema-graph\">{\"@context\":\"https:\\\/\\\/schema.org\",\"@graph\":[{\"@type\":\"Article\",\"@id\":\"https:\\\/\\\/diarieducacio.cat\\\/grao\\\/2015\\\/10\\\/08\\\/lideratge-participatiu\\\/#article\",\"isPartOf\":{\"@id\":\"https:\\\/\\\/diarieducacio.cat\\\/grao\\\/2015\\\/10\\\/08\\\/lideratge-participatiu\\\/\"},\"author\":{\"name\":\"Equip Cuidem-nos\",\"@id\":\"https:\\\/\\\/diarieducacio.cat\\\/grao\\\/#\\\/schema\\\/person\\\/f43fed6b918e75fdc25a6544e4b6cd5b\"},\"headline\":\"Lideratge participatiu\",\"datePublished\":\"2015-10-08T14:06:28+00:00\",\"dateModified\":\"2024-05-13T16:30:19+00:00\",\"mainEntityOfPage\":{\"@id\":\"https:\\\/\\\/diarieducacio.cat\\\/grao\\\/2015\\\/10\\\/08\\\/lideratge-participatiu\\\/\"},\"wordCount\":341,\"commentCount\":0,\"image\":{\"@id\":\"https:\\\/\\\/diarieducacio.cat\\\/grao\\\/2015\\\/10\\\/08\\\/lideratge-participatiu\\\/#primaryimage\"},\"thumbnailUrl\":\"https:\\\/\\\/diarieducacio.cat\\\/grao\\\/wp-content\\\/uploads\\\/sites\\\/31\\\/2015\\\/09\\\/GI08217.jpg\",\"keywords\":[\"benestar del professorat\",\"clima del centre\",\"escola\"],\"articleSection\":[\"Desenvolupament professional\",\"Estrat\u00e8gies Internes\"],\"inLanguage\":\"ca\",\"potentialAction\":[{\"@type\":\"CommentAction\",\"name\":\"Comment\",\"target\":[\"https:\\\/\\\/diarieducacio.cat\\\/grao\\\/2015\\\/10\\\/08\\\/lideratge-participatiu\\\/#respond\"]}]},{\"@type\":\"WebPage\",\"@id\":\"https:\\\/\\\/diarieducacio.cat\\\/grao\\\/2015\\\/10\\\/08\\\/lideratge-participatiu\\\/\",\"url\":\"https:\\\/\\\/diarieducacio.cat\\\/grao\\\/2015\\\/10\\\/08\\\/lideratge-participatiu\\\/\",\"name\":\"Lideratge participatiu - L'escola gra\u00f3 a gra\u00f3\",\"isPartOf\":{\"@id\":\"https:\\\/\\\/diarieducacio.cat\\\/grao\\\/#website\"},\"primaryImageOfPage\":{\"@id\":\"https:\\\/\\\/diarieducacio.cat\\\/grao\\\/2015\\\/10\\\/08\\\/lideratge-participatiu\\\/#primaryimage\"},\"image\":{\"@id\":\"https:\\\/\\\/diarieducacio.cat\\\/grao\\\/2015\\\/10\\\/08\\\/lideratge-participatiu\\\/#primaryimage\"},\"thumbnailUrl\":\"https:\\\/\\\/diarieducacio.cat\\\/grao\\\/wp-content\\\/uploads\\\/sites\\\/31\\\/2015\\\/09\\\/GI08217.jpg\",\"datePublished\":\"2015-10-08T14:06:28+00:00\",\"dateModified\":\"2024-05-13T16:30:19+00:00\",\"author\":{\"@id\":\"https:\\\/\\\/diarieducacio.cat\\\/grao\\\/#\\\/schema\\\/person\\\/f43fed6b918e75fdc25a6544e4b6cd5b\"},\"breadcrumb\":{\"@id\":\"https:\\\/\\\/diarieducacio.cat\\\/grao\\\/2015\\\/10\\\/08\\\/lideratge-participatiu\\\/#breadcrumb\"},\"inLanguage\":\"ca\",\"potentialAction\":[{\"@type\":\"ReadAction\",\"target\":[\"https:\\\/\\\/diarieducacio.cat\\\/grao\\\/2015\\\/10\\\/08\\\/lideratge-participatiu\\\/\"]}]},{\"@type\":\"ImageObject\",\"inLanguage\":\"ca\",\"@id\":\"https:\\\/\\\/diarieducacio.cat\\\/grao\\\/2015\\\/10\\\/08\\\/lideratge-participatiu\\\/#primaryimage\",\"url\":\"https:\\\/\\\/diarieducacio.cat\\\/grao\\\/wp-content\\\/uploads\\\/sites\\\/31\\\/2015\\\/09\\\/GI08217.jpg\",\"contentUrl\":\"https:\\\/\\\/diarieducacio.cat\\\/grao\\\/wp-content\\\/uploads\\\/sites\\\/31\\\/2015\\\/09\\\/GI08217.jpg\",\"width\":263,\"height\":263},{\"@type\":\"BreadcrumbList\",\"@id\":\"https:\\\/\\\/diarieducacio.cat\\\/grao\\\/2015\\\/10\\\/08\\\/lideratge-participatiu\\\/#breadcrumb\",\"itemListElement\":[{\"@type\":\"ListItem\",\"position\":1,\"name\":\"Inici\",\"item\":\"https:\\\/\\\/diarieducacio.cat\\\/grao\\\/\"},{\"@type\":\"ListItem\",\"position\":2,\"name\":\"Lideratge participatiu\"}]},{\"@type\":\"WebSite\",\"@id\":\"https:\\\/\\\/diarieducacio.cat\\\/grao\\\/#website\",\"url\":\"https:\\\/\\\/diarieducacio.cat\\\/grao\\\/\",\"name\":\"L'escola gra\u00f3 a gra\u00f3\",\"description\":\"Un blog de El Diari de l&#039;Educaci\u00f3\",\"potentialAction\":[{\"@type\":\"SearchAction\",\"target\":{\"@type\":\"EntryPoint\",\"urlTemplate\":\"https:\\\/\\\/diarieducacio.cat\\\/grao\\\/?s={search_term_string}\"},\"query-input\":{\"@type\":\"PropertyValueSpecification\",\"valueRequired\":true,\"valueName\":\"search_term_string\"}}],\"inLanguage\":\"ca\"},{\"@type\":\"Person\",\"@id\":\"https:\\\/\\\/diarieducacio.cat\\\/grao\\\/#\\\/schema\\\/person\\\/f43fed6b918e75fdc25a6544e4b6cd5b\",\"name\":\"Equip Cuidem-nos\",\"image\":{\"@type\":\"ImageObject\",\"inLanguage\":\"ca\",\"@id\":\"https:\\\/\\\/secure.gravatar.com\\\/avatar\\\/5f0ec845f9ac3546e70480c8d13d7738cbd529493bff5b8d037f44f251af7766?s=96&d=mm&r=g\",\"url\":\"https:\\\/\\\/secure.gravatar.com\\\/avatar\\\/5f0ec845f9ac3546e70480c8d13d7738cbd529493bff5b8d037f44f251af7766?s=96&d=mm&r=g\",\"contentUrl\":\"https:\\\/\\\/secure.gravatar.com\\\/avatar\\\/5f0ec845f9ac3546e70480c8d13d7738cbd529493bff5b8d037f44f251af7766?s=96&d=mm&r=g\",\"caption\":\"Equip Cuidem-nos\"},\"url\":\"https:\\\/\\\/diarieducacio.cat\\\/grao\\\/author\\\/ecuidemnos\\\/\"}]}<\/script>\n<!-- \/ Yoast SEO plugin. -->","yoast_head_json":{"title":"Lideratge participatiu - L'escola gra\u00f3 a gra\u00f3","robots":{"index":"index","follow":"follow","max-snippet":"max-snippet:-1","max-image-preview":"max-image-preview:large","max-video-preview":"max-video-preview:-1"},"canonical":"https:\/\/diarieducacio.cat\/grao\/2015\/10\/08\/lideratge-participatiu\/","og_locale":"ca_ES","og_type":"article","og_title":"Lideratge participatiu - L'escola gra\u00f3 a gra\u00f3","og_description":"Sabem que hi ha accions que funcionen. Volem gaudir de la feina i podem millorar, tant des del punt de vista individual com col\u00b7lectiu.","og_url":"https:\/\/diarieducacio.cat\/grao\/2015\/10\/08\/lideratge-participatiu\/","og_site_name":"L'escola gra\u00f3 a gra\u00f3","article_published_time":"2015-10-08T14:06:28+00:00","article_modified_time":"2024-05-13T16:30:19+00:00","og_image":[{"width":263,"height":263,"url":"https:\/\/diarieducacio.cat\/grao\/wp-content\/uploads\/sites\/31\/2015\/09\/GI08217.jpg","type":"image\/jpeg"}],"author":"Equip Cuidem-nos","twitter_card":"summary_large_image","twitter_misc":{"Escrit per":"Equip Cuidem-nos","Temps estimat de lectura":"2 minuts"},"schema":{"@context":"https:\/\/schema.org","@graph":[{"@type":"Article","@id":"https:\/\/diarieducacio.cat\/grao\/2015\/10\/08\/lideratge-participatiu\/#article","isPartOf":{"@id":"https:\/\/diarieducacio.cat\/grao\/2015\/10\/08\/lideratge-participatiu\/"},"author":{"name":"Equip Cuidem-nos","@id":"https:\/\/diarieducacio.cat\/grao\/#\/schema\/person\/f43fed6b918e75fdc25a6544e4b6cd5b"},"headline":"Lideratge participatiu","datePublished":"2015-10-08T14:06:28+00:00","dateModified":"2024-05-13T16:30:19+00:00","mainEntityOfPage":{"@id":"https:\/\/diarieducacio.cat\/grao\/2015\/10\/08\/lideratge-participatiu\/"},"wordCount":341,"commentCount":0,"image":{"@id":"https:\/\/diarieducacio.cat\/grao\/2015\/10\/08\/lideratge-participatiu\/#primaryimage"},"thumbnailUrl":"https:\/\/diarieducacio.cat\/grao\/wp-content\/uploads\/sites\/31\/2015\/09\/GI08217.jpg","keywords":["benestar del professorat","clima del centre","escola"],"articleSection":["Desenvolupament professional","Estrat\u00e8gies Internes"],"inLanguage":"ca","potentialAction":[{"@type":"CommentAction","name":"Comment","target":["https:\/\/diarieducacio.cat\/grao\/2015\/10\/08\/lideratge-participatiu\/#respond"]}]},{"@type":"WebPage","@id":"https:\/\/diarieducacio.cat\/grao\/2015\/10\/08\/lideratge-participatiu\/","url":"https:\/\/diarieducacio.cat\/grao\/2015\/10\/08\/lideratge-participatiu\/","name":"Lideratge participatiu - L'escola gra\u00f3 a gra\u00f3","isPartOf":{"@id":"https:\/\/diarieducacio.cat\/grao\/#website"},"primaryImageOfPage":{"@id":"https:\/\/diarieducacio.cat\/grao\/2015\/10\/08\/lideratge-participatiu\/#primaryimage"},"image":{"@id":"https:\/\/diarieducacio.cat\/grao\/2015\/10\/08\/lideratge-participatiu\/#primaryimage"},"thumbnailUrl":"https:\/\/diarieducacio.cat\/grao\/wp-content\/uploads\/sites\/31\/2015\/09\/GI08217.jpg","datePublished":"2015-10-08T14:06:28+00:00","dateModified":"2024-05-13T16:30:19+00:00","author":{"@id":"https:\/\/diarieducacio.cat\/grao\/#\/schema\/person\/f43fed6b918e75fdc25a6544e4b6cd5b"},"breadcrumb":{"@id":"https:\/\/diarieducacio.cat\/grao\/2015\/10\/08\/lideratge-participatiu\/#breadcrumb"},"inLanguage":"ca","potentialAction":[{"@type":"ReadAction","target":["https:\/\/diarieducacio.cat\/grao\/2015\/10\/08\/lideratge-participatiu\/"]}]},{"@type":"ImageObject","inLanguage":"ca","@id":"https:\/\/diarieducacio.cat\/grao\/2015\/10\/08\/lideratge-participatiu\/#primaryimage","url":"https:\/\/diarieducacio.cat\/grao\/wp-content\/uploads\/sites\/31\/2015\/09\/GI08217.jpg","contentUrl":"https:\/\/diarieducacio.cat\/grao\/wp-content\/uploads\/sites\/31\/2015\/09\/GI08217.jpg","width":263,"height":263},{"@type":"BreadcrumbList","@id":"https:\/\/diarieducacio.cat\/grao\/2015\/10\/08\/lideratge-participatiu\/#breadcrumb","itemListElement":[{"@type":"ListItem","position":1,"name":"Inici","item":"https:\/\/diarieducacio.cat\/grao\/"},{"@type":"ListItem","position":2,"name":"Lideratge participatiu"}]},{"@type":"WebSite","@id":"https:\/\/diarieducacio.cat\/grao\/#website","url":"https:\/\/diarieducacio.cat\/grao\/","name":"L'escola gra\u00f3 a gra\u00f3","description":"Un blog de El Diari de l&#039;Educaci\u00f3","potentialAction":[{"@type":"SearchAction","target":{"@type":"EntryPoint","urlTemplate":"https:\/\/diarieducacio.cat\/grao\/?s={search_term_string}"},"query-input":{"@type":"PropertyValueSpecification","valueRequired":true,"valueName":"search_term_string"}}],"inLanguage":"ca"},{"@type":"Person","@id":"https:\/\/diarieducacio.cat\/grao\/#\/schema\/person\/f43fed6b918e75fdc25a6544e4b6cd5b","name":"Equip Cuidem-nos","image":{"@type":"ImageObject","inLanguage":"ca","@id":"https:\/\/secure.gravatar.com\/avatar\/5f0ec845f9ac3546e70480c8d13d7738cbd529493bff5b8d037f44f251af7766?s=96&d=mm&r=g","url":"https:\/\/secure.gravatar.com\/avatar\/5f0ec845f9ac3546e70480c8d13d7738cbd529493bff5b8d037f44f251af7766?s=96&d=mm&r=g","contentUrl":"https:\/\/secure.gravatar.com\/avatar\/5f0ec845f9ac3546e70480c8d13d7738cbd529493bff5b8d037f44f251af7766?s=96&d=mm&r=g","caption":"Equip Cuidem-nos"},"url":"https:\/\/diarieducacio.cat\/grao\/author\/ecuidemnos\/"}]}},"_links":{"self":[{"href":"https:\/\/diarieducacio.cat\/grao\/wp-json\/wp\/v2\/posts\/1141","targetHints":{"allow":["GET"]}}],"collection":[{"href":"https:\/\/diarieducacio.cat\/grao\/wp-json\/wp\/v2\/posts"}],"about":[{"href":"https:\/\/diarieducacio.cat\/grao\/wp-json\/wp\/v2\/types\/post"}],"author":[{"embeddable":true,"href":"https:\/\/diarieducacio.cat\/grao\/wp-json\/wp\/v2\/users\/555"}],"replies":[{"embeddable":true,"href":"https:\/\/diarieducacio.cat\/grao\/wp-json\/wp\/v2\/comments?post=1141"}],"version-history":[{"count":1,"href":"https:\/\/diarieducacio.cat\/grao\/wp-json\/wp\/v2\/posts\/1141\/revisions"}],"predecessor-version":[{"id":6244,"href":"https:\/\/diarieducacio.cat\/grao\/wp-json\/wp\/v2\/posts\/1141\/revisions\/6244"}],"wp:featuredmedia":[{"embeddable":true,"href":"https:\/\/diarieducacio.cat\/grao\/wp-json\/wp\/v2\/media\/1142"}],"wp:attachment":[{"href":"https:\/\/diarieducacio.cat\/grao\/wp-json\/wp\/v2\/media?parent=1141"}],"wp:term":[{"taxonomy":"category","embeddable":true,"href":"https:\/\/diarieducacio.cat\/grao\/wp-json\/wp\/v2\/categories?post=1141"},{"taxonomy":"post_tag","embeddable":true,"href":"https:\/\/diarieducacio.cat\/grao\/wp-json\/wp\/v2\/tags?post=1141"},{"taxonomy":"tipo","embeddable":true,"href":"https:\/\/diarieducacio.cat\/grao\/wp-json\/wp\/v2\/tipo?post=1141"}],"curies":[{"name":"wp","href":"https:\/\/api.w.org\/{rel}","templated":true}]}}