{"id":1147,"date":"2015-10-21T16:02:12","date_gmt":"2015-10-21T16:02:12","guid":{"rendered":"https:\/\/diarieducacio.cat\/grao\/?p=1147"},"modified":"2024-05-13T18:30:19","modified_gmt":"2024-05-13T16:30:19","slug":"les-caracteristiques-del-lider-assertiu","status":"publish","type":"post","link":"https:\/\/diarieducacio.cat\/grao\/2015\/10\/21\/les-caracteristiques-del-lider-assertiu\/","title":{"rendered":"Les caracter\u00edstiques del l\u00edder assertiu"},"content":{"rendered":"<ul>\n<li><strong>\u00c9s un l\u00edder que es respecta a si mateix i respecta els altres.\u00a0<\/strong><\/li>\n<\/ul>\n<p>Aquest principi es relaciona directament amb un principi\u00a0\u00e8tic que podr\u00edem concretar en els drets humans. El respecte\u00a0cap a un mateix implica una conducta coherent amb el que\u00a0el l\u00edder creu m\u00e9s adequat i amb el respecte a les seves necessitats\u00a0i interessos. En aquest sentit, el l\u00edder assertiu valora\u00a0molt el temps que dedica a si mateix i a desenvolupar les\u00a0seves aficions, interessos i gustos, encara que no sempre siguin\u00a0entesos pels altres. El respecte envers els altres exclou\u00a0qualsevol tipus de conducta de menyspreu, humiliaci\u00f3,\u00a0ofensa o similar.<\/p>\n<ul>\n<li><strong>\u00c9s un l\u00edder que sap dir que s\u00ed <\/strong>a les peticions que considera\u00a0adequades <strong>i que sap dir que no<\/strong>, rebutjar peticions sense\u00a0sentir-se culpable per aquesta conducta.<\/li>\n<\/ul>\n<p>El rol de l\u00edder assertiu\u00a0implica directament aquesta habilitat fonamental de\u00a0dir que no a les persones que lidera, sempre en coher\u00e8ncia\u00a0amb l\u2019objectiu de lideratge i amb el principi anterior de respecte\u00a0a si mateix i a l\u2019altre.<\/p>\n<ul>\n<li><strong>El l\u00edder assertiu \u00e9s aut\u00f2nom i independent. <\/strong><\/li>\n<\/ul>\n<p>T\u00e9 criteri propi,\u00a0sap quan cal canviar d\u2019opini\u00f3 sense avergonyir-se i orga nitza\u00a0el seu temps d\u2019acord amb els seus interessos. Aquesta autonomia tamb\u00e9 li permet dir el que pensa, expressar\u00a0emocions i actuar d\u2019acord amb\u00a0els seus principis personals.\u00a0Aquesta llibertat d\u2019expressi\u00f3 facilita que el l\u00edder\u00a0assertiu feliciti i critiqui les persones que lidera en igualtat\u00a0de condicions i sense afavorir una o altra conducta. Aquesta\u00a0caracter\u00edstica provoca tamb\u00e9 que decideixi el grau d\u2019implicaci\u00f3\u00a0i dedicaci\u00f3 que considera oport\u00fa aplicar en cada\u00a0situaci\u00f3 de lideratge, de manera que fins i tot pot liderar en\u00a0menor grau del que realment podria fer.<\/p>\n<ul>\n<li><strong>\u00c9s un l\u00edder que assumeix els seus errors i accepta les seves\u00a0<\/strong><strong>limitacions.<\/strong><\/li>\n<\/ul>\n<p><img fetchpriority=\"high\" decoding=\"async\" class=\" wp-image-1148  alignright\" src=\"https:\/\/diarieducacio.cat\/grao\/wp-content\/uploads\/sites\/10\/2015\/09\/lider-300x182.jpg\" alt=\"lider\" width=\"351\" height=\"213\" srcset=\"https:\/\/diarieducacio.cat\/grao\/wp-content\/uploads\/sites\/31\/2015\/09\/lider-300x182.jpg 300w, https:\/\/diarieducacio.cat\/grao\/wp-content\/uploads\/sites\/31\/2015\/09\/lider-768x467.jpg 768w, https:\/\/diarieducacio.cat\/grao\/wp-content\/uploads\/sites\/31\/2015\/09\/lider-150x91.jpg 150w, https:\/\/diarieducacio.cat\/grao\/wp-content\/uploads\/sites\/31\/2015\/09\/lider-450x274.jpg 450w, https:\/\/diarieducacio.cat\/grao\/wp-content\/uploads\/sites\/31\/2015\/09\/lider.jpg 980w\" sizes=\"(max-width: 351px) 100vw, 351px\" \/>Evidentment, es fa responsable de totes dues coses i t\u00e9 conductes per solucionar-les. La seva responsabilitat provoca que corregeixi els errors i que els accepti sense sentir-se malament per aquest fet. El fet d&#8217;acceptar i assumir les seves limitacions provoca que busqui suplir aquestes limitacions, ja sigui ampliant els seus coneixements, ja sigui canviant els seus objectius de lideratge per fer-los coherents amb les seves habilitats reals.<\/p>\n<p>Tot\u00a0aix\u00f2 implica tamb\u00e9 que sigui un l\u00edder que pregunti i demani informaci\u00f3, que tingui una actitud oberta a la curiositat i\u00a0a l\u2019aprenentatge i que no s\u2019avergonyeixi ni es consideri\u00a0inferior per aix\u00f2.<\/p>\n<ul>\n<li><strong>\u00c9s un l\u00edder amb una bona autoestima.<\/strong><\/li>\n<\/ul>\n<p>Totes les conductes\u00a0anteriors comporten una persona amb una alta autoestima perqu\u00e8\u00a0t\u00e9 un autoconcepte equilibrat, sense distorsions cognitives.\u00a0Aquesta autoestima es transmet en la seva acci\u00f3 de lideratge\u00a0i \u00e9s indispensable per poder influir i conduir un grup cap\u00a0a un objectiu formatiu determinat.<\/p>\n<ul>\n<li><strong>Es comunica de manera efica\u00e7.<\/strong><\/li>\n<\/ul>\n<p>Escolta sense jutjar, t\u00e9 consci\u00e8ncia\u00a0dels elements no verbals de la comunicaci\u00f3, empra\u00a0un llenguatge respectu\u00f3s, manifesta i defensa de manera\u00a0clara les seves opinions, accepta les opinions contr\u00e0ries dels\u00a0altres, debat amb respecte, accepta que pot estar equivocat\u00a0i parla amb aquells que considera necessari per aclarir, perfilar\u00a0o resoldre qualsevol problema comunicatiu.<\/p>\n<ul>\n<li><strong>El l\u00edder assertiu \u00e9s proactiu.<\/strong><\/li>\n<\/ul>\n<p>Partint de la creen\u00e7a de l\u2019assertivitat\u00a0(\u00abTinc dret a intentar aconseguir tot el que consi deri\u00a0millor per a mi, sempre que no repercuteixi de manera negativa\u00a0en altres persones\u00bb), actua directament d\u2019acord amb\u00a0els seus objectius.<\/p>\n<p>La passivitat no \u00e9s pr\u00f2pia del l\u00edder assertiu, excepte si la seva\u00a0decisi\u00f3 \u00e9s no actuar i no intervenir en una situaci\u00f3 determinada.\u00a0En aquest cas, la conducta del l\u00edder \u00e9s assertiva perqu\u00e8\u00a0la seva \u00abpassivitat\u00bb \u00e9s fruit d\u2019una decisi\u00f3 conscient i responsable,\u00a0no de la por o de la incapacitat d\u2019actuar.\u00a0L\u2019actuaci\u00f3 del l\u00edder assertiu \u00e9s fruit sempre de les seves\u00a0motivacions internes, de la coher\u00e8ncia amb els seus interessos\u00a0d\u2019acord amb l\u2019objectiu previst. No es tracta d\u2019una\u00a0acci\u00f3 reactiva o a remolc de les pressions del sistema o\u00a0dels altres.<\/p>\n<p>Evidentment, aquestes caracter\u00edstiques del l\u00edder assertiu no\u00a0s\u00f3n les \u00faniques que ha de tenir un bon l\u00edder, ni tampoc s\u00f3n els\u00a0\u00fanics recursos dels quals pot disposar un l\u00edder per exercir el seu\u00a0lideratge. Les teories sobre lideratge informen de manera detallada\u00a0sobre tots aquests aspectes.<\/p>\n<p>En aquest apartat simplement s\u2019ha mostrat com \u00e9s el l\u00edder\u00a0assertiu i les possibilitats de bon funcionament d\u2019un grup d\u2019alumnat quan el professional de la formaci\u00f3 actua com a l\u00edder assertiu.\u00a0En un grup de formaci\u00f3, <strong>l\u2019actuaci\u00f3 com a l\u00edder assertiu\u00a0facilita en gran manera la consecuci\u00f3 de l\u2019objectiu pedag\u00f2gic o\u00a0formatiu proposat.<\/strong><\/p>\n<p><strong>Font: <\/strong>Manuel Guell.<strong>\u00a0<\/strong><em>Perqu\u00e8 he dit blanc si volia dir negre? <\/em>Gra\u00f3. Clic <span style=\"color: #0000ff\"><strong><a style=\"color: #0000ff\" href=\"http:\/\/www.grao.com\/llibres\/per-que-he-dit-blanc-si-volia-dir-negre\" target=\"_blank\" rel=\"noopener\">aqu\u00ed<\/a><\/strong><\/span>.<\/p>\n","protected":false},"excerpt":{"rendered":"<p>Per definir les caracter\u00edstiques del l\u00edder assertiu cal fixar-se en els drets assertius i, a partir d\u2019aquests, precisar com actua el l\u00edder assertiu.<\/p>\n","protected":false},"author":547,"featured_media":1148,"comment_status":"open","ping_status":"open","sticky":false,"template":"","format":"standard","meta":{"footnotes":""},"categories":[262,198],"tags":[98,199],"tipo":[],"class_list":{"0":"post-1147","1":"post","2":"type-post","3":"status-publish","4":"format-standard","5":"has-post-thumbnail","7":"category-coaching","8":"category-desenvolupament-professional","9":"tag-benestar-del-professorat","10":"tag-escola"},"yoast_head":"<!-- This site is optimized with the Yoast SEO plugin v27.5 - https:\/\/yoast.com\/product\/yoast-seo-wordpress\/ -->\n<title>Les caracter\u00edstiques del l\u00edder assertiu - L&#039;escola gra\u00f3 a gra\u00f3<\/title>\n<meta name=\"robots\" content=\"index, follow, max-snippet:-1, max-image-preview:large, max-video-preview:-1\" \/>\n<link rel=\"canonical\" href=\"https:\/\/diarieducacio.cat\/grao\/2015\/10\/21\/les-caracteristiques-del-lider-assertiu\/\" \/>\n<meta property=\"og:locale\" content=\"ca_ES\" \/>\n<meta property=\"og:type\" content=\"article\" \/>\n<meta property=\"og:title\" content=\"Les caracter\u00edstiques del l\u00edder assertiu - L&#039;escola gra\u00f3 a gra\u00f3\" \/>\n<meta property=\"og:description\" content=\"Per definir les caracter\u00edstiques del l\u00edder assertiu cal fixar-se en els drets assertius i, a partir d\u2019aquests, precisar com actua el l\u00edder assertiu.\" \/>\n<meta property=\"og:url\" content=\"https:\/\/diarieducacio.cat\/grao\/2015\/10\/21\/les-caracteristiques-del-lider-assertiu\/\" \/>\n<meta property=\"og:site_name\" content=\"L&#039;escola gra\u00f3 a gra\u00f3\" \/>\n<meta property=\"article:published_time\" content=\"2015-10-21T16:02:12+00:00\" \/>\n<meta property=\"article:modified_time\" content=\"2024-05-13T16:30:19+00:00\" \/>\n<meta property=\"og:image\" content=\"https:\/\/diarieducacio.cat\/grao\/wp-content\/uploads\/sites\/31\/2015\/09\/lider.jpg\" \/>\n\t<meta property=\"og:image:width\" content=\"980\" \/>\n\t<meta property=\"og:image:height\" content=\"596\" \/>\n\t<meta property=\"og:image:type\" content=\"image\/jpeg\" \/>\n<meta name=\"author\" content=\"Manuel G\u00fcell\" \/>\n<meta name=\"twitter:card\" content=\"summary_large_image\" \/>\n<meta name=\"twitter:label1\" content=\"Escrit per\" \/>\n\t<meta name=\"twitter:data1\" content=\"Manuel G\u00fcell\" \/>\n\t<meta name=\"twitter:label2\" content=\"Temps estimat de lectura\" \/>\n\t<meta name=\"twitter:data2\" content=\"4 minuts\" \/>\n<script type=\"application\/ld+json\" class=\"yoast-schema-graph\">{\"@context\":\"https:\\\/\\\/schema.org\",\"@graph\":[{\"@type\":\"Article\",\"@id\":\"https:\\\/\\\/diarieducacio.cat\\\/grao\\\/2015\\\/10\\\/21\\\/les-caracteristiques-del-lider-assertiu\\\/#article\",\"isPartOf\":{\"@id\":\"https:\\\/\\\/diarieducacio.cat\\\/grao\\\/2015\\\/10\\\/21\\\/les-caracteristiques-del-lider-assertiu\\\/\"},\"author\":{\"name\":\"Manuel G\u00fcell\",\"@id\":\"https:\\\/\\\/diarieducacio.cat\\\/grao\\\/#\\\/schema\\\/person\\\/2e4ff89552f2877a83de91fa6cb509f4\"},\"headline\":\"Les caracter\u00edstiques del l\u00edder assertiu\",\"datePublished\":\"2015-10-21T16:02:12+00:00\",\"dateModified\":\"2024-05-13T16:30:19+00:00\",\"mainEntityOfPage\":{\"@id\":\"https:\\\/\\\/diarieducacio.cat\\\/grao\\\/2015\\\/10\\\/21\\\/les-caracteristiques-del-lider-assertiu\\\/\"},\"wordCount\":818,\"commentCount\":0,\"image\":{\"@id\":\"https:\\\/\\\/diarieducacio.cat\\\/grao\\\/2015\\\/10\\\/21\\\/les-caracteristiques-del-lider-assertiu\\\/#primaryimage\"},\"thumbnailUrl\":\"https:\\\/\\\/diarieducacio.cat\\\/grao\\\/wp-content\\\/uploads\\\/sites\\\/31\\\/2015\\\/09\\\/lider.jpg\",\"keywords\":[\"benestar del professorat\",\"escola\"],\"articleSection\":[\"coaching\",\"Desenvolupament professional\"],\"inLanguage\":\"ca\",\"potentialAction\":[{\"@type\":\"CommentAction\",\"name\":\"Comment\",\"target\":[\"https:\\\/\\\/diarieducacio.cat\\\/grao\\\/2015\\\/10\\\/21\\\/les-caracteristiques-del-lider-assertiu\\\/#respond\"]}]},{\"@type\":\"WebPage\",\"@id\":\"https:\\\/\\\/diarieducacio.cat\\\/grao\\\/2015\\\/10\\\/21\\\/les-caracteristiques-del-lider-assertiu\\\/\",\"url\":\"https:\\\/\\\/diarieducacio.cat\\\/grao\\\/2015\\\/10\\\/21\\\/les-caracteristiques-del-lider-assertiu\\\/\",\"name\":\"Les caracter\u00edstiques del l\u00edder assertiu - L'escola gra\u00f3 a gra\u00f3\",\"isPartOf\":{\"@id\":\"https:\\\/\\\/diarieducacio.cat\\\/grao\\\/#website\"},\"primaryImageOfPage\":{\"@id\":\"https:\\\/\\\/diarieducacio.cat\\\/grao\\\/2015\\\/10\\\/21\\\/les-caracteristiques-del-lider-assertiu\\\/#primaryimage\"},\"image\":{\"@id\":\"https:\\\/\\\/diarieducacio.cat\\\/grao\\\/2015\\\/10\\\/21\\\/les-caracteristiques-del-lider-assertiu\\\/#primaryimage\"},\"thumbnailUrl\":\"https:\\\/\\\/diarieducacio.cat\\\/grao\\\/wp-content\\\/uploads\\\/sites\\\/31\\\/2015\\\/09\\\/lider.jpg\",\"datePublished\":\"2015-10-21T16:02:12+00:00\",\"dateModified\":\"2024-05-13T16:30:19+00:00\",\"author\":{\"@id\":\"https:\\\/\\\/diarieducacio.cat\\\/grao\\\/#\\\/schema\\\/person\\\/2e4ff89552f2877a83de91fa6cb509f4\"},\"breadcrumb\":{\"@id\":\"https:\\\/\\\/diarieducacio.cat\\\/grao\\\/2015\\\/10\\\/21\\\/les-caracteristiques-del-lider-assertiu\\\/#breadcrumb\"},\"inLanguage\":\"ca\",\"potentialAction\":[{\"@type\":\"ReadAction\",\"target\":[\"https:\\\/\\\/diarieducacio.cat\\\/grao\\\/2015\\\/10\\\/21\\\/les-caracteristiques-del-lider-assertiu\\\/\"]}]},{\"@type\":\"ImageObject\",\"inLanguage\":\"ca\",\"@id\":\"https:\\\/\\\/diarieducacio.cat\\\/grao\\\/2015\\\/10\\\/21\\\/les-caracteristiques-del-lider-assertiu\\\/#primaryimage\",\"url\":\"https:\\\/\\\/diarieducacio.cat\\\/grao\\\/wp-content\\\/uploads\\\/sites\\\/31\\\/2015\\\/09\\\/lider.jpg\",\"contentUrl\":\"https:\\\/\\\/diarieducacio.cat\\\/grao\\\/wp-content\\\/uploads\\\/sites\\\/31\\\/2015\\\/09\\\/lider.jpg\",\"width\":980,\"height\":596},{\"@type\":\"BreadcrumbList\",\"@id\":\"https:\\\/\\\/diarieducacio.cat\\\/grao\\\/2015\\\/10\\\/21\\\/les-caracteristiques-del-lider-assertiu\\\/#breadcrumb\",\"itemListElement\":[{\"@type\":\"ListItem\",\"position\":1,\"name\":\"Inici\",\"item\":\"https:\\\/\\\/diarieducacio.cat\\\/grao\\\/\"},{\"@type\":\"ListItem\",\"position\":2,\"name\":\"Les caracter\u00edstiques del l\u00edder assertiu\"}]},{\"@type\":\"WebSite\",\"@id\":\"https:\\\/\\\/diarieducacio.cat\\\/grao\\\/#website\",\"url\":\"https:\\\/\\\/diarieducacio.cat\\\/grao\\\/\",\"name\":\"L'escola gra\u00f3 a gra\u00f3\",\"description\":\"Un blog de El Diari de l&#039;Educaci\u00f3\",\"potentialAction\":[{\"@type\":\"SearchAction\",\"target\":{\"@type\":\"EntryPoint\",\"urlTemplate\":\"https:\\\/\\\/diarieducacio.cat\\\/grao\\\/?s={search_term_string}\"},\"query-input\":{\"@type\":\"PropertyValueSpecification\",\"valueRequired\":true,\"valueName\":\"search_term_string\"}}],\"inLanguage\":\"ca\"},{\"@type\":\"Person\",\"@id\":\"https:\\\/\\\/diarieducacio.cat\\\/grao\\\/#\\\/schema\\\/person\\\/2e4ff89552f2877a83de91fa6cb509f4\",\"name\":\"Manuel G\u00fcell\",\"image\":{\"@type\":\"ImageObject\",\"inLanguage\":\"ca\",\"@id\":\"https:\\\/\\\/secure.gravatar.com\\\/avatar\\\/4f93fed219b642b9feef2f90f9ca1f2df24f5b5cff82b6aa73805f1a4b741c6f?s=96&d=mm&r=g\",\"url\":\"https:\\\/\\\/secure.gravatar.com\\\/avatar\\\/4f93fed219b642b9feef2f90f9ca1f2df24f5b5cff82b6aa73805f1a4b741c6f?s=96&d=mm&r=g\",\"contentUrl\":\"https:\\\/\\\/secure.gravatar.com\\\/avatar\\\/4f93fed219b642b9feef2f90f9ca1f2df24f5b5cff82b6aa73805f1a4b741c6f?s=96&d=mm&r=g\",\"caption\":\"Manuel G\u00fcell\"},\"url\":\"https:\\\/\\\/diarieducacio.cat\\\/grao\\\/author\\\/mguell\\\/\"}]}<\/script>\n<!-- \/ Yoast SEO plugin. -->","yoast_head_json":{"title":"Les caracter\u00edstiques del l\u00edder assertiu - L'escola gra\u00f3 a gra\u00f3","robots":{"index":"index","follow":"follow","max-snippet":"max-snippet:-1","max-image-preview":"max-image-preview:large","max-video-preview":"max-video-preview:-1"},"canonical":"https:\/\/diarieducacio.cat\/grao\/2015\/10\/21\/les-caracteristiques-del-lider-assertiu\/","og_locale":"ca_ES","og_type":"article","og_title":"Les caracter\u00edstiques del l\u00edder assertiu - L'escola gra\u00f3 a gra\u00f3","og_description":"Per definir les caracter\u00edstiques del l\u00edder assertiu cal fixar-se en els drets assertius i, a partir d\u2019aquests, precisar com actua el l\u00edder assertiu.","og_url":"https:\/\/diarieducacio.cat\/grao\/2015\/10\/21\/les-caracteristiques-del-lider-assertiu\/","og_site_name":"L'escola gra\u00f3 a gra\u00f3","article_published_time":"2015-10-21T16:02:12+00:00","article_modified_time":"2024-05-13T16:30:19+00:00","og_image":[{"width":980,"height":596,"url":"https:\/\/diarieducacio.cat\/grao\/wp-content\/uploads\/sites\/31\/2015\/09\/lider.jpg","type":"image\/jpeg"}],"author":"Manuel G\u00fcell","twitter_card":"summary_large_image","twitter_misc":{"Escrit per":"Manuel G\u00fcell","Temps estimat de lectura":"4 minuts"},"schema":{"@context":"https:\/\/schema.org","@graph":[{"@type":"Article","@id":"https:\/\/diarieducacio.cat\/grao\/2015\/10\/21\/les-caracteristiques-del-lider-assertiu\/#article","isPartOf":{"@id":"https:\/\/diarieducacio.cat\/grao\/2015\/10\/21\/les-caracteristiques-del-lider-assertiu\/"},"author":{"name":"Manuel G\u00fcell","@id":"https:\/\/diarieducacio.cat\/grao\/#\/schema\/person\/2e4ff89552f2877a83de91fa6cb509f4"},"headline":"Les caracter\u00edstiques del l\u00edder assertiu","datePublished":"2015-10-21T16:02:12+00:00","dateModified":"2024-05-13T16:30:19+00:00","mainEntityOfPage":{"@id":"https:\/\/diarieducacio.cat\/grao\/2015\/10\/21\/les-caracteristiques-del-lider-assertiu\/"},"wordCount":818,"commentCount":0,"image":{"@id":"https:\/\/diarieducacio.cat\/grao\/2015\/10\/21\/les-caracteristiques-del-lider-assertiu\/#primaryimage"},"thumbnailUrl":"https:\/\/diarieducacio.cat\/grao\/wp-content\/uploads\/sites\/31\/2015\/09\/lider.jpg","keywords":["benestar del professorat","escola"],"articleSection":["coaching","Desenvolupament professional"],"inLanguage":"ca","potentialAction":[{"@type":"CommentAction","name":"Comment","target":["https:\/\/diarieducacio.cat\/grao\/2015\/10\/21\/les-caracteristiques-del-lider-assertiu\/#respond"]}]},{"@type":"WebPage","@id":"https:\/\/diarieducacio.cat\/grao\/2015\/10\/21\/les-caracteristiques-del-lider-assertiu\/","url":"https:\/\/diarieducacio.cat\/grao\/2015\/10\/21\/les-caracteristiques-del-lider-assertiu\/","name":"Les caracter\u00edstiques del l\u00edder assertiu - L'escola gra\u00f3 a gra\u00f3","isPartOf":{"@id":"https:\/\/diarieducacio.cat\/grao\/#website"},"primaryImageOfPage":{"@id":"https:\/\/diarieducacio.cat\/grao\/2015\/10\/21\/les-caracteristiques-del-lider-assertiu\/#primaryimage"},"image":{"@id":"https:\/\/diarieducacio.cat\/grao\/2015\/10\/21\/les-caracteristiques-del-lider-assertiu\/#primaryimage"},"thumbnailUrl":"https:\/\/diarieducacio.cat\/grao\/wp-content\/uploads\/sites\/31\/2015\/09\/lider.jpg","datePublished":"2015-10-21T16:02:12+00:00","dateModified":"2024-05-13T16:30:19+00:00","author":{"@id":"https:\/\/diarieducacio.cat\/grao\/#\/schema\/person\/2e4ff89552f2877a83de91fa6cb509f4"},"breadcrumb":{"@id":"https:\/\/diarieducacio.cat\/grao\/2015\/10\/21\/les-caracteristiques-del-lider-assertiu\/#breadcrumb"},"inLanguage":"ca","potentialAction":[{"@type":"ReadAction","target":["https:\/\/diarieducacio.cat\/grao\/2015\/10\/21\/les-caracteristiques-del-lider-assertiu\/"]}]},{"@type":"ImageObject","inLanguage":"ca","@id":"https:\/\/diarieducacio.cat\/grao\/2015\/10\/21\/les-caracteristiques-del-lider-assertiu\/#primaryimage","url":"https:\/\/diarieducacio.cat\/grao\/wp-content\/uploads\/sites\/31\/2015\/09\/lider.jpg","contentUrl":"https:\/\/diarieducacio.cat\/grao\/wp-content\/uploads\/sites\/31\/2015\/09\/lider.jpg","width":980,"height":596},{"@type":"BreadcrumbList","@id":"https:\/\/diarieducacio.cat\/grao\/2015\/10\/21\/les-caracteristiques-del-lider-assertiu\/#breadcrumb","itemListElement":[{"@type":"ListItem","position":1,"name":"Inici","item":"https:\/\/diarieducacio.cat\/grao\/"},{"@type":"ListItem","position":2,"name":"Les caracter\u00edstiques del l\u00edder assertiu"}]},{"@type":"WebSite","@id":"https:\/\/diarieducacio.cat\/grao\/#website","url":"https:\/\/diarieducacio.cat\/grao\/","name":"L'escola gra\u00f3 a gra\u00f3","description":"Un blog de El Diari de l&#039;Educaci\u00f3","potentialAction":[{"@type":"SearchAction","target":{"@type":"EntryPoint","urlTemplate":"https:\/\/diarieducacio.cat\/grao\/?s={search_term_string}"},"query-input":{"@type":"PropertyValueSpecification","valueRequired":true,"valueName":"search_term_string"}}],"inLanguage":"ca"},{"@type":"Person","@id":"https:\/\/diarieducacio.cat\/grao\/#\/schema\/person\/2e4ff89552f2877a83de91fa6cb509f4","name":"Manuel G\u00fcell","image":{"@type":"ImageObject","inLanguage":"ca","@id":"https:\/\/secure.gravatar.com\/avatar\/4f93fed219b642b9feef2f90f9ca1f2df24f5b5cff82b6aa73805f1a4b741c6f?s=96&d=mm&r=g","url":"https:\/\/secure.gravatar.com\/avatar\/4f93fed219b642b9feef2f90f9ca1f2df24f5b5cff82b6aa73805f1a4b741c6f?s=96&d=mm&r=g","contentUrl":"https:\/\/secure.gravatar.com\/avatar\/4f93fed219b642b9feef2f90f9ca1f2df24f5b5cff82b6aa73805f1a4b741c6f?s=96&d=mm&r=g","caption":"Manuel G\u00fcell"},"url":"https:\/\/diarieducacio.cat\/grao\/author\/mguell\/"}]}},"_links":{"self":[{"href":"https:\/\/diarieducacio.cat\/grao\/wp-json\/wp\/v2\/posts\/1147","targetHints":{"allow":["GET"]}}],"collection":[{"href":"https:\/\/diarieducacio.cat\/grao\/wp-json\/wp\/v2\/posts"}],"about":[{"href":"https:\/\/diarieducacio.cat\/grao\/wp-json\/wp\/v2\/types\/post"}],"author":[{"embeddable":true,"href":"https:\/\/diarieducacio.cat\/grao\/wp-json\/wp\/v2\/users\/547"}],"replies":[{"embeddable":true,"href":"https:\/\/diarieducacio.cat\/grao\/wp-json\/wp\/v2\/comments?post=1147"}],"version-history":[{"count":1,"href":"https:\/\/diarieducacio.cat\/grao\/wp-json\/wp\/v2\/posts\/1147\/revisions"}],"predecessor-version":[{"id":6245,"href":"https:\/\/diarieducacio.cat\/grao\/wp-json\/wp\/v2\/posts\/1147\/revisions\/6245"}],"wp:featuredmedia":[{"embeddable":true,"href":"https:\/\/diarieducacio.cat\/grao\/wp-json\/wp\/v2\/media\/1148"}],"wp:attachment":[{"href":"https:\/\/diarieducacio.cat\/grao\/wp-json\/wp\/v2\/media?parent=1147"}],"wp:term":[{"taxonomy":"category","embeddable":true,"href":"https:\/\/diarieducacio.cat\/grao\/wp-json\/wp\/v2\/categories?post=1147"},{"taxonomy":"post_tag","embeddable":true,"href":"https:\/\/diarieducacio.cat\/grao\/wp-json\/wp\/v2\/tags?post=1147"},{"taxonomy":"tipo","embeddable":true,"href":"https:\/\/diarieducacio.cat\/grao\/wp-json\/wp\/v2\/tipo?post=1147"}],"curies":[{"name":"wp","href":"https:\/\/api.w.org\/{rel}","templated":true}]}}