{"id":1169,"date":"2015-11-04T07:09:47","date_gmt":"2015-11-04T07:09:47","guid":{"rendered":"https:\/\/diarieducacio.cat\/grao\/?p=1169"},"modified":"2024-05-13T18:30:20","modified_gmt":"2024-05-13T16:30:20","slug":"larquitectura-escolar","status":"publish","type":"post","link":"https:\/\/diarieducacio.cat\/grao\/2015\/11\/04\/larquitectura-escolar\/","title":{"rendered":"L&#8217;arquitectura escolar"},"content":{"rendered":"<p><img fetchpriority=\"high\" decoding=\"async\" class=\" wp-image-1174  alignright\" src=\"https:\/\/diarieducacio.cat\/grao\/wp-content\/uploads\/sites\/10\/2015\/11\/ESCODIAGONAL-300x199.jpg\" alt=\"ESCODIAGONAL\" width=\"283\" height=\"188\" \/>Si es vol una escola innovadora i socialment justa que cerqui l\u2019excel\u00b7l\u00e8ncia, ha de tenir uns espais pensats que contemplin aquests par\u00e0metres. Ha de ser una escola de qualitat ben inserida dins l\u2019espai urb\u00e0 de cada municipi i oberta a la societat.<\/p>\n<p>Ara b\u00e9, aquests nous centres escolars que de mica en mica comencen a sorgir al nostre territori no poden ser un embolcall extraordinari per a un contingut r\u00f2nec.<\/p>\n<p><strong>La nova arquitectura escolar ha d\u2019anar lligada a uns projectes educatius tamb\u00e9 nous, sense que aix\u00f2 signifiqui menystenir tot el bon bagatge de la millor tradici\u00f3 pedag\u00f2gica del pa\u00eds.<\/strong><\/p>\n<p>Les bones construccions escolars futures que exigeixen els nous temps, acompanyades dels bons programes educatius, no haurien de tenir la llosa oficial que sovint plana sobre els centres. L\u2019encotillament reglamentista excessiu impedeix el desenvolupament de projectes arquitect\u00f2nics innovadors i \u00e9s un parany per a qualsevol idea transformadora.<\/p>\n<p>Com podem veure a\u00a0<span style=\"color: #0000ff\"><strong><a style=\"color: #0000ff\" href=\"http:\/\/www.grao.com\/revistes\/forum\/38-l-arquitectura-escolar\">F\u00f2rum<\/a>,<\/strong><\/span>\u00a0disposem ja de molts bons exemples per seguir per\u00f2 que encara no han arrelat, sobretot en la re\/construcci\u00f3 dels centres p\u00fablics. Sense un projecte decidit que contempli un replantejament dels nous espais escolars pensats per al segle XXI, molts dels nous models pedag\u00f2gics poden caure en contradiccions frustradores i esdevenir un veritable mur per a qualsevol avan\u00e7.<\/p>\n<p><strong>Font:<\/strong> Revista F\u00f2rum n.38. Clic <span style=\"color: #0000ff\"><strong><a style=\"color: #0000ff\" href=\"http:\/\/www.grao.com\/revistes\/forum\/38-l-arquitectura-escolar\">aqu\u00ed<\/a><\/strong><\/span>.<\/p>\n","protected":false},"excerpt":{"rendered":"<p>En el cam\u00ed obert cap a uns models escolars nous, l\u2019arquitectura ha de tenir un paper rellevant. Cal una arquitectura escolar que vagi m\u00e9s enll\u00e0 de la construcci\u00f3 d\u2019un edifici per encabir-hi estudiants compartimentats. <\/p>\n","protected":false},"author":559,"featured_media":1174,"comment_status":"open","ping_status":"open","sticky":false,"template":"","format":"standard","meta":{"footnotes":""},"categories":[222,121,115],"tags":[266,199],"tipo":[],"class_list":{"0":"post-1169","1":"post","2":"type-post","3":"status-publish","4":"format-standard","5":"has-post-thumbnail","7":"category-diagnostics-organitzatius","8":"category-qualitat-educativa","9":"category-reflexio","10":"tag-comunitat-educativa","11":"tag-escola"},"yoast_head":"<!-- This site is optimized with the Yoast SEO plugin v27.5 - https:\/\/yoast.com\/product\/yoast-seo-wordpress\/ -->\n<title>L&#039;arquitectura escolar - L&#039;escola gra\u00f3 a gra\u00f3<\/title>\n<meta name=\"robots\" content=\"index, follow, max-snippet:-1, max-image-preview:large, max-video-preview:-1\" \/>\n<link rel=\"canonical\" href=\"https:\/\/diarieducacio.cat\/grao\/2015\/11\/04\/larquitectura-escolar\/\" \/>\n<meta property=\"og:locale\" content=\"ca_ES\" \/>\n<meta property=\"og:type\" content=\"article\" \/>\n<meta property=\"og:title\" content=\"L&#039;arquitectura escolar - L&#039;escola gra\u00f3 a gra\u00f3\" \/>\n<meta property=\"og:description\" content=\"En el cam\u00ed obert cap a uns models escolars nous, l\u2019arquitectura ha de tenir un paper rellevant. Cal una arquitectura escolar que vagi m\u00e9s enll\u00e0 de la construcci\u00f3 d\u2019un edifici per encabir-hi estudiants compartimentats.\" \/>\n<meta property=\"og:url\" content=\"https:\/\/diarieducacio.cat\/grao\/2015\/11\/04\/larquitectura-escolar\/\" \/>\n<meta property=\"og:site_name\" content=\"L&#039;escola gra\u00f3 a gra\u00f3\" \/>\n<meta property=\"article:published_time\" content=\"2015-11-04T07:09:47+00:00\" \/>\n<meta property=\"article:modified_time\" content=\"2024-05-13T16:30:20+00:00\" \/>\n<meta property=\"og:image\" content=\"https:\/\/diarieducacio.cat\/grao\/wp-content\/uploads\/sites\/31\/2015\/11\/ESCODIAGONAL-scaled-1.jpg\" \/>\n\t<meta property=\"og:image:width\" content=\"2560\" \/>\n\t<meta property=\"og:image:height\" content=\"1702\" \/>\n\t<meta property=\"og:image:type\" content=\"image\/jpeg\" \/>\n<meta name=\"author\" content=\"Coral Reg\u00ed\" \/>\n<meta name=\"twitter:card\" content=\"summary_large_image\" \/>\n<meta name=\"twitter:creator\" content=\"@ecortesmau\" \/>\n<meta name=\"twitter:label1\" content=\"Escrit per\" \/>\n\t<meta name=\"twitter:data1\" content=\"Coral Reg\u00ed\" \/>\n\t<meta name=\"twitter:label2\" content=\"Temps estimat de lectura\" \/>\n\t<meta name=\"twitter:data2\" content=\"1 minut\" \/>\n<script type=\"application\/ld+json\" class=\"yoast-schema-graph\">{\"@context\":\"https:\\\/\\\/schema.org\",\"@graph\":[{\"@type\":\"Article\",\"@id\":\"https:\\\/\\\/diarieducacio.cat\\\/grao\\\/2015\\\/11\\\/04\\\/larquitectura-escolar\\\/#article\",\"isPartOf\":{\"@id\":\"https:\\\/\\\/diarieducacio.cat\\\/grao\\\/2015\\\/11\\\/04\\\/larquitectura-escolar\\\/\"},\"author\":{\"name\":\"Coral Reg\u00ed\",\"@id\":\"https:\\\/\\\/diarieducacio.cat\\\/grao\\\/#\\\/schema\\\/person\\\/9ee33b434c9cd3a8aa6bbc37aa9f5b3c\"},\"headline\":\"L&#8217;arquitectura escolar\",\"datePublished\":\"2015-11-04T07:09:47+00:00\",\"dateModified\":\"2024-05-13T16:30:20+00:00\",\"mainEntityOfPage\":{\"@id\":\"https:\\\/\\\/diarieducacio.cat\\\/grao\\\/2015\\\/11\\\/04\\\/larquitectura-escolar\\\/\"},\"wordCount\":233,\"commentCount\":0,\"image\":{\"@id\":\"https:\\\/\\\/diarieducacio.cat\\\/grao\\\/2015\\\/11\\\/04\\\/larquitectura-escolar\\\/#primaryimage\"},\"thumbnailUrl\":\"https:\\\/\\\/diarieducacio.cat\\\/grao\\\/wp-content\\\/uploads\\\/sites\\\/31\\\/2015\\\/11\\\/ESCODIAGONAL-scaled-1.jpg\",\"keywords\":[\"comunitat educativa\",\"escola\"],\"articleSection\":[\"Diagn\u00f2stics organitzatius\",\"Qualitat educativa\",\"Reflexi\u00f3\"],\"inLanguage\":\"ca\",\"potentialAction\":[{\"@type\":\"CommentAction\",\"name\":\"Comment\",\"target\":[\"https:\\\/\\\/diarieducacio.cat\\\/grao\\\/2015\\\/11\\\/04\\\/larquitectura-escolar\\\/#respond\"]}]},{\"@type\":\"WebPage\",\"@id\":\"https:\\\/\\\/diarieducacio.cat\\\/grao\\\/2015\\\/11\\\/04\\\/larquitectura-escolar\\\/\",\"url\":\"https:\\\/\\\/diarieducacio.cat\\\/grao\\\/2015\\\/11\\\/04\\\/larquitectura-escolar\\\/\",\"name\":\"L'arquitectura escolar - L'escola gra\u00f3 a gra\u00f3\",\"isPartOf\":{\"@id\":\"https:\\\/\\\/diarieducacio.cat\\\/grao\\\/#website\"},\"primaryImageOfPage\":{\"@id\":\"https:\\\/\\\/diarieducacio.cat\\\/grao\\\/2015\\\/11\\\/04\\\/larquitectura-escolar\\\/#primaryimage\"},\"image\":{\"@id\":\"https:\\\/\\\/diarieducacio.cat\\\/grao\\\/2015\\\/11\\\/04\\\/larquitectura-escolar\\\/#primaryimage\"},\"thumbnailUrl\":\"https:\\\/\\\/diarieducacio.cat\\\/grao\\\/wp-content\\\/uploads\\\/sites\\\/31\\\/2015\\\/11\\\/ESCODIAGONAL-scaled-1.jpg\",\"datePublished\":\"2015-11-04T07:09:47+00:00\",\"dateModified\":\"2024-05-13T16:30:20+00:00\",\"author\":{\"@id\":\"https:\\\/\\\/diarieducacio.cat\\\/grao\\\/#\\\/schema\\\/person\\\/9ee33b434c9cd3a8aa6bbc37aa9f5b3c\"},\"breadcrumb\":{\"@id\":\"https:\\\/\\\/diarieducacio.cat\\\/grao\\\/2015\\\/11\\\/04\\\/larquitectura-escolar\\\/#breadcrumb\"},\"inLanguage\":\"ca\",\"potentialAction\":[{\"@type\":\"ReadAction\",\"target\":[\"https:\\\/\\\/diarieducacio.cat\\\/grao\\\/2015\\\/11\\\/04\\\/larquitectura-escolar\\\/\"]}]},{\"@type\":\"ImageObject\",\"inLanguage\":\"ca\",\"@id\":\"https:\\\/\\\/diarieducacio.cat\\\/grao\\\/2015\\\/11\\\/04\\\/larquitectura-escolar\\\/#primaryimage\",\"url\":\"https:\\\/\\\/diarieducacio.cat\\\/grao\\\/wp-content\\\/uploads\\\/sites\\\/31\\\/2015\\\/11\\\/ESCODIAGONAL-scaled-1.jpg\",\"contentUrl\":\"https:\\\/\\\/diarieducacio.cat\\\/grao\\\/wp-content\\\/uploads\\\/sites\\\/31\\\/2015\\\/11\\\/ESCODIAGONAL-scaled-1.jpg\",\"width\":2560,\"height\":1702},{\"@type\":\"BreadcrumbList\",\"@id\":\"https:\\\/\\\/diarieducacio.cat\\\/grao\\\/2015\\\/11\\\/04\\\/larquitectura-escolar\\\/#breadcrumb\",\"itemListElement\":[{\"@type\":\"ListItem\",\"position\":1,\"name\":\"Inici\",\"item\":\"https:\\\/\\\/diarieducacio.cat\\\/grao\\\/\"},{\"@type\":\"ListItem\",\"position\":2,\"name\":\"L&#8217;arquitectura escolar\"}]},{\"@type\":\"WebSite\",\"@id\":\"https:\\\/\\\/diarieducacio.cat\\\/grao\\\/#website\",\"url\":\"https:\\\/\\\/diarieducacio.cat\\\/grao\\\/\",\"name\":\"L'escola gra\u00f3 a gra\u00f3\",\"description\":\"Un blog de El Diari de l&#039;Educaci\u00f3\",\"potentialAction\":[{\"@type\":\"SearchAction\",\"target\":{\"@type\":\"EntryPoint\",\"urlTemplate\":\"https:\\\/\\\/diarieducacio.cat\\\/grao\\\/?s={search_term_string}\"},\"query-input\":{\"@type\":\"PropertyValueSpecification\",\"valueRequired\":true,\"valueName\":\"search_term_string\"}}],\"inLanguage\":\"ca\"},{\"@type\":\"Person\",\"@id\":\"https:\\\/\\\/diarieducacio.cat\\\/grao\\\/#\\\/schema\\\/person\\\/9ee33b434c9cd3a8aa6bbc37aa9f5b3c\",\"name\":\"Coral Reg\u00ed\",\"image\":{\"@type\":\"ImageObject\",\"inLanguage\":\"ca\",\"@id\":\"https:\\\/\\\/secure.gravatar.com\\\/avatar\\\/3727025c000109e4de6b850aa19d898a97711911d0812551afd463141d0ac439?s=96&d=mm&r=g\",\"url\":\"https:\\\/\\\/secure.gravatar.com\\\/avatar\\\/3727025c000109e4de6b850aa19d898a97711911d0812551afd463141d0ac439?s=96&d=mm&r=g\",\"contentUrl\":\"https:\\\/\\\/secure.gravatar.com\\\/avatar\\\/3727025c000109e4de6b850aa19d898a97711911d0812551afd463141d0ac439?s=96&d=mm&r=g\",\"caption\":\"Coral Reg\u00ed\"},\"description\":\"Directora de l'escola Virolai\",\"sameAs\":[\"https:\\\/\\\/x.com\\\/ecortesmau\"],\"url\":\"https:\\\/\\\/diarieducacio.cat\\\/grao\\\/author\\\/cregi\\\/\"}]}<\/script>\n<!-- \/ Yoast SEO plugin. -->","yoast_head_json":{"title":"L'arquitectura escolar - L'escola gra\u00f3 a gra\u00f3","robots":{"index":"index","follow":"follow","max-snippet":"max-snippet:-1","max-image-preview":"max-image-preview:large","max-video-preview":"max-video-preview:-1"},"canonical":"https:\/\/diarieducacio.cat\/grao\/2015\/11\/04\/larquitectura-escolar\/","og_locale":"ca_ES","og_type":"article","og_title":"L'arquitectura escolar - L'escola gra\u00f3 a gra\u00f3","og_description":"En el cam\u00ed obert cap a uns models escolars nous, l\u2019arquitectura ha de tenir un paper rellevant. Cal una arquitectura escolar que vagi m\u00e9s enll\u00e0 de la construcci\u00f3 d\u2019un edifici per encabir-hi estudiants compartimentats.","og_url":"https:\/\/diarieducacio.cat\/grao\/2015\/11\/04\/larquitectura-escolar\/","og_site_name":"L'escola gra\u00f3 a gra\u00f3","article_published_time":"2015-11-04T07:09:47+00:00","article_modified_time":"2024-05-13T16:30:20+00:00","og_image":[{"width":2560,"height":1702,"url":"https:\/\/diarieducacio.cat\/grao\/wp-content\/uploads\/sites\/31\/2015\/11\/ESCODIAGONAL-scaled-1.jpg","type":"image\/jpeg"}],"author":"Coral Reg\u00ed","twitter_card":"summary_large_image","twitter_creator":"@ecortesmau","twitter_misc":{"Escrit per":"Coral Reg\u00ed","Temps estimat de lectura":"1 minut"},"schema":{"@context":"https:\/\/schema.org","@graph":[{"@type":"Article","@id":"https:\/\/diarieducacio.cat\/grao\/2015\/11\/04\/larquitectura-escolar\/#article","isPartOf":{"@id":"https:\/\/diarieducacio.cat\/grao\/2015\/11\/04\/larquitectura-escolar\/"},"author":{"name":"Coral Reg\u00ed","@id":"https:\/\/diarieducacio.cat\/grao\/#\/schema\/person\/9ee33b434c9cd3a8aa6bbc37aa9f5b3c"},"headline":"L&#8217;arquitectura escolar","datePublished":"2015-11-04T07:09:47+00:00","dateModified":"2024-05-13T16:30:20+00:00","mainEntityOfPage":{"@id":"https:\/\/diarieducacio.cat\/grao\/2015\/11\/04\/larquitectura-escolar\/"},"wordCount":233,"commentCount":0,"image":{"@id":"https:\/\/diarieducacio.cat\/grao\/2015\/11\/04\/larquitectura-escolar\/#primaryimage"},"thumbnailUrl":"https:\/\/diarieducacio.cat\/grao\/wp-content\/uploads\/sites\/31\/2015\/11\/ESCODIAGONAL-scaled-1.jpg","keywords":["comunitat educativa","escola"],"articleSection":["Diagn\u00f2stics organitzatius","Qualitat educativa","Reflexi\u00f3"],"inLanguage":"ca","potentialAction":[{"@type":"CommentAction","name":"Comment","target":["https:\/\/diarieducacio.cat\/grao\/2015\/11\/04\/larquitectura-escolar\/#respond"]}]},{"@type":"WebPage","@id":"https:\/\/diarieducacio.cat\/grao\/2015\/11\/04\/larquitectura-escolar\/","url":"https:\/\/diarieducacio.cat\/grao\/2015\/11\/04\/larquitectura-escolar\/","name":"L'arquitectura escolar - L'escola gra\u00f3 a gra\u00f3","isPartOf":{"@id":"https:\/\/diarieducacio.cat\/grao\/#website"},"primaryImageOfPage":{"@id":"https:\/\/diarieducacio.cat\/grao\/2015\/11\/04\/larquitectura-escolar\/#primaryimage"},"image":{"@id":"https:\/\/diarieducacio.cat\/grao\/2015\/11\/04\/larquitectura-escolar\/#primaryimage"},"thumbnailUrl":"https:\/\/diarieducacio.cat\/grao\/wp-content\/uploads\/sites\/31\/2015\/11\/ESCODIAGONAL-scaled-1.jpg","datePublished":"2015-11-04T07:09:47+00:00","dateModified":"2024-05-13T16:30:20+00:00","author":{"@id":"https:\/\/diarieducacio.cat\/grao\/#\/schema\/person\/9ee33b434c9cd3a8aa6bbc37aa9f5b3c"},"breadcrumb":{"@id":"https:\/\/diarieducacio.cat\/grao\/2015\/11\/04\/larquitectura-escolar\/#breadcrumb"},"inLanguage":"ca","potentialAction":[{"@type":"ReadAction","target":["https:\/\/diarieducacio.cat\/grao\/2015\/11\/04\/larquitectura-escolar\/"]}]},{"@type":"ImageObject","inLanguage":"ca","@id":"https:\/\/diarieducacio.cat\/grao\/2015\/11\/04\/larquitectura-escolar\/#primaryimage","url":"https:\/\/diarieducacio.cat\/grao\/wp-content\/uploads\/sites\/31\/2015\/11\/ESCODIAGONAL-scaled-1.jpg","contentUrl":"https:\/\/diarieducacio.cat\/grao\/wp-content\/uploads\/sites\/31\/2015\/11\/ESCODIAGONAL-scaled-1.jpg","width":2560,"height":1702},{"@type":"BreadcrumbList","@id":"https:\/\/diarieducacio.cat\/grao\/2015\/11\/04\/larquitectura-escolar\/#breadcrumb","itemListElement":[{"@type":"ListItem","position":1,"name":"Inici","item":"https:\/\/diarieducacio.cat\/grao\/"},{"@type":"ListItem","position":2,"name":"L&#8217;arquitectura escolar"}]},{"@type":"WebSite","@id":"https:\/\/diarieducacio.cat\/grao\/#website","url":"https:\/\/diarieducacio.cat\/grao\/","name":"L'escola gra\u00f3 a gra\u00f3","description":"Un blog de El Diari de l&#039;Educaci\u00f3","potentialAction":[{"@type":"SearchAction","target":{"@type":"EntryPoint","urlTemplate":"https:\/\/diarieducacio.cat\/grao\/?s={search_term_string}"},"query-input":{"@type":"PropertyValueSpecification","valueRequired":true,"valueName":"search_term_string"}}],"inLanguage":"ca"},{"@type":"Person","@id":"https:\/\/diarieducacio.cat\/grao\/#\/schema\/person\/9ee33b434c9cd3a8aa6bbc37aa9f5b3c","name":"Coral Reg\u00ed","image":{"@type":"ImageObject","inLanguage":"ca","@id":"https:\/\/secure.gravatar.com\/avatar\/3727025c000109e4de6b850aa19d898a97711911d0812551afd463141d0ac439?s=96&d=mm&r=g","url":"https:\/\/secure.gravatar.com\/avatar\/3727025c000109e4de6b850aa19d898a97711911d0812551afd463141d0ac439?s=96&d=mm&r=g","contentUrl":"https:\/\/secure.gravatar.com\/avatar\/3727025c000109e4de6b850aa19d898a97711911d0812551afd463141d0ac439?s=96&d=mm&r=g","caption":"Coral Reg\u00ed"},"description":"Directora de l'escola Virolai","sameAs":["https:\/\/x.com\/ecortesmau"],"url":"https:\/\/diarieducacio.cat\/grao\/author\/cregi\/"}]}},"_links":{"self":[{"href":"https:\/\/diarieducacio.cat\/grao\/wp-json\/wp\/v2\/posts\/1169","targetHints":{"allow":["GET"]}}],"collection":[{"href":"https:\/\/diarieducacio.cat\/grao\/wp-json\/wp\/v2\/posts"}],"about":[{"href":"https:\/\/diarieducacio.cat\/grao\/wp-json\/wp\/v2\/types\/post"}],"author":[{"embeddable":true,"href":"https:\/\/diarieducacio.cat\/grao\/wp-json\/wp\/v2\/users\/559"}],"replies":[{"embeddable":true,"href":"https:\/\/diarieducacio.cat\/grao\/wp-json\/wp\/v2\/comments?post=1169"}],"version-history":[{"count":1,"href":"https:\/\/diarieducacio.cat\/grao\/wp-json\/wp\/v2\/posts\/1169\/revisions"}],"predecessor-version":[{"id":6246,"href":"https:\/\/diarieducacio.cat\/grao\/wp-json\/wp\/v2\/posts\/1169\/revisions\/6246"}],"wp:featuredmedia":[{"embeddable":true,"href":"https:\/\/diarieducacio.cat\/grao\/wp-json\/wp\/v2\/media\/1174"}],"wp:attachment":[{"href":"https:\/\/diarieducacio.cat\/grao\/wp-json\/wp\/v2\/media?parent=1169"}],"wp:term":[{"taxonomy":"category","embeddable":true,"href":"https:\/\/diarieducacio.cat\/grao\/wp-json\/wp\/v2\/categories?post=1169"},{"taxonomy":"post_tag","embeddable":true,"href":"https:\/\/diarieducacio.cat\/grao\/wp-json\/wp\/v2\/tags?post=1169"},{"taxonomy":"tipo","embeddable":true,"href":"https:\/\/diarieducacio.cat\/grao\/wp-json\/wp\/v2\/tipo?post=1169"}],"curies":[{"name":"wp","href":"https:\/\/api.w.org\/{rel}","templated":true}]}}