{"id":1184,"date":"2015-11-09T17:13:12","date_gmt":"2015-11-09T17:13:12","guid":{"rendered":"https:\/\/diarieducacio.cat\/grao\/?p=1184"},"modified":"2024-05-13T18:30:20","modified_gmt":"2024-05-13T16:30:20","slug":"humor-curriculum","status":"publish","type":"post","link":"https:\/\/diarieducacio.cat\/grao\/2015\/11\/09\/humor-curriculum\/","title":{"rendered":"HUMOR: Curr\u00edculum"},"content":{"rendered":"<p><a href=\"https:\/\/nostalgic-ishizaka.82-223-1-47.plesk.page\/grao\/wp-content\/uploads\/sites\/31\/2015\/11\/Captura.png\"><\/a><\/p>\n<p>* Vinyeta publicada a la revista GUIX l\u2019any 1989.<\/p>\n<p><strong>Font:<\/strong> Revista Guix n.418. Clic <span style=\"color: #0000ff\"><strong><a style=\"color: #0000ff\" href=\"http:\/\/www.grao.com\/revistes\/guix\/418-escriure-per-aprender-aprendre-per-escriure\" target=\"_blank\" rel=\"noopener\">aqu\u00ed<\/a><\/strong><\/span>.<\/p>\n","protected":false},"excerpt":{"rendered":"<p>Sembla que no hagi passat el temps<\/p>\n","protected":false},"author":557,"featured_media":1185,"comment_status":"open","ping_status":"open","sticky":false,"template":"","format":"standard","meta":{"footnotes":""},"categories":[222,2],"tags":[147],"tipo":[],"class_list":{"0":"post-1184","1":"post","2":"type-post","3":"status-publish","4":"format-standard","5":"has-post-thumbnail","7":"category-diagnostics-organitzatius","8":"category-general","9":"tag-visio-del-mon"},"yoast_head":"<!-- This site is optimized with the Yoast SEO plugin v27.4 - https:\/\/yoast.com\/product\/yoast-seo-wordpress\/ -->\n<title>HUMOR: Curr\u00edculum - L&#039;escola gra\u00f3 a gra\u00f3<\/title>\n<meta name=\"robots\" content=\"index, follow, max-snippet:-1, max-image-preview:large, max-video-preview:-1\" \/>\n<link rel=\"canonical\" href=\"https:\/\/diarieducacio.cat\/grao\/2015\/11\/09\/humor-curriculum\/\" \/>\n<meta property=\"og:locale\" content=\"ca_ES\" \/>\n<meta property=\"og:type\" content=\"article\" \/>\n<meta property=\"og:title\" content=\"HUMOR: Curr\u00edculum - L&#039;escola gra\u00f3 a gra\u00f3\" \/>\n<meta property=\"og:description\" content=\"Sembla que no hagi passat el temps\" \/>\n<meta property=\"og:url\" content=\"https:\/\/diarieducacio.cat\/grao\/2015\/11\/09\/humor-curriculum\/\" \/>\n<meta property=\"og:site_name\" content=\"L&#039;escola gra\u00f3 a gra\u00f3\" \/>\n<meta property=\"article:published_time\" content=\"2015-11-09T17:13:12+00:00\" \/>\n<meta property=\"article:modified_time\" content=\"2024-05-13T16:30:20+00:00\" \/>\n<meta property=\"og:image\" content=\"https:\/\/diarieducacio.cat\/grao\/wp-content\/uploads\/sites\/31\/2015\/11\/Captura.png\" \/>\n\t<meta property=\"og:image:width\" content=\"925\" \/>\n\t<meta property=\"og:image:height\" content=\"264\" \/>\n\t<meta property=\"og:image:type\" content=\"image\/png\" \/>\n<meta name=\"author\" content=\"McGregor, Sempere\" \/>\n<meta name=\"twitter:card\" content=\"summary_large_image\" \/>\n<meta name=\"twitter:label1\" content=\"Escrit per\" \/>\n\t<meta name=\"twitter:data1\" content=\"McGregor, Sempere\" \/>\n<script type=\"application\/ld+json\" class=\"yoast-schema-graph\">{\"@context\":\"https:\\\/\\\/schema.org\",\"@graph\":[{\"@type\":\"Article\",\"@id\":\"https:\\\/\\\/diarieducacio.cat\\\/grao\\\/2015\\\/11\\\/09\\\/humor-curriculum\\\/#article\",\"isPartOf\":{\"@id\":\"https:\\\/\\\/diarieducacio.cat\\\/grao\\\/2015\\\/11\\\/09\\\/humor-curriculum\\\/\"},\"author\":{\"name\":\"McGregor, Sempere\",\"@id\":\"https:\\\/\\\/diarieducacio.cat\\\/grao\\\/#\\\/schema\\\/person\\\/79651fd770d314a439c7723b554dbd56\"},\"headline\":\"HUMOR: Curr\u00edculum\",\"datePublished\":\"2015-11-09T17:13:12+00:00\",\"dateModified\":\"2024-05-13T16:30:20+00:00\",\"mainEntityOfPage\":{\"@id\":\"https:\\\/\\\/diarieducacio.cat\\\/grao\\\/2015\\\/11\\\/09\\\/humor-curriculum\\\/\"},\"wordCount\":17,\"commentCount\":0,\"image\":{\"@id\":\"https:\\\/\\\/diarieducacio.cat\\\/grao\\\/2015\\\/11\\\/09\\\/humor-curriculum\\\/#primaryimage\"},\"thumbnailUrl\":\"https:\\\/\\\/diarieducacio.cat\\\/grao\\\/wp-content\\\/uploads\\\/sites\\\/31\\\/2015\\\/11\\\/Captura.png\",\"keywords\":[\"visi\u00f3 del m\u00f3n\"],\"articleSection\":[\"Diagn\u00f2stics organitzatius\",\"General\"],\"inLanguage\":\"ca\",\"potentialAction\":[{\"@type\":\"CommentAction\",\"name\":\"Comment\",\"target\":[\"https:\\\/\\\/diarieducacio.cat\\\/grao\\\/2015\\\/11\\\/09\\\/humor-curriculum\\\/#respond\"]}]},{\"@type\":\"WebPage\",\"@id\":\"https:\\\/\\\/diarieducacio.cat\\\/grao\\\/2015\\\/11\\\/09\\\/humor-curriculum\\\/\",\"url\":\"https:\\\/\\\/diarieducacio.cat\\\/grao\\\/2015\\\/11\\\/09\\\/humor-curriculum\\\/\",\"name\":\"HUMOR: Curr\u00edculum - L'escola gra\u00f3 a gra\u00f3\",\"isPartOf\":{\"@id\":\"https:\\\/\\\/diarieducacio.cat\\\/grao\\\/#website\"},\"primaryImageOfPage\":{\"@id\":\"https:\\\/\\\/diarieducacio.cat\\\/grao\\\/2015\\\/11\\\/09\\\/humor-curriculum\\\/#primaryimage\"},\"image\":{\"@id\":\"https:\\\/\\\/diarieducacio.cat\\\/grao\\\/2015\\\/11\\\/09\\\/humor-curriculum\\\/#primaryimage\"},\"thumbnailUrl\":\"https:\\\/\\\/diarieducacio.cat\\\/grao\\\/wp-content\\\/uploads\\\/sites\\\/31\\\/2015\\\/11\\\/Captura.png\",\"datePublished\":\"2015-11-09T17:13:12+00:00\",\"dateModified\":\"2024-05-13T16:30:20+00:00\",\"author\":{\"@id\":\"https:\\\/\\\/diarieducacio.cat\\\/grao\\\/#\\\/schema\\\/person\\\/79651fd770d314a439c7723b554dbd56\"},\"breadcrumb\":{\"@id\":\"https:\\\/\\\/diarieducacio.cat\\\/grao\\\/2015\\\/11\\\/09\\\/humor-curriculum\\\/#breadcrumb\"},\"inLanguage\":\"ca\",\"potentialAction\":[{\"@type\":\"ReadAction\",\"target\":[\"https:\\\/\\\/diarieducacio.cat\\\/grao\\\/2015\\\/11\\\/09\\\/humor-curriculum\\\/\"]}]},{\"@type\":\"ImageObject\",\"inLanguage\":\"ca\",\"@id\":\"https:\\\/\\\/diarieducacio.cat\\\/grao\\\/2015\\\/11\\\/09\\\/humor-curriculum\\\/#primaryimage\",\"url\":\"https:\\\/\\\/diarieducacio.cat\\\/grao\\\/wp-content\\\/uploads\\\/sites\\\/31\\\/2015\\\/11\\\/Captura.png\",\"contentUrl\":\"https:\\\/\\\/diarieducacio.cat\\\/grao\\\/wp-content\\\/uploads\\\/sites\\\/31\\\/2015\\\/11\\\/Captura.png\",\"width\":925,\"height\":264},{\"@type\":\"BreadcrumbList\",\"@id\":\"https:\\\/\\\/diarieducacio.cat\\\/grao\\\/2015\\\/11\\\/09\\\/humor-curriculum\\\/#breadcrumb\",\"itemListElement\":[{\"@type\":\"ListItem\",\"position\":1,\"name\":\"Inici\",\"item\":\"https:\\\/\\\/diarieducacio.cat\\\/grao\\\/\"},{\"@type\":\"ListItem\",\"position\":2,\"name\":\"HUMOR: Curr\u00edculum\"}]},{\"@type\":\"WebSite\",\"@id\":\"https:\\\/\\\/diarieducacio.cat\\\/grao\\\/#website\",\"url\":\"https:\\\/\\\/diarieducacio.cat\\\/grao\\\/\",\"name\":\"L'escola gra\u00f3 a gra\u00f3\",\"description\":\"Un blog de El Diari de l&#039;Educaci\u00f3\",\"potentialAction\":[{\"@type\":\"SearchAction\",\"target\":{\"@type\":\"EntryPoint\",\"urlTemplate\":\"https:\\\/\\\/diarieducacio.cat\\\/grao\\\/?s={search_term_string}\"},\"query-input\":{\"@type\":\"PropertyValueSpecification\",\"valueRequired\":true,\"valueName\":\"search_term_string\"}}],\"inLanguage\":\"ca\"},{\"@type\":\"Person\",\"@id\":\"https:\\\/\\\/diarieducacio.cat\\\/grao\\\/#\\\/schema\\\/person\\\/79651fd770d314a439c7723b554dbd56\",\"name\":\"McGregor, Sempere\",\"image\":{\"@type\":\"ImageObject\",\"inLanguage\":\"ca\",\"@id\":\"https:\\\/\\\/secure.gravatar.com\\\/avatar\\\/3614bea0f452114c6c0908ac7a1a360397adab26dbd2fc4ac32e5eca2de816c1?s=96&d=mm&r=g\",\"url\":\"https:\\\/\\\/secure.gravatar.com\\\/avatar\\\/3614bea0f452114c6c0908ac7a1a360397adab26dbd2fc4ac32e5eca2de816c1?s=96&d=mm&r=g\",\"contentUrl\":\"https:\\\/\\\/secure.gravatar.com\\\/avatar\\\/3614bea0f452114c6c0908ac7a1a360397adab26dbd2fc4ac32e5eca2de816c1?s=96&d=mm&r=g\",\"caption\":\"McGregor, Sempere\"},\"url\":\"https:\\\/\\\/diarieducacio.cat\\\/grao\\\/author\\\/samgregor\\\/\"}]}<\/script>\n<!-- \/ Yoast SEO plugin. -->","yoast_head_json":{"title":"HUMOR: Curr\u00edculum - L'escola gra\u00f3 a gra\u00f3","robots":{"index":"index","follow":"follow","max-snippet":"max-snippet:-1","max-image-preview":"max-image-preview:large","max-video-preview":"max-video-preview:-1"},"canonical":"https:\/\/diarieducacio.cat\/grao\/2015\/11\/09\/humor-curriculum\/","og_locale":"ca_ES","og_type":"article","og_title":"HUMOR: Curr\u00edculum - L'escola gra\u00f3 a gra\u00f3","og_description":"Sembla que no hagi passat el temps","og_url":"https:\/\/diarieducacio.cat\/grao\/2015\/11\/09\/humor-curriculum\/","og_site_name":"L'escola gra\u00f3 a gra\u00f3","article_published_time":"2015-11-09T17:13:12+00:00","article_modified_time":"2024-05-13T16:30:20+00:00","og_image":[{"width":925,"height":264,"url":"https:\/\/diarieducacio.cat\/grao\/wp-content\/uploads\/sites\/31\/2015\/11\/Captura.png","type":"image\/png"}],"author":"McGregor, Sempere","twitter_card":"summary_large_image","twitter_misc":{"Escrit per":"McGregor, Sempere"},"schema":{"@context":"https:\/\/schema.org","@graph":[{"@type":"Article","@id":"https:\/\/diarieducacio.cat\/grao\/2015\/11\/09\/humor-curriculum\/#article","isPartOf":{"@id":"https:\/\/diarieducacio.cat\/grao\/2015\/11\/09\/humor-curriculum\/"},"author":{"name":"McGregor, Sempere","@id":"https:\/\/diarieducacio.cat\/grao\/#\/schema\/person\/79651fd770d314a439c7723b554dbd56"},"headline":"HUMOR: Curr\u00edculum","datePublished":"2015-11-09T17:13:12+00:00","dateModified":"2024-05-13T16:30:20+00:00","mainEntityOfPage":{"@id":"https:\/\/diarieducacio.cat\/grao\/2015\/11\/09\/humor-curriculum\/"},"wordCount":17,"commentCount":0,"image":{"@id":"https:\/\/diarieducacio.cat\/grao\/2015\/11\/09\/humor-curriculum\/#primaryimage"},"thumbnailUrl":"https:\/\/diarieducacio.cat\/grao\/wp-content\/uploads\/sites\/31\/2015\/11\/Captura.png","keywords":["visi\u00f3 del m\u00f3n"],"articleSection":["Diagn\u00f2stics organitzatius","General"],"inLanguage":"ca","potentialAction":[{"@type":"CommentAction","name":"Comment","target":["https:\/\/diarieducacio.cat\/grao\/2015\/11\/09\/humor-curriculum\/#respond"]}]},{"@type":"WebPage","@id":"https:\/\/diarieducacio.cat\/grao\/2015\/11\/09\/humor-curriculum\/","url":"https:\/\/diarieducacio.cat\/grao\/2015\/11\/09\/humor-curriculum\/","name":"HUMOR: Curr\u00edculum - L'escola gra\u00f3 a gra\u00f3","isPartOf":{"@id":"https:\/\/diarieducacio.cat\/grao\/#website"},"primaryImageOfPage":{"@id":"https:\/\/diarieducacio.cat\/grao\/2015\/11\/09\/humor-curriculum\/#primaryimage"},"image":{"@id":"https:\/\/diarieducacio.cat\/grao\/2015\/11\/09\/humor-curriculum\/#primaryimage"},"thumbnailUrl":"https:\/\/diarieducacio.cat\/grao\/wp-content\/uploads\/sites\/31\/2015\/11\/Captura.png","datePublished":"2015-11-09T17:13:12+00:00","dateModified":"2024-05-13T16:30:20+00:00","author":{"@id":"https:\/\/diarieducacio.cat\/grao\/#\/schema\/person\/79651fd770d314a439c7723b554dbd56"},"breadcrumb":{"@id":"https:\/\/diarieducacio.cat\/grao\/2015\/11\/09\/humor-curriculum\/#breadcrumb"},"inLanguage":"ca","potentialAction":[{"@type":"ReadAction","target":["https:\/\/diarieducacio.cat\/grao\/2015\/11\/09\/humor-curriculum\/"]}]},{"@type":"ImageObject","inLanguage":"ca","@id":"https:\/\/diarieducacio.cat\/grao\/2015\/11\/09\/humor-curriculum\/#primaryimage","url":"https:\/\/diarieducacio.cat\/grao\/wp-content\/uploads\/sites\/31\/2015\/11\/Captura.png","contentUrl":"https:\/\/diarieducacio.cat\/grao\/wp-content\/uploads\/sites\/31\/2015\/11\/Captura.png","width":925,"height":264},{"@type":"BreadcrumbList","@id":"https:\/\/diarieducacio.cat\/grao\/2015\/11\/09\/humor-curriculum\/#breadcrumb","itemListElement":[{"@type":"ListItem","position":1,"name":"Inici","item":"https:\/\/diarieducacio.cat\/grao\/"},{"@type":"ListItem","position":2,"name":"HUMOR: Curr\u00edculum"}]},{"@type":"WebSite","@id":"https:\/\/diarieducacio.cat\/grao\/#website","url":"https:\/\/diarieducacio.cat\/grao\/","name":"L'escola gra\u00f3 a gra\u00f3","description":"Un blog de El Diari de l&#039;Educaci\u00f3","potentialAction":[{"@type":"SearchAction","target":{"@type":"EntryPoint","urlTemplate":"https:\/\/diarieducacio.cat\/grao\/?s={search_term_string}"},"query-input":{"@type":"PropertyValueSpecification","valueRequired":true,"valueName":"search_term_string"}}],"inLanguage":"ca"},{"@type":"Person","@id":"https:\/\/diarieducacio.cat\/grao\/#\/schema\/person\/79651fd770d314a439c7723b554dbd56","name":"McGregor, Sempere","image":{"@type":"ImageObject","inLanguage":"ca","@id":"https:\/\/secure.gravatar.com\/avatar\/3614bea0f452114c6c0908ac7a1a360397adab26dbd2fc4ac32e5eca2de816c1?s=96&d=mm&r=g","url":"https:\/\/secure.gravatar.com\/avatar\/3614bea0f452114c6c0908ac7a1a360397adab26dbd2fc4ac32e5eca2de816c1?s=96&d=mm&r=g","contentUrl":"https:\/\/secure.gravatar.com\/avatar\/3614bea0f452114c6c0908ac7a1a360397adab26dbd2fc4ac32e5eca2de816c1?s=96&d=mm&r=g","caption":"McGregor, Sempere"},"url":"https:\/\/diarieducacio.cat\/grao\/author\/samgregor\/"}]}},"_links":{"self":[{"href":"https:\/\/diarieducacio.cat\/grao\/wp-json\/wp\/v2\/posts\/1184","targetHints":{"allow":["GET"]}}],"collection":[{"href":"https:\/\/diarieducacio.cat\/grao\/wp-json\/wp\/v2\/posts"}],"about":[{"href":"https:\/\/diarieducacio.cat\/grao\/wp-json\/wp\/v2\/types\/post"}],"author":[{"embeddable":true,"href":"https:\/\/diarieducacio.cat\/grao\/wp-json\/wp\/v2\/users\/557"}],"replies":[{"embeddable":true,"href":"https:\/\/diarieducacio.cat\/grao\/wp-json\/wp\/v2\/comments?post=1184"}],"version-history":[{"count":1,"href":"https:\/\/diarieducacio.cat\/grao\/wp-json\/wp\/v2\/posts\/1184\/revisions"}],"predecessor-version":[{"id":6248,"href":"https:\/\/diarieducacio.cat\/grao\/wp-json\/wp\/v2\/posts\/1184\/revisions\/6248"}],"wp:featuredmedia":[{"embeddable":true,"href":"https:\/\/diarieducacio.cat\/grao\/wp-json\/wp\/v2\/media\/1185"}],"wp:attachment":[{"href":"https:\/\/diarieducacio.cat\/grao\/wp-json\/wp\/v2\/media?parent=1184"}],"wp:term":[{"taxonomy":"category","embeddable":true,"href":"https:\/\/diarieducacio.cat\/grao\/wp-json\/wp\/v2\/categories?post=1184"},{"taxonomy":"post_tag","embeddable":true,"href":"https:\/\/diarieducacio.cat\/grao\/wp-json\/wp\/v2\/tags?post=1184"},{"taxonomy":"tipo","embeddable":true,"href":"https:\/\/diarieducacio.cat\/grao\/wp-json\/wp\/v2\/tipo?post=1184"}],"curies":[{"name":"wp","href":"https:\/\/api.w.org\/{rel}","templated":true}]}}