{"id":1191,"date":"2015-11-17T19:22:25","date_gmt":"2015-11-17T19:22:25","guid":{"rendered":"https:\/\/diarieducacio.cat\/grao\/?p=1191"},"modified":"2024-05-13T18:30:20","modified_gmt":"2024-05-13T16:30:20","slug":"pensaments-deducacio-distancia","status":"publish","type":"post","link":"https:\/\/diarieducacio.cat\/grao\/2015\/11\/17\/pensaments-deducacio-distancia\/","title":{"rendered":"Pensaments d&#8217;educaci\u00f3: Dist\u00e0ncia"},"content":{"rendered":"<blockquote><p>Els formadors formen els seus educats com els oceans els continents, retirant-se. (H\u00f6lderlin)<\/p><\/blockquote>\n<p>Potser l\u2019art de l\u2019educaci\u00f3 rau en l\u2019art de la dist\u00e0ncia. En l\u2019habilitat i el do de mantenir sempre la dist\u00e0ncia justa que demana cada moment, cada circumst\u00e0ncia. La dist\u00e0ncia entre la persona adulta i l\u2019infant, entre dos \u00e9ssers que seran sempre l\u2019un estrany per a l\u2019altre. La relaci\u00f3 que mantenim entre tots dos no deixa de ser com un fil invisible i el\u00e0stic que ens mant\u00e9 units i que ens allunya i que ens apropa cada dia, a cada gest.<\/p>\n<p><strong>Estar pendent de l\u2019altre vol dir acompanyar-lo, caminar tot just al seu costat, ni davant, ni darrere, simplement al costat, prou a prop per compartir una mirada, una paraula, un gest o obrir l\u2019esperan\u00e7a d\u2019una conversa, per\u00f2 prou separats per no destorbar-li el pas. <\/strong><\/p>\n<p>Mantenir la dist\u00e0ncia amb l\u2019altre vol dir respectar la seva intimitat, la seva soledat, el seu sentir i el seu \u00e9sser, per\u00f2 permetre que, quan giri la mirada en els moments en qu\u00e8 se senti perdut o desvalgut, trobi la meva pres\u00e8ncia. Fer el just, no m\u00e9s, per tal que l\u2019altre sigui ell mateix sense deure res a ning\u00fa.<\/p>\n<p>Cal permetre que l\u2019altre s\u2019agomboli, si \u00e9s\u00a0que vol, al meu \u00e9sser, al meu caminar, al meu testimoni, per tal que pugui fer-se ell mateix, perqu\u00e8, en el fons, educar \u00e9s un verb reflexiu. Ning\u00fa educa un altre, sin\u00f3 que el que fem \u00e9s permetre, amb la nostra pres\u00e8ncia, que cadasc\u00fa s\u2019eduqui ell mateix, i nom\u00e9s ho podr\u00e0 fer si troba, en la justa dist\u00e0ncia, un pas parell al seu. <strong>Aix\u00ed hem crescut, trobant, a cada instant de la nostra vida, alg\u00fa que, amb la seva pres\u00e8ncia i la seva dist\u00e0ncia, ens ha perm\u00e8s fer un pas m\u00e9s, un petit o gran aven\u00e7. <\/strong><\/p>\n<p>El protagonisme del mestre a l\u2019aula \u00e9s un mal company, perqu\u00e8, d\u2019alguna manera, vol dir que aquest es posa al davant de l\u2019infant, trenca aquesta dist\u00e0ncia impossible de definir que permet que sigui l\u2019alumne qui creixi i sigui. Amagarse\u2019n, desentendre-se\u2019n, ser a l\u2019altre extrem significa un allunyament que no permet acomboiar, que desempara la fragilitat de l\u2019infant.<\/p>\n<blockquote><p>L\u2019escola no \u00e9s ni un m\u00f3n de gent gran infantilitzat, ni un m\u00f3n d\u2019infants que juguen a ser grans.<\/p><\/blockquote>\n<p>Ni murs insalvables tenyits de falsa autoritat, ni col\u00b7legues simp\u00e0tics que tot ho compartim. Tan sols persones adultes atentes i disponibles.<\/p>\n<p>L\u2019interval de temps entre dues coses ens remet a l\u2019espera. Hi ha tanta dist\u00e0ncia de temps viscut entre un infant i una persona adulta que la trobada sembla impossible. Aquesta \u00e9s una de les m\u00e0gies de l\u2019escola: veure com la gent gran treballa per salvar aquesta immensa dist\u00e0ncia, per reduir-la de tal manera que faci que all\u00f2 que s\u2019esdev\u00e9 a l\u2019aula tingui la proporci\u00f3 justa entre l\u2019infant en creixement i la persona adulta que est\u00e0 al seu servei. L\u2019escola no \u00e9s ni un m\u00f3n de gent gran infantilitzat, ni un m\u00f3n d\u2019infants que juguen a ser grans.<\/p>\n<p>Com Tales, un joc de proporcions, on <strong>cada \u00e9sser est\u00e0 absolutament relacionat amb l\u2019altre<\/strong>, on el creixement de l\u2019un \u00e9s tamb\u00e9 i inevitablement el creixement de l\u2019altre, on la p\u00e8rdua ho \u00e9s de tots dos.\u00a0Moure\u2019ns de trast en trast com els dits del m\u00fasic, amb la delicadesa necess\u00e0ria per permetre que aquesta possibilitat tan fr\u00e0gil que \u00e9s educar-se es pugui donar a recer nostre.<\/p>\n<p>Res m\u00e9s que un joc de dist\u00e0ncies.<\/p>\n<p><strong>Font:<\/strong> Revista Guix n. 418. Clic <span style=\"color: #0000ff\"><strong><a style=\"color: #0000ff\" href=\"http:\/\/www.grao.com\/revistes\/guix\/418-escriure-per-aprender-aprendre-per-escriure\" target=\"_blank\" rel=\"noopener\">aqu\u00ed<\/a><\/strong><\/span>.<\/p>\n","protected":false},"excerpt":{"rendered":"<p>Potser l\u2019art de l\u2019educaci\u00f3 rau en l\u2019art de la dist\u00e0ncia. En l\u2019habilitat i el do de mantenir sempre la dist\u00e0ncia justa que demana cada moment, cada circumst\u00e0ncia&#8230;<\/p>\n","protected":false},"author":560,"featured_media":1192,"comment_status":"open","ping_status":"open","sticky":false,"template":"","format":"standard","meta":{"footnotes":""},"categories":[101,198,251,123,155],"tags":[98,116,99,144],"tipo":[],"class_list":{"0":"post-1191","1":"post","2":"type-post","3":"status-publish","4":"format-standard","5":"has-post-thumbnail","7":"category-desenvolupament-personal","8":"category-desenvolupament-professional","9":"category-educacio-afectivaemocional","10":"category-evolucio-i-maduracio","11":"category-funcio-social-de-lensenyament","12":"tag-benestar-del-professorat","13":"tag-benestar-personal","14":"tag-creixement-huma","15":"tag-interpretacions"},"yoast_head":"<!-- This site is optimized with the Yoast SEO plugin v27.5 - https:\/\/yoast.com\/product\/yoast-seo-wordpress\/ -->\n<title>Pensaments d&#039;educaci\u00f3: Dist\u00e0ncia - L&#039;escola gra\u00f3 a gra\u00f3<\/title>\n<meta name=\"robots\" content=\"index, follow, max-snippet:-1, max-image-preview:large, max-video-preview:-1\" \/>\n<link rel=\"canonical\" href=\"https:\/\/diarieducacio.cat\/grao\/2015\/11\/17\/pensaments-deducacio-distancia\/\" \/>\n<meta property=\"og:locale\" content=\"ca_ES\" \/>\n<meta property=\"og:type\" content=\"article\" \/>\n<meta property=\"og:title\" content=\"Pensaments d&#039;educaci\u00f3: Dist\u00e0ncia - L&#039;escola gra\u00f3 a gra\u00f3\" \/>\n<meta property=\"og:description\" content=\"Potser l\u2019art de l\u2019educaci\u00f3 rau en l\u2019art de la dist\u00e0ncia. En l\u2019habilitat i el do de mantenir sempre la dist\u00e0ncia justa que demana cada moment, cada circumst\u00e0ncia...\" \/>\n<meta property=\"og:url\" content=\"https:\/\/diarieducacio.cat\/grao\/2015\/11\/17\/pensaments-deducacio-distancia\/\" \/>\n<meta property=\"og:site_name\" content=\"L&#039;escola gra\u00f3 a gra\u00f3\" \/>\n<meta property=\"article:published_time\" content=\"2015-11-17T19:22:25+00:00\" \/>\n<meta property=\"article:modified_time\" content=\"2024-05-13T16:30:20+00:00\" \/>\n<meta property=\"og:image\" content=\"https:\/\/diarieducacio.cat\/grao\/wp-content\/uploads\/sites\/31\/2015\/11\/GU41822.jpg\" \/>\n\t<meta property=\"og:image:width\" content=\"50\" \/>\n\t<meta property=\"og:image:height\" content=\"160\" \/>\n\t<meta property=\"og:image:type\" content=\"image\/jpeg\" \/>\n<meta name=\"author\" content=\"Jordi Canelles\" \/>\n<meta name=\"twitter:card\" content=\"summary_large_image\" \/>\n<meta name=\"twitter:label1\" content=\"Escrit per\" \/>\n\t<meta name=\"twitter:data1\" content=\"Jordi Canelles\" \/>\n\t<meta name=\"twitter:label2\" content=\"Temps estimat de lectura\" \/>\n\t<meta name=\"twitter:data2\" content=\"3 minuts\" \/>\n<script type=\"application\/ld+json\" class=\"yoast-schema-graph\">{\"@context\":\"https:\\\/\\\/schema.org\",\"@graph\":[{\"@type\":\"Article\",\"@id\":\"https:\\\/\\\/diarieducacio.cat\\\/grao\\\/2015\\\/11\\\/17\\\/pensaments-deducacio-distancia\\\/#article\",\"isPartOf\":{\"@id\":\"https:\\\/\\\/diarieducacio.cat\\\/grao\\\/2015\\\/11\\\/17\\\/pensaments-deducacio-distancia\\\/\"},\"author\":{\"name\":\"Jordi Canelles\",\"@id\":\"https:\\\/\\\/diarieducacio.cat\\\/grao\\\/#\\\/schema\\\/person\\\/b79674b6daf0767fc97b6547b51ac971\"},\"headline\":\"Pensaments d&#8217;educaci\u00f3: Dist\u00e0ncia\",\"datePublished\":\"2015-11-17T19:22:25+00:00\",\"dateModified\":\"2024-05-13T16:30:20+00:00\",\"mainEntityOfPage\":{\"@id\":\"https:\\\/\\\/diarieducacio.cat\\\/grao\\\/2015\\\/11\\\/17\\\/pensaments-deducacio-distancia\\\/\"},\"wordCount\":646,\"commentCount\":0,\"image\":{\"@id\":\"https:\\\/\\\/diarieducacio.cat\\\/grao\\\/2015\\\/11\\\/17\\\/pensaments-deducacio-distancia\\\/#primaryimage\"},\"thumbnailUrl\":\"https:\\\/\\\/diarieducacio.cat\\\/grao\\\/wp-content\\\/uploads\\\/sites\\\/31\\\/2015\\\/11\\\/GU41822.jpg\",\"keywords\":[\"benestar del professorat\",\"benestar personal\",\"creixement hum\u00e0\",\"Interpretacions\"],\"articleSection\":[\"Desenvolupament Personal\",\"Desenvolupament professional\",\"Educaci\u00f3 afectiva\\\/emocional\",\"Evoluci\u00f3 i Maduraci\u00f3\",\"Funci\u00f3 social de l'ensenyament\"],\"inLanguage\":\"ca\",\"potentialAction\":[{\"@type\":\"CommentAction\",\"name\":\"Comment\",\"target\":[\"https:\\\/\\\/diarieducacio.cat\\\/grao\\\/2015\\\/11\\\/17\\\/pensaments-deducacio-distancia\\\/#respond\"]}]},{\"@type\":\"WebPage\",\"@id\":\"https:\\\/\\\/diarieducacio.cat\\\/grao\\\/2015\\\/11\\\/17\\\/pensaments-deducacio-distancia\\\/\",\"url\":\"https:\\\/\\\/diarieducacio.cat\\\/grao\\\/2015\\\/11\\\/17\\\/pensaments-deducacio-distancia\\\/\",\"name\":\"Pensaments d'educaci\u00f3: Dist\u00e0ncia - L'escola gra\u00f3 a gra\u00f3\",\"isPartOf\":{\"@id\":\"https:\\\/\\\/diarieducacio.cat\\\/grao\\\/#website\"},\"primaryImageOfPage\":{\"@id\":\"https:\\\/\\\/diarieducacio.cat\\\/grao\\\/2015\\\/11\\\/17\\\/pensaments-deducacio-distancia\\\/#primaryimage\"},\"image\":{\"@id\":\"https:\\\/\\\/diarieducacio.cat\\\/grao\\\/2015\\\/11\\\/17\\\/pensaments-deducacio-distancia\\\/#primaryimage\"},\"thumbnailUrl\":\"https:\\\/\\\/diarieducacio.cat\\\/grao\\\/wp-content\\\/uploads\\\/sites\\\/31\\\/2015\\\/11\\\/GU41822.jpg\",\"datePublished\":\"2015-11-17T19:22:25+00:00\",\"dateModified\":\"2024-05-13T16:30:20+00:00\",\"author\":{\"@id\":\"https:\\\/\\\/diarieducacio.cat\\\/grao\\\/#\\\/schema\\\/person\\\/b79674b6daf0767fc97b6547b51ac971\"},\"breadcrumb\":{\"@id\":\"https:\\\/\\\/diarieducacio.cat\\\/grao\\\/2015\\\/11\\\/17\\\/pensaments-deducacio-distancia\\\/#breadcrumb\"},\"inLanguage\":\"ca\",\"potentialAction\":[{\"@type\":\"ReadAction\",\"target\":[\"https:\\\/\\\/diarieducacio.cat\\\/grao\\\/2015\\\/11\\\/17\\\/pensaments-deducacio-distancia\\\/\"]}]},{\"@type\":\"ImageObject\",\"inLanguage\":\"ca\",\"@id\":\"https:\\\/\\\/diarieducacio.cat\\\/grao\\\/2015\\\/11\\\/17\\\/pensaments-deducacio-distancia\\\/#primaryimage\",\"url\":\"https:\\\/\\\/diarieducacio.cat\\\/grao\\\/wp-content\\\/uploads\\\/sites\\\/31\\\/2015\\\/11\\\/GU41822.jpg\",\"contentUrl\":\"https:\\\/\\\/diarieducacio.cat\\\/grao\\\/wp-content\\\/uploads\\\/sites\\\/31\\\/2015\\\/11\\\/GU41822.jpg\",\"width\":50,\"height\":160},{\"@type\":\"BreadcrumbList\",\"@id\":\"https:\\\/\\\/diarieducacio.cat\\\/grao\\\/2015\\\/11\\\/17\\\/pensaments-deducacio-distancia\\\/#breadcrumb\",\"itemListElement\":[{\"@type\":\"ListItem\",\"position\":1,\"name\":\"Inici\",\"item\":\"https:\\\/\\\/diarieducacio.cat\\\/grao\\\/\"},{\"@type\":\"ListItem\",\"position\":2,\"name\":\"Pensaments d&#8217;educaci\u00f3: Dist\u00e0ncia\"}]},{\"@type\":\"WebSite\",\"@id\":\"https:\\\/\\\/diarieducacio.cat\\\/grao\\\/#website\",\"url\":\"https:\\\/\\\/diarieducacio.cat\\\/grao\\\/\",\"name\":\"L'escola gra\u00f3 a gra\u00f3\",\"description\":\"Un blog de El Diari de l&#039;Educaci\u00f3\",\"potentialAction\":[{\"@type\":\"SearchAction\",\"target\":{\"@type\":\"EntryPoint\",\"urlTemplate\":\"https:\\\/\\\/diarieducacio.cat\\\/grao\\\/?s={search_term_string}\"},\"query-input\":{\"@type\":\"PropertyValueSpecification\",\"valueRequired\":true,\"valueName\":\"search_term_string\"}}],\"inLanguage\":\"ca\"},{\"@type\":\"Person\",\"@id\":\"https:\\\/\\\/diarieducacio.cat\\\/grao\\\/#\\\/schema\\\/person\\\/b79674b6daf0767fc97b6547b51ac971\",\"name\":\"Jordi Canelles\",\"image\":{\"@type\":\"ImageObject\",\"inLanguage\":\"ca\",\"@id\":\"https:\\\/\\\/secure.gravatar.com\\\/avatar\\\/dc39e23c86ad048c512e8aea87582285b310ae9699b0e11be4c1e4d6cb509d76?s=96&d=mm&r=g\",\"url\":\"https:\\\/\\\/secure.gravatar.com\\\/avatar\\\/dc39e23c86ad048c512e8aea87582285b310ae9699b0e11be4c1e4d6cb509d76?s=96&d=mm&r=g\",\"contentUrl\":\"https:\\\/\\\/secure.gravatar.com\\\/avatar\\\/dc39e23c86ad048c512e8aea87582285b310ae9699b0e11be4c1e4d6cb509d76?s=96&d=mm&r=g\",\"caption\":\"Jordi Canelles\"},\"url\":\"https:\\\/\\\/diarieducacio.cat\\\/grao\\\/author\\\/jcanelles\\\/\"}]}<\/script>\n<!-- \/ Yoast SEO plugin. -->","yoast_head_json":{"title":"Pensaments d'educaci\u00f3: Dist\u00e0ncia - L'escola gra\u00f3 a gra\u00f3","robots":{"index":"index","follow":"follow","max-snippet":"max-snippet:-1","max-image-preview":"max-image-preview:large","max-video-preview":"max-video-preview:-1"},"canonical":"https:\/\/diarieducacio.cat\/grao\/2015\/11\/17\/pensaments-deducacio-distancia\/","og_locale":"ca_ES","og_type":"article","og_title":"Pensaments d'educaci\u00f3: Dist\u00e0ncia - L'escola gra\u00f3 a gra\u00f3","og_description":"Potser l\u2019art de l\u2019educaci\u00f3 rau en l\u2019art de la dist\u00e0ncia. En l\u2019habilitat i el do de mantenir sempre la dist\u00e0ncia justa que demana cada moment, cada circumst\u00e0ncia...","og_url":"https:\/\/diarieducacio.cat\/grao\/2015\/11\/17\/pensaments-deducacio-distancia\/","og_site_name":"L'escola gra\u00f3 a gra\u00f3","article_published_time":"2015-11-17T19:22:25+00:00","article_modified_time":"2024-05-13T16:30:20+00:00","og_image":[{"width":50,"height":160,"url":"https:\/\/diarieducacio.cat\/grao\/wp-content\/uploads\/sites\/31\/2015\/11\/GU41822.jpg","type":"image\/jpeg"}],"author":"Jordi Canelles","twitter_card":"summary_large_image","twitter_misc":{"Escrit per":"Jordi Canelles","Temps estimat de lectura":"3 minuts"},"schema":{"@context":"https:\/\/schema.org","@graph":[{"@type":"Article","@id":"https:\/\/diarieducacio.cat\/grao\/2015\/11\/17\/pensaments-deducacio-distancia\/#article","isPartOf":{"@id":"https:\/\/diarieducacio.cat\/grao\/2015\/11\/17\/pensaments-deducacio-distancia\/"},"author":{"name":"Jordi Canelles","@id":"https:\/\/diarieducacio.cat\/grao\/#\/schema\/person\/b79674b6daf0767fc97b6547b51ac971"},"headline":"Pensaments d&#8217;educaci\u00f3: Dist\u00e0ncia","datePublished":"2015-11-17T19:22:25+00:00","dateModified":"2024-05-13T16:30:20+00:00","mainEntityOfPage":{"@id":"https:\/\/diarieducacio.cat\/grao\/2015\/11\/17\/pensaments-deducacio-distancia\/"},"wordCount":646,"commentCount":0,"image":{"@id":"https:\/\/diarieducacio.cat\/grao\/2015\/11\/17\/pensaments-deducacio-distancia\/#primaryimage"},"thumbnailUrl":"https:\/\/diarieducacio.cat\/grao\/wp-content\/uploads\/sites\/31\/2015\/11\/GU41822.jpg","keywords":["benestar del professorat","benestar personal","creixement hum\u00e0","Interpretacions"],"articleSection":["Desenvolupament Personal","Desenvolupament professional","Educaci\u00f3 afectiva\/emocional","Evoluci\u00f3 i Maduraci\u00f3","Funci\u00f3 social de l'ensenyament"],"inLanguage":"ca","potentialAction":[{"@type":"CommentAction","name":"Comment","target":["https:\/\/diarieducacio.cat\/grao\/2015\/11\/17\/pensaments-deducacio-distancia\/#respond"]}]},{"@type":"WebPage","@id":"https:\/\/diarieducacio.cat\/grao\/2015\/11\/17\/pensaments-deducacio-distancia\/","url":"https:\/\/diarieducacio.cat\/grao\/2015\/11\/17\/pensaments-deducacio-distancia\/","name":"Pensaments d'educaci\u00f3: Dist\u00e0ncia - L'escola gra\u00f3 a gra\u00f3","isPartOf":{"@id":"https:\/\/diarieducacio.cat\/grao\/#website"},"primaryImageOfPage":{"@id":"https:\/\/diarieducacio.cat\/grao\/2015\/11\/17\/pensaments-deducacio-distancia\/#primaryimage"},"image":{"@id":"https:\/\/diarieducacio.cat\/grao\/2015\/11\/17\/pensaments-deducacio-distancia\/#primaryimage"},"thumbnailUrl":"https:\/\/diarieducacio.cat\/grao\/wp-content\/uploads\/sites\/31\/2015\/11\/GU41822.jpg","datePublished":"2015-11-17T19:22:25+00:00","dateModified":"2024-05-13T16:30:20+00:00","author":{"@id":"https:\/\/diarieducacio.cat\/grao\/#\/schema\/person\/b79674b6daf0767fc97b6547b51ac971"},"breadcrumb":{"@id":"https:\/\/diarieducacio.cat\/grao\/2015\/11\/17\/pensaments-deducacio-distancia\/#breadcrumb"},"inLanguage":"ca","potentialAction":[{"@type":"ReadAction","target":["https:\/\/diarieducacio.cat\/grao\/2015\/11\/17\/pensaments-deducacio-distancia\/"]}]},{"@type":"ImageObject","inLanguage":"ca","@id":"https:\/\/diarieducacio.cat\/grao\/2015\/11\/17\/pensaments-deducacio-distancia\/#primaryimage","url":"https:\/\/diarieducacio.cat\/grao\/wp-content\/uploads\/sites\/31\/2015\/11\/GU41822.jpg","contentUrl":"https:\/\/diarieducacio.cat\/grao\/wp-content\/uploads\/sites\/31\/2015\/11\/GU41822.jpg","width":50,"height":160},{"@type":"BreadcrumbList","@id":"https:\/\/diarieducacio.cat\/grao\/2015\/11\/17\/pensaments-deducacio-distancia\/#breadcrumb","itemListElement":[{"@type":"ListItem","position":1,"name":"Inici","item":"https:\/\/diarieducacio.cat\/grao\/"},{"@type":"ListItem","position":2,"name":"Pensaments d&#8217;educaci\u00f3: Dist\u00e0ncia"}]},{"@type":"WebSite","@id":"https:\/\/diarieducacio.cat\/grao\/#website","url":"https:\/\/diarieducacio.cat\/grao\/","name":"L'escola gra\u00f3 a gra\u00f3","description":"Un blog de El Diari de l&#039;Educaci\u00f3","potentialAction":[{"@type":"SearchAction","target":{"@type":"EntryPoint","urlTemplate":"https:\/\/diarieducacio.cat\/grao\/?s={search_term_string}"},"query-input":{"@type":"PropertyValueSpecification","valueRequired":true,"valueName":"search_term_string"}}],"inLanguage":"ca"},{"@type":"Person","@id":"https:\/\/diarieducacio.cat\/grao\/#\/schema\/person\/b79674b6daf0767fc97b6547b51ac971","name":"Jordi Canelles","image":{"@type":"ImageObject","inLanguage":"ca","@id":"https:\/\/secure.gravatar.com\/avatar\/dc39e23c86ad048c512e8aea87582285b310ae9699b0e11be4c1e4d6cb509d76?s=96&d=mm&r=g","url":"https:\/\/secure.gravatar.com\/avatar\/dc39e23c86ad048c512e8aea87582285b310ae9699b0e11be4c1e4d6cb509d76?s=96&d=mm&r=g","contentUrl":"https:\/\/secure.gravatar.com\/avatar\/dc39e23c86ad048c512e8aea87582285b310ae9699b0e11be4c1e4d6cb509d76?s=96&d=mm&r=g","caption":"Jordi Canelles"},"url":"https:\/\/diarieducacio.cat\/grao\/author\/jcanelles\/"}]}},"_links":{"self":[{"href":"https:\/\/diarieducacio.cat\/grao\/wp-json\/wp\/v2\/posts\/1191","targetHints":{"allow":["GET"]}}],"collection":[{"href":"https:\/\/diarieducacio.cat\/grao\/wp-json\/wp\/v2\/posts"}],"about":[{"href":"https:\/\/diarieducacio.cat\/grao\/wp-json\/wp\/v2\/types\/post"}],"author":[{"embeddable":true,"href":"https:\/\/diarieducacio.cat\/grao\/wp-json\/wp\/v2\/users\/560"}],"replies":[{"embeddable":true,"href":"https:\/\/diarieducacio.cat\/grao\/wp-json\/wp\/v2\/comments?post=1191"}],"version-history":[{"count":1,"href":"https:\/\/diarieducacio.cat\/grao\/wp-json\/wp\/v2\/posts\/1191\/revisions"}],"predecessor-version":[{"id":6249,"href":"https:\/\/diarieducacio.cat\/grao\/wp-json\/wp\/v2\/posts\/1191\/revisions\/6249"}],"wp:featuredmedia":[{"embeddable":true,"href":"https:\/\/diarieducacio.cat\/grao\/wp-json\/wp\/v2\/media\/1192"}],"wp:attachment":[{"href":"https:\/\/diarieducacio.cat\/grao\/wp-json\/wp\/v2\/media?parent=1191"}],"wp:term":[{"taxonomy":"category","embeddable":true,"href":"https:\/\/diarieducacio.cat\/grao\/wp-json\/wp\/v2\/categories?post=1191"},{"taxonomy":"post_tag","embeddable":true,"href":"https:\/\/diarieducacio.cat\/grao\/wp-json\/wp\/v2\/tags?post=1191"},{"taxonomy":"tipo","embeddable":true,"href":"https:\/\/diarieducacio.cat\/grao\/wp-json\/wp\/v2\/tipo?post=1191"}],"curies":[{"name":"wp","href":"https:\/\/api.w.org\/{rel}","templated":true}]}}