{"id":1206,"date":"2015-12-15T16:09:43","date_gmt":"2015-12-15T16:09:43","guid":{"rendered":"https:\/\/diarieducacio.cat\/grao\/?p=1206"},"modified":"2024-05-13T18:30:20","modified_gmt":"2024-05-13T16:30:20","slug":"per-una-relacio-diferent-entre-educacio-i-temps","status":"publish","type":"post","link":"https:\/\/diarieducacio.cat\/grao\/2015\/12\/15\/per-una-relacio-diferent-entre-educacio-i-temps\/","title":{"rendered":"Per una relaci\u00f3 diferent entre educaci\u00f3 i temps"},"content":{"rendered":"<p>La idea que l\u2019educaci\u00f3 ha de durar tota la vida es\u00a0contradiu di\u00e0riament amb aquesta noci\u00f3 de velocitat vertiginosa\u00a0i de caducitat dels aprenentatges.\u00a0El cl\u00e0ssic debat sobre\u00a0la definici\u00f3 dels aprenentatges b\u00e0sics, dif\u00edcilment prescindibles,\u00a0torna a ser actual en un moment en el qual no sabem\u00a0quins seran els coneixements concrets que necessitar\u00e0 el nostre\u00a0alumnat a la societat del dem\u00e0.<\/p>\n<p><strong>Qu\u00e8 \u00e9s el que realment hem de prioritzar a l\u2019educaci\u00f3?\u00a0<\/strong>Aquesta \u00e9s una pregunta rellevant en l\u2019estat actual del sistema\u00a0pedag\u00f2gic. I la resposta est\u00e0 vinculada al fet que sapiguem\u00a0repensar la relaci\u00f3 entre temps i escola atenent totes les dimensions. <strong>Les finalitats canvien\u00a0a mesura que els processos educatius tamb\u00e9 ho fan, i l\u2019acci\u00f3\u00a0docent ha d\u2019estar oberta a aquesta flexibilitat i provisionalitat.<\/strong>\u00a0Una actuaci\u00f3 intel\u00b7ligent es basar\u00e0 en aquesta flexibilitat i versatilitat\u00a0de les intencions educatives com a manera d\u2019orientar-se\u00a0en un m\u00f3n incert, canviant i ca\u00f2tic (Bauman, 2007).<\/p>\n<blockquote><p>Tanmateix, la societat\u00a0avan\u00e7a molt r\u00e0pidament i, avui, la realitat de les llars ja no\u00a0\u00e9s la mateixa que la del segle passat.<\/p><\/blockquote>\n<p>A les fam\u00edlies, els passa el mateix. La desorientaci\u00f3 a la\u00a0qual s\u2019enfronten pel que fa a l\u2019educaci\u00f3 dels seus fills i filles \u00e9s\u00a0molt gran. Volen el millor per a ells i elles, per\u00f2 es mouen\u00a0entre els mateixos esquemes que potser els van servir quan\u00a0tenien la seva edat. O responen a les pressions i als valors\u00a0imperants en sectors de la societat, amb la qual cosa transmeten\u00a0m\u00e9s pressi\u00f3 sobre les seves criatures. Tanmateix, la societat\u00a0avan\u00e7a molt r\u00e0pidament i, avui, la realitat de les llars ja no\u00a0\u00e9s la mateixa que la del segle passat. Els requeriments socials\u00a0i laborals ja s\u00f3n coneguts a bastament per les fam\u00edlies per tal\u00a0que puguin valorar unes altres q\u00fcestions diferents de les que\u00a0eren valorades pels seus pares i mares.<\/p>\n<p><strong>No hi ha un temps per a tot.<\/strong> Hi ha un sol temps i prou.\u00a0Per tant, \u00e9s molt important que siguem conscients de les decisions\u00a0que prenem en relaci\u00f3 amb les que seran les nostres\u00a0ocupacions priorit\u00e0ries.<\/p>\n<blockquote><p>Alhora, el\u00a0temps tamb\u00e9 passa, el present es converteix en passat i, sovint,\u00a0projectem les nostres esperances en el futur.<\/p><\/blockquote>\n<p>L\u2019Administraci\u00f3, les fam\u00edlies, el professorat o els mateixos\u00a0infants tenen i mantenen expectatives diferents. Per als uns, el\u00a0temps ha d\u2019estar regulat; per als altres, ocupat, i potser <strong>les\u00a0criatures volen estar lliures de qualsevol horari<\/strong>. Alhora, el\u00a0temps tamb\u00e9 passa, el present es converteix en passat i, sovint,\u00a0projectem les nostres esperances en el futur. Amb tot, de vegades,\u00a0nosaltres seguim amb el mateix discurs, amb les mateixes\u00a0consignes, com el fanaler del planeta del petit pr\u00edncep.<\/p>\n<p>Aquestes manifestacions diverses de les hores a l\u2019escola\u00a0ens donen una visi\u00f3 de la import\u00e0ncia d\u2019aquest concepte si\u00a0volem abordar una millora en el funcionament i en els resultats\u00a0de l\u2019educaci\u00f3. No es tracta, com hem vist, nom\u00e9s de reduir\u00a0la velocitat, sin\u00f3 tamb\u00e9 de plantejar una relaci\u00f3 diferent entre\u00a0l\u2019espai docent i el temps que s\u2019hi destina.<\/p>\n<p><strong>FONT:<\/strong> Joan Dom\u00e8nech Francesch (2009). <em>Elogi de\u00a0l&#8217;educaci\u00f3 lenta.<\/em> Editorial Gra\u00f3 (<span style=\"color: #0000ff\"><strong><a style=\"color: #0000ff\" href=\"http:\/\/bit.ly\/16v7rqA\" target=\"_blank\" rel=\"noopener\">clic aqu\u00ed<\/a><\/strong><\/span>).<\/p>\n","protected":false},"excerpt":{"rendered":"<p>La societat accelerada ens aboca a una educaci\u00f3 la finalitat de\u00a0la qual sembla que desaparegui enmig d\u2019una quantitat incommensurable de continguts que mai no podrem acabar\u00a0d\u2019assimilar.<\/p>\n","protected":false},"author":8,"featured_media":592,"comment_status":"open","ping_status":"open","sticky":false,"template":"","format":"standard","meta":{"footnotes":""},"categories":[222,187,115],"tags":[162,132,199,232,147],"tipo":[],"class_list":{"0":"post-1206","1":"post","2":"type-post","3":"status-publish","4":"format-standard","5":"has-post-thumbnail","7":"category-diagnostics-organitzatius","8":"category-familia-i-educacio","9":"category-reflexio","10":"tag-educacio-lenta","11":"tag-educar","12":"tag-escola","13":"tag-familia","14":"tag-visio-del-mon"},"yoast_head":"<!-- This site is optimized with the Yoast SEO plugin v27.5 - https:\/\/yoast.com\/product\/yoast-seo-wordpress\/ -->\n<title>Per una relaci\u00f3 diferent entre educaci\u00f3 i temps - L&#039;escola gra\u00f3 a gra\u00f3<\/title>\n<meta name=\"robots\" content=\"index, follow, max-snippet:-1, max-image-preview:large, max-video-preview:-1\" \/>\n<link rel=\"canonical\" href=\"https:\/\/diarieducacio.cat\/grao\/2015\/12\/15\/per-una-relacio-diferent-entre-educacio-i-temps\/\" \/>\n<meta property=\"og:locale\" content=\"ca_ES\" \/>\n<meta property=\"og:type\" content=\"article\" \/>\n<meta property=\"og:title\" content=\"Per una relaci\u00f3 diferent entre educaci\u00f3 i temps - L&#039;escola gra\u00f3 a gra\u00f3\" \/>\n<meta property=\"og:description\" content=\"La societat accelerada ens aboca a una educaci\u00f3 la finalitat de\u00a0la qual sembla que desaparegui enmig d\u2019una quantitat incommensurable de continguts que mai no podrem acabar\u00a0d\u2019assimilar.\" \/>\n<meta property=\"og:url\" content=\"https:\/\/diarieducacio.cat\/grao\/2015\/12\/15\/per-una-relacio-diferent-entre-educacio-i-temps\/\" \/>\n<meta property=\"og:site_name\" content=\"L&#039;escola gra\u00f3 a gra\u00f3\" \/>\n<meta property=\"article:published_time\" content=\"2015-12-15T16:09:43+00:00\" \/>\n<meta property=\"article:modified_time\" content=\"2024-05-13T16:30:20+00:00\" \/>\n<meta property=\"og:image\" content=\"https:\/\/diarieducacio.cat\/grao\/wp-content\/uploads\/sites\/31\/2014\/12\/perte-de-temps.jpg\" \/>\n\t<meta property=\"og:image:width\" content=\"401\" \/>\n\t<meta property=\"og:image:height\" content=\"267\" \/>\n\t<meta property=\"og:image:type\" content=\"image\/jpeg\" \/>\n<meta name=\"author\" content=\"Joan Dom\u00e8nech\" \/>\n<meta name=\"twitter:card\" content=\"summary_large_image\" \/>\n<meta name=\"twitter:label1\" content=\"Escrit per\" \/>\n\t<meta name=\"twitter:data1\" content=\"Joan Dom\u00e8nech\" \/>\n\t<meta name=\"twitter:label2\" content=\"Temps estimat de lectura\" \/>\n\t<meta name=\"twitter:data2\" content=\"3 minuts\" \/>\n<script type=\"application\/ld+json\" class=\"yoast-schema-graph\">{\"@context\":\"https:\\\/\\\/schema.org\",\"@graph\":[{\"@type\":\"Article\",\"@id\":\"https:\\\/\\\/diarieducacio.cat\\\/grao\\\/2015\\\/12\\\/15\\\/per-una-relacio-diferent-entre-educacio-i-temps\\\/#article\",\"isPartOf\":{\"@id\":\"https:\\\/\\\/diarieducacio.cat\\\/grao\\\/2015\\\/12\\\/15\\\/per-una-relacio-diferent-entre-educacio-i-temps\\\/\"},\"author\":{\"name\":\"Joan Dom\u00e8nech\",\"@id\":\"https:\\\/\\\/diarieducacio.cat\\\/grao\\\/#\\\/schema\\\/person\\\/42bb6671896d6622abb013a78750e11e\"},\"headline\":\"Per una relaci\u00f3 diferent entre educaci\u00f3 i temps\",\"datePublished\":\"2015-12-15T16:09:43+00:00\",\"dateModified\":\"2024-05-13T16:30:20+00:00\",\"mainEntityOfPage\":{\"@id\":\"https:\\\/\\\/diarieducacio.cat\\\/grao\\\/2015\\\/12\\\/15\\\/per-una-relacio-diferent-entre-educacio-i-temps\\\/\"},\"wordCount\":559,\"commentCount\":0,\"image\":{\"@id\":\"https:\\\/\\\/diarieducacio.cat\\\/grao\\\/2015\\\/12\\\/15\\\/per-una-relacio-diferent-entre-educacio-i-temps\\\/#primaryimage\"},\"thumbnailUrl\":\"https:\\\/\\\/diarieducacio.cat\\\/grao\\\/wp-content\\\/uploads\\\/sites\\\/31\\\/2014\\\/12\\\/perte-de-temps.jpg\",\"keywords\":[\"Educaci\u00f3 lenta\",\"educar\",\"escola\",\"familia\",\"visi\u00f3 del m\u00f3n\"],\"articleSection\":[\"Diagn\u00f2stics organitzatius\",\"Fam\u00edlia i educaci\u00f3\",\"Reflexi\u00f3\"],\"inLanguage\":\"ca\",\"potentialAction\":[{\"@type\":\"CommentAction\",\"name\":\"Comment\",\"target\":[\"https:\\\/\\\/diarieducacio.cat\\\/grao\\\/2015\\\/12\\\/15\\\/per-una-relacio-diferent-entre-educacio-i-temps\\\/#respond\"]}]},{\"@type\":\"WebPage\",\"@id\":\"https:\\\/\\\/diarieducacio.cat\\\/grao\\\/2015\\\/12\\\/15\\\/per-una-relacio-diferent-entre-educacio-i-temps\\\/\",\"url\":\"https:\\\/\\\/diarieducacio.cat\\\/grao\\\/2015\\\/12\\\/15\\\/per-una-relacio-diferent-entre-educacio-i-temps\\\/\",\"name\":\"Per una relaci\u00f3 diferent entre educaci\u00f3 i temps - L'escola gra\u00f3 a gra\u00f3\",\"isPartOf\":{\"@id\":\"https:\\\/\\\/diarieducacio.cat\\\/grao\\\/#website\"},\"primaryImageOfPage\":{\"@id\":\"https:\\\/\\\/diarieducacio.cat\\\/grao\\\/2015\\\/12\\\/15\\\/per-una-relacio-diferent-entre-educacio-i-temps\\\/#primaryimage\"},\"image\":{\"@id\":\"https:\\\/\\\/diarieducacio.cat\\\/grao\\\/2015\\\/12\\\/15\\\/per-una-relacio-diferent-entre-educacio-i-temps\\\/#primaryimage\"},\"thumbnailUrl\":\"https:\\\/\\\/diarieducacio.cat\\\/grao\\\/wp-content\\\/uploads\\\/sites\\\/31\\\/2014\\\/12\\\/perte-de-temps.jpg\",\"datePublished\":\"2015-12-15T16:09:43+00:00\",\"dateModified\":\"2024-05-13T16:30:20+00:00\",\"author\":{\"@id\":\"https:\\\/\\\/diarieducacio.cat\\\/grao\\\/#\\\/schema\\\/person\\\/42bb6671896d6622abb013a78750e11e\"},\"breadcrumb\":{\"@id\":\"https:\\\/\\\/diarieducacio.cat\\\/grao\\\/2015\\\/12\\\/15\\\/per-una-relacio-diferent-entre-educacio-i-temps\\\/#breadcrumb\"},\"inLanguage\":\"ca\",\"potentialAction\":[{\"@type\":\"ReadAction\",\"target\":[\"https:\\\/\\\/diarieducacio.cat\\\/grao\\\/2015\\\/12\\\/15\\\/per-una-relacio-diferent-entre-educacio-i-temps\\\/\"]}]},{\"@type\":\"ImageObject\",\"inLanguage\":\"ca\",\"@id\":\"https:\\\/\\\/diarieducacio.cat\\\/grao\\\/2015\\\/12\\\/15\\\/per-una-relacio-diferent-entre-educacio-i-temps\\\/#primaryimage\",\"url\":\"https:\\\/\\\/diarieducacio.cat\\\/grao\\\/wp-content\\\/uploads\\\/sites\\\/31\\\/2014\\\/12\\\/perte-de-temps.jpg\",\"contentUrl\":\"https:\\\/\\\/diarieducacio.cat\\\/grao\\\/wp-content\\\/uploads\\\/sites\\\/31\\\/2014\\\/12\\\/perte-de-temps.jpg\",\"width\":401,\"height\":267},{\"@type\":\"BreadcrumbList\",\"@id\":\"https:\\\/\\\/diarieducacio.cat\\\/grao\\\/2015\\\/12\\\/15\\\/per-una-relacio-diferent-entre-educacio-i-temps\\\/#breadcrumb\",\"itemListElement\":[{\"@type\":\"ListItem\",\"position\":1,\"name\":\"Inici\",\"item\":\"https:\\\/\\\/diarieducacio.cat\\\/grao\\\/\"},{\"@type\":\"ListItem\",\"position\":2,\"name\":\"Per una relaci\u00f3 diferent entre educaci\u00f3 i temps\"}]},{\"@type\":\"WebSite\",\"@id\":\"https:\\\/\\\/diarieducacio.cat\\\/grao\\\/#website\",\"url\":\"https:\\\/\\\/diarieducacio.cat\\\/grao\\\/\",\"name\":\"L'escola gra\u00f3 a gra\u00f3\",\"description\":\"Un blog de El Diari de l&#039;Educaci\u00f3\",\"potentialAction\":[{\"@type\":\"SearchAction\",\"target\":{\"@type\":\"EntryPoint\",\"urlTemplate\":\"https:\\\/\\\/diarieducacio.cat\\\/grao\\\/?s={search_term_string}\"},\"query-input\":{\"@type\":\"PropertyValueSpecification\",\"valueRequired\":true,\"valueName\":\"search_term_string\"}}],\"inLanguage\":\"ca\"},{\"@type\":\"Person\",\"@id\":\"https:\\\/\\\/diarieducacio.cat\\\/grao\\\/#\\\/schema\\\/person\\\/42bb6671896d6622abb013a78750e11e\",\"name\":\"Joan Dom\u00e8nech\",\"image\":{\"@type\":\"ImageObject\",\"inLanguage\":\"ca\",\"@id\":\"https:\\\/\\\/diarieducacio.cat\\\/wp-content\\\/uploads\\\/2024\\\/11\\\/joan-domenech_avatar-96x96.jpg\",\"url\":\"https:\\\/\\\/diarieducacio.cat\\\/wp-content\\\/uploads\\\/2024\\\/11\\\/joan-domenech_avatar-96x96.jpg\",\"contentUrl\":\"https:\\\/\\\/diarieducacio.cat\\\/wp-content\\\/uploads\\\/2024\\\/11\\\/joan-domenech_avatar-96x96.jpg\",\"caption\":\"Joan Dom\u00e8nech\"},\"description\":\"Mestre. Exdirector de l'Escola Fructu\u00f3s Gelabert. Membre de l'equip impulsor del Congr\u00e9s d'Educaci\u00f3 P\u00fablica de Catalunya.\",\"url\":\"https:\\\/\\\/diarieducacio.cat\\\/grao\\\/author\\\/jdomenech\\\/\"}]}<\/script>\n<!-- \/ Yoast SEO plugin. -->","yoast_head_json":{"title":"Per una relaci\u00f3 diferent entre educaci\u00f3 i temps - L'escola gra\u00f3 a gra\u00f3","robots":{"index":"index","follow":"follow","max-snippet":"max-snippet:-1","max-image-preview":"max-image-preview:large","max-video-preview":"max-video-preview:-1"},"canonical":"https:\/\/diarieducacio.cat\/grao\/2015\/12\/15\/per-una-relacio-diferent-entre-educacio-i-temps\/","og_locale":"ca_ES","og_type":"article","og_title":"Per una relaci\u00f3 diferent entre educaci\u00f3 i temps - L'escola gra\u00f3 a gra\u00f3","og_description":"La societat accelerada ens aboca a una educaci\u00f3 la finalitat de\u00a0la qual sembla que desaparegui enmig d\u2019una quantitat incommensurable de continguts que mai no podrem acabar\u00a0d\u2019assimilar.","og_url":"https:\/\/diarieducacio.cat\/grao\/2015\/12\/15\/per-una-relacio-diferent-entre-educacio-i-temps\/","og_site_name":"L'escola gra\u00f3 a gra\u00f3","article_published_time":"2015-12-15T16:09:43+00:00","article_modified_time":"2024-05-13T16:30:20+00:00","og_image":[{"width":401,"height":267,"url":"https:\/\/diarieducacio.cat\/grao\/wp-content\/uploads\/sites\/31\/2014\/12\/perte-de-temps.jpg","type":"image\/jpeg"}],"author":"Joan Dom\u00e8nech","twitter_card":"summary_large_image","twitter_misc":{"Escrit per":"Joan Dom\u00e8nech","Temps estimat de lectura":"3 minuts"},"schema":{"@context":"https:\/\/schema.org","@graph":[{"@type":"Article","@id":"https:\/\/diarieducacio.cat\/grao\/2015\/12\/15\/per-una-relacio-diferent-entre-educacio-i-temps\/#article","isPartOf":{"@id":"https:\/\/diarieducacio.cat\/grao\/2015\/12\/15\/per-una-relacio-diferent-entre-educacio-i-temps\/"},"author":{"name":"Joan Dom\u00e8nech","@id":"https:\/\/diarieducacio.cat\/grao\/#\/schema\/person\/42bb6671896d6622abb013a78750e11e"},"headline":"Per una relaci\u00f3 diferent entre educaci\u00f3 i temps","datePublished":"2015-12-15T16:09:43+00:00","dateModified":"2024-05-13T16:30:20+00:00","mainEntityOfPage":{"@id":"https:\/\/diarieducacio.cat\/grao\/2015\/12\/15\/per-una-relacio-diferent-entre-educacio-i-temps\/"},"wordCount":559,"commentCount":0,"image":{"@id":"https:\/\/diarieducacio.cat\/grao\/2015\/12\/15\/per-una-relacio-diferent-entre-educacio-i-temps\/#primaryimage"},"thumbnailUrl":"https:\/\/diarieducacio.cat\/grao\/wp-content\/uploads\/sites\/31\/2014\/12\/perte-de-temps.jpg","keywords":["Educaci\u00f3 lenta","educar","escola","familia","visi\u00f3 del m\u00f3n"],"articleSection":["Diagn\u00f2stics organitzatius","Fam\u00edlia i educaci\u00f3","Reflexi\u00f3"],"inLanguage":"ca","potentialAction":[{"@type":"CommentAction","name":"Comment","target":["https:\/\/diarieducacio.cat\/grao\/2015\/12\/15\/per-una-relacio-diferent-entre-educacio-i-temps\/#respond"]}]},{"@type":"WebPage","@id":"https:\/\/diarieducacio.cat\/grao\/2015\/12\/15\/per-una-relacio-diferent-entre-educacio-i-temps\/","url":"https:\/\/diarieducacio.cat\/grao\/2015\/12\/15\/per-una-relacio-diferent-entre-educacio-i-temps\/","name":"Per una relaci\u00f3 diferent entre educaci\u00f3 i temps - L'escola gra\u00f3 a gra\u00f3","isPartOf":{"@id":"https:\/\/diarieducacio.cat\/grao\/#website"},"primaryImageOfPage":{"@id":"https:\/\/diarieducacio.cat\/grao\/2015\/12\/15\/per-una-relacio-diferent-entre-educacio-i-temps\/#primaryimage"},"image":{"@id":"https:\/\/diarieducacio.cat\/grao\/2015\/12\/15\/per-una-relacio-diferent-entre-educacio-i-temps\/#primaryimage"},"thumbnailUrl":"https:\/\/diarieducacio.cat\/grao\/wp-content\/uploads\/sites\/31\/2014\/12\/perte-de-temps.jpg","datePublished":"2015-12-15T16:09:43+00:00","dateModified":"2024-05-13T16:30:20+00:00","author":{"@id":"https:\/\/diarieducacio.cat\/grao\/#\/schema\/person\/42bb6671896d6622abb013a78750e11e"},"breadcrumb":{"@id":"https:\/\/diarieducacio.cat\/grao\/2015\/12\/15\/per-una-relacio-diferent-entre-educacio-i-temps\/#breadcrumb"},"inLanguage":"ca","potentialAction":[{"@type":"ReadAction","target":["https:\/\/diarieducacio.cat\/grao\/2015\/12\/15\/per-una-relacio-diferent-entre-educacio-i-temps\/"]}]},{"@type":"ImageObject","inLanguage":"ca","@id":"https:\/\/diarieducacio.cat\/grao\/2015\/12\/15\/per-una-relacio-diferent-entre-educacio-i-temps\/#primaryimage","url":"https:\/\/diarieducacio.cat\/grao\/wp-content\/uploads\/sites\/31\/2014\/12\/perte-de-temps.jpg","contentUrl":"https:\/\/diarieducacio.cat\/grao\/wp-content\/uploads\/sites\/31\/2014\/12\/perte-de-temps.jpg","width":401,"height":267},{"@type":"BreadcrumbList","@id":"https:\/\/diarieducacio.cat\/grao\/2015\/12\/15\/per-una-relacio-diferent-entre-educacio-i-temps\/#breadcrumb","itemListElement":[{"@type":"ListItem","position":1,"name":"Inici","item":"https:\/\/diarieducacio.cat\/grao\/"},{"@type":"ListItem","position":2,"name":"Per una relaci\u00f3 diferent entre educaci\u00f3 i temps"}]},{"@type":"WebSite","@id":"https:\/\/diarieducacio.cat\/grao\/#website","url":"https:\/\/diarieducacio.cat\/grao\/","name":"L'escola gra\u00f3 a gra\u00f3","description":"Un blog de El Diari de l&#039;Educaci\u00f3","potentialAction":[{"@type":"SearchAction","target":{"@type":"EntryPoint","urlTemplate":"https:\/\/diarieducacio.cat\/grao\/?s={search_term_string}"},"query-input":{"@type":"PropertyValueSpecification","valueRequired":true,"valueName":"search_term_string"}}],"inLanguage":"ca"},{"@type":"Person","@id":"https:\/\/diarieducacio.cat\/grao\/#\/schema\/person\/42bb6671896d6622abb013a78750e11e","name":"Joan Dom\u00e8nech","image":{"@type":"ImageObject","inLanguage":"ca","@id":"https:\/\/diarieducacio.cat\/wp-content\/uploads\/2024\/11\/joan-domenech_avatar-96x96.jpg","url":"https:\/\/diarieducacio.cat\/wp-content\/uploads\/2024\/11\/joan-domenech_avatar-96x96.jpg","contentUrl":"https:\/\/diarieducacio.cat\/wp-content\/uploads\/2024\/11\/joan-domenech_avatar-96x96.jpg","caption":"Joan Dom\u00e8nech"},"description":"Mestre. Exdirector de l'Escola Fructu\u00f3s Gelabert. Membre de l'equip impulsor del Congr\u00e9s d'Educaci\u00f3 P\u00fablica de Catalunya.","url":"https:\/\/diarieducacio.cat\/grao\/author\/jdomenech\/"}]}},"_links":{"self":[{"href":"https:\/\/diarieducacio.cat\/grao\/wp-json\/wp\/v2\/posts\/1206","targetHints":{"allow":["GET"]}}],"collection":[{"href":"https:\/\/diarieducacio.cat\/grao\/wp-json\/wp\/v2\/posts"}],"about":[{"href":"https:\/\/diarieducacio.cat\/grao\/wp-json\/wp\/v2\/types\/post"}],"author":[{"embeddable":true,"href":"https:\/\/diarieducacio.cat\/grao\/wp-json\/wp\/v2\/users\/8"}],"replies":[{"embeddable":true,"href":"https:\/\/diarieducacio.cat\/grao\/wp-json\/wp\/v2\/comments?post=1206"}],"version-history":[{"count":1,"href":"https:\/\/diarieducacio.cat\/grao\/wp-json\/wp\/v2\/posts\/1206\/revisions"}],"predecessor-version":[{"id":6250,"href":"https:\/\/diarieducacio.cat\/grao\/wp-json\/wp\/v2\/posts\/1206\/revisions\/6250"}],"wp:featuredmedia":[{"embeddable":true,"href":"https:\/\/diarieducacio.cat\/grao\/wp-json\/wp\/v2\/media\/592"}],"wp:attachment":[{"href":"https:\/\/diarieducacio.cat\/grao\/wp-json\/wp\/v2\/media?parent=1206"}],"wp:term":[{"taxonomy":"category","embeddable":true,"href":"https:\/\/diarieducacio.cat\/grao\/wp-json\/wp\/v2\/categories?post=1206"},{"taxonomy":"post_tag","embeddable":true,"href":"https:\/\/diarieducacio.cat\/grao\/wp-json\/wp\/v2\/tags?post=1206"},{"taxonomy":"tipo","embeddable":true,"href":"https:\/\/diarieducacio.cat\/grao\/wp-json\/wp\/v2\/tipo?post=1206"}],"curies":[{"name":"wp","href":"https:\/\/api.w.org\/{rel}","templated":true}]}}