{"id":1254,"date":"2016-01-26T16:06:45","date_gmt":"2016-01-26T16:06:45","guid":{"rendered":"https:\/\/diarieducacio.cat\/grao\/?p=1254"},"modified":"2024-05-13T18:30:21","modified_gmt":"2024-05-13T16:30:21","slug":"incompetencia-digital","status":"publish","type":"post","link":"https:\/\/diarieducacio.cat\/grao\/2016\/01\/26\/incompetencia-digital\/","title":{"rendered":"Incompet\u00e8ncia digital"},"content":{"rendered":"<p><strong>Sabem<\/strong> que \u00e9s impossible saber de tot, per\u00f2 s\u00ed que coneixem coses que ens s\u00f3n \u00fatils i, tamb\u00e9, qui ens pot ajudar i on ho pot fer. \u00c9s com quan volem conduir un cotxe, no ens cal con\u00e8ixer com funciona, per\u00f2 s\u00ed que hem de ser conscients de com l\u2019hem de conduir d\u2019una manera segura, tant per a nosaltres com per als altres.<\/p>\n<p>Sabem que podem ajudar l\u2019alumnat perqu\u00e8 faci servir les eines digitals d\u2019una forma que li sigui \u00fatil i, aix\u00ed, pugui circular pels entorns digitals de manera segura i profitosa. La compet\u00e8ncia que treballem va m\u00e9s enll\u00e0 de la part instrumental, perqu\u00e8 no \u00e9s la compet\u00e8ncia digital pura i dura, sin\u00f3 la social.<\/p>\n<p>D\u2019altra banda, i continuant amb la met\u00e0fora de la conducci\u00f3, sabem que l\u2019alumnat ha d\u2019aprendre a circular pels carrers d\u2019una forma segura i aut\u00f2noma, valorant els riscos que hi ha, coneixent les normes i actuant assenyadament. De la mateixa manera, ha de navegar pels entorns digitals.<\/p>\n<p>Sabem, tamb\u00e9, com passa en qualsevol coneixement procedimental, que totes les persones , amb pr\u00e0ctica i temps, podem aprendre a fer servir les eines i els entorns digitals de manera efica\u00e7, respectuosa i sostenible.<\/p>\n<p><strong>Volem<\/strong> que els entorns digitals ens facilitin la comunicaci\u00f3 i l\u2019aprenentatge. Que els puguem utilitzar de manera positiva.<\/p>\n<p>Alhora, volem perdre la por a les tecnologies i combatre l\u2019analfabetisme digital, perqu\u00e8 moltes vegades encara no les acabem de con\u00e8ixer o no acabem de veure-hi tot el potencial que tenen. En volem gaudir i poder-les mirar com el que s\u00f3n: instruments portadors de comunicaci\u00f3 contextualitzada i de benestar.<\/p>\n<p><strong>Podem<\/strong> oferir, i oferir-nos, eines i estrat\u00e8gies, i podem desenvolupar habilitats per moure\u2019ns amb seguretat pels entorns digitals d\u2019una forma assertiva, per acompanyar l\u2019alumnat en accions molt importants: a respectar, a discriminar informaci\u00f3 i seleccionar-ne, a cuidar les relacions, a tenir en compte la dimensi\u00f3 emocional, etc. Per tot aix\u00f2, no cal tenir coneixements t\u00e8cnics, cal expertesa en <em>tecnologia dol\u00e7a <\/em>(t\u00e8cniques i recursos per millorar les nostres relacions amb les altres persones i per ajudar a millorar-les).<\/p>\n<blockquote><p>Podem formar-nos per millorar la nostra compet\u00e8ncia digital sense perdre la dimensi\u00f3 social.<\/p><\/blockquote>\n<p>Podem apropar-nos a la compet\u00e8ncia digital des de la visi\u00f3 que els aparells s\u00f3n portadors de benestar, perqu\u00e8 ens permeten, a part d\u2019optimitzar el temps, fer el registre objectiu i contrastat de les informacions i dels seguiments, tenir\u00a0un coneixement m\u00e9s complet de la complexitat i de la diversitat relacional i comunicativa del nostre alumnat, la qual cosa ens permetr\u00e0 realitzar una aproximaci\u00f3 i una trobada de discursos i evitar esquerdes i dist\u00e0ncies per manca de contextualitzaci\u00f3.<\/p>\n<p>Podem compartir aquesta compet\u00e8ncia social de l\u2019\u00fas de les eines digitals amb els altres agents educatius: la fam\u00edlia i l\u2019entorn.<\/p>\n<p><strong>FONT:<\/strong> Revista Guix n.420. Clic <strong><a href=\"http:\/\/www.grao.com\/revistes\/guix\/420-la-pedagogia-de-projectes\/incompetencia-digital\" target=\"_blank\" rel=\"noopener\">aqu\u00ed<\/a><\/strong>.<\/p>\n","protected":false},"excerpt":{"rendered":"<p>Sabem que hi ha coses que funcionen, volem gaudir de la feina i podem millorar, tant des del punt de vista individual com col\u00b7lectiu.<\/p>\n","protected":false},"author":555,"featured_media":0,"comment_status":"open","ping_status":"open","sticky":false,"template":"","format":"standard","meta":{"footnotes":""},"categories":[198,149,313],"tags":[98],"tipo":[],"class_list":{"0":"post-1254","1":"post","2":"type-post","3":"status-publish","4":"format-standard","6":"category-desenvolupament-professional","7":"category-formacio-del-professorat","8":"category-tic","9":"tag-benestar-del-professorat"},"yoast_head":"<!-- This site is optimized with the Yoast SEO plugin v27.4 - https:\/\/yoast.com\/product\/yoast-seo-wordpress\/ -->\n<title>Incompet\u00e8ncia digital - L&#039;escola gra\u00f3 a gra\u00f3<\/title>\n<meta name=\"robots\" content=\"index, follow, max-snippet:-1, max-image-preview:large, max-video-preview:-1\" \/>\n<link rel=\"canonical\" href=\"https:\/\/diarieducacio.cat\/grao\/2016\/01\/26\/incompetencia-digital\/\" \/>\n<meta property=\"og:locale\" content=\"ca_ES\" \/>\n<meta property=\"og:type\" content=\"article\" \/>\n<meta property=\"og:title\" content=\"Incompet\u00e8ncia digital - L&#039;escola gra\u00f3 a gra\u00f3\" \/>\n<meta property=\"og:description\" content=\"Sabem que hi ha coses que funcionen, volem gaudir de la feina i podem millorar, tant des del punt de vista individual com col\u00b7lectiu.\" \/>\n<meta property=\"og:url\" content=\"https:\/\/diarieducacio.cat\/grao\/2016\/01\/26\/incompetencia-digital\/\" \/>\n<meta property=\"og:site_name\" content=\"L&#039;escola gra\u00f3 a gra\u00f3\" \/>\n<meta property=\"article:published_time\" content=\"2016-01-26T16:06:45+00:00\" \/>\n<meta property=\"article:modified_time\" content=\"2024-05-13T16:30:21+00:00\" \/>\n<meta name=\"author\" content=\"Equip Cuidem-nos\" \/>\n<meta name=\"twitter:card\" content=\"summary_large_image\" \/>\n<meta name=\"twitter:label1\" content=\"Escrit per\" \/>\n\t<meta name=\"twitter:data1\" content=\"Equip Cuidem-nos\" \/>\n\t<meta name=\"twitter:label2\" content=\"Temps estimat de lectura\" \/>\n\t<meta name=\"twitter:data2\" content=\"2 minuts\" \/>\n<script type=\"application\/ld+json\" class=\"yoast-schema-graph\">{\"@context\":\"https:\\\/\\\/schema.org\",\"@graph\":[{\"@type\":\"Article\",\"@id\":\"https:\\\/\\\/diarieducacio.cat\\\/grao\\\/2016\\\/01\\\/26\\\/incompetencia-digital\\\/#article\",\"isPartOf\":{\"@id\":\"https:\\\/\\\/diarieducacio.cat\\\/grao\\\/2016\\\/01\\\/26\\\/incompetencia-digital\\\/\"},\"author\":{\"name\":\"Equip Cuidem-nos\",\"@id\":\"https:\\\/\\\/diarieducacio.cat\\\/grao\\\/#\\\/schema\\\/person\\\/f43fed6b918e75fdc25a6544e4b6cd5b\"},\"headline\":\"Incompet\u00e8ncia digital\",\"datePublished\":\"2016-01-26T16:06:45+00:00\",\"dateModified\":\"2024-05-13T16:30:21+00:00\",\"mainEntityOfPage\":{\"@id\":\"https:\\\/\\\/diarieducacio.cat\\\/grao\\\/2016\\\/01\\\/26\\\/incompetencia-digital\\\/\"},\"wordCount\":494,\"commentCount\":0,\"keywords\":[\"benestar del professorat\"],\"articleSection\":[\"Desenvolupament professional\",\"Formaci\u00f3 del professorat\",\"TIC\"],\"inLanguage\":\"ca\",\"potentialAction\":[{\"@type\":\"CommentAction\",\"name\":\"Comment\",\"target\":[\"https:\\\/\\\/diarieducacio.cat\\\/grao\\\/2016\\\/01\\\/26\\\/incompetencia-digital\\\/#respond\"]}]},{\"@type\":\"WebPage\",\"@id\":\"https:\\\/\\\/diarieducacio.cat\\\/grao\\\/2016\\\/01\\\/26\\\/incompetencia-digital\\\/\",\"url\":\"https:\\\/\\\/diarieducacio.cat\\\/grao\\\/2016\\\/01\\\/26\\\/incompetencia-digital\\\/\",\"name\":\"Incompet\u00e8ncia digital - L'escola gra\u00f3 a gra\u00f3\",\"isPartOf\":{\"@id\":\"https:\\\/\\\/diarieducacio.cat\\\/grao\\\/#website\"},\"datePublished\":\"2016-01-26T16:06:45+00:00\",\"dateModified\":\"2024-05-13T16:30:21+00:00\",\"author\":{\"@id\":\"https:\\\/\\\/diarieducacio.cat\\\/grao\\\/#\\\/schema\\\/person\\\/f43fed6b918e75fdc25a6544e4b6cd5b\"},\"breadcrumb\":{\"@id\":\"https:\\\/\\\/diarieducacio.cat\\\/grao\\\/2016\\\/01\\\/26\\\/incompetencia-digital\\\/#breadcrumb\"},\"inLanguage\":\"ca\",\"potentialAction\":[{\"@type\":\"ReadAction\",\"target\":[\"https:\\\/\\\/diarieducacio.cat\\\/grao\\\/2016\\\/01\\\/26\\\/incompetencia-digital\\\/\"]}]},{\"@type\":\"BreadcrumbList\",\"@id\":\"https:\\\/\\\/diarieducacio.cat\\\/grao\\\/2016\\\/01\\\/26\\\/incompetencia-digital\\\/#breadcrumb\",\"itemListElement\":[{\"@type\":\"ListItem\",\"position\":1,\"name\":\"Inici\",\"item\":\"https:\\\/\\\/diarieducacio.cat\\\/grao\\\/\"},{\"@type\":\"ListItem\",\"position\":2,\"name\":\"Incompet\u00e8ncia digital\"}]},{\"@type\":\"WebSite\",\"@id\":\"https:\\\/\\\/diarieducacio.cat\\\/grao\\\/#website\",\"url\":\"https:\\\/\\\/diarieducacio.cat\\\/grao\\\/\",\"name\":\"L'escola gra\u00f3 a gra\u00f3\",\"description\":\"Un blog de El Diari de l&#039;Educaci\u00f3\",\"potentialAction\":[{\"@type\":\"SearchAction\",\"target\":{\"@type\":\"EntryPoint\",\"urlTemplate\":\"https:\\\/\\\/diarieducacio.cat\\\/grao\\\/?s={search_term_string}\"},\"query-input\":{\"@type\":\"PropertyValueSpecification\",\"valueRequired\":true,\"valueName\":\"search_term_string\"}}],\"inLanguage\":\"ca\"},{\"@type\":\"Person\",\"@id\":\"https:\\\/\\\/diarieducacio.cat\\\/grao\\\/#\\\/schema\\\/person\\\/f43fed6b918e75fdc25a6544e4b6cd5b\",\"name\":\"Equip Cuidem-nos\",\"image\":{\"@type\":\"ImageObject\",\"inLanguage\":\"ca\",\"@id\":\"https:\\\/\\\/secure.gravatar.com\\\/avatar\\\/5f0ec845f9ac3546e70480c8d13d7738cbd529493bff5b8d037f44f251af7766?s=96&d=mm&r=g\",\"url\":\"https:\\\/\\\/secure.gravatar.com\\\/avatar\\\/5f0ec845f9ac3546e70480c8d13d7738cbd529493bff5b8d037f44f251af7766?s=96&d=mm&r=g\",\"contentUrl\":\"https:\\\/\\\/secure.gravatar.com\\\/avatar\\\/5f0ec845f9ac3546e70480c8d13d7738cbd529493bff5b8d037f44f251af7766?s=96&d=mm&r=g\",\"caption\":\"Equip Cuidem-nos\"},\"url\":\"https:\\\/\\\/diarieducacio.cat\\\/grao\\\/author\\\/ecuidemnos\\\/\"}]}<\/script>\n<!-- \/ Yoast SEO plugin. -->","yoast_head_json":{"title":"Incompet\u00e8ncia digital - L'escola gra\u00f3 a gra\u00f3","robots":{"index":"index","follow":"follow","max-snippet":"max-snippet:-1","max-image-preview":"max-image-preview:large","max-video-preview":"max-video-preview:-1"},"canonical":"https:\/\/diarieducacio.cat\/grao\/2016\/01\/26\/incompetencia-digital\/","og_locale":"ca_ES","og_type":"article","og_title":"Incompet\u00e8ncia digital - L'escola gra\u00f3 a gra\u00f3","og_description":"Sabem que hi ha coses que funcionen, volem gaudir de la feina i podem millorar, tant des del punt de vista individual com col\u00b7lectiu.","og_url":"https:\/\/diarieducacio.cat\/grao\/2016\/01\/26\/incompetencia-digital\/","og_site_name":"L'escola gra\u00f3 a gra\u00f3","article_published_time":"2016-01-26T16:06:45+00:00","article_modified_time":"2024-05-13T16:30:21+00:00","author":"Equip Cuidem-nos","twitter_card":"summary_large_image","twitter_misc":{"Escrit per":"Equip Cuidem-nos","Temps estimat de lectura":"2 minuts"},"schema":{"@context":"https:\/\/schema.org","@graph":[{"@type":"Article","@id":"https:\/\/diarieducacio.cat\/grao\/2016\/01\/26\/incompetencia-digital\/#article","isPartOf":{"@id":"https:\/\/diarieducacio.cat\/grao\/2016\/01\/26\/incompetencia-digital\/"},"author":{"name":"Equip Cuidem-nos","@id":"https:\/\/diarieducacio.cat\/grao\/#\/schema\/person\/f43fed6b918e75fdc25a6544e4b6cd5b"},"headline":"Incompet\u00e8ncia digital","datePublished":"2016-01-26T16:06:45+00:00","dateModified":"2024-05-13T16:30:21+00:00","mainEntityOfPage":{"@id":"https:\/\/diarieducacio.cat\/grao\/2016\/01\/26\/incompetencia-digital\/"},"wordCount":494,"commentCount":0,"keywords":["benestar del professorat"],"articleSection":["Desenvolupament professional","Formaci\u00f3 del professorat","TIC"],"inLanguage":"ca","potentialAction":[{"@type":"CommentAction","name":"Comment","target":["https:\/\/diarieducacio.cat\/grao\/2016\/01\/26\/incompetencia-digital\/#respond"]}]},{"@type":"WebPage","@id":"https:\/\/diarieducacio.cat\/grao\/2016\/01\/26\/incompetencia-digital\/","url":"https:\/\/diarieducacio.cat\/grao\/2016\/01\/26\/incompetencia-digital\/","name":"Incompet\u00e8ncia digital - L'escola gra\u00f3 a gra\u00f3","isPartOf":{"@id":"https:\/\/diarieducacio.cat\/grao\/#website"},"datePublished":"2016-01-26T16:06:45+00:00","dateModified":"2024-05-13T16:30:21+00:00","author":{"@id":"https:\/\/diarieducacio.cat\/grao\/#\/schema\/person\/f43fed6b918e75fdc25a6544e4b6cd5b"},"breadcrumb":{"@id":"https:\/\/diarieducacio.cat\/grao\/2016\/01\/26\/incompetencia-digital\/#breadcrumb"},"inLanguage":"ca","potentialAction":[{"@type":"ReadAction","target":["https:\/\/diarieducacio.cat\/grao\/2016\/01\/26\/incompetencia-digital\/"]}]},{"@type":"BreadcrumbList","@id":"https:\/\/diarieducacio.cat\/grao\/2016\/01\/26\/incompetencia-digital\/#breadcrumb","itemListElement":[{"@type":"ListItem","position":1,"name":"Inici","item":"https:\/\/diarieducacio.cat\/grao\/"},{"@type":"ListItem","position":2,"name":"Incompet\u00e8ncia digital"}]},{"@type":"WebSite","@id":"https:\/\/diarieducacio.cat\/grao\/#website","url":"https:\/\/diarieducacio.cat\/grao\/","name":"L'escola gra\u00f3 a gra\u00f3","description":"Un blog de El Diari de l&#039;Educaci\u00f3","potentialAction":[{"@type":"SearchAction","target":{"@type":"EntryPoint","urlTemplate":"https:\/\/diarieducacio.cat\/grao\/?s={search_term_string}"},"query-input":{"@type":"PropertyValueSpecification","valueRequired":true,"valueName":"search_term_string"}}],"inLanguage":"ca"},{"@type":"Person","@id":"https:\/\/diarieducacio.cat\/grao\/#\/schema\/person\/f43fed6b918e75fdc25a6544e4b6cd5b","name":"Equip Cuidem-nos","image":{"@type":"ImageObject","inLanguage":"ca","@id":"https:\/\/secure.gravatar.com\/avatar\/5f0ec845f9ac3546e70480c8d13d7738cbd529493bff5b8d037f44f251af7766?s=96&d=mm&r=g","url":"https:\/\/secure.gravatar.com\/avatar\/5f0ec845f9ac3546e70480c8d13d7738cbd529493bff5b8d037f44f251af7766?s=96&d=mm&r=g","contentUrl":"https:\/\/secure.gravatar.com\/avatar\/5f0ec845f9ac3546e70480c8d13d7738cbd529493bff5b8d037f44f251af7766?s=96&d=mm&r=g","caption":"Equip Cuidem-nos"},"url":"https:\/\/diarieducacio.cat\/grao\/author\/ecuidemnos\/"}]}},"_links":{"self":[{"href":"https:\/\/diarieducacio.cat\/grao\/wp-json\/wp\/v2\/posts\/1254","targetHints":{"allow":["GET"]}}],"collection":[{"href":"https:\/\/diarieducacio.cat\/grao\/wp-json\/wp\/v2\/posts"}],"about":[{"href":"https:\/\/diarieducacio.cat\/grao\/wp-json\/wp\/v2\/types\/post"}],"author":[{"embeddable":true,"href":"https:\/\/diarieducacio.cat\/grao\/wp-json\/wp\/v2\/users\/555"}],"replies":[{"embeddable":true,"href":"https:\/\/diarieducacio.cat\/grao\/wp-json\/wp\/v2\/comments?post=1254"}],"version-history":[{"count":1,"href":"https:\/\/diarieducacio.cat\/grao\/wp-json\/wp\/v2\/posts\/1254\/revisions"}],"predecessor-version":[{"id":6255,"href":"https:\/\/diarieducacio.cat\/grao\/wp-json\/wp\/v2\/posts\/1254\/revisions\/6255"}],"wp:attachment":[{"href":"https:\/\/diarieducacio.cat\/grao\/wp-json\/wp\/v2\/media?parent=1254"}],"wp:term":[{"taxonomy":"category","embeddable":true,"href":"https:\/\/diarieducacio.cat\/grao\/wp-json\/wp\/v2\/categories?post=1254"},{"taxonomy":"post_tag","embeddable":true,"href":"https:\/\/diarieducacio.cat\/grao\/wp-json\/wp\/v2\/tags?post=1254"},{"taxonomy":"tipo","embeddable":true,"href":"https:\/\/diarieducacio.cat\/grao\/wp-json\/wp\/v2\/tipo?post=1254"}],"curies":[{"name":"wp","href":"https:\/\/api.w.org\/{rel}","templated":true}]}}