{"id":1301,"date":"2016-03-15T11:29:34","date_gmt":"2016-03-15T11:29:34","guid":{"rendered":"https:\/\/diarieducacio.cat\/grao\/?p=1301"},"modified":"2024-05-13T18:30:21","modified_gmt":"2024-05-13T16:30:21","slug":"reptes-actuals-i-futurs-de-leducacio-la-convivencia-en-els-centres-educatius","status":"publish","type":"post","link":"https:\/\/diarieducacio.cat\/grao\/2016\/03\/15\/reptes-actuals-i-futurs-de-leducacio-la-convivencia-en-els-centres-educatius\/","title":{"rendered":"Reptes actuals i futurs de l&#8217;educaci\u00f3: La conviv\u00e8ncia en els centres educatius"},"content":{"rendered":"<p><strong>Les xarxes socials i la conviv\u00e8ncia als centres<\/strong><\/p>\n<p>Una de les preocupacions i ocupacions dels equips directius en els centres educatius \u00e9s procurar i mantenir un bon clima de conviv\u00e8ncia, entesa com una finalitat en ella mateixa i com a mitj\u00e0 per facilitar els aprenentatges. La tasca d\u2019ocupar-se d\u2019all\u00f2 que passa al centre i d\u2019all\u00f2 que passa m\u00e9s enll\u00e0 de les seves parets, per\u00f2 t\u00e9 repercussions en la vida del centre, \u00e9s for\u00e7a dif\u00edcil. Ara tot plegat es complica ja que amb les xarxes socials el conflicte s\u2019amplifica, hi intervenen molts m\u00e9s actors que comenten, responen, aporten&#8230; de manera que els conflictes es multipliquen exponencialment.<\/p>\n<p><a href=\"https:\/\/nostalgic-ishizaka.82-223-1-47.plesk.page\/grao\/wp-content\/uploads\/sites\/31\/2016\/03\/8865586006_c5ce2a79e6_b.jpg\" rel=\"attachment wp-att-1311\"><img decoding=\"async\" class=\"wp-image-1311 alignleft\" src=\"https:\/\/diarieducacio.cat\/grao\/wp-content\/uploads\/sites\/10\/2016\/03\/8865586006_c5ce2a79e6_b-300x204.jpg\" alt=\"8865586006_c5ce2a79e6_b\" width=\"211\" height=\"143\" \/><\/a>La comunicaci\u00f3 a trav\u00e9s de les xarxes socials \u00e9s molt m\u00e9s coneguda i utilitzada pels adolescents i joves que per uns altres sectors de la comunitat educativa. Les noies i els nois tenen moltes m\u00e9s destreses i coneixements del seu funcionament, les fan servir molt m\u00e9s que la majoria de persones adultes que els acompanyem. De fet, alguns de nosaltres som for\u00e7a ignorants respecte d\u2019aquestes realitats virtuals.<\/p>\n<p>Podem dir que hi ha un cert analfabetisme tecnol\u00f2gic de molts dels adults que treballem amb infants i adolescents.<\/p>\n<p>Ens toca donar resposta a aquestes realitats, hem de viure i conviure aquest moment hist\u00f2ric junts: uns infants i joves usuaris de les tecnologies i uns adults potser menys destres en aquests aspectes, per\u00f2 que els volem acompanyar. Per aix\u00f2, malgrat les dificultats, de cap manera no podem ni volem que el desconeixement d\u2019aquesta realitat tecnol\u00f2gica ens incapaciti per a la nostra tasca educadora. \u00c9s com quan volem conduir un cotxe: no ens cal con\u00e8ixer com funciona, per\u00f2 s\u00ed que ens cal saber com fer-lo funcionar d\u2019una manera que sigui segura tant per a nosaltres com per als altres.<\/p>\n<blockquote><p>Podem ajudar l\u2019alumnat, tant el professorat com els mateixos companys, a fer servir les eines digitals d\u2019una manera que els sigui \u00fatil per circular pels entorns digitals de manera segura i profitosa. La compet\u00e8ncia que cal treballar va m\u00e9s enll\u00e0 de la part instrumental; no \u00e9s la compet\u00e8ncia digital pura i dura, sin\u00f3 la social.<\/p><\/blockquote>\n<p>D\u2019altra banda, i seguint la met\u00e0fora de la conducci\u00f3, sabem que l\u2019alumnat ha d\u2019aprendre a circular pels carrers d\u2019una manera segura i aut\u00f2noma, valorant els riscos, coneixent les normes i fent les coses amb seny. D\u2019aquesta mateixa manera ha de navegar pels entorns digitals.<\/p>\n<p>A la vista d\u2019aquests reptes, els equips directius han d\u2019exercir el seu lideratge i han de facilitar entorns, disposar d\u2019espais i temps, han d\u2019adequar les estructures que fan possible la millora en l\u2019\u00e0mbit de l\u2019aula i han de donar suport i estimular el treball dels docents. Tamb\u00e9 han d\u2019impulsar la formaci\u00f3 del professorat, de l\u2019alumnat i de la mateixa organitzaci\u00f3, fet que implica tamb\u00e9 construir coneixement compartit aprofitant experi\u00e8ncies que vivim totes i tots per tal de donar les millors respostes possibles, tenint en compte els nostres interessos i els de les altres persones.<\/p>\n<p>En aquest sentit, els equips directius dirigeixen la seva acci\u00f3 a redissenyar els contextos de treball i les relacions professionals des de la perspectiva de l\u00edders pedag\u00f2gics de l\u2019escola.<\/p>\n<p>Si tenim clar que volem incidir en aquestes realitats i que l\u2019equip directiu ha de liderar aquest proc\u00e9s, \u00e9s el moment de plantejar-nos qu\u00e8 cal fer, com fer-ho i qui ho ha de fer.<\/p>\n<p>Per passar a l\u2019acci\u00f3, \u00e9s necessari disposar d\u2019un grup dinamitzador format per membres dels diferents sectors de la comunitat educativa, incloent-hi l\u2019equip directiu, perqu\u00e8 la conviv\u00e8ncia \u00e9s cosa de tothom. La motivaci\u00f3 i el reconeixement de la comunitat poden facilitar molt la tasca d\u2019aquest grup.<\/p>\n<p><strong>Font:<\/strong> Revista F\u00f2rum (Organitzaci\u00f3 i Gesti\u00f3 educativa) n.39. Clic <span style=\"color: #0000ff\"><strong><a style=\"color: #0000ff\" href=\"http:\/\/forum.grao.com\/revistes\/forum\/39-reptes-actuals-i-futurs-de-la-direccio\/convivencia-en-els-centres-educatius\" target=\"_blank\" rel=\"noopener\">aqu\u00ed<\/a><\/strong><\/span>.<\/p>\n","protected":false},"excerpt":{"rendered":"<p>Les xarxes socials amplifiquen els conflictes i ens toca donar resposta a aquestes realitats, hem de viure i conviure aquest moment hist\u00f2ric junts: uns infants i joves usuaris de les tecnologies i uns adults potser menys destres en aquests aspectes. <\/p>\n","protected":false},"author":561,"featured_media":1841,"comment_status":"open","ping_status":"open","sticky":false,"template":"","format":"standard","meta":{"footnotes":""},"categories":[222,115],"tags":[315,316,125,267,199,317,318],"tipo":[],"class_list":{"0":"post-1301","1":"post","2":"type-post","3":"status-publish","4":"format-standard","5":"has-post-thumbnail","7":"category-diagnostics-organitzatius","8":"category-reflexio","9":"tag-competencia-digital","10":"tag-competencia-social","11":"tag-comunicacio","12":"tag-convivencia","13":"tag-escola","14":"tag-gestio-de-conflictes","15":"tag-mediacio-entre-iguals"},"yoast_head":"<!-- This site is optimized with the Yoast SEO plugin v27.5 - https:\/\/yoast.com\/product\/yoast-seo-wordpress\/ -->\n<title>Reptes actuals i futurs de l&#039;educaci\u00f3: La conviv\u00e8ncia en els centres educatius - L&#039;escola gra\u00f3 a gra\u00f3<\/title>\n<meta name=\"robots\" content=\"index, follow, max-snippet:-1, max-image-preview:large, max-video-preview:-1\" \/>\n<link rel=\"canonical\" href=\"https:\/\/diarieducacio.cat\/grao\/2016\/03\/15\/reptes-actuals-i-futurs-de-leducacio-la-convivencia-en-els-centres-educatius\/\" \/>\n<meta property=\"og:locale\" content=\"ca_ES\" \/>\n<meta property=\"og:type\" content=\"article\" \/>\n<meta property=\"og:title\" content=\"Reptes actuals i futurs de l&#039;educaci\u00f3: La conviv\u00e8ncia en els centres educatius - L&#039;escola gra\u00f3 a gra\u00f3\" \/>\n<meta property=\"og:description\" content=\"Les xarxes socials amplifiquen els conflictes i ens toca donar resposta a aquestes realitats, hem de viure i conviure aquest moment hist\u00f2ric junts: uns infants i joves usuaris de les tecnologies i uns adults potser menys destres en aquests aspectes.\" \/>\n<meta property=\"og:url\" content=\"https:\/\/diarieducacio.cat\/grao\/2016\/03\/15\/reptes-actuals-i-futurs-de-leducacio-la-convivencia-en-els-centres-educatius\/\" \/>\n<meta property=\"og:site_name\" content=\"L&#039;escola gra\u00f3 a gra\u00f3\" \/>\n<meta property=\"article:published_time\" content=\"2016-03-15T11:29:34+00:00\" \/>\n<meta property=\"article:modified_time\" content=\"2024-05-13T16:30:21+00:00\" \/>\n<meta property=\"og:image\" content=\"https:\/\/diarieducacio.cat\/grao\/wp-content\/uploads\/sites\/31\/2016\/03\/8865586006_c5ce2a79e6_b.jpg\" \/>\n\t<meta property=\"og:image:width\" content=\"1024\" \/>\n\t<meta property=\"og:image:height\" content=\"698\" \/>\n\t<meta property=\"og:image:type\" content=\"image\/jpeg\" \/>\n<meta name=\"author\" content=\"\u00c0ngels Guirado P\u00e9rez i Francesc Not\u00f3 Brullas\" \/>\n<meta name=\"twitter:card\" content=\"summary_large_image\" \/>\n<meta name=\"twitter:label1\" content=\"Escrit per\" \/>\n\t<meta name=\"twitter:data1\" content=\"\u00c0ngels Guirado P\u00e9rez i Francesc Not\u00f3 Brullas\" \/>\n\t<meta name=\"twitter:label2\" content=\"Temps estimat de lectura\" \/>\n\t<meta name=\"twitter:data2\" content=\"3 minuts\" \/>\n<script type=\"application\/ld+json\" class=\"yoast-schema-graph\">{\"@context\":\"https:\\\/\\\/schema.org\",\"@graph\":[{\"@type\":\"Article\",\"@id\":\"https:\\\/\\\/diarieducacio.cat\\\/grao\\\/2016\\\/03\\\/15\\\/reptes-actuals-i-futurs-de-leducacio-la-convivencia-en-els-centres-educatius\\\/#article\",\"isPartOf\":{\"@id\":\"https:\\\/\\\/diarieducacio.cat\\\/grao\\\/2016\\\/03\\\/15\\\/reptes-actuals-i-futurs-de-leducacio-la-convivencia-en-els-centres-educatius\\\/\"},\"author\":{\"name\":\"\u00c0ngels Guirado P\u00e9rez i Francesc Not\u00f3 Brullas\",\"@id\":\"https:\\\/\\\/diarieducacio.cat\\\/grao\\\/#\\\/schema\\\/person\\\/377941dd8790ce2a7f11815e1c2a3eae\"},\"headline\":\"Reptes actuals i futurs de l&#8217;educaci\u00f3: La conviv\u00e8ncia en els centres educatius\",\"datePublished\":\"2016-03-15T11:29:34+00:00\",\"dateModified\":\"2024-05-13T16:30:21+00:00\",\"mainEntityOfPage\":{\"@id\":\"https:\\\/\\\/diarieducacio.cat\\\/grao\\\/2016\\\/03\\\/15\\\/reptes-actuals-i-futurs-de-leducacio-la-convivencia-en-els-centres-educatius\\\/\"},\"wordCount\":669,\"commentCount\":0,\"image\":{\"@id\":\"https:\\\/\\\/diarieducacio.cat\\\/grao\\\/2016\\\/03\\\/15\\\/reptes-actuals-i-futurs-de-leducacio-la-convivencia-en-els-centres-educatius\\\/#primaryimage\"},\"thumbnailUrl\":\"https:\\\/\\\/diarieducacio.cat\\\/grao\\\/wp-content\\\/uploads\\\/sites\\\/31\\\/2016\\\/03\\\/8865586006_c5ce2a79e6_b.jpg\",\"keywords\":[\"compet\u00e8ncia digital\",\"compet\u00e8ncia social\",\"Comunicaci\u00f3\",\"conviv\u00e8ncia\",\"escola\",\"gesti\u00f3 de conflictes\",\"mediaci\u00f3 entre iguals\"],\"articleSection\":[\"Diagn\u00f2stics organitzatius\",\"Reflexi\u00f3\"],\"inLanguage\":\"ca\",\"potentialAction\":[{\"@type\":\"CommentAction\",\"name\":\"Comment\",\"target\":[\"https:\\\/\\\/diarieducacio.cat\\\/grao\\\/2016\\\/03\\\/15\\\/reptes-actuals-i-futurs-de-leducacio-la-convivencia-en-els-centres-educatius\\\/#respond\"]}]},{\"@type\":\"WebPage\",\"@id\":\"https:\\\/\\\/diarieducacio.cat\\\/grao\\\/2016\\\/03\\\/15\\\/reptes-actuals-i-futurs-de-leducacio-la-convivencia-en-els-centres-educatius\\\/\",\"url\":\"https:\\\/\\\/diarieducacio.cat\\\/grao\\\/2016\\\/03\\\/15\\\/reptes-actuals-i-futurs-de-leducacio-la-convivencia-en-els-centres-educatius\\\/\",\"name\":\"Reptes actuals i futurs de l'educaci\u00f3: La conviv\u00e8ncia en els centres educatius - L'escola gra\u00f3 a gra\u00f3\",\"isPartOf\":{\"@id\":\"https:\\\/\\\/diarieducacio.cat\\\/grao\\\/#website\"},\"primaryImageOfPage\":{\"@id\":\"https:\\\/\\\/diarieducacio.cat\\\/grao\\\/2016\\\/03\\\/15\\\/reptes-actuals-i-futurs-de-leducacio-la-convivencia-en-els-centres-educatius\\\/#primaryimage\"},\"image\":{\"@id\":\"https:\\\/\\\/diarieducacio.cat\\\/grao\\\/2016\\\/03\\\/15\\\/reptes-actuals-i-futurs-de-leducacio-la-convivencia-en-els-centres-educatius\\\/#primaryimage\"},\"thumbnailUrl\":\"https:\\\/\\\/diarieducacio.cat\\\/grao\\\/wp-content\\\/uploads\\\/sites\\\/31\\\/2016\\\/03\\\/8865586006_c5ce2a79e6_b.jpg\",\"datePublished\":\"2016-03-15T11:29:34+00:00\",\"dateModified\":\"2024-05-13T16:30:21+00:00\",\"author\":{\"@id\":\"https:\\\/\\\/diarieducacio.cat\\\/grao\\\/#\\\/schema\\\/person\\\/377941dd8790ce2a7f11815e1c2a3eae\"},\"breadcrumb\":{\"@id\":\"https:\\\/\\\/diarieducacio.cat\\\/grao\\\/2016\\\/03\\\/15\\\/reptes-actuals-i-futurs-de-leducacio-la-convivencia-en-els-centres-educatius\\\/#breadcrumb\"},\"inLanguage\":\"ca\",\"potentialAction\":[{\"@type\":\"ReadAction\",\"target\":[\"https:\\\/\\\/diarieducacio.cat\\\/grao\\\/2016\\\/03\\\/15\\\/reptes-actuals-i-futurs-de-leducacio-la-convivencia-en-els-centres-educatius\\\/\"]}]},{\"@type\":\"ImageObject\",\"inLanguage\":\"ca\",\"@id\":\"https:\\\/\\\/diarieducacio.cat\\\/grao\\\/2016\\\/03\\\/15\\\/reptes-actuals-i-futurs-de-leducacio-la-convivencia-en-els-centres-educatius\\\/#primaryimage\",\"url\":\"https:\\\/\\\/diarieducacio.cat\\\/grao\\\/wp-content\\\/uploads\\\/sites\\\/31\\\/2016\\\/03\\\/8865586006_c5ce2a79e6_b.jpg\",\"contentUrl\":\"https:\\\/\\\/diarieducacio.cat\\\/grao\\\/wp-content\\\/uploads\\\/sites\\\/31\\\/2016\\\/03\\\/8865586006_c5ce2a79e6_b.jpg\",\"width\":1024,\"height\":698},{\"@type\":\"BreadcrumbList\",\"@id\":\"https:\\\/\\\/diarieducacio.cat\\\/grao\\\/2016\\\/03\\\/15\\\/reptes-actuals-i-futurs-de-leducacio-la-convivencia-en-els-centres-educatius\\\/#breadcrumb\",\"itemListElement\":[{\"@type\":\"ListItem\",\"position\":1,\"name\":\"Inici\",\"item\":\"https:\\\/\\\/diarieducacio.cat\\\/grao\\\/\"},{\"@type\":\"ListItem\",\"position\":2,\"name\":\"Reptes actuals i futurs de l&#8217;educaci\u00f3: La conviv\u00e8ncia en els centres educatius\"}]},{\"@type\":\"WebSite\",\"@id\":\"https:\\\/\\\/diarieducacio.cat\\\/grao\\\/#website\",\"url\":\"https:\\\/\\\/diarieducacio.cat\\\/grao\\\/\",\"name\":\"L'escola gra\u00f3 a gra\u00f3\",\"description\":\"Un blog de El Diari de l&#039;Educaci\u00f3\",\"potentialAction\":[{\"@type\":\"SearchAction\",\"target\":{\"@type\":\"EntryPoint\",\"urlTemplate\":\"https:\\\/\\\/diarieducacio.cat\\\/grao\\\/?s={search_term_string}\"},\"query-input\":{\"@type\":\"PropertyValueSpecification\",\"valueRequired\":true,\"valueName\":\"search_term_string\"}}],\"inLanguage\":\"ca\"},{\"@type\":\"Person\",\"@id\":\"https:\\\/\\\/diarieducacio.cat\\\/grao\\\/#\\\/schema\\\/person\\\/377941dd8790ce2a7f11815e1c2a3eae\",\"name\":\"\u00c0ngels Guirado P\u00e9rez i Francesc Not\u00f3 Brullas\",\"image\":{\"@type\":\"ImageObject\",\"inLanguage\":\"ca\",\"@id\":\"https:\\\/\\\/secure.gravatar.com\\\/avatar\\\/ae876568be0bc6d35cfcba93ac2f158f5f1383f2c7ce3e98cac7683f938d6de9?s=96&d=mm&r=g\",\"url\":\"https:\\\/\\\/secure.gravatar.com\\\/avatar\\\/ae876568be0bc6d35cfcba93ac2f158f5f1383f2c7ce3e98cac7683f938d6de9?s=96&d=mm&r=g\",\"contentUrl\":\"https:\\\/\\\/secure.gravatar.com\\\/avatar\\\/ae876568be0bc6d35cfcba93ac2f158f5f1383f2c7ce3e98cac7683f938d6de9?s=96&d=mm&r=g\",\"caption\":\"\u00c0ngels Guirado P\u00e9rez i Francesc Not\u00f3 Brullas\"},\"url\":\"https:\\\/\\\/diarieducacio.cat\\\/grao\\\/author\\\/angfranc\\\/\"}]}<\/script>\n<!-- \/ Yoast SEO plugin. -->","yoast_head_json":{"title":"Reptes actuals i futurs de l'educaci\u00f3: La conviv\u00e8ncia en els centres educatius - L'escola gra\u00f3 a gra\u00f3","robots":{"index":"index","follow":"follow","max-snippet":"max-snippet:-1","max-image-preview":"max-image-preview:large","max-video-preview":"max-video-preview:-1"},"canonical":"https:\/\/diarieducacio.cat\/grao\/2016\/03\/15\/reptes-actuals-i-futurs-de-leducacio-la-convivencia-en-els-centres-educatius\/","og_locale":"ca_ES","og_type":"article","og_title":"Reptes actuals i futurs de l'educaci\u00f3: La conviv\u00e8ncia en els centres educatius - L'escola gra\u00f3 a gra\u00f3","og_description":"Les xarxes socials amplifiquen els conflictes i ens toca donar resposta a aquestes realitats, hem de viure i conviure aquest moment hist\u00f2ric junts: uns infants i joves usuaris de les tecnologies i uns adults potser menys destres en aquests aspectes.","og_url":"https:\/\/diarieducacio.cat\/grao\/2016\/03\/15\/reptes-actuals-i-futurs-de-leducacio-la-convivencia-en-els-centres-educatius\/","og_site_name":"L'escola gra\u00f3 a gra\u00f3","article_published_time":"2016-03-15T11:29:34+00:00","article_modified_time":"2024-05-13T16:30:21+00:00","og_image":[{"width":1024,"height":698,"url":"https:\/\/diarieducacio.cat\/grao\/wp-content\/uploads\/sites\/31\/2016\/03\/8865586006_c5ce2a79e6_b.jpg","type":"image\/jpeg"}],"author":"\u00c0ngels Guirado P\u00e9rez i Francesc Not\u00f3 Brullas","twitter_card":"summary_large_image","twitter_misc":{"Escrit per":"\u00c0ngels Guirado P\u00e9rez i Francesc Not\u00f3 Brullas","Temps estimat de lectura":"3 minuts"},"schema":{"@context":"https:\/\/schema.org","@graph":[{"@type":"Article","@id":"https:\/\/diarieducacio.cat\/grao\/2016\/03\/15\/reptes-actuals-i-futurs-de-leducacio-la-convivencia-en-els-centres-educatius\/#article","isPartOf":{"@id":"https:\/\/diarieducacio.cat\/grao\/2016\/03\/15\/reptes-actuals-i-futurs-de-leducacio-la-convivencia-en-els-centres-educatius\/"},"author":{"name":"\u00c0ngels Guirado P\u00e9rez i Francesc Not\u00f3 Brullas","@id":"https:\/\/diarieducacio.cat\/grao\/#\/schema\/person\/377941dd8790ce2a7f11815e1c2a3eae"},"headline":"Reptes actuals i futurs de l&#8217;educaci\u00f3: La conviv\u00e8ncia en els centres educatius","datePublished":"2016-03-15T11:29:34+00:00","dateModified":"2024-05-13T16:30:21+00:00","mainEntityOfPage":{"@id":"https:\/\/diarieducacio.cat\/grao\/2016\/03\/15\/reptes-actuals-i-futurs-de-leducacio-la-convivencia-en-els-centres-educatius\/"},"wordCount":669,"commentCount":0,"image":{"@id":"https:\/\/diarieducacio.cat\/grao\/2016\/03\/15\/reptes-actuals-i-futurs-de-leducacio-la-convivencia-en-els-centres-educatius\/#primaryimage"},"thumbnailUrl":"https:\/\/diarieducacio.cat\/grao\/wp-content\/uploads\/sites\/31\/2016\/03\/8865586006_c5ce2a79e6_b.jpg","keywords":["compet\u00e8ncia digital","compet\u00e8ncia social","Comunicaci\u00f3","conviv\u00e8ncia","escola","gesti\u00f3 de conflictes","mediaci\u00f3 entre iguals"],"articleSection":["Diagn\u00f2stics organitzatius","Reflexi\u00f3"],"inLanguage":"ca","potentialAction":[{"@type":"CommentAction","name":"Comment","target":["https:\/\/diarieducacio.cat\/grao\/2016\/03\/15\/reptes-actuals-i-futurs-de-leducacio-la-convivencia-en-els-centres-educatius\/#respond"]}]},{"@type":"WebPage","@id":"https:\/\/diarieducacio.cat\/grao\/2016\/03\/15\/reptes-actuals-i-futurs-de-leducacio-la-convivencia-en-els-centres-educatius\/","url":"https:\/\/diarieducacio.cat\/grao\/2016\/03\/15\/reptes-actuals-i-futurs-de-leducacio-la-convivencia-en-els-centres-educatius\/","name":"Reptes actuals i futurs de l'educaci\u00f3: La conviv\u00e8ncia en els centres educatius - L'escola gra\u00f3 a gra\u00f3","isPartOf":{"@id":"https:\/\/diarieducacio.cat\/grao\/#website"},"primaryImageOfPage":{"@id":"https:\/\/diarieducacio.cat\/grao\/2016\/03\/15\/reptes-actuals-i-futurs-de-leducacio-la-convivencia-en-els-centres-educatius\/#primaryimage"},"image":{"@id":"https:\/\/diarieducacio.cat\/grao\/2016\/03\/15\/reptes-actuals-i-futurs-de-leducacio-la-convivencia-en-els-centres-educatius\/#primaryimage"},"thumbnailUrl":"https:\/\/diarieducacio.cat\/grao\/wp-content\/uploads\/sites\/31\/2016\/03\/8865586006_c5ce2a79e6_b.jpg","datePublished":"2016-03-15T11:29:34+00:00","dateModified":"2024-05-13T16:30:21+00:00","author":{"@id":"https:\/\/diarieducacio.cat\/grao\/#\/schema\/person\/377941dd8790ce2a7f11815e1c2a3eae"},"breadcrumb":{"@id":"https:\/\/diarieducacio.cat\/grao\/2016\/03\/15\/reptes-actuals-i-futurs-de-leducacio-la-convivencia-en-els-centres-educatius\/#breadcrumb"},"inLanguage":"ca","potentialAction":[{"@type":"ReadAction","target":["https:\/\/diarieducacio.cat\/grao\/2016\/03\/15\/reptes-actuals-i-futurs-de-leducacio-la-convivencia-en-els-centres-educatius\/"]}]},{"@type":"ImageObject","inLanguage":"ca","@id":"https:\/\/diarieducacio.cat\/grao\/2016\/03\/15\/reptes-actuals-i-futurs-de-leducacio-la-convivencia-en-els-centres-educatius\/#primaryimage","url":"https:\/\/diarieducacio.cat\/grao\/wp-content\/uploads\/sites\/31\/2016\/03\/8865586006_c5ce2a79e6_b.jpg","contentUrl":"https:\/\/diarieducacio.cat\/grao\/wp-content\/uploads\/sites\/31\/2016\/03\/8865586006_c5ce2a79e6_b.jpg","width":1024,"height":698},{"@type":"BreadcrumbList","@id":"https:\/\/diarieducacio.cat\/grao\/2016\/03\/15\/reptes-actuals-i-futurs-de-leducacio-la-convivencia-en-els-centres-educatius\/#breadcrumb","itemListElement":[{"@type":"ListItem","position":1,"name":"Inici","item":"https:\/\/diarieducacio.cat\/grao\/"},{"@type":"ListItem","position":2,"name":"Reptes actuals i futurs de l&#8217;educaci\u00f3: La conviv\u00e8ncia en els centres educatius"}]},{"@type":"WebSite","@id":"https:\/\/diarieducacio.cat\/grao\/#website","url":"https:\/\/diarieducacio.cat\/grao\/","name":"L'escola gra\u00f3 a gra\u00f3","description":"Un blog de El Diari de l&#039;Educaci\u00f3","potentialAction":[{"@type":"SearchAction","target":{"@type":"EntryPoint","urlTemplate":"https:\/\/diarieducacio.cat\/grao\/?s={search_term_string}"},"query-input":{"@type":"PropertyValueSpecification","valueRequired":true,"valueName":"search_term_string"}}],"inLanguage":"ca"},{"@type":"Person","@id":"https:\/\/diarieducacio.cat\/grao\/#\/schema\/person\/377941dd8790ce2a7f11815e1c2a3eae","name":"\u00c0ngels Guirado P\u00e9rez i Francesc Not\u00f3 Brullas","image":{"@type":"ImageObject","inLanguage":"ca","@id":"https:\/\/secure.gravatar.com\/avatar\/ae876568be0bc6d35cfcba93ac2f158f5f1383f2c7ce3e98cac7683f938d6de9?s=96&d=mm&r=g","url":"https:\/\/secure.gravatar.com\/avatar\/ae876568be0bc6d35cfcba93ac2f158f5f1383f2c7ce3e98cac7683f938d6de9?s=96&d=mm&r=g","contentUrl":"https:\/\/secure.gravatar.com\/avatar\/ae876568be0bc6d35cfcba93ac2f158f5f1383f2c7ce3e98cac7683f938d6de9?s=96&d=mm&r=g","caption":"\u00c0ngels Guirado P\u00e9rez i Francesc Not\u00f3 Brullas"},"url":"https:\/\/diarieducacio.cat\/grao\/author\/angfranc\/"}]}},"_links":{"self":[{"href":"https:\/\/diarieducacio.cat\/grao\/wp-json\/wp\/v2\/posts\/1301","targetHints":{"allow":["GET"]}}],"collection":[{"href":"https:\/\/diarieducacio.cat\/grao\/wp-json\/wp\/v2\/posts"}],"about":[{"href":"https:\/\/diarieducacio.cat\/grao\/wp-json\/wp\/v2\/types\/post"}],"author":[{"embeddable":true,"href":"https:\/\/diarieducacio.cat\/grao\/wp-json\/wp\/v2\/users\/561"}],"replies":[{"embeddable":true,"href":"https:\/\/diarieducacio.cat\/grao\/wp-json\/wp\/v2\/comments?post=1301"}],"version-history":[{"count":1,"href":"https:\/\/diarieducacio.cat\/grao\/wp-json\/wp\/v2\/posts\/1301\/revisions"}],"predecessor-version":[{"id":6260,"href":"https:\/\/diarieducacio.cat\/grao\/wp-json\/wp\/v2\/posts\/1301\/revisions\/6260"}],"wp:featuredmedia":[{"embeddable":true,"href":"https:\/\/diarieducacio.cat\/grao\/wp-json\/wp\/v2\/media\/1841"}],"wp:attachment":[{"href":"https:\/\/diarieducacio.cat\/grao\/wp-json\/wp\/v2\/media?parent=1301"}],"wp:term":[{"taxonomy":"category","embeddable":true,"href":"https:\/\/diarieducacio.cat\/grao\/wp-json\/wp\/v2\/categories?post=1301"},{"taxonomy":"post_tag","embeddable":true,"href":"https:\/\/diarieducacio.cat\/grao\/wp-json\/wp\/v2\/tags?post=1301"},{"taxonomy":"tipo","embeddable":true,"href":"https:\/\/diarieducacio.cat\/grao\/wp-json\/wp\/v2\/tipo?post=1301"}],"curies":[{"name":"wp","href":"https:\/\/api.w.org\/{rel}","templated":true}]}}