{"id":1304,"date":"2016-03-07T08:03:59","date_gmt":"2016-03-07T08:03:59","guid":{"rendered":"https:\/\/diarieducacio.cat\/grao\/?p=1304"},"modified":"2024-05-13T18:30:21","modified_gmt":"2024-05-13T16:30:21","slug":"entrevista-a-cesar-bona-hem-de-donar-la-millor-versio-de-nosaltres-mateixos","status":"publish","type":"post","link":"https:\/\/diarieducacio.cat\/grao\/2016\/03\/07\/entrevista-a-cesar-bona-hem-de-donar-la-millor-versio-de-nosaltres-mateixos\/","title":{"rendered":"Entrevista a C\u00e9sar Bona: \u00abHem de donar la millor versi\u00f3 de nosaltres mateixos\u00bb"},"content":{"rendered":"<blockquote><p>C\u00e9sar Bona (Saragossa, 1972) \u00e9s un mestre inquiet. Des que va comen\u00e7ar a exercir en aquesta professi\u00f3, ha treballat en projectes que impliquen els infants en el seu propi aprenentatge i que els empenyen a millorar la societat.<\/p>\n<p><a href=\"https:\/\/nostalgic-ishizaka.82-223-1-47.plesk.page\/grao\/wp-content\/uploads\/sites\/31\/2016\/02\/cbona.png\" rel=\"attachment wp-att-1305\"><\/a>En una escola amb majoria d\u2019\u00e8tnia gitana, va optar per aprendre a tocar el caix\u00f3. En una escola rural on nom\u00e9s hi havia sis criatures d\u2019edats diferents, va fer un curt de cinema mut, La importancia de llamarse Applewhite, que ha guanyat diversos premis. I el projecte Children for Animals, creat a partir d\u2019una protectora virtual ideada pels propis infants, implica ja criatures i escoles de pa\u00efsos diversos, i t\u00e9 el suport, entre altres, de l\u2019organitzaci\u00f3 Roots and Shoots, de Jane Goodall.<\/p><\/blockquote>\n<p><strong>Com arriba un mestre d\u2019escola \u00abnormal\u00bb a ser candidat a un premi com aquest?<\/strong><\/p>\n<p>Jo no m\u2019hi volia presentar. Quan vaig fer el projecte de la pel\u00b7l\u00edcula de cinema mut, un pianista que la va veure em va con\u00e8ixer i ens vam fer amics. Va ser ell qui, despr\u00e9s d\u2019haver-ne llegit la convocat\u00f2ria al diari, em va dir: \u00abT\u2019hi presentar\u00e9\u00bb, per\u00f2 li vaig respondre que ni parlar-ne. Jo s\u00f3c una persona molt tranquil\u00b7la i molt t\u00edmida i el que m\u2019agrada \u00e9s ser a classe amb els infants i despr\u00e9s arribar a casa i desconnectar, perqu\u00e8 tamb\u00e9 s\u2019ha d\u2019oxigenar la ment. Per\u00f2 el meu amic em va anar al darrere cada dia durant tres setmanes fins que em va conv\u00e8ncer. Vaig gravar un v\u00eddeo de tot el que havia dut a terme a l\u2019escola p\u00fablica al llarg de sis anys i el vaig enviar. De sobte, resulta que estava entre els cinquanta primers.<\/p>\n<p><strong>Com vius aquesta situaci\u00f3 a nivell personal?<\/strong><\/p>\n<p>\u00c9s impressionant l\u2019inter\u00e8s que mostren els mitjans, l\u2019onada d\u2019educaci\u00f3 en positiu, etc. Aix\u00f2 m\u2019ha perm\u00e8s adonar-me que hi ha un moviment brutal de gent que vol frescor en el m\u00f3n de l\u2019educaci\u00f3. Al llarg de deu mesos, no he parat ni un segon, per\u00f2 estic molt content de com ha anat tot. Malgrat aix\u00f2, la meva prioritat sempre \u00e9s estar junt amb els que tinc al voltant. \u00c9s la base de tot el que he fet sempre, fixar-me en el que tinc al voltant. Per aquest motiu, moltes vegades, fins i tot al llibre, parlo de coses \u00f2bvies, el que tinc justament aqu\u00ed. No em cal anar m\u00e9s enll\u00e0. A mi, el que m\u00e9s m\u2019agrada delm\u00f3n\u00a0\u00e9s estar amb les criatures. Mirant-ho egoistament, fins i tot, perqu\u00e8 jo els dono, per\u00f2 tamb\u00e9 rebo, em nodreixo de la seva creativitat, de la seva il\u00b7lusi\u00f3, cada dia. Ho tinc clar\u00edssim: quan s\u2019acabi tot aix\u00f2, tornar\u00e9 a l\u2019aula.<\/p>\n<blockquote><p>Jo no m\u2019imagino ser mestre si no tingu\u00e9s la confian\u00e7a o la seguretat que la meva contribuci\u00f3 cap als infants \u00e9s positiva<\/p><\/blockquote>\n<p><strong>S\u2019ha dit que, en una part important de la teva feina, practiques l\u2019educaci\u00f3 emocional.<\/strong><\/p>\n<p>Gestionar les emocions \u00e9s molt important en els infants, per\u00f2, abans que aix\u00f2, cal que alg\u00fa que els ensenyi s\u00e0piga com pot gestionar les seves. Cal formaci\u00f3 per a professorat en actiu i cal que els futurs mestres estiguin preparats per afrontar situacions distintes. Jo m\u2019inspiro en el moment i en el context, com tamb\u00e9 en el que demanen els infants, perqu\u00e8 jo sempre dic amb maj\u00fascules que el que s\u2019ha de fer \u00e9s escoltar, perqu\u00e8 aqu\u00ed \u00e9s on comencen les emocions.<\/p>\n<p><strong>Qu\u00e8 n\u2019opines d\u2019aquesta mena de moda de tractar l\u2019educaci\u00f3 emocional com quelcom que es pot programar igual que les matem\u00e0tiques?<\/strong><\/p>\n<p>Diguem que la meva visi\u00f3 sobre aquesta q\u00fcesti\u00f3 pot ser curiosa\u2026 Jo en dic \u00abproductes envasats\u00bb. Matem\u00e0tiques, angl\u00e8s, llengua. Encara que \u00e9s la meva especialitat, jo no em considero mestre d\u2019angl\u00e8s. Crec que els puc ensenyar una pila de coses i que ells me\u2019n poden ensenyar a mi. I que, sobretot, cal ensenyar per a la vida. Per a mi, la doc\u00e8ncia no t\u00e9 cap m\u00e9s sentit.<\/p>\n<p>Un dia, vaig preguntar en una confer\u00e8ncia: \u00abPer a qu\u00e8 serveixen les matem\u00e0tiques? I la llengua?\u00bb. La gent responia: \u00abLes matem\u00e0tiques serveixen per saber pagar una hipoteca, per entendre la m\u00fasica, per saber on est\u00e0s situat\u00bb, \u00abLa llengua serveix per dir \u201ct\u2019estimo\u201d, per comunicar-te, per entendre l\u2019altra gent\u00bb. No hi havia ning\u00fa que digu\u00e9s que les matem\u00e0tiques servien per fer problemes in\u00fatils, ni la llengua per saber-se els pronoms o per omplir forats. Hem\u00a0d\u2019ensenyar per a la vida, i les emocions s\u00f3n part de la vida. Per mi, \u00e9s obligatori que siguin a les escoles.<\/p>\n<p><strong>I si despr\u00e9s resulta que la vida de fora de l\u2019escola \u00e9s una mica contradict\u00f2ria en alguns aspectes amb el que hi passa dintre?<\/strong><\/p>\n<p>Jo no m\u2019imagino ser mestre si no tingu\u00e9s la confian\u00e7a o la seguretat que la meva contribuci\u00f3 cap als infants \u00e9s positiva. Com a mestre, com molts, com milers, els vull convidar a fer de la societat un lloc millor.<\/p>\n<p><strong>Els teus projectes fomenten la participaci\u00f3 infantil, la capacitat de les pr\u00f2pies criatures per canviar el seu entorn.<\/strong><\/p>\n<p>\u00c9s clar. El millor lloc per convidar a participar \u00e9s l\u2019escola. Els infants i els adolescents estan desitjant fer coses, sentir-se importants, i no hi ha res millor per sentirse important que fer alguna cosa que repercuteixi en el b\u00e9 social i, a m\u00e9s, que siguin conscients que s\u00f3n un exemple per a unes altres persones. Aix\u00f2 els motiva tant, que estan encantats.<\/p>\n<p><strong>Potser el teu projecte m\u00e9s fam\u00f3s en aquest sentit \u00e9s Children for animals.<\/strong><\/p>\n<p>S\u00ed, de fet, \u00e9s el que ha arribat m\u00e9s lluny o a m\u00e9s persones. \u00c9s veritat que la pel\u00b7l\u00edcula de cinema mut transcorria en una petita comunitat de dos-cents habitants, el documental que vaig fer amb uns avis mirava d\u2019unir uns ancians concrets amb un grup d\u2019infants. Children for animals eren dotze nens i nenes, per\u00f2 van arribar a parlar al Congr\u00e9s dels Diputats i en van encomanar milers. Van invertir el sentit de l\u2019educaci\u00f3, perqu\u00e8 investigaven, parlaven amb els seus pares i mares. Despr\u00e9s, van enconanar a uns altres infants les ganes d\u2019actuar igual i van aconseguir que la gent es replanteg\u00e9s alguns conceptes respecte als animals. All\u00e0, utilitzaven l\u2019empatia, la decisi\u00f3 de fer un pas endavant, de canviar les coses i de ser exemple per a uns altres nens i nenes.<\/p>\n<p><strong>Com aconsegueixes encomanar-los aquestes ganes de fer alguna cosa per millorar la societat?<\/strong><\/p>\n<p>T\u2019explicar\u00e9 un exemple. Tres anys enrere, vaig anar a fer una xerrada al Centre de Protecci\u00f3 Animal de Saragossa. Hi havia sis-cents infants i, abans de comen\u00e7ar, se me\u2019n va acostar un que devia tenir uns nou anys. Em va dir: \u00abEm dic Dani i vaig salvar un gat\u00bb. Jo li vaig respondre: \u00abMolt b\u00e9, doncs espera\u2019t un moment aqu\u00ed\u00bb. Els vaig parlar sobre el que parlo a tots els infants: qu\u00e8 \u00e9s un heroi o una hero\u00efna. A les criautres, els dic: \u00abUn heroi o una hero\u00efna no \u00e9s alg\u00fa que porta capa o alg\u00fa que es posa la roba interior damunt dels pantalons. Per a mi, un heroi o una hero\u00efna \u00e9s alg\u00fa que fa que la gent que t\u00e9 al voltant sigui m\u00e9s feli\u00e7\u00bb. Aleshores, en posava l\u2019exemple d\u2019un bomber, d\u2019una fornera que guardava una barra de pa per a qui no es podia permetre comprar-ne o de qui salva un animal. I els vaig dir: \u00abAra us presentar\u00e9 alg\u00fa\u00bb. I vaig demanar al Dani: \u00abAgafa el micro i explica\u2019ls qu\u00e8 vas fer\u00bb. I, als siscents infants, els va explicar: \u00abEm dic Dani i jo vaig salvar un gat\u00bb. Vaig tornar a agafar el micro i vaig preguntar: \u00abQu\u00e8 \u00e9s el Dani?\u00bb. I els sis-cents infants que hi havia van cridar: \u00ab\u00c9S UN HEROI!\u00bb, i van aplaudir. Aleshores, tots sis-cents van entendre l\u2019exemple i van prendre com a refer\u00e8ncia alg\u00fa, un heroi, que havia salvat un animal. (&#8230;)<\/p>\n<p><strong>Font:<\/strong> Revista Guix.\u00a0n.421. Clic <span style=\"color: #0000ff\"><strong><a style=\"color: #0000ff\" href=\"http:\/\/www.grao.com\/revistes\/guix\/421-practiques-d-aula-i-de-centre\/cesar-bona-hem-de-donar-la-millor-versio-de-nosaltres-mateixos\" target=\"_blank\" rel=\"noopener\">aqu\u00ed<\/a><\/strong><\/span>.<\/p>\n","protected":false},"excerpt":{"rendered":"<p>C\u00e9sar Bona va saltar de la seva aula a la fama quan va ser nominat al Global Teacher Prize, conegut com el \u00abNobel\u00bb del professorat. Aix\u00f2 el va convertir gaireb\u00e9 en un fenomen de masses seguit per milers de fans. <\/p>\n","protected":false},"author":554,"featured_media":1305,"comment_status":"open","ping_status":"open","sticky":false,"template":"","format":"standard","meta":{"footnotes":""},"categories":[101,198,155,146],"tags":[142,102,132,97,165],"tipo":[],"class_list":{"0":"post-1304","1":"post","2":"type-post","3":"status-publish","4":"format-standard","5":"has-post-thumbnail","7":"category-desenvolupament-personal","8":"category-desenvolupament-professional","9":"category-funcio-social-de-lensenyament","10":"category-retrats-de-vivencies-personals","11":"tag-creativitat-2","12":"tag-dimensions-innovadores","13":"tag-educar","14":"tag-grao","15":"tag-infancia"},"yoast_head":"<!-- This site is optimized with the Yoast SEO plugin v27.5 - https:\/\/yoast.com\/product\/yoast-seo-wordpress\/ -->\n<title>Entrevista a C\u00e9sar Bona: \u00abHem de donar la millor versi\u00f3 de nosaltres mateixos\u00bb - L&#039;escola gra\u00f3 a gra\u00f3<\/title>\n<meta name=\"robots\" content=\"index, follow, max-snippet:-1, max-image-preview:large, max-video-preview:-1\" \/>\n<link rel=\"canonical\" href=\"https:\/\/diarieducacio.cat\/grao\/2016\/03\/07\/entrevista-a-cesar-bona-hem-de-donar-la-millor-versio-de-nosaltres-mateixos\/\" \/>\n<meta property=\"og:locale\" content=\"ca_ES\" \/>\n<meta property=\"og:type\" content=\"article\" \/>\n<meta property=\"og:title\" content=\"Entrevista a C\u00e9sar Bona: \u00abHem de donar la millor versi\u00f3 de nosaltres mateixos\u00bb - L&#039;escola gra\u00f3 a gra\u00f3\" \/>\n<meta property=\"og:description\" content=\"C\u00e9sar Bona va saltar de la seva aula a la fama quan va ser nominat al Global Teacher Prize, conegut com el \u00abNobel\u00bb del professorat. Aix\u00f2 el va convertir gaireb\u00e9 en un fenomen de masses seguit per milers de fans.\" \/>\n<meta property=\"og:url\" content=\"https:\/\/diarieducacio.cat\/grao\/2016\/03\/07\/entrevista-a-cesar-bona-hem-de-donar-la-millor-versio-de-nosaltres-mateixos\/\" \/>\n<meta property=\"og:site_name\" content=\"L&#039;escola gra\u00f3 a gra\u00f3\" \/>\n<meta property=\"article:published_time\" content=\"2016-03-07T08:03:59+00:00\" \/>\n<meta property=\"article:modified_time\" content=\"2024-05-13T16:30:21+00:00\" \/>\n<meta property=\"og:image\" content=\"https:\/\/diarieducacio.cat\/grao\/wp-content\/uploads\/sites\/31\/2016\/02\/cbona.png\" \/>\n\t<meta property=\"og:image:width\" content=\"255\" \/>\n\t<meta property=\"og:image:height\" content=\"171\" \/>\n\t<meta property=\"og:image:type\" content=\"image\/png\" \/>\n<meta name=\"author\" content=\"Miquel \u00c0ngel Alabart Saludes\" \/>\n<meta name=\"twitter:card\" content=\"summary_large_image\" \/>\n<meta name=\"twitter:label1\" content=\"Escrit per\" \/>\n\t<meta name=\"twitter:data1\" content=\"Miquel \u00c0ngel Alabart Saludes\" \/>\n\t<meta name=\"twitter:label2\" content=\"Temps estimat de lectura\" \/>\n\t<meta name=\"twitter:data2\" content=\"7 minuts\" \/>\n<script type=\"application\/ld+json\" class=\"yoast-schema-graph\">{\"@context\":\"https:\\\/\\\/schema.org\",\"@graph\":[{\"@type\":\"Article\",\"@id\":\"https:\\\/\\\/diarieducacio.cat\\\/grao\\\/2016\\\/03\\\/07\\\/entrevista-a-cesar-bona-hem-de-donar-la-millor-versio-de-nosaltres-mateixos\\\/#article\",\"isPartOf\":{\"@id\":\"https:\\\/\\\/diarieducacio.cat\\\/grao\\\/2016\\\/03\\\/07\\\/entrevista-a-cesar-bona-hem-de-donar-la-millor-versio-de-nosaltres-mateixos\\\/\"},\"author\":{\"name\":\"Miquel \u00c0ngel Alabart Saludes\",\"@id\":\"https:\\\/\\\/diarieducacio.cat\\\/grao\\\/#\\\/schema\\\/person\\\/b1fd5286383e6e968c776410516715d6\"},\"headline\":\"Entrevista a C\u00e9sar Bona: \u00abHem de donar la millor versi\u00f3 de nosaltres mateixos\u00bb\",\"datePublished\":\"2016-03-07T08:03:59+00:00\",\"dateModified\":\"2024-05-13T16:30:21+00:00\",\"mainEntityOfPage\":{\"@id\":\"https:\\\/\\\/diarieducacio.cat\\\/grao\\\/2016\\\/03\\\/07\\\/entrevista-a-cesar-bona-hem-de-donar-la-millor-versio-de-nosaltres-mateixos\\\/\"},\"wordCount\":1413,\"commentCount\":0,\"image\":{\"@id\":\"https:\\\/\\\/diarieducacio.cat\\\/grao\\\/2016\\\/03\\\/07\\\/entrevista-a-cesar-bona-hem-de-donar-la-millor-versio-de-nosaltres-mateixos\\\/#primaryimage\"},\"thumbnailUrl\":\"https:\\\/\\\/diarieducacio.cat\\\/grao\\\/wp-content\\\/uploads\\\/sites\\\/31\\\/2016\\\/02\\\/cbona.png\",\"keywords\":[\"creativitat\",\"dimensions innovadores\",\"educar\",\"Gra\u00f3\",\"inf\u00e0ncia\"],\"articleSection\":[\"Desenvolupament Personal\",\"Desenvolupament professional\",\"Funci\u00f3 social de l'ensenyament\",\"Retrats de viv\u00e8ncies personals\"],\"inLanguage\":\"ca\",\"potentialAction\":[{\"@type\":\"CommentAction\",\"name\":\"Comment\",\"target\":[\"https:\\\/\\\/diarieducacio.cat\\\/grao\\\/2016\\\/03\\\/07\\\/entrevista-a-cesar-bona-hem-de-donar-la-millor-versio-de-nosaltres-mateixos\\\/#respond\"]}]},{\"@type\":\"WebPage\",\"@id\":\"https:\\\/\\\/diarieducacio.cat\\\/grao\\\/2016\\\/03\\\/07\\\/entrevista-a-cesar-bona-hem-de-donar-la-millor-versio-de-nosaltres-mateixos\\\/\",\"url\":\"https:\\\/\\\/diarieducacio.cat\\\/grao\\\/2016\\\/03\\\/07\\\/entrevista-a-cesar-bona-hem-de-donar-la-millor-versio-de-nosaltres-mateixos\\\/\",\"name\":\"Entrevista a C\u00e9sar Bona: \u00abHem de donar la millor versi\u00f3 de nosaltres mateixos\u00bb - L'escola gra\u00f3 a gra\u00f3\",\"isPartOf\":{\"@id\":\"https:\\\/\\\/diarieducacio.cat\\\/grao\\\/#website\"},\"primaryImageOfPage\":{\"@id\":\"https:\\\/\\\/diarieducacio.cat\\\/grao\\\/2016\\\/03\\\/07\\\/entrevista-a-cesar-bona-hem-de-donar-la-millor-versio-de-nosaltres-mateixos\\\/#primaryimage\"},\"image\":{\"@id\":\"https:\\\/\\\/diarieducacio.cat\\\/grao\\\/2016\\\/03\\\/07\\\/entrevista-a-cesar-bona-hem-de-donar-la-millor-versio-de-nosaltres-mateixos\\\/#primaryimage\"},\"thumbnailUrl\":\"https:\\\/\\\/diarieducacio.cat\\\/grao\\\/wp-content\\\/uploads\\\/sites\\\/31\\\/2016\\\/02\\\/cbona.png\",\"datePublished\":\"2016-03-07T08:03:59+00:00\",\"dateModified\":\"2024-05-13T16:30:21+00:00\",\"author\":{\"@id\":\"https:\\\/\\\/diarieducacio.cat\\\/grao\\\/#\\\/schema\\\/person\\\/b1fd5286383e6e968c776410516715d6\"},\"breadcrumb\":{\"@id\":\"https:\\\/\\\/diarieducacio.cat\\\/grao\\\/2016\\\/03\\\/07\\\/entrevista-a-cesar-bona-hem-de-donar-la-millor-versio-de-nosaltres-mateixos\\\/#breadcrumb\"},\"inLanguage\":\"ca\",\"potentialAction\":[{\"@type\":\"ReadAction\",\"target\":[\"https:\\\/\\\/diarieducacio.cat\\\/grao\\\/2016\\\/03\\\/07\\\/entrevista-a-cesar-bona-hem-de-donar-la-millor-versio-de-nosaltres-mateixos\\\/\"]}]},{\"@type\":\"ImageObject\",\"inLanguage\":\"ca\",\"@id\":\"https:\\\/\\\/diarieducacio.cat\\\/grao\\\/2016\\\/03\\\/07\\\/entrevista-a-cesar-bona-hem-de-donar-la-millor-versio-de-nosaltres-mateixos\\\/#primaryimage\",\"url\":\"https:\\\/\\\/diarieducacio.cat\\\/grao\\\/wp-content\\\/uploads\\\/sites\\\/31\\\/2016\\\/02\\\/cbona.png\",\"contentUrl\":\"https:\\\/\\\/diarieducacio.cat\\\/grao\\\/wp-content\\\/uploads\\\/sites\\\/31\\\/2016\\\/02\\\/cbona.png\",\"width\":255,\"height\":171},{\"@type\":\"BreadcrumbList\",\"@id\":\"https:\\\/\\\/diarieducacio.cat\\\/grao\\\/2016\\\/03\\\/07\\\/entrevista-a-cesar-bona-hem-de-donar-la-millor-versio-de-nosaltres-mateixos\\\/#breadcrumb\",\"itemListElement\":[{\"@type\":\"ListItem\",\"position\":1,\"name\":\"Inici\",\"item\":\"https:\\\/\\\/diarieducacio.cat\\\/grao\\\/\"},{\"@type\":\"ListItem\",\"position\":2,\"name\":\"Entrevista a C\u00e9sar Bona: \u00abHem de donar la millor versi\u00f3 de nosaltres mateixos\u00bb\"}]},{\"@type\":\"WebSite\",\"@id\":\"https:\\\/\\\/diarieducacio.cat\\\/grao\\\/#website\",\"url\":\"https:\\\/\\\/diarieducacio.cat\\\/grao\\\/\",\"name\":\"L'escola gra\u00f3 a gra\u00f3\",\"description\":\"Un blog de El Diari de l&#039;Educaci\u00f3\",\"potentialAction\":[{\"@type\":\"SearchAction\",\"target\":{\"@type\":\"EntryPoint\",\"urlTemplate\":\"https:\\\/\\\/diarieducacio.cat\\\/grao\\\/?s={search_term_string}\"},\"query-input\":{\"@type\":\"PropertyValueSpecification\",\"valueRequired\":true,\"valueName\":\"search_term_string\"}}],\"inLanguage\":\"ca\"},{\"@type\":\"Person\",\"@id\":\"https:\\\/\\\/diarieducacio.cat\\\/grao\\\/#\\\/schema\\\/person\\\/b1fd5286383e6e968c776410516715d6\",\"name\":\"Miquel \u00c0ngel Alabart Saludes\",\"image\":{\"@type\":\"ImageObject\",\"inLanguage\":\"ca\",\"@id\":\"https:\\\/\\\/secure.gravatar.com\\\/avatar\\\/c73aeeea96e0d7f7a50df8a01c8a6e9d2ad94d58a83f6b48fe5d0e5c93fe8e28?s=96&d=mm&r=g\",\"url\":\"https:\\\/\\\/secure.gravatar.com\\\/avatar\\\/c73aeeea96e0d7f7a50df8a01c8a6e9d2ad94d58a83f6b48fe5d0e5c93fe8e28?s=96&d=mm&r=g\",\"contentUrl\":\"https:\\\/\\\/secure.gravatar.com\\\/avatar\\\/c73aeeea96e0d7f7a50df8a01c8a6e9d2ad94d58a83f6b48fe5d0e5c93fe8e28?s=96&d=mm&r=g\",\"caption\":\"Miquel \u00c0ngel Alabart Saludes\"},\"url\":\"https:\\\/\\\/diarieducacio.cat\\\/grao\\\/author\\\/malabart\\\/\"}]}<\/script>\n<!-- \/ Yoast SEO plugin. -->","yoast_head_json":{"title":"Entrevista a C\u00e9sar Bona: \u00abHem de donar la millor versi\u00f3 de nosaltres mateixos\u00bb - L'escola gra\u00f3 a gra\u00f3","robots":{"index":"index","follow":"follow","max-snippet":"max-snippet:-1","max-image-preview":"max-image-preview:large","max-video-preview":"max-video-preview:-1"},"canonical":"https:\/\/diarieducacio.cat\/grao\/2016\/03\/07\/entrevista-a-cesar-bona-hem-de-donar-la-millor-versio-de-nosaltres-mateixos\/","og_locale":"ca_ES","og_type":"article","og_title":"Entrevista a C\u00e9sar Bona: \u00abHem de donar la millor versi\u00f3 de nosaltres mateixos\u00bb - L'escola gra\u00f3 a gra\u00f3","og_description":"C\u00e9sar Bona va saltar de la seva aula a la fama quan va ser nominat al Global Teacher Prize, conegut com el \u00abNobel\u00bb del professorat. Aix\u00f2 el va convertir gaireb\u00e9 en un fenomen de masses seguit per milers de fans.","og_url":"https:\/\/diarieducacio.cat\/grao\/2016\/03\/07\/entrevista-a-cesar-bona-hem-de-donar-la-millor-versio-de-nosaltres-mateixos\/","og_site_name":"L'escola gra\u00f3 a gra\u00f3","article_published_time":"2016-03-07T08:03:59+00:00","article_modified_time":"2024-05-13T16:30:21+00:00","og_image":[{"width":255,"height":171,"url":"https:\/\/diarieducacio.cat\/grao\/wp-content\/uploads\/sites\/31\/2016\/02\/cbona.png","type":"image\/png"}],"author":"Miquel \u00c0ngel Alabart Saludes","twitter_card":"summary_large_image","twitter_misc":{"Escrit per":"Miquel \u00c0ngel Alabart Saludes","Temps estimat de lectura":"7 minuts"},"schema":{"@context":"https:\/\/schema.org","@graph":[{"@type":"Article","@id":"https:\/\/diarieducacio.cat\/grao\/2016\/03\/07\/entrevista-a-cesar-bona-hem-de-donar-la-millor-versio-de-nosaltres-mateixos\/#article","isPartOf":{"@id":"https:\/\/diarieducacio.cat\/grao\/2016\/03\/07\/entrevista-a-cesar-bona-hem-de-donar-la-millor-versio-de-nosaltres-mateixos\/"},"author":{"name":"Miquel \u00c0ngel Alabart Saludes","@id":"https:\/\/diarieducacio.cat\/grao\/#\/schema\/person\/b1fd5286383e6e968c776410516715d6"},"headline":"Entrevista a C\u00e9sar Bona: \u00abHem de donar la millor versi\u00f3 de nosaltres mateixos\u00bb","datePublished":"2016-03-07T08:03:59+00:00","dateModified":"2024-05-13T16:30:21+00:00","mainEntityOfPage":{"@id":"https:\/\/diarieducacio.cat\/grao\/2016\/03\/07\/entrevista-a-cesar-bona-hem-de-donar-la-millor-versio-de-nosaltres-mateixos\/"},"wordCount":1413,"commentCount":0,"image":{"@id":"https:\/\/diarieducacio.cat\/grao\/2016\/03\/07\/entrevista-a-cesar-bona-hem-de-donar-la-millor-versio-de-nosaltres-mateixos\/#primaryimage"},"thumbnailUrl":"https:\/\/diarieducacio.cat\/grao\/wp-content\/uploads\/sites\/31\/2016\/02\/cbona.png","keywords":["creativitat","dimensions innovadores","educar","Gra\u00f3","inf\u00e0ncia"],"articleSection":["Desenvolupament Personal","Desenvolupament professional","Funci\u00f3 social de l'ensenyament","Retrats de viv\u00e8ncies personals"],"inLanguage":"ca","potentialAction":[{"@type":"CommentAction","name":"Comment","target":["https:\/\/diarieducacio.cat\/grao\/2016\/03\/07\/entrevista-a-cesar-bona-hem-de-donar-la-millor-versio-de-nosaltres-mateixos\/#respond"]}]},{"@type":"WebPage","@id":"https:\/\/diarieducacio.cat\/grao\/2016\/03\/07\/entrevista-a-cesar-bona-hem-de-donar-la-millor-versio-de-nosaltres-mateixos\/","url":"https:\/\/diarieducacio.cat\/grao\/2016\/03\/07\/entrevista-a-cesar-bona-hem-de-donar-la-millor-versio-de-nosaltres-mateixos\/","name":"Entrevista a C\u00e9sar Bona: \u00abHem de donar la millor versi\u00f3 de nosaltres mateixos\u00bb - L'escola gra\u00f3 a gra\u00f3","isPartOf":{"@id":"https:\/\/diarieducacio.cat\/grao\/#website"},"primaryImageOfPage":{"@id":"https:\/\/diarieducacio.cat\/grao\/2016\/03\/07\/entrevista-a-cesar-bona-hem-de-donar-la-millor-versio-de-nosaltres-mateixos\/#primaryimage"},"image":{"@id":"https:\/\/diarieducacio.cat\/grao\/2016\/03\/07\/entrevista-a-cesar-bona-hem-de-donar-la-millor-versio-de-nosaltres-mateixos\/#primaryimage"},"thumbnailUrl":"https:\/\/diarieducacio.cat\/grao\/wp-content\/uploads\/sites\/31\/2016\/02\/cbona.png","datePublished":"2016-03-07T08:03:59+00:00","dateModified":"2024-05-13T16:30:21+00:00","author":{"@id":"https:\/\/diarieducacio.cat\/grao\/#\/schema\/person\/b1fd5286383e6e968c776410516715d6"},"breadcrumb":{"@id":"https:\/\/diarieducacio.cat\/grao\/2016\/03\/07\/entrevista-a-cesar-bona-hem-de-donar-la-millor-versio-de-nosaltres-mateixos\/#breadcrumb"},"inLanguage":"ca","potentialAction":[{"@type":"ReadAction","target":["https:\/\/diarieducacio.cat\/grao\/2016\/03\/07\/entrevista-a-cesar-bona-hem-de-donar-la-millor-versio-de-nosaltres-mateixos\/"]}]},{"@type":"ImageObject","inLanguage":"ca","@id":"https:\/\/diarieducacio.cat\/grao\/2016\/03\/07\/entrevista-a-cesar-bona-hem-de-donar-la-millor-versio-de-nosaltres-mateixos\/#primaryimage","url":"https:\/\/diarieducacio.cat\/grao\/wp-content\/uploads\/sites\/31\/2016\/02\/cbona.png","contentUrl":"https:\/\/diarieducacio.cat\/grao\/wp-content\/uploads\/sites\/31\/2016\/02\/cbona.png","width":255,"height":171},{"@type":"BreadcrumbList","@id":"https:\/\/diarieducacio.cat\/grao\/2016\/03\/07\/entrevista-a-cesar-bona-hem-de-donar-la-millor-versio-de-nosaltres-mateixos\/#breadcrumb","itemListElement":[{"@type":"ListItem","position":1,"name":"Inici","item":"https:\/\/diarieducacio.cat\/grao\/"},{"@type":"ListItem","position":2,"name":"Entrevista a C\u00e9sar Bona: \u00abHem de donar la millor versi\u00f3 de nosaltres mateixos\u00bb"}]},{"@type":"WebSite","@id":"https:\/\/diarieducacio.cat\/grao\/#website","url":"https:\/\/diarieducacio.cat\/grao\/","name":"L'escola gra\u00f3 a gra\u00f3","description":"Un blog de El Diari de l&#039;Educaci\u00f3","potentialAction":[{"@type":"SearchAction","target":{"@type":"EntryPoint","urlTemplate":"https:\/\/diarieducacio.cat\/grao\/?s={search_term_string}"},"query-input":{"@type":"PropertyValueSpecification","valueRequired":true,"valueName":"search_term_string"}}],"inLanguage":"ca"},{"@type":"Person","@id":"https:\/\/diarieducacio.cat\/grao\/#\/schema\/person\/b1fd5286383e6e968c776410516715d6","name":"Miquel \u00c0ngel Alabart Saludes","image":{"@type":"ImageObject","inLanguage":"ca","@id":"https:\/\/secure.gravatar.com\/avatar\/c73aeeea96e0d7f7a50df8a01c8a6e9d2ad94d58a83f6b48fe5d0e5c93fe8e28?s=96&d=mm&r=g","url":"https:\/\/secure.gravatar.com\/avatar\/c73aeeea96e0d7f7a50df8a01c8a6e9d2ad94d58a83f6b48fe5d0e5c93fe8e28?s=96&d=mm&r=g","contentUrl":"https:\/\/secure.gravatar.com\/avatar\/c73aeeea96e0d7f7a50df8a01c8a6e9d2ad94d58a83f6b48fe5d0e5c93fe8e28?s=96&d=mm&r=g","caption":"Miquel \u00c0ngel Alabart Saludes"},"url":"https:\/\/diarieducacio.cat\/grao\/author\/malabart\/"}]}},"_links":{"self":[{"href":"https:\/\/diarieducacio.cat\/grao\/wp-json\/wp\/v2\/posts\/1304","targetHints":{"allow":["GET"]}}],"collection":[{"href":"https:\/\/diarieducacio.cat\/grao\/wp-json\/wp\/v2\/posts"}],"about":[{"href":"https:\/\/diarieducacio.cat\/grao\/wp-json\/wp\/v2\/types\/post"}],"author":[{"embeddable":true,"href":"https:\/\/diarieducacio.cat\/grao\/wp-json\/wp\/v2\/users\/554"}],"replies":[{"embeddable":true,"href":"https:\/\/diarieducacio.cat\/grao\/wp-json\/wp\/v2\/comments?post=1304"}],"version-history":[{"count":1,"href":"https:\/\/diarieducacio.cat\/grao\/wp-json\/wp\/v2\/posts\/1304\/revisions"}],"predecessor-version":[{"id":6261,"href":"https:\/\/diarieducacio.cat\/grao\/wp-json\/wp\/v2\/posts\/1304\/revisions\/6261"}],"wp:featuredmedia":[{"embeddable":true,"href":"https:\/\/diarieducacio.cat\/grao\/wp-json\/wp\/v2\/media\/1305"}],"wp:attachment":[{"href":"https:\/\/diarieducacio.cat\/grao\/wp-json\/wp\/v2\/media?parent=1304"}],"wp:term":[{"taxonomy":"category","embeddable":true,"href":"https:\/\/diarieducacio.cat\/grao\/wp-json\/wp\/v2\/categories?post=1304"},{"taxonomy":"post_tag","embeddable":true,"href":"https:\/\/diarieducacio.cat\/grao\/wp-json\/wp\/v2\/tags?post=1304"},{"taxonomy":"tipo","embeddable":true,"href":"https:\/\/diarieducacio.cat\/grao\/wp-json\/wp\/v2\/tipo?post=1304"}],"curies":[{"name":"wp","href":"https:\/\/api.w.org\/{rel}","templated":true}]}}