{"id":1415,"date":"2016-10-14T13:40:04","date_gmt":"2016-10-14T13:40:04","guid":{"rendered":"https:\/\/diarieducacio.cat\/grao\/?p=1415"},"modified":"2024-05-13T18:30:22","modified_gmt":"2024-05-13T16:30:22","slug":"frato-on-poso-lordinador","status":"publish","type":"post","link":"https:\/\/diarieducacio.cat\/grao\/2016\/10\/14\/frato-on-poso-lordinador\/","title":{"rendered":"FRATO: On poso l&#8217;ordinador?"},"content":{"rendered":"<p><a href=\"https:\/\/nostalgic-ishizaka.82-223-1-47.plesk.page\/grao\/wp-content\/uploads\/sites\/31\/2016\/05\/frato-on-poso-lordinador.png\"><img fetchpriority=\"high\" decoding=\"async\" class=\"aligncenter wp-image-1416 \" src=\"https:\/\/diarieducacio.cat\/grao\/wp-content\/uploads\/sites\/10\/2016\/05\/frato-on-poso-lordinador-300x252.png\" alt=\"frato-on-poso-lordinador\" width=\"318\" height=\"267\" srcset=\"https:\/\/diarieducacio.cat\/grao\/wp-content\/uploads\/sites\/31\/2016\/05\/frato-on-poso-lordinador-300x252.png 300w, https:\/\/diarieducacio.cat\/grao\/wp-content\/uploads\/sites\/31\/2016\/05\/frato-on-poso-lordinador-768x644.png 768w, https:\/\/diarieducacio.cat\/grao\/wp-content\/uploads\/sites\/31\/2016\/05\/frato-on-poso-lordinador-150x126.png 150w, https:\/\/diarieducacio.cat\/grao\/wp-content\/uploads\/sites\/31\/2016\/05\/frato-on-poso-lordinador-450x378.png 450w, https:\/\/diarieducacio.cat\/grao\/wp-content\/uploads\/sites\/31\/2016\/05\/frato-on-poso-lordinador.png 1000w\" sizes=\"(max-width: 318px) 100vw, 318px\" \/><\/a><\/p>\n","protected":false},"excerpt":{"rendered":"","protected":false},"author":534,"featured_media":1416,"comment_status":"open","ping_status":"open","sticky":false,"template":"","format":"standard","meta":{"footnotes":""},"categories":[163,115,313],"tags":[102,199,147],"tipo":[],"class_list":{"0":"post-1415","1":"post","2":"type-post","3":"status-publish","4":"format-standard","5":"has-post-thumbnail","7":"category-estrategies-densenyament-aprenentatge","8":"category-reflexio","9":"category-tic","10":"tag-dimensions-innovadores","11":"tag-escola","12":"tag-visio-del-mon"},"yoast_head":"<!-- This site is optimized with the Yoast SEO plugin v27.5 - https:\/\/yoast.com\/product\/yoast-seo-wordpress\/ -->\n<title>FRATO: On poso l&#039;ordinador? - L&#039;escola gra\u00f3 a gra\u00f3<\/title>\n<meta name=\"robots\" content=\"index, follow, max-snippet:-1, max-image-preview:large, max-video-preview:-1\" \/>\n<link rel=\"canonical\" href=\"https:\/\/diarieducacio.cat\/grao\/2016\/10\/14\/frato-on-poso-lordinador\/\" \/>\n<meta property=\"og:locale\" content=\"ca_ES\" \/>\n<meta property=\"og:type\" content=\"article\" \/>\n<meta property=\"og:title\" content=\"FRATO: On poso l&#039;ordinador? - L&#039;escola gra\u00f3 a gra\u00f3\" \/>\n<meta property=\"og:url\" content=\"https:\/\/diarieducacio.cat\/grao\/2016\/10\/14\/frato-on-poso-lordinador\/\" \/>\n<meta property=\"og:site_name\" content=\"L&#039;escola gra\u00f3 a gra\u00f3\" \/>\n<meta property=\"article:published_time\" content=\"2016-10-14T13:40:04+00:00\" \/>\n<meta property=\"article:modified_time\" content=\"2024-05-13T16:30:22+00:00\" \/>\n<meta property=\"og:image\" content=\"https:\/\/diarieducacio.cat\/grao\/wp-content\/uploads\/sites\/31\/2016\/05\/frato-on-poso-lordinador.png\" \/>\n\t<meta property=\"og:image:width\" content=\"1000\" \/>\n\t<meta property=\"og:image:height\" content=\"839\" \/>\n\t<meta property=\"og:image:type\" content=\"image\/png\" \/>\n<meta name=\"author\" content=\"FRATO (Francesco Tonucci)\" \/>\n<meta name=\"twitter:card\" content=\"summary_large_image\" \/>\n<meta name=\"twitter:label1\" content=\"Escrit per\" \/>\n\t<meta name=\"twitter:data1\" content=\"FRATO (Francesco Tonucci)\" \/>\n<script type=\"application\/ld+json\" class=\"yoast-schema-graph\">{\"@context\":\"https:\\\/\\\/schema.org\",\"@graph\":[{\"@type\":\"Article\",\"@id\":\"https:\\\/\\\/diarieducacio.cat\\\/grao\\\/2016\\\/10\\\/14\\\/frato-on-poso-lordinador\\\/#article\",\"isPartOf\":{\"@id\":\"https:\\\/\\\/diarieducacio.cat\\\/grao\\\/2016\\\/10\\\/14\\\/frato-on-poso-lordinador\\\/\"},\"author\":{\"name\":\"FRATO (Francesco Tonucci)\",\"@id\":\"https:\\\/\\\/diarieducacio.cat\\\/grao\\\/#\\\/schema\\\/person\\\/48c132245e3ad272404be6d6a33fab46\"},\"headline\":\"FRATO: On poso l&#8217;ordinador?\",\"datePublished\":\"2016-10-14T13:40:04+00:00\",\"dateModified\":\"2024-05-13T16:30:22+00:00\",\"mainEntityOfPage\":{\"@id\":\"https:\\\/\\\/diarieducacio.cat\\\/grao\\\/2016\\\/10\\\/14\\\/frato-on-poso-lordinador\\\/\"},\"wordCount\":5,\"commentCount\":0,\"image\":{\"@id\":\"https:\\\/\\\/diarieducacio.cat\\\/grao\\\/2016\\\/10\\\/14\\\/frato-on-poso-lordinador\\\/#primaryimage\"},\"thumbnailUrl\":\"https:\\\/\\\/diarieducacio.cat\\\/grao\\\/wp-content\\\/uploads\\\/sites\\\/31\\\/2016\\\/05\\\/frato-on-poso-lordinador.png\",\"keywords\":[\"dimensions innovadores\",\"escola\",\"visi\u00f3 del m\u00f3n\"],\"articleSection\":[\"Estrat\u00e8gies d'Ensenyament-Aprenentatge\",\"Reflexi\u00f3\",\"TIC\"],\"inLanguage\":\"ca\",\"potentialAction\":[{\"@type\":\"CommentAction\",\"name\":\"Comment\",\"target\":[\"https:\\\/\\\/diarieducacio.cat\\\/grao\\\/2016\\\/10\\\/14\\\/frato-on-poso-lordinador\\\/#respond\"]}]},{\"@type\":\"WebPage\",\"@id\":\"https:\\\/\\\/diarieducacio.cat\\\/grao\\\/2016\\\/10\\\/14\\\/frato-on-poso-lordinador\\\/\",\"url\":\"https:\\\/\\\/diarieducacio.cat\\\/grao\\\/2016\\\/10\\\/14\\\/frato-on-poso-lordinador\\\/\",\"name\":\"FRATO: On poso l'ordinador? - L'escola gra\u00f3 a gra\u00f3\",\"isPartOf\":{\"@id\":\"https:\\\/\\\/diarieducacio.cat\\\/grao\\\/#website\"},\"primaryImageOfPage\":{\"@id\":\"https:\\\/\\\/diarieducacio.cat\\\/grao\\\/2016\\\/10\\\/14\\\/frato-on-poso-lordinador\\\/#primaryimage\"},\"image\":{\"@id\":\"https:\\\/\\\/diarieducacio.cat\\\/grao\\\/2016\\\/10\\\/14\\\/frato-on-poso-lordinador\\\/#primaryimage\"},\"thumbnailUrl\":\"https:\\\/\\\/diarieducacio.cat\\\/grao\\\/wp-content\\\/uploads\\\/sites\\\/31\\\/2016\\\/05\\\/frato-on-poso-lordinador.png\",\"datePublished\":\"2016-10-14T13:40:04+00:00\",\"dateModified\":\"2024-05-13T16:30:22+00:00\",\"author\":{\"@id\":\"https:\\\/\\\/diarieducacio.cat\\\/grao\\\/#\\\/schema\\\/person\\\/48c132245e3ad272404be6d6a33fab46\"},\"breadcrumb\":{\"@id\":\"https:\\\/\\\/diarieducacio.cat\\\/grao\\\/2016\\\/10\\\/14\\\/frato-on-poso-lordinador\\\/#breadcrumb\"},\"inLanguage\":\"ca\",\"potentialAction\":[{\"@type\":\"ReadAction\",\"target\":[\"https:\\\/\\\/diarieducacio.cat\\\/grao\\\/2016\\\/10\\\/14\\\/frato-on-poso-lordinador\\\/\"]}]},{\"@type\":\"ImageObject\",\"inLanguage\":\"ca\",\"@id\":\"https:\\\/\\\/diarieducacio.cat\\\/grao\\\/2016\\\/10\\\/14\\\/frato-on-poso-lordinador\\\/#primaryimage\",\"url\":\"https:\\\/\\\/diarieducacio.cat\\\/grao\\\/wp-content\\\/uploads\\\/sites\\\/31\\\/2016\\\/05\\\/frato-on-poso-lordinador.png\",\"contentUrl\":\"https:\\\/\\\/diarieducacio.cat\\\/grao\\\/wp-content\\\/uploads\\\/sites\\\/31\\\/2016\\\/05\\\/frato-on-poso-lordinador.png\",\"width\":1000,\"height\":839},{\"@type\":\"BreadcrumbList\",\"@id\":\"https:\\\/\\\/diarieducacio.cat\\\/grao\\\/2016\\\/10\\\/14\\\/frato-on-poso-lordinador\\\/#breadcrumb\",\"itemListElement\":[{\"@type\":\"ListItem\",\"position\":1,\"name\":\"Inici\",\"item\":\"https:\\\/\\\/diarieducacio.cat\\\/grao\\\/\"},{\"@type\":\"ListItem\",\"position\":2,\"name\":\"FRATO: On poso l&#8217;ordinador?\"}]},{\"@type\":\"WebSite\",\"@id\":\"https:\\\/\\\/diarieducacio.cat\\\/grao\\\/#website\",\"url\":\"https:\\\/\\\/diarieducacio.cat\\\/grao\\\/\",\"name\":\"L'escola gra\u00f3 a gra\u00f3\",\"description\":\"Un blog de El Diari de l&#039;Educaci\u00f3\",\"potentialAction\":[{\"@type\":\"SearchAction\",\"target\":{\"@type\":\"EntryPoint\",\"urlTemplate\":\"https:\\\/\\\/diarieducacio.cat\\\/grao\\\/?s={search_term_string}\"},\"query-input\":{\"@type\":\"PropertyValueSpecification\",\"valueRequired\":true,\"valueName\":\"search_term_string\"}}],\"inLanguage\":\"ca\"},{\"@type\":\"Person\",\"@id\":\"https:\\\/\\\/diarieducacio.cat\\\/grao\\\/#\\\/schema\\\/person\\\/48c132245e3ad272404be6d6a33fab46\",\"name\":\"FRATO (Francesco Tonucci)\",\"image\":{\"@type\":\"ImageObject\",\"inLanguage\":\"ca\",\"@id\":\"https:\\\/\\\/secure.gravatar.com\\\/avatar\\\/87ffea8edf60b043fee3cb1167bf4711572703d848fe06e48d9fe94e8c134657?s=96&d=mm&r=g\",\"url\":\"https:\\\/\\\/secure.gravatar.com\\\/avatar\\\/87ffea8edf60b043fee3cb1167bf4711572703d848fe06e48d9fe94e8c134657?s=96&d=mm&r=g\",\"contentUrl\":\"https:\\\/\\\/secure.gravatar.com\\\/avatar\\\/87ffea8edf60b043fee3cb1167bf4711572703d848fe06e48d9fe94e8c134657?s=96&d=mm&r=g\",\"caption\":\"FRATO (Francesco Tonucci)\"},\"url\":\"https:\\\/\\\/diarieducacio.cat\\\/grao\\\/author\\\/frato\\\/\"}]}<\/script>\n<!-- \/ Yoast SEO plugin. -->","yoast_head_json":{"title":"FRATO: On poso l'ordinador? - L'escola gra\u00f3 a gra\u00f3","robots":{"index":"index","follow":"follow","max-snippet":"max-snippet:-1","max-image-preview":"max-image-preview:large","max-video-preview":"max-video-preview:-1"},"canonical":"https:\/\/diarieducacio.cat\/grao\/2016\/10\/14\/frato-on-poso-lordinador\/","og_locale":"ca_ES","og_type":"article","og_title":"FRATO: On poso l'ordinador? - L'escola gra\u00f3 a gra\u00f3","og_url":"https:\/\/diarieducacio.cat\/grao\/2016\/10\/14\/frato-on-poso-lordinador\/","og_site_name":"L'escola gra\u00f3 a gra\u00f3","article_published_time":"2016-10-14T13:40:04+00:00","article_modified_time":"2024-05-13T16:30:22+00:00","og_image":[{"width":1000,"height":839,"url":"https:\/\/diarieducacio.cat\/grao\/wp-content\/uploads\/sites\/31\/2016\/05\/frato-on-poso-lordinador.png","type":"image\/png"}],"author":"FRATO (Francesco Tonucci)","twitter_card":"summary_large_image","twitter_misc":{"Escrit per":"FRATO (Francesco Tonucci)"},"schema":{"@context":"https:\/\/schema.org","@graph":[{"@type":"Article","@id":"https:\/\/diarieducacio.cat\/grao\/2016\/10\/14\/frato-on-poso-lordinador\/#article","isPartOf":{"@id":"https:\/\/diarieducacio.cat\/grao\/2016\/10\/14\/frato-on-poso-lordinador\/"},"author":{"name":"FRATO (Francesco Tonucci)","@id":"https:\/\/diarieducacio.cat\/grao\/#\/schema\/person\/48c132245e3ad272404be6d6a33fab46"},"headline":"FRATO: On poso l&#8217;ordinador?","datePublished":"2016-10-14T13:40:04+00:00","dateModified":"2024-05-13T16:30:22+00:00","mainEntityOfPage":{"@id":"https:\/\/diarieducacio.cat\/grao\/2016\/10\/14\/frato-on-poso-lordinador\/"},"wordCount":5,"commentCount":0,"image":{"@id":"https:\/\/diarieducacio.cat\/grao\/2016\/10\/14\/frato-on-poso-lordinador\/#primaryimage"},"thumbnailUrl":"https:\/\/diarieducacio.cat\/grao\/wp-content\/uploads\/sites\/31\/2016\/05\/frato-on-poso-lordinador.png","keywords":["dimensions innovadores","escola","visi\u00f3 del m\u00f3n"],"articleSection":["Estrat\u00e8gies d'Ensenyament-Aprenentatge","Reflexi\u00f3","TIC"],"inLanguage":"ca","potentialAction":[{"@type":"CommentAction","name":"Comment","target":["https:\/\/diarieducacio.cat\/grao\/2016\/10\/14\/frato-on-poso-lordinador\/#respond"]}]},{"@type":"WebPage","@id":"https:\/\/diarieducacio.cat\/grao\/2016\/10\/14\/frato-on-poso-lordinador\/","url":"https:\/\/diarieducacio.cat\/grao\/2016\/10\/14\/frato-on-poso-lordinador\/","name":"FRATO: On poso l'ordinador? - L'escola gra\u00f3 a gra\u00f3","isPartOf":{"@id":"https:\/\/diarieducacio.cat\/grao\/#website"},"primaryImageOfPage":{"@id":"https:\/\/diarieducacio.cat\/grao\/2016\/10\/14\/frato-on-poso-lordinador\/#primaryimage"},"image":{"@id":"https:\/\/diarieducacio.cat\/grao\/2016\/10\/14\/frato-on-poso-lordinador\/#primaryimage"},"thumbnailUrl":"https:\/\/diarieducacio.cat\/grao\/wp-content\/uploads\/sites\/31\/2016\/05\/frato-on-poso-lordinador.png","datePublished":"2016-10-14T13:40:04+00:00","dateModified":"2024-05-13T16:30:22+00:00","author":{"@id":"https:\/\/diarieducacio.cat\/grao\/#\/schema\/person\/48c132245e3ad272404be6d6a33fab46"},"breadcrumb":{"@id":"https:\/\/diarieducacio.cat\/grao\/2016\/10\/14\/frato-on-poso-lordinador\/#breadcrumb"},"inLanguage":"ca","potentialAction":[{"@type":"ReadAction","target":["https:\/\/diarieducacio.cat\/grao\/2016\/10\/14\/frato-on-poso-lordinador\/"]}]},{"@type":"ImageObject","inLanguage":"ca","@id":"https:\/\/diarieducacio.cat\/grao\/2016\/10\/14\/frato-on-poso-lordinador\/#primaryimage","url":"https:\/\/diarieducacio.cat\/grao\/wp-content\/uploads\/sites\/31\/2016\/05\/frato-on-poso-lordinador.png","contentUrl":"https:\/\/diarieducacio.cat\/grao\/wp-content\/uploads\/sites\/31\/2016\/05\/frato-on-poso-lordinador.png","width":1000,"height":839},{"@type":"BreadcrumbList","@id":"https:\/\/diarieducacio.cat\/grao\/2016\/10\/14\/frato-on-poso-lordinador\/#breadcrumb","itemListElement":[{"@type":"ListItem","position":1,"name":"Inici","item":"https:\/\/diarieducacio.cat\/grao\/"},{"@type":"ListItem","position":2,"name":"FRATO: On poso l&#8217;ordinador?"}]},{"@type":"WebSite","@id":"https:\/\/diarieducacio.cat\/grao\/#website","url":"https:\/\/diarieducacio.cat\/grao\/","name":"L'escola gra\u00f3 a gra\u00f3","description":"Un blog de El Diari de l&#039;Educaci\u00f3","potentialAction":[{"@type":"SearchAction","target":{"@type":"EntryPoint","urlTemplate":"https:\/\/diarieducacio.cat\/grao\/?s={search_term_string}"},"query-input":{"@type":"PropertyValueSpecification","valueRequired":true,"valueName":"search_term_string"}}],"inLanguage":"ca"},{"@type":"Person","@id":"https:\/\/diarieducacio.cat\/grao\/#\/schema\/person\/48c132245e3ad272404be6d6a33fab46","name":"FRATO (Francesco Tonucci)","image":{"@type":"ImageObject","inLanguage":"ca","@id":"https:\/\/secure.gravatar.com\/avatar\/87ffea8edf60b043fee3cb1167bf4711572703d848fe06e48d9fe94e8c134657?s=96&d=mm&r=g","url":"https:\/\/secure.gravatar.com\/avatar\/87ffea8edf60b043fee3cb1167bf4711572703d848fe06e48d9fe94e8c134657?s=96&d=mm&r=g","contentUrl":"https:\/\/secure.gravatar.com\/avatar\/87ffea8edf60b043fee3cb1167bf4711572703d848fe06e48d9fe94e8c134657?s=96&d=mm&r=g","caption":"FRATO (Francesco Tonucci)"},"url":"https:\/\/diarieducacio.cat\/grao\/author\/frato\/"}]}},"_links":{"self":[{"href":"https:\/\/diarieducacio.cat\/grao\/wp-json\/wp\/v2\/posts\/1415","targetHints":{"allow":["GET"]}}],"collection":[{"href":"https:\/\/diarieducacio.cat\/grao\/wp-json\/wp\/v2\/posts"}],"about":[{"href":"https:\/\/diarieducacio.cat\/grao\/wp-json\/wp\/v2\/types\/post"}],"author":[{"embeddable":true,"href":"https:\/\/diarieducacio.cat\/grao\/wp-json\/wp\/v2\/users\/534"}],"replies":[{"embeddable":true,"href":"https:\/\/diarieducacio.cat\/grao\/wp-json\/wp\/v2\/comments?post=1415"}],"version-history":[{"count":1,"href":"https:\/\/diarieducacio.cat\/grao\/wp-json\/wp\/v2\/posts\/1415\/revisions"}],"predecessor-version":[{"id":6268,"href":"https:\/\/diarieducacio.cat\/grao\/wp-json\/wp\/v2\/posts\/1415\/revisions\/6268"}],"wp:featuredmedia":[{"embeddable":true,"href":"https:\/\/diarieducacio.cat\/grao\/wp-json\/wp\/v2\/media\/1416"}],"wp:attachment":[{"href":"https:\/\/diarieducacio.cat\/grao\/wp-json\/wp\/v2\/media?parent=1415"}],"wp:term":[{"taxonomy":"category","embeddable":true,"href":"https:\/\/diarieducacio.cat\/grao\/wp-json\/wp\/v2\/categories?post=1415"},{"taxonomy":"post_tag","embeddable":true,"href":"https:\/\/diarieducacio.cat\/grao\/wp-json\/wp\/v2\/tags?post=1415"},{"taxonomy":"tipo","embeddable":true,"href":"https:\/\/diarieducacio.cat\/grao\/wp-json\/wp\/v2\/tipo?post=1415"}],"curies":[{"name":"wp","href":"https:\/\/api.w.org\/{rel}","templated":true}]}}