{"id":1427,"date":"2016-06-20T07:07:46","date_gmt":"2016-06-20T07:07:46","guid":{"rendered":"https:\/\/diarieducacio.cat\/grao\/?p=1427"},"modified":"2024-05-13T18:30:22","modified_gmt":"2024-05-13T16:30:22","slug":"la-familia-a-lescola-respostes-saludables","status":"publish","type":"post","link":"https:\/\/diarieducacio.cat\/grao\/2016\/06\/20\/la-familia-a-lescola-respostes-saludables\/","title":{"rendered":"La fam\u00edlia a l&#8217;escola. Respostes saludables."},"content":{"rendered":"<p>En gaireb\u00e9 totes les propostes socials, perqu\u00e8 la intervenci\u00f3 sigui efectiva, efica\u00e7 i reeixida, cal <strong>IMPLICAR-HI<\/strong> els agents que hi participen, cal que tothom es faci seva la proposta. <strong>En els nous reptes que se\u2019ns presenten des de l\u2019educaci\u00f3, avui per avui, cal implicar-hi \u00abtota la tribu\u00bb<\/strong>, per aix\u00f2, ara volem escriure sobre el paper de les fam\u00edlies, tot cercant respostes saludables.<\/p>\n<p><strong>SABEM<\/strong> que, en aquest m\u00f3n de reptes nous i desconeguts, la fam\u00edlia, en les m\u00faltiples i variades formes que presenta, segueix sent un s\u00f2lid referent per als infants i per al jovent; perqu\u00e8 \u00e9s, sens dubte, el nucli de pertinen\u00e7a m\u00e9s important, font d\u2019estimaci\u00f3 i de vida.<\/p>\n<p><strong><a href=\"https:\/\/nostalgic-ishizaka.82-223-1-47.plesk.page\/grao\/wp-content\/uploads\/sites\/31\/2016\/05\/GU42521.jpg\"><\/a>SABEM<\/strong> tamb\u00e9, fent \u00fas d\u2019una met\u00e0fora esportiva, que tots juguem en el mateix equip: docents, no docents, fam\u00edlies, administracions, etc. Els contrincants no s\u00f3n les persones, sin\u00f3 les dificultats i els impediments (la mandra, la comoditat, algunes normes poc contextualitzades, els malentesos, els prejudicis, algunes pressions socials, etc.). Per tant, per jugar aquest partit,<strong> SABEM<\/strong> que tothom hi fem falta, cadasc\u00fa participant-hi de manera col\u00b7laborativa des de la posici\u00f3 que li pertoca.<\/p>\n<p><strong>SABEM<\/strong>, d\u2019altra banda, que aquesta tasca conjunta nom\u00e9s es pot afrontar a partir del respecte mutu entre escola i fam\u00edlia. Tots som importants i aportem conceptes i accions diferents i complementaris a l\u2019educaci\u00f3 dels nostres infants. Cal que sapiguem estar al nostre lloc, sense desqualificar ning\u00fa ni interferir en res i fent el possible per minimitzar les dificultats o estalviar-nos-les.<\/p>\n<p><strong>VOLEM<\/strong> jugar junts els partits i gaudir-ne! Volem cr\u00e9ixer i desenvolupar-nos amb els infants i amb els joves conjuntament, des del reconeixement i l\u2019escalf mutu.\u00a0Si <strong>VOLEM<\/strong> donar import\u00e0ncia a la tasca educativa que realitzem entre tothom, \u00e9s imprescindible que <strong>CREGUEM<\/strong> en el que fem, en la seva <strong>IMPORT\u00c0NCIA<\/strong> i que tinguem clar que cal treballar en<strong> EQUIP<\/strong>.<\/p>\n<p><strong>VOLEM<\/strong> no tenir por de la participaci\u00f3 de les fam\u00edlies.<\/p>\n<p><strong>PODEM<\/strong> obrir les portes dels centres a una participaci\u00f3 basada en la confian\u00e7a, la qual cosa incidir\u00e0 en l\u2019autoestima col\u00b7lectiva i en la creaci\u00f3 d\u2019un entorn saludable.\u00a0<strong>PODEM<\/strong> generar espais, organitzar estructures, facilitar estrat\u00e8gies per compartir la tasca de donar eines per afrontar aquest futur incert que se\u2019ns presenta davant.\u00a0<strong>PODEM<\/strong> crear lligams, ja que el sentiment de comunitat apodera els seus membres, ja siguin alumnes, fam\u00edlies, mestres o equip docent, i aix\u00f2 genera benestar.<\/p>\n<p><strong>FONT:<\/strong> Revista Guix n. 426 (La cultura de centre). Clic <span style=\"color: #0000ff\"><strong><a style=\"color: #0000ff\" href=\"http:\/\/www.grao.com\/revistes\/guix\/425-la-cultura-de-centre\/la-familia-a-l-escola-respostes-saludables\">aqu\u00ed<\/a><\/strong><\/span>.<\/p>\n","protected":false},"excerpt":{"rendered":"<p>Per afrontar els nous reptes\u2026 Sabem que hi ha accions que funcionen, volem gaudir de la feina i podem millorar, tant des del punt vista individual com col\u00b7lectiu.<\/p>\n","protected":false},"author":555,"featured_media":1428,"comment_status":"open","ping_status":"open","sticky":false,"template":"","format":"standard","meta":{"footnotes":""},"categories":[262,152,187,155],"tags":[151,117,118,266,199,232,97],"tipo":[],"class_list":{"0":"post-1427","1":"post","2":"type-post","3":"status-publish","4":"format-standard","5":"has-post-thumbnail","7":"category-coaching","8":"category-educacio-socialaccio-comunitaria","9":"category-familia-i-educacio","10":"category-funcio-social-de-lensenyament","11":"tag-accio-social","12":"tag-clima-de-benestar","13":"tag-clima-del-centre","14":"tag-comunitat-educativa","15":"tag-escola","16":"tag-familia","17":"tag-grao"},"yoast_head":"<!-- This site is optimized with the Yoast SEO plugin v27.5 - https:\/\/yoast.com\/product\/yoast-seo-wordpress\/ -->\n<title>La fam\u00edlia a l&#039;escola. Respostes saludables. - L&#039;escola gra\u00f3 a gra\u00f3<\/title>\n<meta name=\"robots\" content=\"index, follow, max-snippet:-1, max-image-preview:large, max-video-preview:-1\" \/>\n<link rel=\"canonical\" href=\"https:\/\/diarieducacio.cat\/grao\/2016\/06\/20\/la-familia-a-lescola-respostes-saludables\/\" \/>\n<meta property=\"og:locale\" content=\"ca_ES\" \/>\n<meta property=\"og:type\" content=\"article\" \/>\n<meta property=\"og:title\" content=\"La fam\u00edlia a l&#039;escola. Respostes saludables. - L&#039;escola gra\u00f3 a gra\u00f3\" \/>\n<meta property=\"og:description\" content=\"Per afrontar els nous reptes\u2026 Sabem que hi ha accions que funcionen, volem gaudir de la feina i podem millorar, tant des del punt vista individual com col\u00b7lectiu.\" \/>\n<meta property=\"og:url\" content=\"https:\/\/diarieducacio.cat\/grao\/2016\/06\/20\/la-familia-a-lescola-respostes-saludables\/\" \/>\n<meta property=\"og:site_name\" content=\"L&#039;escola gra\u00f3 a gra\u00f3\" \/>\n<meta property=\"article:published_time\" content=\"2016-06-20T07:07:46+00:00\" \/>\n<meta property=\"article:modified_time\" content=\"2024-05-13T16:30:22+00:00\" \/>\n<meta property=\"og:image\" content=\"https:\/\/diarieducacio.cat\/grao\/wp-content\/uploads\/sites\/31\/2016\/05\/GU42521.jpg\" \/>\n\t<meta property=\"og:image:width\" content=\"263\" \/>\n\t<meta property=\"og:image:height\" content=\"242\" \/>\n\t<meta property=\"og:image:type\" content=\"image\/jpeg\" \/>\n<meta name=\"author\" content=\"Equip Cuidem-nos\" \/>\n<meta name=\"twitter:card\" content=\"summary_large_image\" \/>\n<meta name=\"twitter:label1\" content=\"Escrit per\" \/>\n\t<meta name=\"twitter:data1\" content=\"Equip Cuidem-nos\" \/>\n\t<meta name=\"twitter:label2\" content=\"Temps estimat de lectura\" \/>\n\t<meta name=\"twitter:data2\" content=\"2 minuts\" \/>\n<script type=\"application\/ld+json\" class=\"yoast-schema-graph\">{\"@context\":\"https:\\\/\\\/schema.org\",\"@graph\":[{\"@type\":\"Article\",\"@id\":\"https:\\\/\\\/diarieducacio.cat\\\/grao\\\/2016\\\/06\\\/20\\\/la-familia-a-lescola-respostes-saludables\\\/#article\",\"isPartOf\":{\"@id\":\"https:\\\/\\\/diarieducacio.cat\\\/grao\\\/2016\\\/06\\\/20\\\/la-familia-a-lescola-respostes-saludables\\\/\"},\"author\":{\"name\":\"Equip Cuidem-nos\",\"@id\":\"https:\\\/\\\/diarieducacio.cat\\\/grao\\\/#\\\/schema\\\/person\\\/f43fed6b918e75fdc25a6544e4b6cd5b\"},\"headline\":\"La fam\u00edlia a l&#8217;escola. Respostes saludables.\",\"datePublished\":\"2016-06-20T07:07:46+00:00\",\"dateModified\":\"2024-05-13T16:30:22+00:00\",\"mainEntityOfPage\":{\"@id\":\"https:\\\/\\\/diarieducacio.cat\\\/grao\\\/2016\\\/06\\\/20\\\/la-familia-a-lescola-respostes-saludables\\\/\"},\"wordCount\":433,\"commentCount\":0,\"image\":{\"@id\":\"https:\\\/\\\/diarieducacio.cat\\\/grao\\\/2016\\\/06\\\/20\\\/la-familia-a-lescola-respostes-saludables\\\/#primaryimage\"},\"thumbnailUrl\":\"https:\\\/\\\/diarieducacio.cat\\\/grao\\\/wp-content\\\/uploads\\\/sites\\\/31\\\/2016\\\/05\\\/GU42521.jpg\",\"keywords\":[\"acci\u00f3 social\",\"clima de benestar\",\"clima del centre\",\"comunitat educativa\",\"escola\",\"familia\",\"Gra\u00f3\"],\"articleSection\":[\"coaching\",\"Educaci\u00f3 Social\\\/Acci\u00f3 comunit\u00e0ria\",\"Fam\u00edlia i educaci\u00f3\",\"Funci\u00f3 social de l'ensenyament\"],\"inLanguage\":\"ca\",\"potentialAction\":[{\"@type\":\"CommentAction\",\"name\":\"Comment\",\"target\":[\"https:\\\/\\\/diarieducacio.cat\\\/grao\\\/2016\\\/06\\\/20\\\/la-familia-a-lescola-respostes-saludables\\\/#respond\"]}]},{\"@type\":\"WebPage\",\"@id\":\"https:\\\/\\\/diarieducacio.cat\\\/grao\\\/2016\\\/06\\\/20\\\/la-familia-a-lescola-respostes-saludables\\\/\",\"url\":\"https:\\\/\\\/diarieducacio.cat\\\/grao\\\/2016\\\/06\\\/20\\\/la-familia-a-lescola-respostes-saludables\\\/\",\"name\":\"La fam\u00edlia a l'escola. Respostes saludables. - L'escola gra\u00f3 a gra\u00f3\",\"isPartOf\":{\"@id\":\"https:\\\/\\\/diarieducacio.cat\\\/grao\\\/#website\"},\"primaryImageOfPage\":{\"@id\":\"https:\\\/\\\/diarieducacio.cat\\\/grao\\\/2016\\\/06\\\/20\\\/la-familia-a-lescola-respostes-saludables\\\/#primaryimage\"},\"image\":{\"@id\":\"https:\\\/\\\/diarieducacio.cat\\\/grao\\\/2016\\\/06\\\/20\\\/la-familia-a-lescola-respostes-saludables\\\/#primaryimage\"},\"thumbnailUrl\":\"https:\\\/\\\/diarieducacio.cat\\\/grao\\\/wp-content\\\/uploads\\\/sites\\\/31\\\/2016\\\/05\\\/GU42521.jpg\",\"datePublished\":\"2016-06-20T07:07:46+00:00\",\"dateModified\":\"2024-05-13T16:30:22+00:00\",\"author\":{\"@id\":\"https:\\\/\\\/diarieducacio.cat\\\/grao\\\/#\\\/schema\\\/person\\\/f43fed6b918e75fdc25a6544e4b6cd5b\"},\"breadcrumb\":{\"@id\":\"https:\\\/\\\/diarieducacio.cat\\\/grao\\\/2016\\\/06\\\/20\\\/la-familia-a-lescola-respostes-saludables\\\/#breadcrumb\"},\"inLanguage\":\"ca\",\"potentialAction\":[{\"@type\":\"ReadAction\",\"target\":[\"https:\\\/\\\/diarieducacio.cat\\\/grao\\\/2016\\\/06\\\/20\\\/la-familia-a-lescola-respostes-saludables\\\/\"]}]},{\"@type\":\"ImageObject\",\"inLanguage\":\"ca\",\"@id\":\"https:\\\/\\\/diarieducacio.cat\\\/grao\\\/2016\\\/06\\\/20\\\/la-familia-a-lescola-respostes-saludables\\\/#primaryimage\",\"url\":\"https:\\\/\\\/diarieducacio.cat\\\/grao\\\/wp-content\\\/uploads\\\/sites\\\/31\\\/2016\\\/05\\\/GU42521.jpg\",\"contentUrl\":\"https:\\\/\\\/diarieducacio.cat\\\/grao\\\/wp-content\\\/uploads\\\/sites\\\/31\\\/2016\\\/05\\\/GU42521.jpg\",\"width\":263,\"height\":242},{\"@type\":\"BreadcrumbList\",\"@id\":\"https:\\\/\\\/diarieducacio.cat\\\/grao\\\/2016\\\/06\\\/20\\\/la-familia-a-lescola-respostes-saludables\\\/#breadcrumb\",\"itemListElement\":[{\"@type\":\"ListItem\",\"position\":1,\"name\":\"Inici\",\"item\":\"https:\\\/\\\/diarieducacio.cat\\\/grao\\\/\"},{\"@type\":\"ListItem\",\"position\":2,\"name\":\"La fam\u00edlia a l&#8217;escola. Respostes saludables.\"}]},{\"@type\":\"WebSite\",\"@id\":\"https:\\\/\\\/diarieducacio.cat\\\/grao\\\/#website\",\"url\":\"https:\\\/\\\/diarieducacio.cat\\\/grao\\\/\",\"name\":\"L'escola gra\u00f3 a gra\u00f3\",\"description\":\"Un blog de El Diari de l&#039;Educaci\u00f3\",\"potentialAction\":[{\"@type\":\"SearchAction\",\"target\":{\"@type\":\"EntryPoint\",\"urlTemplate\":\"https:\\\/\\\/diarieducacio.cat\\\/grao\\\/?s={search_term_string}\"},\"query-input\":{\"@type\":\"PropertyValueSpecification\",\"valueRequired\":true,\"valueName\":\"search_term_string\"}}],\"inLanguage\":\"ca\"},{\"@type\":\"Person\",\"@id\":\"https:\\\/\\\/diarieducacio.cat\\\/grao\\\/#\\\/schema\\\/person\\\/f43fed6b918e75fdc25a6544e4b6cd5b\",\"name\":\"Equip Cuidem-nos\",\"image\":{\"@type\":\"ImageObject\",\"inLanguage\":\"ca\",\"@id\":\"https:\\\/\\\/secure.gravatar.com\\\/avatar\\\/5f0ec845f9ac3546e70480c8d13d7738cbd529493bff5b8d037f44f251af7766?s=96&d=mm&r=g\",\"url\":\"https:\\\/\\\/secure.gravatar.com\\\/avatar\\\/5f0ec845f9ac3546e70480c8d13d7738cbd529493bff5b8d037f44f251af7766?s=96&d=mm&r=g\",\"contentUrl\":\"https:\\\/\\\/secure.gravatar.com\\\/avatar\\\/5f0ec845f9ac3546e70480c8d13d7738cbd529493bff5b8d037f44f251af7766?s=96&d=mm&r=g\",\"caption\":\"Equip Cuidem-nos\"},\"url\":\"https:\\\/\\\/diarieducacio.cat\\\/grao\\\/author\\\/ecuidemnos\\\/\"}]}<\/script>\n<!-- \/ Yoast SEO plugin. -->","yoast_head_json":{"title":"La fam\u00edlia a l'escola. Respostes saludables. - L'escola gra\u00f3 a gra\u00f3","robots":{"index":"index","follow":"follow","max-snippet":"max-snippet:-1","max-image-preview":"max-image-preview:large","max-video-preview":"max-video-preview:-1"},"canonical":"https:\/\/diarieducacio.cat\/grao\/2016\/06\/20\/la-familia-a-lescola-respostes-saludables\/","og_locale":"ca_ES","og_type":"article","og_title":"La fam\u00edlia a l'escola. Respostes saludables. - L'escola gra\u00f3 a gra\u00f3","og_description":"Per afrontar els nous reptes\u2026 Sabem que hi ha accions que funcionen, volem gaudir de la feina i podem millorar, tant des del punt vista individual com col\u00b7lectiu.","og_url":"https:\/\/diarieducacio.cat\/grao\/2016\/06\/20\/la-familia-a-lescola-respostes-saludables\/","og_site_name":"L'escola gra\u00f3 a gra\u00f3","article_published_time":"2016-06-20T07:07:46+00:00","article_modified_time":"2024-05-13T16:30:22+00:00","og_image":[{"width":263,"height":242,"url":"https:\/\/diarieducacio.cat\/grao\/wp-content\/uploads\/sites\/31\/2016\/05\/GU42521.jpg","type":"image\/jpeg"}],"author":"Equip Cuidem-nos","twitter_card":"summary_large_image","twitter_misc":{"Escrit per":"Equip Cuidem-nos","Temps estimat de lectura":"2 minuts"},"schema":{"@context":"https:\/\/schema.org","@graph":[{"@type":"Article","@id":"https:\/\/diarieducacio.cat\/grao\/2016\/06\/20\/la-familia-a-lescola-respostes-saludables\/#article","isPartOf":{"@id":"https:\/\/diarieducacio.cat\/grao\/2016\/06\/20\/la-familia-a-lescola-respostes-saludables\/"},"author":{"name":"Equip Cuidem-nos","@id":"https:\/\/diarieducacio.cat\/grao\/#\/schema\/person\/f43fed6b918e75fdc25a6544e4b6cd5b"},"headline":"La fam\u00edlia a l&#8217;escola. Respostes saludables.","datePublished":"2016-06-20T07:07:46+00:00","dateModified":"2024-05-13T16:30:22+00:00","mainEntityOfPage":{"@id":"https:\/\/diarieducacio.cat\/grao\/2016\/06\/20\/la-familia-a-lescola-respostes-saludables\/"},"wordCount":433,"commentCount":0,"image":{"@id":"https:\/\/diarieducacio.cat\/grao\/2016\/06\/20\/la-familia-a-lescola-respostes-saludables\/#primaryimage"},"thumbnailUrl":"https:\/\/diarieducacio.cat\/grao\/wp-content\/uploads\/sites\/31\/2016\/05\/GU42521.jpg","keywords":["acci\u00f3 social","clima de benestar","clima del centre","comunitat educativa","escola","familia","Gra\u00f3"],"articleSection":["coaching","Educaci\u00f3 Social\/Acci\u00f3 comunit\u00e0ria","Fam\u00edlia i educaci\u00f3","Funci\u00f3 social de l'ensenyament"],"inLanguage":"ca","potentialAction":[{"@type":"CommentAction","name":"Comment","target":["https:\/\/diarieducacio.cat\/grao\/2016\/06\/20\/la-familia-a-lescola-respostes-saludables\/#respond"]}]},{"@type":"WebPage","@id":"https:\/\/diarieducacio.cat\/grao\/2016\/06\/20\/la-familia-a-lescola-respostes-saludables\/","url":"https:\/\/diarieducacio.cat\/grao\/2016\/06\/20\/la-familia-a-lescola-respostes-saludables\/","name":"La fam\u00edlia a l'escola. Respostes saludables. - L'escola gra\u00f3 a gra\u00f3","isPartOf":{"@id":"https:\/\/diarieducacio.cat\/grao\/#website"},"primaryImageOfPage":{"@id":"https:\/\/diarieducacio.cat\/grao\/2016\/06\/20\/la-familia-a-lescola-respostes-saludables\/#primaryimage"},"image":{"@id":"https:\/\/diarieducacio.cat\/grao\/2016\/06\/20\/la-familia-a-lescola-respostes-saludables\/#primaryimage"},"thumbnailUrl":"https:\/\/diarieducacio.cat\/grao\/wp-content\/uploads\/sites\/31\/2016\/05\/GU42521.jpg","datePublished":"2016-06-20T07:07:46+00:00","dateModified":"2024-05-13T16:30:22+00:00","author":{"@id":"https:\/\/diarieducacio.cat\/grao\/#\/schema\/person\/f43fed6b918e75fdc25a6544e4b6cd5b"},"breadcrumb":{"@id":"https:\/\/diarieducacio.cat\/grao\/2016\/06\/20\/la-familia-a-lescola-respostes-saludables\/#breadcrumb"},"inLanguage":"ca","potentialAction":[{"@type":"ReadAction","target":["https:\/\/diarieducacio.cat\/grao\/2016\/06\/20\/la-familia-a-lescola-respostes-saludables\/"]}]},{"@type":"ImageObject","inLanguage":"ca","@id":"https:\/\/diarieducacio.cat\/grao\/2016\/06\/20\/la-familia-a-lescola-respostes-saludables\/#primaryimage","url":"https:\/\/diarieducacio.cat\/grao\/wp-content\/uploads\/sites\/31\/2016\/05\/GU42521.jpg","contentUrl":"https:\/\/diarieducacio.cat\/grao\/wp-content\/uploads\/sites\/31\/2016\/05\/GU42521.jpg","width":263,"height":242},{"@type":"BreadcrumbList","@id":"https:\/\/diarieducacio.cat\/grao\/2016\/06\/20\/la-familia-a-lescola-respostes-saludables\/#breadcrumb","itemListElement":[{"@type":"ListItem","position":1,"name":"Inici","item":"https:\/\/diarieducacio.cat\/grao\/"},{"@type":"ListItem","position":2,"name":"La fam\u00edlia a l&#8217;escola. Respostes saludables."}]},{"@type":"WebSite","@id":"https:\/\/diarieducacio.cat\/grao\/#website","url":"https:\/\/diarieducacio.cat\/grao\/","name":"L'escola gra\u00f3 a gra\u00f3","description":"Un blog de El Diari de l&#039;Educaci\u00f3","potentialAction":[{"@type":"SearchAction","target":{"@type":"EntryPoint","urlTemplate":"https:\/\/diarieducacio.cat\/grao\/?s={search_term_string}"},"query-input":{"@type":"PropertyValueSpecification","valueRequired":true,"valueName":"search_term_string"}}],"inLanguage":"ca"},{"@type":"Person","@id":"https:\/\/diarieducacio.cat\/grao\/#\/schema\/person\/f43fed6b918e75fdc25a6544e4b6cd5b","name":"Equip Cuidem-nos","image":{"@type":"ImageObject","inLanguage":"ca","@id":"https:\/\/secure.gravatar.com\/avatar\/5f0ec845f9ac3546e70480c8d13d7738cbd529493bff5b8d037f44f251af7766?s=96&d=mm&r=g","url":"https:\/\/secure.gravatar.com\/avatar\/5f0ec845f9ac3546e70480c8d13d7738cbd529493bff5b8d037f44f251af7766?s=96&d=mm&r=g","contentUrl":"https:\/\/secure.gravatar.com\/avatar\/5f0ec845f9ac3546e70480c8d13d7738cbd529493bff5b8d037f44f251af7766?s=96&d=mm&r=g","caption":"Equip Cuidem-nos"},"url":"https:\/\/diarieducacio.cat\/grao\/author\/ecuidemnos\/"}]}},"_links":{"self":[{"href":"https:\/\/diarieducacio.cat\/grao\/wp-json\/wp\/v2\/posts\/1427","targetHints":{"allow":["GET"]}}],"collection":[{"href":"https:\/\/diarieducacio.cat\/grao\/wp-json\/wp\/v2\/posts"}],"about":[{"href":"https:\/\/diarieducacio.cat\/grao\/wp-json\/wp\/v2\/types\/post"}],"author":[{"embeddable":true,"href":"https:\/\/diarieducacio.cat\/grao\/wp-json\/wp\/v2\/users\/555"}],"replies":[{"embeddable":true,"href":"https:\/\/diarieducacio.cat\/grao\/wp-json\/wp\/v2\/comments?post=1427"}],"version-history":[{"count":1,"href":"https:\/\/diarieducacio.cat\/grao\/wp-json\/wp\/v2\/posts\/1427\/revisions"}],"predecessor-version":[{"id":6270,"href":"https:\/\/diarieducacio.cat\/grao\/wp-json\/wp\/v2\/posts\/1427\/revisions\/6270"}],"wp:featuredmedia":[{"embeddable":true,"href":"https:\/\/diarieducacio.cat\/grao\/wp-json\/wp\/v2\/media\/1428"}],"wp:attachment":[{"href":"https:\/\/diarieducacio.cat\/grao\/wp-json\/wp\/v2\/media?parent=1427"}],"wp:term":[{"taxonomy":"category","embeddable":true,"href":"https:\/\/diarieducacio.cat\/grao\/wp-json\/wp\/v2\/categories?post=1427"},{"taxonomy":"post_tag","embeddable":true,"href":"https:\/\/diarieducacio.cat\/grao\/wp-json\/wp\/v2\/tags?post=1427"},{"taxonomy":"tipo","embeddable":true,"href":"https:\/\/diarieducacio.cat\/grao\/wp-json\/wp\/v2\/tipo?post=1427"}],"curies":[{"name":"wp","href":"https:\/\/api.w.org\/{rel}","templated":true}]}}