{"id":1434,"date":"2016-06-10T06:46:29","date_gmt":"2016-06-10T06:46:29","guid":{"rendered":"https:\/\/diarieducacio.cat\/grao\/?p=1434"},"modified":"2024-05-13T18:30:22","modified_gmt":"2024-05-13T16:30:22","slug":"santiago-moll-professor-i-responsable-de-justifica-tu-respuesta","status":"publish","type":"post","link":"https:\/\/diarieducacio.cat\/grao\/2016\/06\/10\/santiago-moll-professor-i-responsable-de-justifica-tu-respuesta\/","title":{"rendered":"Santiago Moll, professor i responsable de &#8220;Justifica tu respuesta&#8221;."},"content":{"rendered":"<p>No hi havia sortida, tocava pensar i argumentar: \u00ab\u00e9s la voluntat d\u2019aquest espai virtual, oferir reflexions, respostes raonades. Sovint, Internet no arriba a la mateixa profunditat a la qual pot arribar un llibre, una xerrada o un curs de formaci\u00f3; per aix\u00f2 el que intento \u00e9s oferir punts de sortida, no pas d\u2019arribada\u00bb.<\/p>\n<p><a href=\"https:\/\/nostalgic-ishizaka.82-223-1-47.plesk.page\/grao\/wp-content\/uploads\/sites\/31\/2016\/05\/GG2_1872-scaled-1.jpg\"><img decoding=\"async\" class=\"wp-image-1435 alignright\" src=\"https:\/\/diarieducacio.cat\/grao\/wp-content\/uploads\/sites\/10\/2016\/05\/GG2_1872-300x200.jpg\" alt=\"GG2_1872\" width=\"218\" height=\"145\" \/><\/a>Santiago \u00e9s un menorqu\u00ed que treballa a Catalunya des de fa uns quants anys. Un dia, va decidir <strong>compartir reflexions a la xarxa<\/strong> i ha anat fent cr\u00e9ixer aquest espai virtual en vista de la bona repercussi\u00f3 aconseguida, at\u00e8s que avui dia t\u00e9 m\u00e9s de 42.000 subscripcions i un impacte enorme a les xarxes socials: \u00abAquest espai s\u2019ha anat construint en interacci\u00f3 amb els lectors.<\/p>\n<p>La idea inicial era compatir recursos i reflexions sobre educaci\u00f3, per\u00f2 amb el temps he anat afinant, i avui \u00e9s un lloc molt orientat a la pr\u00e0ctica docent. Aix\u00f2 s\u00ed, jo no em plantejo que sigui un lloc de molta import\u00e0ncia, sin\u00f3 de molta utilitat\u00bb.<\/p>\n<p>Com a professor de secund\u00e0ria, resulta inevitable preguntar-li sobre els joves -i no tan joves- i la tecnologia: \u00abA mi, m\u2019agrada parlar d\u2019eines tecnol\u00f2giques, serveixen per aprendre m\u00e9s i millor. Hem d\u2019ajudar els nostres alumnes a adquirir compet\u00e8ncies digitals, i tamb\u00e9 cert pensament cr\u00edtic. Hi ha molts <em>influencers<\/em> que promocionen productes a canvi d\u2019un benefici econ\u00f2mic i que exerceixen un impacte molt fort sobre els joves. Cal que en siguin conscients. Hi ha molta quantitat d\u2019eines, per\u00f2 no totes fomenten un aprenentatge millor. Han aparegut necessitats comunicatives noves i haurien de poder-se satisfer, per\u00f2 cal un treball amb tot aix\u00f2 i, per descomptat, les tecnologies no poden substituir mai una persona docent\u00bb.<\/p>\n<p>Efectivament, el factor hum\u00e0 que t\u00e9 l\u2019educaci\u00f3, la qualitat personal d\u2019alguns mestres no \u00e9s reempla\u00e7able per cap eina tecnol\u00f2gica. <strong>Es tracta d\u2019una q\u00fcesti\u00f3 d\u2019\u00e0nima<\/strong>. Diu en Santiago: \u00abJo s\u00f3c un docent amb \u00e0nima de docent\u00bb. L\u2019escalfor i la calidesa d\u2019un adult que t\u2019acompanya en els moments de sol i en els de tempesta no pot comparar-se amb cap aplicaci\u00f3, per completa i efectiva que sigui: \u00abFa un temps que vaig comen\u00e7ar a interessar-me per l\u2019educaci\u00f3 emocional i a compartir inquietuds a <em>justificaturespuesta<\/em>. Ara mateix, aquest \u00e9s un dels temes amb m\u00e9s entrades i que desperta m\u00e9s inter\u00e8s\u00bb.<\/p>\n<p>El valor de la nostra feina \u00e9s que no parem mai d\u2019aprendre. Si, a m\u00e9s a m\u00e9s, ho podem compartir, es generen processos interessant\u00edssims on tothom guanya. Seria un bon exercici expandir la reflexi\u00f3 individual i col\u00b7lectiva amb l\u2019objectiu de sentir-nos pedag\u00f2gicament vius. Justificar les nostres respostes, si es fa amb voluntat d\u2019aprendre, omple de vida les velles idees.<\/p>\n<p><strong>FONT:<\/strong> Revista Guix n. 426 (La cultura de centre). Clic <span style=\"color: #0000ff\"><strong><a style=\"color: #0000ff\" href=\"http:\/\/grao.com\/revistes\/guix\/425-la-cultura-de-centre\/santiago-moll-professor-i-responsable-de-justificaturespuesta-com-xarxes-amb-anima\">aqu\u00ed<\/a><\/strong><\/span>.<\/p>\n","protected":false},"excerpt":{"rendered":"<p>\u00abJustifica tu respuesta\u00bb s\u00f3n, com Santiago Moll diu, les tres paraules m\u00e9s repetides en contextos acad\u00e8mics des de fa d\u00e8cades. Molt probablement, els que llegirem aquestes tres paraules recordarem amb certa mandra qu\u00e8 volia dir trobar-se-les al final d\u2019una pregunta de resposta f\u00e0cil. <\/p>\n","protected":false},"author":525,"featured_media":1435,"comment_status":"open","ping_status":"open","sticky":false,"template":"","format":"standard","meta":{"footnotes":""},"categories":[262,101,198,120,115],"tags":[116,126,99,102,97],"tipo":[],"class_list":{"0":"post-1434","1":"post","2":"type-post","3":"status-publish","4":"format-standard","5":"has-post-thumbnail","7":"category-coaching","8":"category-desenvolupament-personal","9":"category-desenvolupament-professional","10":"category-motivacio","11":"category-reflexio","12":"tag-benestar-personal","13":"tag-comunicacio-docent","14":"tag-creixement-huma","15":"tag-dimensions-innovadores","16":"tag-grao"},"yoast_head":"<!-- This site is optimized with the Yoast SEO plugin v27.4 - https:\/\/yoast.com\/product\/yoast-seo-wordpress\/ -->\n<title>Santiago Moll, professor i responsable de &quot;Justifica tu respuesta&quot;. - L&#039;escola gra\u00f3 a gra\u00f3<\/title>\n<meta name=\"robots\" content=\"index, follow, max-snippet:-1, max-image-preview:large, max-video-preview:-1\" \/>\n<link rel=\"canonical\" href=\"https:\/\/diarieducacio.cat\/grao\/2016\/06\/10\/santiago-moll-professor-i-responsable-de-justifica-tu-respuesta\/\" \/>\n<meta property=\"og:locale\" content=\"ca_ES\" \/>\n<meta property=\"og:type\" content=\"article\" \/>\n<meta property=\"og:title\" content=\"Santiago Moll, professor i responsable de &quot;Justifica tu respuesta&quot;. - L&#039;escola gra\u00f3 a gra\u00f3\" \/>\n<meta property=\"og:description\" content=\"\u00abJustifica tu respuesta\u00bb s\u00f3n, com Santiago Moll diu, les tres paraules m\u00e9s repetides en contextos acad\u00e8mics des de fa d\u00e8cades. Molt probablement, els que llegirem aquestes tres paraules recordarem amb certa mandra qu\u00e8 volia dir trobar-se-les al final d\u2019una pregunta de resposta f\u00e0cil.\" \/>\n<meta property=\"og:url\" content=\"https:\/\/diarieducacio.cat\/grao\/2016\/06\/10\/santiago-moll-professor-i-responsable-de-justifica-tu-respuesta\/\" \/>\n<meta property=\"og:site_name\" content=\"L&#039;escola gra\u00f3 a gra\u00f3\" \/>\n<meta property=\"article:published_time\" content=\"2016-06-10T06:46:29+00:00\" \/>\n<meta property=\"article:modified_time\" content=\"2024-05-13T16:30:22+00:00\" \/>\n<meta property=\"og:image\" content=\"https:\/\/diarieducacio.cat\/grao\/wp-content\/uploads\/sites\/31\/2016\/05\/GG2_1872-scaled-1.jpg\" \/>\n\t<meta property=\"og:image:width\" content=\"2560\" \/>\n\t<meta property=\"og:image:height\" content=\"1709\" \/>\n\t<meta property=\"og:image:type\" content=\"image\/jpeg\" \/>\n<meta name=\"author\" content=\"Eva Mart\u00ednez\" \/>\n<meta name=\"twitter:card\" content=\"summary_large_image\" \/>\n<meta name=\"twitter:label1\" content=\"Escrit per\" \/>\n\t<meta name=\"twitter:data1\" content=\"Eva Mart\u00ednez\" \/>\n\t<meta name=\"twitter:label2\" content=\"Temps estimat de lectura\" \/>\n\t<meta name=\"twitter:data2\" content=\"2 minuts\" \/>\n<script type=\"application\/ld+json\" class=\"yoast-schema-graph\">{\"@context\":\"https:\\\/\\\/schema.org\",\"@graph\":[{\"@type\":\"Article\",\"@id\":\"https:\\\/\\\/diarieducacio.cat\\\/grao\\\/2016\\\/06\\\/10\\\/santiago-moll-professor-i-responsable-de-justifica-tu-respuesta\\\/#article\",\"isPartOf\":{\"@id\":\"https:\\\/\\\/diarieducacio.cat\\\/grao\\\/2016\\\/06\\\/10\\\/santiago-moll-professor-i-responsable-de-justifica-tu-respuesta\\\/\"},\"author\":{\"name\":\"Eva Mart\u00ednez\",\"@id\":\"https:\\\/\\\/diarieducacio.cat\\\/grao\\\/#\\\/schema\\\/person\\\/6ef3c04be493eca55163f8fb357b96dd\"},\"headline\":\"Santiago Moll, professor i responsable de &#8220;Justifica tu respuesta&#8221;.\",\"datePublished\":\"2016-06-10T06:46:29+00:00\",\"dateModified\":\"2024-05-13T16:30:22+00:00\",\"mainEntityOfPage\":{\"@id\":\"https:\\\/\\\/diarieducacio.cat\\\/grao\\\/2016\\\/06\\\/10\\\/santiago-moll-professor-i-responsable-de-justifica-tu-respuesta\\\/\"},\"wordCount\":492,\"commentCount\":0,\"image\":{\"@id\":\"https:\\\/\\\/diarieducacio.cat\\\/grao\\\/2016\\\/06\\\/10\\\/santiago-moll-professor-i-responsable-de-justifica-tu-respuesta\\\/#primaryimage\"},\"thumbnailUrl\":\"https:\\\/\\\/diarieducacio.cat\\\/grao\\\/wp-content\\\/uploads\\\/sites\\\/31\\\/2016\\\/05\\\/GG2_1872-scaled-1.jpg\",\"keywords\":[\"benestar personal\",\"comunicaci\u00f3 docent\",\"creixement hum\u00e0\",\"dimensions innovadores\",\"Gra\u00f3\"],\"articleSection\":[\"coaching\",\"Desenvolupament Personal\",\"Desenvolupament professional\",\"Motivaci\u00f3\",\"Reflexi\u00f3\"],\"inLanguage\":\"ca\",\"potentialAction\":[{\"@type\":\"CommentAction\",\"name\":\"Comment\",\"target\":[\"https:\\\/\\\/diarieducacio.cat\\\/grao\\\/2016\\\/06\\\/10\\\/santiago-moll-professor-i-responsable-de-justifica-tu-respuesta\\\/#respond\"]}]},{\"@type\":\"WebPage\",\"@id\":\"https:\\\/\\\/diarieducacio.cat\\\/grao\\\/2016\\\/06\\\/10\\\/santiago-moll-professor-i-responsable-de-justifica-tu-respuesta\\\/\",\"url\":\"https:\\\/\\\/diarieducacio.cat\\\/grao\\\/2016\\\/06\\\/10\\\/santiago-moll-professor-i-responsable-de-justifica-tu-respuesta\\\/\",\"name\":\"Santiago Moll, professor i responsable de \\\"Justifica tu respuesta\\\". - L'escola gra\u00f3 a gra\u00f3\",\"isPartOf\":{\"@id\":\"https:\\\/\\\/diarieducacio.cat\\\/grao\\\/#website\"},\"primaryImageOfPage\":{\"@id\":\"https:\\\/\\\/diarieducacio.cat\\\/grao\\\/2016\\\/06\\\/10\\\/santiago-moll-professor-i-responsable-de-justifica-tu-respuesta\\\/#primaryimage\"},\"image\":{\"@id\":\"https:\\\/\\\/diarieducacio.cat\\\/grao\\\/2016\\\/06\\\/10\\\/santiago-moll-professor-i-responsable-de-justifica-tu-respuesta\\\/#primaryimage\"},\"thumbnailUrl\":\"https:\\\/\\\/diarieducacio.cat\\\/grao\\\/wp-content\\\/uploads\\\/sites\\\/31\\\/2016\\\/05\\\/GG2_1872-scaled-1.jpg\",\"datePublished\":\"2016-06-10T06:46:29+00:00\",\"dateModified\":\"2024-05-13T16:30:22+00:00\",\"author\":{\"@id\":\"https:\\\/\\\/diarieducacio.cat\\\/grao\\\/#\\\/schema\\\/person\\\/6ef3c04be493eca55163f8fb357b96dd\"},\"breadcrumb\":{\"@id\":\"https:\\\/\\\/diarieducacio.cat\\\/grao\\\/2016\\\/06\\\/10\\\/santiago-moll-professor-i-responsable-de-justifica-tu-respuesta\\\/#breadcrumb\"},\"inLanguage\":\"ca\",\"potentialAction\":[{\"@type\":\"ReadAction\",\"target\":[\"https:\\\/\\\/diarieducacio.cat\\\/grao\\\/2016\\\/06\\\/10\\\/santiago-moll-professor-i-responsable-de-justifica-tu-respuesta\\\/\"]}]},{\"@type\":\"ImageObject\",\"inLanguage\":\"ca\",\"@id\":\"https:\\\/\\\/diarieducacio.cat\\\/grao\\\/2016\\\/06\\\/10\\\/santiago-moll-professor-i-responsable-de-justifica-tu-respuesta\\\/#primaryimage\",\"url\":\"https:\\\/\\\/diarieducacio.cat\\\/grao\\\/wp-content\\\/uploads\\\/sites\\\/31\\\/2016\\\/05\\\/GG2_1872-scaled-1.jpg\",\"contentUrl\":\"https:\\\/\\\/diarieducacio.cat\\\/grao\\\/wp-content\\\/uploads\\\/sites\\\/31\\\/2016\\\/05\\\/GG2_1872-scaled-1.jpg\",\"width\":2560,\"height\":1709},{\"@type\":\"BreadcrumbList\",\"@id\":\"https:\\\/\\\/diarieducacio.cat\\\/grao\\\/2016\\\/06\\\/10\\\/santiago-moll-professor-i-responsable-de-justifica-tu-respuesta\\\/#breadcrumb\",\"itemListElement\":[{\"@type\":\"ListItem\",\"position\":1,\"name\":\"Inici\",\"item\":\"https:\\\/\\\/diarieducacio.cat\\\/grao\\\/\"},{\"@type\":\"ListItem\",\"position\":2,\"name\":\"Santiago Moll, professor i responsable de &#8220;Justifica tu respuesta&#8221;.\"}]},{\"@type\":\"WebSite\",\"@id\":\"https:\\\/\\\/diarieducacio.cat\\\/grao\\\/#website\",\"url\":\"https:\\\/\\\/diarieducacio.cat\\\/grao\\\/\",\"name\":\"L'escola gra\u00f3 a gra\u00f3\",\"description\":\"Un blog de El Diari de l&#039;Educaci\u00f3\",\"potentialAction\":[{\"@type\":\"SearchAction\",\"target\":{\"@type\":\"EntryPoint\",\"urlTemplate\":\"https:\\\/\\\/diarieducacio.cat\\\/grao\\\/?s={search_term_string}\"},\"query-input\":{\"@type\":\"PropertyValueSpecification\",\"valueRequired\":true,\"valueName\":\"search_term_string\"}}],\"inLanguage\":\"ca\"},{\"@type\":\"Person\",\"@id\":\"https:\\\/\\\/diarieducacio.cat\\\/grao\\\/#\\\/schema\\\/person\\\/6ef3c04be493eca55163f8fb357b96dd\",\"name\":\"Eva Mart\u00ednez\",\"image\":{\"@type\":\"ImageObject\",\"inLanguage\":\"ca\",\"@id\":\"https:\\\/\\\/secure.gravatar.com\\\/avatar\\\/9f9560d64d16d032d11d280ee0bf98bcc108e6d3984f5cd72782046d71518cae?s=96&d=mm&r=g\",\"url\":\"https:\\\/\\\/secure.gravatar.com\\\/avatar\\\/9f9560d64d16d032d11d280ee0bf98bcc108e6d3984f5cd72782046d71518cae?s=96&d=mm&r=g\",\"contentUrl\":\"https:\\\/\\\/secure.gravatar.com\\\/avatar\\\/9f9560d64d16d032d11d280ee0bf98bcc108e6d3984f5cd72782046d71518cae?s=96&d=mm&r=g\",\"caption\":\"Eva Mart\u00ednez\"},\"url\":\"https:\\\/\\\/diarieducacio.cat\\\/grao\\\/author\\\/evamartinez\\\/\"}]}<\/script>\n<!-- \/ Yoast SEO plugin. -->","yoast_head_json":{"title":"Santiago Moll, professor i responsable de \"Justifica tu respuesta\". - L'escola gra\u00f3 a gra\u00f3","robots":{"index":"index","follow":"follow","max-snippet":"max-snippet:-1","max-image-preview":"max-image-preview:large","max-video-preview":"max-video-preview:-1"},"canonical":"https:\/\/diarieducacio.cat\/grao\/2016\/06\/10\/santiago-moll-professor-i-responsable-de-justifica-tu-respuesta\/","og_locale":"ca_ES","og_type":"article","og_title":"Santiago Moll, professor i responsable de \"Justifica tu respuesta\". - L'escola gra\u00f3 a gra\u00f3","og_description":"\u00abJustifica tu respuesta\u00bb s\u00f3n, com Santiago Moll diu, les tres paraules m\u00e9s repetides en contextos acad\u00e8mics des de fa d\u00e8cades. Molt probablement, els que llegirem aquestes tres paraules recordarem amb certa mandra qu\u00e8 volia dir trobar-se-les al final d\u2019una pregunta de resposta f\u00e0cil.","og_url":"https:\/\/diarieducacio.cat\/grao\/2016\/06\/10\/santiago-moll-professor-i-responsable-de-justifica-tu-respuesta\/","og_site_name":"L'escola gra\u00f3 a gra\u00f3","article_published_time":"2016-06-10T06:46:29+00:00","article_modified_time":"2024-05-13T16:30:22+00:00","og_image":[{"width":2560,"height":1709,"url":"https:\/\/diarieducacio.cat\/grao\/wp-content\/uploads\/sites\/31\/2016\/05\/GG2_1872-scaled-1.jpg","type":"image\/jpeg"}],"author":"Eva Mart\u00ednez","twitter_card":"summary_large_image","twitter_misc":{"Escrit per":"Eva Mart\u00ednez","Temps estimat de lectura":"2 minuts"},"schema":{"@context":"https:\/\/schema.org","@graph":[{"@type":"Article","@id":"https:\/\/diarieducacio.cat\/grao\/2016\/06\/10\/santiago-moll-professor-i-responsable-de-justifica-tu-respuesta\/#article","isPartOf":{"@id":"https:\/\/diarieducacio.cat\/grao\/2016\/06\/10\/santiago-moll-professor-i-responsable-de-justifica-tu-respuesta\/"},"author":{"name":"Eva Mart\u00ednez","@id":"https:\/\/diarieducacio.cat\/grao\/#\/schema\/person\/6ef3c04be493eca55163f8fb357b96dd"},"headline":"Santiago Moll, professor i responsable de &#8220;Justifica tu respuesta&#8221;.","datePublished":"2016-06-10T06:46:29+00:00","dateModified":"2024-05-13T16:30:22+00:00","mainEntityOfPage":{"@id":"https:\/\/diarieducacio.cat\/grao\/2016\/06\/10\/santiago-moll-professor-i-responsable-de-justifica-tu-respuesta\/"},"wordCount":492,"commentCount":0,"image":{"@id":"https:\/\/diarieducacio.cat\/grao\/2016\/06\/10\/santiago-moll-professor-i-responsable-de-justifica-tu-respuesta\/#primaryimage"},"thumbnailUrl":"https:\/\/diarieducacio.cat\/grao\/wp-content\/uploads\/sites\/31\/2016\/05\/GG2_1872-scaled-1.jpg","keywords":["benestar personal","comunicaci\u00f3 docent","creixement hum\u00e0","dimensions innovadores","Gra\u00f3"],"articleSection":["coaching","Desenvolupament Personal","Desenvolupament professional","Motivaci\u00f3","Reflexi\u00f3"],"inLanguage":"ca","potentialAction":[{"@type":"CommentAction","name":"Comment","target":["https:\/\/diarieducacio.cat\/grao\/2016\/06\/10\/santiago-moll-professor-i-responsable-de-justifica-tu-respuesta\/#respond"]}]},{"@type":"WebPage","@id":"https:\/\/diarieducacio.cat\/grao\/2016\/06\/10\/santiago-moll-professor-i-responsable-de-justifica-tu-respuesta\/","url":"https:\/\/diarieducacio.cat\/grao\/2016\/06\/10\/santiago-moll-professor-i-responsable-de-justifica-tu-respuesta\/","name":"Santiago Moll, professor i responsable de \"Justifica tu respuesta\". - L'escola gra\u00f3 a gra\u00f3","isPartOf":{"@id":"https:\/\/diarieducacio.cat\/grao\/#website"},"primaryImageOfPage":{"@id":"https:\/\/diarieducacio.cat\/grao\/2016\/06\/10\/santiago-moll-professor-i-responsable-de-justifica-tu-respuesta\/#primaryimage"},"image":{"@id":"https:\/\/diarieducacio.cat\/grao\/2016\/06\/10\/santiago-moll-professor-i-responsable-de-justifica-tu-respuesta\/#primaryimage"},"thumbnailUrl":"https:\/\/diarieducacio.cat\/grao\/wp-content\/uploads\/sites\/31\/2016\/05\/GG2_1872-scaled-1.jpg","datePublished":"2016-06-10T06:46:29+00:00","dateModified":"2024-05-13T16:30:22+00:00","author":{"@id":"https:\/\/diarieducacio.cat\/grao\/#\/schema\/person\/6ef3c04be493eca55163f8fb357b96dd"},"breadcrumb":{"@id":"https:\/\/diarieducacio.cat\/grao\/2016\/06\/10\/santiago-moll-professor-i-responsable-de-justifica-tu-respuesta\/#breadcrumb"},"inLanguage":"ca","potentialAction":[{"@type":"ReadAction","target":["https:\/\/diarieducacio.cat\/grao\/2016\/06\/10\/santiago-moll-professor-i-responsable-de-justifica-tu-respuesta\/"]}]},{"@type":"ImageObject","inLanguage":"ca","@id":"https:\/\/diarieducacio.cat\/grao\/2016\/06\/10\/santiago-moll-professor-i-responsable-de-justifica-tu-respuesta\/#primaryimage","url":"https:\/\/diarieducacio.cat\/grao\/wp-content\/uploads\/sites\/31\/2016\/05\/GG2_1872-scaled-1.jpg","contentUrl":"https:\/\/diarieducacio.cat\/grao\/wp-content\/uploads\/sites\/31\/2016\/05\/GG2_1872-scaled-1.jpg","width":2560,"height":1709},{"@type":"BreadcrumbList","@id":"https:\/\/diarieducacio.cat\/grao\/2016\/06\/10\/santiago-moll-professor-i-responsable-de-justifica-tu-respuesta\/#breadcrumb","itemListElement":[{"@type":"ListItem","position":1,"name":"Inici","item":"https:\/\/diarieducacio.cat\/grao\/"},{"@type":"ListItem","position":2,"name":"Santiago Moll, professor i responsable de &#8220;Justifica tu respuesta&#8221;."}]},{"@type":"WebSite","@id":"https:\/\/diarieducacio.cat\/grao\/#website","url":"https:\/\/diarieducacio.cat\/grao\/","name":"L'escola gra\u00f3 a gra\u00f3","description":"Un blog de El Diari de l&#039;Educaci\u00f3","potentialAction":[{"@type":"SearchAction","target":{"@type":"EntryPoint","urlTemplate":"https:\/\/diarieducacio.cat\/grao\/?s={search_term_string}"},"query-input":{"@type":"PropertyValueSpecification","valueRequired":true,"valueName":"search_term_string"}}],"inLanguage":"ca"},{"@type":"Person","@id":"https:\/\/diarieducacio.cat\/grao\/#\/schema\/person\/6ef3c04be493eca55163f8fb357b96dd","name":"Eva Mart\u00ednez","image":{"@type":"ImageObject","inLanguage":"ca","@id":"https:\/\/secure.gravatar.com\/avatar\/9f9560d64d16d032d11d280ee0bf98bcc108e6d3984f5cd72782046d71518cae?s=96&d=mm&r=g","url":"https:\/\/secure.gravatar.com\/avatar\/9f9560d64d16d032d11d280ee0bf98bcc108e6d3984f5cd72782046d71518cae?s=96&d=mm&r=g","contentUrl":"https:\/\/secure.gravatar.com\/avatar\/9f9560d64d16d032d11d280ee0bf98bcc108e6d3984f5cd72782046d71518cae?s=96&d=mm&r=g","caption":"Eva Mart\u00ednez"},"url":"https:\/\/diarieducacio.cat\/grao\/author\/evamartinez\/"}]}},"_links":{"self":[{"href":"https:\/\/diarieducacio.cat\/grao\/wp-json\/wp\/v2\/posts\/1434","targetHints":{"allow":["GET"]}}],"collection":[{"href":"https:\/\/diarieducacio.cat\/grao\/wp-json\/wp\/v2\/posts"}],"about":[{"href":"https:\/\/diarieducacio.cat\/grao\/wp-json\/wp\/v2\/types\/post"}],"author":[{"embeddable":true,"href":"https:\/\/diarieducacio.cat\/grao\/wp-json\/wp\/v2\/users\/525"}],"replies":[{"embeddable":true,"href":"https:\/\/diarieducacio.cat\/grao\/wp-json\/wp\/v2\/comments?post=1434"}],"version-history":[{"count":1,"href":"https:\/\/diarieducacio.cat\/grao\/wp-json\/wp\/v2\/posts\/1434\/revisions"}],"predecessor-version":[{"id":6271,"href":"https:\/\/diarieducacio.cat\/grao\/wp-json\/wp\/v2\/posts\/1434\/revisions\/6271"}],"wp:featuredmedia":[{"embeddable":true,"href":"https:\/\/diarieducacio.cat\/grao\/wp-json\/wp\/v2\/media\/1435"}],"wp:attachment":[{"href":"https:\/\/diarieducacio.cat\/grao\/wp-json\/wp\/v2\/media?parent=1434"}],"wp:term":[{"taxonomy":"category","embeddable":true,"href":"https:\/\/diarieducacio.cat\/grao\/wp-json\/wp\/v2\/categories?post=1434"},{"taxonomy":"post_tag","embeddable":true,"href":"https:\/\/diarieducacio.cat\/grao\/wp-json\/wp\/v2\/tags?post=1434"},{"taxonomy":"tipo","embeddable":true,"href":"https:\/\/diarieducacio.cat\/grao\/wp-json\/wp\/v2\/tipo?post=1434"}],"curies":[{"name":"wp","href":"https:\/\/api.w.org\/{rel}","templated":true}]}}