{"id":1452,"date":"2016-09-06T07:03:55","date_gmt":"2016-09-06T07:03:55","guid":{"rendered":"https:\/\/diarieducacio.cat\/grao\/?p=1452"},"modified":"2024-05-13T18:30:23","modified_gmt":"2024-05-13T16:30:23","slug":"la-pobresa-amb-relats-quotidians","status":"publish","type":"post","link":"https:\/\/diarieducacio.cat\/grao\/2016\/09\/06\/la-pobresa-amb-relats-quotidians\/","title":{"rendered":"La pobresa amb relats quotidians"},"content":{"rendered":"<p>Als 3 anys acabats de fer, acumula m\u00e9s esfor\u00e7 per sobreviure que moltes persones de 30. Ha entrat amb la seva mestra a la sabateria de la cantonada. Aquest mat\u00ed, ha arribat a l\u2019escola cal\u00e7ant sand\u00e0lies del n\u00famero 20, malgrat que el que necessita \u00e9s un 26. Les sand\u00e0lies amb prou feines li protegeixen mitja planta i camina amb el tal\u00f3 damunt la sabata i l\u2019empenya mantinguda elevada per damunt de les ungles dels peus, que els porta encongits per mantenir-los plans.<\/p>\n<p>A l\u2019escola, ni un sol moment ha decidit asseure\u2019s ven\u00e7ut per les dificultats. T\u00e9 normalitzada la seva lluita quotidiana enfront de les adversitats. L\u2019escola tampoc no ha ajornat la resposta, ni ha dubtat sobre el que era m\u00e9s convenient per a ell: si el nen no es vol perdre un segon de joc, l\u2019escola tampoc no sent que la soluci\u00f3 sigui cosa dels serveis socials i han anat a comprar unes vambes del seu n\u00famero.<\/p>\n<p>El dimarts anterior, les mateixes mestres es van mobilitzar a favor d\u2019una mare despatxada per haver arribat tard a la feina despr\u00e9s d\u2019haver portat el seu fill al metge, perqu\u00e8 el nen patia un atac d\u2019asma. El seu marit, empresonat per furt. \u00abTinc la nevera buida i al s\u00faper no em fien\u00bb, va ser la seva petici\u00f3 d\u2019auxili. La pobresa dels m\u00e9s desfavorits ja no cap als \u00abseus\u00bb pisos ni als \u00abseus\u00bb carrers. Indigents dels recursos m\u00e9s b\u00e0sics i elementals de vida, per\u00f2 alhora plet\u00f2rics del desig de gaudir i de viure, van apareixent a la \u00abnostra\u00bb normalitat. I les comunitats educatives, sensibles, van esdevenint tamb\u00e9 trinxeres humanit\u00e0ries. Les escoles tornen a ser llocs on \u00e9s important alimentar-hi les criatures, i no \u00fanicament per raons de conciliaci\u00f3, ni solament per afavorir l\u2019autonomia individual. Menjar torna a ser un acte de pura superviv\u00e8ncia. En molts dels \u00abnostres barris\u00bb, menjar di\u00e0riament ja no \u00e9s un sup\u00f2sit per a tothom, ni anar cal\u00e7at, ni gaudir de calefacci\u00f3 a l\u2019hivern, ni tan sols tenir casa\u2026 Els menjadors escolars van apar\u00e8ixer per una cosa tan b\u00e0sica com alimentar. Sovint, els centres docents tornen a ser espais contra la pobresa infantil. Ja no n\u2019hi ha prou de derivar les fam\u00edlies a uns serveis socials desbordats, incapa\u00e7os d\u2019arribar a tot i molt menys encara d\u2019arribar-hi a temps.<\/p>\n<p>La pobresa ens reclama, no solament ens interpel\u00b7la a treballar en xarxa, sin\u00f3 tamb\u00e9 a esdevenir \u00absocorristes\u00bb d\u2019urg\u00e8ncia. En el relat diari de\u00a0moltes \u00abescoletes\u00bb i \u00abescolotes\u00bb, la pobresa ja no \u00e9s solament un tema de claustres ni de coordinacions. El relat diari tamb\u00e9 compr\u00e8n escenes de pati, de converses amb les fam\u00edlies i amb l\u2019equip, de lluita per la superviv\u00e8ncia i la inclusi\u00f3. Socorristes quotidians.<\/p>\n<p><a href=\"https:\/\/nostalgic-ishizaka.82-223-1-47.plesk.page\/grao\/wp-content\/uploads\/sites\/31\/2016\/07\/GI086f.jpg\"><\/a>A un altre nivell, socorristes quotidians, voluntaris de la solidaritat, tamb\u00e9 m\u00e9s enll\u00e0 del nostre entorn m\u00e9s proper, s\u00f3n les persones que exerceixen ajut humanitari als refugiats. A tots els hem volgut visibilitzar d\u2019una manera especial a la portada d\u2019aquest n\u00famero de la revista. El que passa a <a href=\"http:\/\/Amnistia Internacional: www.amnesty.org\/es\/latest\/news\/2015\/09\/syrias-refugee-crisis-in-numbers\/\">S\u00edria<\/a> \u00e9s el desastre m\u00e9s gran dels nostres temps, amb m\u00e9s de 220.000 morts, 4,5 milions de despla\u00e7ats i 10.000 menors refugiats dels quals s\u2019ha perdut la pista. La violaci\u00f3 sistem\u00e0tica dels drets humans i dels drets dels infants ja no ocorren solament als telenot\u00edcies, i la resposta no cap als titulars period\u00edstics. Costar\u00e0 que les criatures refugiades es recuperin de la viv\u00e8ncia de no haver estat ajudades. Ignorem les factures que ens tornar\u00e0 la hist\u00f2ria per part de les persones que s\u2019han sentit no desitjades.<\/p>\n<p>Les escoles, les nostres escoles, ja s\u00f3n tamb\u00e9 refugis per a infants desheretats. La solidaritat \u00e9s la tendresa dels pobles. \u00abEns queda la paraula\u00bb, deia Blas de Otero i, sobretot ara a la societat civil, tamb\u00e9 l\u2019acci\u00f3.<\/p>\n<p><strong>Font:\u00a0<\/strong>Revista Guix d&#8217;Infantil n.86 <strong><a href=\"http:\/\/www.grao.com\/revistes\/guix-infantil\/86-simbols-i-socialitzacio\/la-pobresa-amb-relats-quotidians\">(clic aqu\u00ed<\/a>)<\/strong>.<\/p>\n","protected":false},"excerpt":{"rendered":"<p>En el relat diari de moltes \u00abescoletes\u00bb i \u00abescolotes\u00bb, la pobresa ja no \u00e9s solament un tema de claustres ni de coordinacions. El relat diari tamb\u00e9 compr\u00e8n escenes de pati, de converses amb les fam\u00edlies i amb l\u2019equip, de lluita per la superviv\u00e8ncia i la inclusi\u00f3. <\/p>\n","protected":false},"author":524,"featured_media":1453,"comment_status":"open","ping_status":"open","sticky":false,"template":"","format":"standard","meta":{"footnotes":""},"categories":[182,160,152,155,115,146],"tags":[151,266,99,97,165],"tipo":[],"class_list":{"0":"post-1452","1":"post","2":"type-post","3":"status-publish","4":"format-standard","5":"has-post-thumbnail","7":"category-comunitat-educativa","8":"category-educacio-per-a-la-interculturalitatmulticulturalitat","9":"category-educacio-socialaccio-comunitaria","10":"category-funcio-social-de-lensenyament","11":"category-reflexio","12":"category-retrats-de-vivencies-personals","13":"tag-accio-social","14":"tag-comunitat-educativa","15":"tag-creixement-huma","16":"tag-grao","17":"tag-infancia"},"yoast_head":"<!-- This site is optimized with the Yoast SEO plugin v27.5 - https:\/\/yoast.com\/product\/yoast-seo-wordpress\/ -->\n<title>La pobresa amb relats quotidians - L&#039;escola gra\u00f3 a gra\u00f3<\/title>\n<meta name=\"robots\" content=\"index, follow, max-snippet:-1, max-image-preview:large, max-video-preview:-1\" \/>\n<link rel=\"canonical\" href=\"https:\/\/diarieducacio.cat\/grao\/2016\/09\/06\/la-pobresa-amb-relats-quotidians\/\" \/>\n<meta property=\"og:locale\" content=\"ca_ES\" \/>\n<meta property=\"og:type\" content=\"article\" \/>\n<meta property=\"og:title\" content=\"La pobresa amb relats quotidians - L&#039;escola gra\u00f3 a gra\u00f3\" \/>\n<meta property=\"og:description\" content=\"En el relat diari de moltes \u00abescoletes\u00bb i \u00abescolotes\u00bb, la pobresa ja no \u00e9s solament un tema de claustres ni de coordinacions. El relat diari tamb\u00e9 compr\u00e8n escenes de pati, de converses amb les fam\u00edlies i amb l\u2019equip, de lluita per la superviv\u00e8ncia i la inclusi\u00f3.\" \/>\n<meta property=\"og:url\" content=\"https:\/\/diarieducacio.cat\/grao\/2016\/09\/06\/la-pobresa-amb-relats-quotidians\/\" \/>\n<meta property=\"og:site_name\" content=\"L&#039;escola gra\u00f3 a gra\u00f3\" \/>\n<meta property=\"article:published_time\" content=\"2016-09-06T07:03:55+00:00\" \/>\n<meta property=\"article:modified_time\" content=\"2024-05-13T16:30:23+00:00\" \/>\n<meta property=\"og:image\" content=\"https:\/\/diarieducacio.cat\/grao\/wp-content\/uploads\/sites\/31\/2016\/07\/GI086f.jpg\" \/>\n\t<meta property=\"og:image:width\" content=\"217\" \/>\n\t<meta property=\"og:image:height\" content=\"286\" \/>\n\t<meta property=\"og:image:type\" content=\"image\/jpeg\" \/>\n<meta name=\"author\" content=\"Redacci\u00f3 - Editorial Gra\u00f3\" \/>\n<meta name=\"twitter:card\" content=\"summary_large_image\" \/>\n<meta name=\"twitter:label1\" content=\"Escrit per\" \/>\n\t<meta name=\"twitter:data1\" content=\"Redacci\u00f3 - Editorial Gra\u00f3\" \/>\n\t<meta name=\"twitter:label2\" content=\"Temps estimat de lectura\" \/>\n\t<meta name=\"twitter:data2\" content=\"3 minuts\" \/>\n<script type=\"application\/ld+json\" class=\"yoast-schema-graph\">{\"@context\":\"https:\\\/\\\/schema.org\",\"@graph\":[{\"@type\":\"Article\",\"@id\":\"https:\\\/\\\/diarieducacio.cat\\\/grao\\\/2016\\\/09\\\/06\\\/la-pobresa-amb-relats-quotidians\\\/#article\",\"isPartOf\":{\"@id\":\"https:\\\/\\\/diarieducacio.cat\\\/grao\\\/2016\\\/09\\\/06\\\/la-pobresa-amb-relats-quotidians\\\/\"},\"author\":{\"name\":\"Redacci\u00f3 - Editorial Gra\u00f3\",\"@id\":\"https:\\\/\\\/diarieducacio.cat\\\/grao\\\/#\\\/schema\\\/person\\\/131fe889ba50cb4a8381cabc75beb3ff\"},\"headline\":\"La pobresa amb relats quotidians\",\"datePublished\":\"2016-09-06T07:03:55+00:00\",\"dateModified\":\"2024-05-13T16:30:23+00:00\",\"mainEntityOfPage\":{\"@id\":\"https:\\\/\\\/diarieducacio.cat\\\/grao\\\/2016\\\/09\\\/06\\\/la-pobresa-amb-relats-quotidians\\\/\"},\"wordCount\":684,\"commentCount\":0,\"image\":{\"@id\":\"https:\\\/\\\/diarieducacio.cat\\\/grao\\\/2016\\\/09\\\/06\\\/la-pobresa-amb-relats-quotidians\\\/#primaryimage\"},\"thumbnailUrl\":\"https:\\\/\\\/diarieducacio.cat\\\/grao\\\/wp-content\\\/uploads\\\/sites\\\/31\\\/2016\\\/07\\\/GI086f.jpg\",\"keywords\":[\"acci\u00f3 social\",\"comunitat educativa\",\"creixement hum\u00e0\",\"Gra\u00f3\",\"inf\u00e0ncia\"],\"articleSection\":[\"comunitat educativa\",\"Educaci\u00f3 per a la interculturalitat\\\/multiculturalitat\",\"Educaci\u00f3 Social\\\/Acci\u00f3 comunit\u00e0ria\",\"Funci\u00f3 social de l'ensenyament\",\"Reflexi\u00f3\",\"Retrats de viv\u00e8ncies personals\"],\"inLanguage\":\"ca\",\"potentialAction\":[{\"@type\":\"CommentAction\",\"name\":\"Comment\",\"target\":[\"https:\\\/\\\/diarieducacio.cat\\\/grao\\\/2016\\\/09\\\/06\\\/la-pobresa-amb-relats-quotidians\\\/#respond\"]}]},{\"@type\":\"WebPage\",\"@id\":\"https:\\\/\\\/diarieducacio.cat\\\/grao\\\/2016\\\/09\\\/06\\\/la-pobresa-amb-relats-quotidians\\\/\",\"url\":\"https:\\\/\\\/diarieducacio.cat\\\/grao\\\/2016\\\/09\\\/06\\\/la-pobresa-amb-relats-quotidians\\\/\",\"name\":\"La pobresa amb relats quotidians - L'escola gra\u00f3 a gra\u00f3\",\"isPartOf\":{\"@id\":\"https:\\\/\\\/diarieducacio.cat\\\/grao\\\/#website\"},\"primaryImageOfPage\":{\"@id\":\"https:\\\/\\\/diarieducacio.cat\\\/grao\\\/2016\\\/09\\\/06\\\/la-pobresa-amb-relats-quotidians\\\/#primaryimage\"},\"image\":{\"@id\":\"https:\\\/\\\/diarieducacio.cat\\\/grao\\\/2016\\\/09\\\/06\\\/la-pobresa-amb-relats-quotidians\\\/#primaryimage\"},\"thumbnailUrl\":\"https:\\\/\\\/diarieducacio.cat\\\/grao\\\/wp-content\\\/uploads\\\/sites\\\/31\\\/2016\\\/07\\\/GI086f.jpg\",\"datePublished\":\"2016-09-06T07:03:55+00:00\",\"dateModified\":\"2024-05-13T16:30:23+00:00\",\"author\":{\"@id\":\"https:\\\/\\\/diarieducacio.cat\\\/grao\\\/#\\\/schema\\\/person\\\/131fe889ba50cb4a8381cabc75beb3ff\"},\"breadcrumb\":{\"@id\":\"https:\\\/\\\/diarieducacio.cat\\\/grao\\\/2016\\\/09\\\/06\\\/la-pobresa-amb-relats-quotidians\\\/#breadcrumb\"},\"inLanguage\":\"ca\",\"potentialAction\":[{\"@type\":\"ReadAction\",\"target\":[\"https:\\\/\\\/diarieducacio.cat\\\/grao\\\/2016\\\/09\\\/06\\\/la-pobresa-amb-relats-quotidians\\\/\"]}]},{\"@type\":\"ImageObject\",\"inLanguage\":\"ca\",\"@id\":\"https:\\\/\\\/diarieducacio.cat\\\/grao\\\/2016\\\/09\\\/06\\\/la-pobresa-amb-relats-quotidians\\\/#primaryimage\",\"url\":\"https:\\\/\\\/diarieducacio.cat\\\/grao\\\/wp-content\\\/uploads\\\/sites\\\/31\\\/2016\\\/07\\\/GI086f.jpg\",\"contentUrl\":\"https:\\\/\\\/diarieducacio.cat\\\/grao\\\/wp-content\\\/uploads\\\/sites\\\/31\\\/2016\\\/07\\\/GI086f.jpg\",\"width\":217,\"height\":286},{\"@type\":\"BreadcrumbList\",\"@id\":\"https:\\\/\\\/diarieducacio.cat\\\/grao\\\/2016\\\/09\\\/06\\\/la-pobresa-amb-relats-quotidians\\\/#breadcrumb\",\"itemListElement\":[{\"@type\":\"ListItem\",\"position\":1,\"name\":\"Inici\",\"item\":\"https:\\\/\\\/diarieducacio.cat\\\/grao\\\/\"},{\"@type\":\"ListItem\",\"position\":2,\"name\":\"La pobresa amb relats quotidians\"}]},{\"@type\":\"WebSite\",\"@id\":\"https:\\\/\\\/diarieducacio.cat\\\/grao\\\/#website\",\"url\":\"https:\\\/\\\/diarieducacio.cat\\\/grao\\\/\",\"name\":\"L'escola gra\u00f3 a gra\u00f3\",\"description\":\"Un blog de El Diari de l&#039;Educaci\u00f3\",\"potentialAction\":[{\"@type\":\"SearchAction\",\"target\":{\"@type\":\"EntryPoint\",\"urlTemplate\":\"https:\\\/\\\/diarieducacio.cat\\\/grao\\\/?s={search_term_string}\"},\"query-input\":{\"@type\":\"PropertyValueSpecification\",\"valueRequired\":true,\"valueName\":\"search_term_string\"}}],\"inLanguage\":\"ca\"},{\"@type\":\"Person\",\"@id\":\"https:\\\/\\\/diarieducacio.cat\\\/grao\\\/#\\\/schema\\\/person\\\/131fe889ba50cb4a8381cabc75beb3ff\",\"name\":\"Redacci\u00f3 - Editorial Gra\u00f3\",\"image\":{\"@type\":\"ImageObject\",\"inLanguage\":\"ca\",\"@id\":\"https:\\\/\\\/secure.gravatar.com\\\/avatar\\\/9d8b5293e92495f73d6f062cfac5de13f5a8355a89caf901edc1274d5640ad66?s=96&d=mm&r=g\",\"url\":\"https:\\\/\\\/secure.gravatar.com\\\/avatar\\\/9d8b5293e92495f73d6f062cfac5de13f5a8355a89caf901edc1274d5640ad66?s=96&d=mm&r=g\",\"contentUrl\":\"https:\\\/\\\/secure.gravatar.com\\\/avatar\\\/9d8b5293e92495f73d6f062cfac5de13f5a8355a89caf901edc1274d5640ad66?s=96&d=mm&r=g\",\"caption\":\"Redacci\u00f3 - Editorial Gra\u00f3\"},\"url\":\"https:\\\/\\\/diarieducacio.cat\\\/grao\\\/author\\\/emoreno\\\/\"}]}<\/script>\n<!-- \/ Yoast SEO plugin. -->","yoast_head_json":{"title":"La pobresa amb relats quotidians - L'escola gra\u00f3 a gra\u00f3","robots":{"index":"index","follow":"follow","max-snippet":"max-snippet:-1","max-image-preview":"max-image-preview:large","max-video-preview":"max-video-preview:-1"},"canonical":"https:\/\/diarieducacio.cat\/grao\/2016\/09\/06\/la-pobresa-amb-relats-quotidians\/","og_locale":"ca_ES","og_type":"article","og_title":"La pobresa amb relats quotidians - L'escola gra\u00f3 a gra\u00f3","og_description":"En el relat diari de moltes \u00abescoletes\u00bb i \u00abescolotes\u00bb, la pobresa ja no \u00e9s solament un tema de claustres ni de coordinacions. El relat diari tamb\u00e9 compr\u00e8n escenes de pati, de converses amb les fam\u00edlies i amb l\u2019equip, de lluita per la superviv\u00e8ncia i la inclusi\u00f3.","og_url":"https:\/\/diarieducacio.cat\/grao\/2016\/09\/06\/la-pobresa-amb-relats-quotidians\/","og_site_name":"L'escola gra\u00f3 a gra\u00f3","article_published_time":"2016-09-06T07:03:55+00:00","article_modified_time":"2024-05-13T16:30:23+00:00","og_image":[{"width":217,"height":286,"url":"https:\/\/diarieducacio.cat\/grao\/wp-content\/uploads\/sites\/31\/2016\/07\/GI086f.jpg","type":"image\/jpeg"}],"author":"Redacci\u00f3 - Editorial Gra\u00f3","twitter_card":"summary_large_image","twitter_misc":{"Escrit per":"Redacci\u00f3 - Editorial Gra\u00f3","Temps estimat de lectura":"3 minuts"},"schema":{"@context":"https:\/\/schema.org","@graph":[{"@type":"Article","@id":"https:\/\/diarieducacio.cat\/grao\/2016\/09\/06\/la-pobresa-amb-relats-quotidians\/#article","isPartOf":{"@id":"https:\/\/diarieducacio.cat\/grao\/2016\/09\/06\/la-pobresa-amb-relats-quotidians\/"},"author":{"name":"Redacci\u00f3 - Editorial Gra\u00f3","@id":"https:\/\/diarieducacio.cat\/grao\/#\/schema\/person\/131fe889ba50cb4a8381cabc75beb3ff"},"headline":"La pobresa amb relats quotidians","datePublished":"2016-09-06T07:03:55+00:00","dateModified":"2024-05-13T16:30:23+00:00","mainEntityOfPage":{"@id":"https:\/\/diarieducacio.cat\/grao\/2016\/09\/06\/la-pobresa-amb-relats-quotidians\/"},"wordCount":684,"commentCount":0,"image":{"@id":"https:\/\/diarieducacio.cat\/grao\/2016\/09\/06\/la-pobresa-amb-relats-quotidians\/#primaryimage"},"thumbnailUrl":"https:\/\/diarieducacio.cat\/grao\/wp-content\/uploads\/sites\/31\/2016\/07\/GI086f.jpg","keywords":["acci\u00f3 social","comunitat educativa","creixement hum\u00e0","Gra\u00f3","inf\u00e0ncia"],"articleSection":["comunitat educativa","Educaci\u00f3 per a la interculturalitat\/multiculturalitat","Educaci\u00f3 Social\/Acci\u00f3 comunit\u00e0ria","Funci\u00f3 social de l'ensenyament","Reflexi\u00f3","Retrats de viv\u00e8ncies personals"],"inLanguage":"ca","potentialAction":[{"@type":"CommentAction","name":"Comment","target":["https:\/\/diarieducacio.cat\/grao\/2016\/09\/06\/la-pobresa-amb-relats-quotidians\/#respond"]}]},{"@type":"WebPage","@id":"https:\/\/diarieducacio.cat\/grao\/2016\/09\/06\/la-pobresa-amb-relats-quotidians\/","url":"https:\/\/diarieducacio.cat\/grao\/2016\/09\/06\/la-pobresa-amb-relats-quotidians\/","name":"La pobresa amb relats quotidians - L'escola gra\u00f3 a gra\u00f3","isPartOf":{"@id":"https:\/\/diarieducacio.cat\/grao\/#website"},"primaryImageOfPage":{"@id":"https:\/\/diarieducacio.cat\/grao\/2016\/09\/06\/la-pobresa-amb-relats-quotidians\/#primaryimage"},"image":{"@id":"https:\/\/diarieducacio.cat\/grao\/2016\/09\/06\/la-pobresa-amb-relats-quotidians\/#primaryimage"},"thumbnailUrl":"https:\/\/diarieducacio.cat\/grao\/wp-content\/uploads\/sites\/31\/2016\/07\/GI086f.jpg","datePublished":"2016-09-06T07:03:55+00:00","dateModified":"2024-05-13T16:30:23+00:00","author":{"@id":"https:\/\/diarieducacio.cat\/grao\/#\/schema\/person\/131fe889ba50cb4a8381cabc75beb3ff"},"breadcrumb":{"@id":"https:\/\/diarieducacio.cat\/grao\/2016\/09\/06\/la-pobresa-amb-relats-quotidians\/#breadcrumb"},"inLanguage":"ca","potentialAction":[{"@type":"ReadAction","target":["https:\/\/diarieducacio.cat\/grao\/2016\/09\/06\/la-pobresa-amb-relats-quotidians\/"]}]},{"@type":"ImageObject","inLanguage":"ca","@id":"https:\/\/diarieducacio.cat\/grao\/2016\/09\/06\/la-pobresa-amb-relats-quotidians\/#primaryimage","url":"https:\/\/diarieducacio.cat\/grao\/wp-content\/uploads\/sites\/31\/2016\/07\/GI086f.jpg","contentUrl":"https:\/\/diarieducacio.cat\/grao\/wp-content\/uploads\/sites\/31\/2016\/07\/GI086f.jpg","width":217,"height":286},{"@type":"BreadcrumbList","@id":"https:\/\/diarieducacio.cat\/grao\/2016\/09\/06\/la-pobresa-amb-relats-quotidians\/#breadcrumb","itemListElement":[{"@type":"ListItem","position":1,"name":"Inici","item":"https:\/\/diarieducacio.cat\/grao\/"},{"@type":"ListItem","position":2,"name":"La pobresa amb relats quotidians"}]},{"@type":"WebSite","@id":"https:\/\/diarieducacio.cat\/grao\/#website","url":"https:\/\/diarieducacio.cat\/grao\/","name":"L'escola gra\u00f3 a gra\u00f3","description":"Un blog de El Diari de l&#039;Educaci\u00f3","potentialAction":[{"@type":"SearchAction","target":{"@type":"EntryPoint","urlTemplate":"https:\/\/diarieducacio.cat\/grao\/?s={search_term_string}"},"query-input":{"@type":"PropertyValueSpecification","valueRequired":true,"valueName":"search_term_string"}}],"inLanguage":"ca"},{"@type":"Person","@id":"https:\/\/diarieducacio.cat\/grao\/#\/schema\/person\/131fe889ba50cb4a8381cabc75beb3ff","name":"Redacci\u00f3 - Editorial Gra\u00f3","image":{"@type":"ImageObject","inLanguage":"ca","@id":"https:\/\/secure.gravatar.com\/avatar\/9d8b5293e92495f73d6f062cfac5de13f5a8355a89caf901edc1274d5640ad66?s=96&d=mm&r=g","url":"https:\/\/secure.gravatar.com\/avatar\/9d8b5293e92495f73d6f062cfac5de13f5a8355a89caf901edc1274d5640ad66?s=96&d=mm&r=g","contentUrl":"https:\/\/secure.gravatar.com\/avatar\/9d8b5293e92495f73d6f062cfac5de13f5a8355a89caf901edc1274d5640ad66?s=96&d=mm&r=g","caption":"Redacci\u00f3 - Editorial Gra\u00f3"},"url":"https:\/\/diarieducacio.cat\/grao\/author\/emoreno\/"}]}},"_links":{"self":[{"href":"https:\/\/diarieducacio.cat\/grao\/wp-json\/wp\/v2\/posts\/1452","targetHints":{"allow":["GET"]}}],"collection":[{"href":"https:\/\/diarieducacio.cat\/grao\/wp-json\/wp\/v2\/posts"}],"about":[{"href":"https:\/\/diarieducacio.cat\/grao\/wp-json\/wp\/v2\/types\/post"}],"author":[{"embeddable":true,"href":"https:\/\/diarieducacio.cat\/grao\/wp-json\/wp\/v2\/users\/524"}],"replies":[{"embeddable":true,"href":"https:\/\/diarieducacio.cat\/grao\/wp-json\/wp\/v2\/comments?post=1452"}],"version-history":[{"count":1,"href":"https:\/\/diarieducacio.cat\/grao\/wp-json\/wp\/v2\/posts\/1452\/revisions"}],"predecessor-version":[{"id":6272,"href":"https:\/\/diarieducacio.cat\/grao\/wp-json\/wp\/v2\/posts\/1452\/revisions\/6272"}],"wp:featuredmedia":[{"embeddable":true,"href":"https:\/\/diarieducacio.cat\/grao\/wp-json\/wp\/v2\/media\/1453"}],"wp:attachment":[{"href":"https:\/\/diarieducacio.cat\/grao\/wp-json\/wp\/v2\/media?parent=1452"}],"wp:term":[{"taxonomy":"category","embeddable":true,"href":"https:\/\/diarieducacio.cat\/grao\/wp-json\/wp\/v2\/categories?post=1452"},{"taxonomy":"post_tag","embeddable":true,"href":"https:\/\/diarieducacio.cat\/grao\/wp-json\/wp\/v2\/tags?post=1452"},{"taxonomy":"tipo","embeddable":true,"href":"https:\/\/diarieducacio.cat\/grao\/wp-json\/wp\/v2\/tipo?post=1452"}],"curies":[{"name":"wp","href":"https:\/\/api.w.org\/{rel}","templated":true}]}}