{"id":1459,"date":"2016-09-29T15:50:46","date_gmt":"2016-09-29T15:50:46","guid":{"rendered":"https:\/\/diarieducacio.cat\/grao\/?p=1459"},"modified":"2024-05-13T18:30:23","modified_gmt":"2024-05-13T16:30:23","slug":"albert-grau-pallasso-el-riure-no-te-fronteres","status":"publish","type":"post","link":"https:\/\/diarieducacio.cat\/grao\/2016\/09\/29\/albert-grau-pallasso-el-riure-no-te-fronteres\/","title":{"rendered":"Albert Grau, pallasso. El riure no t\u00e9 fronteres."},"content":{"rendered":"<p>Despr\u00e9s de fer aquesta entrevista, entenc millor que mai per qu\u00e8 calen pallassos al m\u00f3n: \u00ab\u00c9s una actitud vital, creure que sempre hi ha una possibilitat nova, un esperit que permet encendre petits punts de llum en llocs plens de foscor\u00bb. Fa molts anys que l\u2019Albert es dedica a fer brotar somriures arreu del m\u00f3n amb PSF. \u00abHi ha molta gent que pateix al m\u00f3n, per\u00f2 jo diria que les persones refugiades s\u00f3n les que ho passen pitjor. Amb ells, treballem amb el riure, i aix\u00f2 no ent\u00e9n de fronteres: hi ha coses que fan gr\u00e0cia a tothom. La meva feina t\u00e9 un efecte immediat. Surto, actuo i marxo. Ells es queden all\u00e0, per\u00f2 almenys conserven aquell moment d\u2019\u00e0nim\u00bb.<\/p>\n<p><a href=\"https:\/\/nostalgic-ishizaka.82-223-1-47.plesk.page\/grao\/wp-content\/uploads\/sites\/31\/2016\/07\/pallaso.jpg\"><\/a>Amb la Fundaci\u00f3 Theodora, tamb\u00e9 treballa com a pallasso hospitalari: \u00abEl Doctor Fiebre \u00e9s qui em sost\u00e9 quan estic molt desanimat. A l\u2019hospital, s\u2019hi viuen realitats dures, i de vegades no hi queda espai per a un gag. N\u2019hi ha prou d\u2019acompanyar, i ho fem estant disponibles, prenent consci\u00e8ncia del moment present. El meu personatge em refor\u00e7a, perqu\u00e8, davant d\u2019algunes situacions, em sento molt vulnerable\u00bb.<\/p>\n<p>No \u00e9s dif\u00edcil d\u2019imaginar com es deu agrair que el Doctor Fiebre aparegui en una habitaci\u00f3 d\u2019hospital i alegri el cor dels que hi s\u00f3n. De fet, tots necessitem algun cop a la vida un Doctor Fiebre. Hi ha trams del cam\u00ed que resulten m\u00e9s suportables quan alg\u00fa t\u2019acarona el cor amb un nas vermell.<\/p>\n<p>L\u2019Albert afegeix: \u00abAmb PSF, he estat a Nicaragua, al L\u00edban, a Palestina, a Gaza, a la Rep\u00fablica Democr\u00e0tica del Congo, al Camer\u00fan, a Gr\u00e8cia, etc. En alguns llocs, has de canviar algun codi, un nas de pallasso no significa el mateix per a un nen afric\u00e0 que per a nosaltres. El que em mou \u00e9s comunicar-me, connectar amb l\u2019altra persona a partir del que jo s\u00e9 fer. \u00c9s un acte de donar i rebre. Jo dono tot el que puc, em dono a mi mateix. <strong>Els pallassos ens alimentem de les mirades. Quan mires als ulls i escoltes de veritat, passen coses sorprenents.<\/strong> Aquesta capacitat de sorpresa \u00e9s el que jo m\u2019emporto, aquest contacte profund des del sentit de l\u2019humor\u00bb. D\u2019aquest boc\u00ed de la conversa amb l\u2019Albert, en rescato tres idees per a l\u2019escola: comunicar-se mirant-se als ulls, escoltar de veritat i tenir capacitat de sorpresa.<\/p>\n<p>Aquesta \u00e9s l\u2019actitud que transmet l\u2019Albert: quan hi parles, t\u2019alegra, et refor\u00e7a, et sorpr\u00e8n. Ell diu que el nas no fa el pallasso, que ser pallasso \u00e9s una manera de viure. El seu primer personatge, en Denguito, va n\u00e9ixer despr\u00e9s d\u2019haver patit dues setmanes de febre per la picada del mosquit del dengue a Nicaragua. D\u2019aix\u00f2, n\u2019ha creat una encantadora hist\u00f2ria que continua viatjant pel m\u00f3n tot repartint somriures all\u00e0 on m\u00e9s cal. Diu que les persones que treballem en educaci\u00f3 podem fer molt per connectar amb l\u2019altre des de l\u2019art, des d\u2019all\u00f2 que cadasc\u00fa li pugui aportar. Aquesta \u00e9s la veritable riquesa que podem deixar al m\u00f3n: la nostra part m\u00e9s bella. La de l\u2019Albert t\u00e9 un nas vermell, un cor gran i una gran capacitat per robar somriures. L\u2019\u00faltim que em va robar a mi, encara em dura. Eva Mart\u00ednez Pardo<\/p>\n<p><strong>Enlla\u00e7os web<\/strong><\/p>\n<ul>\n<li>Pallassos sense Fronteres: <a href=\"http:\/\/www.clowns.org\"><em>www.clowns.org<\/em><\/a><\/li>\n<li>Fundaci\u00f3 Theodora: <a href=\"http:\/\/es.theodora.org\/es\"><em>http:\/\/es.theodora.org\/es<\/em><\/a><\/li>\n<li>Pallassos MABSUTINS: <a href=\"http:\/\/www.mabsutins.wordpress.com\"><em>www.mabsutins.wordpress.com<\/em><\/a><\/li>\n<\/ul>\n<p><strong>Font:<\/strong> Revista Guix. Elements d&#8217;Acci\u00f3 Educativa. n.86 <strong><a href=\"http:\/\/www.grao.com\/revistes\/guix\/426-l-escola-del-ser\/albert-grau-pallasso-el-riure-no-te-fronteres\">(clic aqu\u00ed)<\/a><\/strong>.<\/p>\n","protected":false},"excerpt":{"rendered":"<p>&#8220;Els pallassos ens alimentem de les mirades. Quan mires als ulls i escoltes de veritat, passen coses sorprenents.&#8221;<\/p>\n","protected":false},"author":525,"featured_media":1460,"comment_status":"open","ping_status":"open","sticky":false,"template":"","format":"standard","meta":{"footnotes":""},"categories":[101,152,143,284,155,146],"tags":[151,266,99,104,174,147],"tipo":[],"class_list":{"0":"post-1459","1":"post","2":"type-post","3":"status-publish","4":"format-standard","5":"has-post-thumbnail","7":"category-desenvolupament-personal","8":"category-educacio-socialaccio-comunitaria","9":"category-filosofia-de-leducacio","10":"category-finalitats-de-leducacio","11":"category-funcio-social-de-lensenyament","12":"category-retrats-de-vivencies-personals","13":"tag-accio-social","14":"tag-comunitat-educativa","15":"tag-creixement-huma","16":"tag-educacio-transformadora","17":"tag-socialitzacio","18":"tag-visio-del-mon"},"yoast_head":"<!-- This site is optimized with the Yoast SEO plugin v27.4 - https:\/\/yoast.com\/product\/yoast-seo-wordpress\/ -->\n<title>Albert Grau, pallasso. El riure no t\u00e9 fronteres. - L&#039;escola gra\u00f3 a gra\u00f3<\/title>\n<meta name=\"robots\" content=\"index, follow, max-snippet:-1, max-image-preview:large, max-video-preview:-1\" \/>\n<link rel=\"canonical\" href=\"https:\/\/diarieducacio.cat\/grao\/2016\/09\/29\/albert-grau-pallasso-el-riure-no-te-fronteres\/\" \/>\n<meta property=\"og:locale\" content=\"ca_ES\" \/>\n<meta property=\"og:type\" content=\"article\" \/>\n<meta property=\"og:title\" content=\"Albert Grau, pallasso. El riure no t\u00e9 fronteres. - L&#039;escola gra\u00f3 a gra\u00f3\" \/>\n<meta property=\"og:description\" content=\"&quot;Els pallassos ens alimentem de les mirades. Quan mires als ulls i escoltes de veritat, passen coses sorprenents.&quot;\" \/>\n<meta property=\"og:url\" content=\"https:\/\/diarieducacio.cat\/grao\/2016\/09\/29\/albert-grau-pallasso-el-riure-no-te-fronteres\/\" \/>\n<meta property=\"og:site_name\" content=\"L&#039;escola gra\u00f3 a gra\u00f3\" \/>\n<meta property=\"article:published_time\" content=\"2016-09-29T15:50:46+00:00\" \/>\n<meta property=\"article:modified_time\" content=\"2024-05-13T16:30:23+00:00\" \/>\n<meta property=\"og:image\" content=\"https:\/\/diarieducacio.cat\/grao\/wp-content\/uploads\/sites\/31\/2016\/07\/pallaso.jpg\" \/>\n\t<meta property=\"og:image:width\" content=\"263\" \/>\n\t<meta property=\"og:image:height\" content=\"175\" \/>\n\t<meta property=\"og:image:type\" content=\"image\/jpeg\" \/>\n<meta name=\"author\" content=\"Eva Mart\u00ednez\" \/>\n<meta name=\"twitter:card\" content=\"summary_large_image\" \/>\n<meta name=\"twitter:label1\" content=\"Escrit per\" \/>\n\t<meta name=\"twitter:data1\" content=\"Eva Mart\u00ednez\" \/>\n\t<meta name=\"twitter:label2\" content=\"Temps estimat de lectura\" \/>\n\t<meta name=\"twitter:data2\" content=\"3 minuts\" \/>\n<script type=\"application\/ld+json\" class=\"yoast-schema-graph\">{\"@context\":\"https:\\\/\\\/schema.org\",\"@graph\":[{\"@type\":\"Article\",\"@id\":\"https:\\\/\\\/diarieducacio.cat\\\/grao\\\/2016\\\/09\\\/29\\\/albert-grau-pallasso-el-riure-no-te-fronteres\\\/#article\",\"isPartOf\":{\"@id\":\"https:\\\/\\\/diarieducacio.cat\\\/grao\\\/2016\\\/09\\\/29\\\/albert-grau-pallasso-el-riure-no-te-fronteres\\\/\"},\"author\":{\"name\":\"Eva Mart\u00ednez\",\"@id\":\"https:\\\/\\\/diarieducacio.cat\\\/grao\\\/#\\\/schema\\\/person\\\/6ef3c04be493eca55163f8fb357b96dd\"},\"headline\":\"Albert Grau, pallasso. El riure no t\u00e9 fronteres.\",\"datePublished\":\"2016-09-29T15:50:46+00:00\",\"dateModified\":\"2024-05-13T16:30:23+00:00\",\"mainEntityOfPage\":{\"@id\":\"https:\\\/\\\/diarieducacio.cat\\\/grao\\\/2016\\\/09\\\/29\\\/albert-grau-pallasso-el-riure-no-te-fronteres\\\/\"},\"wordCount\":623,\"commentCount\":0,\"image\":{\"@id\":\"https:\\\/\\\/diarieducacio.cat\\\/grao\\\/2016\\\/09\\\/29\\\/albert-grau-pallasso-el-riure-no-te-fronteres\\\/#primaryimage\"},\"thumbnailUrl\":\"https:\\\/\\\/diarieducacio.cat\\\/grao\\\/wp-content\\\/uploads\\\/sites\\\/31\\\/2016\\\/07\\\/pallaso.jpg\",\"keywords\":[\"acci\u00f3 social\",\"comunitat educativa\",\"creixement hum\u00e0\",\"educaci\u00f3 transformadora\",\"socialitzaci\u00f3\",\"visi\u00f3 del m\u00f3n\"],\"articleSection\":[\"Desenvolupament Personal\",\"Educaci\u00f3 Social\\\/Acci\u00f3 comunit\u00e0ria\",\"Filosofia de l'educaci\u00f3\",\"Finalitats de l'educaci\u00f3\",\"Funci\u00f3 social de l'ensenyament\",\"Retrats de viv\u00e8ncies personals\"],\"inLanguage\":\"ca\",\"potentialAction\":[{\"@type\":\"CommentAction\",\"name\":\"Comment\",\"target\":[\"https:\\\/\\\/diarieducacio.cat\\\/grao\\\/2016\\\/09\\\/29\\\/albert-grau-pallasso-el-riure-no-te-fronteres\\\/#respond\"]}]},{\"@type\":\"WebPage\",\"@id\":\"https:\\\/\\\/diarieducacio.cat\\\/grao\\\/2016\\\/09\\\/29\\\/albert-grau-pallasso-el-riure-no-te-fronteres\\\/\",\"url\":\"https:\\\/\\\/diarieducacio.cat\\\/grao\\\/2016\\\/09\\\/29\\\/albert-grau-pallasso-el-riure-no-te-fronteres\\\/\",\"name\":\"Albert Grau, pallasso. El riure no t\u00e9 fronteres. - L'escola gra\u00f3 a gra\u00f3\",\"isPartOf\":{\"@id\":\"https:\\\/\\\/diarieducacio.cat\\\/grao\\\/#website\"},\"primaryImageOfPage\":{\"@id\":\"https:\\\/\\\/diarieducacio.cat\\\/grao\\\/2016\\\/09\\\/29\\\/albert-grau-pallasso-el-riure-no-te-fronteres\\\/#primaryimage\"},\"image\":{\"@id\":\"https:\\\/\\\/diarieducacio.cat\\\/grao\\\/2016\\\/09\\\/29\\\/albert-grau-pallasso-el-riure-no-te-fronteres\\\/#primaryimage\"},\"thumbnailUrl\":\"https:\\\/\\\/diarieducacio.cat\\\/grao\\\/wp-content\\\/uploads\\\/sites\\\/31\\\/2016\\\/07\\\/pallaso.jpg\",\"datePublished\":\"2016-09-29T15:50:46+00:00\",\"dateModified\":\"2024-05-13T16:30:23+00:00\",\"author\":{\"@id\":\"https:\\\/\\\/diarieducacio.cat\\\/grao\\\/#\\\/schema\\\/person\\\/6ef3c04be493eca55163f8fb357b96dd\"},\"breadcrumb\":{\"@id\":\"https:\\\/\\\/diarieducacio.cat\\\/grao\\\/2016\\\/09\\\/29\\\/albert-grau-pallasso-el-riure-no-te-fronteres\\\/#breadcrumb\"},\"inLanguage\":\"ca\",\"potentialAction\":[{\"@type\":\"ReadAction\",\"target\":[\"https:\\\/\\\/diarieducacio.cat\\\/grao\\\/2016\\\/09\\\/29\\\/albert-grau-pallasso-el-riure-no-te-fronteres\\\/\"]}]},{\"@type\":\"ImageObject\",\"inLanguage\":\"ca\",\"@id\":\"https:\\\/\\\/diarieducacio.cat\\\/grao\\\/2016\\\/09\\\/29\\\/albert-grau-pallasso-el-riure-no-te-fronteres\\\/#primaryimage\",\"url\":\"https:\\\/\\\/diarieducacio.cat\\\/grao\\\/wp-content\\\/uploads\\\/sites\\\/31\\\/2016\\\/07\\\/pallaso.jpg\",\"contentUrl\":\"https:\\\/\\\/diarieducacio.cat\\\/grao\\\/wp-content\\\/uploads\\\/sites\\\/31\\\/2016\\\/07\\\/pallaso.jpg\",\"width\":263,\"height\":175},{\"@type\":\"BreadcrumbList\",\"@id\":\"https:\\\/\\\/diarieducacio.cat\\\/grao\\\/2016\\\/09\\\/29\\\/albert-grau-pallasso-el-riure-no-te-fronteres\\\/#breadcrumb\",\"itemListElement\":[{\"@type\":\"ListItem\",\"position\":1,\"name\":\"Inici\",\"item\":\"https:\\\/\\\/diarieducacio.cat\\\/grao\\\/\"},{\"@type\":\"ListItem\",\"position\":2,\"name\":\"Albert Grau, pallasso. El riure no t\u00e9 fronteres.\"}]},{\"@type\":\"WebSite\",\"@id\":\"https:\\\/\\\/diarieducacio.cat\\\/grao\\\/#website\",\"url\":\"https:\\\/\\\/diarieducacio.cat\\\/grao\\\/\",\"name\":\"L'escola gra\u00f3 a gra\u00f3\",\"description\":\"Un blog de El Diari de l&#039;Educaci\u00f3\",\"potentialAction\":[{\"@type\":\"SearchAction\",\"target\":{\"@type\":\"EntryPoint\",\"urlTemplate\":\"https:\\\/\\\/diarieducacio.cat\\\/grao\\\/?s={search_term_string}\"},\"query-input\":{\"@type\":\"PropertyValueSpecification\",\"valueRequired\":true,\"valueName\":\"search_term_string\"}}],\"inLanguage\":\"ca\"},{\"@type\":\"Person\",\"@id\":\"https:\\\/\\\/diarieducacio.cat\\\/grao\\\/#\\\/schema\\\/person\\\/6ef3c04be493eca55163f8fb357b96dd\",\"name\":\"Eva Mart\u00ednez\",\"image\":{\"@type\":\"ImageObject\",\"inLanguage\":\"ca\",\"@id\":\"https:\\\/\\\/secure.gravatar.com\\\/avatar\\\/9f9560d64d16d032d11d280ee0bf98bcc108e6d3984f5cd72782046d71518cae?s=96&d=mm&r=g\",\"url\":\"https:\\\/\\\/secure.gravatar.com\\\/avatar\\\/9f9560d64d16d032d11d280ee0bf98bcc108e6d3984f5cd72782046d71518cae?s=96&d=mm&r=g\",\"contentUrl\":\"https:\\\/\\\/secure.gravatar.com\\\/avatar\\\/9f9560d64d16d032d11d280ee0bf98bcc108e6d3984f5cd72782046d71518cae?s=96&d=mm&r=g\",\"caption\":\"Eva Mart\u00ednez\"},\"url\":\"https:\\\/\\\/diarieducacio.cat\\\/grao\\\/author\\\/evamartinez\\\/\"}]}<\/script>\n<!-- \/ Yoast SEO plugin. -->","yoast_head_json":{"title":"Albert Grau, pallasso. El riure no t\u00e9 fronteres. - L'escola gra\u00f3 a gra\u00f3","robots":{"index":"index","follow":"follow","max-snippet":"max-snippet:-1","max-image-preview":"max-image-preview:large","max-video-preview":"max-video-preview:-1"},"canonical":"https:\/\/diarieducacio.cat\/grao\/2016\/09\/29\/albert-grau-pallasso-el-riure-no-te-fronteres\/","og_locale":"ca_ES","og_type":"article","og_title":"Albert Grau, pallasso. El riure no t\u00e9 fronteres. - L'escola gra\u00f3 a gra\u00f3","og_description":"\"Els pallassos ens alimentem de les mirades. Quan mires als ulls i escoltes de veritat, passen coses sorprenents.\"","og_url":"https:\/\/diarieducacio.cat\/grao\/2016\/09\/29\/albert-grau-pallasso-el-riure-no-te-fronteres\/","og_site_name":"L'escola gra\u00f3 a gra\u00f3","article_published_time":"2016-09-29T15:50:46+00:00","article_modified_time":"2024-05-13T16:30:23+00:00","og_image":[{"width":263,"height":175,"url":"https:\/\/diarieducacio.cat\/grao\/wp-content\/uploads\/sites\/31\/2016\/07\/pallaso.jpg","type":"image\/jpeg"}],"author":"Eva Mart\u00ednez","twitter_card":"summary_large_image","twitter_misc":{"Escrit per":"Eva Mart\u00ednez","Temps estimat de lectura":"3 minuts"},"schema":{"@context":"https:\/\/schema.org","@graph":[{"@type":"Article","@id":"https:\/\/diarieducacio.cat\/grao\/2016\/09\/29\/albert-grau-pallasso-el-riure-no-te-fronteres\/#article","isPartOf":{"@id":"https:\/\/diarieducacio.cat\/grao\/2016\/09\/29\/albert-grau-pallasso-el-riure-no-te-fronteres\/"},"author":{"name":"Eva Mart\u00ednez","@id":"https:\/\/diarieducacio.cat\/grao\/#\/schema\/person\/6ef3c04be493eca55163f8fb357b96dd"},"headline":"Albert Grau, pallasso. El riure no t\u00e9 fronteres.","datePublished":"2016-09-29T15:50:46+00:00","dateModified":"2024-05-13T16:30:23+00:00","mainEntityOfPage":{"@id":"https:\/\/diarieducacio.cat\/grao\/2016\/09\/29\/albert-grau-pallasso-el-riure-no-te-fronteres\/"},"wordCount":623,"commentCount":0,"image":{"@id":"https:\/\/diarieducacio.cat\/grao\/2016\/09\/29\/albert-grau-pallasso-el-riure-no-te-fronteres\/#primaryimage"},"thumbnailUrl":"https:\/\/diarieducacio.cat\/grao\/wp-content\/uploads\/sites\/31\/2016\/07\/pallaso.jpg","keywords":["acci\u00f3 social","comunitat educativa","creixement hum\u00e0","educaci\u00f3 transformadora","socialitzaci\u00f3","visi\u00f3 del m\u00f3n"],"articleSection":["Desenvolupament Personal","Educaci\u00f3 Social\/Acci\u00f3 comunit\u00e0ria","Filosofia de l'educaci\u00f3","Finalitats de l'educaci\u00f3","Funci\u00f3 social de l'ensenyament","Retrats de viv\u00e8ncies personals"],"inLanguage":"ca","potentialAction":[{"@type":"CommentAction","name":"Comment","target":["https:\/\/diarieducacio.cat\/grao\/2016\/09\/29\/albert-grau-pallasso-el-riure-no-te-fronteres\/#respond"]}]},{"@type":"WebPage","@id":"https:\/\/diarieducacio.cat\/grao\/2016\/09\/29\/albert-grau-pallasso-el-riure-no-te-fronteres\/","url":"https:\/\/diarieducacio.cat\/grao\/2016\/09\/29\/albert-grau-pallasso-el-riure-no-te-fronteres\/","name":"Albert Grau, pallasso. El riure no t\u00e9 fronteres. - L'escola gra\u00f3 a gra\u00f3","isPartOf":{"@id":"https:\/\/diarieducacio.cat\/grao\/#website"},"primaryImageOfPage":{"@id":"https:\/\/diarieducacio.cat\/grao\/2016\/09\/29\/albert-grau-pallasso-el-riure-no-te-fronteres\/#primaryimage"},"image":{"@id":"https:\/\/diarieducacio.cat\/grao\/2016\/09\/29\/albert-grau-pallasso-el-riure-no-te-fronteres\/#primaryimage"},"thumbnailUrl":"https:\/\/diarieducacio.cat\/grao\/wp-content\/uploads\/sites\/31\/2016\/07\/pallaso.jpg","datePublished":"2016-09-29T15:50:46+00:00","dateModified":"2024-05-13T16:30:23+00:00","author":{"@id":"https:\/\/diarieducacio.cat\/grao\/#\/schema\/person\/6ef3c04be493eca55163f8fb357b96dd"},"breadcrumb":{"@id":"https:\/\/diarieducacio.cat\/grao\/2016\/09\/29\/albert-grau-pallasso-el-riure-no-te-fronteres\/#breadcrumb"},"inLanguage":"ca","potentialAction":[{"@type":"ReadAction","target":["https:\/\/diarieducacio.cat\/grao\/2016\/09\/29\/albert-grau-pallasso-el-riure-no-te-fronteres\/"]}]},{"@type":"ImageObject","inLanguage":"ca","@id":"https:\/\/diarieducacio.cat\/grao\/2016\/09\/29\/albert-grau-pallasso-el-riure-no-te-fronteres\/#primaryimage","url":"https:\/\/diarieducacio.cat\/grao\/wp-content\/uploads\/sites\/31\/2016\/07\/pallaso.jpg","contentUrl":"https:\/\/diarieducacio.cat\/grao\/wp-content\/uploads\/sites\/31\/2016\/07\/pallaso.jpg","width":263,"height":175},{"@type":"BreadcrumbList","@id":"https:\/\/diarieducacio.cat\/grao\/2016\/09\/29\/albert-grau-pallasso-el-riure-no-te-fronteres\/#breadcrumb","itemListElement":[{"@type":"ListItem","position":1,"name":"Inici","item":"https:\/\/diarieducacio.cat\/grao\/"},{"@type":"ListItem","position":2,"name":"Albert Grau, pallasso. El riure no t\u00e9 fronteres."}]},{"@type":"WebSite","@id":"https:\/\/diarieducacio.cat\/grao\/#website","url":"https:\/\/diarieducacio.cat\/grao\/","name":"L'escola gra\u00f3 a gra\u00f3","description":"Un blog de El Diari de l&#039;Educaci\u00f3","potentialAction":[{"@type":"SearchAction","target":{"@type":"EntryPoint","urlTemplate":"https:\/\/diarieducacio.cat\/grao\/?s={search_term_string}"},"query-input":{"@type":"PropertyValueSpecification","valueRequired":true,"valueName":"search_term_string"}}],"inLanguage":"ca"},{"@type":"Person","@id":"https:\/\/diarieducacio.cat\/grao\/#\/schema\/person\/6ef3c04be493eca55163f8fb357b96dd","name":"Eva Mart\u00ednez","image":{"@type":"ImageObject","inLanguage":"ca","@id":"https:\/\/secure.gravatar.com\/avatar\/9f9560d64d16d032d11d280ee0bf98bcc108e6d3984f5cd72782046d71518cae?s=96&d=mm&r=g","url":"https:\/\/secure.gravatar.com\/avatar\/9f9560d64d16d032d11d280ee0bf98bcc108e6d3984f5cd72782046d71518cae?s=96&d=mm&r=g","contentUrl":"https:\/\/secure.gravatar.com\/avatar\/9f9560d64d16d032d11d280ee0bf98bcc108e6d3984f5cd72782046d71518cae?s=96&d=mm&r=g","caption":"Eva Mart\u00ednez"},"url":"https:\/\/diarieducacio.cat\/grao\/author\/evamartinez\/"}]}},"_links":{"self":[{"href":"https:\/\/diarieducacio.cat\/grao\/wp-json\/wp\/v2\/posts\/1459","targetHints":{"allow":["GET"]}}],"collection":[{"href":"https:\/\/diarieducacio.cat\/grao\/wp-json\/wp\/v2\/posts"}],"about":[{"href":"https:\/\/diarieducacio.cat\/grao\/wp-json\/wp\/v2\/types\/post"}],"author":[{"embeddable":true,"href":"https:\/\/diarieducacio.cat\/grao\/wp-json\/wp\/v2\/users\/525"}],"replies":[{"embeddable":true,"href":"https:\/\/diarieducacio.cat\/grao\/wp-json\/wp\/v2\/comments?post=1459"}],"version-history":[{"count":1,"href":"https:\/\/diarieducacio.cat\/grao\/wp-json\/wp\/v2\/posts\/1459\/revisions"}],"predecessor-version":[{"id":6273,"href":"https:\/\/diarieducacio.cat\/grao\/wp-json\/wp\/v2\/posts\/1459\/revisions\/6273"}],"wp:featuredmedia":[{"embeddable":true,"href":"https:\/\/diarieducacio.cat\/grao\/wp-json\/wp\/v2\/media\/1460"}],"wp:attachment":[{"href":"https:\/\/diarieducacio.cat\/grao\/wp-json\/wp\/v2\/media?parent=1459"}],"wp:term":[{"taxonomy":"category","embeddable":true,"href":"https:\/\/diarieducacio.cat\/grao\/wp-json\/wp\/v2\/categories?post=1459"},{"taxonomy":"post_tag","embeddable":true,"href":"https:\/\/diarieducacio.cat\/grao\/wp-json\/wp\/v2\/tags?post=1459"},{"taxonomy":"tipo","embeddable":true,"href":"https:\/\/diarieducacio.cat\/grao\/wp-json\/wp\/v2\/tipo?post=1459"}],"curies":[{"name":"wp","href":"https:\/\/api.w.org\/{rel}","templated":true}]}}