{"id":1481,"date":"2016-10-14T13:40:18","date_gmt":"2016-10-14T13:40:18","guid":{"rendered":"https:\/\/diarieducacio.cat\/grao\/?p=1481"},"modified":"2024-05-13T18:30:23","modified_gmt":"2024-05-13T16:30:23","slug":"de-desitjar","status":"publish","type":"post","link":"https:\/\/diarieducacio.cat\/grao\/2016\/10\/14\/de-desitjar\/","title":{"rendered":"De desitjar"},"content":{"rendered":"<p><strong><a href=\"https:\/\/nostalgic-ishizaka.82-223-1-47.plesk.page\/grao\/wp-content\/uploads\/sites\/31\/2016\/07\/GU42614.jpg\"><\/a><\/strong><\/p>\n<blockquote><p>Partim d\u2019una situaci\u00f3 molt comuna que no sols afecta les aules de filosofia. Posem-ne un exemple: imaginem-nos que un alumne est\u00e0 jugant amb una capsa de llumins i que n\u2019hi ha un d\u2019enc\u00e8s que va a parar a la paperera, on uns papers es cremen. Petites flames, fum i pudor de socarrat. No passa res, per\u00f2 hi ha un petit aldarull i molta expectaci\u00f3 sobre l\u2019actitud que prendr\u00e0 l\u2019ensenyant.<\/p>\n<p>La mestra respira profundament, mira de fit a fit el jovenet que encara t\u00e9 la capsa de llumins a la m\u00e0 i li demana:<\/p>\n<p>&#8211; Per qu\u00e8 ho has fet?<\/p>\n<p>I ell li respon, tot mirant a terra:<\/p>\n<p>&#8211; Perqu\u00e8 m&#8217;agrada jugar amb foc.<\/p>\n<p>No cal pas dubtar-ne, d\u2019aix\u00f2.<\/p>\n<p>Seguim:<\/p>\n<p>&#8211; Ja ho veig &#8211; diu la mestra-. Agradar o no agradar \u00e9s tot un tema i en parlarem en algun moment, per\u00f2, en la situaci\u00f3 d\u2019avui, t\u2019hauries de preguntar: \u00abSempre puc fer el que m\u2019agrada?\u00bb. Perqu\u00e8, els humans actuem nom\u00e9s guiant-nos pel plaer i pel desig? T\u2019imagines com seria el m\u00f3n si tothom fes el que volgu\u00e9s a tota hora? Hi ha alguna ra\u00f3 per no actuar sempre com ens agradaria actuar?<\/p>\n<p>Per\u00f2, m\u00e9s enll\u00e0 de si t\u2019agrada o no, el que voldria saber \u00e9s quin ha estat el motiu que t\u2019ha impulsat a fer-ho o en quin criteri t\u2019has basat per actuar aix\u00ed. Eres conscient que et trobaves a l\u2019aula? Has pensat si la teva acci\u00f3 podia representar un perill per a nosaltres?<\/p><\/blockquote>\n<p><strong>Reconduint pensaments<\/strong><\/p>\n<ul>\n<li>Podem encetar un di\u00e0leg ser\u00e8. Comen\u00e7arem buscant-ne uns altres exemples i ampliant-ne el punt de mira: situacions provocades per altres nens a l\u2019escola, en altres escoles, fora de l\u2019escola. N\u2019esbrinarem les causes i n\u2019analitzarem les conseq\u00fc\u00e8ncies. Nom\u00e9s anant al fons de la q\u00fcesti\u00f3, reflexionant-hi -i dialogar ens ajuda a pensar-, podrem eradicar algunes actituds excessivament impulsives, posarem nom a alguns comportaments, detectarem qu\u00e8 ens mou a fer coses i aprendrem a reflexionar sobre les conseq\u00fc\u00e8ncies de les nostres accions.<\/li>\n<\/ul>\n<ul>\n<li>Investigar a trav\u00e9s de raons i de criteris requereix que l\u2019ensenyant plantegi les q\u00fcestions conductuals que afecten els valors molt a fons i no pas que tot es quedi amb un reny -on parla nom\u00e9s el mestre- o en un c\u00e0stig passatger que no deixa cap petjada.<\/li>\n<\/ul>\n<ul>\n<li>Ens adonarem de la diferencia entre el que \u00e9s desitjat i el que \u00e9s desitjable. Els nens i nenes necessiten aprendre que es pot pensar sobre els valors, que s&#8217;hi pot reflexionar, que es poden indagar i que, en general, els judicis que es fan despr\u00e9s d\u2019aquesta reflexi\u00f3 acostumen a ser m\u00e9s fiables, m\u00e9s dignes de confian\u00e7a que no pas els que es fan sense rumiar gens.<\/li>\n<\/ul>\n<p><strong>Font:<\/strong> Revista\u00a0<span style=\"line-height: 1.5\">Guix. Elements d&#8217;Acci\u00f3 Educativa. n.426 <\/span><strong style=\"line-height: 1.5\"><a href=\"http:\/\/www.grao.com\/revistes\/guix\/426-l-escola-del-ser\/de-desitjar\">(clic aqu\u00ed)<\/a><\/strong><span style=\"line-height: 1.5\">.<\/span><\/p>\n","protected":false},"excerpt":{"rendered":"<p>Perqu\u00e8, els humans actuem nom\u00e9s guiant-nos pel plaer i pel desig?<\/p>\n","protected":false},"author":562,"featured_media":1482,"comment_status":"open","ping_status":"open","sticky":false,"template":"","format":"standard","meta":{"footnotes":""},"categories":[163,143,115],"tags":[336,337,338,339],"tipo":[],"class_list":{"0":"post-1481","1":"post","2":"type-post","3":"status-publish","4":"format-standard","5":"has-post-thumbnail","7":"category-estrategies-densenyament-aprenentatge","8":"category-filosofia-de-leducacio","9":"category-reflexio","10":"tag-conducta","11":"tag-desitjar","12":"tag-impuls","13":"tag-raonar"},"yoast_head":"<!-- This site is optimized with the Yoast SEO plugin v27.5 - https:\/\/yoast.com\/product\/yoast-seo-wordpress\/ -->\n<title>De desitjar - L&#039;escola gra\u00f3 a gra\u00f3<\/title>\n<meta name=\"robots\" content=\"index, follow, max-snippet:-1, max-image-preview:large, max-video-preview:-1\" \/>\n<link rel=\"canonical\" href=\"https:\/\/diarieducacio.cat\/grao\/2016\/10\/14\/de-desitjar\/\" \/>\n<meta property=\"og:locale\" content=\"ca_ES\" \/>\n<meta property=\"og:type\" content=\"article\" \/>\n<meta property=\"og:title\" content=\"De desitjar - L&#039;escola gra\u00f3 a gra\u00f3\" \/>\n<meta property=\"og:description\" content=\"Perqu\u00e8, els humans actuem nom\u00e9s guiant-nos pel plaer i pel desig?\" \/>\n<meta property=\"og:url\" content=\"https:\/\/diarieducacio.cat\/grao\/2016\/10\/14\/de-desitjar\/\" \/>\n<meta property=\"og:site_name\" content=\"L&#039;escola gra\u00f3 a gra\u00f3\" \/>\n<meta property=\"article:published_time\" content=\"2016-10-14T13:40:18+00:00\" \/>\n<meta property=\"article:modified_time\" content=\"2024-05-13T16:30:23+00:00\" \/>\n<meta property=\"og:image\" content=\"https:\/\/diarieducacio.cat\/grao\/wp-content\/uploads\/sites\/31\/2016\/07\/GU42614.jpg\" \/>\n\t<meta property=\"og:image:width\" content=\"263\" \/>\n\t<meta property=\"og:image:height\" content=\"206\" \/>\n\t<meta property=\"og:image:type\" content=\"image\/jpeg\" \/>\n<meta name=\"author\" content=\"Grup IREF\" \/>\n<meta name=\"twitter:card\" content=\"summary_large_image\" \/>\n<meta name=\"twitter:label1\" content=\"Escrit per\" \/>\n\t<meta name=\"twitter:data1\" content=\"Grup IREF\" \/>\n\t<meta name=\"twitter:label2\" content=\"Temps estimat de lectura\" \/>\n\t<meta name=\"twitter:data2\" content=\"2 minuts\" \/>\n<script type=\"application\/ld+json\" class=\"yoast-schema-graph\">{\"@context\":\"https:\\\/\\\/schema.org\",\"@graph\":[{\"@type\":\"Article\",\"@id\":\"https:\\\/\\\/diarieducacio.cat\\\/grao\\\/2016\\\/10\\\/14\\\/de-desitjar\\\/#article\",\"isPartOf\":{\"@id\":\"https:\\\/\\\/diarieducacio.cat\\\/grao\\\/2016\\\/10\\\/14\\\/de-desitjar\\\/\"},\"author\":{\"name\":\"Grup IREF\",\"@id\":\"https:\\\/\\\/diarieducacio.cat\\\/grao\\\/#\\\/schema\\\/person\\\/1c766a315bda253c1f06418dd2f1eced\"},\"headline\":\"De desitjar\",\"datePublished\":\"2016-10-14T13:40:18+00:00\",\"dateModified\":\"2024-05-13T16:30:23+00:00\",\"mainEntityOfPage\":{\"@id\":\"https:\\\/\\\/diarieducacio.cat\\\/grao\\\/2016\\\/10\\\/14\\\/de-desitjar\\\/\"},\"wordCount\":492,\"commentCount\":0,\"image\":{\"@id\":\"https:\\\/\\\/diarieducacio.cat\\\/grao\\\/2016\\\/10\\\/14\\\/de-desitjar\\\/#primaryimage\"},\"thumbnailUrl\":\"https:\\\/\\\/diarieducacio.cat\\\/grao\\\/wp-content\\\/uploads\\\/sites\\\/31\\\/2016\\\/07\\\/GU42614.jpg\",\"keywords\":[\"conducta\",\"desitjar\",\"impuls\",\"raonar\"],\"articleSection\":[\"Estrat\u00e8gies d'Ensenyament-Aprenentatge\",\"Filosofia de l'educaci\u00f3\",\"Reflexi\u00f3\"],\"inLanguage\":\"ca\",\"potentialAction\":[{\"@type\":\"CommentAction\",\"name\":\"Comment\",\"target\":[\"https:\\\/\\\/diarieducacio.cat\\\/grao\\\/2016\\\/10\\\/14\\\/de-desitjar\\\/#respond\"]}]},{\"@type\":\"WebPage\",\"@id\":\"https:\\\/\\\/diarieducacio.cat\\\/grao\\\/2016\\\/10\\\/14\\\/de-desitjar\\\/\",\"url\":\"https:\\\/\\\/diarieducacio.cat\\\/grao\\\/2016\\\/10\\\/14\\\/de-desitjar\\\/\",\"name\":\"De desitjar - L'escola gra\u00f3 a gra\u00f3\",\"isPartOf\":{\"@id\":\"https:\\\/\\\/diarieducacio.cat\\\/grao\\\/#website\"},\"primaryImageOfPage\":{\"@id\":\"https:\\\/\\\/diarieducacio.cat\\\/grao\\\/2016\\\/10\\\/14\\\/de-desitjar\\\/#primaryimage\"},\"image\":{\"@id\":\"https:\\\/\\\/diarieducacio.cat\\\/grao\\\/2016\\\/10\\\/14\\\/de-desitjar\\\/#primaryimage\"},\"thumbnailUrl\":\"https:\\\/\\\/diarieducacio.cat\\\/grao\\\/wp-content\\\/uploads\\\/sites\\\/31\\\/2016\\\/07\\\/GU42614.jpg\",\"datePublished\":\"2016-10-14T13:40:18+00:00\",\"dateModified\":\"2024-05-13T16:30:23+00:00\",\"author\":{\"@id\":\"https:\\\/\\\/diarieducacio.cat\\\/grao\\\/#\\\/schema\\\/person\\\/1c766a315bda253c1f06418dd2f1eced\"},\"breadcrumb\":{\"@id\":\"https:\\\/\\\/diarieducacio.cat\\\/grao\\\/2016\\\/10\\\/14\\\/de-desitjar\\\/#breadcrumb\"},\"inLanguage\":\"ca\",\"potentialAction\":[{\"@type\":\"ReadAction\",\"target\":[\"https:\\\/\\\/diarieducacio.cat\\\/grao\\\/2016\\\/10\\\/14\\\/de-desitjar\\\/\"]}]},{\"@type\":\"ImageObject\",\"inLanguage\":\"ca\",\"@id\":\"https:\\\/\\\/diarieducacio.cat\\\/grao\\\/2016\\\/10\\\/14\\\/de-desitjar\\\/#primaryimage\",\"url\":\"https:\\\/\\\/diarieducacio.cat\\\/grao\\\/wp-content\\\/uploads\\\/sites\\\/31\\\/2016\\\/07\\\/GU42614.jpg\",\"contentUrl\":\"https:\\\/\\\/diarieducacio.cat\\\/grao\\\/wp-content\\\/uploads\\\/sites\\\/31\\\/2016\\\/07\\\/GU42614.jpg\",\"width\":263,\"height\":206},{\"@type\":\"BreadcrumbList\",\"@id\":\"https:\\\/\\\/diarieducacio.cat\\\/grao\\\/2016\\\/10\\\/14\\\/de-desitjar\\\/#breadcrumb\",\"itemListElement\":[{\"@type\":\"ListItem\",\"position\":1,\"name\":\"Inici\",\"item\":\"https:\\\/\\\/diarieducacio.cat\\\/grao\\\/\"},{\"@type\":\"ListItem\",\"position\":2,\"name\":\"De desitjar\"}]},{\"@type\":\"WebSite\",\"@id\":\"https:\\\/\\\/diarieducacio.cat\\\/grao\\\/#website\",\"url\":\"https:\\\/\\\/diarieducacio.cat\\\/grao\\\/\",\"name\":\"L'escola gra\u00f3 a gra\u00f3\",\"description\":\"Un blog de El Diari de l&#039;Educaci\u00f3\",\"potentialAction\":[{\"@type\":\"SearchAction\",\"target\":{\"@type\":\"EntryPoint\",\"urlTemplate\":\"https:\\\/\\\/diarieducacio.cat\\\/grao\\\/?s={search_term_string}\"},\"query-input\":{\"@type\":\"PropertyValueSpecification\",\"valueRequired\":true,\"valueName\":\"search_term_string\"}}],\"inLanguage\":\"ca\"},{\"@type\":\"Person\",\"@id\":\"https:\\\/\\\/diarieducacio.cat\\\/grao\\\/#\\\/schema\\\/person\\\/1c766a315bda253c1f06418dd2f1eced\",\"name\":\"Grup IREF\",\"image\":{\"@type\":\"ImageObject\",\"inLanguage\":\"ca\",\"@id\":\"https:\\\/\\\/secure.gravatar.com\\\/avatar\\\/7ba38a529dc4d91c137ca45f0fb4e050c4ca910a95c857b4c6a93f17a9c8a5c6?s=96&d=mm&r=g\",\"url\":\"https:\\\/\\\/secure.gravatar.com\\\/avatar\\\/7ba38a529dc4d91c137ca45f0fb4e050c4ca910a95c857b4c6a93f17a9c8a5c6?s=96&d=mm&r=g\",\"contentUrl\":\"https:\\\/\\\/secure.gravatar.com\\\/avatar\\\/7ba38a529dc4d91c137ca45f0fb4e050c4ca910a95c857b4c6a93f17a9c8a5c6?s=96&d=mm&r=g\",\"caption\":\"Grup IREF\"},\"url\":\"https:\\\/\\\/diarieducacio.cat\\\/grao\\\/author\\\/giref\\\/\"}]}<\/script>\n<!-- \/ Yoast SEO plugin. -->","yoast_head_json":{"title":"De desitjar - L'escola gra\u00f3 a gra\u00f3","robots":{"index":"index","follow":"follow","max-snippet":"max-snippet:-1","max-image-preview":"max-image-preview:large","max-video-preview":"max-video-preview:-1"},"canonical":"https:\/\/diarieducacio.cat\/grao\/2016\/10\/14\/de-desitjar\/","og_locale":"ca_ES","og_type":"article","og_title":"De desitjar - L'escola gra\u00f3 a gra\u00f3","og_description":"Perqu\u00e8, els humans actuem nom\u00e9s guiant-nos pel plaer i pel desig?","og_url":"https:\/\/diarieducacio.cat\/grao\/2016\/10\/14\/de-desitjar\/","og_site_name":"L'escola gra\u00f3 a gra\u00f3","article_published_time":"2016-10-14T13:40:18+00:00","article_modified_time":"2024-05-13T16:30:23+00:00","og_image":[{"width":263,"height":206,"url":"https:\/\/diarieducacio.cat\/grao\/wp-content\/uploads\/sites\/31\/2016\/07\/GU42614.jpg","type":"image\/jpeg"}],"author":"Grup IREF","twitter_card":"summary_large_image","twitter_misc":{"Escrit per":"Grup IREF","Temps estimat de lectura":"2 minuts"},"schema":{"@context":"https:\/\/schema.org","@graph":[{"@type":"Article","@id":"https:\/\/diarieducacio.cat\/grao\/2016\/10\/14\/de-desitjar\/#article","isPartOf":{"@id":"https:\/\/diarieducacio.cat\/grao\/2016\/10\/14\/de-desitjar\/"},"author":{"name":"Grup IREF","@id":"https:\/\/diarieducacio.cat\/grao\/#\/schema\/person\/1c766a315bda253c1f06418dd2f1eced"},"headline":"De desitjar","datePublished":"2016-10-14T13:40:18+00:00","dateModified":"2024-05-13T16:30:23+00:00","mainEntityOfPage":{"@id":"https:\/\/diarieducacio.cat\/grao\/2016\/10\/14\/de-desitjar\/"},"wordCount":492,"commentCount":0,"image":{"@id":"https:\/\/diarieducacio.cat\/grao\/2016\/10\/14\/de-desitjar\/#primaryimage"},"thumbnailUrl":"https:\/\/diarieducacio.cat\/grao\/wp-content\/uploads\/sites\/31\/2016\/07\/GU42614.jpg","keywords":["conducta","desitjar","impuls","raonar"],"articleSection":["Estrat\u00e8gies d'Ensenyament-Aprenentatge","Filosofia de l'educaci\u00f3","Reflexi\u00f3"],"inLanguage":"ca","potentialAction":[{"@type":"CommentAction","name":"Comment","target":["https:\/\/diarieducacio.cat\/grao\/2016\/10\/14\/de-desitjar\/#respond"]}]},{"@type":"WebPage","@id":"https:\/\/diarieducacio.cat\/grao\/2016\/10\/14\/de-desitjar\/","url":"https:\/\/diarieducacio.cat\/grao\/2016\/10\/14\/de-desitjar\/","name":"De desitjar - L'escola gra\u00f3 a gra\u00f3","isPartOf":{"@id":"https:\/\/diarieducacio.cat\/grao\/#website"},"primaryImageOfPage":{"@id":"https:\/\/diarieducacio.cat\/grao\/2016\/10\/14\/de-desitjar\/#primaryimage"},"image":{"@id":"https:\/\/diarieducacio.cat\/grao\/2016\/10\/14\/de-desitjar\/#primaryimage"},"thumbnailUrl":"https:\/\/diarieducacio.cat\/grao\/wp-content\/uploads\/sites\/31\/2016\/07\/GU42614.jpg","datePublished":"2016-10-14T13:40:18+00:00","dateModified":"2024-05-13T16:30:23+00:00","author":{"@id":"https:\/\/diarieducacio.cat\/grao\/#\/schema\/person\/1c766a315bda253c1f06418dd2f1eced"},"breadcrumb":{"@id":"https:\/\/diarieducacio.cat\/grao\/2016\/10\/14\/de-desitjar\/#breadcrumb"},"inLanguage":"ca","potentialAction":[{"@type":"ReadAction","target":["https:\/\/diarieducacio.cat\/grao\/2016\/10\/14\/de-desitjar\/"]}]},{"@type":"ImageObject","inLanguage":"ca","@id":"https:\/\/diarieducacio.cat\/grao\/2016\/10\/14\/de-desitjar\/#primaryimage","url":"https:\/\/diarieducacio.cat\/grao\/wp-content\/uploads\/sites\/31\/2016\/07\/GU42614.jpg","contentUrl":"https:\/\/diarieducacio.cat\/grao\/wp-content\/uploads\/sites\/31\/2016\/07\/GU42614.jpg","width":263,"height":206},{"@type":"BreadcrumbList","@id":"https:\/\/diarieducacio.cat\/grao\/2016\/10\/14\/de-desitjar\/#breadcrumb","itemListElement":[{"@type":"ListItem","position":1,"name":"Inici","item":"https:\/\/diarieducacio.cat\/grao\/"},{"@type":"ListItem","position":2,"name":"De desitjar"}]},{"@type":"WebSite","@id":"https:\/\/diarieducacio.cat\/grao\/#website","url":"https:\/\/diarieducacio.cat\/grao\/","name":"L'escola gra\u00f3 a gra\u00f3","description":"Un blog de El Diari de l&#039;Educaci\u00f3","potentialAction":[{"@type":"SearchAction","target":{"@type":"EntryPoint","urlTemplate":"https:\/\/diarieducacio.cat\/grao\/?s={search_term_string}"},"query-input":{"@type":"PropertyValueSpecification","valueRequired":true,"valueName":"search_term_string"}}],"inLanguage":"ca"},{"@type":"Person","@id":"https:\/\/diarieducacio.cat\/grao\/#\/schema\/person\/1c766a315bda253c1f06418dd2f1eced","name":"Grup IREF","image":{"@type":"ImageObject","inLanguage":"ca","@id":"https:\/\/secure.gravatar.com\/avatar\/7ba38a529dc4d91c137ca45f0fb4e050c4ca910a95c857b4c6a93f17a9c8a5c6?s=96&d=mm&r=g","url":"https:\/\/secure.gravatar.com\/avatar\/7ba38a529dc4d91c137ca45f0fb4e050c4ca910a95c857b4c6a93f17a9c8a5c6?s=96&d=mm&r=g","contentUrl":"https:\/\/secure.gravatar.com\/avatar\/7ba38a529dc4d91c137ca45f0fb4e050c4ca910a95c857b4c6a93f17a9c8a5c6?s=96&d=mm&r=g","caption":"Grup IREF"},"url":"https:\/\/diarieducacio.cat\/grao\/author\/giref\/"}]}},"_links":{"self":[{"href":"https:\/\/diarieducacio.cat\/grao\/wp-json\/wp\/v2\/posts\/1481","targetHints":{"allow":["GET"]}}],"collection":[{"href":"https:\/\/diarieducacio.cat\/grao\/wp-json\/wp\/v2\/posts"}],"about":[{"href":"https:\/\/diarieducacio.cat\/grao\/wp-json\/wp\/v2\/types\/post"}],"author":[{"embeddable":true,"href":"https:\/\/diarieducacio.cat\/grao\/wp-json\/wp\/v2\/users\/562"}],"replies":[{"embeddable":true,"href":"https:\/\/diarieducacio.cat\/grao\/wp-json\/wp\/v2\/comments?post=1481"}],"version-history":[{"count":1,"href":"https:\/\/diarieducacio.cat\/grao\/wp-json\/wp\/v2\/posts\/1481\/revisions"}],"predecessor-version":[{"id":6276,"href":"https:\/\/diarieducacio.cat\/grao\/wp-json\/wp\/v2\/posts\/1481\/revisions\/6276"}],"wp:featuredmedia":[{"embeddable":true,"href":"https:\/\/diarieducacio.cat\/grao\/wp-json\/wp\/v2\/media\/1482"}],"wp:attachment":[{"href":"https:\/\/diarieducacio.cat\/grao\/wp-json\/wp\/v2\/media?parent=1481"}],"wp:term":[{"taxonomy":"category","embeddable":true,"href":"https:\/\/diarieducacio.cat\/grao\/wp-json\/wp\/v2\/categories?post=1481"},{"taxonomy":"post_tag","embeddable":true,"href":"https:\/\/diarieducacio.cat\/grao\/wp-json\/wp\/v2\/tags?post=1481"},{"taxonomy":"tipo","embeddable":true,"href":"https:\/\/diarieducacio.cat\/grao\/wp-json\/wp\/v2\/tipo?post=1481"}],"curies":[{"name":"wp","href":"https:\/\/api.w.org\/{rel}","templated":true}]}}