{"id":1498,"date":"2016-11-04T07:38:40","date_gmt":"2016-11-04T07:38:40","guid":{"rendered":"https:\/\/diarieducacio.cat\/grao\/?p=1498"},"modified":"2024-05-13T18:30:23","modified_gmt":"2024-05-13T16:30:23","slug":"centres-innovadors","status":"publish","type":"post","link":"https:\/\/diarieducacio.cat\/grao\/2016\/11\/04\/centres-innovadors\/","title":{"rendered":"Centres Innovadors"},"content":{"rendered":"<p>Fa vint-i-cinc anys, molts centres escolars nom\u00e9s comptaven amb un aparell de fax.\u00a0Avui, gaireb\u00e9 tothom t\u00e9 ordinadors a les aules, augmenten les pissarres digitals i\u00a0els projectors, a m\u00e9s dels tel\u00e8fons m\u00f2bils sofisticats a les butxaques del professorat\u00a0i a les motxilles de l\u2019alumnat de secund\u00e0ria. Unes eines que permeten tenir molta\u00a0informaci\u00f3 immediata i una intercomunicaci\u00f3 virtual que altera la real i els espais\u00a0en qu\u00e8 es produeix. <strong>Alguns centres ja han nascut amb unes dimensions diferents de l\u2019estandarditzada i d\u2019altres han fet les obres pertinents per readaptar-s<\/strong>e. Si establim\u00a0un s\u00edmil amb el signe ling\u00fc\u00edstic, tot plegat \u00e9s un nou significant que ha de trobar un\u00a0encaix, un significat, perqu\u00e8 aquests ressorts s\u2019encaminin cap a l\u2019objectiu primordial\u00a0de l\u2019educaci\u00f3, la formaci\u00f3 dels futurs ciutadans.<\/p>\n<p><strong><a href=\"https:\/\/nostalgic-ishizaka.82-223-1-47.plesk.page\/grao\/wp-content\/uploads\/sites\/31\/2016\/10\/Eprender-en-el-aula-300x200-1.jpg\"><\/a>El significat el constitueix el llegat del millor de la nostra tradici\u00f3 educativa i les\u00a0noves aportacions que des de la reflexi\u00f3 i la cr\u00edtica profunda construeixin la base dels\u00a0nous temps educatius marcats pels nous canvis socials<\/strong>. Uns temps transversals que\u00a0han de guanyar terreny als nostres centres i que han de contemplar la col\u00b7lectivitat a\u00a0partir de l\u2019individu, a partir de la riquesa de cada un dels nostres alumnes.<\/p>\n<p>Malgrat els impediments, molts centres ja han iniciat un proc\u00e9s de transformacions. De mica en mica, han de garantir que l\u2019educaci\u00f3 dels nois i les noies ja\u00a0no pugui ser tractada com un bloc compacte uniforme com el dels treballadors que\u00a0entren a la f\u00e0brica en les imatges inquietants del film de Fritz Lang, <em>Metr\u00f2polis<\/em>.<\/p>\n<p>Hem volgut acostar-nos a alguns d\u2019aquests centres innovadors\u00a0que des de fa alguns anys malden per trobar camins nous sense perdre el millor del\u00a0bagatge anterior. Paral\u00b7lelament tamb\u00e9 volem donar la visi\u00f3 m\u00e9s oficial sobre aquests canvis.\u00a0Innovacions, renovacions o aven\u00e7os que en tot cas no poden ser nom\u00e9s esclaus del\u00a0significant i obviar el significat. Aqu\u00ed, al contrari del que passa tradicionalment en\u00a0els signes ling\u00fc\u00edstics, la relaci\u00f3 no pot ser arbitr\u00e0ria. \u00c9s m\u00e9s, <strong>el significant s\u2019hauria de\u00a0posar al servei del significat si es vol avan\u00e7ar amb m\u00e9s for\u00e7a.<\/strong><\/p>\n<p><strong>Font:<\/strong> Revista F\u00f2rum n\u00fam. 41\u00a0<span style=\"color: #0000ff\"><strong><a style=\"color: #0000ff\" href=\"http:\/\/www.grao.com\/revistes\/forum\/41-centres-innovadors\/centres-innovadors\">Aqu\u00ed<\/a><\/strong><\/span>.<\/p>\n","protected":false},"excerpt":{"rendered":"<p>Fa vint-i-cinc anys, molts centres escolars nom\u00e9s comptaven amb un aparell de fax. Avui, gaireb\u00e9 tothom t\u00e9 ordinadors a les aules, pissarres digitals i projectors, a m\u00e9s de tel\u00e8fons m\u00f2bils sofisticats a les butxaques del professorat i a les motxilles de l\u2019alumnat de secund\u00e0ria<\/p>\n","protected":false},"author":559,"featured_media":1499,"comment_status":"open","ping_status":"open","sticky":false,"template":"","format":"standard","meta":{"footnotes":""},"categories":[222,284,155,121,115],"tags":[102,199,97],"tipo":[],"class_list":{"0":"post-1498","1":"post","2":"type-post","3":"status-publish","4":"format-standard","5":"has-post-thumbnail","7":"category-diagnostics-organitzatius","8":"category-finalitats-de-leducacio","9":"category-funcio-social-de-lensenyament","10":"category-qualitat-educativa","11":"category-reflexio","12":"tag-dimensions-innovadores","13":"tag-escola","14":"tag-grao"},"yoast_head":"<!-- This site is optimized with the Yoast SEO plugin v27.5 - https:\/\/yoast.com\/product\/yoast-seo-wordpress\/ -->\n<title>Centres Innovadors - L&#039;escola gra\u00f3 a gra\u00f3<\/title>\n<meta name=\"robots\" content=\"index, follow, max-snippet:-1, max-image-preview:large, max-video-preview:-1\" \/>\n<link rel=\"canonical\" href=\"https:\/\/diarieducacio.cat\/grao\/2016\/11\/04\/centres-innovadors\/\" \/>\n<meta property=\"og:locale\" content=\"ca_ES\" \/>\n<meta property=\"og:type\" content=\"article\" \/>\n<meta property=\"og:title\" content=\"Centres Innovadors - L&#039;escola gra\u00f3 a gra\u00f3\" \/>\n<meta property=\"og:description\" content=\"Fa vint-i-cinc anys, molts centres escolars nom\u00e9s comptaven amb un aparell de fax. Avui, gaireb\u00e9 tothom t\u00e9 ordinadors a les aules, pissarres digitals i projectors, a m\u00e9s de tel\u00e8fons m\u00f2bils sofisticats a les butxaques del professorat i a les motxilles de l\u2019alumnat de secund\u00e0ria\" \/>\n<meta property=\"og:url\" content=\"https:\/\/diarieducacio.cat\/grao\/2016\/11\/04\/centres-innovadors\/\" \/>\n<meta property=\"og:site_name\" content=\"L&#039;escola gra\u00f3 a gra\u00f3\" \/>\n<meta property=\"article:published_time\" content=\"2016-11-04T07:38:40+00:00\" \/>\n<meta property=\"article:modified_time\" content=\"2024-05-13T16:30:23+00:00\" \/>\n<meta property=\"og:image\" content=\"https:\/\/diarieducacio.cat\/grao\/wp-content\/uploads\/sites\/31\/2016\/10\/Eprender-en-el-aula-300x200-1.jpg\" \/>\n\t<meta property=\"og:image:width\" content=\"300\" \/>\n\t<meta property=\"og:image:height\" content=\"200\" \/>\n\t<meta property=\"og:image:type\" content=\"image\/jpeg\" \/>\n<meta name=\"author\" content=\"Coral Reg\u00ed\" \/>\n<meta name=\"twitter:card\" content=\"summary_large_image\" \/>\n<meta name=\"twitter:creator\" content=\"@ecortesmau\" \/>\n<meta name=\"twitter:label1\" content=\"Escrit per\" \/>\n\t<meta name=\"twitter:data1\" content=\"Coral Reg\u00ed\" \/>\n\t<meta name=\"twitter:label2\" content=\"Temps estimat de lectura\" \/>\n\t<meta name=\"twitter:data2\" content=\"2 minuts\" \/>\n<script type=\"application\/ld+json\" class=\"yoast-schema-graph\">{\"@context\":\"https:\\\/\\\/schema.org\",\"@graph\":[{\"@type\":\"Article\",\"@id\":\"https:\\\/\\\/diarieducacio.cat\\\/grao\\\/2016\\\/11\\\/04\\\/centres-innovadors\\\/#article\",\"isPartOf\":{\"@id\":\"https:\\\/\\\/diarieducacio.cat\\\/grao\\\/2016\\\/11\\\/04\\\/centres-innovadors\\\/\"},\"author\":{\"name\":\"Coral Reg\u00ed\",\"@id\":\"https:\\\/\\\/diarieducacio.cat\\\/grao\\\/#\\\/schema\\\/person\\\/9ee33b434c9cd3a8aa6bbc37aa9f5b3c\"},\"headline\":\"Centres Innovadors\",\"datePublished\":\"2016-11-04T07:38:40+00:00\",\"dateModified\":\"2024-05-13T16:30:23+00:00\",\"mainEntityOfPage\":{\"@id\":\"https:\\\/\\\/diarieducacio.cat\\\/grao\\\/2016\\\/11\\\/04\\\/centres-innovadors\\\/\"},\"wordCount\":385,\"commentCount\":0,\"image\":{\"@id\":\"https:\\\/\\\/diarieducacio.cat\\\/grao\\\/2016\\\/11\\\/04\\\/centres-innovadors\\\/#primaryimage\"},\"thumbnailUrl\":\"https:\\\/\\\/diarieducacio.cat\\\/grao\\\/wp-content\\\/uploads\\\/sites\\\/31\\\/2016\\\/10\\\/Eprender-en-el-aula-300x200-1.jpg\",\"keywords\":[\"dimensions innovadores\",\"escola\",\"Gra\u00f3\"],\"articleSection\":[\"Diagn\u00f2stics organitzatius\",\"Finalitats de l'educaci\u00f3\",\"Funci\u00f3 social de l'ensenyament\",\"Qualitat educativa\",\"Reflexi\u00f3\"],\"inLanguage\":\"ca\",\"potentialAction\":[{\"@type\":\"CommentAction\",\"name\":\"Comment\",\"target\":[\"https:\\\/\\\/diarieducacio.cat\\\/grao\\\/2016\\\/11\\\/04\\\/centres-innovadors\\\/#respond\"]}]},{\"@type\":\"WebPage\",\"@id\":\"https:\\\/\\\/diarieducacio.cat\\\/grao\\\/2016\\\/11\\\/04\\\/centres-innovadors\\\/\",\"url\":\"https:\\\/\\\/diarieducacio.cat\\\/grao\\\/2016\\\/11\\\/04\\\/centres-innovadors\\\/\",\"name\":\"Centres Innovadors - L'escola gra\u00f3 a gra\u00f3\",\"isPartOf\":{\"@id\":\"https:\\\/\\\/diarieducacio.cat\\\/grao\\\/#website\"},\"primaryImageOfPage\":{\"@id\":\"https:\\\/\\\/diarieducacio.cat\\\/grao\\\/2016\\\/11\\\/04\\\/centres-innovadors\\\/#primaryimage\"},\"image\":{\"@id\":\"https:\\\/\\\/diarieducacio.cat\\\/grao\\\/2016\\\/11\\\/04\\\/centres-innovadors\\\/#primaryimage\"},\"thumbnailUrl\":\"https:\\\/\\\/diarieducacio.cat\\\/grao\\\/wp-content\\\/uploads\\\/sites\\\/31\\\/2016\\\/10\\\/Eprender-en-el-aula-300x200-1.jpg\",\"datePublished\":\"2016-11-04T07:38:40+00:00\",\"dateModified\":\"2024-05-13T16:30:23+00:00\",\"author\":{\"@id\":\"https:\\\/\\\/diarieducacio.cat\\\/grao\\\/#\\\/schema\\\/person\\\/9ee33b434c9cd3a8aa6bbc37aa9f5b3c\"},\"breadcrumb\":{\"@id\":\"https:\\\/\\\/diarieducacio.cat\\\/grao\\\/2016\\\/11\\\/04\\\/centres-innovadors\\\/#breadcrumb\"},\"inLanguage\":\"ca\",\"potentialAction\":[{\"@type\":\"ReadAction\",\"target\":[\"https:\\\/\\\/diarieducacio.cat\\\/grao\\\/2016\\\/11\\\/04\\\/centres-innovadors\\\/\"]}]},{\"@type\":\"ImageObject\",\"inLanguage\":\"ca\",\"@id\":\"https:\\\/\\\/diarieducacio.cat\\\/grao\\\/2016\\\/11\\\/04\\\/centres-innovadors\\\/#primaryimage\",\"url\":\"https:\\\/\\\/diarieducacio.cat\\\/grao\\\/wp-content\\\/uploads\\\/sites\\\/31\\\/2016\\\/10\\\/Eprender-en-el-aula-300x200-1.jpg\",\"contentUrl\":\"https:\\\/\\\/diarieducacio.cat\\\/grao\\\/wp-content\\\/uploads\\\/sites\\\/31\\\/2016\\\/10\\\/Eprender-en-el-aula-300x200-1.jpg\",\"width\":300,\"height\":200},{\"@type\":\"BreadcrumbList\",\"@id\":\"https:\\\/\\\/diarieducacio.cat\\\/grao\\\/2016\\\/11\\\/04\\\/centres-innovadors\\\/#breadcrumb\",\"itemListElement\":[{\"@type\":\"ListItem\",\"position\":1,\"name\":\"Inici\",\"item\":\"https:\\\/\\\/diarieducacio.cat\\\/grao\\\/\"},{\"@type\":\"ListItem\",\"position\":2,\"name\":\"Centres Innovadors\"}]},{\"@type\":\"WebSite\",\"@id\":\"https:\\\/\\\/diarieducacio.cat\\\/grao\\\/#website\",\"url\":\"https:\\\/\\\/diarieducacio.cat\\\/grao\\\/\",\"name\":\"L'escola gra\u00f3 a gra\u00f3\",\"description\":\"Un blog de El Diari de l&#039;Educaci\u00f3\",\"potentialAction\":[{\"@type\":\"SearchAction\",\"target\":{\"@type\":\"EntryPoint\",\"urlTemplate\":\"https:\\\/\\\/diarieducacio.cat\\\/grao\\\/?s={search_term_string}\"},\"query-input\":{\"@type\":\"PropertyValueSpecification\",\"valueRequired\":true,\"valueName\":\"search_term_string\"}}],\"inLanguage\":\"ca\"},{\"@type\":\"Person\",\"@id\":\"https:\\\/\\\/diarieducacio.cat\\\/grao\\\/#\\\/schema\\\/person\\\/9ee33b434c9cd3a8aa6bbc37aa9f5b3c\",\"name\":\"Coral Reg\u00ed\",\"image\":{\"@type\":\"ImageObject\",\"inLanguage\":\"ca\",\"@id\":\"https:\\\/\\\/secure.gravatar.com\\\/avatar\\\/3727025c000109e4de6b850aa19d898a97711911d0812551afd463141d0ac439?s=96&d=mm&r=g\",\"url\":\"https:\\\/\\\/secure.gravatar.com\\\/avatar\\\/3727025c000109e4de6b850aa19d898a97711911d0812551afd463141d0ac439?s=96&d=mm&r=g\",\"contentUrl\":\"https:\\\/\\\/secure.gravatar.com\\\/avatar\\\/3727025c000109e4de6b850aa19d898a97711911d0812551afd463141d0ac439?s=96&d=mm&r=g\",\"caption\":\"Coral Reg\u00ed\"},\"description\":\"Directora de l'escola Virolai\",\"sameAs\":[\"https:\\\/\\\/x.com\\\/ecortesmau\"],\"url\":\"https:\\\/\\\/diarieducacio.cat\\\/grao\\\/author\\\/cregi\\\/\"}]}<\/script>\n<!-- \/ Yoast SEO plugin. -->","yoast_head_json":{"title":"Centres Innovadors - L'escola gra\u00f3 a gra\u00f3","robots":{"index":"index","follow":"follow","max-snippet":"max-snippet:-1","max-image-preview":"max-image-preview:large","max-video-preview":"max-video-preview:-1"},"canonical":"https:\/\/diarieducacio.cat\/grao\/2016\/11\/04\/centres-innovadors\/","og_locale":"ca_ES","og_type":"article","og_title":"Centres Innovadors - L'escola gra\u00f3 a gra\u00f3","og_description":"Fa vint-i-cinc anys, molts centres escolars nom\u00e9s comptaven amb un aparell de fax. Avui, gaireb\u00e9 tothom t\u00e9 ordinadors a les aules, pissarres digitals i projectors, a m\u00e9s de tel\u00e8fons m\u00f2bils sofisticats a les butxaques del professorat i a les motxilles de l\u2019alumnat de secund\u00e0ria","og_url":"https:\/\/diarieducacio.cat\/grao\/2016\/11\/04\/centres-innovadors\/","og_site_name":"L'escola gra\u00f3 a gra\u00f3","article_published_time":"2016-11-04T07:38:40+00:00","article_modified_time":"2024-05-13T16:30:23+00:00","og_image":[{"width":300,"height":200,"url":"https:\/\/diarieducacio.cat\/grao\/wp-content\/uploads\/sites\/31\/2016\/10\/Eprender-en-el-aula-300x200-1.jpg","type":"image\/jpeg"}],"author":"Coral Reg\u00ed","twitter_card":"summary_large_image","twitter_creator":"@ecortesmau","twitter_misc":{"Escrit per":"Coral Reg\u00ed","Temps estimat de lectura":"2 minuts"},"schema":{"@context":"https:\/\/schema.org","@graph":[{"@type":"Article","@id":"https:\/\/diarieducacio.cat\/grao\/2016\/11\/04\/centres-innovadors\/#article","isPartOf":{"@id":"https:\/\/diarieducacio.cat\/grao\/2016\/11\/04\/centres-innovadors\/"},"author":{"name":"Coral Reg\u00ed","@id":"https:\/\/diarieducacio.cat\/grao\/#\/schema\/person\/9ee33b434c9cd3a8aa6bbc37aa9f5b3c"},"headline":"Centres Innovadors","datePublished":"2016-11-04T07:38:40+00:00","dateModified":"2024-05-13T16:30:23+00:00","mainEntityOfPage":{"@id":"https:\/\/diarieducacio.cat\/grao\/2016\/11\/04\/centres-innovadors\/"},"wordCount":385,"commentCount":0,"image":{"@id":"https:\/\/diarieducacio.cat\/grao\/2016\/11\/04\/centres-innovadors\/#primaryimage"},"thumbnailUrl":"https:\/\/diarieducacio.cat\/grao\/wp-content\/uploads\/sites\/31\/2016\/10\/Eprender-en-el-aula-300x200-1.jpg","keywords":["dimensions innovadores","escola","Gra\u00f3"],"articleSection":["Diagn\u00f2stics organitzatius","Finalitats de l'educaci\u00f3","Funci\u00f3 social de l'ensenyament","Qualitat educativa","Reflexi\u00f3"],"inLanguage":"ca","potentialAction":[{"@type":"CommentAction","name":"Comment","target":["https:\/\/diarieducacio.cat\/grao\/2016\/11\/04\/centres-innovadors\/#respond"]}]},{"@type":"WebPage","@id":"https:\/\/diarieducacio.cat\/grao\/2016\/11\/04\/centres-innovadors\/","url":"https:\/\/diarieducacio.cat\/grao\/2016\/11\/04\/centres-innovadors\/","name":"Centres Innovadors - L'escola gra\u00f3 a gra\u00f3","isPartOf":{"@id":"https:\/\/diarieducacio.cat\/grao\/#website"},"primaryImageOfPage":{"@id":"https:\/\/diarieducacio.cat\/grao\/2016\/11\/04\/centres-innovadors\/#primaryimage"},"image":{"@id":"https:\/\/diarieducacio.cat\/grao\/2016\/11\/04\/centres-innovadors\/#primaryimage"},"thumbnailUrl":"https:\/\/diarieducacio.cat\/grao\/wp-content\/uploads\/sites\/31\/2016\/10\/Eprender-en-el-aula-300x200-1.jpg","datePublished":"2016-11-04T07:38:40+00:00","dateModified":"2024-05-13T16:30:23+00:00","author":{"@id":"https:\/\/diarieducacio.cat\/grao\/#\/schema\/person\/9ee33b434c9cd3a8aa6bbc37aa9f5b3c"},"breadcrumb":{"@id":"https:\/\/diarieducacio.cat\/grao\/2016\/11\/04\/centres-innovadors\/#breadcrumb"},"inLanguage":"ca","potentialAction":[{"@type":"ReadAction","target":["https:\/\/diarieducacio.cat\/grao\/2016\/11\/04\/centres-innovadors\/"]}]},{"@type":"ImageObject","inLanguage":"ca","@id":"https:\/\/diarieducacio.cat\/grao\/2016\/11\/04\/centres-innovadors\/#primaryimage","url":"https:\/\/diarieducacio.cat\/grao\/wp-content\/uploads\/sites\/31\/2016\/10\/Eprender-en-el-aula-300x200-1.jpg","contentUrl":"https:\/\/diarieducacio.cat\/grao\/wp-content\/uploads\/sites\/31\/2016\/10\/Eprender-en-el-aula-300x200-1.jpg","width":300,"height":200},{"@type":"BreadcrumbList","@id":"https:\/\/diarieducacio.cat\/grao\/2016\/11\/04\/centres-innovadors\/#breadcrumb","itemListElement":[{"@type":"ListItem","position":1,"name":"Inici","item":"https:\/\/diarieducacio.cat\/grao\/"},{"@type":"ListItem","position":2,"name":"Centres Innovadors"}]},{"@type":"WebSite","@id":"https:\/\/diarieducacio.cat\/grao\/#website","url":"https:\/\/diarieducacio.cat\/grao\/","name":"L'escola gra\u00f3 a gra\u00f3","description":"Un blog de El Diari de l&#039;Educaci\u00f3","potentialAction":[{"@type":"SearchAction","target":{"@type":"EntryPoint","urlTemplate":"https:\/\/diarieducacio.cat\/grao\/?s={search_term_string}"},"query-input":{"@type":"PropertyValueSpecification","valueRequired":true,"valueName":"search_term_string"}}],"inLanguage":"ca"},{"@type":"Person","@id":"https:\/\/diarieducacio.cat\/grao\/#\/schema\/person\/9ee33b434c9cd3a8aa6bbc37aa9f5b3c","name":"Coral Reg\u00ed","image":{"@type":"ImageObject","inLanguage":"ca","@id":"https:\/\/secure.gravatar.com\/avatar\/3727025c000109e4de6b850aa19d898a97711911d0812551afd463141d0ac439?s=96&d=mm&r=g","url":"https:\/\/secure.gravatar.com\/avatar\/3727025c000109e4de6b850aa19d898a97711911d0812551afd463141d0ac439?s=96&d=mm&r=g","contentUrl":"https:\/\/secure.gravatar.com\/avatar\/3727025c000109e4de6b850aa19d898a97711911d0812551afd463141d0ac439?s=96&d=mm&r=g","caption":"Coral Reg\u00ed"},"description":"Directora de l'escola Virolai","sameAs":["https:\/\/x.com\/ecortesmau"],"url":"https:\/\/diarieducacio.cat\/grao\/author\/cregi\/"}]}},"_links":{"self":[{"href":"https:\/\/diarieducacio.cat\/grao\/wp-json\/wp\/v2\/posts\/1498","targetHints":{"allow":["GET"]}}],"collection":[{"href":"https:\/\/diarieducacio.cat\/grao\/wp-json\/wp\/v2\/posts"}],"about":[{"href":"https:\/\/diarieducacio.cat\/grao\/wp-json\/wp\/v2\/types\/post"}],"author":[{"embeddable":true,"href":"https:\/\/diarieducacio.cat\/grao\/wp-json\/wp\/v2\/users\/559"}],"replies":[{"embeddable":true,"href":"https:\/\/diarieducacio.cat\/grao\/wp-json\/wp\/v2\/comments?post=1498"}],"version-history":[{"count":1,"href":"https:\/\/diarieducacio.cat\/grao\/wp-json\/wp\/v2\/posts\/1498\/revisions"}],"predecessor-version":[{"id":6277,"href":"https:\/\/diarieducacio.cat\/grao\/wp-json\/wp\/v2\/posts\/1498\/revisions\/6277"}],"wp:featuredmedia":[{"embeddable":true,"href":"https:\/\/diarieducacio.cat\/grao\/wp-json\/wp\/v2\/media\/1499"}],"wp:attachment":[{"href":"https:\/\/diarieducacio.cat\/grao\/wp-json\/wp\/v2\/media?parent=1498"}],"wp:term":[{"taxonomy":"category","embeddable":true,"href":"https:\/\/diarieducacio.cat\/grao\/wp-json\/wp\/v2\/categories?post=1498"},{"taxonomy":"post_tag","embeddable":true,"href":"https:\/\/diarieducacio.cat\/grao\/wp-json\/wp\/v2\/tags?post=1498"},{"taxonomy":"tipo","embeddable":true,"href":"https:\/\/diarieducacio.cat\/grao\/wp-json\/wp\/v2\/tipo?post=1498"}],"curies":[{"name":"wp","href":"https:\/\/api.w.org\/{rel}","templated":true}]}}