{"id":153,"date":"2014-06-12T08:47:31","date_gmt":"2014-06-12T08:47:31","guid":{"rendered":"https:\/\/diarieducacio.cat\/grao\/?p=153"},"modified":"2024-05-13T18:30:11","modified_gmt":"2024-05-13T16:30:11","slug":"felic-onomastica-misericordia","status":"publish","type":"post","link":"https:\/\/diarieducacio.cat\/grao\/2014\/06\/12\/felic-onomastica-misericordia\/","title":{"rendered":"Feli\u00e7 onom\u00e0stica, Miseric\u00f2rdia!"},"content":{"rendered":"<h2><\/h2>\n<p>Alguns noms de dones ens han caigut com una llosa sobre les nostres\u00a0vides de nenes.<\/p>\n<p>Et semblen noms per a tota la vida Socors, Maria Creu, Consol, Remei, Pietat,\u00a0Dolors, Pura, Mari Fe, Immaculada, Concepci\u00f3, Caritat, Adoraci\u00f3, Esperan\u00e7a,\u00a0Assumpci\u00f3, Anunciaci\u00f3, Rosario, Justa&#8230;?<\/p>\n<p>Malgrat tot, tenen significats sorprenents. Aix\u00ed com Dolors significa \u2018aquella\u00a0que pateix dolor\u2019, el nom de Rosario significa \u2018aquella que viu en un\u00a0jard\u00ed de roses\u2019&#8230;<\/p>\n<p>Afortunadament, les nenes d\u2019avui porten noms que els poden agradar\u00a0m\u00e9s o menys, per\u00f2 no les enfronten a les bromes que havien de suportar les\u00a0nenes d\u2019abans.<\/p>\n<p>Paradoxalment, no es troben onom\u00e0stiques masculines amb aquestes connotacions.<\/p>\n<p>Podeu\u00a0accedir al llibre en q\u00fcesti\u00f3 adre\u00e7ant-vos a aquest\u00a0<strong><a href=\"http:\/\/www.grao.com\/llibres\/amb-ulls-de-nena\" target=\"_blank\" rel=\"noopener\">enlla\u00e7<\/a>.<\/strong><\/p>\n<p><strong>Font:\u00a0<\/strong><em>Amb ulls de nena,\u00a0<\/em>Gra\u00f3, 2013. Col\u00b7lecci\u00f3 Micro Macro Refer\u00e8ncies, 18.<\/p>\n","protected":false},"excerpt":{"rendered":"<p>Tornem a gaudir d&#8217;una de les aportacions d&#8217;Amparo Tom\u00e9 amb vinyeta de Frato\/Tonucci que podem trobar al llibre &#8220;Amb ulls de nena&#8221; (2013)<\/p>\n","protected":false},"author":526,"featured_media":1810,"comment_status":"open","ping_status":"open","sticky":false,"template":"","format":"standard","meta":{"footnotes":""},"categories":[103,108,110],"tags":[106,107,109,111],"tipo":[],"class_list":{"0":"post-153","1":"post","2":"type-post","3":"status-publish","4":"format-standard","5":"has-post-thumbnail","7":"category-educacio-afectiva-emocional","8":"category-educacio-sexual","9":"category-genere-i-educacio","10":"tag-discriminacio-sexista","11":"tag-dones","12":"tag-genere","13":"tag-identitat"},"yoast_head":"<!-- This site is optimized with the Yoast SEO plugin v27.4 - https:\/\/yoast.com\/product\/yoast-seo-wordpress\/ -->\n<title>Feli\u00e7 onom\u00e0stica, Miseric\u00f2rdia! - L&#039;escola gra\u00f3 a gra\u00f3<\/title>\n<meta name=\"robots\" content=\"index, follow, max-snippet:-1, max-image-preview:large, max-video-preview:-1\" \/>\n<link rel=\"canonical\" href=\"https:\/\/diarieducacio.cat\/grao\/2014\/06\/12\/felic-onomastica-misericordia\/\" \/>\n<meta property=\"og:locale\" content=\"ca_ES\" \/>\n<meta property=\"og:type\" content=\"article\" \/>\n<meta property=\"og:title\" content=\"Feli\u00e7 onom\u00e0stica, Miseric\u00f2rdia! - L&#039;escola gra\u00f3 a gra\u00f3\" \/>\n<meta property=\"og:description\" content=\"Tornem a gaudir d&#039;una de les aportacions d&#039;Amparo Tom\u00e9 amb vinyeta de Frato\/Tonucci que podem trobar al llibre &quot;Amb ulls de nena&quot; (2013)\" \/>\n<meta property=\"og:url\" content=\"https:\/\/diarieducacio.cat\/grao\/2014\/06\/12\/felic-onomastica-misericordia\/\" \/>\n<meta property=\"og:site_name\" content=\"L&#039;escola gra\u00f3 a gra\u00f3\" \/>\n<meta property=\"article:published_time\" content=\"2014-06-12T08:47:31+00:00\" \/>\n<meta property=\"article:modified_time\" content=\"2024-05-13T16:30:11+00:00\" \/>\n<meta property=\"og:image\" content=\"https:\/\/diarieducacio.cat\/grao\/wp-content\/uploads\/sites\/31\/2014\/05\/ullsnena2.jpg\" \/>\n\t<meta property=\"og:image:width\" content=\"764\" \/>\n\t<meta property=\"og:image:height\" content=\"706\" \/>\n\t<meta property=\"og:image:type\" content=\"image\/jpeg\" \/>\n<meta name=\"author\" content=\"Frato - Amparo Tom\u00e9 - Francesco Tonucci\" \/>\n<meta name=\"twitter:card\" content=\"summary_large_image\" \/>\n<meta name=\"twitter:creator\" content=\"@ecortesmau\" \/>\n<meta name=\"twitter:label1\" content=\"Escrit per\" \/>\n\t<meta name=\"twitter:data1\" content=\"Frato - Amparo Tom\u00e9 - Francesco Tonucci\" \/>\n\t<meta name=\"twitter:label2\" content=\"Temps estimat de lectura\" \/>\n\t<meta name=\"twitter:data2\" content=\"1 minut\" \/>\n<script type=\"application\/ld+json\" class=\"yoast-schema-graph\">{\"@context\":\"https:\\\/\\\/schema.org\",\"@graph\":[{\"@type\":\"Article\",\"@id\":\"https:\\\/\\\/diarieducacio.cat\\\/grao\\\/2014\\\/06\\\/12\\\/felic-onomastica-misericordia\\\/#article\",\"isPartOf\":{\"@id\":\"https:\\\/\\\/diarieducacio.cat\\\/grao\\\/2014\\\/06\\\/12\\\/felic-onomastica-misericordia\\\/\"},\"author\":{\"name\":\"Frato - Amparo Tom\u00e9 - Francesco Tonucci\",\"@id\":\"https:\\\/\\\/diarieducacio.cat\\\/grao\\\/#\\\/schema\\\/person\\\/a89866f85ca26d689535886205b8a995\"},\"headline\":\"Feli\u00e7 onom\u00e0stica, Miseric\u00f2rdia!\",\"datePublished\":\"2014-06-12T08:47:31+00:00\",\"dateModified\":\"2024-05-13T16:30:11+00:00\",\"mainEntityOfPage\":{\"@id\":\"https:\\\/\\\/diarieducacio.cat\\\/grao\\\/2014\\\/06\\\/12\\\/felic-onomastica-misericordia\\\/\"},\"wordCount\":139,\"commentCount\":0,\"image\":{\"@id\":\"https:\\\/\\\/diarieducacio.cat\\\/grao\\\/2014\\\/06\\\/12\\\/felic-onomastica-misericordia\\\/#primaryimage\"},\"thumbnailUrl\":\"https:\\\/\\\/diarieducacio.cat\\\/grao\\\/wp-content\\\/uploads\\\/sites\\\/31\\\/2014\\\/05\\\/ullsnena2.jpg\",\"keywords\":[\"discriminaci\u00f3 sexista\",\"Dones\",\"g\u00e8nere\",\"identitat\"],\"articleSection\":[\"Educaci\u00f3 afectiva emocional\",\"Educaci\u00f3 sexual\",\"G\u00e8nere i Educaci\u00f3\"],\"inLanguage\":\"ca\",\"potentialAction\":[{\"@type\":\"CommentAction\",\"name\":\"Comment\",\"target\":[\"https:\\\/\\\/diarieducacio.cat\\\/grao\\\/2014\\\/06\\\/12\\\/felic-onomastica-misericordia\\\/#respond\"]}]},{\"@type\":\"WebPage\",\"@id\":\"https:\\\/\\\/diarieducacio.cat\\\/grao\\\/2014\\\/06\\\/12\\\/felic-onomastica-misericordia\\\/\",\"url\":\"https:\\\/\\\/diarieducacio.cat\\\/grao\\\/2014\\\/06\\\/12\\\/felic-onomastica-misericordia\\\/\",\"name\":\"Feli\u00e7 onom\u00e0stica, Miseric\u00f2rdia! - L'escola gra\u00f3 a gra\u00f3\",\"isPartOf\":{\"@id\":\"https:\\\/\\\/diarieducacio.cat\\\/grao\\\/#website\"},\"primaryImageOfPage\":{\"@id\":\"https:\\\/\\\/diarieducacio.cat\\\/grao\\\/2014\\\/06\\\/12\\\/felic-onomastica-misericordia\\\/#primaryimage\"},\"image\":{\"@id\":\"https:\\\/\\\/diarieducacio.cat\\\/grao\\\/2014\\\/06\\\/12\\\/felic-onomastica-misericordia\\\/#primaryimage\"},\"thumbnailUrl\":\"https:\\\/\\\/diarieducacio.cat\\\/grao\\\/wp-content\\\/uploads\\\/sites\\\/31\\\/2014\\\/05\\\/ullsnena2.jpg\",\"datePublished\":\"2014-06-12T08:47:31+00:00\",\"dateModified\":\"2024-05-13T16:30:11+00:00\",\"author\":{\"@id\":\"https:\\\/\\\/diarieducacio.cat\\\/grao\\\/#\\\/schema\\\/person\\\/a89866f85ca26d689535886205b8a995\"},\"breadcrumb\":{\"@id\":\"https:\\\/\\\/diarieducacio.cat\\\/grao\\\/2014\\\/06\\\/12\\\/felic-onomastica-misericordia\\\/#breadcrumb\"},\"inLanguage\":\"ca\",\"potentialAction\":[{\"@type\":\"ReadAction\",\"target\":[\"https:\\\/\\\/diarieducacio.cat\\\/grao\\\/2014\\\/06\\\/12\\\/felic-onomastica-misericordia\\\/\"]}]},{\"@type\":\"ImageObject\",\"inLanguage\":\"ca\",\"@id\":\"https:\\\/\\\/diarieducacio.cat\\\/grao\\\/2014\\\/06\\\/12\\\/felic-onomastica-misericordia\\\/#primaryimage\",\"url\":\"https:\\\/\\\/diarieducacio.cat\\\/grao\\\/wp-content\\\/uploads\\\/sites\\\/31\\\/2014\\\/05\\\/ullsnena2.jpg\",\"contentUrl\":\"https:\\\/\\\/diarieducacio.cat\\\/grao\\\/wp-content\\\/uploads\\\/sites\\\/31\\\/2014\\\/05\\\/ullsnena2.jpg\",\"width\":764,\"height\":706,\"caption\":\"Amb ulls de nena (p,57)\"},{\"@type\":\"BreadcrumbList\",\"@id\":\"https:\\\/\\\/diarieducacio.cat\\\/grao\\\/2014\\\/06\\\/12\\\/felic-onomastica-misericordia\\\/#breadcrumb\",\"itemListElement\":[{\"@type\":\"ListItem\",\"position\":1,\"name\":\"Inici\",\"item\":\"https:\\\/\\\/diarieducacio.cat\\\/grao\\\/\"},{\"@type\":\"ListItem\",\"position\":2,\"name\":\"Feli\u00e7 onom\u00e0stica, Miseric\u00f2rdia!\"}]},{\"@type\":\"WebSite\",\"@id\":\"https:\\\/\\\/diarieducacio.cat\\\/grao\\\/#website\",\"url\":\"https:\\\/\\\/diarieducacio.cat\\\/grao\\\/\",\"name\":\"L'escola gra\u00f3 a gra\u00f3\",\"description\":\"Un blog de El Diari de l&#039;Educaci\u00f3\",\"potentialAction\":[{\"@type\":\"SearchAction\",\"target\":{\"@type\":\"EntryPoint\",\"urlTemplate\":\"https:\\\/\\\/diarieducacio.cat\\\/grao\\\/?s={search_term_string}\"},\"query-input\":{\"@type\":\"PropertyValueSpecification\",\"valueRequired\":true,\"valueName\":\"search_term_string\"}}],\"inLanguage\":\"ca\"},{\"@type\":\"Person\",\"@id\":\"https:\\\/\\\/diarieducacio.cat\\\/grao\\\/#\\\/schema\\\/person\\\/a89866f85ca26d689535886205b8a995\",\"name\":\"Frato - Amparo Tom\u00e9 - Francesco Tonucci\",\"image\":{\"@type\":\"ImageObject\",\"inLanguage\":\"ca\",\"@id\":\"https:\\\/\\\/secure.gravatar.com\\\/avatar\\\/2a1505197f176e2250385835cc84a1181f5ea6549fc8f1e93017118ac3fa7a3c?s=96&d=mm&r=g\",\"url\":\"https:\\\/\\\/secure.gravatar.com\\\/avatar\\\/2a1505197f176e2250385835cc84a1181f5ea6549fc8f1e93017118ac3fa7a3c?s=96&d=mm&r=g\",\"contentUrl\":\"https:\\\/\\\/secure.gravatar.com\\\/avatar\\\/2a1505197f176e2250385835cc84a1181f5ea6549fc8f1e93017118ac3fa7a3c?s=96&d=mm&r=g\",\"caption\":\"Frato - Amparo Tom\u00e9 - Francesco Tonucci\"},\"sameAs\":[\"https:\\\/\\\/x.com\\\/ecortesmau\"],\"url\":\"https:\\\/\\\/diarieducacio.cat\\\/grao\\\/author\\\/fatonucci\\\/\"}]}<\/script>\n<!-- \/ Yoast SEO plugin. -->","yoast_head_json":{"title":"Feli\u00e7 onom\u00e0stica, Miseric\u00f2rdia! - L'escola gra\u00f3 a gra\u00f3","robots":{"index":"index","follow":"follow","max-snippet":"max-snippet:-1","max-image-preview":"max-image-preview:large","max-video-preview":"max-video-preview:-1"},"canonical":"https:\/\/diarieducacio.cat\/grao\/2014\/06\/12\/felic-onomastica-misericordia\/","og_locale":"ca_ES","og_type":"article","og_title":"Feli\u00e7 onom\u00e0stica, Miseric\u00f2rdia! - L'escola gra\u00f3 a gra\u00f3","og_description":"Tornem a gaudir d'una de les aportacions d'Amparo Tom\u00e9 amb vinyeta de Frato\/Tonucci que podem trobar al llibre \"Amb ulls de nena\" (2013)","og_url":"https:\/\/diarieducacio.cat\/grao\/2014\/06\/12\/felic-onomastica-misericordia\/","og_site_name":"L'escola gra\u00f3 a gra\u00f3","article_published_time":"2014-06-12T08:47:31+00:00","article_modified_time":"2024-05-13T16:30:11+00:00","og_image":[{"width":764,"height":706,"url":"https:\/\/diarieducacio.cat\/grao\/wp-content\/uploads\/sites\/31\/2014\/05\/ullsnena2.jpg","type":"image\/jpeg"}],"author":"Frato - Amparo Tom\u00e9 - Francesco Tonucci","twitter_card":"summary_large_image","twitter_creator":"@ecortesmau","twitter_misc":{"Escrit per":"Frato - Amparo Tom\u00e9 - Francesco Tonucci","Temps estimat de lectura":"1 minut"},"schema":{"@context":"https:\/\/schema.org","@graph":[{"@type":"Article","@id":"https:\/\/diarieducacio.cat\/grao\/2014\/06\/12\/felic-onomastica-misericordia\/#article","isPartOf":{"@id":"https:\/\/diarieducacio.cat\/grao\/2014\/06\/12\/felic-onomastica-misericordia\/"},"author":{"name":"Frato - Amparo Tom\u00e9 - Francesco Tonucci","@id":"https:\/\/diarieducacio.cat\/grao\/#\/schema\/person\/a89866f85ca26d689535886205b8a995"},"headline":"Feli\u00e7 onom\u00e0stica, Miseric\u00f2rdia!","datePublished":"2014-06-12T08:47:31+00:00","dateModified":"2024-05-13T16:30:11+00:00","mainEntityOfPage":{"@id":"https:\/\/diarieducacio.cat\/grao\/2014\/06\/12\/felic-onomastica-misericordia\/"},"wordCount":139,"commentCount":0,"image":{"@id":"https:\/\/diarieducacio.cat\/grao\/2014\/06\/12\/felic-onomastica-misericordia\/#primaryimage"},"thumbnailUrl":"https:\/\/diarieducacio.cat\/grao\/wp-content\/uploads\/sites\/31\/2014\/05\/ullsnena2.jpg","keywords":["discriminaci\u00f3 sexista","Dones","g\u00e8nere","identitat"],"articleSection":["Educaci\u00f3 afectiva emocional","Educaci\u00f3 sexual","G\u00e8nere i Educaci\u00f3"],"inLanguage":"ca","potentialAction":[{"@type":"CommentAction","name":"Comment","target":["https:\/\/diarieducacio.cat\/grao\/2014\/06\/12\/felic-onomastica-misericordia\/#respond"]}]},{"@type":"WebPage","@id":"https:\/\/diarieducacio.cat\/grao\/2014\/06\/12\/felic-onomastica-misericordia\/","url":"https:\/\/diarieducacio.cat\/grao\/2014\/06\/12\/felic-onomastica-misericordia\/","name":"Feli\u00e7 onom\u00e0stica, Miseric\u00f2rdia! - L'escola gra\u00f3 a gra\u00f3","isPartOf":{"@id":"https:\/\/diarieducacio.cat\/grao\/#website"},"primaryImageOfPage":{"@id":"https:\/\/diarieducacio.cat\/grao\/2014\/06\/12\/felic-onomastica-misericordia\/#primaryimage"},"image":{"@id":"https:\/\/diarieducacio.cat\/grao\/2014\/06\/12\/felic-onomastica-misericordia\/#primaryimage"},"thumbnailUrl":"https:\/\/diarieducacio.cat\/grao\/wp-content\/uploads\/sites\/31\/2014\/05\/ullsnena2.jpg","datePublished":"2014-06-12T08:47:31+00:00","dateModified":"2024-05-13T16:30:11+00:00","author":{"@id":"https:\/\/diarieducacio.cat\/grao\/#\/schema\/person\/a89866f85ca26d689535886205b8a995"},"breadcrumb":{"@id":"https:\/\/diarieducacio.cat\/grao\/2014\/06\/12\/felic-onomastica-misericordia\/#breadcrumb"},"inLanguage":"ca","potentialAction":[{"@type":"ReadAction","target":["https:\/\/diarieducacio.cat\/grao\/2014\/06\/12\/felic-onomastica-misericordia\/"]}]},{"@type":"ImageObject","inLanguage":"ca","@id":"https:\/\/diarieducacio.cat\/grao\/2014\/06\/12\/felic-onomastica-misericordia\/#primaryimage","url":"https:\/\/diarieducacio.cat\/grao\/wp-content\/uploads\/sites\/31\/2014\/05\/ullsnena2.jpg","contentUrl":"https:\/\/diarieducacio.cat\/grao\/wp-content\/uploads\/sites\/31\/2014\/05\/ullsnena2.jpg","width":764,"height":706,"caption":"Amb ulls de nena (p,57)"},{"@type":"BreadcrumbList","@id":"https:\/\/diarieducacio.cat\/grao\/2014\/06\/12\/felic-onomastica-misericordia\/#breadcrumb","itemListElement":[{"@type":"ListItem","position":1,"name":"Inici","item":"https:\/\/diarieducacio.cat\/grao\/"},{"@type":"ListItem","position":2,"name":"Feli\u00e7 onom\u00e0stica, Miseric\u00f2rdia!"}]},{"@type":"WebSite","@id":"https:\/\/diarieducacio.cat\/grao\/#website","url":"https:\/\/diarieducacio.cat\/grao\/","name":"L'escola gra\u00f3 a gra\u00f3","description":"Un blog de El Diari de l&#039;Educaci\u00f3","potentialAction":[{"@type":"SearchAction","target":{"@type":"EntryPoint","urlTemplate":"https:\/\/diarieducacio.cat\/grao\/?s={search_term_string}"},"query-input":{"@type":"PropertyValueSpecification","valueRequired":true,"valueName":"search_term_string"}}],"inLanguage":"ca"},{"@type":"Person","@id":"https:\/\/diarieducacio.cat\/grao\/#\/schema\/person\/a89866f85ca26d689535886205b8a995","name":"Frato - Amparo Tom\u00e9 - Francesco Tonucci","image":{"@type":"ImageObject","inLanguage":"ca","@id":"https:\/\/secure.gravatar.com\/avatar\/2a1505197f176e2250385835cc84a1181f5ea6549fc8f1e93017118ac3fa7a3c?s=96&d=mm&r=g","url":"https:\/\/secure.gravatar.com\/avatar\/2a1505197f176e2250385835cc84a1181f5ea6549fc8f1e93017118ac3fa7a3c?s=96&d=mm&r=g","contentUrl":"https:\/\/secure.gravatar.com\/avatar\/2a1505197f176e2250385835cc84a1181f5ea6549fc8f1e93017118ac3fa7a3c?s=96&d=mm&r=g","caption":"Frato - Amparo Tom\u00e9 - Francesco Tonucci"},"sameAs":["https:\/\/x.com\/ecortesmau"],"url":"https:\/\/diarieducacio.cat\/grao\/author\/fatonucci\/"}]}},"_links":{"self":[{"href":"https:\/\/diarieducacio.cat\/grao\/wp-json\/wp\/v2\/posts\/153","targetHints":{"allow":["GET"]}}],"collection":[{"href":"https:\/\/diarieducacio.cat\/grao\/wp-json\/wp\/v2\/posts"}],"about":[{"href":"https:\/\/diarieducacio.cat\/grao\/wp-json\/wp\/v2\/types\/post"}],"author":[{"embeddable":true,"href":"https:\/\/diarieducacio.cat\/grao\/wp-json\/wp\/v2\/users\/526"}],"replies":[{"embeddable":true,"href":"https:\/\/diarieducacio.cat\/grao\/wp-json\/wp\/v2\/comments?post=153"}],"version-history":[{"count":1,"href":"https:\/\/diarieducacio.cat\/grao\/wp-json\/wp\/v2\/posts\/153\/revisions"}],"predecessor-version":[{"id":6160,"href":"https:\/\/diarieducacio.cat\/grao\/wp-json\/wp\/v2\/posts\/153\/revisions\/6160"}],"wp:featuredmedia":[{"embeddable":true,"href":"https:\/\/diarieducacio.cat\/grao\/wp-json\/wp\/v2\/media\/1810"}],"wp:attachment":[{"href":"https:\/\/diarieducacio.cat\/grao\/wp-json\/wp\/v2\/media?parent=153"}],"wp:term":[{"taxonomy":"category","embeddable":true,"href":"https:\/\/diarieducacio.cat\/grao\/wp-json\/wp\/v2\/categories?post=153"},{"taxonomy":"post_tag","embeddable":true,"href":"https:\/\/diarieducacio.cat\/grao\/wp-json\/wp\/v2\/tags?post=153"},{"taxonomy":"tipo","embeddable":true,"href":"https:\/\/diarieducacio.cat\/grao\/wp-json\/wp\/v2\/tipo?post=153"}],"curies":[{"name":"wp","href":"https:\/\/api.w.org\/{rel}","templated":true}]}}