{"id":1567,"date":"2017-02-03T06:00:38","date_gmt":"2017-02-03T06:00:38","guid":{"rendered":"https:\/\/diarieducacio.cat\/grao\/?p=1567"},"modified":"2024-05-13T18:30:24","modified_gmt":"2024-05-13T16:30:24","slug":"comunicacio-oral-questio-dactitud","status":"publish","type":"post","link":"https:\/\/diarieducacio.cat\/grao\/2017\/02\/03\/comunicacio-oral-questio-dactitud\/","title":{"rendered":"Comunicaci\u00f3 oral: una q\u00fcesti\u00f3 d&#8217;actitud"},"content":{"rendered":"<p>Les actituds tenen un paper protagonista en la consecuci\u00f3 dels objectius de comunicaci\u00f3. Es manifesten de manera ineludible a trav\u00e9s de nombrosos indicis de la comunicaci\u00f3 oral: la mirada, els gestos, el to de la veu o l\u2019estil del llenguatge&#8230; Una actitud \u00e9s un estat intern de predisposici\u00f3 per actuar d\u2019una\u00a0manera determinada davant d\u2019un fenomen o d\u2019un fet.<\/p>\n<p>El comportament verbal d\u2019una persona mostra moltes actituds envers un munt de fets de la realitat, algunes de les quals, que podr\u00edem denominar positives i obertes, afavoreixen enormement la\u00a0comunicaci\u00f3. Les actituds en sentit contrari solen ser defensives o agressives i responen sovint a prejudicis poc fonamentats.<\/p>\n<p>A tall\u00a0d\u2019exemple, una percepci\u00f3 err\u00f2nia i negativa relacionada amb l\u2019orat\u00f2ria \u00e9s considerar aconsellables certes actituds que, en realitat, s\u00f3n molt poc comunicatives. Per exemple, si b\u00e9 \u00e9s cert que cal mostrar seguretat per parlar davant d\u2019un grup, no per aix\u00f2 conv\u00e9 ser o mostrar-se arrogant. L\u2019arrog\u00e0ncia \u00e9s una seguretat excessiva que ens tanca al di\u00e0leg, que impedeix comprendre i valorar punts de vista diferents del nostre.<\/p>\n<p>El\u00a0quadre adjunt defineix de manera sint\u00e8tica les <strong>actituds que afavoreixen una comunicaci\u00f3 de qualitat<\/strong>.<\/p>\n<p><a href=\"https:\/\/nostalgic-ishizaka.82-223-1-47.plesk.page\/grao\/wp-content\/uploads\/sites\/31\/2017\/01\/taula.png\"><img fetchpriority=\"high\" decoding=\"async\" class=\"aligncenter size-full wp-image-1569\" src=\"https:\/\/nostalgic-ishizaka.82-223-1-47.plesk.page\/grao\/wp-content\/uploads\/sites\/31\/2017\/01\/taula.png\" alt=\"taula\" width=\"650\" height=\"313\" \/><\/a><\/p>\n<p><strong>Font:<\/strong> G. SANZ PINYOL (2005), <em>Comunicaci\u00f3 efectiva a l\u2019aula<\/em>, Barcelona, Gra\u00f3, p. 24-25. Clic <strong><a href=\"http:\/\/www.grao.com\/llibres\/comunicacio-efectiva-a-l-aula\">aqu\u00ed<\/a><\/strong>.<\/p>\n","protected":false},"excerpt":{"rendered":"<p>Mostrar-se natural, obert i flexible ajuda a establir una relaci\u00f3 cordial i de confian\u00e7a amb els alumnes i millora la predisposici\u00f3 a l\u2019escolta a clase<\/p>\n","protected":false},"author":524,"featured_media":0,"comment_status":"open","ping_status":"open","sticky":false,"template":"","format":"standard","meta":{"footnotes":""},"categories":[127,112,163,206],"tags":[125,199,97],"tipo":[],"class_list":{"0":"post-1567","1":"post","2":"type-post","3":"status-publish","4":"format-standard","6":"category-comunicacio-no-verbal","7":"category-didactica-de-la-llengua","8":"category-estrategies-densenyament-aprenentatge","9":"category-habilitats-comunicatives","10":"tag-comunicacio","11":"tag-escola","12":"tag-grao"},"yoast_head":"<!-- This site is optimized with the Yoast SEO plugin v27.5 - https:\/\/yoast.com\/product\/yoast-seo-wordpress\/ -->\n<title>Comunicaci\u00f3 oral: una q\u00fcesti\u00f3 d&#039;actitud - L&#039;escola gra\u00f3 a gra\u00f3<\/title>\n<meta name=\"robots\" content=\"index, follow, max-snippet:-1, max-image-preview:large, max-video-preview:-1\" \/>\n<link rel=\"canonical\" href=\"https:\/\/diarieducacio.cat\/grao\/2017\/02\/03\/comunicacio-oral-questio-dactitud\/\" \/>\n<meta property=\"og:locale\" content=\"ca_ES\" \/>\n<meta property=\"og:type\" content=\"article\" \/>\n<meta property=\"og:title\" content=\"Comunicaci\u00f3 oral: una q\u00fcesti\u00f3 d&#039;actitud - L&#039;escola gra\u00f3 a gra\u00f3\" \/>\n<meta property=\"og:description\" content=\"Mostrar-se natural, obert i flexible ajuda a establir una relaci\u00f3 cordial i de confian\u00e7a amb els alumnes i millora la predisposici\u00f3 a l\u2019escolta a clase\" \/>\n<meta property=\"og:url\" content=\"https:\/\/diarieducacio.cat\/grao\/2017\/02\/03\/comunicacio-oral-questio-dactitud\/\" \/>\n<meta property=\"og:site_name\" content=\"L&#039;escola gra\u00f3 a gra\u00f3\" \/>\n<meta property=\"article:published_time\" content=\"2017-02-03T06:00:38+00:00\" \/>\n<meta property=\"article:modified_time\" content=\"2024-05-13T16:30:24+00:00\" \/>\n<meta property=\"og:image\" content=\"https:\/\/diarieducacio.cat\/grao\/wp-content\/uploads\/sites\/31\/2023\/07\/24859.jpg\" \/>\n\t<meta property=\"og:image:width\" content=\"844\" \/>\n\t<meta property=\"og:image:height\" content=\"475\" \/>\n\t<meta property=\"og:image:type\" content=\"image\/jpeg\" \/>\n<meta name=\"author\" content=\"Redacci\u00f3 - Editorial Gra\u00f3\" \/>\n<meta name=\"twitter:card\" content=\"summary_large_image\" \/>\n<meta name=\"twitter:label1\" content=\"Escrit per\" \/>\n\t<meta name=\"twitter:data1\" content=\"Redacci\u00f3 - Editorial Gra\u00f3\" \/>\n\t<meta name=\"twitter:label2\" content=\"Temps estimat de lectura\" \/>\n\t<meta name=\"twitter:data2\" content=\"1 minut\" \/>\n<script type=\"application\/ld+json\" class=\"yoast-schema-graph\">{\"@context\":\"https:\\\/\\\/schema.org\",\"@graph\":[{\"@type\":\"Article\",\"@id\":\"https:\\\/\\\/diarieducacio.cat\\\/grao\\\/2017\\\/02\\\/03\\\/comunicacio-oral-questio-dactitud\\\/#article\",\"isPartOf\":{\"@id\":\"https:\\\/\\\/diarieducacio.cat\\\/grao\\\/2017\\\/02\\\/03\\\/comunicacio-oral-questio-dactitud\\\/\"},\"author\":{\"name\":\"Redacci\u00f3 - Editorial Gra\u00f3\",\"@id\":\"https:\\\/\\\/diarieducacio.cat\\\/grao\\\/#\\\/schema\\\/person\\\/131fe889ba50cb4a8381cabc75beb3ff\"},\"headline\":\"Comunicaci\u00f3 oral: una q\u00fcesti\u00f3 d&#8217;actitud\",\"datePublished\":\"2017-02-03T06:00:38+00:00\",\"dateModified\":\"2024-05-13T16:30:24+00:00\",\"mainEntityOfPage\":{\"@id\":\"https:\\\/\\\/diarieducacio.cat\\\/grao\\\/2017\\\/02\\\/03\\\/comunicacio-oral-questio-dactitud\\\/\"},\"wordCount\":227,\"commentCount\":0,\"image\":{\"@id\":\"https:\\\/\\\/diarieducacio.cat\\\/grao\\\/2017\\\/02\\\/03\\\/comunicacio-oral-questio-dactitud\\\/#primaryimage\"},\"thumbnailUrl\":\"https:\\\/\\\/nostalgic-ishizaka.82-223-1-47.plesk.page\\\/grao\\\/wp-content\\\/uploads\\\/sites\\\/31\\\/2017\\\/01\\\/taula.png\",\"keywords\":[\"Comunicaci\u00f3\",\"escola\",\"Gra\u00f3\"],\"articleSection\":[\"Comunicaci\u00f3 no verbal\",\"Did\u00e0ctica de la llengua\",\"Estrat\u00e8gies d'Ensenyament-Aprenentatge\",\"Habilitats comunicatives\"],\"inLanguage\":\"ca\",\"potentialAction\":[{\"@type\":\"CommentAction\",\"name\":\"Comment\",\"target\":[\"https:\\\/\\\/diarieducacio.cat\\\/grao\\\/2017\\\/02\\\/03\\\/comunicacio-oral-questio-dactitud\\\/#respond\"]}]},{\"@type\":\"WebPage\",\"@id\":\"https:\\\/\\\/diarieducacio.cat\\\/grao\\\/2017\\\/02\\\/03\\\/comunicacio-oral-questio-dactitud\\\/\",\"url\":\"https:\\\/\\\/diarieducacio.cat\\\/grao\\\/2017\\\/02\\\/03\\\/comunicacio-oral-questio-dactitud\\\/\",\"name\":\"Comunicaci\u00f3 oral: una q\u00fcesti\u00f3 d'actitud - L'escola gra\u00f3 a gra\u00f3\",\"isPartOf\":{\"@id\":\"https:\\\/\\\/diarieducacio.cat\\\/grao\\\/#website\"},\"primaryImageOfPage\":{\"@id\":\"https:\\\/\\\/diarieducacio.cat\\\/grao\\\/2017\\\/02\\\/03\\\/comunicacio-oral-questio-dactitud\\\/#primaryimage\"},\"image\":{\"@id\":\"https:\\\/\\\/diarieducacio.cat\\\/grao\\\/2017\\\/02\\\/03\\\/comunicacio-oral-questio-dactitud\\\/#primaryimage\"},\"thumbnailUrl\":\"https:\\\/\\\/nostalgic-ishizaka.82-223-1-47.plesk.page\\\/grao\\\/wp-content\\\/uploads\\\/sites\\\/31\\\/2017\\\/01\\\/taula.png\",\"datePublished\":\"2017-02-03T06:00:38+00:00\",\"dateModified\":\"2024-05-13T16:30:24+00:00\",\"author\":{\"@id\":\"https:\\\/\\\/diarieducacio.cat\\\/grao\\\/#\\\/schema\\\/person\\\/131fe889ba50cb4a8381cabc75beb3ff\"},\"breadcrumb\":{\"@id\":\"https:\\\/\\\/diarieducacio.cat\\\/grao\\\/2017\\\/02\\\/03\\\/comunicacio-oral-questio-dactitud\\\/#breadcrumb\"},\"inLanguage\":\"ca\",\"potentialAction\":[{\"@type\":\"ReadAction\",\"target\":[\"https:\\\/\\\/diarieducacio.cat\\\/grao\\\/2017\\\/02\\\/03\\\/comunicacio-oral-questio-dactitud\\\/\"]}]},{\"@type\":\"ImageObject\",\"inLanguage\":\"ca\",\"@id\":\"https:\\\/\\\/diarieducacio.cat\\\/grao\\\/2017\\\/02\\\/03\\\/comunicacio-oral-questio-dactitud\\\/#primaryimage\",\"url\":\"https:\\\/\\\/nostalgic-ishizaka.82-223-1-47.plesk.page\\\/grao\\\/wp-content\\\/uploads\\\/sites\\\/31\\\/2017\\\/01\\\/taula.png\",\"contentUrl\":\"https:\\\/\\\/nostalgic-ishizaka.82-223-1-47.plesk.page\\\/grao\\\/wp-content\\\/uploads\\\/sites\\\/31\\\/2017\\\/01\\\/taula.png\"},{\"@type\":\"BreadcrumbList\",\"@id\":\"https:\\\/\\\/diarieducacio.cat\\\/grao\\\/2017\\\/02\\\/03\\\/comunicacio-oral-questio-dactitud\\\/#breadcrumb\",\"itemListElement\":[{\"@type\":\"ListItem\",\"position\":1,\"name\":\"Inici\",\"item\":\"https:\\\/\\\/diarieducacio.cat\\\/grao\\\/\"},{\"@type\":\"ListItem\",\"position\":2,\"name\":\"Comunicaci\u00f3 oral: una q\u00fcesti\u00f3 d&#8217;actitud\"}]},{\"@type\":\"WebSite\",\"@id\":\"https:\\\/\\\/diarieducacio.cat\\\/grao\\\/#website\",\"url\":\"https:\\\/\\\/diarieducacio.cat\\\/grao\\\/\",\"name\":\"L'escola gra\u00f3 a gra\u00f3\",\"description\":\"Un blog de El Diari de l&#039;Educaci\u00f3\",\"potentialAction\":[{\"@type\":\"SearchAction\",\"target\":{\"@type\":\"EntryPoint\",\"urlTemplate\":\"https:\\\/\\\/diarieducacio.cat\\\/grao\\\/?s={search_term_string}\"},\"query-input\":{\"@type\":\"PropertyValueSpecification\",\"valueRequired\":true,\"valueName\":\"search_term_string\"}}],\"inLanguage\":\"ca\"},{\"@type\":\"Person\",\"@id\":\"https:\\\/\\\/diarieducacio.cat\\\/grao\\\/#\\\/schema\\\/person\\\/131fe889ba50cb4a8381cabc75beb3ff\",\"name\":\"Redacci\u00f3 - Editorial Gra\u00f3\",\"image\":{\"@type\":\"ImageObject\",\"inLanguage\":\"ca\",\"@id\":\"https:\\\/\\\/secure.gravatar.com\\\/avatar\\\/9d8b5293e92495f73d6f062cfac5de13f5a8355a89caf901edc1274d5640ad66?s=96&d=mm&r=g\",\"url\":\"https:\\\/\\\/secure.gravatar.com\\\/avatar\\\/9d8b5293e92495f73d6f062cfac5de13f5a8355a89caf901edc1274d5640ad66?s=96&d=mm&r=g\",\"contentUrl\":\"https:\\\/\\\/secure.gravatar.com\\\/avatar\\\/9d8b5293e92495f73d6f062cfac5de13f5a8355a89caf901edc1274d5640ad66?s=96&d=mm&r=g\",\"caption\":\"Redacci\u00f3 - Editorial Gra\u00f3\"},\"url\":\"https:\\\/\\\/diarieducacio.cat\\\/grao\\\/author\\\/emoreno\\\/\"}]}<\/script>\n<!-- \/ Yoast SEO plugin. -->","yoast_head_json":{"title":"Comunicaci\u00f3 oral: una q\u00fcesti\u00f3 d'actitud - L'escola gra\u00f3 a gra\u00f3","robots":{"index":"index","follow":"follow","max-snippet":"max-snippet:-1","max-image-preview":"max-image-preview:large","max-video-preview":"max-video-preview:-1"},"canonical":"https:\/\/diarieducacio.cat\/grao\/2017\/02\/03\/comunicacio-oral-questio-dactitud\/","og_locale":"ca_ES","og_type":"article","og_title":"Comunicaci\u00f3 oral: una q\u00fcesti\u00f3 d'actitud - L'escola gra\u00f3 a gra\u00f3","og_description":"Mostrar-se natural, obert i flexible ajuda a establir una relaci\u00f3 cordial i de confian\u00e7a amb els alumnes i millora la predisposici\u00f3 a l\u2019escolta a clase","og_url":"https:\/\/diarieducacio.cat\/grao\/2017\/02\/03\/comunicacio-oral-questio-dactitud\/","og_site_name":"L'escola gra\u00f3 a gra\u00f3","article_published_time":"2017-02-03T06:00:38+00:00","article_modified_time":"2024-05-13T16:30:24+00:00","og_image":[{"width":844,"height":475,"url":"https:\/\/diarieducacio.cat\/grao\/wp-content\/uploads\/sites\/31\/2023\/07\/24859.jpg","type":"image\/jpeg"}],"author":"Redacci\u00f3 - Editorial Gra\u00f3","twitter_card":"summary_large_image","twitter_misc":{"Escrit per":"Redacci\u00f3 - Editorial Gra\u00f3","Temps estimat de lectura":"1 minut"},"schema":{"@context":"https:\/\/schema.org","@graph":[{"@type":"Article","@id":"https:\/\/diarieducacio.cat\/grao\/2017\/02\/03\/comunicacio-oral-questio-dactitud\/#article","isPartOf":{"@id":"https:\/\/diarieducacio.cat\/grao\/2017\/02\/03\/comunicacio-oral-questio-dactitud\/"},"author":{"name":"Redacci\u00f3 - Editorial Gra\u00f3","@id":"https:\/\/diarieducacio.cat\/grao\/#\/schema\/person\/131fe889ba50cb4a8381cabc75beb3ff"},"headline":"Comunicaci\u00f3 oral: una q\u00fcesti\u00f3 d&#8217;actitud","datePublished":"2017-02-03T06:00:38+00:00","dateModified":"2024-05-13T16:30:24+00:00","mainEntityOfPage":{"@id":"https:\/\/diarieducacio.cat\/grao\/2017\/02\/03\/comunicacio-oral-questio-dactitud\/"},"wordCount":227,"commentCount":0,"image":{"@id":"https:\/\/diarieducacio.cat\/grao\/2017\/02\/03\/comunicacio-oral-questio-dactitud\/#primaryimage"},"thumbnailUrl":"https:\/\/nostalgic-ishizaka.82-223-1-47.plesk.page\/grao\/wp-content\/uploads\/sites\/31\/2017\/01\/taula.png","keywords":["Comunicaci\u00f3","escola","Gra\u00f3"],"articleSection":["Comunicaci\u00f3 no verbal","Did\u00e0ctica de la llengua","Estrat\u00e8gies d'Ensenyament-Aprenentatge","Habilitats comunicatives"],"inLanguage":"ca","potentialAction":[{"@type":"CommentAction","name":"Comment","target":["https:\/\/diarieducacio.cat\/grao\/2017\/02\/03\/comunicacio-oral-questio-dactitud\/#respond"]}]},{"@type":"WebPage","@id":"https:\/\/diarieducacio.cat\/grao\/2017\/02\/03\/comunicacio-oral-questio-dactitud\/","url":"https:\/\/diarieducacio.cat\/grao\/2017\/02\/03\/comunicacio-oral-questio-dactitud\/","name":"Comunicaci\u00f3 oral: una q\u00fcesti\u00f3 d'actitud - L'escola gra\u00f3 a gra\u00f3","isPartOf":{"@id":"https:\/\/diarieducacio.cat\/grao\/#website"},"primaryImageOfPage":{"@id":"https:\/\/diarieducacio.cat\/grao\/2017\/02\/03\/comunicacio-oral-questio-dactitud\/#primaryimage"},"image":{"@id":"https:\/\/diarieducacio.cat\/grao\/2017\/02\/03\/comunicacio-oral-questio-dactitud\/#primaryimage"},"thumbnailUrl":"https:\/\/nostalgic-ishizaka.82-223-1-47.plesk.page\/grao\/wp-content\/uploads\/sites\/31\/2017\/01\/taula.png","datePublished":"2017-02-03T06:00:38+00:00","dateModified":"2024-05-13T16:30:24+00:00","author":{"@id":"https:\/\/diarieducacio.cat\/grao\/#\/schema\/person\/131fe889ba50cb4a8381cabc75beb3ff"},"breadcrumb":{"@id":"https:\/\/diarieducacio.cat\/grao\/2017\/02\/03\/comunicacio-oral-questio-dactitud\/#breadcrumb"},"inLanguage":"ca","potentialAction":[{"@type":"ReadAction","target":["https:\/\/diarieducacio.cat\/grao\/2017\/02\/03\/comunicacio-oral-questio-dactitud\/"]}]},{"@type":"ImageObject","inLanguage":"ca","@id":"https:\/\/diarieducacio.cat\/grao\/2017\/02\/03\/comunicacio-oral-questio-dactitud\/#primaryimage","url":"https:\/\/nostalgic-ishizaka.82-223-1-47.plesk.page\/grao\/wp-content\/uploads\/sites\/31\/2017\/01\/taula.png","contentUrl":"https:\/\/nostalgic-ishizaka.82-223-1-47.plesk.page\/grao\/wp-content\/uploads\/sites\/31\/2017\/01\/taula.png"},{"@type":"BreadcrumbList","@id":"https:\/\/diarieducacio.cat\/grao\/2017\/02\/03\/comunicacio-oral-questio-dactitud\/#breadcrumb","itemListElement":[{"@type":"ListItem","position":1,"name":"Inici","item":"https:\/\/diarieducacio.cat\/grao\/"},{"@type":"ListItem","position":2,"name":"Comunicaci\u00f3 oral: una q\u00fcesti\u00f3 d&#8217;actitud"}]},{"@type":"WebSite","@id":"https:\/\/diarieducacio.cat\/grao\/#website","url":"https:\/\/diarieducacio.cat\/grao\/","name":"L'escola gra\u00f3 a gra\u00f3","description":"Un blog de El Diari de l&#039;Educaci\u00f3","potentialAction":[{"@type":"SearchAction","target":{"@type":"EntryPoint","urlTemplate":"https:\/\/diarieducacio.cat\/grao\/?s={search_term_string}"},"query-input":{"@type":"PropertyValueSpecification","valueRequired":true,"valueName":"search_term_string"}}],"inLanguage":"ca"},{"@type":"Person","@id":"https:\/\/diarieducacio.cat\/grao\/#\/schema\/person\/131fe889ba50cb4a8381cabc75beb3ff","name":"Redacci\u00f3 - Editorial Gra\u00f3","image":{"@type":"ImageObject","inLanguage":"ca","@id":"https:\/\/secure.gravatar.com\/avatar\/9d8b5293e92495f73d6f062cfac5de13f5a8355a89caf901edc1274d5640ad66?s=96&d=mm&r=g","url":"https:\/\/secure.gravatar.com\/avatar\/9d8b5293e92495f73d6f062cfac5de13f5a8355a89caf901edc1274d5640ad66?s=96&d=mm&r=g","contentUrl":"https:\/\/secure.gravatar.com\/avatar\/9d8b5293e92495f73d6f062cfac5de13f5a8355a89caf901edc1274d5640ad66?s=96&d=mm&r=g","caption":"Redacci\u00f3 - Editorial Gra\u00f3"},"url":"https:\/\/diarieducacio.cat\/grao\/author\/emoreno\/"}]}},"_links":{"self":[{"href":"https:\/\/diarieducacio.cat\/grao\/wp-json\/wp\/v2\/posts\/1567","targetHints":{"allow":["GET"]}}],"collection":[{"href":"https:\/\/diarieducacio.cat\/grao\/wp-json\/wp\/v2\/posts"}],"about":[{"href":"https:\/\/diarieducacio.cat\/grao\/wp-json\/wp\/v2\/types\/post"}],"author":[{"embeddable":true,"href":"https:\/\/diarieducacio.cat\/grao\/wp-json\/wp\/v2\/users\/524"}],"replies":[{"embeddable":true,"href":"https:\/\/diarieducacio.cat\/grao\/wp-json\/wp\/v2\/comments?post=1567"}],"version-history":[{"count":1,"href":"https:\/\/diarieducacio.cat\/grao\/wp-json\/wp\/v2\/posts\/1567\/revisions"}],"predecessor-version":[{"id":6284,"href":"https:\/\/diarieducacio.cat\/grao\/wp-json\/wp\/v2\/posts\/1567\/revisions\/6284"}],"wp:attachment":[{"href":"https:\/\/diarieducacio.cat\/grao\/wp-json\/wp\/v2\/media?parent=1567"}],"wp:term":[{"taxonomy":"category","embeddable":true,"href":"https:\/\/diarieducacio.cat\/grao\/wp-json\/wp\/v2\/categories?post=1567"},{"taxonomy":"post_tag","embeddable":true,"href":"https:\/\/diarieducacio.cat\/grao\/wp-json\/wp\/v2\/tags?post=1567"},{"taxonomy":"tipo","embeddable":true,"href":"https:\/\/diarieducacio.cat\/grao\/wp-json\/wp\/v2\/tipo?post=1567"}],"curies":[{"name":"wp","href":"https:\/\/api.w.org\/{rel}","templated":true}]}}