{"id":1663,"date":"2017-11-10T06:00:22","date_gmt":"2017-11-10T06:00:22","guid":{"rendered":"https:\/\/diarieducacio.cat\/grao\/?p=1663"},"modified":"2024-05-13T18:30:24","modified_gmt":"2024-05-13T16:30:24","slug":"crec-pedagogia-atrevida","status":"publish","type":"post","link":"https:\/\/diarieducacio.cat\/grao\/2017\/11\/10\/crec-pedagogia-atrevida\/","title":{"rendered":"Crec en una pedagogia atrevida"},"content":{"rendered":"<p>Una pedagogia atrevida<\/p>\n<p>no sap de rellotges, cron\u00f2metres ni programacions,<\/p>\n<p>perqu\u00e8 el seu temps \u00e9s el dels infants, el de cada infant.<\/p>\n<p>&nbsp;<\/p>\n<p>Una pedagogia atrevida<\/p>\n<p>busca i crea noves relacions amb el saber i amb el coneixement.<\/p>\n<p>Va i ve entre el pensar i el fer, entre el sentir i el dir.<\/p>\n<p>Es mou pel m\u00f3n cognitiu, pel m\u00f3n emocional, pel m\u00f3n social, pel m\u00f3n \u00e8tic,<\/p>\n<p>i els habita tots alhora.<\/p>\n<p>&nbsp;<\/p>\n<p>Una pedagogia atrevida<\/p>\n<p>sap i vol cedir poder,<\/p>\n<p>perqu\u00e8 sap que quan l\u2019infant es fa c\u00e0rrec dels seus processos d\u2019aprenentatge<\/p>\n<p>\u00e9s quan m\u00e9s i millor apr\u00e8n.<\/p>\n<p>&nbsp;<\/p>\n<p>Una pedagogia atrevida<\/p>\n<p>defuig de certeses en els resultats finals i les cerca en les causes que els motiven.<\/p>\n<p>No creu en receptes ni cerca solucions definitives, perqu\u00e8 no t\u00e9 respostes \u00faniques.<\/p>\n<p>&nbsp;<\/p>\n<p>Una pedagogia atrevida<\/p>\n<p>creu en el llibre que \u00e9s obert, inacabat,<\/p>\n<p>i no el dona per llegit, sin\u00f3 per llegir.<\/p>\n<p>&nbsp;<\/p>\n<p>Una pedagogia atrevida<\/p>\n<p>\u00e9s la que no t\u00e9 por de quedar-se o d\u2019anar m\u00e9s enll\u00e0 de la norma,<\/p>\n<p>perqu\u00e8 sap que l\u2019\u00fanic l\u00edmit \u00e9s el dels infants i el del seu creixement.<\/p>\n<p>&nbsp;<\/p>\n<p>Una pedagogia atrevida<\/p>\n<p>s\u2019escapa de la metodologia i t\u00e9 cura de les coses i de les formes.<\/p>\n<p>Defuig les modes i anhela el sentit d\u2019all\u00f2 que fa.<\/p>\n<p>&nbsp;<\/p>\n<p>Una pedagogia atrevida<\/p>\n<p>no t\u00e9 manual.<\/p>\n<p>A una pedagogia atrevida<\/p>\n<p>li plauen els adverbis.<\/p>\n<p>&nbsp;<\/p>\n<p>Una pedagogia atrevida<\/p>\n<p>no t\u00e9 por dels silencis, perqu\u00e8 sap esperar.<\/p>\n<p>&nbsp;<\/p>\n<p>Una pedagogia atrevida<\/p>\n<p>mou i traspassa els espais per fer de tot una aula.<\/p>\n<p>I, de l\u2019aula, una \u00e0gora on circulen paraules, silencis i esdeveniments.<\/p>\n<p>Una pedagogia atrevida<\/p>\n<p>diferencia el que \u00e9s interessant del que \u00e9s important<\/p>\n<p>i d\u00f3na temps a cadascun dels dos aspectes.<\/p>\n<p>&nbsp;<\/p>\n<p>Una pedagogia atrevida<\/p>\n<p>opta sempre pel m\u00e9s fr\u00e0gil,<\/p>\n<p>sigui quin sigui el seu moment,<\/p>\n<p>sigui quina sigui la seva fragilitat.<\/p>\n<p>&nbsp;<\/p>\n<p>Una pedagogia atrevida<\/p>\n<p>t\u00e9 sentit de l\u2019humor,<\/p>\n<p>perqu\u00e8 treballa des de l\u2019obertura i admet la contradicci\u00f3.<\/p>\n<p>&nbsp;<\/p>\n<p><strong>Font:<\/strong> Revista Guix n.438. Xarxa de suport entre centres educatius. Clic <strong><a href=\"http:\/\/www.grao.com\/revistes\/guix\/438-xarxa-de-suport-entre-centres-educatius\/crec-en-una-pedagogia-atrevida\" target=\"_blank\" rel=\"noopener\">aqu\u00ed<\/a>.<\/strong><\/p>\n","protected":false},"excerpt":{"rendered":"<p>Una pedagogia atrevida mira lluny en el temps, no t\u00e9 pressa, sap esperar. No ho vol tot ara, ni avui, ni tan sols dem\u00e0.<\/p>\n","protected":false},"author":560,"featured_media":1667,"comment_status":"open","ping_status":"open","sticky":false,"template":"","format":"standard","meta":{"footnotes":""},"categories":[158,284,121,115],"tags":[104,132,199,97,147],"tipo":[],"class_list":{"0":"post-1663","1":"post","2":"type-post","3":"status-publish","4":"format-standard","5":"has-post-thumbnail","7":"category-atencio-a-la-diversitat","8":"category-finalitats-de-leducacio","9":"category-qualitat-educativa","10":"category-reflexio","11":"tag-educacio-transformadora","12":"tag-educar","13":"tag-escola","14":"tag-grao","15":"tag-visio-del-mon"},"yoast_head":"<!-- This site is optimized with the Yoast SEO plugin v27.4 - https:\/\/yoast.com\/product\/yoast-seo-wordpress\/ -->\n<title>Crec en una pedagogia atrevida - L&#039;escola gra\u00f3 a gra\u00f3<\/title>\n<meta name=\"robots\" content=\"index, follow, max-snippet:-1, max-image-preview:large, max-video-preview:-1\" \/>\n<link rel=\"canonical\" href=\"https:\/\/diarieducacio.cat\/grao\/2017\/11\/10\/crec-pedagogia-atrevida\/\" \/>\n<meta property=\"og:locale\" content=\"ca_ES\" \/>\n<meta property=\"og:type\" content=\"article\" \/>\n<meta property=\"og:title\" content=\"Crec en una pedagogia atrevida - L&#039;escola gra\u00f3 a gra\u00f3\" \/>\n<meta property=\"og:description\" content=\"Una pedagogia atrevida mira lluny en el temps, no t\u00e9 pressa, sap esperar. No ho vol tot ara, ni avui, ni tan sols dem\u00e0.\" \/>\n<meta property=\"og:url\" content=\"https:\/\/diarieducacio.cat\/grao\/2017\/11\/10\/crec-pedagogia-atrevida\/\" \/>\n<meta property=\"og:site_name\" content=\"L&#039;escola gra\u00f3 a gra\u00f3\" \/>\n<meta property=\"article:published_time\" content=\"2017-11-10T06:00:22+00:00\" \/>\n<meta property=\"article:modified_time\" content=\"2024-05-13T16:30:24+00:00\" \/>\n<meta property=\"og:image\" content=\"https:\/\/diarieducacio.cat\/grao\/wp-content\/uploads\/sites\/31\/2017\/11\/Captura.jpg\" \/>\n\t<meta property=\"og:image:width\" content=\"1452\" \/>\n\t<meta property=\"og:image:height\" content=\"960\" \/>\n\t<meta property=\"og:image:type\" content=\"image\/jpeg\" \/>\n<meta name=\"author\" content=\"Jordi Canelles\" \/>\n<meta name=\"twitter:card\" content=\"summary_large_image\" \/>\n<meta name=\"twitter:label1\" content=\"Escrit per\" \/>\n\t<meta name=\"twitter:data1\" content=\"Jordi Canelles\" \/>\n\t<meta name=\"twitter:label2\" content=\"Temps estimat de lectura\" \/>\n\t<meta name=\"twitter:data2\" content=\"2 minuts\" \/>\n<script type=\"application\/ld+json\" class=\"yoast-schema-graph\">{\"@context\":\"https:\\\/\\\/schema.org\",\"@graph\":[{\"@type\":\"Article\",\"@id\":\"https:\\\/\\\/diarieducacio.cat\\\/grao\\\/2017\\\/11\\\/10\\\/crec-pedagogia-atrevida\\\/#article\",\"isPartOf\":{\"@id\":\"https:\\\/\\\/diarieducacio.cat\\\/grao\\\/2017\\\/11\\\/10\\\/crec-pedagogia-atrevida\\\/\"},\"author\":{\"name\":\"Jordi Canelles\",\"@id\":\"https:\\\/\\\/diarieducacio.cat\\\/grao\\\/#\\\/schema\\\/person\\\/b79674b6daf0767fc97b6547b51ac971\"},\"headline\":\"Crec en una pedagogia atrevida\",\"datePublished\":\"2017-11-10T06:00:22+00:00\",\"dateModified\":\"2024-05-13T16:30:24+00:00\",\"mainEntityOfPage\":{\"@id\":\"https:\\\/\\\/diarieducacio.cat\\\/grao\\\/2017\\\/11\\\/10\\\/crec-pedagogia-atrevida\\\/\"},\"wordCount\":365,\"commentCount\":0,\"image\":{\"@id\":\"https:\\\/\\\/diarieducacio.cat\\\/grao\\\/2017\\\/11\\\/10\\\/crec-pedagogia-atrevida\\\/#primaryimage\"},\"thumbnailUrl\":\"https:\\\/\\\/diarieducacio.cat\\\/grao\\\/wp-content\\\/uploads\\\/sites\\\/31\\\/2017\\\/11\\\/Captura.jpg\",\"keywords\":[\"educaci\u00f3 transformadora\",\"educar\",\"escola\",\"Gra\u00f3\",\"visi\u00f3 del m\u00f3n\"],\"articleSection\":[\"Atenci\u00f3 a la diversitat\",\"Finalitats de l'educaci\u00f3\",\"Qualitat educativa\",\"Reflexi\u00f3\"],\"inLanguage\":\"ca\",\"potentialAction\":[{\"@type\":\"CommentAction\",\"name\":\"Comment\",\"target\":[\"https:\\\/\\\/diarieducacio.cat\\\/grao\\\/2017\\\/11\\\/10\\\/crec-pedagogia-atrevida\\\/#respond\"]}]},{\"@type\":\"WebPage\",\"@id\":\"https:\\\/\\\/diarieducacio.cat\\\/grao\\\/2017\\\/11\\\/10\\\/crec-pedagogia-atrevida\\\/\",\"url\":\"https:\\\/\\\/diarieducacio.cat\\\/grao\\\/2017\\\/11\\\/10\\\/crec-pedagogia-atrevida\\\/\",\"name\":\"Crec en una pedagogia atrevida - L'escola gra\u00f3 a gra\u00f3\",\"isPartOf\":{\"@id\":\"https:\\\/\\\/diarieducacio.cat\\\/grao\\\/#website\"},\"primaryImageOfPage\":{\"@id\":\"https:\\\/\\\/diarieducacio.cat\\\/grao\\\/2017\\\/11\\\/10\\\/crec-pedagogia-atrevida\\\/#primaryimage\"},\"image\":{\"@id\":\"https:\\\/\\\/diarieducacio.cat\\\/grao\\\/2017\\\/11\\\/10\\\/crec-pedagogia-atrevida\\\/#primaryimage\"},\"thumbnailUrl\":\"https:\\\/\\\/diarieducacio.cat\\\/grao\\\/wp-content\\\/uploads\\\/sites\\\/31\\\/2017\\\/11\\\/Captura.jpg\",\"datePublished\":\"2017-11-10T06:00:22+00:00\",\"dateModified\":\"2024-05-13T16:30:24+00:00\",\"author\":{\"@id\":\"https:\\\/\\\/diarieducacio.cat\\\/grao\\\/#\\\/schema\\\/person\\\/b79674b6daf0767fc97b6547b51ac971\"},\"breadcrumb\":{\"@id\":\"https:\\\/\\\/diarieducacio.cat\\\/grao\\\/2017\\\/11\\\/10\\\/crec-pedagogia-atrevida\\\/#breadcrumb\"},\"inLanguage\":\"ca\",\"potentialAction\":[{\"@type\":\"ReadAction\",\"target\":[\"https:\\\/\\\/diarieducacio.cat\\\/grao\\\/2017\\\/11\\\/10\\\/crec-pedagogia-atrevida\\\/\"]}]},{\"@type\":\"ImageObject\",\"inLanguage\":\"ca\",\"@id\":\"https:\\\/\\\/diarieducacio.cat\\\/grao\\\/2017\\\/11\\\/10\\\/crec-pedagogia-atrevida\\\/#primaryimage\",\"url\":\"https:\\\/\\\/diarieducacio.cat\\\/grao\\\/wp-content\\\/uploads\\\/sites\\\/31\\\/2017\\\/11\\\/Captura.jpg\",\"contentUrl\":\"https:\\\/\\\/diarieducacio.cat\\\/grao\\\/wp-content\\\/uploads\\\/sites\\\/31\\\/2017\\\/11\\\/Captura.jpg\",\"width\":1452,\"height\":960},{\"@type\":\"BreadcrumbList\",\"@id\":\"https:\\\/\\\/diarieducacio.cat\\\/grao\\\/2017\\\/11\\\/10\\\/crec-pedagogia-atrevida\\\/#breadcrumb\",\"itemListElement\":[{\"@type\":\"ListItem\",\"position\":1,\"name\":\"Inici\",\"item\":\"https:\\\/\\\/diarieducacio.cat\\\/grao\\\/\"},{\"@type\":\"ListItem\",\"position\":2,\"name\":\"Crec en una pedagogia atrevida\"}]},{\"@type\":\"WebSite\",\"@id\":\"https:\\\/\\\/diarieducacio.cat\\\/grao\\\/#website\",\"url\":\"https:\\\/\\\/diarieducacio.cat\\\/grao\\\/\",\"name\":\"L'escola gra\u00f3 a gra\u00f3\",\"description\":\"Un blog de El Diari de l&#039;Educaci\u00f3\",\"potentialAction\":[{\"@type\":\"SearchAction\",\"target\":{\"@type\":\"EntryPoint\",\"urlTemplate\":\"https:\\\/\\\/diarieducacio.cat\\\/grao\\\/?s={search_term_string}\"},\"query-input\":{\"@type\":\"PropertyValueSpecification\",\"valueRequired\":true,\"valueName\":\"search_term_string\"}}],\"inLanguage\":\"ca\"},{\"@type\":\"Person\",\"@id\":\"https:\\\/\\\/diarieducacio.cat\\\/grao\\\/#\\\/schema\\\/person\\\/b79674b6daf0767fc97b6547b51ac971\",\"name\":\"Jordi Canelles\",\"image\":{\"@type\":\"ImageObject\",\"inLanguage\":\"ca\",\"@id\":\"https:\\\/\\\/secure.gravatar.com\\\/avatar\\\/dc39e23c86ad048c512e8aea87582285b310ae9699b0e11be4c1e4d6cb509d76?s=96&d=mm&r=g\",\"url\":\"https:\\\/\\\/secure.gravatar.com\\\/avatar\\\/dc39e23c86ad048c512e8aea87582285b310ae9699b0e11be4c1e4d6cb509d76?s=96&d=mm&r=g\",\"contentUrl\":\"https:\\\/\\\/secure.gravatar.com\\\/avatar\\\/dc39e23c86ad048c512e8aea87582285b310ae9699b0e11be4c1e4d6cb509d76?s=96&d=mm&r=g\",\"caption\":\"Jordi Canelles\"},\"url\":\"https:\\\/\\\/diarieducacio.cat\\\/grao\\\/author\\\/jcanelles\\\/\"}]}<\/script>\n<!-- \/ Yoast SEO plugin. -->","yoast_head_json":{"title":"Crec en una pedagogia atrevida - L'escola gra\u00f3 a gra\u00f3","robots":{"index":"index","follow":"follow","max-snippet":"max-snippet:-1","max-image-preview":"max-image-preview:large","max-video-preview":"max-video-preview:-1"},"canonical":"https:\/\/diarieducacio.cat\/grao\/2017\/11\/10\/crec-pedagogia-atrevida\/","og_locale":"ca_ES","og_type":"article","og_title":"Crec en una pedagogia atrevida - L'escola gra\u00f3 a gra\u00f3","og_description":"Una pedagogia atrevida mira lluny en el temps, no t\u00e9 pressa, sap esperar. No ho vol tot ara, ni avui, ni tan sols dem\u00e0.","og_url":"https:\/\/diarieducacio.cat\/grao\/2017\/11\/10\/crec-pedagogia-atrevida\/","og_site_name":"L'escola gra\u00f3 a gra\u00f3","article_published_time":"2017-11-10T06:00:22+00:00","article_modified_time":"2024-05-13T16:30:24+00:00","og_image":[{"width":1452,"height":960,"url":"https:\/\/diarieducacio.cat\/grao\/wp-content\/uploads\/sites\/31\/2017\/11\/Captura.jpg","type":"image\/jpeg"}],"author":"Jordi Canelles","twitter_card":"summary_large_image","twitter_misc":{"Escrit per":"Jordi Canelles","Temps estimat de lectura":"2 minuts"},"schema":{"@context":"https:\/\/schema.org","@graph":[{"@type":"Article","@id":"https:\/\/diarieducacio.cat\/grao\/2017\/11\/10\/crec-pedagogia-atrevida\/#article","isPartOf":{"@id":"https:\/\/diarieducacio.cat\/grao\/2017\/11\/10\/crec-pedagogia-atrevida\/"},"author":{"name":"Jordi Canelles","@id":"https:\/\/diarieducacio.cat\/grao\/#\/schema\/person\/b79674b6daf0767fc97b6547b51ac971"},"headline":"Crec en una pedagogia atrevida","datePublished":"2017-11-10T06:00:22+00:00","dateModified":"2024-05-13T16:30:24+00:00","mainEntityOfPage":{"@id":"https:\/\/diarieducacio.cat\/grao\/2017\/11\/10\/crec-pedagogia-atrevida\/"},"wordCount":365,"commentCount":0,"image":{"@id":"https:\/\/diarieducacio.cat\/grao\/2017\/11\/10\/crec-pedagogia-atrevida\/#primaryimage"},"thumbnailUrl":"https:\/\/diarieducacio.cat\/grao\/wp-content\/uploads\/sites\/31\/2017\/11\/Captura.jpg","keywords":["educaci\u00f3 transformadora","educar","escola","Gra\u00f3","visi\u00f3 del m\u00f3n"],"articleSection":["Atenci\u00f3 a la diversitat","Finalitats de l'educaci\u00f3","Qualitat educativa","Reflexi\u00f3"],"inLanguage":"ca","potentialAction":[{"@type":"CommentAction","name":"Comment","target":["https:\/\/diarieducacio.cat\/grao\/2017\/11\/10\/crec-pedagogia-atrevida\/#respond"]}]},{"@type":"WebPage","@id":"https:\/\/diarieducacio.cat\/grao\/2017\/11\/10\/crec-pedagogia-atrevida\/","url":"https:\/\/diarieducacio.cat\/grao\/2017\/11\/10\/crec-pedagogia-atrevida\/","name":"Crec en una pedagogia atrevida - L'escola gra\u00f3 a gra\u00f3","isPartOf":{"@id":"https:\/\/diarieducacio.cat\/grao\/#website"},"primaryImageOfPage":{"@id":"https:\/\/diarieducacio.cat\/grao\/2017\/11\/10\/crec-pedagogia-atrevida\/#primaryimage"},"image":{"@id":"https:\/\/diarieducacio.cat\/grao\/2017\/11\/10\/crec-pedagogia-atrevida\/#primaryimage"},"thumbnailUrl":"https:\/\/diarieducacio.cat\/grao\/wp-content\/uploads\/sites\/31\/2017\/11\/Captura.jpg","datePublished":"2017-11-10T06:00:22+00:00","dateModified":"2024-05-13T16:30:24+00:00","author":{"@id":"https:\/\/diarieducacio.cat\/grao\/#\/schema\/person\/b79674b6daf0767fc97b6547b51ac971"},"breadcrumb":{"@id":"https:\/\/diarieducacio.cat\/grao\/2017\/11\/10\/crec-pedagogia-atrevida\/#breadcrumb"},"inLanguage":"ca","potentialAction":[{"@type":"ReadAction","target":["https:\/\/diarieducacio.cat\/grao\/2017\/11\/10\/crec-pedagogia-atrevida\/"]}]},{"@type":"ImageObject","inLanguage":"ca","@id":"https:\/\/diarieducacio.cat\/grao\/2017\/11\/10\/crec-pedagogia-atrevida\/#primaryimage","url":"https:\/\/diarieducacio.cat\/grao\/wp-content\/uploads\/sites\/31\/2017\/11\/Captura.jpg","contentUrl":"https:\/\/diarieducacio.cat\/grao\/wp-content\/uploads\/sites\/31\/2017\/11\/Captura.jpg","width":1452,"height":960},{"@type":"BreadcrumbList","@id":"https:\/\/diarieducacio.cat\/grao\/2017\/11\/10\/crec-pedagogia-atrevida\/#breadcrumb","itemListElement":[{"@type":"ListItem","position":1,"name":"Inici","item":"https:\/\/diarieducacio.cat\/grao\/"},{"@type":"ListItem","position":2,"name":"Crec en una pedagogia atrevida"}]},{"@type":"WebSite","@id":"https:\/\/diarieducacio.cat\/grao\/#website","url":"https:\/\/diarieducacio.cat\/grao\/","name":"L'escola gra\u00f3 a gra\u00f3","description":"Un blog de El Diari de l&#039;Educaci\u00f3","potentialAction":[{"@type":"SearchAction","target":{"@type":"EntryPoint","urlTemplate":"https:\/\/diarieducacio.cat\/grao\/?s={search_term_string}"},"query-input":{"@type":"PropertyValueSpecification","valueRequired":true,"valueName":"search_term_string"}}],"inLanguage":"ca"},{"@type":"Person","@id":"https:\/\/diarieducacio.cat\/grao\/#\/schema\/person\/b79674b6daf0767fc97b6547b51ac971","name":"Jordi Canelles","image":{"@type":"ImageObject","inLanguage":"ca","@id":"https:\/\/secure.gravatar.com\/avatar\/dc39e23c86ad048c512e8aea87582285b310ae9699b0e11be4c1e4d6cb509d76?s=96&d=mm&r=g","url":"https:\/\/secure.gravatar.com\/avatar\/dc39e23c86ad048c512e8aea87582285b310ae9699b0e11be4c1e4d6cb509d76?s=96&d=mm&r=g","contentUrl":"https:\/\/secure.gravatar.com\/avatar\/dc39e23c86ad048c512e8aea87582285b310ae9699b0e11be4c1e4d6cb509d76?s=96&d=mm&r=g","caption":"Jordi Canelles"},"url":"https:\/\/diarieducacio.cat\/grao\/author\/jcanelles\/"}]}},"_links":{"self":[{"href":"https:\/\/diarieducacio.cat\/grao\/wp-json\/wp\/v2\/posts\/1663","targetHints":{"allow":["GET"]}}],"collection":[{"href":"https:\/\/diarieducacio.cat\/grao\/wp-json\/wp\/v2\/posts"}],"about":[{"href":"https:\/\/diarieducacio.cat\/grao\/wp-json\/wp\/v2\/types\/post"}],"author":[{"embeddable":true,"href":"https:\/\/diarieducacio.cat\/grao\/wp-json\/wp\/v2\/users\/560"}],"replies":[{"embeddable":true,"href":"https:\/\/diarieducacio.cat\/grao\/wp-json\/wp\/v2\/comments?post=1663"}],"version-history":[{"count":1,"href":"https:\/\/diarieducacio.cat\/grao\/wp-json\/wp\/v2\/posts\/1663\/revisions"}],"predecessor-version":[{"id":6289,"href":"https:\/\/diarieducacio.cat\/grao\/wp-json\/wp\/v2\/posts\/1663\/revisions\/6289"}],"wp:featuredmedia":[{"embeddable":true,"href":"https:\/\/diarieducacio.cat\/grao\/wp-json\/wp\/v2\/media\/1667"}],"wp:attachment":[{"href":"https:\/\/diarieducacio.cat\/grao\/wp-json\/wp\/v2\/media?parent=1663"}],"wp:term":[{"taxonomy":"category","embeddable":true,"href":"https:\/\/diarieducacio.cat\/grao\/wp-json\/wp\/v2\/categories?post=1663"},{"taxonomy":"post_tag","embeddable":true,"href":"https:\/\/diarieducacio.cat\/grao\/wp-json\/wp\/v2\/tags?post=1663"},{"taxonomy":"tipo","embeddable":true,"href":"https:\/\/diarieducacio.cat\/grao\/wp-json\/wp\/v2\/tipo?post=1663"}],"curies":[{"name":"wp","href":"https:\/\/api.w.org\/{rel}","templated":true}]}}